{"id":82455,"date":"2025-09-29T12:54:47","date_gmt":"2025-09-29T10:54:47","guid":{"rendered":"https:\/\/progettotouring.it\/radiotouring104\/?p=82455"},"modified":"2025-09-29T12:55:11","modified_gmt":"2025-09-29T10:55:11","slug":"morano-calabro-al-via-i-nuovi-corsi-della-scuola-di-ospitalita-abitare-altrove","status":"publish","type":"post","link":"https:\/\/progettotouring.it\/radiotouring104\/2025\/09\/29\/morano-calabro-al-via-i-nuovi-corsi-della-scuola-di-ospitalita-abitare-altrove\/","title":{"rendered":"Morano Calabro: al via i nuovi corsi della\u00a0Scuola di Ospitalit\u00e0 \u201cAbitare Altrove\u201d"},"content":{"rendered":"<div>\n<p><span style=\"font-family: tahoma, sans-serif\">Un borgo che si fa laboratorio, dove la bellezza del luogo, la sua storia e la vita che scorre lenta tra le vie del paese si intrecciano con la vivacit\u00e0 della progettazione, le voci curiose di chi partecipa e le opportunit\u00e0 costruite con visione e impegno dal Comune. \u00c8 questa l\u2019immagine che oggi restituisce Morano Calabro, nel cuore del Parco del Pollino, in provincia di Cosenza, grazie a due Accademie nate ai fondi del PNRR: la\u00a0<b>Scuola di Ospitalit\u00e0<\/b>\u00a0e la\u00a0<b>Scuola di Restauro e Valorizzazione dei beni storici e culturali<\/b>.<\/span><\/p>\n<p><span style=\"font-family: tahoma, sans-serif\">La\u00a0<b>Scuola di Ospitalit\u00e0 \u201cAbitare Altrove\u201d<\/b>, attivata attraverso l\u2019intervento\u00a0\u201cAttrattivit\u00e0 dei borghi\u201d, trasforma il piccolo centro montano in un ambiente dinamico dove si sperimenta un turismo autentico e un\u2019accoglienza diffusa.<br \/>\nQui operatori, aspiranti professionisti del settore e nuovi imprenditori trovano l\u2019occasione per acquisire competenze concrete e qualificanti, contribuendo al tempo stesso a rafforzare il legame tra comunit\u00e0 e territorio.<\/span><\/p>\n<p><span style=\"font-family: tahoma, sans-serif\">Promossa all\u2019interno del programma\u00a0<b><i>Ri_abitare Morano<\/i><\/b>, esperienza di rigenerazione che unisce formazione, valorizzazione del patrimonio e rilancio economico, la scuola si pone un obiettivo ambizioso:\u00a0<b>creare un modello formativo innovativo<\/b>, capace di intrecciare competenze tecniche e sensibilit\u00e0 sociale, in cui il territorio stesso diventa aula e la collettivit\u00e0 si fa protagonista.<\/span><\/p>\n<p><span style=\"font-family: tahoma, sans-serif\">La Scuola di Ospitalit\u00e0 mira, infatti, a formare professionisti in grado di progettare un\u2019offerta integrata di accoglienza, capace di dar valore al territorio e di mettere, al tempo stesso, il turista al centro dell\u2019esperienza.<span class=\"gmail-Apple-converted-space\">\u00a0<\/span><\/span><\/p>\n<p><span style=\"font-family: tahoma, sans-serif\">L\u2019obiettivo \u00e8 formare il discente come\u00a0<i>ambasciatore della destinazione<\/i>, capace di trasformare l\u2019identit\u00e0 del territorio in attrattivit\u00e0 turistica, coniugando la tutela di ambiente, tradizioni e patrimonio culturale con la visione imprenditoriale indispensabile alla sostenibilit\u00e0 dello sviluppo territoriale.<\/span><\/p>\n<p><span style=\"font-family: tahoma, sans-serif\">I percorsi formativi previsti si articolano in\u00a0<b>tre aree fondamentali<\/b>: progettazione di percorsi e servizi turistici, social e web marketing per la promozione online, e gestione della ricettivit\u00e0 turistica. Una proposta didattica strutturata, pensata per rispondere con efficacia alle nuove sfide del settore e generare impatto reale anche in loco.<\/span><\/p>\n<p><span style=\"font-family: tahoma, sans-serif\">Il primo corso della Scuola di Ospitalit\u00e0, attivato lo scorso marzo e concluso a giugno, ha rappresentato l\u2019avvio concreto del progetto. Il ciclo di studio,<span class=\"gmail-Apple-converted-space\">\u00a0\u00a0<\/span>ha intrecciato contenuti teorici e attivit\u00e0 sul campo, spaziando dalla normativa di settore all\u2019analisi dei dati per prevedere le tendenze future, fino alla progettazione di eventi attrattivi e al branding territoriale. In questo contesto, Morano Calabro si \u00e8 trasformato in una vera e propria aula a cielo aperto: chiese, musei, castello e vie storiche non sono stati semplici scenari, ma luoghi vivi di apprendimento e sperimentazione, rendendo il borgo parte integrante del processo formativo.<\/span><\/p>\n<p><span style=\"font-family: tahoma, sans-serif\">A spiegarne l\u2019impostazione \u00e8\u00a0<b>Sabrina Sicari<\/b>, direttrice della Scuola:\u00a0\u00abAbbiamo scelto un metodo didattico partecipativo, che affianca alla trasmissione di conoscenze, l\u2019elaborazione delle esperienze. I corsisti sono stati coinvolti in prima persona, diventando protagonisti del proprio personale percorso di apprendimento. I docenti non si sono limitati a sviluppare il programma formativo, ma hanno agito come facilitatori, incoraggiando vissuti, esperienze e proposte dei partecipanti e restituendo feedback costruttivi. In questo modo, sia il sapere dei docenti sia i contributi dei discenti sono diventati elementi di arricchimento reciproco e stimolo alla crescita del progetto complessivo di costruzione della meta turistica \u201cMorano calabro\u201d. \u00c8 proprio da questo approccio che stanno emergendo le prime idee imprenditoriali concrete, nate durante il corso stesso\u00bb.<span class=\"gmail-Apple-converted-space\">\u00a0<\/span><\/span><\/p>\n<p><span style=\"font-family: tahoma, sans-serif\">A integrare questa visione \u00e8\u00a0<b>Rosanna Anele<\/b>, responsabile dell\u2019intervento Ri_abitare Morano, (<a href=\"http:\/\/riabitaremorano.org\/\" target=\"_blank\" rel=\"noopener noreferrer\">riabitaremorano.org<\/a>) che evidenzia il valore sistemico dell\u2019iniziativa.\u00a0\u00abQuesti percorsi formativi \u2013 spiega \u2013 sono tasselli di un progetto pi\u00f9 ampio di rigenerazione urbana. Servono a sensibilizzare la comunit\u00e0, a riconoscere il valore dei beni storici e culturali e a trasformarli in opportunit\u00e0. La Scuola di Ospitalit\u00e0 \u00e8 finalizzata a fornire strumenti concreti agli operatori economici del Comune di Morano \u2013 continua \u2013 per migliorare la loro preparazione nell\u2019accogliere, raccontare e valorizzare il patrimonio locale in un\u2019ottica di riqualificazione, rigenerazione e rivitalizzazione del borgo, non solo dal punto di vista culturale, ma anche economico\u00bb.<\/span><\/p>\n<p><span style=\"font-family: tahoma, sans-serif\">Dopo la pausa estiva, la Scuola ha ripreso avvio, con il lancio di tre percorsi formativi.<\/span><\/p>\n<p><span style=\"font-family: tahoma, sans-serif\">Il primo a partire \u00e8 il \u201c<i>Revenue Management\u201d:\u00a0<\/i>tecniche e strumenti per l\u2019ottimizzazione dei ricavi di una struttura ricettiva attraverso l&#8217;analisi dei dati. Il corso,\u00a0<b>in calendario dal 25 settembre al 22 novembre 2025<\/b>\u00a0per un totale di 64 ore, sar\u00e0 guidato da\u00a0<b>Bruno Strati<\/b>, Revenue Manager, Imprenditore e Formatore.<\/span><\/p>\n<p><span style=\"font-family: tahoma, sans-serif\">Prender\u00e0 avvio dal\u00a0<b>06 ottobre al 14 ottobre 2025 il percorso\u00a0<\/b>\u201cAgenzia viaggi: come nasce, si crea e si gestisce\u201d della durata di 30 ore, tenuto dal docente Marco Borgese, hotel manager e formatore esperto in turismo e marketing territoriale.<\/span><\/p>\n<p><span style=\"font-family: tahoma, sans-serif\">Seguir\u00e0 dal 29 novembre 2025 al 10 gennaio 2026 il percorso della durata di 24 ore,\u00a0\u201cOspitalit\u00e0 Vincente: gestire l\u2019arrivo e la partenza\u201d. Il docente Bruno Strati affronter\u00e0 come gestire check-in e check-out trasformando queste fasi in momenti strategici per migliorare il rapporto con il cliente.<\/span><\/p>\n<p><span style=\"font-family: tahoma, sans-serif\">I corsi si svolgeranno in presenza presso lo straordinario Complesso di San Bernardino a Morano Calabro. La partecipazione \u00e8 gratuita ed \u00e8 aperta sia ai residenti del Comune, sia a chi proviene da altri territori.<\/span><\/p>\n<p><span style=\"font-family: tahoma, sans-serif\">Tre percorsi formativi dal taglio pratico, pensati per fornire competenze immediatamente applicabili sul campo.<\/span><\/p>\n<p><span style=\"font-family: tahoma, sans-serif\">Partecipare alla Scuola di Ospitalit\u00e0 significa entrare in una comunit\u00e0 di apprendimento che valorizza l\u2019identit\u00e0 del territorio, coniuga innovazione e tradizione, e forma figure professionali capaci di trasformare l\u2019accoglienza in un servizio di qualit\u00e0. \u00c8 un\u2019opportunit\u00e0 per chi desidera acquisire competenze tecnico-operative, sviluppare una visione imprenditoriale e contribuire alla promozione di Morano Calabro, ma non solo, come destinazione autentica e competitiva. La proposta formativa, inoltre, integra le pi\u00f9 recenti innovazioni nel campo della gestione turistica, offrendo ai partecipanti gli strumenti per migliorare l\u2019esperienza degli ospiti e l\u2019efficienza delle strutture ricettive.<\/span><\/p>\n<p><span style=\"font-family: tahoma, sans-serif\">A ribadire l\u2019importanza strategica dell\u2019iniziativa \u00e8 il Sindaco di Morano Calabro,\u00a0<b>Mario Donadio<\/b>, che sottolinea:\u00a0\u00abLa Scuola di Ospitalit\u00e0 \u00e8 un tassello fondamentale nella strategia di rilancio del nostro borgo e, pi\u00f9 in generale, della nostra regione. Rappresenta la possibilit\u00e0 di continuare a scrivere una controstoria: raccontare un\u2019altra Morano, un\u2019altra Calabria, capace di accogliere i visitatori con competenza e professionalit\u00e0. Con questa iniziativa \u2013 prosegue \u2013 stiamo contribuendo a creare una vera e propria mentalit\u00e0 turistica, una cultura dell\u2019accoglienza che non si limita ad attrarre, ma lo fa con qualit\u00e0. La Scuola ha un valore cruciale perch\u00e9 offre le basi necessarie per fornire informazioni corrette, costruire servizi all\u2019altezza e garantire un\u2019ospitalit\u00e0 diffusa e competente, che sappia valorizzare al meglio l\u2019esperienza di chi sceglie Morano\u00bb.<\/span><\/p>\n<p><span style=\"font-family: tahoma, sans-serif\">Dalla formazione alla nascita di nuove imprese, dal recupero delle tradizioni alla costruzione di un turismo sostenibile e competitivo, Morano Calabro si presenta quindi oggi come un modello virtuoso di rigenerazione culturale, sociale ed economica. Qui la formazione esce dall\u2019aula e si radica nel tessuto vivo della comunit\u00e0, trasformandosi in motore di futuro.<\/span><\/p>\n<p><span style=\"font-family: tahoma, sans-serif\"><b>Le iscrizioni sono aperte<\/b>, accedere alla pagina\u00a0<a href=\"https:\/\/riabitaremorano.org\/interventi\/progetto_scuola_ospitalita\/\" target=\"_blank\" rel=\"noopener noreferrer\">https:\/\/riabitaremorano.org\/interventi\/progetto_scuola_ospitalita\/<\/a>.<\/span><\/p>\n<p><span style=\"font-family: tahoma, sans-serif\"><b>Per informazioni e adesioni<\/b>, \u00e8 possibile contattare il coordinamento didattico all\u2019indirizzo\u00a0<a target=\"_self\"><b>moranoinformazione@gmail.com<\/b><\/a>\u00a0o al\u00a0<b>numero 345 3574735<\/b>.<\/span><\/p>\n<\/div>\n<div><\/div>\n","protected":false},"excerpt":{"rendered":"<p>Un borgo che si fa laboratorio, dove la bellezza del luogo, la sua storia e la vita che scorre lenta tra le vie del paese si intrecciano con la vivacit\u00e0&hellip;<\/p>\n","protected":false},"author":5,"featured_media":82456,"comment_status":"closed","ping_status":"open","sticky":false,"template":"","format":"standard","meta":{"_jetpack_memberships_contains_paid_content":false,"footnotes":"","jetpack_publicize_message":"","jetpack_publicize_feature_enabled":true,"jetpack_social_post_already_shared":true,"jetpack_social_options":{"image_generator_settings":{"template":"highway","default_image_id":0,"font":"","enabled":false},"version":2}},"categories":[142,921,196],"tags":[47855,7452,47854,47856],"class_list":["post-82455","post","type-post","status-publish","format-standard","has-post-thumbnail","hentry","category-calabria","category-home","category-news","tag-avvio-nuovi-corsi","tag-morano-calabro","tag-scuola-di-ospitalita-abitare-altrove","tag-scuola-di-restauro-e-valorizzazione-dei-beni-storici-e-culturali"],"yoast_head":"<!-- This site is optimized with the Yoast SEO plugin v27.2 - https:\/\/yoast.com\/product\/yoast-seo-wordpress\/ -->\n<title>Morano: al via i nuovi corsi della\u00a0Scuola \u201cAbitare Altrove\u201d<\/title>\n<meta name=\"description\" content=\"La Scuola di Ospitalit\u00e0 \u201cAbitare Altrove\u201d, trasforma il centro montano in un ambiente dove si sperimenta l\u2019accoglienza diffusa\" \/>\n<meta name=\"robots\" content=\"index, follow, max-snippet:-1, max-image-preview:large, max-video-preview:-1\" \/>\n<link rel=\"canonical\" href=\"https:\/\/progettotouring.it\/radiotouring104\/2025\/09\/29\/morano-calabro-al-via-i-nuovi-corsi-della-scuola-di-ospitalita-abitare-altrove\/\" \/>\n<meta property=\"og:locale\" content=\"it_IT\" \/>\n<meta property=\"og:type\" content=\"article\" \/>\n<meta property=\"og:title\" content=\"Morano: al via i nuovi corsi della\u00a0Scuola \u201cAbitare Altrove\u201d\" \/>\n<meta property=\"og:description\" content=\"La Scuola di Ospitalit\u00e0 \u201cAbitare Altrove\u201d, trasforma il centro montano in un ambiente dove si sperimenta l\u2019accoglienza diffusa\" \/>\n<meta property=\"og:url\" content=\"https:\/\/progettotouring.it\/radiotouring104\/2025\/09\/29\/morano-calabro-al-via-i-nuovi-corsi-della-scuola-di-ospitalita-abitare-altrove\/\" \/>\n<meta property=\"og:site_name\" content=\"Radio Touring 104\" \/>\n<meta property=\"article:published_time\" content=\"2025-09-29T10:54:47+00:00\" \/>\n<meta property=\"article:modified_time\" content=\"2025-09-29T10:55:11+00:00\" \/>\n<meta property=\"og:image\" content=\"https:\/\/progettotouring.it\/radiotouring104\/wp-content\/uploads\/sites\/6\/2025\/09\/Morano-Calabro-scuola-accoglienza.gif\" \/>\n\t<meta property=\"og:image:width\" content=\"788\" \/>\n\t<meta property=\"og:image:height\" content=\"415\" \/>\n\t<meta property=\"og:image:type\" content=\"image\/gif\" \/>\n<meta name=\"author\" content=\"redazione\" \/>\n<meta name=\"twitter:card\" content=\"summary_large_image\" \/>\n<meta name=\"twitter:label1\" content=\"Scritto da\" \/>\n\t<meta name=\"twitter:data1\" content=\"redazione\" \/>\n\t<meta name=\"twitter:label2\" content=\"Tempo di lettura stimato\" \/>\n\t<meta name=\"twitter:data2\" content=\"6 minuti\" \/>\n<script type=\"application\/ld+json\" class=\"yoast-schema-graph\">{\"@context\":\"https:\/\/schema.org\",\"@graph\":[{\"@type\":\"Article\",\"@id\":\"https:\/\/progettotouring.it\/radiotouring104\/2025\/09\/29\/morano-calabro-al-via-i-nuovi-corsi-della-scuola-di-ospitalita-abitare-altrove\/#article\",\"isPartOf\":{\"@id\":\"https:\/\/progettotouring.it\/radiotouring104\/2025\/09\/29\/morano-calabro-al-via-i-nuovi-corsi-della-scuola-di-ospitalita-abitare-altrove\/\"},\"author\":{\"name\":\"redazione\",\"@id\":\"https:\/\/progettotouring.it\/radiotouring104\/#\/schema\/person\/1b3eb3c07c47136bc44c785c543e635f\"},\"headline\":\"Morano Calabro: al via i nuovi corsi della\u00a0Scuola di Ospitalit\u00e0 \u201cAbitare Altrove\u201d\",\"datePublished\":\"2025-09-29T10:54:47+00:00\",\"dateModified\":\"2025-09-29T10:55:11+00:00\",\"mainEntityOfPage\":{\"@id\":\"https:\/\/progettotouring.it\/radiotouring104\/2025\/09\/29\/morano-calabro-al-via-i-nuovi-corsi-della-scuola-di-ospitalita-abitare-altrove\/\"},\"wordCount\":1159,\"publisher\":{\"@id\":\"https:\/\/progettotouring.it\/radiotouring104\/#organization\"},\"image\":{\"@id\":\"https:\/\/progettotouring.it\/radiotouring104\/2025\/09\/29\/morano-calabro-al-via-i-nuovi-corsi-della-scuola-di-ospitalita-abitare-altrove\/#primaryimage\"},\"thumbnailUrl\":\"https:\/\/progettotouring.it\/radiotouring104\/wp-content\/uploads\/sites\/6\/2025\/09\/Morano-Calabro-scuola-accoglienza.gif\",\"keywords\":[\"avvio nuovi corsi\",\"morano calabro\",\"Scuola di Ospitalit\u00e0 \u201cAbitare Altrove\u201d\",\"Scuola di Restauro e Valorizzazione dei beni storici e culturali.\"],\"articleSection\":[\"Calabria\",\"Home\",\"News\"],\"inLanguage\":\"it-IT\"},{\"@type\":\"WebPage\",\"@id\":\"https:\/\/progettotouring.it\/radiotouring104\/2025\/09\/29\/morano-calabro-al-via-i-nuovi-corsi-della-scuola-di-ospitalita-abitare-altrove\/\",\"url\":\"https:\/\/progettotouring.it\/radiotouring104\/2025\/09\/29\/morano-calabro-al-via-i-nuovi-corsi-della-scuola-di-ospitalita-abitare-altrove\/\",\"name\":\"Morano: al via i nuovi corsi della\u00a0Scuola \u201cAbitare Altrove\u201d\",\"isPartOf\":{\"@id\":\"https:\/\/progettotouring.it\/radiotouring104\/#website\"},\"primaryImageOfPage\":{\"@id\":\"https:\/\/progettotouring.it\/radiotouring104\/2025\/09\/29\/morano-calabro-al-via-i-nuovi-corsi-della-scuola-di-ospitalita-abitare-altrove\/#primaryimage\"},\"image\":{\"@id\":\"https:\/\/progettotouring.it\/radiotouring104\/2025\/09\/29\/morano-calabro-al-via-i-nuovi-corsi-della-scuola-di-ospitalita-abitare-altrove\/#primaryimage\"},\"thumbnailUrl\":\"https:\/\/progettotouring.it\/radiotouring104\/wp-content\/uploads\/sites\/6\/2025\/09\/Morano-Calabro-scuola-accoglienza.gif\",\"datePublished\":\"2025-09-29T10:54:47+00:00\",\"dateModified\":\"2025-09-29T10:55:11+00:00\",\"description\":\"La Scuola di Ospitalit\u00e0 \u201cAbitare Altrove\u201d, trasforma il centro montano in un ambiente dove si sperimenta l\u2019accoglienza diffusa\",\"breadcrumb\":{\"@id\":\"https:\/\/progettotouring.it\/radiotouring104\/2025\/09\/29\/morano-calabro-al-via-i-nuovi-corsi-della-scuola-di-ospitalita-abitare-altrove\/#breadcrumb\"},\"inLanguage\":\"it-IT\",\"potentialAction\":[{\"@type\":\"ReadAction\",\"target\":[\"https:\/\/progettotouring.it\/radiotouring104\/2025\/09\/29\/morano-calabro-al-via-i-nuovi-corsi-della-scuola-di-ospitalita-abitare-altrove\/\"]}]},{\"@type\":\"ImageObject\",\"inLanguage\":\"it-IT\",\"@id\":\"https:\/\/progettotouring.it\/radiotouring104\/2025\/09\/29\/morano-calabro-al-via-i-nuovi-corsi-della-scuola-di-ospitalita-abitare-altrove\/#primaryimage\",\"url\":\"https:\/\/progettotouring.it\/radiotouring104\/wp-content\/uploads\/sites\/6\/2025\/09\/Morano-Calabro-scuola-accoglienza.gif\",\"contentUrl\":\"https:\/\/progettotouring.it\/radiotouring104\/wp-content\/uploads\/sites\/6\/2025\/09\/Morano-Calabro-scuola-accoglienza.gif\",\"width\":788,\"height\":415},{\"@type\":\"BreadcrumbList\",\"@id\":\"https:\/\/progettotouring.it\/radiotouring104\/2025\/09\/29\/morano-calabro-al-via-i-nuovi-corsi-della-scuola-di-ospitalita-abitare-altrove\/#breadcrumb\",\"itemListElement\":[{\"@type\":\"ListItem\",\"position\":1,\"name\":\"Home\",\"item\":\"https:\/\/progettotouring.it\/radiotouring104\/\"},{\"@type\":\"ListItem\",\"position\":2,\"name\":\"Morano Calabro: al via i nuovi corsi della\u00a0Scuola di Ospitalit\u00e0 \u201cAbitare Altrove\u201d\"}]},{\"@type\":\"WebSite\",\"@id\":\"https:\/\/progettotouring.it\/radiotouring104\/#website\",\"url\":\"https:\/\/progettotouring.it\/radiotouring104\/\",\"name\":\"Radio Touring 104\",\"description\":\"La prima radio Reggina\",\"publisher\":{\"@id\":\"https:\/\/progettotouring.it\/radiotouring104\/#organization\"},\"potentialAction\":[{\"@type\":\"SearchAction\",\"target\":{\"@type\":\"EntryPoint\",\"urlTemplate\":\"https:\/\/progettotouring.it\/radiotouring104\/?s={search_term_string}\"},\"query-input\":{\"@type\":\"PropertyValueSpecification\",\"valueRequired\":true,\"valueName\":\"search_term_string\"}}],\"inLanguage\":\"it-IT\"},{\"@type\":\"Organization\",\"@id\":\"https:\/\/progettotouring.it\/radiotouring104\/#organization\",\"name\":\"Radio Touring 104\",\"url\":\"https:\/\/progettotouring.it\/radiotouring104\/\",\"logo\":{\"@type\":\"ImageObject\",\"inLanguage\":\"it-IT\",\"@id\":\"https:\/\/progettotouring.it\/radiotouring104\/#\/schema\/logo\/image\/\",\"url\":\"https:\/\/progettotouring.it\/radiotouring104\/wp-content\/uploads\/sites\/6\/2022\/02\/cropped-logo-radio-touring-104.png\",\"contentUrl\":\"https:\/\/progettotouring.it\/radiotouring104\/wp-content\/uploads\/sites\/6\/2022\/02\/cropped-logo-radio-touring-104.png\",\"width\":377,\"height\":182,\"caption\":\"Radio Touring 104\"},\"image\":{\"@id\":\"https:\/\/progettotouring.it\/radiotouring104\/#\/schema\/logo\/image\/\"}},{\"@type\":\"Person\",\"@id\":\"https:\/\/progettotouring.it\/radiotouring104\/#\/schema\/person\/1b3eb3c07c47136bc44c785c543e635f\",\"name\":\"redazione\",\"image\":{\"@type\":\"ImageObject\",\"inLanguage\":\"it-IT\",\"@id\":\"https:\/\/secure.gravatar.com\/avatar\/0b31605b49f100769e8b624b3e05de1b73e1692e9568a352f60f53fd072e6e11?s=96&d=mm&r=g\",\"url\":\"https:\/\/secure.gravatar.com\/avatar\/0b31605b49f100769e8b624b3e05de1b73e1692e9568a352f60f53fd072e6e11?s=96&d=mm&r=g\",\"contentUrl\":\"https:\/\/secure.gravatar.com\/avatar\/0b31605b49f100769e8b624b3e05de1b73e1692e9568a352f60f53fd072e6e11?s=96&d=mm&r=g\",\"caption\":\"redazione\"},\"url\":\"https:\/\/progettotouring.it\/radiotouring104\/author\/redazione\/\"}]}<\/script>\n<!-- \/ Yoast SEO plugin. -->","yoast_head_json":{"title":"Morano: al via i nuovi corsi della\u00a0Scuola \u201cAbitare Altrove\u201d","description":"La Scuola di Ospitalit\u00e0 \u201cAbitare Altrove\u201d, trasforma il centro montano in un ambiente dove si sperimenta l\u2019accoglienza diffusa","robots":{"index":"index","follow":"follow","max-snippet":"max-snippet:-1","max-image-preview":"max-image-preview:large","max-video-preview":"max-video-preview:-1"},"canonical":"https:\/\/progettotouring.it\/radiotouring104\/2025\/09\/29\/morano-calabro-al-via-i-nuovi-corsi-della-scuola-di-ospitalita-abitare-altrove\/","og_locale":"it_IT","og_type":"article","og_title":"Morano: al via i nuovi corsi della\u00a0Scuola \u201cAbitare Altrove\u201d","og_description":"La Scuola di Ospitalit\u00e0 \u201cAbitare Altrove\u201d, trasforma il centro montano in un ambiente dove si sperimenta l\u2019accoglienza diffusa","og_url":"https:\/\/progettotouring.it\/radiotouring104\/2025\/09\/29\/morano-calabro-al-via-i-nuovi-corsi-della-scuola-di-ospitalita-abitare-altrove\/","og_site_name":"Radio Touring 104","article_published_time":"2025-09-29T10:54:47+00:00","article_modified_time":"2025-09-29T10:55:11+00:00","og_image":[{"width":788,"height":415,"url":"https:\/\/progettotouring.it\/radiotouring104\/wp-content\/uploads\/sites\/6\/2025\/09\/Morano-Calabro-scuola-accoglienza.gif","type":"image\/gif"}],"author":"redazione","twitter_card":"summary_large_image","twitter_misc":{"Scritto da":"redazione","Tempo di lettura stimato":"6 minuti"},"schema":{"@context":"https:\/\/schema.org","@graph":[{"@type":"Article","@id":"https:\/\/progettotouring.it\/radiotouring104\/2025\/09\/29\/morano-calabro-al-via-i-nuovi-corsi-della-scuola-di-ospitalita-abitare-altrove\/#article","isPartOf":{"@id":"https:\/\/progettotouring.it\/radiotouring104\/2025\/09\/29\/morano-calabro-al-via-i-nuovi-corsi-della-scuola-di-ospitalita-abitare-altrove\/"},"author":{"name":"redazione","@id":"https:\/\/progettotouring.it\/radiotouring104\/#\/schema\/person\/1b3eb3c07c47136bc44c785c543e635f"},"headline":"Morano Calabro: al via i nuovi corsi della\u00a0Scuola di Ospitalit\u00e0 \u201cAbitare Altrove\u201d","datePublished":"2025-09-29T10:54:47+00:00","dateModified":"2025-09-29T10:55:11+00:00","mainEntityOfPage":{"@id":"https:\/\/progettotouring.it\/radiotouring104\/2025\/09\/29\/morano-calabro-al-via-i-nuovi-corsi-della-scuola-di-ospitalita-abitare-altrove\/"},"wordCount":1159,"publisher":{"@id":"https:\/\/progettotouring.it\/radiotouring104\/#organization"},"image":{"@id":"https:\/\/progettotouring.it\/radiotouring104\/2025\/09\/29\/morano-calabro-al-via-i-nuovi-corsi-della-scuola-di-ospitalita-abitare-altrove\/#primaryimage"},"thumbnailUrl":"https:\/\/progettotouring.it\/radiotouring104\/wp-content\/uploads\/sites\/6\/2025\/09\/Morano-Calabro-scuola-accoglienza.gif","keywords":["avvio nuovi corsi","morano calabro","Scuola di Ospitalit\u00e0 \u201cAbitare Altrove\u201d","Scuola di Restauro e Valorizzazione dei beni storici e culturali."],"articleSection":["Calabria","Home","News"],"inLanguage":"it-IT"},{"@type":"WebPage","@id":"https:\/\/progettotouring.it\/radiotouring104\/2025\/09\/29\/morano-calabro-al-via-i-nuovi-corsi-della-scuola-di-ospitalita-abitare-altrove\/","url":"https:\/\/progettotouring.it\/radiotouring104\/2025\/09\/29\/morano-calabro-al-via-i-nuovi-corsi-della-scuola-di-ospitalita-abitare-altrove\/","name":"Morano: al via i nuovi corsi della\u00a0Scuola \u201cAbitare Altrove\u201d","isPartOf":{"@id":"https:\/\/progettotouring.it\/radiotouring104\/#website"},"primaryImageOfPage":{"@id":"https:\/\/progettotouring.it\/radiotouring104\/2025\/09\/29\/morano-calabro-al-via-i-nuovi-corsi-della-scuola-di-ospitalita-abitare-altrove\/#primaryimage"},"image":{"@id":"https:\/\/progettotouring.it\/radiotouring104\/2025\/09\/29\/morano-calabro-al-via-i-nuovi-corsi-della-scuola-di-ospitalita-abitare-altrove\/#primaryimage"},"thumbnailUrl":"https:\/\/progettotouring.it\/radiotouring104\/wp-content\/uploads\/sites\/6\/2025\/09\/Morano-Calabro-scuola-accoglienza.gif","datePublished":"2025-09-29T10:54:47+00:00","dateModified":"2025-09-29T10:55:11+00:00","description":"La Scuola di Ospitalit\u00e0 \u201cAbitare Altrove\u201d, trasforma il centro montano in un ambiente dove si sperimenta l\u2019accoglienza diffusa","breadcrumb":{"@id":"https:\/\/progettotouring.it\/radiotouring104\/2025\/09\/29\/morano-calabro-al-via-i-nuovi-corsi-della-scuola-di-ospitalita-abitare-altrove\/#breadcrumb"},"inLanguage":"it-IT","potentialAction":[{"@type":"ReadAction","target":["https:\/\/progettotouring.it\/radiotouring104\/2025\/09\/29\/morano-calabro-al-via-i-nuovi-corsi-della-scuola-di-ospitalita-abitare-altrove\/"]}]},{"@type":"ImageObject","inLanguage":"it-IT","@id":"https:\/\/progettotouring.it\/radiotouring104\/2025\/09\/29\/morano-calabro-al-via-i-nuovi-corsi-della-scuola-di-ospitalita-abitare-altrove\/#primaryimage","url":"https:\/\/progettotouring.it\/radiotouring104\/wp-content\/uploads\/sites\/6\/2025\/09\/Morano-Calabro-scuola-accoglienza.gif","contentUrl":"https:\/\/progettotouring.it\/radiotouring104\/wp-content\/uploads\/sites\/6\/2025\/09\/Morano-Calabro-scuola-accoglienza.gif","width":788,"height":415},{"@type":"BreadcrumbList","@id":"https:\/\/progettotouring.it\/radiotouring104\/2025\/09\/29\/morano-calabro-al-via-i-nuovi-corsi-della-scuola-di-ospitalita-abitare-altrove\/#breadcrumb","itemListElement":[{"@type":"ListItem","position":1,"name":"Home","item":"https:\/\/progettotouring.it\/radiotouring104\/"},{"@type":"ListItem","position":2,"name":"Morano Calabro: al via i nuovi corsi della\u00a0Scuola di Ospitalit\u00e0 \u201cAbitare Altrove\u201d"}]},{"@type":"WebSite","@id":"https:\/\/progettotouring.it\/radiotouring104\/#website","url":"https:\/\/progettotouring.it\/radiotouring104\/","name":"Radio Touring 104","description":"La prima radio Reggina","publisher":{"@id":"https:\/\/progettotouring.it\/radiotouring104\/#organization"},"potentialAction":[{"@type":"SearchAction","target":{"@type":"EntryPoint","urlTemplate":"https:\/\/progettotouring.it\/radiotouring104\/?s={search_term_string}"},"query-input":{"@type":"PropertyValueSpecification","valueRequired":true,"valueName":"search_term_string"}}],"inLanguage":"it-IT"},{"@type":"Organization","@id":"https:\/\/progettotouring.it\/radiotouring104\/#organization","name":"Radio Touring 104","url":"https:\/\/progettotouring.it\/radiotouring104\/","logo":{"@type":"ImageObject","inLanguage":"it-IT","@id":"https:\/\/progettotouring.it\/radiotouring104\/#\/schema\/logo\/image\/","url":"https:\/\/progettotouring.it\/radiotouring104\/wp-content\/uploads\/sites\/6\/2022\/02\/cropped-logo-radio-touring-104.png","contentUrl":"https:\/\/progettotouring.it\/radiotouring104\/wp-content\/uploads\/sites\/6\/2022\/02\/cropped-logo-radio-touring-104.png","width":377,"height":182,"caption":"Radio Touring 104"},"image":{"@id":"https:\/\/progettotouring.it\/radiotouring104\/#\/schema\/logo\/image\/"}},{"@type":"Person","@id":"https:\/\/progettotouring.it\/radiotouring104\/#\/schema\/person\/1b3eb3c07c47136bc44c785c543e635f","name":"redazione","image":{"@type":"ImageObject","inLanguage":"it-IT","@id":"https:\/\/secure.gravatar.com\/avatar\/0b31605b49f100769e8b624b3e05de1b73e1692e9568a352f60f53fd072e6e11?s=96&d=mm&r=g","url":"https:\/\/secure.gravatar.com\/avatar\/0b31605b49f100769e8b624b3e05de1b73e1692e9568a352f60f53fd072e6e11?s=96&d=mm&r=g","contentUrl":"https:\/\/secure.gravatar.com\/avatar\/0b31605b49f100769e8b624b3e05de1b73e1692e9568a352f60f53fd072e6e11?s=96&d=mm&r=g","caption":"redazione"},"url":"https:\/\/progettotouring.it\/radiotouring104\/author\/redazione\/"}]}},"jetpack_publicize_connections":[],"jetpack_featured_media_url":"https:\/\/progettotouring.it\/radiotouring104\/wp-content\/uploads\/sites\/6\/2025\/09\/Morano-Calabro-scuola-accoglienza.gif","jetpack_sharing_enabled":true,"_links":{"self":[{"href":"https:\/\/progettotouring.it\/radiotouring104\/wp-json\/wp\/v2\/posts\/82455","targetHints":{"allow":["GET"]}}],"collection":[{"href":"https:\/\/progettotouring.it\/radiotouring104\/wp-json\/wp\/v2\/posts"}],"about":[{"href":"https:\/\/progettotouring.it\/radiotouring104\/wp-json\/wp\/v2\/types\/post"}],"author":[{"embeddable":true,"href":"https:\/\/progettotouring.it\/radiotouring104\/wp-json\/wp\/v2\/users\/5"}],"replies":[{"embeddable":true,"href":"https:\/\/progettotouring.it\/radiotouring104\/wp-json\/wp\/v2\/comments?post=82455"}],"version-history":[{"count":1,"href":"https:\/\/progettotouring.it\/radiotouring104\/wp-json\/wp\/v2\/posts\/82455\/revisions"}],"predecessor-version":[{"id":82457,"href":"https:\/\/progettotouring.it\/radiotouring104\/wp-json\/wp\/v2\/posts\/82455\/revisions\/82457"}],"wp:featuredmedia":[{"embeddable":true,"href":"https:\/\/progettotouring.it\/radiotouring104\/wp-json\/wp\/v2\/media\/82456"}],"wp:attachment":[{"href":"https:\/\/progettotouring.it\/radiotouring104\/wp-json\/wp\/v2\/media?parent=82455"}],"wp:term":[{"taxonomy":"category","embeddable":true,"href":"https:\/\/progettotouring.it\/radiotouring104\/wp-json\/wp\/v2\/categories?post=82455"},{"taxonomy":"post_tag","embeddable":true,"href":"https:\/\/progettotouring.it\/radiotouring104\/wp-json\/wp\/v2\/tags?post=82455"}],"curies":[{"name":"wp","href":"https:\/\/api.w.org\/{rel}","templated":true}]}}