{"id":82489,"date":"2025-09-30T10:47:01","date_gmt":"2025-09-30T08:47:01","guid":{"rendered":"https:\/\/progettotouring.it\/radiotouring104\/?p=82489"},"modified":"2025-09-30T12:10:45","modified_gmt":"2025-09-30T10:10:45","slug":"reggio-pazzano-attacca-la-giunta-occhiuto-sulla-gestione-del-servizio-idrico","status":"publish","type":"post","link":"https:\/\/progettotouring.it\/radiotouring104\/2025\/09\/30\/reggio-pazzano-attacca-la-giunta-occhiuto-sulla-gestione-del-servizio-idrico\/","title":{"rendered":"Reggio: Pazzano attacca la Giunta Occhiuto sulla gestione del servizio idrico"},"content":{"rendered":"<p>Dietro l\u2019illusione di una riforma efficiente, la giunta Occhiuto ha centralizzato la gestione dell\u2019acqua, svuotando i territori di ogni potere. Ha tolto voce ai Comuni, ha spersonalizzato il rapporto con i cittadini, e ha costruito un sistema in cui non contano i diritti. Il livello di inefficienza del servizio idrico si \u00e8 addirittura aggravato, i costi sono diventati insostenibili per le famiglie, i cittadini sono divenuti di fatto clienti che devono chiamare un numero verde. In tanti centri della regione, interi quartieri restano senz\u2019acqua per giorni.<\/p>\n<p>Le famiglie non riescono a lavare, cucinare, vivere con dignit\u00e0. E di fronte a tutto questo, la risposta \u00e8 sempre la stessa: \u201cchiami il numero verde\u201d. Nessun volto, nessuna responsabilit\u00e0, nessun intervento tempestivo. Il cittadino \u00e8 lasciato solo. Questo al netto dell&#8217;impegno dei delegati e dei funzionari comunali, che poco possono\u00a0 E troppo spesso \u2013 ed \u00e8 questa la vergogna \u2013 ricorre la domanda: \u201c Ma non conosci nessuno?\u201d. La solita vecchia logica del favore, invece che del diritto. Invece di rafforzare i diritti, questo sistema ha rafforzato la dipendenza. Ha riportato la Calabria dentro una logica antica e tossica, che sostituisce la garanzia pubblica. Non c\u2019\u00e8 pi\u00f9 un\u2019istituzione che risponde: c\u2019\u00e8 un centralino. Questo \u00e8 il vero volto della centralizzazione targata Occhiuto. Prima non era tutto rose e fiori e noi lo abbiamo denunciato con report, con interrogazioni e abbiamo incalzato l&#8217;Amministrazione Comunale con proposte.<\/p>\n<p>Per cui non ci siamo svegliati oggi. Ma oggi, certamente, vediamo una situazione peggiorata, in cui neanche l&#8217;impegno di delegati e funzionari comunali pu\u00f2 nulla. Serve un netto cambio di rotta di governance regionale. Pi\u00f9 del 50% di acqua risulta dispersa per le strade, i disservizi sono all&#8217;ordine del giorno. Qualcuno, ironicamente dir\u00e0: beh, tutto come prima&#8230; Eh no! Oggi \u00e8 peggio, perch\u00e9 \u00e8 completamente annullato il presidio degli amministratori locali, annichilito il diritto dei cittadini a interfacciarsi con gli amministratori, con gli uffici pi\u00f9 prossimi e cio\u00e8 quelli comunali&#8230; Siamo tutti diventati pratiche di un inefficiente e costoso customer service. La gente stessa fatica a crederci, perch\u00e9 ritiene impossibile che nel giro di un paio d&#8217;anni si sia potuto perdere il diritto dei territori a fare sentire la propria voce su una questione cos\u00ec vitale come l&#8217;acqua. Invece \u00e8 successo. Tutti devono sapere che quando non hanno acqua in casa, quando per diversi giorni non hanno acqua dal rubinetto, non c&#8217;\u00e8 nulla da fare se non rivolgersi ai contatti on line per i disservizi. O tornare alla domanda: \u201cNon \u00e8 che conosci qualcuno?\u201d.<\/p>\n<p>Oggi in Calabria l&#8217;acqua \u00e8 gestita come in una multinazionale: numeri, ticket, algoritmi. Ma l\u2019acqua \u00e8 vita, non una pratica da istruire. I Comuni non decidono pi\u00f9 nulla, i cittadini non contano pi\u00f9 niente. \u00c8 un modello che esclude, che isola, che delegittima. Dobbiamo rompere questa narrazione falsa. L\u2019acqua non \u00e8 un favore. Non \u00e8 una concessione. \u00c8 un diritto. E deve essere gestita come tale: con prossimit\u00e0, giustizia, trasparenza e partecipazione. Bisogna ridare voce ai territori, restituire dignit\u00e0 ai cittadini. Questo \u00e8 l&#8217;obiettivo che ci prefiggiamo.<\/p>\n<p>&nbsp;<\/p>\n","protected":false},"excerpt":{"rendered":"<p>Dietro l\u2019illusione di una riforma efficiente, la giunta Occhiuto ha centralizzato la gestione dell\u2019acqua, svuotando i territori di ogni potere. Ha tolto voce ai Comuni, ha spersonalizzato il rapporto con&hellip;<\/p>\n","protected":false},"author":5,"featured_media":16782,"comment_status":"closed","ping_status":"open","sticky":false,"template":"","format":"standard","meta":{"_jetpack_memberships_contains_paid_content":false,"footnotes":"","jetpack_publicize_message":"","jetpack_publicize_feature_enabled":true,"jetpack_social_post_already_shared":true,"jetpack_social_options":{"image_generator_settings":{"template":"highway","default_image_id":0,"font":"","enabled":false},"version":2}},"categories":[921,196,140],"tags":[47872,6101,1035,1037,37901],"class_list":["post-82489","post","type-post","status-publish","format-standard","has-post-thumbnail","hentry","category-home","category-news","category-reggio-calabria","tag-centralizzazione-del-servizio-idrico","tag-giunta-occhiuto","tag-la-strada","tag-saverio-pazzano","tag-servizio-idrico"],"yoast_head":"<!-- This site is optimized with the Yoast SEO plugin v27.2 - https:\/\/yoast.com\/product\/yoast-seo-wordpress\/ -->\n<title>Reggio: Pazzano attacca Occhiuto sulla gestione del servizio idrico<\/title>\n<meta name=\"description\" content=\"Per il leader del Movimento, Pazzano, la Giunta Occhiuto ha gestito il servizio centralizzando la gestione, come in una multinazionale\" \/>\n<meta name=\"robots\" content=\"index, follow, max-snippet:-1, max-image-preview:large, max-video-preview:-1\" \/>\n<link rel=\"canonical\" href=\"https:\/\/progettotouring.it\/radiotouring104\/2025\/09\/30\/reggio-pazzano-attacca-la-giunta-occhiuto-sulla-gestione-del-servizio-idrico\/\" \/>\n<meta property=\"og:locale\" content=\"it_IT\" \/>\n<meta property=\"og:type\" content=\"article\" \/>\n<meta property=\"og:title\" content=\"Reggio: Pazzano attacca Occhiuto sulla gestione del servizio idrico\" \/>\n<meta property=\"og:description\" content=\"Per il leader del Movimento, Pazzano, la Giunta Occhiuto ha gestito il servizio centralizzando la gestione, come in una multinazionale\" \/>\n<meta property=\"og:url\" content=\"https:\/\/progettotouring.it\/radiotouring104\/2025\/09\/30\/reggio-pazzano-attacca-la-giunta-occhiuto-sulla-gestione-del-servizio-idrico\/\" \/>\n<meta property=\"og:site_name\" content=\"Radio Touring 104\" \/>\n<meta property=\"article:published_time\" content=\"2025-09-30T08:47:01+00:00\" \/>\n<meta property=\"article:modified_time\" content=\"2025-09-30T10:10:45+00:00\" \/>\n<meta property=\"og:image\" content=\"https:\/\/progettotouring.it\/radiotouring104\/wp-content\/uploads\/sites\/6\/2023\/01\/Saverio-Pazzano.jpg\" \/>\n\t<meta property=\"og:image:width\" content=\"1280\" \/>\n\t<meta property=\"og:image:height\" content=\"854\" \/>\n\t<meta property=\"og:image:type\" content=\"image\/jpeg\" \/>\n<meta name=\"author\" content=\"redazione\" \/>\n<meta name=\"twitter:card\" content=\"summary_large_image\" \/>\n<meta name=\"twitter:label1\" content=\"Scritto da\" \/>\n\t<meta name=\"twitter:data1\" content=\"redazione\" \/>\n\t<meta name=\"twitter:label2\" content=\"Tempo di lettura stimato\" \/>\n\t<meta name=\"twitter:data2\" content=\"2 minuti\" \/>\n<script type=\"application\/ld+json\" class=\"yoast-schema-graph\">{\"@context\":\"https:\/\/schema.org\",\"@graph\":[{\"@type\":\"Article\",\"@id\":\"https:\/\/progettotouring.it\/radiotouring104\/2025\/09\/30\/reggio-pazzano-attacca-la-giunta-occhiuto-sulla-gestione-del-servizio-idrico\/#article\",\"isPartOf\":{\"@id\":\"https:\/\/progettotouring.it\/radiotouring104\/2025\/09\/30\/reggio-pazzano-attacca-la-giunta-occhiuto-sulla-gestione-del-servizio-idrico\/\"},\"author\":{\"name\":\"redazione\",\"@id\":\"https:\/\/progettotouring.it\/radiotouring104\/#\/schema\/person\/1b3eb3c07c47136bc44c785c543e635f\"},\"headline\":\"Reggio: Pazzano attacca la Giunta Occhiuto sulla gestione del servizio idrico\",\"datePublished\":\"2025-09-30T08:47:01+00:00\",\"dateModified\":\"2025-09-30T10:10:45+00:00\",\"mainEntityOfPage\":{\"@id\":\"https:\/\/progettotouring.it\/radiotouring104\/2025\/09\/30\/reggio-pazzano-attacca-la-giunta-occhiuto-sulla-gestione-del-servizio-idrico\/\"},\"wordCount\":501,\"publisher\":{\"@id\":\"https:\/\/progettotouring.it\/radiotouring104\/#organization\"},\"image\":{\"@id\":\"https:\/\/progettotouring.it\/radiotouring104\/2025\/09\/30\/reggio-pazzano-attacca-la-giunta-occhiuto-sulla-gestione-del-servizio-idrico\/#primaryimage\"},\"thumbnailUrl\":\"https:\/\/progettotouring.it\/radiotouring104\/wp-content\/uploads\/sites\/6\/2023\/01\/Saverio-Pazzano.jpg\",\"keywords\":[\"centralizzazione del servizio idrico\",\"Giunta Occhiuto\",\"la strada\",\"saverio pazzano\",\"servizio idrico\"],\"articleSection\":[\"Home\",\"News\",\"Reggio Calabria\"],\"inLanguage\":\"it-IT\"},{\"@type\":\"WebPage\",\"@id\":\"https:\/\/progettotouring.it\/radiotouring104\/2025\/09\/30\/reggio-pazzano-attacca-la-giunta-occhiuto-sulla-gestione-del-servizio-idrico\/\",\"url\":\"https:\/\/progettotouring.it\/radiotouring104\/2025\/09\/30\/reggio-pazzano-attacca-la-giunta-occhiuto-sulla-gestione-del-servizio-idrico\/\",\"name\":\"Reggio: Pazzano attacca Occhiuto sulla gestione del servizio idrico\",\"isPartOf\":{\"@id\":\"https:\/\/progettotouring.it\/radiotouring104\/#website\"},\"primaryImageOfPage\":{\"@id\":\"https:\/\/progettotouring.it\/radiotouring104\/2025\/09\/30\/reggio-pazzano-attacca-la-giunta-occhiuto-sulla-gestione-del-servizio-idrico\/#primaryimage\"},\"image\":{\"@id\":\"https:\/\/progettotouring.it\/radiotouring104\/2025\/09\/30\/reggio-pazzano-attacca-la-giunta-occhiuto-sulla-gestione-del-servizio-idrico\/#primaryimage\"},\"thumbnailUrl\":\"https:\/\/progettotouring.it\/radiotouring104\/wp-content\/uploads\/sites\/6\/2023\/01\/Saverio-Pazzano.jpg\",\"datePublished\":\"2025-09-30T08:47:01+00:00\",\"dateModified\":\"2025-09-30T10:10:45+00:00\",\"description\":\"Per il leader del Movimento, Pazzano, la Giunta Occhiuto ha gestito il servizio centralizzando la gestione, come in una multinazionale\",\"breadcrumb\":{\"@id\":\"https:\/\/progettotouring.it\/radiotouring104\/2025\/09\/30\/reggio-pazzano-attacca-la-giunta-occhiuto-sulla-gestione-del-servizio-idrico\/#breadcrumb\"},\"inLanguage\":\"it-IT\",\"potentialAction\":[{\"@type\":\"ReadAction\",\"target\":[\"https:\/\/progettotouring.it\/radiotouring104\/2025\/09\/30\/reggio-pazzano-attacca-la-giunta-occhiuto-sulla-gestione-del-servizio-idrico\/\"]}]},{\"@type\":\"ImageObject\",\"inLanguage\":\"it-IT\",\"@id\":\"https:\/\/progettotouring.it\/radiotouring104\/2025\/09\/30\/reggio-pazzano-attacca-la-giunta-occhiuto-sulla-gestione-del-servizio-idrico\/#primaryimage\",\"url\":\"https:\/\/progettotouring.it\/radiotouring104\/wp-content\/uploads\/sites\/6\/2023\/01\/Saverio-Pazzano.jpg\",\"contentUrl\":\"https:\/\/progettotouring.it\/radiotouring104\/wp-content\/uploads\/sites\/6\/2023\/01\/Saverio-Pazzano.jpg\",\"width\":1280,\"height\":854},{\"@type\":\"BreadcrumbList\",\"@id\":\"https:\/\/progettotouring.it\/radiotouring104\/2025\/09\/30\/reggio-pazzano-attacca-la-giunta-occhiuto-sulla-gestione-del-servizio-idrico\/#breadcrumb\",\"itemListElement\":[{\"@type\":\"ListItem\",\"position\":1,\"name\":\"Home\",\"item\":\"https:\/\/progettotouring.it\/radiotouring104\/\"},{\"@type\":\"ListItem\",\"position\":2,\"name\":\"Reggio: Pazzano attacca la Giunta Occhiuto sulla gestione del servizio idrico\"}]},{\"@type\":\"WebSite\",\"@id\":\"https:\/\/progettotouring.it\/radiotouring104\/#website\",\"url\":\"https:\/\/progettotouring.it\/radiotouring104\/\",\"name\":\"Radio Touring 104\",\"description\":\"La prima radio Reggina\",\"publisher\":{\"@id\":\"https:\/\/progettotouring.it\/radiotouring104\/#organization\"},\"potentialAction\":[{\"@type\":\"SearchAction\",\"target\":{\"@type\":\"EntryPoint\",\"urlTemplate\":\"https:\/\/progettotouring.it\/radiotouring104\/?s={search_term_string}\"},\"query-input\":{\"@type\":\"PropertyValueSpecification\",\"valueRequired\":true,\"valueName\":\"search_term_string\"}}],\"inLanguage\":\"it-IT\"},{\"@type\":\"Organization\",\"@id\":\"https:\/\/progettotouring.it\/radiotouring104\/#organization\",\"name\":\"Radio Touring 104\",\"url\":\"https:\/\/progettotouring.it\/radiotouring104\/\",\"logo\":{\"@type\":\"ImageObject\",\"inLanguage\":\"it-IT\",\"@id\":\"https:\/\/progettotouring.it\/radiotouring104\/#\/schema\/logo\/image\/\",\"url\":\"https:\/\/progettotouring.it\/radiotouring104\/wp-content\/uploads\/sites\/6\/2022\/02\/cropped-logo-radio-touring-104.png\",\"contentUrl\":\"https:\/\/progettotouring.it\/radiotouring104\/wp-content\/uploads\/sites\/6\/2022\/02\/cropped-logo-radio-touring-104.png\",\"width\":377,\"height\":182,\"caption\":\"Radio Touring 104\"},\"image\":{\"@id\":\"https:\/\/progettotouring.it\/radiotouring104\/#\/schema\/logo\/image\/\"}},{\"@type\":\"Person\",\"@id\":\"https:\/\/progettotouring.it\/radiotouring104\/#\/schema\/person\/1b3eb3c07c47136bc44c785c543e635f\",\"name\":\"redazione\",\"image\":{\"@type\":\"ImageObject\",\"inLanguage\":\"it-IT\",\"@id\":\"https:\/\/secure.gravatar.com\/avatar\/0b31605b49f100769e8b624b3e05de1b73e1692e9568a352f60f53fd072e6e11?s=96&d=mm&r=g\",\"url\":\"https:\/\/secure.gravatar.com\/avatar\/0b31605b49f100769e8b624b3e05de1b73e1692e9568a352f60f53fd072e6e11?s=96&d=mm&r=g\",\"contentUrl\":\"https:\/\/secure.gravatar.com\/avatar\/0b31605b49f100769e8b624b3e05de1b73e1692e9568a352f60f53fd072e6e11?s=96&d=mm&r=g\",\"caption\":\"redazione\"},\"url\":\"https:\/\/progettotouring.it\/radiotouring104\/author\/redazione\/\"}]}<\/script>\n<!-- \/ Yoast SEO plugin. -->","yoast_head_json":{"title":"Reggio: Pazzano attacca Occhiuto sulla gestione del servizio idrico","description":"Per il leader del Movimento, Pazzano, la Giunta Occhiuto ha gestito il servizio centralizzando la gestione, come in una multinazionale","robots":{"index":"index","follow":"follow","max-snippet":"max-snippet:-1","max-image-preview":"max-image-preview:large","max-video-preview":"max-video-preview:-1"},"canonical":"https:\/\/progettotouring.it\/radiotouring104\/2025\/09\/30\/reggio-pazzano-attacca-la-giunta-occhiuto-sulla-gestione-del-servizio-idrico\/","og_locale":"it_IT","og_type":"article","og_title":"Reggio: Pazzano attacca Occhiuto sulla gestione del servizio idrico","og_description":"Per il leader del Movimento, Pazzano, la Giunta Occhiuto ha gestito il servizio centralizzando la gestione, come in una multinazionale","og_url":"https:\/\/progettotouring.it\/radiotouring104\/2025\/09\/30\/reggio-pazzano-attacca-la-giunta-occhiuto-sulla-gestione-del-servizio-idrico\/","og_site_name":"Radio Touring 104","article_published_time":"2025-09-30T08:47:01+00:00","article_modified_time":"2025-09-30T10:10:45+00:00","og_image":[{"width":1280,"height":854,"url":"https:\/\/progettotouring.it\/radiotouring104\/wp-content\/uploads\/sites\/6\/2023\/01\/Saverio-Pazzano.jpg","type":"image\/jpeg"}],"author":"redazione","twitter_card":"summary_large_image","twitter_misc":{"Scritto da":"redazione","Tempo di lettura stimato":"2 minuti"},"schema":{"@context":"https:\/\/schema.org","@graph":[{"@type":"Article","@id":"https:\/\/progettotouring.it\/radiotouring104\/2025\/09\/30\/reggio-pazzano-attacca-la-giunta-occhiuto-sulla-gestione-del-servizio-idrico\/#article","isPartOf":{"@id":"https:\/\/progettotouring.it\/radiotouring104\/2025\/09\/30\/reggio-pazzano-attacca-la-giunta-occhiuto-sulla-gestione-del-servizio-idrico\/"},"author":{"name":"redazione","@id":"https:\/\/progettotouring.it\/radiotouring104\/#\/schema\/person\/1b3eb3c07c47136bc44c785c543e635f"},"headline":"Reggio: Pazzano attacca la Giunta Occhiuto sulla gestione del servizio idrico","datePublished":"2025-09-30T08:47:01+00:00","dateModified":"2025-09-30T10:10:45+00:00","mainEntityOfPage":{"@id":"https:\/\/progettotouring.it\/radiotouring104\/2025\/09\/30\/reggio-pazzano-attacca-la-giunta-occhiuto-sulla-gestione-del-servizio-idrico\/"},"wordCount":501,"publisher":{"@id":"https:\/\/progettotouring.it\/radiotouring104\/#organization"},"image":{"@id":"https:\/\/progettotouring.it\/radiotouring104\/2025\/09\/30\/reggio-pazzano-attacca-la-giunta-occhiuto-sulla-gestione-del-servizio-idrico\/#primaryimage"},"thumbnailUrl":"https:\/\/progettotouring.it\/radiotouring104\/wp-content\/uploads\/sites\/6\/2023\/01\/Saverio-Pazzano.jpg","keywords":["centralizzazione del servizio idrico","Giunta Occhiuto","la strada","saverio pazzano","servizio idrico"],"articleSection":["Home","News","Reggio Calabria"],"inLanguage":"it-IT"},{"@type":"WebPage","@id":"https:\/\/progettotouring.it\/radiotouring104\/2025\/09\/30\/reggio-pazzano-attacca-la-giunta-occhiuto-sulla-gestione-del-servizio-idrico\/","url":"https:\/\/progettotouring.it\/radiotouring104\/2025\/09\/30\/reggio-pazzano-attacca-la-giunta-occhiuto-sulla-gestione-del-servizio-idrico\/","name":"Reggio: Pazzano attacca Occhiuto sulla gestione del servizio idrico","isPartOf":{"@id":"https:\/\/progettotouring.it\/radiotouring104\/#website"},"primaryImageOfPage":{"@id":"https:\/\/progettotouring.it\/radiotouring104\/2025\/09\/30\/reggio-pazzano-attacca-la-giunta-occhiuto-sulla-gestione-del-servizio-idrico\/#primaryimage"},"image":{"@id":"https:\/\/progettotouring.it\/radiotouring104\/2025\/09\/30\/reggio-pazzano-attacca-la-giunta-occhiuto-sulla-gestione-del-servizio-idrico\/#primaryimage"},"thumbnailUrl":"https:\/\/progettotouring.it\/radiotouring104\/wp-content\/uploads\/sites\/6\/2023\/01\/Saverio-Pazzano.jpg","datePublished":"2025-09-30T08:47:01+00:00","dateModified":"2025-09-30T10:10:45+00:00","description":"Per il leader del Movimento, Pazzano, la Giunta Occhiuto ha gestito il servizio centralizzando la gestione, come in una multinazionale","breadcrumb":{"@id":"https:\/\/progettotouring.it\/radiotouring104\/2025\/09\/30\/reggio-pazzano-attacca-la-giunta-occhiuto-sulla-gestione-del-servizio-idrico\/#breadcrumb"},"inLanguage":"it-IT","potentialAction":[{"@type":"ReadAction","target":["https:\/\/progettotouring.it\/radiotouring104\/2025\/09\/30\/reggio-pazzano-attacca-la-giunta-occhiuto-sulla-gestione-del-servizio-idrico\/"]}]},{"@type":"ImageObject","inLanguage":"it-IT","@id":"https:\/\/progettotouring.it\/radiotouring104\/2025\/09\/30\/reggio-pazzano-attacca-la-giunta-occhiuto-sulla-gestione-del-servizio-idrico\/#primaryimage","url":"https:\/\/progettotouring.it\/radiotouring104\/wp-content\/uploads\/sites\/6\/2023\/01\/Saverio-Pazzano.jpg","contentUrl":"https:\/\/progettotouring.it\/radiotouring104\/wp-content\/uploads\/sites\/6\/2023\/01\/Saverio-Pazzano.jpg","width":1280,"height":854},{"@type":"BreadcrumbList","@id":"https:\/\/progettotouring.it\/radiotouring104\/2025\/09\/30\/reggio-pazzano-attacca-la-giunta-occhiuto-sulla-gestione-del-servizio-idrico\/#breadcrumb","itemListElement":[{"@type":"ListItem","position":1,"name":"Home","item":"https:\/\/progettotouring.it\/radiotouring104\/"},{"@type":"ListItem","position":2,"name":"Reggio: Pazzano attacca la Giunta Occhiuto sulla gestione del servizio idrico"}]},{"@type":"WebSite","@id":"https:\/\/progettotouring.it\/radiotouring104\/#website","url":"https:\/\/progettotouring.it\/radiotouring104\/","name":"Radio Touring 104","description":"La prima radio Reggina","publisher":{"@id":"https:\/\/progettotouring.it\/radiotouring104\/#organization"},"potentialAction":[{"@type":"SearchAction","target":{"@type":"EntryPoint","urlTemplate":"https:\/\/progettotouring.it\/radiotouring104\/?s={search_term_string}"},"query-input":{"@type":"PropertyValueSpecification","valueRequired":true,"valueName":"search_term_string"}}],"inLanguage":"it-IT"},{"@type":"Organization","@id":"https:\/\/progettotouring.it\/radiotouring104\/#organization","name":"Radio Touring 104","url":"https:\/\/progettotouring.it\/radiotouring104\/","logo":{"@type":"ImageObject","inLanguage":"it-IT","@id":"https:\/\/progettotouring.it\/radiotouring104\/#\/schema\/logo\/image\/","url":"https:\/\/progettotouring.it\/radiotouring104\/wp-content\/uploads\/sites\/6\/2022\/02\/cropped-logo-radio-touring-104.png","contentUrl":"https:\/\/progettotouring.it\/radiotouring104\/wp-content\/uploads\/sites\/6\/2022\/02\/cropped-logo-radio-touring-104.png","width":377,"height":182,"caption":"Radio Touring 104"},"image":{"@id":"https:\/\/progettotouring.it\/radiotouring104\/#\/schema\/logo\/image\/"}},{"@type":"Person","@id":"https:\/\/progettotouring.it\/radiotouring104\/#\/schema\/person\/1b3eb3c07c47136bc44c785c543e635f","name":"redazione","image":{"@type":"ImageObject","inLanguage":"it-IT","@id":"https:\/\/secure.gravatar.com\/avatar\/0b31605b49f100769e8b624b3e05de1b73e1692e9568a352f60f53fd072e6e11?s=96&d=mm&r=g","url":"https:\/\/secure.gravatar.com\/avatar\/0b31605b49f100769e8b624b3e05de1b73e1692e9568a352f60f53fd072e6e11?s=96&d=mm&r=g","contentUrl":"https:\/\/secure.gravatar.com\/avatar\/0b31605b49f100769e8b624b3e05de1b73e1692e9568a352f60f53fd072e6e11?s=96&d=mm&r=g","caption":"redazione"},"url":"https:\/\/progettotouring.it\/radiotouring104\/author\/redazione\/"}]}},"jetpack_publicize_connections":[],"jetpack_featured_media_url":"https:\/\/progettotouring.it\/radiotouring104\/wp-content\/uploads\/sites\/6\/2023\/01\/Saverio-Pazzano.jpg","jetpack_sharing_enabled":true,"_links":{"self":[{"href":"https:\/\/progettotouring.it\/radiotouring104\/wp-json\/wp\/v2\/posts\/82489","targetHints":{"allow":["GET"]}}],"collection":[{"href":"https:\/\/progettotouring.it\/radiotouring104\/wp-json\/wp\/v2\/posts"}],"about":[{"href":"https:\/\/progettotouring.it\/radiotouring104\/wp-json\/wp\/v2\/types\/post"}],"author":[{"embeddable":true,"href":"https:\/\/progettotouring.it\/radiotouring104\/wp-json\/wp\/v2\/users\/5"}],"replies":[{"embeddable":true,"href":"https:\/\/progettotouring.it\/radiotouring104\/wp-json\/wp\/v2\/comments?post=82489"}],"version-history":[{"count":1,"href":"https:\/\/progettotouring.it\/radiotouring104\/wp-json\/wp\/v2\/posts\/82489\/revisions"}],"predecessor-version":[{"id":82490,"href":"https:\/\/progettotouring.it\/radiotouring104\/wp-json\/wp\/v2\/posts\/82489\/revisions\/82490"}],"wp:featuredmedia":[{"embeddable":true,"href":"https:\/\/progettotouring.it\/radiotouring104\/wp-json\/wp\/v2\/media\/16782"}],"wp:attachment":[{"href":"https:\/\/progettotouring.it\/radiotouring104\/wp-json\/wp\/v2\/media?parent=82489"}],"wp:term":[{"taxonomy":"category","embeddable":true,"href":"https:\/\/progettotouring.it\/radiotouring104\/wp-json\/wp\/v2\/categories?post=82489"},{"taxonomy":"post_tag","embeddable":true,"href":"https:\/\/progettotouring.it\/radiotouring104\/wp-json\/wp\/v2\/tags?post=82489"}],"curies":[{"name":"wp","href":"https:\/\/api.w.org\/{rel}","templated":true}]}}