{"id":82495,"date":"2025-09-30T11:13:31","date_gmt":"2025-09-30T09:13:31","guid":{"rendered":"https:\/\/progettotouring.it\/radiotouring104\/?p=82495"},"modified":"2025-09-30T12:10:40","modified_gmt":"2025-09-30T10:10:40","slug":"elezioni-regionali-marino-invita-allesercizio-del-voto","status":"publish","type":"post","link":"https:\/\/progettotouring.it\/radiotouring104\/2025\/09\/30\/elezioni-regionali-marino-invita-allesercizio-del-voto\/","title":{"rendered":"Elezioni Regionali: Marino invita all&#8217;esercizio del voto"},"content":{"rendered":"<p class=\"xmprfx_MsoNormal\">Con le elezioni regionali ed amministrative nelle Marche e in Val d\u2019Aosta, si \u00e8 aperta la prima delle numerose tornate elettorali del 2025. Il prossimo 5 e 6 ottobre toccher\u00e0 anche alla Calabria. L\u2019affluenza nelle Marche, in particolare, conferma il dato nazionale \u2013 ormai consolidato &#8211; dell\u2019astensionismo: alle ore 15 di ieri si sono recati alle urne 662.845 marchigiani, pari al 50,41% degli aventi diritto, circa il 10% in meno rispetto alle consultazioni del 2020. \u00abL\u2019astensionismo \u00e8 un male profondo che intacca alle radici il nostro sistema democratico. Chi ha responsabilit\u00e0 politiche non pu\u00f2 ignorarlo\u00bb. A dichiararlo \u00e8 Giuseppe Marino, coordinatore regionale della Rete di Trieste in Calabria, il network nazionale di amministratori cattolici che sin dalla sua costituzione si \u00e8 posta come obiettivo l\u2019individuazione di nuove idee e proposte che diano impulso ad un processo di ricostruzione democratica.<\/p>\n<p class=\"xmprfx_MsoNormal\">\u00abLa Calabria sta vivendo un momento complicato e particolarmente delicato. \u2013 prosegue Marino \u2013 I calabresi si stanno preparando al rinnovo del consiglio regionale dopo una campagna elettorale estiva che ha di fatto tranciato i tempi della democrazia. Il rischio \u00e8 che il dato sull\u2019affluenza, nel nostro territorio, sia ancora pi\u00f9 basso\u00bb. Gi\u00e0 nei giorni scorsi la Conferenza episcopale calabra si \u00e8 espressa con un appello alla \u00abpartecipazione responsabile\u00bb, perch\u00e9 \u00abla democrazia \u2013 hanno dichiarato i vescovi calabresi &#8211; \u00e8 un bene fragile e prezioso, che non si conserva da sola ma chiede di essere vissuta e rigenerata ogni giorno\u00bb. \u00abLa vera sfida oggi \u2013 prosegue Marino \u2013 \u00e8 ricostruire un rapporto fiduciario tra cittadini e istituzioni. Grazie alla Rete di Trieste ho avuto modo di incontrare e confrontarmi con tantissime persone nel corso dei mesi, soprattutto di giovani. Non \u00e8 vero che manca la voglia di partecipare alla vita politica, \u00e8 vero piuttosto che la politica non ha fatto nulla per incentivare la partecipazione. Occorre quindi urgentemente cambiare rotta\u00bb.<\/p>\n<p class=\"xmprfx_MsoNormal\">La prima piattaforma programmatica della Rete di Trieste, presentata nei mesi scorsi, ha avanzato delle proposte che, in prospettiva, puntano proprio ad incentivare la partecipazione alla vita politica, attraverso bilanci partecipativi e le assemblee pubbliche, patti di collaborazione condivisi e l\u2019istituzione del consiglio comunale dei ragazzi. \u00abSono solo alcune delle proposte che abbiamo lavorato congiuntamente, con tante colleghe e colleghi amministratori da tutta Italia, allo scopo di invertire una tendenza che rischia di degenerare e su cui la classe dirigente politica non ha posto sinora la giusta attenzione\u00bb.<\/p>\n<p class=\"xmprfx_MsoNormal\">\u00abIn vista delle elezioni regionali, &#8211; conclude Marino &#8211; voglio rivolgermi soprattutto ai giovani calabresi: sentitevi protagonisti delle prossime consultazioni elettorali e di quelle future. Esercitate i vostri diritti con spirito critico, impegnandovi, mettendo tutta la determinazione e la speranza di cui siete capaci. Abbiate il coraggio di difendere sempre le vostre idee e sostenete liberamente il progetto che ritenete migliore. Non perdete l\u2019occasione di partecipare pienamente al vostro futuro\u00bb.<\/p>\n","protected":false},"excerpt":{"rendered":"<p>Con le elezioni regionali ed amministrative nelle Marche e in Val d\u2019Aosta, si \u00e8 aperta la prima delle numerose tornate elettorali del 2025. Il prossimo 5 e 6 ottobre toccher\u00e0&hellip;<\/p>\n","protected":false},"author":5,"featured_media":67558,"comment_status":"closed","ping_status":"open","sticky":false,"template":"","format":"standard","meta":{"_jetpack_memberships_contains_paid_content":false,"footnotes":"","jetpack_publicize_message":"","jetpack_publicize_feature_enabled":true,"jetpack_social_post_already_shared":true,"jetpack_social_options":{"image_generator_settings":{"template":"highway","default_image_id":0,"font":"","enabled":false},"version":2}},"categories":[142,921,196],"tags":[26345,47874,3631,47875,40733],"class_list":["post-82495","post","type-post","status-publish","format-standard","has-post-thumbnail","hentry","category-calabria","category-home","category-news","tag-elezioni-regionali","tag-esercitiamo-i-nostri-diritti","tag-giuseppe-marino","tag-invito-al-voto","tag-rete-di-trieste"],"yoast_head":"<!-- This site is optimized with the Yoast SEO plugin v27.2 - https:\/\/yoast.com\/product\/yoast-seo-wordpress\/ -->\n<title>Elezioni Regionali: Marino invita all&#039;esercizio del voto<\/title>\n<meta name=\"description\" content=\"\u00abEsercitiamo i nostri diritti, diventiamo protagonisti del nostro futuro\u00bb, dichiara il coordinatore regionale della Rete di Trieste\" \/>\n<meta name=\"robots\" content=\"index, follow, max-snippet:-1, max-image-preview:large, max-video-preview:-1\" \/>\n<link rel=\"canonical\" href=\"https:\/\/progettotouring.it\/radiotouring104\/2025\/09\/30\/elezioni-regionali-marino-invita-allesercizio-del-voto\/\" \/>\n<meta property=\"og:locale\" content=\"it_IT\" \/>\n<meta property=\"og:type\" content=\"article\" \/>\n<meta property=\"og:title\" content=\"Elezioni Regionali: Marino invita all&#039;esercizio del voto\" \/>\n<meta property=\"og:description\" content=\"\u00abEsercitiamo i nostri diritti, diventiamo protagonisti del nostro futuro\u00bb, dichiara il coordinatore regionale della Rete di Trieste\" \/>\n<meta property=\"og:url\" content=\"https:\/\/progettotouring.it\/radiotouring104\/2025\/09\/30\/elezioni-regionali-marino-invita-allesercizio-del-voto\/\" \/>\n<meta property=\"og:site_name\" content=\"Radio Touring 104\" \/>\n<meta property=\"article:published_time\" content=\"2025-09-30T09:13:31+00:00\" \/>\n<meta property=\"article:modified_time\" content=\"2025-09-30T10:10:40+00:00\" \/>\n<meta property=\"og:image\" content=\"https:\/\/progettotouring.it\/radiotouring104\/wp-content\/uploads\/sites\/6\/2025\/02\/Caterina-Trecoci-Giuseppe-Marino-Giusy-Caminiti-Rete-di-Trieste.png\" \/>\n\t<meta property=\"og:image:width\" content=\"1274\" \/>\n\t<meta property=\"og:image:height\" content=\"760\" \/>\n\t<meta property=\"og:image:type\" content=\"image\/png\" \/>\n<meta name=\"author\" content=\"redazione\" \/>\n<meta name=\"twitter:card\" content=\"summary_large_image\" \/>\n<meta name=\"twitter:label1\" content=\"Scritto da\" \/>\n\t<meta name=\"twitter:data1\" content=\"redazione\" \/>\n\t<meta name=\"twitter:label2\" content=\"Tempo di lettura stimato\" \/>\n\t<meta name=\"twitter:data2\" content=\"2 minuti\" \/>\n<script type=\"application\/ld+json\" class=\"yoast-schema-graph\">{\"@context\":\"https:\/\/schema.org\",\"@graph\":[{\"@type\":\"Article\",\"@id\":\"https:\/\/progettotouring.it\/radiotouring104\/2025\/09\/30\/elezioni-regionali-marino-invita-allesercizio-del-voto\/#article\",\"isPartOf\":{\"@id\":\"https:\/\/progettotouring.it\/radiotouring104\/2025\/09\/30\/elezioni-regionali-marino-invita-allesercizio-del-voto\/\"},\"author\":{\"name\":\"redazione\",\"@id\":\"https:\/\/progettotouring.it\/radiotouring104\/#\/schema\/person\/1b3eb3c07c47136bc44c785c543e635f\"},\"headline\":\"Elezioni Regionali: Marino invita all&#8217;esercizio del voto\",\"datePublished\":\"2025-09-30T09:13:31+00:00\",\"dateModified\":\"2025-09-30T10:10:40+00:00\",\"mainEntityOfPage\":{\"@id\":\"https:\/\/progettotouring.it\/radiotouring104\/2025\/09\/30\/elezioni-regionali-marino-invita-allesercizio-del-voto\/\"},\"wordCount\":458,\"publisher\":{\"@id\":\"https:\/\/progettotouring.it\/radiotouring104\/#organization\"},\"image\":{\"@id\":\"https:\/\/progettotouring.it\/radiotouring104\/2025\/09\/30\/elezioni-regionali-marino-invita-allesercizio-del-voto\/#primaryimage\"},\"thumbnailUrl\":\"https:\/\/progettotouring.it\/radiotouring104\/wp-content\/uploads\/sites\/6\/2025\/02\/Caterina-Trecoci-Giuseppe-Marino-Giusy-Caminiti-Rete-di-Trieste.png\",\"keywords\":[\"Elezioni Regionali\",\"Esercitiamo i nostri diritti\",\"Giuseppe Marino\",\"invito al voto\",\"Rete di Trieste\"],\"articleSection\":[\"Calabria\",\"Home\",\"News\"],\"inLanguage\":\"it-IT\"},{\"@type\":\"WebPage\",\"@id\":\"https:\/\/progettotouring.it\/radiotouring104\/2025\/09\/30\/elezioni-regionali-marino-invita-allesercizio-del-voto\/\",\"url\":\"https:\/\/progettotouring.it\/radiotouring104\/2025\/09\/30\/elezioni-regionali-marino-invita-allesercizio-del-voto\/\",\"name\":\"Elezioni Regionali: Marino invita all'esercizio del voto\",\"isPartOf\":{\"@id\":\"https:\/\/progettotouring.it\/radiotouring104\/#website\"},\"primaryImageOfPage\":{\"@id\":\"https:\/\/progettotouring.it\/radiotouring104\/2025\/09\/30\/elezioni-regionali-marino-invita-allesercizio-del-voto\/#primaryimage\"},\"image\":{\"@id\":\"https:\/\/progettotouring.it\/radiotouring104\/2025\/09\/30\/elezioni-regionali-marino-invita-allesercizio-del-voto\/#primaryimage\"},\"thumbnailUrl\":\"https:\/\/progettotouring.it\/radiotouring104\/wp-content\/uploads\/sites\/6\/2025\/02\/Caterina-Trecoci-Giuseppe-Marino-Giusy-Caminiti-Rete-di-Trieste.png\",\"datePublished\":\"2025-09-30T09:13:31+00:00\",\"dateModified\":\"2025-09-30T10:10:40+00:00\",\"description\":\"\u00abEsercitiamo i nostri diritti, diventiamo protagonisti del nostro futuro\u00bb, dichiara il coordinatore regionale della Rete di Trieste\",\"breadcrumb\":{\"@id\":\"https:\/\/progettotouring.it\/radiotouring104\/2025\/09\/30\/elezioni-regionali-marino-invita-allesercizio-del-voto\/#breadcrumb\"},\"inLanguage\":\"it-IT\",\"potentialAction\":[{\"@type\":\"ReadAction\",\"target\":[\"https:\/\/progettotouring.it\/radiotouring104\/2025\/09\/30\/elezioni-regionali-marino-invita-allesercizio-del-voto\/\"]}]},{\"@type\":\"ImageObject\",\"inLanguage\":\"it-IT\",\"@id\":\"https:\/\/progettotouring.it\/radiotouring104\/2025\/09\/30\/elezioni-regionali-marino-invita-allesercizio-del-voto\/#primaryimage\",\"url\":\"https:\/\/progettotouring.it\/radiotouring104\/wp-content\/uploads\/sites\/6\/2025\/02\/Caterina-Trecoci-Giuseppe-Marino-Giusy-Caminiti-Rete-di-Trieste.png\",\"contentUrl\":\"https:\/\/progettotouring.it\/radiotouring104\/wp-content\/uploads\/sites\/6\/2025\/02\/Caterina-Trecoci-Giuseppe-Marino-Giusy-Caminiti-Rete-di-Trieste.png\",\"width\":1274,\"height\":760},{\"@type\":\"BreadcrumbList\",\"@id\":\"https:\/\/progettotouring.it\/radiotouring104\/2025\/09\/30\/elezioni-regionali-marino-invita-allesercizio-del-voto\/#breadcrumb\",\"itemListElement\":[{\"@type\":\"ListItem\",\"position\":1,\"name\":\"Home\",\"item\":\"https:\/\/progettotouring.it\/radiotouring104\/\"},{\"@type\":\"ListItem\",\"position\":2,\"name\":\"Elezioni Regionali: Marino invita all&#8217;esercizio del voto\"}]},{\"@type\":\"WebSite\",\"@id\":\"https:\/\/progettotouring.it\/radiotouring104\/#website\",\"url\":\"https:\/\/progettotouring.it\/radiotouring104\/\",\"name\":\"Radio Touring 104\",\"description\":\"La prima radio Reggina\",\"publisher\":{\"@id\":\"https:\/\/progettotouring.it\/radiotouring104\/#organization\"},\"potentialAction\":[{\"@type\":\"SearchAction\",\"target\":{\"@type\":\"EntryPoint\",\"urlTemplate\":\"https:\/\/progettotouring.it\/radiotouring104\/?s={search_term_string}\"},\"query-input\":{\"@type\":\"PropertyValueSpecification\",\"valueRequired\":true,\"valueName\":\"search_term_string\"}}],\"inLanguage\":\"it-IT\"},{\"@type\":\"Organization\",\"@id\":\"https:\/\/progettotouring.it\/radiotouring104\/#organization\",\"name\":\"Radio Touring 104\",\"url\":\"https:\/\/progettotouring.it\/radiotouring104\/\",\"logo\":{\"@type\":\"ImageObject\",\"inLanguage\":\"it-IT\",\"@id\":\"https:\/\/progettotouring.it\/radiotouring104\/#\/schema\/logo\/image\/\",\"url\":\"https:\/\/progettotouring.it\/radiotouring104\/wp-content\/uploads\/sites\/6\/2022\/02\/cropped-logo-radio-touring-104.png\",\"contentUrl\":\"https:\/\/progettotouring.it\/radiotouring104\/wp-content\/uploads\/sites\/6\/2022\/02\/cropped-logo-radio-touring-104.png\",\"width\":377,\"height\":182,\"caption\":\"Radio Touring 104\"},\"image\":{\"@id\":\"https:\/\/progettotouring.it\/radiotouring104\/#\/schema\/logo\/image\/\"}},{\"@type\":\"Person\",\"@id\":\"https:\/\/progettotouring.it\/radiotouring104\/#\/schema\/person\/1b3eb3c07c47136bc44c785c543e635f\",\"name\":\"redazione\",\"image\":{\"@type\":\"ImageObject\",\"inLanguage\":\"it-IT\",\"@id\":\"https:\/\/secure.gravatar.com\/avatar\/0b31605b49f100769e8b624b3e05de1b73e1692e9568a352f60f53fd072e6e11?s=96&d=mm&r=g\",\"url\":\"https:\/\/secure.gravatar.com\/avatar\/0b31605b49f100769e8b624b3e05de1b73e1692e9568a352f60f53fd072e6e11?s=96&d=mm&r=g\",\"contentUrl\":\"https:\/\/secure.gravatar.com\/avatar\/0b31605b49f100769e8b624b3e05de1b73e1692e9568a352f60f53fd072e6e11?s=96&d=mm&r=g\",\"caption\":\"redazione\"},\"url\":\"https:\/\/progettotouring.it\/radiotouring104\/author\/redazione\/\"}]}<\/script>\n<!-- \/ Yoast SEO plugin. -->","yoast_head_json":{"title":"Elezioni Regionali: Marino invita all'esercizio del voto","description":"\u00abEsercitiamo i nostri diritti, diventiamo protagonisti del nostro futuro\u00bb, dichiara il coordinatore regionale della Rete di Trieste","robots":{"index":"index","follow":"follow","max-snippet":"max-snippet:-1","max-image-preview":"max-image-preview:large","max-video-preview":"max-video-preview:-1"},"canonical":"https:\/\/progettotouring.it\/radiotouring104\/2025\/09\/30\/elezioni-regionali-marino-invita-allesercizio-del-voto\/","og_locale":"it_IT","og_type":"article","og_title":"Elezioni Regionali: Marino invita all'esercizio del voto","og_description":"\u00abEsercitiamo i nostri diritti, diventiamo protagonisti del nostro futuro\u00bb, dichiara il coordinatore regionale della Rete di Trieste","og_url":"https:\/\/progettotouring.it\/radiotouring104\/2025\/09\/30\/elezioni-regionali-marino-invita-allesercizio-del-voto\/","og_site_name":"Radio Touring 104","article_published_time":"2025-09-30T09:13:31+00:00","article_modified_time":"2025-09-30T10:10:40+00:00","og_image":[{"width":1274,"height":760,"url":"https:\/\/progettotouring.it\/radiotouring104\/wp-content\/uploads\/sites\/6\/2025\/02\/Caterina-Trecoci-Giuseppe-Marino-Giusy-Caminiti-Rete-di-Trieste.png","type":"image\/png"}],"author":"redazione","twitter_card":"summary_large_image","twitter_misc":{"Scritto da":"redazione","Tempo di lettura stimato":"2 minuti"},"schema":{"@context":"https:\/\/schema.org","@graph":[{"@type":"Article","@id":"https:\/\/progettotouring.it\/radiotouring104\/2025\/09\/30\/elezioni-regionali-marino-invita-allesercizio-del-voto\/#article","isPartOf":{"@id":"https:\/\/progettotouring.it\/radiotouring104\/2025\/09\/30\/elezioni-regionali-marino-invita-allesercizio-del-voto\/"},"author":{"name":"redazione","@id":"https:\/\/progettotouring.it\/radiotouring104\/#\/schema\/person\/1b3eb3c07c47136bc44c785c543e635f"},"headline":"Elezioni Regionali: Marino invita all&#8217;esercizio del voto","datePublished":"2025-09-30T09:13:31+00:00","dateModified":"2025-09-30T10:10:40+00:00","mainEntityOfPage":{"@id":"https:\/\/progettotouring.it\/radiotouring104\/2025\/09\/30\/elezioni-regionali-marino-invita-allesercizio-del-voto\/"},"wordCount":458,"publisher":{"@id":"https:\/\/progettotouring.it\/radiotouring104\/#organization"},"image":{"@id":"https:\/\/progettotouring.it\/radiotouring104\/2025\/09\/30\/elezioni-regionali-marino-invita-allesercizio-del-voto\/#primaryimage"},"thumbnailUrl":"https:\/\/progettotouring.it\/radiotouring104\/wp-content\/uploads\/sites\/6\/2025\/02\/Caterina-Trecoci-Giuseppe-Marino-Giusy-Caminiti-Rete-di-Trieste.png","keywords":["Elezioni Regionali","Esercitiamo i nostri diritti","Giuseppe Marino","invito al voto","Rete di Trieste"],"articleSection":["Calabria","Home","News"],"inLanguage":"it-IT"},{"@type":"WebPage","@id":"https:\/\/progettotouring.it\/radiotouring104\/2025\/09\/30\/elezioni-regionali-marino-invita-allesercizio-del-voto\/","url":"https:\/\/progettotouring.it\/radiotouring104\/2025\/09\/30\/elezioni-regionali-marino-invita-allesercizio-del-voto\/","name":"Elezioni Regionali: Marino invita all'esercizio del voto","isPartOf":{"@id":"https:\/\/progettotouring.it\/radiotouring104\/#website"},"primaryImageOfPage":{"@id":"https:\/\/progettotouring.it\/radiotouring104\/2025\/09\/30\/elezioni-regionali-marino-invita-allesercizio-del-voto\/#primaryimage"},"image":{"@id":"https:\/\/progettotouring.it\/radiotouring104\/2025\/09\/30\/elezioni-regionali-marino-invita-allesercizio-del-voto\/#primaryimage"},"thumbnailUrl":"https:\/\/progettotouring.it\/radiotouring104\/wp-content\/uploads\/sites\/6\/2025\/02\/Caterina-Trecoci-Giuseppe-Marino-Giusy-Caminiti-Rete-di-Trieste.png","datePublished":"2025-09-30T09:13:31+00:00","dateModified":"2025-09-30T10:10:40+00:00","description":"\u00abEsercitiamo i nostri diritti, diventiamo protagonisti del nostro futuro\u00bb, dichiara il coordinatore regionale della Rete di Trieste","breadcrumb":{"@id":"https:\/\/progettotouring.it\/radiotouring104\/2025\/09\/30\/elezioni-regionali-marino-invita-allesercizio-del-voto\/#breadcrumb"},"inLanguage":"it-IT","potentialAction":[{"@type":"ReadAction","target":["https:\/\/progettotouring.it\/radiotouring104\/2025\/09\/30\/elezioni-regionali-marino-invita-allesercizio-del-voto\/"]}]},{"@type":"ImageObject","inLanguage":"it-IT","@id":"https:\/\/progettotouring.it\/radiotouring104\/2025\/09\/30\/elezioni-regionali-marino-invita-allesercizio-del-voto\/#primaryimage","url":"https:\/\/progettotouring.it\/radiotouring104\/wp-content\/uploads\/sites\/6\/2025\/02\/Caterina-Trecoci-Giuseppe-Marino-Giusy-Caminiti-Rete-di-Trieste.png","contentUrl":"https:\/\/progettotouring.it\/radiotouring104\/wp-content\/uploads\/sites\/6\/2025\/02\/Caterina-Trecoci-Giuseppe-Marino-Giusy-Caminiti-Rete-di-Trieste.png","width":1274,"height":760},{"@type":"BreadcrumbList","@id":"https:\/\/progettotouring.it\/radiotouring104\/2025\/09\/30\/elezioni-regionali-marino-invita-allesercizio-del-voto\/#breadcrumb","itemListElement":[{"@type":"ListItem","position":1,"name":"Home","item":"https:\/\/progettotouring.it\/radiotouring104\/"},{"@type":"ListItem","position":2,"name":"Elezioni Regionali: Marino invita all&#8217;esercizio del voto"}]},{"@type":"WebSite","@id":"https:\/\/progettotouring.it\/radiotouring104\/#website","url":"https:\/\/progettotouring.it\/radiotouring104\/","name":"Radio Touring 104","description":"La prima radio Reggina","publisher":{"@id":"https:\/\/progettotouring.it\/radiotouring104\/#organization"},"potentialAction":[{"@type":"SearchAction","target":{"@type":"EntryPoint","urlTemplate":"https:\/\/progettotouring.it\/radiotouring104\/?s={search_term_string}"},"query-input":{"@type":"PropertyValueSpecification","valueRequired":true,"valueName":"search_term_string"}}],"inLanguage":"it-IT"},{"@type":"Organization","@id":"https:\/\/progettotouring.it\/radiotouring104\/#organization","name":"Radio Touring 104","url":"https:\/\/progettotouring.it\/radiotouring104\/","logo":{"@type":"ImageObject","inLanguage":"it-IT","@id":"https:\/\/progettotouring.it\/radiotouring104\/#\/schema\/logo\/image\/","url":"https:\/\/progettotouring.it\/radiotouring104\/wp-content\/uploads\/sites\/6\/2022\/02\/cropped-logo-radio-touring-104.png","contentUrl":"https:\/\/progettotouring.it\/radiotouring104\/wp-content\/uploads\/sites\/6\/2022\/02\/cropped-logo-radio-touring-104.png","width":377,"height":182,"caption":"Radio Touring 104"},"image":{"@id":"https:\/\/progettotouring.it\/radiotouring104\/#\/schema\/logo\/image\/"}},{"@type":"Person","@id":"https:\/\/progettotouring.it\/radiotouring104\/#\/schema\/person\/1b3eb3c07c47136bc44c785c543e635f","name":"redazione","image":{"@type":"ImageObject","inLanguage":"it-IT","@id":"https:\/\/secure.gravatar.com\/avatar\/0b31605b49f100769e8b624b3e05de1b73e1692e9568a352f60f53fd072e6e11?s=96&d=mm&r=g","url":"https:\/\/secure.gravatar.com\/avatar\/0b31605b49f100769e8b624b3e05de1b73e1692e9568a352f60f53fd072e6e11?s=96&d=mm&r=g","contentUrl":"https:\/\/secure.gravatar.com\/avatar\/0b31605b49f100769e8b624b3e05de1b73e1692e9568a352f60f53fd072e6e11?s=96&d=mm&r=g","caption":"redazione"},"url":"https:\/\/progettotouring.it\/radiotouring104\/author\/redazione\/"}]}},"jetpack_publicize_connections":[],"jetpack_featured_media_url":"https:\/\/progettotouring.it\/radiotouring104\/wp-content\/uploads\/sites\/6\/2025\/02\/Caterina-Trecoci-Giuseppe-Marino-Giusy-Caminiti-Rete-di-Trieste.png","jetpack_sharing_enabled":true,"_links":{"self":[{"href":"https:\/\/progettotouring.it\/radiotouring104\/wp-json\/wp\/v2\/posts\/82495","targetHints":{"allow":["GET"]}}],"collection":[{"href":"https:\/\/progettotouring.it\/radiotouring104\/wp-json\/wp\/v2\/posts"}],"about":[{"href":"https:\/\/progettotouring.it\/radiotouring104\/wp-json\/wp\/v2\/types\/post"}],"author":[{"embeddable":true,"href":"https:\/\/progettotouring.it\/radiotouring104\/wp-json\/wp\/v2\/users\/5"}],"replies":[{"embeddable":true,"href":"https:\/\/progettotouring.it\/radiotouring104\/wp-json\/wp\/v2\/comments?post=82495"}],"version-history":[{"count":1,"href":"https:\/\/progettotouring.it\/radiotouring104\/wp-json\/wp\/v2\/posts\/82495\/revisions"}],"predecessor-version":[{"id":82496,"href":"https:\/\/progettotouring.it\/radiotouring104\/wp-json\/wp\/v2\/posts\/82495\/revisions\/82496"}],"wp:featuredmedia":[{"embeddable":true,"href":"https:\/\/progettotouring.it\/radiotouring104\/wp-json\/wp\/v2\/media\/67558"}],"wp:attachment":[{"href":"https:\/\/progettotouring.it\/radiotouring104\/wp-json\/wp\/v2\/media?parent=82495"}],"wp:term":[{"taxonomy":"category","embeddable":true,"href":"https:\/\/progettotouring.it\/radiotouring104\/wp-json\/wp\/v2\/categories?post=82495"},{"taxonomy":"post_tag","embeddable":true,"href":"https:\/\/progettotouring.it\/radiotouring104\/wp-json\/wp\/v2\/tags?post=82495"}],"curies":[{"name":"wp","href":"https:\/\/api.w.org\/{rel}","templated":true}]}}