{"id":82501,"date":"2025-09-30T11:41:34","date_gmt":"2025-09-30T09:41:34","guid":{"rendered":"https:\/\/progettotouring.it\/radiotouring104\/?p=82501"},"modified":"2025-09-30T12:10:21","modified_gmt":"2025-09-30T10:10:21","slug":"reggio-falcomata-annuncia-lavvio-dei-lavori-del-progetto-ri-co-po","status":"publish","type":"post","link":"https:\/\/progettotouring.it\/radiotouring104\/2025\/09\/30\/reggio-falcomata-annuncia-lavvio-dei-lavori-del-progetto-ri-co-po\/","title":{"rendered":"Reggio: Falcomat\u00e0 annuncia l&#8217;avvio dei lavori del progetto RI.CO.PO"},"content":{"rendered":"<div class=\"msg-view-text-cnt\">\n<div class=\"xam_msg_class\">\n<div dir=\"ltr\">\u00abSono partiti in questi giorni i lavori del progetto<a href=\"http:\/\/ri.co\/\" target=\"_blank\" rel=\"noopener noreferrer\">\u00a0RI.CO<\/a>.PO. (Rigenerazione, Connessione e Potenziamento), un grande intervento da 20 milioni di euro articolato in cinque lotti\u00bb. A darne notizia \u00e8 il sindaco Giuseppe Falcomat\u00e0, insieme al consigliere comunale delegato al Decoro urbano e ai Parchi e giardini, Massimiliano Merenda.<\/div>\n<div dir=\"ltr\"><\/div>\n<div dir=\"ltr\">\u00abL\u2019obiettivo \u00e8 la rigenerazione urbana e ambientale dell\u2019area compresa tra la Fiumara Calopinace, il Parco Urbano Lineare Sud, la Fiumara Sant\u2019Agata e l\u2019ambito della zona \u201cLa Sorgente &#8211; Sabbie Bianche\u201d \u2013 ha chiarito il sindaco \u2013 il progetto prevede: riqualificazione del verde urbano, arredi, strade e piste ciclabili; creazione di aree attrezzate per lo sport, giardini e piazze storiche complesse; interventi di manutenzione viaria e potenziamento degli accessi ciclopedonali al mare. In particolare: alla foce della Fiumara Sant\u2019Agata saranno realizzate opere ambientali e percorsi per la fruizione dell\u2019area; nel Giardino di Fata Morgana sar\u00e0 riqualificata un\u2019area degradata, trasformandola in giardino pubblico sul lungomare sud e verr\u00e0 creato un parcheggio; alla foce del Calopinace sar\u00e0 valorizzato l\u2019accesso ciclopedonale al mare attraverso il recupero del sottopasso ferroviario; su Via Pugliese e Via Gebbione sono previsti interventi di manutenzione ordinaria e straordinaria della viabilit\u00e0; lungo Via Argine Sinistro e Destro Calopinace saranno sistemate e riqualificate le aiuole vegetali, cos\u00ec come quelle lungo la strada ad alto scorrimento. Un ulteriore e corposo investimento per migliorare la qualit\u00e0 della vita, rafforzare la connessione tra citt\u00e0 e mare e dare nuovo valore agli spazi urbani ed ambientali\u00bb.<\/div>\n<div dir=\"ltr\"><\/div>\n<div dir=\"ltr\">\u00abUn progetto finanziato dal PNRR per circa 20 milioni di euro che consentir\u00e0 di riqualificare e recuperare diversi siti migliorandone l\u2019aspetto la funzionalit\u00e0 e la qualit\u00e0 della vita dei nostri concittadini \u2013 ha aggiunto il consigliere Merenda &#8211; le aree interessate sono cinque: i lavori sono gi\u00e0 iniziati nei due lotti che riguardano il giardino della Fata Morgana e le vie Gebbione e Pugliese. Su tutte le aree di<a href=\"http:\/\/ri.co\/\" target=\"_blank\" rel=\"noopener noreferrer\">\u00a0RI.CO<\/a>.PO. \u00e8 prevista la manutenzione del verde per un anno. Un\u2019opera fortemente voluta dal nostro Sindaco Falcomat\u00e0 che ha visto impegnato un gruppo di tecnici specialisti nella progettazione e gli uffici del Settore lavori Pubblici per un lavoro di squadra decisivo per l\u2019inizio dei lavori. A loro tutti il mio pi\u00f9 sentito ringraziamento. La citt\u00e0 \u2013 ha concluso il delegato Merenda &#8211; grazie ai tanti interventi di rigenerazione sta cambiando e migliorando. C\u2019\u00e8 ancora tanto da fare ma l\u2019Amministrazione comunale sar\u00e0 sempre pronta e presente con un unico obiettivo: rendere la citt\u00e0 pi\u00f9 bella e moderna. Ogni intervento rappresenta uno step ulteriore verso una comunit\u00e0 che cresce con lo sguardo al futuro\u00bb.<\/div>\n<\/div>\n<\/div>\n<div class=\"msg-view-attach-preview\">\n<div id=\"uiLogic_webmail__view_AttachmentsImageBlock_0\" class=\"attachmentsBlock\" role=\"group\"><\/div>\n<\/div>\n","protected":false},"excerpt":{"rendered":"<p>\u00abSono partiti in questi giorni i lavori del progetto\u00a0RI.CO.PO. (Rigenerazione, Connessione e Potenziamento), un grande intervento da 20 milioni di euro articolato in cinque lotti\u00bb. A darne notizia \u00e8 il&hellip;<\/p>\n","protected":false},"author":5,"featured_media":82502,"comment_status":"closed","ping_status":"open","sticky":false,"template":"","format":"standard","meta":{"_jetpack_memberships_contains_paid_content":false,"footnotes":"","jetpack_publicize_message":"","jetpack_publicize_feature_enabled":true,"jetpack_social_post_already_shared":true,"jetpack_social_options":{"image_generator_settings":{"template":"highway","default_image_id":0,"font":"","enabled":false},"version":2}},"categories":[921,196,140],"tags":[47878,30465,3639,47876,3500,47877],"class_list":["post-82501","post","type-post","status-publish","format-standard","has-post-thumbnail","hentry","category-home","category-news","category-reggio-calabria","tag-ambientale","tag-falcomata-giuseppe","tag-massimiliano-merenda","tag-progetto-ri-co-po","tag-rigenerazione-urbana","tag-venti-milioni-di-euro"],"yoast_head":"<!-- This site is optimized with the Yoast SEO plugin v27.2 - https:\/\/yoast.com\/product\/yoast-seo-wordpress\/ -->\n<title>Reggio: Falcomat\u00e0 annuncia l&#039;avvio lavori del progetto RI.CO.PO<\/title>\n<meta name=\"description\" content=\"\u00abVenti milioni di euro per un progetto di rigenerazione urbana e ambientale\u00bb, annuncia il Sindaco Falcomat\u00e0\" \/>\n<meta name=\"robots\" content=\"index, follow, max-snippet:-1, max-image-preview:large, max-video-preview:-1\" \/>\n<link rel=\"canonical\" href=\"https:\/\/progettotouring.it\/radiotouring104\/2025\/09\/30\/reggio-falcomata-annuncia-lavvio-dei-lavori-del-progetto-ri-co-po\/\" \/>\n<meta property=\"og:locale\" content=\"it_IT\" \/>\n<meta property=\"og:type\" content=\"article\" \/>\n<meta property=\"og:title\" content=\"Reggio: Falcomat\u00e0 annuncia l&#039;avvio lavori del progetto RI.CO.PO\" \/>\n<meta property=\"og:description\" content=\"\u00abVenti milioni di euro per un progetto di rigenerazione urbana e ambientale\u00bb, annuncia il Sindaco Falcomat\u00e0\" \/>\n<meta property=\"og:url\" content=\"https:\/\/progettotouring.it\/radiotouring104\/2025\/09\/30\/reggio-falcomata-annuncia-lavvio-dei-lavori-del-progetto-ri-co-po\/\" \/>\n<meta property=\"og:site_name\" content=\"Radio Touring 104\" \/>\n<meta property=\"article:published_time\" content=\"2025-09-30T09:41:34+00:00\" \/>\n<meta property=\"article:modified_time\" content=\"2025-09-30T10:10:21+00:00\" \/>\n<meta property=\"og:image\" content=\"https:\/\/progettotouring.it\/radiotouring104\/wp-content\/uploads\/sites\/6\/2025\/09\/Progetto-RI.CO_.PO_.-8.jpeg\" \/>\n\t<meta property=\"og:image:width\" content=\"1600\" \/>\n\t<meta property=\"og:image:height\" content=\"841\" \/>\n\t<meta property=\"og:image:type\" content=\"image\/jpeg\" \/>\n<meta name=\"author\" content=\"redazione\" \/>\n<meta name=\"twitter:card\" content=\"summary_large_image\" \/>\n<meta name=\"twitter:label1\" content=\"Scritto da\" \/>\n\t<meta name=\"twitter:data1\" content=\"redazione\" \/>\n\t<meta name=\"twitter:label2\" content=\"Tempo di lettura stimato\" \/>\n\t<meta name=\"twitter:data2\" content=\"2 minuti\" \/>\n<script type=\"application\/ld+json\" class=\"yoast-schema-graph\">{\"@context\":\"https:\/\/schema.org\",\"@graph\":[{\"@type\":\"Article\",\"@id\":\"https:\/\/progettotouring.it\/radiotouring104\/2025\/09\/30\/reggio-falcomata-annuncia-lavvio-dei-lavori-del-progetto-ri-co-po\/#article\",\"isPartOf\":{\"@id\":\"https:\/\/progettotouring.it\/radiotouring104\/2025\/09\/30\/reggio-falcomata-annuncia-lavvio-dei-lavori-del-progetto-ri-co-po\/\"},\"author\":{\"name\":\"redazione\",\"@id\":\"https:\/\/progettotouring.it\/radiotouring104\/#\/schema\/person\/1b3eb3c07c47136bc44c785c543e635f\"},\"headline\":\"Reggio: Falcomat\u00e0 annuncia l&#8217;avvio dei lavori del progetto RI.CO.PO\",\"datePublished\":\"2025-09-30T09:41:34+00:00\",\"dateModified\":\"2025-09-30T10:10:21+00:00\",\"mainEntityOfPage\":{\"@id\":\"https:\/\/progettotouring.it\/radiotouring104\/2025\/09\/30\/reggio-falcomata-annuncia-lavvio-dei-lavori-del-progetto-ri-co-po\/\"},\"wordCount\":439,\"publisher\":{\"@id\":\"https:\/\/progettotouring.it\/radiotouring104\/#organization\"},\"image\":{\"@id\":\"https:\/\/progettotouring.it\/radiotouring104\/2025\/09\/30\/reggio-falcomata-annuncia-lavvio-dei-lavori-del-progetto-ri-co-po\/#primaryimage\"},\"thumbnailUrl\":\"https:\/\/progettotouring.it\/radiotouring104\/wp-content\/uploads\/sites\/6\/2025\/09\/Progetto-RI.CO_.PO_.-8.jpeg\",\"keywords\":[\"ambientale\",\"Falcomat\u00e0 Giuseppe\",\"Massimiliano Merenda\",\"progetto RI.CO.PO\",\"rigenerazione urbana\",\"Venti milioni di euro\"],\"articleSection\":[\"Home\",\"News\",\"Reggio Calabria\"],\"inLanguage\":\"it-IT\"},{\"@type\":\"WebPage\",\"@id\":\"https:\/\/progettotouring.it\/radiotouring104\/2025\/09\/30\/reggio-falcomata-annuncia-lavvio-dei-lavori-del-progetto-ri-co-po\/\",\"url\":\"https:\/\/progettotouring.it\/radiotouring104\/2025\/09\/30\/reggio-falcomata-annuncia-lavvio-dei-lavori-del-progetto-ri-co-po\/\",\"name\":\"Reggio: Falcomat\u00e0 annuncia l'avvio lavori del progetto RI.CO.PO\",\"isPartOf\":{\"@id\":\"https:\/\/progettotouring.it\/radiotouring104\/#website\"},\"primaryImageOfPage\":{\"@id\":\"https:\/\/progettotouring.it\/radiotouring104\/2025\/09\/30\/reggio-falcomata-annuncia-lavvio-dei-lavori-del-progetto-ri-co-po\/#primaryimage\"},\"image\":{\"@id\":\"https:\/\/progettotouring.it\/radiotouring104\/2025\/09\/30\/reggio-falcomata-annuncia-lavvio-dei-lavori-del-progetto-ri-co-po\/#primaryimage\"},\"thumbnailUrl\":\"https:\/\/progettotouring.it\/radiotouring104\/wp-content\/uploads\/sites\/6\/2025\/09\/Progetto-RI.CO_.PO_.-8.jpeg\",\"datePublished\":\"2025-09-30T09:41:34+00:00\",\"dateModified\":\"2025-09-30T10:10:21+00:00\",\"description\":\"\u00abVenti milioni di euro per un progetto di rigenerazione urbana e ambientale\u00bb, annuncia il Sindaco Falcomat\u00e0\",\"breadcrumb\":{\"@id\":\"https:\/\/progettotouring.it\/radiotouring104\/2025\/09\/30\/reggio-falcomata-annuncia-lavvio-dei-lavori-del-progetto-ri-co-po\/#breadcrumb\"},\"inLanguage\":\"it-IT\",\"potentialAction\":[{\"@type\":\"ReadAction\",\"target\":[\"https:\/\/progettotouring.it\/radiotouring104\/2025\/09\/30\/reggio-falcomata-annuncia-lavvio-dei-lavori-del-progetto-ri-co-po\/\"]}]},{\"@type\":\"ImageObject\",\"inLanguage\":\"it-IT\",\"@id\":\"https:\/\/progettotouring.it\/radiotouring104\/2025\/09\/30\/reggio-falcomata-annuncia-lavvio-dei-lavori-del-progetto-ri-co-po\/#primaryimage\",\"url\":\"https:\/\/progettotouring.it\/radiotouring104\/wp-content\/uploads\/sites\/6\/2025\/09\/Progetto-RI.CO_.PO_.-8.jpeg\",\"contentUrl\":\"https:\/\/progettotouring.it\/radiotouring104\/wp-content\/uploads\/sites\/6\/2025\/09\/Progetto-RI.CO_.PO_.-8.jpeg\",\"width\":1600,\"height\":841},{\"@type\":\"BreadcrumbList\",\"@id\":\"https:\/\/progettotouring.it\/radiotouring104\/2025\/09\/30\/reggio-falcomata-annuncia-lavvio-dei-lavori-del-progetto-ri-co-po\/#breadcrumb\",\"itemListElement\":[{\"@type\":\"ListItem\",\"position\":1,\"name\":\"Home\",\"item\":\"https:\/\/progettotouring.it\/radiotouring104\/\"},{\"@type\":\"ListItem\",\"position\":2,\"name\":\"Reggio: Falcomat\u00e0 annuncia l&#8217;avvio dei lavori del progetto RI.CO.PO\"}]},{\"@type\":\"WebSite\",\"@id\":\"https:\/\/progettotouring.it\/radiotouring104\/#website\",\"url\":\"https:\/\/progettotouring.it\/radiotouring104\/\",\"name\":\"Radio Touring 104\",\"description\":\"La prima radio Reggina\",\"publisher\":{\"@id\":\"https:\/\/progettotouring.it\/radiotouring104\/#organization\"},\"potentialAction\":[{\"@type\":\"SearchAction\",\"target\":{\"@type\":\"EntryPoint\",\"urlTemplate\":\"https:\/\/progettotouring.it\/radiotouring104\/?s={search_term_string}\"},\"query-input\":{\"@type\":\"PropertyValueSpecification\",\"valueRequired\":true,\"valueName\":\"search_term_string\"}}],\"inLanguage\":\"it-IT\"},{\"@type\":\"Organization\",\"@id\":\"https:\/\/progettotouring.it\/radiotouring104\/#organization\",\"name\":\"Radio Touring 104\",\"url\":\"https:\/\/progettotouring.it\/radiotouring104\/\",\"logo\":{\"@type\":\"ImageObject\",\"inLanguage\":\"it-IT\",\"@id\":\"https:\/\/progettotouring.it\/radiotouring104\/#\/schema\/logo\/image\/\",\"url\":\"https:\/\/progettotouring.it\/radiotouring104\/wp-content\/uploads\/sites\/6\/2022\/02\/cropped-logo-radio-touring-104.png\",\"contentUrl\":\"https:\/\/progettotouring.it\/radiotouring104\/wp-content\/uploads\/sites\/6\/2022\/02\/cropped-logo-radio-touring-104.png\",\"width\":377,\"height\":182,\"caption\":\"Radio Touring 104\"},\"image\":{\"@id\":\"https:\/\/progettotouring.it\/radiotouring104\/#\/schema\/logo\/image\/\"}},{\"@type\":\"Person\",\"@id\":\"https:\/\/progettotouring.it\/radiotouring104\/#\/schema\/person\/1b3eb3c07c47136bc44c785c543e635f\",\"name\":\"redazione\",\"image\":{\"@type\":\"ImageObject\",\"inLanguage\":\"it-IT\",\"@id\":\"https:\/\/secure.gravatar.com\/avatar\/0b31605b49f100769e8b624b3e05de1b73e1692e9568a352f60f53fd072e6e11?s=96&d=mm&r=g\",\"url\":\"https:\/\/secure.gravatar.com\/avatar\/0b31605b49f100769e8b624b3e05de1b73e1692e9568a352f60f53fd072e6e11?s=96&d=mm&r=g\",\"contentUrl\":\"https:\/\/secure.gravatar.com\/avatar\/0b31605b49f100769e8b624b3e05de1b73e1692e9568a352f60f53fd072e6e11?s=96&d=mm&r=g\",\"caption\":\"redazione\"},\"url\":\"https:\/\/progettotouring.it\/radiotouring104\/author\/redazione\/\"}]}<\/script>\n<!-- \/ Yoast SEO plugin. -->","yoast_head_json":{"title":"Reggio: Falcomat\u00e0 annuncia l'avvio lavori del progetto RI.CO.PO","description":"\u00abVenti milioni di euro per un progetto di rigenerazione urbana e ambientale\u00bb, annuncia il Sindaco Falcomat\u00e0","robots":{"index":"index","follow":"follow","max-snippet":"max-snippet:-1","max-image-preview":"max-image-preview:large","max-video-preview":"max-video-preview:-1"},"canonical":"https:\/\/progettotouring.it\/radiotouring104\/2025\/09\/30\/reggio-falcomata-annuncia-lavvio-dei-lavori-del-progetto-ri-co-po\/","og_locale":"it_IT","og_type":"article","og_title":"Reggio: Falcomat\u00e0 annuncia l'avvio lavori del progetto RI.CO.PO","og_description":"\u00abVenti milioni di euro per un progetto di rigenerazione urbana e ambientale\u00bb, annuncia il Sindaco Falcomat\u00e0","og_url":"https:\/\/progettotouring.it\/radiotouring104\/2025\/09\/30\/reggio-falcomata-annuncia-lavvio-dei-lavori-del-progetto-ri-co-po\/","og_site_name":"Radio Touring 104","article_published_time":"2025-09-30T09:41:34+00:00","article_modified_time":"2025-09-30T10:10:21+00:00","og_image":[{"width":1600,"height":841,"url":"https:\/\/progettotouring.it\/radiotouring104\/wp-content\/uploads\/sites\/6\/2025\/09\/Progetto-RI.CO_.PO_.-8.jpeg","type":"image\/jpeg"}],"author":"redazione","twitter_card":"summary_large_image","twitter_misc":{"Scritto da":"redazione","Tempo di lettura stimato":"2 minuti"},"schema":{"@context":"https:\/\/schema.org","@graph":[{"@type":"Article","@id":"https:\/\/progettotouring.it\/radiotouring104\/2025\/09\/30\/reggio-falcomata-annuncia-lavvio-dei-lavori-del-progetto-ri-co-po\/#article","isPartOf":{"@id":"https:\/\/progettotouring.it\/radiotouring104\/2025\/09\/30\/reggio-falcomata-annuncia-lavvio-dei-lavori-del-progetto-ri-co-po\/"},"author":{"name":"redazione","@id":"https:\/\/progettotouring.it\/radiotouring104\/#\/schema\/person\/1b3eb3c07c47136bc44c785c543e635f"},"headline":"Reggio: Falcomat\u00e0 annuncia l&#8217;avvio dei lavori del progetto RI.CO.PO","datePublished":"2025-09-30T09:41:34+00:00","dateModified":"2025-09-30T10:10:21+00:00","mainEntityOfPage":{"@id":"https:\/\/progettotouring.it\/radiotouring104\/2025\/09\/30\/reggio-falcomata-annuncia-lavvio-dei-lavori-del-progetto-ri-co-po\/"},"wordCount":439,"publisher":{"@id":"https:\/\/progettotouring.it\/radiotouring104\/#organization"},"image":{"@id":"https:\/\/progettotouring.it\/radiotouring104\/2025\/09\/30\/reggio-falcomata-annuncia-lavvio-dei-lavori-del-progetto-ri-co-po\/#primaryimage"},"thumbnailUrl":"https:\/\/progettotouring.it\/radiotouring104\/wp-content\/uploads\/sites\/6\/2025\/09\/Progetto-RI.CO_.PO_.-8.jpeg","keywords":["ambientale","Falcomat\u00e0 Giuseppe","Massimiliano Merenda","progetto RI.CO.PO","rigenerazione urbana","Venti milioni di euro"],"articleSection":["Home","News","Reggio Calabria"],"inLanguage":"it-IT"},{"@type":"WebPage","@id":"https:\/\/progettotouring.it\/radiotouring104\/2025\/09\/30\/reggio-falcomata-annuncia-lavvio-dei-lavori-del-progetto-ri-co-po\/","url":"https:\/\/progettotouring.it\/radiotouring104\/2025\/09\/30\/reggio-falcomata-annuncia-lavvio-dei-lavori-del-progetto-ri-co-po\/","name":"Reggio: Falcomat\u00e0 annuncia l'avvio lavori del progetto RI.CO.PO","isPartOf":{"@id":"https:\/\/progettotouring.it\/radiotouring104\/#website"},"primaryImageOfPage":{"@id":"https:\/\/progettotouring.it\/radiotouring104\/2025\/09\/30\/reggio-falcomata-annuncia-lavvio-dei-lavori-del-progetto-ri-co-po\/#primaryimage"},"image":{"@id":"https:\/\/progettotouring.it\/radiotouring104\/2025\/09\/30\/reggio-falcomata-annuncia-lavvio-dei-lavori-del-progetto-ri-co-po\/#primaryimage"},"thumbnailUrl":"https:\/\/progettotouring.it\/radiotouring104\/wp-content\/uploads\/sites\/6\/2025\/09\/Progetto-RI.CO_.PO_.-8.jpeg","datePublished":"2025-09-30T09:41:34+00:00","dateModified":"2025-09-30T10:10:21+00:00","description":"\u00abVenti milioni di euro per un progetto di rigenerazione urbana e ambientale\u00bb, annuncia il Sindaco Falcomat\u00e0","breadcrumb":{"@id":"https:\/\/progettotouring.it\/radiotouring104\/2025\/09\/30\/reggio-falcomata-annuncia-lavvio-dei-lavori-del-progetto-ri-co-po\/#breadcrumb"},"inLanguage":"it-IT","potentialAction":[{"@type":"ReadAction","target":["https:\/\/progettotouring.it\/radiotouring104\/2025\/09\/30\/reggio-falcomata-annuncia-lavvio-dei-lavori-del-progetto-ri-co-po\/"]}]},{"@type":"ImageObject","inLanguage":"it-IT","@id":"https:\/\/progettotouring.it\/radiotouring104\/2025\/09\/30\/reggio-falcomata-annuncia-lavvio-dei-lavori-del-progetto-ri-co-po\/#primaryimage","url":"https:\/\/progettotouring.it\/radiotouring104\/wp-content\/uploads\/sites\/6\/2025\/09\/Progetto-RI.CO_.PO_.-8.jpeg","contentUrl":"https:\/\/progettotouring.it\/radiotouring104\/wp-content\/uploads\/sites\/6\/2025\/09\/Progetto-RI.CO_.PO_.-8.jpeg","width":1600,"height":841},{"@type":"BreadcrumbList","@id":"https:\/\/progettotouring.it\/radiotouring104\/2025\/09\/30\/reggio-falcomata-annuncia-lavvio-dei-lavori-del-progetto-ri-co-po\/#breadcrumb","itemListElement":[{"@type":"ListItem","position":1,"name":"Home","item":"https:\/\/progettotouring.it\/radiotouring104\/"},{"@type":"ListItem","position":2,"name":"Reggio: Falcomat\u00e0 annuncia l&#8217;avvio dei lavori del progetto RI.CO.PO"}]},{"@type":"WebSite","@id":"https:\/\/progettotouring.it\/radiotouring104\/#website","url":"https:\/\/progettotouring.it\/radiotouring104\/","name":"Radio Touring 104","description":"La prima radio Reggina","publisher":{"@id":"https:\/\/progettotouring.it\/radiotouring104\/#organization"},"potentialAction":[{"@type":"SearchAction","target":{"@type":"EntryPoint","urlTemplate":"https:\/\/progettotouring.it\/radiotouring104\/?s={search_term_string}"},"query-input":{"@type":"PropertyValueSpecification","valueRequired":true,"valueName":"search_term_string"}}],"inLanguage":"it-IT"},{"@type":"Organization","@id":"https:\/\/progettotouring.it\/radiotouring104\/#organization","name":"Radio Touring 104","url":"https:\/\/progettotouring.it\/radiotouring104\/","logo":{"@type":"ImageObject","inLanguage":"it-IT","@id":"https:\/\/progettotouring.it\/radiotouring104\/#\/schema\/logo\/image\/","url":"https:\/\/progettotouring.it\/radiotouring104\/wp-content\/uploads\/sites\/6\/2022\/02\/cropped-logo-radio-touring-104.png","contentUrl":"https:\/\/progettotouring.it\/radiotouring104\/wp-content\/uploads\/sites\/6\/2022\/02\/cropped-logo-radio-touring-104.png","width":377,"height":182,"caption":"Radio Touring 104"},"image":{"@id":"https:\/\/progettotouring.it\/radiotouring104\/#\/schema\/logo\/image\/"}},{"@type":"Person","@id":"https:\/\/progettotouring.it\/radiotouring104\/#\/schema\/person\/1b3eb3c07c47136bc44c785c543e635f","name":"redazione","image":{"@type":"ImageObject","inLanguage":"it-IT","@id":"https:\/\/secure.gravatar.com\/avatar\/0b31605b49f100769e8b624b3e05de1b73e1692e9568a352f60f53fd072e6e11?s=96&d=mm&r=g","url":"https:\/\/secure.gravatar.com\/avatar\/0b31605b49f100769e8b624b3e05de1b73e1692e9568a352f60f53fd072e6e11?s=96&d=mm&r=g","contentUrl":"https:\/\/secure.gravatar.com\/avatar\/0b31605b49f100769e8b624b3e05de1b73e1692e9568a352f60f53fd072e6e11?s=96&d=mm&r=g","caption":"redazione"},"url":"https:\/\/progettotouring.it\/radiotouring104\/author\/redazione\/"}]}},"jetpack_publicize_connections":[],"jetpack_featured_media_url":"https:\/\/progettotouring.it\/radiotouring104\/wp-content\/uploads\/sites\/6\/2025\/09\/Progetto-RI.CO_.PO_.-8.jpeg","jetpack_sharing_enabled":true,"_links":{"self":[{"href":"https:\/\/progettotouring.it\/radiotouring104\/wp-json\/wp\/v2\/posts\/82501","targetHints":{"allow":["GET"]}}],"collection":[{"href":"https:\/\/progettotouring.it\/radiotouring104\/wp-json\/wp\/v2\/posts"}],"about":[{"href":"https:\/\/progettotouring.it\/radiotouring104\/wp-json\/wp\/v2\/types\/post"}],"author":[{"embeddable":true,"href":"https:\/\/progettotouring.it\/radiotouring104\/wp-json\/wp\/v2\/users\/5"}],"replies":[{"embeddable":true,"href":"https:\/\/progettotouring.it\/radiotouring104\/wp-json\/wp\/v2\/comments?post=82501"}],"version-history":[{"count":1,"href":"https:\/\/progettotouring.it\/radiotouring104\/wp-json\/wp\/v2\/posts\/82501\/revisions"}],"predecessor-version":[{"id":82503,"href":"https:\/\/progettotouring.it\/radiotouring104\/wp-json\/wp\/v2\/posts\/82501\/revisions\/82503"}],"wp:featuredmedia":[{"embeddable":true,"href":"https:\/\/progettotouring.it\/radiotouring104\/wp-json\/wp\/v2\/media\/82502"}],"wp:attachment":[{"href":"https:\/\/progettotouring.it\/radiotouring104\/wp-json\/wp\/v2\/media?parent=82501"}],"wp:term":[{"taxonomy":"category","embeddable":true,"href":"https:\/\/progettotouring.it\/radiotouring104\/wp-json\/wp\/v2\/categories?post=82501"},{"taxonomy":"post_tag","embeddable":true,"href":"https:\/\/progettotouring.it\/radiotouring104\/wp-json\/wp\/v2\/tags?post=82501"}],"curies":[{"name":"wp","href":"https:\/\/api.w.org\/{rel}","templated":true}]}}