{"id":82514,"date":"2025-09-30T12:26:06","date_gmt":"2025-09-30T10:26:06","guid":{"rendered":"https:\/\/progettotouring.it\/radiotouring104\/?p=82514"},"modified":"2025-09-30T12:30:40","modified_gmt":"2025-09-30T10:30:40","slug":"reggio-mobilita-gratuita-per-gli-studenti-ed-il-personale-della-mediterranea","status":"publish","type":"post","link":"https:\/\/progettotouring.it\/radiotouring104\/2025\/09\/30\/reggio-mobilita-gratuita-per-gli-studenti-ed-il-personale-della-mediterranea\/","title":{"rendered":"Reggio: mobilit\u00e0 gratuita per gli studenti ed il personale della Mediterranea"},"content":{"rendered":"<div class=\"xmprfx_elementToProof\">L\u2019Universit\u00e0 Mediterranea di Reggio Calabria rafforza il suo volto di comunit\u00e0 sempre pi\u00f9 inclusiva che si qualifica per le azioni e per i percorsi di equit\u00e0, accessibilit\u00e0 e solidariet\u00e0 messi in essere a supporto dei suoi giovani. Va in questa direzione la decisione di\u00a0<b>estendere la copertura dei servizi di trasporto pubblico gratuiti per gli studenti e per tutto il personale universitario\u00a0<\/b>che avranno cos\u00ec la possibilit\u00e0 di viaggiare su alcune linee di trasporto pubblico urbano nel comune di Reggio Calabria.<\/div>\n<div><\/div>\n<div class=\"xmprfx_elementToProof\">Il servizio attivato dall&#8217;Ateneo reggino con ATAM prevede nuove agevolazioni nel campo della mobilit\u00e0 per la comunit\u00e0 studentesca da usufruire all&#8217;interno del territorio metropolitano e realizza un significativo salto di qualit\u00e0.<br \/>\nInizialmente, infatti, l\u2019accordo comprendeva le linee 27 e 28 che assicurano la copertura dei territori a sud dall\u2019area urbana ed in particolare dall\u2019aeroporto fino ai plessi universitari di architettura, giurisprudenza\/economia, scienze umane, ingegneria ed agraria.<\/div>\n<div><\/div>\n<div class=\"xmprfx_elementToProof\">Dall\u2019anno accademico 2025-2026 si amplia la rete dei trasporti gratuiti\u00a0per gli studenti della Mediterranea nella citt\u00e0 di Reggio Calabria, la copertura gratuit\u00e0 sar\u00e0 assicurata per i territori a nord con le linee 12-14 (Archi Cep o Gallina &#8211; Viale A. Moro &#8211; Polo Sanitario Sud), la linea 102 (Catona Concessa &#8211; Viale Calabria &#8211; Terminal Botteghelle), la Linea 103 (Catona Bolano &#8211; Stazione FS Centrale &#8211; Viale Calabria &#8211; Terminal Botteghelle). La gratuit\u00e0 per le linee aggiuntive \u00e8 valida nei giorni feriali.<\/div>\n<div><\/div>\n<div class=\"xmprfx_elementToProof\">Queste linee servono i quartieri di Santa Caterina, Pentimele, Archi, Gallico e Catona.<\/div>\n<div class=\"xmprfx_elementToProof\">Infine, anche in considerazione della attivazione della Azienda agraria, sar\u00e0 possibile viaggiare gratuitamente sulle corse della linea 118 che collega Armo, Gallina, Arangea e Ravagnese al centro urbano. Si suggerisce agli studenti di scaricare l\u2019app \u201cATAM\u201d per acquisire informazioni anche in tempo reale sui servizi di trasporto erogati.<\/div>\n<div><\/div>\n<div class=\"xmprfx_elementToProof\">Soddisfazione viene espressa dal rettore dell\u2019Ateneo reggino<b>, prof. Giuseppe Zimbalatti<\/b>\u00a0che ribadisce \u201c<i>l&#8217;impegno rivolto non solo ad elevare ed innovare l&#8217;offerta formativa ma anche a rafforzare l&#8217;attenzione sociale dell&#8217;Ateneo reggino, promuovendo, tra le altre cose, la rimozione delle barriere di natura economico-sociale e individuale e potenziando i servizi per lo studente, dando centralit\u00e0 al suo diritto allo studio ed ai suoi bisogni. In questo contesto<\/i>\u00a0<b>&#8211; sottolinea il rettore Zimbalatti<\/b>\u00a0&#8211;\u00a0<i>favorire la accessibilit\u00e0 ai plessi universitari rappresenta una priorit\u00e0 di questa amministrazione<\/i>.\u00a0<i>Dunque, risultato importante grazie all\u2019 impegno del delegato alla mobilit\u00e0, il prof. Corrado Rindone, conseguito attivando tutti i possibili canali istituzionali con l&#8217;obiettivo di connettere ulteriormente l\u2019Universit\u00e0 alla Citt\u00e0 metropolitana, all\u2019area dello Stretto ed alle regioni Calabria e Sicilia<\/i>\u201d.<\/div>\n","protected":false},"excerpt":{"rendered":"<p>L\u2019Universit\u00e0 Mediterranea di Reggio Calabria rafforza il suo volto di comunit\u00e0 sempre pi\u00f9 inclusiva che si qualifica per le azioni e per i percorsi di equit\u00e0, accessibilit\u00e0 e solidariet\u00e0 messi&hellip;<\/p>\n","protected":false},"author":5,"featured_media":82515,"comment_status":"closed","ping_status":"open","sticky":false,"template":"","format":"standard","meta":{"_jetpack_memberships_contains_paid_content":false,"footnotes":"","jetpack_publicize_message":"","jetpack_publicize_feature_enabled":true,"jetpack_social_post_already_shared":true,"jetpack_social_options":{"image_generator_settings":{"template":"highway","default_image_id":0,"font":"","enabled":false},"version":2}},"categories":[921,196,140],"tags":[47889,47887,47888,2145,40438],"class_list":["post-82514","post","type-post","status-publish","format-standard","has-post-thumbnail","hentry","category-home","category-news","category-reggio-calabria","tag-estenzione-servizio-trasporto-pubblico","tag-mobilita-gratuita","tag-personale-universitario","tag-studenti","tag-universita-mediteranea"],"yoast_head":"<!-- This site is optimized with the Yoast SEO plugin v27.2 - https:\/\/yoast.com\/product\/yoast-seo-wordpress\/ -->\n<title>Reggio: mobilit\u00e0 gratuita per gli studenti ed il personale della Mediterranea - Radio Touring 104<\/title>\n<meta name=\"description\" content=\"L&#039;Ateneo reggino rende noto di aver esteso la copertura dei servizi di trasporto pubblico gratuiti per studenti ed il personale universitario\" \/>\n<meta name=\"robots\" content=\"index, follow, max-snippet:-1, max-image-preview:large, max-video-preview:-1\" \/>\n<link rel=\"canonical\" href=\"https:\/\/progettotouring.it\/radiotouring104\/2025\/09\/30\/reggio-mobilita-gratuita-per-gli-studenti-ed-il-personale-della-mediterranea\/\" \/>\n<meta property=\"og:locale\" content=\"it_IT\" \/>\n<meta property=\"og:type\" content=\"article\" \/>\n<meta property=\"og:title\" content=\"Reggio: mobilit\u00e0 gratuita per gli studenti ed il personale della Mediterranea - Radio Touring 104\" \/>\n<meta property=\"og:description\" content=\"L&#039;Ateneo reggino rende noto di aver esteso la copertura dei servizi di trasporto pubblico gratuiti per studenti ed il personale universitario\" \/>\n<meta property=\"og:url\" content=\"https:\/\/progettotouring.it\/radiotouring104\/2025\/09\/30\/reggio-mobilita-gratuita-per-gli-studenti-ed-il-personale-della-mediterranea\/\" \/>\n<meta property=\"og:site_name\" content=\"Radio Touring 104\" \/>\n<meta property=\"article:published_time\" content=\"2025-09-30T10:26:06+00:00\" \/>\n<meta property=\"article:modified_time\" content=\"2025-09-30T10:30:40+00:00\" \/>\n<meta property=\"og:image\" content=\"https:\/\/progettotouring.it\/radiotouring104\/wp-content\/uploads\/sites\/6\/2025\/09\/Mediterranea-Atam.gif\" \/>\n\t<meta property=\"og:image:width\" content=\"785\" \/>\n\t<meta property=\"og:image:height\" content=\"522\" \/>\n\t<meta property=\"og:image:type\" content=\"image\/gif\" \/>\n<meta name=\"author\" content=\"redazione\" \/>\n<meta name=\"twitter:card\" content=\"summary_large_image\" \/>\n<meta name=\"twitter:label1\" content=\"Scritto da\" \/>\n\t<meta name=\"twitter:data1\" content=\"redazione\" \/>\n\t<meta name=\"twitter:label2\" content=\"Tempo di lettura stimato\" \/>\n\t<meta name=\"twitter:data2\" content=\"2 minuti\" \/>\n<script type=\"application\/ld+json\" class=\"yoast-schema-graph\">{\"@context\":\"https:\/\/schema.org\",\"@graph\":[{\"@type\":\"Article\",\"@id\":\"https:\/\/progettotouring.it\/radiotouring104\/2025\/09\/30\/reggio-mobilita-gratuita-per-gli-studenti-ed-il-personale-della-mediterranea\/#article\",\"isPartOf\":{\"@id\":\"https:\/\/progettotouring.it\/radiotouring104\/2025\/09\/30\/reggio-mobilita-gratuita-per-gli-studenti-ed-il-personale-della-mediterranea\/\"},\"author\":{\"name\":\"redazione\",\"@id\":\"https:\/\/progettotouring.it\/radiotouring104\/#\/schema\/person\/1b3eb3c07c47136bc44c785c543e635f\"},\"headline\":\"Reggio: mobilit\u00e0 gratuita per gli studenti ed il personale della Mediterranea\",\"datePublished\":\"2025-09-30T10:26:06+00:00\",\"dateModified\":\"2025-09-30T10:30:40+00:00\",\"mainEntityOfPage\":{\"@id\":\"https:\/\/progettotouring.it\/radiotouring104\/2025\/09\/30\/reggio-mobilita-gratuita-per-gli-studenti-ed-il-personale-della-mediterranea\/\"},\"wordCount\":428,\"publisher\":{\"@id\":\"https:\/\/progettotouring.it\/radiotouring104\/#organization\"},\"image\":{\"@id\":\"https:\/\/progettotouring.it\/radiotouring104\/2025\/09\/30\/reggio-mobilita-gratuita-per-gli-studenti-ed-il-personale-della-mediterranea\/#primaryimage\"},\"thumbnailUrl\":\"https:\/\/progettotouring.it\/radiotouring104\/wp-content\/uploads\/sites\/6\/2025\/09\/Mediterranea-Atam.gif\",\"keywords\":[\"estenzione servizio trasporto pubblico\",\"mobilit\u00e0 gratuita\",\"personale universitario\",\"studenti\",\"Universit\u00e0 Mediteranea\"],\"articleSection\":[\"Home\",\"News\",\"Reggio Calabria\"],\"inLanguage\":\"it-IT\"},{\"@type\":\"WebPage\",\"@id\":\"https:\/\/progettotouring.it\/radiotouring104\/2025\/09\/30\/reggio-mobilita-gratuita-per-gli-studenti-ed-il-personale-della-mediterranea\/\",\"url\":\"https:\/\/progettotouring.it\/radiotouring104\/2025\/09\/30\/reggio-mobilita-gratuita-per-gli-studenti-ed-il-personale-della-mediterranea\/\",\"name\":\"Reggio: mobilit\u00e0 gratuita per gli studenti ed il personale della Mediterranea - Radio Touring 104\",\"isPartOf\":{\"@id\":\"https:\/\/progettotouring.it\/radiotouring104\/#website\"},\"primaryImageOfPage\":{\"@id\":\"https:\/\/progettotouring.it\/radiotouring104\/2025\/09\/30\/reggio-mobilita-gratuita-per-gli-studenti-ed-il-personale-della-mediterranea\/#primaryimage\"},\"image\":{\"@id\":\"https:\/\/progettotouring.it\/radiotouring104\/2025\/09\/30\/reggio-mobilita-gratuita-per-gli-studenti-ed-il-personale-della-mediterranea\/#primaryimage\"},\"thumbnailUrl\":\"https:\/\/progettotouring.it\/radiotouring104\/wp-content\/uploads\/sites\/6\/2025\/09\/Mediterranea-Atam.gif\",\"datePublished\":\"2025-09-30T10:26:06+00:00\",\"dateModified\":\"2025-09-30T10:30:40+00:00\",\"description\":\"L'Ateneo reggino rende noto di aver esteso la copertura dei servizi di trasporto pubblico gratuiti per studenti ed il personale universitario\",\"breadcrumb\":{\"@id\":\"https:\/\/progettotouring.it\/radiotouring104\/2025\/09\/30\/reggio-mobilita-gratuita-per-gli-studenti-ed-il-personale-della-mediterranea\/#breadcrumb\"},\"inLanguage\":\"it-IT\",\"potentialAction\":[{\"@type\":\"ReadAction\",\"target\":[\"https:\/\/progettotouring.it\/radiotouring104\/2025\/09\/30\/reggio-mobilita-gratuita-per-gli-studenti-ed-il-personale-della-mediterranea\/\"]}]},{\"@type\":\"ImageObject\",\"inLanguage\":\"it-IT\",\"@id\":\"https:\/\/progettotouring.it\/radiotouring104\/2025\/09\/30\/reggio-mobilita-gratuita-per-gli-studenti-ed-il-personale-della-mediterranea\/#primaryimage\",\"url\":\"https:\/\/progettotouring.it\/radiotouring104\/wp-content\/uploads\/sites\/6\/2025\/09\/Mediterranea-Atam.gif\",\"contentUrl\":\"https:\/\/progettotouring.it\/radiotouring104\/wp-content\/uploads\/sites\/6\/2025\/09\/Mediterranea-Atam.gif\",\"width\":785,\"height\":522},{\"@type\":\"BreadcrumbList\",\"@id\":\"https:\/\/progettotouring.it\/radiotouring104\/2025\/09\/30\/reggio-mobilita-gratuita-per-gli-studenti-ed-il-personale-della-mediterranea\/#breadcrumb\",\"itemListElement\":[{\"@type\":\"ListItem\",\"position\":1,\"name\":\"Home\",\"item\":\"https:\/\/progettotouring.it\/radiotouring104\/\"},{\"@type\":\"ListItem\",\"position\":2,\"name\":\"Reggio: mobilit\u00e0 gratuita per gli studenti ed il personale della Mediterranea\"}]},{\"@type\":\"WebSite\",\"@id\":\"https:\/\/progettotouring.it\/radiotouring104\/#website\",\"url\":\"https:\/\/progettotouring.it\/radiotouring104\/\",\"name\":\"Radio Touring 104\",\"description\":\"La prima radio Reggina\",\"publisher\":{\"@id\":\"https:\/\/progettotouring.it\/radiotouring104\/#organization\"},\"potentialAction\":[{\"@type\":\"SearchAction\",\"target\":{\"@type\":\"EntryPoint\",\"urlTemplate\":\"https:\/\/progettotouring.it\/radiotouring104\/?s={search_term_string}\"},\"query-input\":{\"@type\":\"PropertyValueSpecification\",\"valueRequired\":true,\"valueName\":\"search_term_string\"}}],\"inLanguage\":\"it-IT\"},{\"@type\":\"Organization\",\"@id\":\"https:\/\/progettotouring.it\/radiotouring104\/#organization\",\"name\":\"Radio Touring 104\",\"url\":\"https:\/\/progettotouring.it\/radiotouring104\/\",\"logo\":{\"@type\":\"ImageObject\",\"inLanguage\":\"it-IT\",\"@id\":\"https:\/\/progettotouring.it\/radiotouring104\/#\/schema\/logo\/image\/\",\"url\":\"https:\/\/progettotouring.it\/radiotouring104\/wp-content\/uploads\/sites\/6\/2022\/02\/cropped-logo-radio-touring-104.png\",\"contentUrl\":\"https:\/\/progettotouring.it\/radiotouring104\/wp-content\/uploads\/sites\/6\/2022\/02\/cropped-logo-radio-touring-104.png\",\"width\":377,\"height\":182,\"caption\":\"Radio Touring 104\"},\"image\":{\"@id\":\"https:\/\/progettotouring.it\/radiotouring104\/#\/schema\/logo\/image\/\"}},{\"@type\":\"Person\",\"@id\":\"https:\/\/progettotouring.it\/radiotouring104\/#\/schema\/person\/1b3eb3c07c47136bc44c785c543e635f\",\"name\":\"redazione\",\"image\":{\"@type\":\"ImageObject\",\"inLanguage\":\"it-IT\",\"@id\":\"https:\/\/secure.gravatar.com\/avatar\/0b31605b49f100769e8b624b3e05de1b73e1692e9568a352f60f53fd072e6e11?s=96&d=mm&r=g\",\"url\":\"https:\/\/secure.gravatar.com\/avatar\/0b31605b49f100769e8b624b3e05de1b73e1692e9568a352f60f53fd072e6e11?s=96&d=mm&r=g\",\"contentUrl\":\"https:\/\/secure.gravatar.com\/avatar\/0b31605b49f100769e8b624b3e05de1b73e1692e9568a352f60f53fd072e6e11?s=96&d=mm&r=g\",\"caption\":\"redazione\"},\"url\":\"https:\/\/progettotouring.it\/radiotouring104\/author\/redazione\/\"}]}<\/script>\n<!-- \/ Yoast SEO plugin. -->","yoast_head_json":{"title":"Reggio: mobilit\u00e0 gratuita per gli studenti ed il personale della Mediterranea - Radio Touring 104","description":"L'Ateneo reggino rende noto di aver esteso la copertura dei servizi di trasporto pubblico gratuiti per studenti ed il personale universitario","robots":{"index":"index","follow":"follow","max-snippet":"max-snippet:-1","max-image-preview":"max-image-preview:large","max-video-preview":"max-video-preview:-1"},"canonical":"https:\/\/progettotouring.it\/radiotouring104\/2025\/09\/30\/reggio-mobilita-gratuita-per-gli-studenti-ed-il-personale-della-mediterranea\/","og_locale":"it_IT","og_type":"article","og_title":"Reggio: mobilit\u00e0 gratuita per gli studenti ed il personale della Mediterranea - Radio Touring 104","og_description":"L'Ateneo reggino rende noto di aver esteso la copertura dei servizi di trasporto pubblico gratuiti per studenti ed il personale universitario","og_url":"https:\/\/progettotouring.it\/radiotouring104\/2025\/09\/30\/reggio-mobilita-gratuita-per-gli-studenti-ed-il-personale-della-mediterranea\/","og_site_name":"Radio Touring 104","article_published_time":"2025-09-30T10:26:06+00:00","article_modified_time":"2025-09-30T10:30:40+00:00","og_image":[{"width":785,"height":522,"url":"https:\/\/progettotouring.it\/radiotouring104\/wp-content\/uploads\/sites\/6\/2025\/09\/Mediterranea-Atam.gif","type":"image\/gif"}],"author":"redazione","twitter_card":"summary_large_image","twitter_misc":{"Scritto da":"redazione","Tempo di lettura stimato":"2 minuti"},"schema":{"@context":"https:\/\/schema.org","@graph":[{"@type":"Article","@id":"https:\/\/progettotouring.it\/radiotouring104\/2025\/09\/30\/reggio-mobilita-gratuita-per-gli-studenti-ed-il-personale-della-mediterranea\/#article","isPartOf":{"@id":"https:\/\/progettotouring.it\/radiotouring104\/2025\/09\/30\/reggio-mobilita-gratuita-per-gli-studenti-ed-il-personale-della-mediterranea\/"},"author":{"name":"redazione","@id":"https:\/\/progettotouring.it\/radiotouring104\/#\/schema\/person\/1b3eb3c07c47136bc44c785c543e635f"},"headline":"Reggio: mobilit\u00e0 gratuita per gli studenti ed il personale della Mediterranea","datePublished":"2025-09-30T10:26:06+00:00","dateModified":"2025-09-30T10:30:40+00:00","mainEntityOfPage":{"@id":"https:\/\/progettotouring.it\/radiotouring104\/2025\/09\/30\/reggio-mobilita-gratuita-per-gli-studenti-ed-il-personale-della-mediterranea\/"},"wordCount":428,"publisher":{"@id":"https:\/\/progettotouring.it\/radiotouring104\/#organization"},"image":{"@id":"https:\/\/progettotouring.it\/radiotouring104\/2025\/09\/30\/reggio-mobilita-gratuita-per-gli-studenti-ed-il-personale-della-mediterranea\/#primaryimage"},"thumbnailUrl":"https:\/\/progettotouring.it\/radiotouring104\/wp-content\/uploads\/sites\/6\/2025\/09\/Mediterranea-Atam.gif","keywords":["estenzione servizio trasporto pubblico","mobilit\u00e0 gratuita","personale universitario","studenti","Universit\u00e0 Mediteranea"],"articleSection":["Home","News","Reggio Calabria"],"inLanguage":"it-IT"},{"@type":"WebPage","@id":"https:\/\/progettotouring.it\/radiotouring104\/2025\/09\/30\/reggio-mobilita-gratuita-per-gli-studenti-ed-il-personale-della-mediterranea\/","url":"https:\/\/progettotouring.it\/radiotouring104\/2025\/09\/30\/reggio-mobilita-gratuita-per-gli-studenti-ed-il-personale-della-mediterranea\/","name":"Reggio: mobilit\u00e0 gratuita per gli studenti ed il personale della Mediterranea - Radio Touring 104","isPartOf":{"@id":"https:\/\/progettotouring.it\/radiotouring104\/#website"},"primaryImageOfPage":{"@id":"https:\/\/progettotouring.it\/radiotouring104\/2025\/09\/30\/reggio-mobilita-gratuita-per-gli-studenti-ed-il-personale-della-mediterranea\/#primaryimage"},"image":{"@id":"https:\/\/progettotouring.it\/radiotouring104\/2025\/09\/30\/reggio-mobilita-gratuita-per-gli-studenti-ed-il-personale-della-mediterranea\/#primaryimage"},"thumbnailUrl":"https:\/\/progettotouring.it\/radiotouring104\/wp-content\/uploads\/sites\/6\/2025\/09\/Mediterranea-Atam.gif","datePublished":"2025-09-30T10:26:06+00:00","dateModified":"2025-09-30T10:30:40+00:00","description":"L'Ateneo reggino rende noto di aver esteso la copertura dei servizi di trasporto pubblico gratuiti per studenti ed il personale universitario","breadcrumb":{"@id":"https:\/\/progettotouring.it\/radiotouring104\/2025\/09\/30\/reggio-mobilita-gratuita-per-gli-studenti-ed-il-personale-della-mediterranea\/#breadcrumb"},"inLanguage":"it-IT","potentialAction":[{"@type":"ReadAction","target":["https:\/\/progettotouring.it\/radiotouring104\/2025\/09\/30\/reggio-mobilita-gratuita-per-gli-studenti-ed-il-personale-della-mediterranea\/"]}]},{"@type":"ImageObject","inLanguage":"it-IT","@id":"https:\/\/progettotouring.it\/radiotouring104\/2025\/09\/30\/reggio-mobilita-gratuita-per-gli-studenti-ed-il-personale-della-mediterranea\/#primaryimage","url":"https:\/\/progettotouring.it\/radiotouring104\/wp-content\/uploads\/sites\/6\/2025\/09\/Mediterranea-Atam.gif","contentUrl":"https:\/\/progettotouring.it\/radiotouring104\/wp-content\/uploads\/sites\/6\/2025\/09\/Mediterranea-Atam.gif","width":785,"height":522},{"@type":"BreadcrumbList","@id":"https:\/\/progettotouring.it\/radiotouring104\/2025\/09\/30\/reggio-mobilita-gratuita-per-gli-studenti-ed-il-personale-della-mediterranea\/#breadcrumb","itemListElement":[{"@type":"ListItem","position":1,"name":"Home","item":"https:\/\/progettotouring.it\/radiotouring104\/"},{"@type":"ListItem","position":2,"name":"Reggio: mobilit\u00e0 gratuita per gli studenti ed il personale della Mediterranea"}]},{"@type":"WebSite","@id":"https:\/\/progettotouring.it\/radiotouring104\/#website","url":"https:\/\/progettotouring.it\/radiotouring104\/","name":"Radio Touring 104","description":"La prima radio Reggina","publisher":{"@id":"https:\/\/progettotouring.it\/radiotouring104\/#organization"},"potentialAction":[{"@type":"SearchAction","target":{"@type":"EntryPoint","urlTemplate":"https:\/\/progettotouring.it\/radiotouring104\/?s={search_term_string}"},"query-input":{"@type":"PropertyValueSpecification","valueRequired":true,"valueName":"search_term_string"}}],"inLanguage":"it-IT"},{"@type":"Organization","@id":"https:\/\/progettotouring.it\/radiotouring104\/#organization","name":"Radio Touring 104","url":"https:\/\/progettotouring.it\/radiotouring104\/","logo":{"@type":"ImageObject","inLanguage":"it-IT","@id":"https:\/\/progettotouring.it\/radiotouring104\/#\/schema\/logo\/image\/","url":"https:\/\/progettotouring.it\/radiotouring104\/wp-content\/uploads\/sites\/6\/2022\/02\/cropped-logo-radio-touring-104.png","contentUrl":"https:\/\/progettotouring.it\/radiotouring104\/wp-content\/uploads\/sites\/6\/2022\/02\/cropped-logo-radio-touring-104.png","width":377,"height":182,"caption":"Radio Touring 104"},"image":{"@id":"https:\/\/progettotouring.it\/radiotouring104\/#\/schema\/logo\/image\/"}},{"@type":"Person","@id":"https:\/\/progettotouring.it\/radiotouring104\/#\/schema\/person\/1b3eb3c07c47136bc44c785c543e635f","name":"redazione","image":{"@type":"ImageObject","inLanguage":"it-IT","@id":"https:\/\/secure.gravatar.com\/avatar\/0b31605b49f100769e8b624b3e05de1b73e1692e9568a352f60f53fd072e6e11?s=96&d=mm&r=g","url":"https:\/\/secure.gravatar.com\/avatar\/0b31605b49f100769e8b624b3e05de1b73e1692e9568a352f60f53fd072e6e11?s=96&d=mm&r=g","contentUrl":"https:\/\/secure.gravatar.com\/avatar\/0b31605b49f100769e8b624b3e05de1b73e1692e9568a352f60f53fd072e6e11?s=96&d=mm&r=g","caption":"redazione"},"url":"https:\/\/progettotouring.it\/radiotouring104\/author\/redazione\/"}]}},"jetpack_publicize_connections":[],"jetpack_featured_media_url":"https:\/\/progettotouring.it\/radiotouring104\/wp-content\/uploads\/sites\/6\/2025\/09\/Mediterranea-Atam.gif","jetpack_sharing_enabled":true,"_links":{"self":[{"href":"https:\/\/progettotouring.it\/radiotouring104\/wp-json\/wp\/v2\/posts\/82514","targetHints":{"allow":["GET"]}}],"collection":[{"href":"https:\/\/progettotouring.it\/radiotouring104\/wp-json\/wp\/v2\/posts"}],"about":[{"href":"https:\/\/progettotouring.it\/radiotouring104\/wp-json\/wp\/v2\/types\/post"}],"author":[{"embeddable":true,"href":"https:\/\/progettotouring.it\/radiotouring104\/wp-json\/wp\/v2\/users\/5"}],"replies":[{"embeddable":true,"href":"https:\/\/progettotouring.it\/radiotouring104\/wp-json\/wp\/v2\/comments?post=82514"}],"version-history":[{"count":1,"href":"https:\/\/progettotouring.it\/radiotouring104\/wp-json\/wp\/v2\/posts\/82514\/revisions"}],"predecessor-version":[{"id":82516,"href":"https:\/\/progettotouring.it\/radiotouring104\/wp-json\/wp\/v2\/posts\/82514\/revisions\/82516"}],"wp:featuredmedia":[{"embeddable":true,"href":"https:\/\/progettotouring.it\/radiotouring104\/wp-json\/wp\/v2\/media\/82515"}],"wp:attachment":[{"href":"https:\/\/progettotouring.it\/radiotouring104\/wp-json\/wp\/v2\/media?parent=82514"}],"wp:term":[{"taxonomy":"category","embeddable":true,"href":"https:\/\/progettotouring.it\/radiotouring104\/wp-json\/wp\/v2\/categories?post=82514"},{"taxonomy":"post_tag","embeddable":true,"href":"https:\/\/progettotouring.it\/radiotouring104\/wp-json\/wp\/v2\/tags?post=82514"}],"curies":[{"name":"wp","href":"https:\/\/api.w.org\/{rel}","templated":true}]}}