{"id":82529,"date":"2025-09-30T21:21:37","date_gmt":"2025-09-30T19:21:37","guid":{"rendered":"https:\/\/progettotouring.it\/radiotouring104\/?p=82529"},"modified":"2025-09-30T21:21:37","modified_gmt":"2025-09-30T19:21:37","slug":"palazzo-san-giorgio-deliberati-i-lavori-di-riqualificazione-della-scuola-g-verga-di-mosorrofa","status":"publish","type":"post","link":"https:\/\/progettotouring.it\/radiotouring104\/2025\/09\/30\/palazzo-san-giorgio-deliberati-i-lavori-di-riqualificazione-della-scuola-g-verga-di-mosorrofa\/","title":{"rendered":"Palazzo San Giorgio: deliberati i lavori di riqualificazione della scuola &#8220;G. Verga&#8221; di Mosorrofa"},"content":{"rendered":"<div class=\"msg-view-text-cnt\">\n<div class=\"xam_msg_class\">\n<div dir=\"ltr\">Nel corso dell\u2019ultima seduta la Giunta Comunale ha approvato la proposta di delibera n\u00b0264 del 26\/09\/2025 su <em>\u201cIntervento di demolizione e ricostruzione di n\u00b0 1 dei due copri di fabbrica costituito dalla palestra al piano terra e da aule al primo e secondo piano fuori terra scuola primaria\/secondaria G. Verga &#8211; Anzario &#8211; Mosorrofa\u201d<\/em>.<\/div>\n<div dir=\"ltr\">La Scuola Primaria e Secondaria di primo grado \u00ab<em>Giovanni Verga<\/em>\u00bb \u00e8 nella frazione sud collinare di Mosorrofa.; la scuola, attualmente, \u00a0\u00e8 costituita da due corpi di fabbrica e l\u2019intervento predisposto interesser\u00e0 quello in cui sono ospitati la palestra, i laboratori ed il teatro all\u2019aperto.<br \/>\nIl progetto, in particolare, prevede la demolizione del corpo di fabbrica e la sua ricostruzione con 2 piani fuori terra che saranno cos\u00ec suddivisi: al piano terra la palestra ed un&#8217;area esterna e al primo piano la sala conferenze, aula e servizi.<br \/>\nLa nuova palestra ospiter\u00e0 un campo polivalente di pallavolo e pallacanestro con un\u2019area di gioco di circa 300 mq; le pareti perimetrali consentiranno l&#8217;illuminazione naturale, l\u2019isolamento termico ed il risparmio energetico.<br \/>\nIl primo piano avr\u00e0 una sala conferenze di 72 posti a sedere, un\u2019aula per attivit\u00e0 didattiche, un blocco servizi ed un locale tecnico.<br \/>\nInfine il progetto prevede la realizzazione di un impianto fotovoltaico con una potenza nominale pari a 20 kw, l&#8217;installazione di un impianto solare di produzione di acqua calda sanitaria.<\/div>\n<div dir=\"ltr\">L&#8217;immobile sar\u00e0 al servizio dei circa 200 studenti, docenti e personale della scuola; la struttura, extra orario scolastico, potr\u00e0 inoltre diventare un centro di aggregazione sportivo e sociale dell\u2019intera comunit\u00e0 di Mosorrofa.<br \/>\nIl sindaco Giuseppe Falcomat\u00e0 ha espresso soddisfazione per un intervento che d\u00e0 una risposta concreta ad una comunit\u00e0 storica ed importante della nostra area collinare.<br \/>\n\u201c<em>La comunit\u00e0 di Mosorrofa \u00e8 una tra le pi\u00f9 importanti in assoluto della nostra area collinare<\/em> &#8211; ha dichiarato Falcomat\u00e0- c<em>ostituendo, da sempre, un riferimento significativo per eccellenze nel mondo della cultura, della politica e professionale in genere\u201d. \u201cCon questo progetto diamo una risposta a pi\u00f9 livelli<\/em> &#8211; ha proseguito- <em>dando seguito a numerose istanze del territorio. Metteremo in sicurezza la scuola, senza interrompere le attivit\u00e0, ma creeremo spazi importanti e nuovi tanto per gli studenti quanto per la stessa comunit\u00e0 mosorrofana: per lo sport, la cultura ed il tempo libero. Si tratta di un segnale forte e concreto che vogliamo dare a questo territorio che merita ancora tante attenzioni ma che ora finalmente inizia ad avere risposte\u201d.<\/em><\/p>\n<p><em>\u201cSiamo davvero contenti<\/em> &#8211; ha dichiarato l&#8217;Assessore Romeo- <em>perch\u00e9 abbiamo messo a frutto uno stanziamento di 2 milioni e 400 mila euro che avevamo inserito sull&#8217;Agenda Urbana; oggi finalmente deliberiamo questo importantissimo intervento per la nostra area collinare dando seguito a quanto programmato andando incontro ad un bisogno primario del territorio\u201d<\/em>.<\/div>\n<\/div>\n<\/div>\n","protected":false},"excerpt":{"rendered":"<p>Nel corso dell\u2019ultima seduta la Giunta Comunale ha approvato la proposta di delibera n\u00b0264 del 26\/09\/2025 su \u201cIntervento di demolizione e ricostruzione di n\u00b0 1 dei due copri di fabbrica&hellip;<\/p>\n","protected":false},"author":19,"featured_media":82530,"comment_status":"closed","ping_status":"open","sticky":false,"template":"","format":"standard","meta":{"_jetpack_memberships_contains_paid_content":false,"footnotes":"","jetpack_publicize_message":"","jetpack_publicize_feature_enabled":true,"jetpack_social_post_already_shared":true,"jetpack_social_options":{"image_generator_settings":{"template":"highway","default_image_id":0,"font":"","enabled":false},"version":2}},"categories":[921,196,140],"tags":[],"class_list":["post-82529","post","type-post","status-publish","format-standard","has-post-thumbnail","hentry","category-home","category-news","category-reggio-calabria"],"yoast_head":"<!-- This site is optimized with the Yoast SEO plugin v27.2 - https:\/\/yoast.com\/product\/yoast-seo-wordpress\/ -->\n<title>Palazzo San Giorgio: deliberati i lavori di riqualificazione della scuola &quot;G. Verga&quot; di Mosorrofa - Radio Touring 104<\/title>\n<meta name=\"description\" content=\"Per l&#039;investimento stanziati 2.400.000 euro\" \/>\n<meta name=\"robots\" content=\"index, follow, max-snippet:-1, max-image-preview:large, max-video-preview:-1\" \/>\n<link rel=\"canonical\" href=\"https:\/\/progettotouring.it\/radiotouring104\/2025\/09\/30\/palazzo-san-giorgio-deliberati-i-lavori-di-riqualificazione-della-scuola-g-verga-di-mosorrofa\/\" \/>\n<meta property=\"og:locale\" content=\"it_IT\" \/>\n<meta property=\"og:type\" content=\"article\" \/>\n<meta property=\"og:title\" content=\"Palazzo San Giorgio: deliberati i lavori di riqualificazione della scuola &quot;G. Verga&quot; di Mosorrofa - Radio Touring 104\" \/>\n<meta property=\"og:description\" content=\"Per l&#039;investimento stanziati 2.400.000 euro\" \/>\n<meta property=\"og:url\" content=\"https:\/\/progettotouring.it\/radiotouring104\/2025\/09\/30\/palazzo-san-giorgio-deliberati-i-lavori-di-riqualificazione-della-scuola-g-verga-di-mosorrofa\/\" \/>\n<meta property=\"og:site_name\" content=\"Radio Touring 104\" \/>\n<meta property=\"article:published_time\" content=\"2025-09-30T19:21:37+00:00\" \/>\n<meta property=\"og:image\" content=\"https:\/\/progettotouring.it\/radiotouring104\/wp-content\/uploads\/sites\/6\/2025\/09\/IMMAGINI-X-SITO-87.jpg\" \/>\n\t<meta property=\"og:image:width\" content=\"2000\" \/>\n\t<meta property=\"og:image:height\" content=\"1545\" \/>\n\t<meta property=\"og:image:type\" content=\"image\/jpeg\" \/>\n<meta name=\"author\" content=\"S L\" \/>\n<meta name=\"twitter:card\" content=\"summary_large_image\" \/>\n<meta name=\"twitter:label1\" content=\"Scritto da\" \/>\n\t<meta name=\"twitter:data1\" content=\"S L\" \/>\n\t<meta name=\"twitter:label2\" content=\"Tempo di lettura stimato\" \/>\n\t<meta name=\"twitter:data2\" content=\"2 minuti\" \/>\n<script type=\"application\/ld+json\" class=\"yoast-schema-graph\">{\"@context\":\"https:\/\/schema.org\",\"@graph\":[{\"@type\":\"Article\",\"@id\":\"https:\/\/progettotouring.it\/radiotouring104\/2025\/09\/30\/palazzo-san-giorgio-deliberati-i-lavori-di-riqualificazione-della-scuola-g-verga-di-mosorrofa\/#article\",\"isPartOf\":{\"@id\":\"https:\/\/progettotouring.it\/radiotouring104\/2025\/09\/30\/palazzo-san-giorgio-deliberati-i-lavori-di-riqualificazione-della-scuola-g-verga-di-mosorrofa\/\"},\"author\":{\"name\":\"S L\",\"@id\":\"https:\/\/progettotouring.it\/radiotouring104\/#\/schema\/person\/b9f9c3730b0a78814c9b9f3bfc52c619\"},\"headline\":\"Palazzo San Giorgio: deliberati i lavori di riqualificazione della scuola &#8220;G. Verga&#8221; di Mosorrofa\",\"datePublished\":\"2025-09-30T19:21:37+00:00\",\"mainEntityOfPage\":{\"@id\":\"https:\/\/progettotouring.it\/radiotouring104\/2025\/09\/30\/palazzo-san-giorgio-deliberati-i-lavori-di-riqualificazione-della-scuola-g-verga-di-mosorrofa\/\"},\"wordCount\":460,\"publisher\":{\"@id\":\"https:\/\/progettotouring.it\/radiotouring104\/#organization\"},\"image\":{\"@id\":\"https:\/\/progettotouring.it\/radiotouring104\/2025\/09\/30\/palazzo-san-giorgio-deliberati-i-lavori-di-riqualificazione-della-scuola-g-verga-di-mosorrofa\/#primaryimage\"},\"thumbnailUrl\":\"https:\/\/progettotouring.it\/radiotouring104\/wp-content\/uploads\/sites\/6\/2025\/09\/IMMAGINI-X-SITO-87.jpg\",\"articleSection\":[\"Home\",\"News\",\"Reggio Calabria\"],\"inLanguage\":\"it-IT\"},{\"@type\":\"WebPage\",\"@id\":\"https:\/\/progettotouring.it\/radiotouring104\/2025\/09\/30\/palazzo-san-giorgio-deliberati-i-lavori-di-riqualificazione-della-scuola-g-verga-di-mosorrofa\/\",\"url\":\"https:\/\/progettotouring.it\/radiotouring104\/2025\/09\/30\/palazzo-san-giorgio-deliberati-i-lavori-di-riqualificazione-della-scuola-g-verga-di-mosorrofa\/\",\"name\":\"Palazzo San Giorgio: deliberati i lavori di riqualificazione della scuola \\\"G. Verga\\\" di Mosorrofa - Radio Touring 104\",\"isPartOf\":{\"@id\":\"https:\/\/progettotouring.it\/radiotouring104\/#website\"},\"primaryImageOfPage\":{\"@id\":\"https:\/\/progettotouring.it\/radiotouring104\/2025\/09\/30\/palazzo-san-giorgio-deliberati-i-lavori-di-riqualificazione-della-scuola-g-verga-di-mosorrofa\/#primaryimage\"},\"image\":{\"@id\":\"https:\/\/progettotouring.it\/radiotouring104\/2025\/09\/30\/palazzo-san-giorgio-deliberati-i-lavori-di-riqualificazione-della-scuola-g-verga-di-mosorrofa\/#primaryimage\"},\"thumbnailUrl\":\"https:\/\/progettotouring.it\/radiotouring104\/wp-content\/uploads\/sites\/6\/2025\/09\/IMMAGINI-X-SITO-87.jpg\",\"datePublished\":\"2025-09-30T19:21:37+00:00\",\"description\":\"Per l'investimento stanziati 2.400.000 euro\",\"breadcrumb\":{\"@id\":\"https:\/\/progettotouring.it\/radiotouring104\/2025\/09\/30\/palazzo-san-giorgio-deliberati-i-lavori-di-riqualificazione-della-scuola-g-verga-di-mosorrofa\/#breadcrumb\"},\"inLanguage\":\"it-IT\",\"potentialAction\":[{\"@type\":\"ReadAction\",\"target\":[\"https:\/\/progettotouring.it\/radiotouring104\/2025\/09\/30\/palazzo-san-giorgio-deliberati-i-lavori-di-riqualificazione-della-scuola-g-verga-di-mosorrofa\/\"]}]},{\"@type\":\"ImageObject\",\"inLanguage\":\"it-IT\",\"@id\":\"https:\/\/progettotouring.it\/radiotouring104\/2025\/09\/30\/palazzo-san-giorgio-deliberati-i-lavori-di-riqualificazione-della-scuola-g-verga-di-mosorrofa\/#primaryimage\",\"url\":\"https:\/\/progettotouring.it\/radiotouring104\/wp-content\/uploads\/sites\/6\/2025\/09\/IMMAGINI-X-SITO-87.jpg\",\"contentUrl\":\"https:\/\/progettotouring.it\/radiotouring104\/wp-content\/uploads\/sites\/6\/2025\/09\/IMMAGINI-X-SITO-87.jpg\",\"width\":2000,\"height\":1545},{\"@type\":\"BreadcrumbList\",\"@id\":\"https:\/\/progettotouring.it\/radiotouring104\/2025\/09\/30\/palazzo-san-giorgio-deliberati-i-lavori-di-riqualificazione-della-scuola-g-verga-di-mosorrofa\/#breadcrumb\",\"itemListElement\":[{\"@type\":\"ListItem\",\"position\":1,\"name\":\"Home\",\"item\":\"https:\/\/progettotouring.it\/radiotouring104\/\"},{\"@type\":\"ListItem\",\"position\":2,\"name\":\"Palazzo San Giorgio: deliberati i lavori di riqualificazione della scuola &#8220;G. Verga&#8221; di Mosorrofa\"}]},{\"@type\":\"WebSite\",\"@id\":\"https:\/\/progettotouring.it\/radiotouring104\/#website\",\"url\":\"https:\/\/progettotouring.it\/radiotouring104\/\",\"name\":\"Radio Touring 104\",\"description\":\"La prima radio Reggina\",\"publisher\":{\"@id\":\"https:\/\/progettotouring.it\/radiotouring104\/#organization\"},\"potentialAction\":[{\"@type\":\"SearchAction\",\"target\":{\"@type\":\"EntryPoint\",\"urlTemplate\":\"https:\/\/progettotouring.it\/radiotouring104\/?s={search_term_string}\"},\"query-input\":{\"@type\":\"PropertyValueSpecification\",\"valueRequired\":true,\"valueName\":\"search_term_string\"}}],\"inLanguage\":\"it-IT\"},{\"@type\":\"Organization\",\"@id\":\"https:\/\/progettotouring.it\/radiotouring104\/#organization\",\"name\":\"Radio Touring 104\",\"url\":\"https:\/\/progettotouring.it\/radiotouring104\/\",\"logo\":{\"@type\":\"ImageObject\",\"inLanguage\":\"it-IT\",\"@id\":\"https:\/\/progettotouring.it\/radiotouring104\/#\/schema\/logo\/image\/\",\"url\":\"https:\/\/progettotouring.it\/radiotouring104\/wp-content\/uploads\/sites\/6\/2022\/02\/cropped-logo-radio-touring-104.png\",\"contentUrl\":\"https:\/\/progettotouring.it\/radiotouring104\/wp-content\/uploads\/sites\/6\/2022\/02\/cropped-logo-radio-touring-104.png\",\"width\":377,\"height\":182,\"caption\":\"Radio Touring 104\"},\"image\":{\"@id\":\"https:\/\/progettotouring.it\/radiotouring104\/#\/schema\/logo\/image\/\"}},{\"@type\":\"Person\",\"@id\":\"https:\/\/progettotouring.it\/radiotouring104\/#\/schema\/person\/b9f9c3730b0a78814c9b9f3bfc52c619\",\"name\":\"S L\",\"image\":{\"@type\":\"ImageObject\",\"inLanguage\":\"it-IT\",\"@id\":\"https:\/\/secure.gravatar.com\/avatar\/652c51789d7030aaed9ff828331360502a68204fe6fb0831bc280515210e16d2?s=96&d=mm&r=g\",\"url\":\"https:\/\/secure.gravatar.com\/avatar\/652c51789d7030aaed9ff828331360502a68204fe6fb0831bc280515210e16d2?s=96&d=mm&r=g\",\"contentUrl\":\"https:\/\/secure.gravatar.com\/avatar\/652c51789d7030aaed9ff828331360502a68204fe6fb0831bc280515210e16d2?s=96&d=mm&r=g\",\"caption\":\"S L\"},\"url\":\"https:\/\/progettotouring.it\/radiotouring104\/author\/slibri\/\"}]}<\/script>\n<!-- \/ Yoast SEO plugin. -->","yoast_head_json":{"title":"Palazzo San Giorgio: deliberati i lavori di riqualificazione della scuola \"G. Verga\" di Mosorrofa - Radio Touring 104","description":"Per l'investimento stanziati 2.400.000 euro","robots":{"index":"index","follow":"follow","max-snippet":"max-snippet:-1","max-image-preview":"max-image-preview:large","max-video-preview":"max-video-preview:-1"},"canonical":"https:\/\/progettotouring.it\/radiotouring104\/2025\/09\/30\/palazzo-san-giorgio-deliberati-i-lavori-di-riqualificazione-della-scuola-g-verga-di-mosorrofa\/","og_locale":"it_IT","og_type":"article","og_title":"Palazzo San Giorgio: deliberati i lavori di riqualificazione della scuola \"G. Verga\" di Mosorrofa - Radio Touring 104","og_description":"Per l'investimento stanziati 2.400.000 euro","og_url":"https:\/\/progettotouring.it\/radiotouring104\/2025\/09\/30\/palazzo-san-giorgio-deliberati-i-lavori-di-riqualificazione-della-scuola-g-verga-di-mosorrofa\/","og_site_name":"Radio Touring 104","article_published_time":"2025-09-30T19:21:37+00:00","og_image":[{"width":2000,"height":1545,"url":"https:\/\/progettotouring.it\/radiotouring104\/wp-content\/uploads\/sites\/6\/2025\/09\/IMMAGINI-X-SITO-87.jpg","type":"image\/jpeg"}],"author":"S L","twitter_card":"summary_large_image","twitter_misc":{"Scritto da":"S L","Tempo di lettura stimato":"2 minuti"},"schema":{"@context":"https:\/\/schema.org","@graph":[{"@type":"Article","@id":"https:\/\/progettotouring.it\/radiotouring104\/2025\/09\/30\/palazzo-san-giorgio-deliberati-i-lavori-di-riqualificazione-della-scuola-g-verga-di-mosorrofa\/#article","isPartOf":{"@id":"https:\/\/progettotouring.it\/radiotouring104\/2025\/09\/30\/palazzo-san-giorgio-deliberati-i-lavori-di-riqualificazione-della-scuola-g-verga-di-mosorrofa\/"},"author":{"name":"S L","@id":"https:\/\/progettotouring.it\/radiotouring104\/#\/schema\/person\/b9f9c3730b0a78814c9b9f3bfc52c619"},"headline":"Palazzo San Giorgio: deliberati i lavori di riqualificazione della scuola &#8220;G. Verga&#8221; di Mosorrofa","datePublished":"2025-09-30T19:21:37+00:00","mainEntityOfPage":{"@id":"https:\/\/progettotouring.it\/radiotouring104\/2025\/09\/30\/palazzo-san-giorgio-deliberati-i-lavori-di-riqualificazione-della-scuola-g-verga-di-mosorrofa\/"},"wordCount":460,"publisher":{"@id":"https:\/\/progettotouring.it\/radiotouring104\/#organization"},"image":{"@id":"https:\/\/progettotouring.it\/radiotouring104\/2025\/09\/30\/palazzo-san-giorgio-deliberati-i-lavori-di-riqualificazione-della-scuola-g-verga-di-mosorrofa\/#primaryimage"},"thumbnailUrl":"https:\/\/progettotouring.it\/radiotouring104\/wp-content\/uploads\/sites\/6\/2025\/09\/IMMAGINI-X-SITO-87.jpg","articleSection":["Home","News","Reggio Calabria"],"inLanguage":"it-IT"},{"@type":"WebPage","@id":"https:\/\/progettotouring.it\/radiotouring104\/2025\/09\/30\/palazzo-san-giorgio-deliberati-i-lavori-di-riqualificazione-della-scuola-g-verga-di-mosorrofa\/","url":"https:\/\/progettotouring.it\/radiotouring104\/2025\/09\/30\/palazzo-san-giorgio-deliberati-i-lavori-di-riqualificazione-della-scuola-g-verga-di-mosorrofa\/","name":"Palazzo San Giorgio: deliberati i lavori di riqualificazione della scuola \"G. Verga\" di Mosorrofa - Radio Touring 104","isPartOf":{"@id":"https:\/\/progettotouring.it\/radiotouring104\/#website"},"primaryImageOfPage":{"@id":"https:\/\/progettotouring.it\/radiotouring104\/2025\/09\/30\/palazzo-san-giorgio-deliberati-i-lavori-di-riqualificazione-della-scuola-g-verga-di-mosorrofa\/#primaryimage"},"image":{"@id":"https:\/\/progettotouring.it\/radiotouring104\/2025\/09\/30\/palazzo-san-giorgio-deliberati-i-lavori-di-riqualificazione-della-scuola-g-verga-di-mosorrofa\/#primaryimage"},"thumbnailUrl":"https:\/\/progettotouring.it\/radiotouring104\/wp-content\/uploads\/sites\/6\/2025\/09\/IMMAGINI-X-SITO-87.jpg","datePublished":"2025-09-30T19:21:37+00:00","description":"Per l'investimento stanziati 2.400.000 euro","breadcrumb":{"@id":"https:\/\/progettotouring.it\/radiotouring104\/2025\/09\/30\/palazzo-san-giorgio-deliberati-i-lavori-di-riqualificazione-della-scuola-g-verga-di-mosorrofa\/#breadcrumb"},"inLanguage":"it-IT","potentialAction":[{"@type":"ReadAction","target":["https:\/\/progettotouring.it\/radiotouring104\/2025\/09\/30\/palazzo-san-giorgio-deliberati-i-lavori-di-riqualificazione-della-scuola-g-verga-di-mosorrofa\/"]}]},{"@type":"ImageObject","inLanguage":"it-IT","@id":"https:\/\/progettotouring.it\/radiotouring104\/2025\/09\/30\/palazzo-san-giorgio-deliberati-i-lavori-di-riqualificazione-della-scuola-g-verga-di-mosorrofa\/#primaryimage","url":"https:\/\/progettotouring.it\/radiotouring104\/wp-content\/uploads\/sites\/6\/2025\/09\/IMMAGINI-X-SITO-87.jpg","contentUrl":"https:\/\/progettotouring.it\/radiotouring104\/wp-content\/uploads\/sites\/6\/2025\/09\/IMMAGINI-X-SITO-87.jpg","width":2000,"height":1545},{"@type":"BreadcrumbList","@id":"https:\/\/progettotouring.it\/radiotouring104\/2025\/09\/30\/palazzo-san-giorgio-deliberati-i-lavori-di-riqualificazione-della-scuola-g-verga-di-mosorrofa\/#breadcrumb","itemListElement":[{"@type":"ListItem","position":1,"name":"Home","item":"https:\/\/progettotouring.it\/radiotouring104\/"},{"@type":"ListItem","position":2,"name":"Palazzo San Giorgio: deliberati i lavori di riqualificazione della scuola &#8220;G. Verga&#8221; di Mosorrofa"}]},{"@type":"WebSite","@id":"https:\/\/progettotouring.it\/radiotouring104\/#website","url":"https:\/\/progettotouring.it\/radiotouring104\/","name":"Radio Touring 104","description":"La prima radio Reggina","publisher":{"@id":"https:\/\/progettotouring.it\/radiotouring104\/#organization"},"potentialAction":[{"@type":"SearchAction","target":{"@type":"EntryPoint","urlTemplate":"https:\/\/progettotouring.it\/radiotouring104\/?s={search_term_string}"},"query-input":{"@type":"PropertyValueSpecification","valueRequired":true,"valueName":"search_term_string"}}],"inLanguage":"it-IT"},{"@type":"Organization","@id":"https:\/\/progettotouring.it\/radiotouring104\/#organization","name":"Radio Touring 104","url":"https:\/\/progettotouring.it\/radiotouring104\/","logo":{"@type":"ImageObject","inLanguage":"it-IT","@id":"https:\/\/progettotouring.it\/radiotouring104\/#\/schema\/logo\/image\/","url":"https:\/\/progettotouring.it\/radiotouring104\/wp-content\/uploads\/sites\/6\/2022\/02\/cropped-logo-radio-touring-104.png","contentUrl":"https:\/\/progettotouring.it\/radiotouring104\/wp-content\/uploads\/sites\/6\/2022\/02\/cropped-logo-radio-touring-104.png","width":377,"height":182,"caption":"Radio Touring 104"},"image":{"@id":"https:\/\/progettotouring.it\/radiotouring104\/#\/schema\/logo\/image\/"}},{"@type":"Person","@id":"https:\/\/progettotouring.it\/radiotouring104\/#\/schema\/person\/b9f9c3730b0a78814c9b9f3bfc52c619","name":"S L","image":{"@type":"ImageObject","inLanguage":"it-IT","@id":"https:\/\/secure.gravatar.com\/avatar\/652c51789d7030aaed9ff828331360502a68204fe6fb0831bc280515210e16d2?s=96&d=mm&r=g","url":"https:\/\/secure.gravatar.com\/avatar\/652c51789d7030aaed9ff828331360502a68204fe6fb0831bc280515210e16d2?s=96&d=mm&r=g","contentUrl":"https:\/\/secure.gravatar.com\/avatar\/652c51789d7030aaed9ff828331360502a68204fe6fb0831bc280515210e16d2?s=96&d=mm&r=g","caption":"S L"},"url":"https:\/\/progettotouring.it\/radiotouring104\/author\/slibri\/"}]}},"jetpack_publicize_connections":[],"jetpack_featured_media_url":"https:\/\/progettotouring.it\/radiotouring104\/wp-content\/uploads\/sites\/6\/2025\/09\/IMMAGINI-X-SITO-87.jpg","jetpack_sharing_enabled":true,"_links":{"self":[{"href":"https:\/\/progettotouring.it\/radiotouring104\/wp-json\/wp\/v2\/posts\/82529","targetHints":{"allow":["GET"]}}],"collection":[{"href":"https:\/\/progettotouring.it\/radiotouring104\/wp-json\/wp\/v2\/posts"}],"about":[{"href":"https:\/\/progettotouring.it\/radiotouring104\/wp-json\/wp\/v2\/types\/post"}],"author":[{"embeddable":true,"href":"https:\/\/progettotouring.it\/radiotouring104\/wp-json\/wp\/v2\/users\/19"}],"replies":[{"embeddable":true,"href":"https:\/\/progettotouring.it\/radiotouring104\/wp-json\/wp\/v2\/comments?post=82529"}],"version-history":[{"count":2,"href":"https:\/\/progettotouring.it\/radiotouring104\/wp-json\/wp\/v2\/posts\/82529\/revisions"}],"predecessor-version":[{"id":82532,"href":"https:\/\/progettotouring.it\/radiotouring104\/wp-json\/wp\/v2\/posts\/82529\/revisions\/82532"}],"wp:featuredmedia":[{"embeddable":true,"href":"https:\/\/progettotouring.it\/radiotouring104\/wp-json\/wp\/v2\/media\/82530"}],"wp:attachment":[{"href":"https:\/\/progettotouring.it\/radiotouring104\/wp-json\/wp\/v2\/media?parent=82529"}],"wp:term":[{"taxonomy":"category","embeddable":true,"href":"https:\/\/progettotouring.it\/radiotouring104\/wp-json\/wp\/v2\/categories?post=82529"},{"taxonomy":"post_tag","embeddable":true,"href":"https:\/\/progettotouring.it\/radiotouring104\/wp-json\/wp\/v2\/tags?post=82529"}],"curies":[{"name":"wp","href":"https:\/\/api.w.org\/{rel}","templated":true}]}}