{"id":82536,"date":"2025-10-01T09:00:33","date_gmt":"2025-10-01T07:00:33","guid":{"rendered":"https:\/\/progettotouring.it\/radiotouring104\/?p=82536"},"modified":"2025-10-01T11:38:41","modified_gmt":"2025-10-01T09:38:41","slug":"ciclismo-il-consigliere-latella-si-congratula-con-il-giovane-talento-mark-finn","status":"publish","type":"post","link":"https:\/\/progettotouring.it\/radiotouring104\/2025\/10\/01\/ciclismo-il-consigliere-latella-si-congratula-con-il-giovane-talento-mark-finn\/","title":{"rendered":"Ciclismo: il Consigliere Latella si congratula con il giovane talento Mark Finn"},"content":{"rendered":"<p>\u00abDesidero rivolgere i pi\u00f9 sinceri complimenti a Lorenzo Mark Finn, ciclista 18enne ligure che ha regalato all\u2019Italia l\u2019oro nella prova in linea Under 23 al primo storico Mondiale in Ruanda. Un traguardo straordinario che conferma le sue doti di campione e che inorgoglisce l\u2019intero movimento ciclistico nazionale\u00bb. Ad affermarlo in una nota \u00e8 Giovanni Latella, consigliere delegato allo Sport e al Turismo.<\/p>\n<p>\u00abFinn, gi\u00e0 protagonista lo scorso anno tra gli junior a Zurigo con un\u2019altra vittoria di prestigio \u2013 ha aggiunto il consigliere Latella &#8211; aveva mostrato le sue qualit\u00e0 anche sulle strade della provincia reggina classificandosi terzo al 67\u00b0 Giro ciclistico della Citt\u00e0 Metropolitana di Reggio Calabria, in una gara che ancora una volta si \u00e8 rivelata trampolino di lancio per futuri grandi successi. Come \u00e8 accaduto in passato per altri giganti del ciclismo, da Coppi a Bartali, anche oggi Reggio \u2013 ha concluso il delegato \u2013 \u00a0conferma la propria vocazione di palcoscenico privilegiato e portafortuna per chi poi si afferma ai massimi livelli. L\u2019augurio \u00e8 che questo oro sia soltanto il primo di una lunga serie di successi e che Lorenzo Finn possa continuare a portare in alto i colori azzurri e i valori di uno sport che \u00e8 storia, passione e futuro\u00bb.<\/p>\n","protected":false},"excerpt":{"rendered":"<p>\u00abDesidero rivolgere i pi\u00f9 sinceri complimenti a Lorenzo Mark Finn, ciclista 18enne ligure che ha regalato all\u2019Italia l\u2019oro nella prova in linea Under 23 al primo storico Mondiale in Ruanda.&hellip;<\/p>\n","protected":false},"author":5,"featured_media":45896,"comment_status":"closed","ping_status":"open","sticky":false,"template":"","format":"standard","meta":{"_jetpack_memberships_contains_paid_content":false,"footnotes":"","jetpack_publicize_message":"","jetpack_publicize_feature_enabled":true,"jetpack_social_post_already_shared":true,"jetpack_social_options":{"image_generator_settings":{"template":"highway","default_image_id":0,"font":"","enabled":false},"version":2}},"categories":[921,196,140],"tags":[463,17996,16040,47895,47894,47896],"class_list":["post-82536","post","type-post","status-publish","format-standard","has-post-thumbnail","hentry","category-home","category-news","category-reggio-calabria","tag-ciclismo","tag-congratulazioni","tag-consigliere-comunale-latella-giovanni","tag-giovane-talento","tag-mark-finn","tag-traguardo-straordinario-che-conferma-le-sue-doti-di-campione"],"yoast_head":"<!-- This site is optimized with the Yoast SEO plugin v27.2 - https:\/\/yoast.com\/product\/yoast-seo-wordpress\/ -->\n<title>Ciclismo: Latella si congratula con il giovane talento Mark Finn<\/title>\n<meta name=\"description\" content=\"&quot;Traguardo straordinario che conferma le sue doti di campione e che inorgoglisce l\u2019intero movimento ciclistico nazionale&quot;, dichiara Latella\" \/>\n<meta name=\"robots\" content=\"index, follow, max-snippet:-1, max-image-preview:large, max-video-preview:-1\" \/>\n<link rel=\"canonical\" href=\"https:\/\/progettotouring.it\/radiotouring104\/2025\/10\/01\/ciclismo-il-consigliere-latella-si-congratula-con-il-giovane-talento-mark-finn\/\" \/>\n<meta property=\"og:locale\" content=\"it_IT\" \/>\n<meta property=\"og:type\" content=\"article\" \/>\n<meta property=\"og:title\" content=\"Ciclismo: Latella si congratula con il giovane talento Mark Finn\" \/>\n<meta property=\"og:description\" content=\"&quot;Traguardo straordinario che conferma le sue doti di campione e che inorgoglisce l\u2019intero movimento ciclistico nazionale&quot;, dichiara Latella\" \/>\n<meta property=\"og:url\" content=\"https:\/\/progettotouring.it\/radiotouring104\/2025\/10\/01\/ciclismo-il-consigliere-latella-si-congratula-con-il-giovane-talento-mark-finn\/\" \/>\n<meta property=\"og:site_name\" content=\"Radio Touring 104\" \/>\n<meta property=\"article:published_time\" content=\"2025-10-01T07:00:33+00:00\" \/>\n<meta property=\"article:modified_time\" content=\"2025-10-01T09:38:41+00:00\" \/>\n<meta property=\"og:image\" content=\"https:\/\/progettotouring.it\/radiotouring104\/wp-content\/uploads\/sites\/6\/2024\/02\/giovanni-latella.jpg\" \/>\n\t<meta property=\"og:image:width\" content=\"469\" \/>\n\t<meta property=\"og:image:height\" content=\"403\" \/>\n\t<meta property=\"og:image:type\" content=\"image\/jpeg\" \/>\n<meta name=\"author\" content=\"redazione\" \/>\n<meta name=\"twitter:card\" content=\"summary_large_image\" \/>\n<meta name=\"twitter:label1\" content=\"Scritto da\" \/>\n\t<meta name=\"twitter:data1\" content=\"redazione\" \/>\n\t<meta name=\"twitter:label2\" content=\"Tempo di lettura stimato\" \/>\n\t<meta name=\"twitter:data2\" content=\"1 minuto\" \/>\n<script type=\"application\/ld+json\" class=\"yoast-schema-graph\">{\"@context\":\"https:\/\/schema.org\",\"@graph\":[{\"@type\":\"Article\",\"@id\":\"https:\/\/progettotouring.it\/radiotouring104\/2025\/10\/01\/ciclismo-il-consigliere-latella-si-congratula-con-il-giovane-talento-mark-finn\/#article\",\"isPartOf\":{\"@id\":\"https:\/\/progettotouring.it\/radiotouring104\/2025\/10\/01\/ciclismo-il-consigliere-latella-si-congratula-con-il-giovane-talento-mark-finn\/\"},\"author\":{\"name\":\"redazione\",\"@id\":\"https:\/\/progettotouring.it\/radiotouring104\/#\/schema\/person\/1b3eb3c07c47136bc44c785c543e635f\"},\"headline\":\"Ciclismo: il Consigliere Latella si congratula con il giovane talento Mark Finn\",\"datePublished\":\"2025-10-01T07:00:33+00:00\",\"dateModified\":\"2025-10-01T09:38:41+00:00\",\"mainEntityOfPage\":{\"@id\":\"https:\/\/progettotouring.it\/radiotouring104\/2025\/10\/01\/ciclismo-il-consigliere-latella-si-congratula-con-il-giovane-talento-mark-finn\/\"},\"wordCount\":212,\"publisher\":{\"@id\":\"https:\/\/progettotouring.it\/radiotouring104\/#organization\"},\"image\":{\"@id\":\"https:\/\/progettotouring.it\/radiotouring104\/2025\/10\/01\/ciclismo-il-consigliere-latella-si-congratula-con-il-giovane-talento-mark-finn\/#primaryimage\"},\"thumbnailUrl\":\"https:\/\/progettotouring.it\/radiotouring104\/wp-content\/uploads\/sites\/6\/2024\/02\/giovanni-latella.jpg\",\"keywords\":[\"ciclismo\",\"congratulazioni\",\"Consigliere comunale Latella Giovanni\",\"Giovane talento\",\"Mark Finn\",\"Traguardo straordinario che conferma le sue doti di campione\"],\"articleSection\":[\"Home\",\"News\",\"Reggio Calabria\"],\"inLanguage\":\"it-IT\"},{\"@type\":\"WebPage\",\"@id\":\"https:\/\/progettotouring.it\/radiotouring104\/2025\/10\/01\/ciclismo-il-consigliere-latella-si-congratula-con-il-giovane-talento-mark-finn\/\",\"url\":\"https:\/\/progettotouring.it\/radiotouring104\/2025\/10\/01\/ciclismo-il-consigliere-latella-si-congratula-con-il-giovane-talento-mark-finn\/\",\"name\":\"Ciclismo: Latella si congratula con il giovane talento Mark Finn\",\"isPartOf\":{\"@id\":\"https:\/\/progettotouring.it\/radiotouring104\/#website\"},\"primaryImageOfPage\":{\"@id\":\"https:\/\/progettotouring.it\/radiotouring104\/2025\/10\/01\/ciclismo-il-consigliere-latella-si-congratula-con-il-giovane-talento-mark-finn\/#primaryimage\"},\"image\":{\"@id\":\"https:\/\/progettotouring.it\/radiotouring104\/2025\/10\/01\/ciclismo-il-consigliere-latella-si-congratula-con-il-giovane-talento-mark-finn\/#primaryimage\"},\"thumbnailUrl\":\"https:\/\/progettotouring.it\/radiotouring104\/wp-content\/uploads\/sites\/6\/2024\/02\/giovanni-latella.jpg\",\"datePublished\":\"2025-10-01T07:00:33+00:00\",\"dateModified\":\"2025-10-01T09:38:41+00:00\",\"description\":\"\\\"Traguardo straordinario che conferma le sue doti di campione e che inorgoglisce l\u2019intero movimento ciclistico nazionale\\\", dichiara Latella\",\"breadcrumb\":{\"@id\":\"https:\/\/progettotouring.it\/radiotouring104\/2025\/10\/01\/ciclismo-il-consigliere-latella-si-congratula-con-il-giovane-talento-mark-finn\/#breadcrumb\"},\"inLanguage\":\"it-IT\",\"potentialAction\":[{\"@type\":\"ReadAction\",\"target\":[\"https:\/\/progettotouring.it\/radiotouring104\/2025\/10\/01\/ciclismo-il-consigliere-latella-si-congratula-con-il-giovane-talento-mark-finn\/\"]}]},{\"@type\":\"ImageObject\",\"inLanguage\":\"it-IT\",\"@id\":\"https:\/\/progettotouring.it\/radiotouring104\/2025\/10\/01\/ciclismo-il-consigliere-latella-si-congratula-con-il-giovane-talento-mark-finn\/#primaryimage\",\"url\":\"https:\/\/progettotouring.it\/radiotouring104\/wp-content\/uploads\/sites\/6\/2024\/02\/giovanni-latella.jpg\",\"contentUrl\":\"https:\/\/progettotouring.it\/radiotouring104\/wp-content\/uploads\/sites\/6\/2024\/02\/giovanni-latella.jpg\",\"width\":469,\"height\":403},{\"@type\":\"BreadcrumbList\",\"@id\":\"https:\/\/progettotouring.it\/radiotouring104\/2025\/10\/01\/ciclismo-il-consigliere-latella-si-congratula-con-il-giovane-talento-mark-finn\/#breadcrumb\",\"itemListElement\":[{\"@type\":\"ListItem\",\"position\":1,\"name\":\"Home\",\"item\":\"https:\/\/progettotouring.it\/radiotouring104\/\"},{\"@type\":\"ListItem\",\"position\":2,\"name\":\"Ciclismo: il Consigliere Latella si congratula con il giovane talento Mark Finn\"}]},{\"@type\":\"WebSite\",\"@id\":\"https:\/\/progettotouring.it\/radiotouring104\/#website\",\"url\":\"https:\/\/progettotouring.it\/radiotouring104\/\",\"name\":\"Radio Touring 104\",\"description\":\"La prima radio Reggina\",\"publisher\":{\"@id\":\"https:\/\/progettotouring.it\/radiotouring104\/#organization\"},\"potentialAction\":[{\"@type\":\"SearchAction\",\"target\":{\"@type\":\"EntryPoint\",\"urlTemplate\":\"https:\/\/progettotouring.it\/radiotouring104\/?s={search_term_string}\"},\"query-input\":{\"@type\":\"PropertyValueSpecification\",\"valueRequired\":true,\"valueName\":\"search_term_string\"}}],\"inLanguage\":\"it-IT\"},{\"@type\":\"Organization\",\"@id\":\"https:\/\/progettotouring.it\/radiotouring104\/#organization\",\"name\":\"Radio Touring 104\",\"url\":\"https:\/\/progettotouring.it\/radiotouring104\/\",\"logo\":{\"@type\":\"ImageObject\",\"inLanguage\":\"it-IT\",\"@id\":\"https:\/\/progettotouring.it\/radiotouring104\/#\/schema\/logo\/image\/\",\"url\":\"https:\/\/progettotouring.it\/radiotouring104\/wp-content\/uploads\/sites\/6\/2022\/02\/cropped-logo-radio-touring-104.png\",\"contentUrl\":\"https:\/\/progettotouring.it\/radiotouring104\/wp-content\/uploads\/sites\/6\/2022\/02\/cropped-logo-radio-touring-104.png\",\"width\":377,\"height\":182,\"caption\":\"Radio Touring 104\"},\"image\":{\"@id\":\"https:\/\/progettotouring.it\/radiotouring104\/#\/schema\/logo\/image\/\"}},{\"@type\":\"Person\",\"@id\":\"https:\/\/progettotouring.it\/radiotouring104\/#\/schema\/person\/1b3eb3c07c47136bc44c785c543e635f\",\"name\":\"redazione\",\"image\":{\"@type\":\"ImageObject\",\"inLanguage\":\"it-IT\",\"@id\":\"https:\/\/secure.gravatar.com\/avatar\/0b31605b49f100769e8b624b3e05de1b73e1692e9568a352f60f53fd072e6e11?s=96&d=mm&r=g\",\"url\":\"https:\/\/secure.gravatar.com\/avatar\/0b31605b49f100769e8b624b3e05de1b73e1692e9568a352f60f53fd072e6e11?s=96&d=mm&r=g\",\"contentUrl\":\"https:\/\/secure.gravatar.com\/avatar\/0b31605b49f100769e8b624b3e05de1b73e1692e9568a352f60f53fd072e6e11?s=96&d=mm&r=g\",\"caption\":\"redazione\"},\"url\":\"https:\/\/progettotouring.it\/radiotouring104\/author\/redazione\/\"}]}<\/script>\n<!-- \/ Yoast SEO plugin. -->","yoast_head_json":{"title":"Ciclismo: Latella si congratula con il giovane talento Mark Finn","description":"\"Traguardo straordinario che conferma le sue doti di campione e che inorgoglisce l\u2019intero movimento ciclistico nazionale\", dichiara Latella","robots":{"index":"index","follow":"follow","max-snippet":"max-snippet:-1","max-image-preview":"max-image-preview:large","max-video-preview":"max-video-preview:-1"},"canonical":"https:\/\/progettotouring.it\/radiotouring104\/2025\/10\/01\/ciclismo-il-consigliere-latella-si-congratula-con-il-giovane-talento-mark-finn\/","og_locale":"it_IT","og_type":"article","og_title":"Ciclismo: Latella si congratula con il giovane talento Mark Finn","og_description":"\"Traguardo straordinario che conferma le sue doti di campione e che inorgoglisce l\u2019intero movimento ciclistico nazionale\", dichiara Latella","og_url":"https:\/\/progettotouring.it\/radiotouring104\/2025\/10\/01\/ciclismo-il-consigliere-latella-si-congratula-con-il-giovane-talento-mark-finn\/","og_site_name":"Radio Touring 104","article_published_time":"2025-10-01T07:00:33+00:00","article_modified_time":"2025-10-01T09:38:41+00:00","og_image":[{"width":469,"height":403,"url":"https:\/\/progettotouring.it\/radiotouring104\/wp-content\/uploads\/sites\/6\/2024\/02\/giovanni-latella.jpg","type":"image\/jpeg"}],"author":"redazione","twitter_card":"summary_large_image","twitter_misc":{"Scritto da":"redazione","Tempo di lettura stimato":"1 minuto"},"schema":{"@context":"https:\/\/schema.org","@graph":[{"@type":"Article","@id":"https:\/\/progettotouring.it\/radiotouring104\/2025\/10\/01\/ciclismo-il-consigliere-latella-si-congratula-con-il-giovane-talento-mark-finn\/#article","isPartOf":{"@id":"https:\/\/progettotouring.it\/radiotouring104\/2025\/10\/01\/ciclismo-il-consigliere-latella-si-congratula-con-il-giovane-talento-mark-finn\/"},"author":{"name":"redazione","@id":"https:\/\/progettotouring.it\/radiotouring104\/#\/schema\/person\/1b3eb3c07c47136bc44c785c543e635f"},"headline":"Ciclismo: il Consigliere Latella si congratula con il giovane talento Mark Finn","datePublished":"2025-10-01T07:00:33+00:00","dateModified":"2025-10-01T09:38:41+00:00","mainEntityOfPage":{"@id":"https:\/\/progettotouring.it\/radiotouring104\/2025\/10\/01\/ciclismo-il-consigliere-latella-si-congratula-con-il-giovane-talento-mark-finn\/"},"wordCount":212,"publisher":{"@id":"https:\/\/progettotouring.it\/radiotouring104\/#organization"},"image":{"@id":"https:\/\/progettotouring.it\/radiotouring104\/2025\/10\/01\/ciclismo-il-consigliere-latella-si-congratula-con-il-giovane-talento-mark-finn\/#primaryimage"},"thumbnailUrl":"https:\/\/progettotouring.it\/radiotouring104\/wp-content\/uploads\/sites\/6\/2024\/02\/giovanni-latella.jpg","keywords":["ciclismo","congratulazioni","Consigliere comunale Latella Giovanni","Giovane talento","Mark Finn","Traguardo straordinario che conferma le sue doti di campione"],"articleSection":["Home","News","Reggio Calabria"],"inLanguage":"it-IT"},{"@type":"WebPage","@id":"https:\/\/progettotouring.it\/radiotouring104\/2025\/10\/01\/ciclismo-il-consigliere-latella-si-congratula-con-il-giovane-talento-mark-finn\/","url":"https:\/\/progettotouring.it\/radiotouring104\/2025\/10\/01\/ciclismo-il-consigliere-latella-si-congratula-con-il-giovane-talento-mark-finn\/","name":"Ciclismo: Latella si congratula con il giovane talento Mark Finn","isPartOf":{"@id":"https:\/\/progettotouring.it\/radiotouring104\/#website"},"primaryImageOfPage":{"@id":"https:\/\/progettotouring.it\/radiotouring104\/2025\/10\/01\/ciclismo-il-consigliere-latella-si-congratula-con-il-giovane-talento-mark-finn\/#primaryimage"},"image":{"@id":"https:\/\/progettotouring.it\/radiotouring104\/2025\/10\/01\/ciclismo-il-consigliere-latella-si-congratula-con-il-giovane-talento-mark-finn\/#primaryimage"},"thumbnailUrl":"https:\/\/progettotouring.it\/radiotouring104\/wp-content\/uploads\/sites\/6\/2024\/02\/giovanni-latella.jpg","datePublished":"2025-10-01T07:00:33+00:00","dateModified":"2025-10-01T09:38:41+00:00","description":"\"Traguardo straordinario che conferma le sue doti di campione e che inorgoglisce l\u2019intero movimento ciclistico nazionale\", dichiara Latella","breadcrumb":{"@id":"https:\/\/progettotouring.it\/radiotouring104\/2025\/10\/01\/ciclismo-il-consigliere-latella-si-congratula-con-il-giovane-talento-mark-finn\/#breadcrumb"},"inLanguage":"it-IT","potentialAction":[{"@type":"ReadAction","target":["https:\/\/progettotouring.it\/radiotouring104\/2025\/10\/01\/ciclismo-il-consigliere-latella-si-congratula-con-il-giovane-talento-mark-finn\/"]}]},{"@type":"ImageObject","inLanguage":"it-IT","@id":"https:\/\/progettotouring.it\/radiotouring104\/2025\/10\/01\/ciclismo-il-consigliere-latella-si-congratula-con-il-giovane-talento-mark-finn\/#primaryimage","url":"https:\/\/progettotouring.it\/radiotouring104\/wp-content\/uploads\/sites\/6\/2024\/02\/giovanni-latella.jpg","contentUrl":"https:\/\/progettotouring.it\/radiotouring104\/wp-content\/uploads\/sites\/6\/2024\/02\/giovanni-latella.jpg","width":469,"height":403},{"@type":"BreadcrumbList","@id":"https:\/\/progettotouring.it\/radiotouring104\/2025\/10\/01\/ciclismo-il-consigliere-latella-si-congratula-con-il-giovane-talento-mark-finn\/#breadcrumb","itemListElement":[{"@type":"ListItem","position":1,"name":"Home","item":"https:\/\/progettotouring.it\/radiotouring104\/"},{"@type":"ListItem","position":2,"name":"Ciclismo: il Consigliere Latella si congratula con il giovane talento Mark Finn"}]},{"@type":"WebSite","@id":"https:\/\/progettotouring.it\/radiotouring104\/#website","url":"https:\/\/progettotouring.it\/radiotouring104\/","name":"Radio Touring 104","description":"La prima radio Reggina","publisher":{"@id":"https:\/\/progettotouring.it\/radiotouring104\/#organization"},"potentialAction":[{"@type":"SearchAction","target":{"@type":"EntryPoint","urlTemplate":"https:\/\/progettotouring.it\/radiotouring104\/?s={search_term_string}"},"query-input":{"@type":"PropertyValueSpecification","valueRequired":true,"valueName":"search_term_string"}}],"inLanguage":"it-IT"},{"@type":"Organization","@id":"https:\/\/progettotouring.it\/radiotouring104\/#organization","name":"Radio Touring 104","url":"https:\/\/progettotouring.it\/radiotouring104\/","logo":{"@type":"ImageObject","inLanguage":"it-IT","@id":"https:\/\/progettotouring.it\/radiotouring104\/#\/schema\/logo\/image\/","url":"https:\/\/progettotouring.it\/radiotouring104\/wp-content\/uploads\/sites\/6\/2022\/02\/cropped-logo-radio-touring-104.png","contentUrl":"https:\/\/progettotouring.it\/radiotouring104\/wp-content\/uploads\/sites\/6\/2022\/02\/cropped-logo-radio-touring-104.png","width":377,"height":182,"caption":"Radio Touring 104"},"image":{"@id":"https:\/\/progettotouring.it\/radiotouring104\/#\/schema\/logo\/image\/"}},{"@type":"Person","@id":"https:\/\/progettotouring.it\/radiotouring104\/#\/schema\/person\/1b3eb3c07c47136bc44c785c543e635f","name":"redazione","image":{"@type":"ImageObject","inLanguage":"it-IT","@id":"https:\/\/secure.gravatar.com\/avatar\/0b31605b49f100769e8b624b3e05de1b73e1692e9568a352f60f53fd072e6e11?s=96&d=mm&r=g","url":"https:\/\/secure.gravatar.com\/avatar\/0b31605b49f100769e8b624b3e05de1b73e1692e9568a352f60f53fd072e6e11?s=96&d=mm&r=g","contentUrl":"https:\/\/secure.gravatar.com\/avatar\/0b31605b49f100769e8b624b3e05de1b73e1692e9568a352f60f53fd072e6e11?s=96&d=mm&r=g","caption":"redazione"},"url":"https:\/\/progettotouring.it\/radiotouring104\/author\/redazione\/"}]}},"jetpack_publicize_connections":[],"jetpack_featured_media_url":"https:\/\/progettotouring.it\/radiotouring104\/wp-content\/uploads\/sites\/6\/2024\/02\/giovanni-latella.jpg","jetpack_sharing_enabled":true,"_links":{"self":[{"href":"https:\/\/progettotouring.it\/radiotouring104\/wp-json\/wp\/v2\/posts\/82536","targetHints":{"allow":["GET"]}}],"collection":[{"href":"https:\/\/progettotouring.it\/radiotouring104\/wp-json\/wp\/v2\/posts"}],"about":[{"href":"https:\/\/progettotouring.it\/radiotouring104\/wp-json\/wp\/v2\/types\/post"}],"author":[{"embeddable":true,"href":"https:\/\/progettotouring.it\/radiotouring104\/wp-json\/wp\/v2\/users\/5"}],"replies":[{"embeddable":true,"href":"https:\/\/progettotouring.it\/radiotouring104\/wp-json\/wp\/v2\/comments?post=82536"}],"version-history":[{"count":1,"href":"https:\/\/progettotouring.it\/radiotouring104\/wp-json\/wp\/v2\/posts\/82536\/revisions"}],"predecessor-version":[{"id":82537,"href":"https:\/\/progettotouring.it\/radiotouring104\/wp-json\/wp\/v2\/posts\/82536\/revisions\/82537"}],"wp:featuredmedia":[{"embeddable":true,"href":"https:\/\/progettotouring.it\/radiotouring104\/wp-json\/wp\/v2\/media\/45896"}],"wp:attachment":[{"href":"https:\/\/progettotouring.it\/radiotouring104\/wp-json\/wp\/v2\/media?parent=82536"}],"wp:term":[{"taxonomy":"category","embeddable":true,"href":"https:\/\/progettotouring.it\/radiotouring104\/wp-json\/wp\/v2\/categories?post=82536"},{"taxonomy":"post_tag","embeddable":true,"href":"https:\/\/progettotouring.it\/radiotouring104\/wp-json\/wp\/v2\/tags?post=82536"}],"curies":[{"name":"wp","href":"https:\/\/api.w.org\/{rel}","templated":true}]}}