{"id":82539,"date":"2025-10-01T09:32:04","date_gmt":"2025-10-01T07:32:04","guid":{"rendered":"https:\/\/progettotouring.it\/radiotouring104\/?p=82539"},"modified":"2025-10-01T11:38:31","modified_gmt":"2025-10-01T09:38:31","slug":"lamezia-evento-con-i-big-del-centrodestra-in-supporto-ad-occhiuto","status":"publish","type":"post","link":"https:\/\/progettotouring.it\/radiotouring104\/2025\/10\/01\/lamezia-evento-con-i-big-del-centrodestra-in-supporto-ad-occhiuto\/","title":{"rendered":"Lamezia: evento con i big del Centrodestra in supporto ad Occhiuto"},"content":{"rendered":"<p>Si \u00e8 svolto, a Lamezia Terme, il grande evento del centrodestra, in supporto di Roberto Occhiuto, candidato a presidente della Regione Calabria.<\/p>\n<p>&#8220;La presenza dei tre massimi esponenti del governo nazionale e di tutti i leader dei partiti di centrodestra non \u00e8 altro che l&#8217;ennesima riprova della ferma compattezza della coalizione e della grande attenzione che c&#8217;\u00e8 per la Calabria\u201d, ha dichiarato l&#8217;onorevole Francesco Cannizzaro.<\/p>\n<p>&#8220;Questo governo \u00e8 sicuramente un governo amico della nostra regione. Presenza e attenzioni che non ci vengono riservate, come accade invece a sinistra, solo in campagna elettorale. Tridico, Conte, Schlein &amp; Company, non mi pare di averli visti in Calabria prima di questa tornata elettorale. \u00c8 questa la grande differenza tra noi e loro: non aspettiamo le occasioni per farci vedere, per esserci, per occuparci dei problemi. Per noi il territorio \u00e8 sempre la base da cui partire.&#8221;, ha continuato il deputato reggino di Forza Italia.<\/p>\n<p>&#8220;La filiera istituzionale che abbiamo creato in questi anni, con passione e impegno costante, \u00e8 la pi\u00f9 vera e pratica dimostrazione di quale sia il nostro modus operandi politico. E la gente se n&#8217;\u00e8 accorta.<br \/>\nBasti dire che solo in quest&#8217;ultimo anno Antonio Tajani, vicepremier, ministro degli esteri e segretario nazionale del partito, \u00e8 venuto in Calabria ben 5 volte. Tutto ci\u00f2 \u00e8 sinonimo di grande importanza, quella che la Calabria merita e in passato non ha mai avuto cos\u00ec.<br \/>\nSupportare Roberto Occhiuto significa proseguire su questo solco, che in appena 4 anni ha gi\u00e0 segnato un netto cambio di passo&#8221;, ha concluso l&#8217;Onorevole Cannizzaro.<\/p>\n<p>&nbsp;<\/p>\n<h3>La Premier Meloni: &#8220;Avviato iter per uscita commissariamento sanit\u00e0 Calabria&#8221;<\/h3>\n<p>&#8220;Sono felice di annunciare che abbiamo avviato l&#8217;iter per l&#8217;uscita della Calabria dalla gestione commissariale della sanit\u00e0 perch\u00e9 se lo merita&#8221;, ha dichiarato la Premier, Giorgia Meloni, all&#8217;evento di Lamezia Terme, in supporto ad Occhiuto.<\/p>\n","protected":false},"excerpt":{"rendered":"<p>Si \u00e8 svolto, a Lamezia Terme, il grande evento del centrodestra, in supporto di Roberto Occhiuto, candidato a presidente della Regione Calabria. &#8220;La presenza dei tre massimi esponenti del governo&hellip;<\/p>\n","protected":false},"author":5,"featured_media":33505,"comment_status":"closed","ping_status":"open","sticky":false,"template":"","format":"standard","meta":{"_jetpack_memberships_contains_paid_content":false,"footnotes":"","jetpack_publicize_message":"","jetpack_publicize_feature_enabled":true,"jetpack_social_post_already_shared":true,"jetpack_social_options":{"image_generator_settings":{"template":"highway","default_image_id":0,"font":"","enabled":false},"version":2}},"categories":[142,921,196],"tags":[26345,47902,2776,5301,1705,47903],"class_list":["post-82539","post","type-post","status-publish","format-standard","has-post-thumbnail","hentry","category-calabria","category-home","category-news","tag-elezioni-regionali","tag-evento-elettorale","tag-francesco-cannizzaro","tag-giorgia-meloni","tag-lamezia-terme","tag-supporto-occhiuto"],"yoast_head":"<!-- This site is optimized with the Yoast SEO plugin v27.2 - https:\/\/yoast.com\/product\/yoast-seo-wordpress\/ -->\n<title>Lamezia: evento con i big del Centrodestra in supporto ad Occhiuto<\/title>\n<meta name=\"description\" content=\"Si \u00e8 svolto a Lamezia l&#039;evento con i big della Coalizione, Meloni, Tajani e Cannizzaro, l&#039;evento elettorale in supporto a Roberto Occhiuto\" \/>\n<meta name=\"robots\" content=\"index, follow, max-snippet:-1, max-image-preview:large, max-video-preview:-1\" \/>\n<link rel=\"canonical\" href=\"https:\/\/progettotouring.it\/radiotouring104\/2025\/10\/01\/lamezia-evento-con-i-big-del-centrodestra-in-supporto-ad-occhiuto\/\" \/>\n<meta property=\"og:locale\" content=\"it_IT\" \/>\n<meta property=\"og:type\" content=\"article\" \/>\n<meta property=\"og:title\" content=\"Lamezia: evento con i big del Centrodestra in supporto ad Occhiuto\" \/>\n<meta property=\"og:description\" content=\"Si \u00e8 svolto a Lamezia l&#039;evento con i big della Coalizione, Meloni, Tajani e Cannizzaro, l&#039;evento elettorale in supporto a Roberto Occhiuto\" \/>\n<meta property=\"og:url\" content=\"https:\/\/progettotouring.it\/radiotouring104\/2025\/10\/01\/lamezia-evento-con-i-big-del-centrodestra-in-supporto-ad-occhiuto\/\" \/>\n<meta property=\"og:site_name\" content=\"Radio Touring 104\" \/>\n<meta property=\"article:published_time\" content=\"2025-10-01T07:32:04+00:00\" \/>\n<meta property=\"article:modified_time\" content=\"2025-10-01T09:38:31+00:00\" \/>\n<meta property=\"og:image\" content=\"https:\/\/progettotouring.it\/radiotouring104\/wp-content\/uploads\/sites\/6\/2023\/08\/Occhiuto-Cup.jpg\" \/>\n\t<meta property=\"og:image:width\" content=\"774\" \/>\n\t<meta property=\"og:image:height\" content=\"516\" \/>\n\t<meta property=\"og:image:type\" content=\"image\/jpeg\" \/>\n<meta name=\"author\" content=\"redazione\" \/>\n<meta name=\"twitter:card\" content=\"summary_large_image\" \/>\n<meta name=\"twitter:label1\" content=\"Scritto da\" \/>\n\t<meta name=\"twitter:data1\" content=\"redazione\" \/>\n\t<meta name=\"twitter:label2\" content=\"Tempo di lettura stimato\" \/>\n\t<meta name=\"twitter:data2\" content=\"1 minuto\" \/>\n<script type=\"application\/ld+json\" class=\"yoast-schema-graph\">{\"@context\":\"https:\/\/schema.org\",\"@graph\":[{\"@type\":\"Article\",\"@id\":\"https:\/\/progettotouring.it\/radiotouring104\/2025\/10\/01\/lamezia-evento-con-i-big-del-centrodestra-in-supporto-ad-occhiuto\/#article\",\"isPartOf\":{\"@id\":\"https:\/\/progettotouring.it\/radiotouring104\/2025\/10\/01\/lamezia-evento-con-i-big-del-centrodestra-in-supporto-ad-occhiuto\/\"},\"author\":{\"name\":\"redazione\",\"@id\":\"https:\/\/progettotouring.it\/radiotouring104\/#\/schema\/person\/1b3eb3c07c47136bc44c785c543e635f\"},\"headline\":\"Lamezia: evento con i big del Centrodestra in supporto ad Occhiuto\",\"datePublished\":\"2025-10-01T07:32:04+00:00\",\"dateModified\":\"2025-10-01T09:38:31+00:00\",\"mainEntityOfPage\":{\"@id\":\"https:\/\/progettotouring.it\/radiotouring104\/2025\/10\/01\/lamezia-evento-con-i-big-del-centrodestra-in-supporto-ad-occhiuto\/\"},\"wordCount\":303,\"publisher\":{\"@id\":\"https:\/\/progettotouring.it\/radiotouring104\/#organization\"},\"image\":{\"@id\":\"https:\/\/progettotouring.it\/radiotouring104\/2025\/10\/01\/lamezia-evento-con-i-big-del-centrodestra-in-supporto-ad-occhiuto\/#primaryimage\"},\"thumbnailUrl\":\"https:\/\/progettotouring.it\/radiotouring104\/wp-content\/uploads\/sites\/6\/2023\/08\/Occhiuto-Cup.jpg\",\"keywords\":[\"Elezioni Regionali\",\"evento elettorale\",\"francesco cannizzaro\",\"Giorgia Meloni\",\"Lamezia Terme\",\"supporto occhiuto\"],\"articleSection\":[\"Calabria\",\"Home\",\"News\"],\"inLanguage\":\"it-IT\"},{\"@type\":\"WebPage\",\"@id\":\"https:\/\/progettotouring.it\/radiotouring104\/2025\/10\/01\/lamezia-evento-con-i-big-del-centrodestra-in-supporto-ad-occhiuto\/\",\"url\":\"https:\/\/progettotouring.it\/radiotouring104\/2025\/10\/01\/lamezia-evento-con-i-big-del-centrodestra-in-supporto-ad-occhiuto\/\",\"name\":\"Lamezia: evento con i big del Centrodestra in supporto ad Occhiuto\",\"isPartOf\":{\"@id\":\"https:\/\/progettotouring.it\/radiotouring104\/#website\"},\"primaryImageOfPage\":{\"@id\":\"https:\/\/progettotouring.it\/radiotouring104\/2025\/10\/01\/lamezia-evento-con-i-big-del-centrodestra-in-supporto-ad-occhiuto\/#primaryimage\"},\"image\":{\"@id\":\"https:\/\/progettotouring.it\/radiotouring104\/2025\/10\/01\/lamezia-evento-con-i-big-del-centrodestra-in-supporto-ad-occhiuto\/#primaryimage\"},\"thumbnailUrl\":\"https:\/\/progettotouring.it\/radiotouring104\/wp-content\/uploads\/sites\/6\/2023\/08\/Occhiuto-Cup.jpg\",\"datePublished\":\"2025-10-01T07:32:04+00:00\",\"dateModified\":\"2025-10-01T09:38:31+00:00\",\"description\":\"Si \u00e8 svolto a Lamezia l'evento con i big della Coalizione, Meloni, Tajani e Cannizzaro, l'evento elettorale in supporto a Roberto Occhiuto\",\"breadcrumb\":{\"@id\":\"https:\/\/progettotouring.it\/radiotouring104\/2025\/10\/01\/lamezia-evento-con-i-big-del-centrodestra-in-supporto-ad-occhiuto\/#breadcrumb\"},\"inLanguage\":\"it-IT\",\"potentialAction\":[{\"@type\":\"ReadAction\",\"target\":[\"https:\/\/progettotouring.it\/radiotouring104\/2025\/10\/01\/lamezia-evento-con-i-big-del-centrodestra-in-supporto-ad-occhiuto\/\"]}]},{\"@type\":\"ImageObject\",\"inLanguage\":\"it-IT\",\"@id\":\"https:\/\/progettotouring.it\/radiotouring104\/2025\/10\/01\/lamezia-evento-con-i-big-del-centrodestra-in-supporto-ad-occhiuto\/#primaryimage\",\"url\":\"https:\/\/progettotouring.it\/radiotouring104\/wp-content\/uploads\/sites\/6\/2023\/08\/Occhiuto-Cup.jpg\",\"contentUrl\":\"https:\/\/progettotouring.it\/radiotouring104\/wp-content\/uploads\/sites\/6\/2023\/08\/Occhiuto-Cup.jpg\",\"width\":774,\"height\":516},{\"@type\":\"BreadcrumbList\",\"@id\":\"https:\/\/progettotouring.it\/radiotouring104\/2025\/10\/01\/lamezia-evento-con-i-big-del-centrodestra-in-supporto-ad-occhiuto\/#breadcrumb\",\"itemListElement\":[{\"@type\":\"ListItem\",\"position\":1,\"name\":\"Home\",\"item\":\"https:\/\/progettotouring.it\/radiotouring104\/\"},{\"@type\":\"ListItem\",\"position\":2,\"name\":\"Lamezia: evento con i big del Centrodestra in supporto ad Occhiuto\"}]},{\"@type\":\"WebSite\",\"@id\":\"https:\/\/progettotouring.it\/radiotouring104\/#website\",\"url\":\"https:\/\/progettotouring.it\/radiotouring104\/\",\"name\":\"Radio Touring 104\",\"description\":\"La prima radio Reggina\",\"publisher\":{\"@id\":\"https:\/\/progettotouring.it\/radiotouring104\/#organization\"},\"potentialAction\":[{\"@type\":\"SearchAction\",\"target\":{\"@type\":\"EntryPoint\",\"urlTemplate\":\"https:\/\/progettotouring.it\/radiotouring104\/?s={search_term_string}\"},\"query-input\":{\"@type\":\"PropertyValueSpecification\",\"valueRequired\":true,\"valueName\":\"search_term_string\"}}],\"inLanguage\":\"it-IT\"},{\"@type\":\"Organization\",\"@id\":\"https:\/\/progettotouring.it\/radiotouring104\/#organization\",\"name\":\"Radio Touring 104\",\"url\":\"https:\/\/progettotouring.it\/radiotouring104\/\",\"logo\":{\"@type\":\"ImageObject\",\"inLanguage\":\"it-IT\",\"@id\":\"https:\/\/progettotouring.it\/radiotouring104\/#\/schema\/logo\/image\/\",\"url\":\"https:\/\/progettotouring.it\/radiotouring104\/wp-content\/uploads\/sites\/6\/2022\/02\/cropped-logo-radio-touring-104.png\",\"contentUrl\":\"https:\/\/progettotouring.it\/radiotouring104\/wp-content\/uploads\/sites\/6\/2022\/02\/cropped-logo-radio-touring-104.png\",\"width\":377,\"height\":182,\"caption\":\"Radio Touring 104\"},\"image\":{\"@id\":\"https:\/\/progettotouring.it\/radiotouring104\/#\/schema\/logo\/image\/\"}},{\"@type\":\"Person\",\"@id\":\"https:\/\/progettotouring.it\/radiotouring104\/#\/schema\/person\/1b3eb3c07c47136bc44c785c543e635f\",\"name\":\"redazione\",\"image\":{\"@type\":\"ImageObject\",\"inLanguage\":\"it-IT\",\"@id\":\"https:\/\/secure.gravatar.com\/avatar\/0b31605b49f100769e8b624b3e05de1b73e1692e9568a352f60f53fd072e6e11?s=96&d=mm&r=g\",\"url\":\"https:\/\/secure.gravatar.com\/avatar\/0b31605b49f100769e8b624b3e05de1b73e1692e9568a352f60f53fd072e6e11?s=96&d=mm&r=g\",\"contentUrl\":\"https:\/\/secure.gravatar.com\/avatar\/0b31605b49f100769e8b624b3e05de1b73e1692e9568a352f60f53fd072e6e11?s=96&d=mm&r=g\",\"caption\":\"redazione\"},\"url\":\"https:\/\/progettotouring.it\/radiotouring104\/author\/redazione\/\"}]}<\/script>\n<!-- \/ Yoast SEO plugin. -->","yoast_head_json":{"title":"Lamezia: evento con i big del Centrodestra in supporto ad Occhiuto","description":"Si \u00e8 svolto a Lamezia l'evento con i big della Coalizione, Meloni, Tajani e Cannizzaro, l'evento elettorale in supporto a Roberto Occhiuto","robots":{"index":"index","follow":"follow","max-snippet":"max-snippet:-1","max-image-preview":"max-image-preview:large","max-video-preview":"max-video-preview:-1"},"canonical":"https:\/\/progettotouring.it\/radiotouring104\/2025\/10\/01\/lamezia-evento-con-i-big-del-centrodestra-in-supporto-ad-occhiuto\/","og_locale":"it_IT","og_type":"article","og_title":"Lamezia: evento con i big del Centrodestra in supporto ad Occhiuto","og_description":"Si \u00e8 svolto a Lamezia l'evento con i big della Coalizione, Meloni, Tajani e Cannizzaro, l'evento elettorale in supporto a Roberto Occhiuto","og_url":"https:\/\/progettotouring.it\/radiotouring104\/2025\/10\/01\/lamezia-evento-con-i-big-del-centrodestra-in-supporto-ad-occhiuto\/","og_site_name":"Radio Touring 104","article_published_time":"2025-10-01T07:32:04+00:00","article_modified_time":"2025-10-01T09:38:31+00:00","og_image":[{"width":774,"height":516,"url":"https:\/\/progettotouring.it\/radiotouring104\/wp-content\/uploads\/sites\/6\/2023\/08\/Occhiuto-Cup.jpg","type":"image\/jpeg"}],"author":"redazione","twitter_card":"summary_large_image","twitter_misc":{"Scritto da":"redazione","Tempo di lettura stimato":"1 minuto"},"schema":{"@context":"https:\/\/schema.org","@graph":[{"@type":"Article","@id":"https:\/\/progettotouring.it\/radiotouring104\/2025\/10\/01\/lamezia-evento-con-i-big-del-centrodestra-in-supporto-ad-occhiuto\/#article","isPartOf":{"@id":"https:\/\/progettotouring.it\/radiotouring104\/2025\/10\/01\/lamezia-evento-con-i-big-del-centrodestra-in-supporto-ad-occhiuto\/"},"author":{"name":"redazione","@id":"https:\/\/progettotouring.it\/radiotouring104\/#\/schema\/person\/1b3eb3c07c47136bc44c785c543e635f"},"headline":"Lamezia: evento con i big del Centrodestra in supporto ad Occhiuto","datePublished":"2025-10-01T07:32:04+00:00","dateModified":"2025-10-01T09:38:31+00:00","mainEntityOfPage":{"@id":"https:\/\/progettotouring.it\/radiotouring104\/2025\/10\/01\/lamezia-evento-con-i-big-del-centrodestra-in-supporto-ad-occhiuto\/"},"wordCount":303,"publisher":{"@id":"https:\/\/progettotouring.it\/radiotouring104\/#organization"},"image":{"@id":"https:\/\/progettotouring.it\/radiotouring104\/2025\/10\/01\/lamezia-evento-con-i-big-del-centrodestra-in-supporto-ad-occhiuto\/#primaryimage"},"thumbnailUrl":"https:\/\/progettotouring.it\/radiotouring104\/wp-content\/uploads\/sites\/6\/2023\/08\/Occhiuto-Cup.jpg","keywords":["Elezioni Regionali","evento elettorale","francesco cannizzaro","Giorgia Meloni","Lamezia Terme","supporto occhiuto"],"articleSection":["Calabria","Home","News"],"inLanguage":"it-IT"},{"@type":"WebPage","@id":"https:\/\/progettotouring.it\/radiotouring104\/2025\/10\/01\/lamezia-evento-con-i-big-del-centrodestra-in-supporto-ad-occhiuto\/","url":"https:\/\/progettotouring.it\/radiotouring104\/2025\/10\/01\/lamezia-evento-con-i-big-del-centrodestra-in-supporto-ad-occhiuto\/","name":"Lamezia: evento con i big del Centrodestra in supporto ad Occhiuto","isPartOf":{"@id":"https:\/\/progettotouring.it\/radiotouring104\/#website"},"primaryImageOfPage":{"@id":"https:\/\/progettotouring.it\/radiotouring104\/2025\/10\/01\/lamezia-evento-con-i-big-del-centrodestra-in-supporto-ad-occhiuto\/#primaryimage"},"image":{"@id":"https:\/\/progettotouring.it\/radiotouring104\/2025\/10\/01\/lamezia-evento-con-i-big-del-centrodestra-in-supporto-ad-occhiuto\/#primaryimage"},"thumbnailUrl":"https:\/\/progettotouring.it\/radiotouring104\/wp-content\/uploads\/sites\/6\/2023\/08\/Occhiuto-Cup.jpg","datePublished":"2025-10-01T07:32:04+00:00","dateModified":"2025-10-01T09:38:31+00:00","description":"Si \u00e8 svolto a Lamezia l'evento con i big della Coalizione, Meloni, Tajani e Cannizzaro, l'evento elettorale in supporto a Roberto Occhiuto","breadcrumb":{"@id":"https:\/\/progettotouring.it\/radiotouring104\/2025\/10\/01\/lamezia-evento-con-i-big-del-centrodestra-in-supporto-ad-occhiuto\/#breadcrumb"},"inLanguage":"it-IT","potentialAction":[{"@type":"ReadAction","target":["https:\/\/progettotouring.it\/radiotouring104\/2025\/10\/01\/lamezia-evento-con-i-big-del-centrodestra-in-supporto-ad-occhiuto\/"]}]},{"@type":"ImageObject","inLanguage":"it-IT","@id":"https:\/\/progettotouring.it\/radiotouring104\/2025\/10\/01\/lamezia-evento-con-i-big-del-centrodestra-in-supporto-ad-occhiuto\/#primaryimage","url":"https:\/\/progettotouring.it\/radiotouring104\/wp-content\/uploads\/sites\/6\/2023\/08\/Occhiuto-Cup.jpg","contentUrl":"https:\/\/progettotouring.it\/radiotouring104\/wp-content\/uploads\/sites\/6\/2023\/08\/Occhiuto-Cup.jpg","width":774,"height":516},{"@type":"BreadcrumbList","@id":"https:\/\/progettotouring.it\/radiotouring104\/2025\/10\/01\/lamezia-evento-con-i-big-del-centrodestra-in-supporto-ad-occhiuto\/#breadcrumb","itemListElement":[{"@type":"ListItem","position":1,"name":"Home","item":"https:\/\/progettotouring.it\/radiotouring104\/"},{"@type":"ListItem","position":2,"name":"Lamezia: evento con i big del Centrodestra in supporto ad Occhiuto"}]},{"@type":"WebSite","@id":"https:\/\/progettotouring.it\/radiotouring104\/#website","url":"https:\/\/progettotouring.it\/radiotouring104\/","name":"Radio Touring 104","description":"La prima radio Reggina","publisher":{"@id":"https:\/\/progettotouring.it\/radiotouring104\/#organization"},"potentialAction":[{"@type":"SearchAction","target":{"@type":"EntryPoint","urlTemplate":"https:\/\/progettotouring.it\/radiotouring104\/?s={search_term_string}"},"query-input":{"@type":"PropertyValueSpecification","valueRequired":true,"valueName":"search_term_string"}}],"inLanguage":"it-IT"},{"@type":"Organization","@id":"https:\/\/progettotouring.it\/radiotouring104\/#organization","name":"Radio Touring 104","url":"https:\/\/progettotouring.it\/radiotouring104\/","logo":{"@type":"ImageObject","inLanguage":"it-IT","@id":"https:\/\/progettotouring.it\/radiotouring104\/#\/schema\/logo\/image\/","url":"https:\/\/progettotouring.it\/radiotouring104\/wp-content\/uploads\/sites\/6\/2022\/02\/cropped-logo-radio-touring-104.png","contentUrl":"https:\/\/progettotouring.it\/radiotouring104\/wp-content\/uploads\/sites\/6\/2022\/02\/cropped-logo-radio-touring-104.png","width":377,"height":182,"caption":"Radio Touring 104"},"image":{"@id":"https:\/\/progettotouring.it\/radiotouring104\/#\/schema\/logo\/image\/"}},{"@type":"Person","@id":"https:\/\/progettotouring.it\/radiotouring104\/#\/schema\/person\/1b3eb3c07c47136bc44c785c543e635f","name":"redazione","image":{"@type":"ImageObject","inLanguage":"it-IT","@id":"https:\/\/secure.gravatar.com\/avatar\/0b31605b49f100769e8b624b3e05de1b73e1692e9568a352f60f53fd072e6e11?s=96&d=mm&r=g","url":"https:\/\/secure.gravatar.com\/avatar\/0b31605b49f100769e8b624b3e05de1b73e1692e9568a352f60f53fd072e6e11?s=96&d=mm&r=g","contentUrl":"https:\/\/secure.gravatar.com\/avatar\/0b31605b49f100769e8b624b3e05de1b73e1692e9568a352f60f53fd072e6e11?s=96&d=mm&r=g","caption":"redazione"},"url":"https:\/\/progettotouring.it\/radiotouring104\/author\/redazione\/"}]}},"jetpack_publicize_connections":[],"jetpack_featured_media_url":"https:\/\/progettotouring.it\/radiotouring104\/wp-content\/uploads\/sites\/6\/2023\/08\/Occhiuto-Cup.jpg","jetpack_sharing_enabled":true,"_links":{"self":[{"href":"https:\/\/progettotouring.it\/radiotouring104\/wp-json\/wp\/v2\/posts\/82539","targetHints":{"allow":["GET"]}}],"collection":[{"href":"https:\/\/progettotouring.it\/radiotouring104\/wp-json\/wp\/v2\/posts"}],"about":[{"href":"https:\/\/progettotouring.it\/radiotouring104\/wp-json\/wp\/v2\/types\/post"}],"author":[{"embeddable":true,"href":"https:\/\/progettotouring.it\/radiotouring104\/wp-json\/wp\/v2\/users\/5"}],"replies":[{"embeddable":true,"href":"https:\/\/progettotouring.it\/radiotouring104\/wp-json\/wp\/v2\/comments?post=82539"}],"version-history":[{"count":1,"href":"https:\/\/progettotouring.it\/radiotouring104\/wp-json\/wp\/v2\/posts\/82539\/revisions"}],"predecessor-version":[{"id":82544,"href":"https:\/\/progettotouring.it\/radiotouring104\/wp-json\/wp\/v2\/posts\/82539\/revisions\/82544"}],"wp:featuredmedia":[{"embeddable":true,"href":"https:\/\/progettotouring.it\/radiotouring104\/wp-json\/wp\/v2\/media\/33505"}],"wp:attachment":[{"href":"https:\/\/progettotouring.it\/radiotouring104\/wp-json\/wp\/v2\/media?parent=82539"}],"wp:term":[{"taxonomy":"category","embeddable":true,"href":"https:\/\/progettotouring.it\/radiotouring104\/wp-json\/wp\/v2\/categories?post=82539"},{"taxonomy":"post_tag","embeddable":true,"href":"https:\/\/progettotouring.it\/radiotouring104\/wp-json\/wp\/v2\/tags?post=82539"}],"curies":[{"name":"wp","href":"https:\/\/api.w.org\/{rel}","templated":true}]}}