{"id":82541,"date":"2025-10-01T09:26:18","date_gmt":"2025-10-01T07:26:18","guid":{"rendered":"https:\/\/progettotouring.it\/radiotouring104\/?p=82541"},"modified":"2025-10-01T12:36:06","modified_gmt":"2025-10-01T10:36:06","slug":"reggio-albero-caduto-nei-pressi-della-farmacia-igea","status":"publish","type":"post","link":"https:\/\/progettotouring.it\/radiotouring104\/2025\/10\/01\/reggio-albero-caduto-nei-pressi-della-farmacia-igea\/","title":{"rendered":"Reggio: albero caduto nei pressi della Farmacia &#8220;Igea&#8221;"},"content":{"rendered":"<p>Un albero \u00e8 caduto, da poco, nei pressi della farmacia Igea, nei pressi dell&#8217;ex nefrologico. Un episodio analogo era accaduto qualche giorno fa.<br \/>\nSul luogo transitava un&#8217;auto che \u00e8 riuscita a fermarsi in tempo.<\/p>\n<p>I cittadini segnalano, che da qualche giorno, sentivano scricchiolare l&#8217;albero caduto, che oscillava in modo preoccupante e sono in rivolta contro il Sindaco Falcomat\u00e0.<\/p>\n<p>Sul luogo stanno arrivando i vigili del fuoco.<\/p>\n<p>La piazza in cui si \u00e8 verificato l&#8217;episodio, \u00e8 la medesima in cui tempo fa \u00e8 morto un uomo, sempre a causa della caduta di un altro albero.<\/p>\n<h3><\/h3>\n<h3>Albero caduto in via Sbarre Inferiori, Il Consigliere Cuzzocrea precisa: &#8220;<b>\u00abCompetenza di cura e manutenzione di Regione Calabria con Aterp\u00bb<\/b><\/h3>\n<p>In merito alla caduta dei due alberi verificatasi in via Sbarre Inferiori, il consigliere comunale Pino Cuzzocrea<\/p>\n<p>\u00abLa competenza relativa alla gestione e manutenzione delle piante in questione non appartiene al Comune di Reggio Calabria, bens\u00ec all\u2019Aterp Calabria, e dunque alla Regione, alla quale spettano la cura e manutenzione dell\u2019area. Anche in questo caso, la mancata e definitiva assegnazione delle funzioni da parte della Regione non ha consentito n\u00e9 al Comune n\u00e9 alla Citt\u00e0 Metropolitana di intervenire direttamente per la messa in sicurezza delle alberature, come invece gi\u00e0 avviene in altre zone della citt\u00e0. Si pensi, ad esempio, agli interventi effettuati sul Lungomare Falcomat\u00e0, ai Giardini Umberto I e in altre aree cittadine, dove la competenza \u00e8 pienamente comunale\u00bb.<\/p>\n<p>\u00ab\u00c8 importante \u2013 ha ribadito Cuzzocrea \u2013 che venga garantita una corretta informazione ai cittadini. Non \u00e8 accettabile che, attraverso una strumentalizzazione politica, si continuino ad attribuire al Comune responsabilit\u00e0 che non gli competono. La chiarezza delle competenze \u00e8 fondamentale non solo per evitare equivoci, ma anche per tutelare la sicurezza della comunit\u00e0 e l\u2019efficienza degli interventi di manutenzione urbana\u00bb.<\/p>\n","protected":false},"excerpt":{"rendered":"<p>Un albero \u00e8 caduto, da poco, nei pressi della farmacia Igea, nei pressi dell&#8217;ex nefrologico. Un episodio analogo era accaduto qualche giorno fa. Sul luogo transitava un&#8217;auto che \u00e8 riuscita&hellip;<\/p>\n","protected":false},"author":5,"featured_media":82542,"comment_status":"closed","ping_status":"open","sticky":false,"template":"","format":"standard","meta":{"_jetpack_memberships_contains_paid_content":false,"footnotes":"","jetpack_publicize_message":"","jetpack_publicize_feature_enabled":true,"jetpack_social_post_already_shared":true,"jetpack_social_options":{"image_generator_settings":{"template":"highway","default_image_id":0,"font":"","enabled":false},"version":2}},"categories":[921,150,196,140],"tags":[47898,10133,47900,47950,47899,47897,47901,4910,219,677],"class_list":["post-82541","post","type-post","status-publish","format-standard","has-post-thumbnail","hentry","category-home","category-in-primo-piano","category-news","category-reggio-calabria","tag-albero-caduto","tag-aterp","tag-auto-passava-di-li","tag-competenza-di-cura-e-manutenzione-di-regione-con-aterp","tag-ex-nefrologico","tag-farmacia-igea","tag-piazza-morto-uomo-tempo-fa","tag-pino-cuzzocrea","tag-regione-calabria","tag-vigili-del-fuoco"],"yoast_head":"<!-- This site is optimized with the Yoast SEO plugin v27.2 - https:\/\/yoast.com\/product\/yoast-seo-wordpress\/ -->\n<title>Reggio: albero caduto nei pressi della Farmacia &quot;Igea&quot;<\/title>\n<meta name=\"description\" content=\"Un albero \u00e8 caduto, da poco, nei pressi della farmacia Igea, nei pressi dell&#039;ex nefrologico. Sul posto stanno arrivando i Vvf\" \/>\n<meta name=\"robots\" content=\"index, follow, max-snippet:-1, max-image-preview:large, max-video-preview:-1\" \/>\n<link rel=\"canonical\" href=\"https:\/\/progettotouring.it\/radiotouring104\/2025\/10\/01\/reggio-albero-caduto-nei-pressi-della-farmacia-igea\/\" \/>\n<meta property=\"og:locale\" content=\"it_IT\" \/>\n<meta property=\"og:type\" content=\"article\" \/>\n<meta property=\"og:title\" content=\"Reggio: albero caduto nei pressi della Farmacia &quot;Igea&quot;\" \/>\n<meta property=\"og:description\" content=\"Un albero \u00e8 caduto, da poco, nei pressi della farmacia Igea, nei pressi dell&#039;ex nefrologico. Sul posto stanno arrivando i Vvf\" \/>\n<meta property=\"og:url\" content=\"https:\/\/progettotouring.it\/radiotouring104\/2025\/10\/01\/reggio-albero-caduto-nei-pressi-della-farmacia-igea\/\" \/>\n<meta property=\"og:site_name\" content=\"Radio Touring 104\" \/>\n<meta property=\"article:published_time\" content=\"2025-10-01T07:26:18+00:00\" \/>\n<meta property=\"article:modified_time\" content=\"2025-10-01T10:36:06+00:00\" \/>\n<meta property=\"og:image\" content=\"https:\/\/progettotouring.it\/radiotouring104\/wp-content\/uploads\/sites\/6\/2025\/10\/Crollo-albero-farmacia-Igea.jpg\" \/>\n\t<meta property=\"og:image:width\" content=\"1179\" \/>\n\t<meta property=\"og:image:height\" content=\"644\" \/>\n\t<meta property=\"og:image:type\" content=\"image\/jpeg\" \/>\n<meta name=\"author\" content=\"redazione\" \/>\n<meta name=\"twitter:card\" content=\"summary_large_image\" \/>\n<meta name=\"twitter:label1\" content=\"Scritto da\" \/>\n\t<meta name=\"twitter:data1\" content=\"redazione\" \/>\n\t<meta name=\"twitter:label2\" content=\"Tempo di lettura stimato\" \/>\n\t<meta name=\"twitter:data2\" content=\"1 minuto\" \/>\n<script type=\"application\/ld+json\" class=\"yoast-schema-graph\">{\"@context\":\"https:\/\/schema.org\",\"@graph\":[{\"@type\":\"Article\",\"@id\":\"https:\/\/progettotouring.it\/radiotouring104\/2025\/10\/01\/reggio-albero-caduto-nei-pressi-della-farmacia-igea\/#article\",\"isPartOf\":{\"@id\":\"https:\/\/progettotouring.it\/radiotouring104\/2025\/10\/01\/reggio-albero-caduto-nei-pressi-della-farmacia-igea\/\"},\"author\":{\"name\":\"redazione\",\"@id\":\"https:\/\/progettotouring.it\/radiotouring104\/#\/schema\/person\/1b3eb3c07c47136bc44c785c543e635f\"},\"headline\":\"Reggio: albero caduto nei pressi della Farmacia &#8220;Igea&#8221;\",\"datePublished\":\"2025-10-01T07:26:18+00:00\",\"dateModified\":\"2025-10-01T10:36:06+00:00\",\"mainEntityOfPage\":{\"@id\":\"https:\/\/progettotouring.it\/radiotouring104\/2025\/10\/01\/reggio-albero-caduto-nei-pressi-della-farmacia-igea\/\"},\"wordCount\":293,\"publisher\":{\"@id\":\"https:\/\/progettotouring.it\/radiotouring104\/#organization\"},\"image\":{\"@id\":\"https:\/\/progettotouring.it\/radiotouring104\/2025\/10\/01\/reggio-albero-caduto-nei-pressi-della-farmacia-igea\/#primaryimage\"},\"thumbnailUrl\":\"https:\/\/progettotouring.it\/radiotouring104\/wp-content\/uploads\/sites\/6\/2025\/10\/Crollo-albero-farmacia-Igea.jpg\",\"keywords\":[\"albero caduto\",\"Aterp\",\"auto passava di li\",\"Competenza di cura e manutenzione di Regione con Aterp\",\"ex nefrologico\",\"Farmacia Igea\",\"piazza morto uomo tempo fa\",\"Pino Cuzzocrea\",\"regione calabria\",\"Vigili del fuoco\"],\"articleSection\":[\"Home\",\"In primo piano\",\"News\",\"Reggio Calabria\"],\"inLanguage\":\"it-IT\"},{\"@type\":\"WebPage\",\"@id\":\"https:\/\/progettotouring.it\/radiotouring104\/2025\/10\/01\/reggio-albero-caduto-nei-pressi-della-farmacia-igea\/\",\"url\":\"https:\/\/progettotouring.it\/radiotouring104\/2025\/10\/01\/reggio-albero-caduto-nei-pressi-della-farmacia-igea\/\",\"name\":\"Reggio: albero caduto nei pressi della Farmacia \\\"Igea\\\"\",\"isPartOf\":{\"@id\":\"https:\/\/progettotouring.it\/radiotouring104\/#website\"},\"primaryImageOfPage\":{\"@id\":\"https:\/\/progettotouring.it\/radiotouring104\/2025\/10\/01\/reggio-albero-caduto-nei-pressi-della-farmacia-igea\/#primaryimage\"},\"image\":{\"@id\":\"https:\/\/progettotouring.it\/radiotouring104\/2025\/10\/01\/reggio-albero-caduto-nei-pressi-della-farmacia-igea\/#primaryimage\"},\"thumbnailUrl\":\"https:\/\/progettotouring.it\/radiotouring104\/wp-content\/uploads\/sites\/6\/2025\/10\/Crollo-albero-farmacia-Igea.jpg\",\"datePublished\":\"2025-10-01T07:26:18+00:00\",\"dateModified\":\"2025-10-01T10:36:06+00:00\",\"description\":\"Un albero \u00e8 caduto, da poco, nei pressi della farmacia Igea, nei pressi dell'ex nefrologico. Sul posto stanno arrivando i Vvf\",\"breadcrumb\":{\"@id\":\"https:\/\/progettotouring.it\/radiotouring104\/2025\/10\/01\/reggio-albero-caduto-nei-pressi-della-farmacia-igea\/#breadcrumb\"},\"inLanguage\":\"it-IT\",\"potentialAction\":[{\"@type\":\"ReadAction\",\"target\":[\"https:\/\/progettotouring.it\/radiotouring104\/2025\/10\/01\/reggio-albero-caduto-nei-pressi-della-farmacia-igea\/\"]}]},{\"@type\":\"ImageObject\",\"inLanguage\":\"it-IT\",\"@id\":\"https:\/\/progettotouring.it\/radiotouring104\/2025\/10\/01\/reggio-albero-caduto-nei-pressi-della-farmacia-igea\/#primaryimage\",\"url\":\"https:\/\/progettotouring.it\/radiotouring104\/wp-content\/uploads\/sites\/6\/2025\/10\/Crollo-albero-farmacia-Igea.jpg\",\"contentUrl\":\"https:\/\/progettotouring.it\/radiotouring104\/wp-content\/uploads\/sites\/6\/2025\/10\/Crollo-albero-farmacia-Igea.jpg\",\"width\":1179,\"height\":644},{\"@type\":\"BreadcrumbList\",\"@id\":\"https:\/\/progettotouring.it\/radiotouring104\/2025\/10\/01\/reggio-albero-caduto-nei-pressi-della-farmacia-igea\/#breadcrumb\",\"itemListElement\":[{\"@type\":\"ListItem\",\"position\":1,\"name\":\"Home\",\"item\":\"https:\/\/progettotouring.it\/radiotouring104\/\"},{\"@type\":\"ListItem\",\"position\":2,\"name\":\"Reggio: albero caduto nei pressi della Farmacia &#8220;Igea&#8221;\"}]},{\"@type\":\"WebSite\",\"@id\":\"https:\/\/progettotouring.it\/radiotouring104\/#website\",\"url\":\"https:\/\/progettotouring.it\/radiotouring104\/\",\"name\":\"Radio Touring 104\",\"description\":\"La prima radio Reggina\",\"publisher\":{\"@id\":\"https:\/\/progettotouring.it\/radiotouring104\/#organization\"},\"potentialAction\":[{\"@type\":\"SearchAction\",\"target\":{\"@type\":\"EntryPoint\",\"urlTemplate\":\"https:\/\/progettotouring.it\/radiotouring104\/?s={search_term_string}\"},\"query-input\":{\"@type\":\"PropertyValueSpecification\",\"valueRequired\":true,\"valueName\":\"search_term_string\"}}],\"inLanguage\":\"it-IT\"},{\"@type\":\"Organization\",\"@id\":\"https:\/\/progettotouring.it\/radiotouring104\/#organization\",\"name\":\"Radio Touring 104\",\"url\":\"https:\/\/progettotouring.it\/radiotouring104\/\",\"logo\":{\"@type\":\"ImageObject\",\"inLanguage\":\"it-IT\",\"@id\":\"https:\/\/progettotouring.it\/radiotouring104\/#\/schema\/logo\/image\/\",\"url\":\"https:\/\/progettotouring.it\/radiotouring104\/wp-content\/uploads\/sites\/6\/2022\/02\/cropped-logo-radio-touring-104.png\",\"contentUrl\":\"https:\/\/progettotouring.it\/radiotouring104\/wp-content\/uploads\/sites\/6\/2022\/02\/cropped-logo-radio-touring-104.png\",\"width\":377,\"height\":182,\"caption\":\"Radio Touring 104\"},\"image\":{\"@id\":\"https:\/\/progettotouring.it\/radiotouring104\/#\/schema\/logo\/image\/\"}},{\"@type\":\"Person\",\"@id\":\"https:\/\/progettotouring.it\/radiotouring104\/#\/schema\/person\/1b3eb3c07c47136bc44c785c543e635f\",\"name\":\"redazione\",\"image\":{\"@type\":\"ImageObject\",\"inLanguage\":\"it-IT\",\"@id\":\"https:\/\/secure.gravatar.com\/avatar\/0b31605b49f100769e8b624b3e05de1b73e1692e9568a352f60f53fd072e6e11?s=96&d=mm&r=g\",\"url\":\"https:\/\/secure.gravatar.com\/avatar\/0b31605b49f100769e8b624b3e05de1b73e1692e9568a352f60f53fd072e6e11?s=96&d=mm&r=g\",\"contentUrl\":\"https:\/\/secure.gravatar.com\/avatar\/0b31605b49f100769e8b624b3e05de1b73e1692e9568a352f60f53fd072e6e11?s=96&d=mm&r=g\",\"caption\":\"redazione\"},\"url\":\"https:\/\/progettotouring.it\/radiotouring104\/author\/redazione\/\"}]}<\/script>\n<!-- \/ Yoast SEO plugin. -->","yoast_head_json":{"title":"Reggio: albero caduto nei pressi della Farmacia \"Igea\"","description":"Un albero \u00e8 caduto, da poco, nei pressi della farmacia Igea, nei pressi dell'ex nefrologico. Sul posto stanno arrivando i Vvf","robots":{"index":"index","follow":"follow","max-snippet":"max-snippet:-1","max-image-preview":"max-image-preview:large","max-video-preview":"max-video-preview:-1"},"canonical":"https:\/\/progettotouring.it\/radiotouring104\/2025\/10\/01\/reggio-albero-caduto-nei-pressi-della-farmacia-igea\/","og_locale":"it_IT","og_type":"article","og_title":"Reggio: albero caduto nei pressi della Farmacia \"Igea\"","og_description":"Un albero \u00e8 caduto, da poco, nei pressi della farmacia Igea, nei pressi dell'ex nefrologico. Sul posto stanno arrivando i Vvf","og_url":"https:\/\/progettotouring.it\/radiotouring104\/2025\/10\/01\/reggio-albero-caduto-nei-pressi-della-farmacia-igea\/","og_site_name":"Radio Touring 104","article_published_time":"2025-10-01T07:26:18+00:00","article_modified_time":"2025-10-01T10:36:06+00:00","og_image":[{"width":1179,"height":644,"url":"https:\/\/progettotouring.it\/radiotouring104\/wp-content\/uploads\/sites\/6\/2025\/10\/Crollo-albero-farmacia-Igea.jpg","type":"image\/jpeg"}],"author":"redazione","twitter_card":"summary_large_image","twitter_misc":{"Scritto da":"redazione","Tempo di lettura stimato":"1 minuto"},"schema":{"@context":"https:\/\/schema.org","@graph":[{"@type":"Article","@id":"https:\/\/progettotouring.it\/radiotouring104\/2025\/10\/01\/reggio-albero-caduto-nei-pressi-della-farmacia-igea\/#article","isPartOf":{"@id":"https:\/\/progettotouring.it\/radiotouring104\/2025\/10\/01\/reggio-albero-caduto-nei-pressi-della-farmacia-igea\/"},"author":{"name":"redazione","@id":"https:\/\/progettotouring.it\/radiotouring104\/#\/schema\/person\/1b3eb3c07c47136bc44c785c543e635f"},"headline":"Reggio: albero caduto nei pressi della Farmacia &#8220;Igea&#8221;","datePublished":"2025-10-01T07:26:18+00:00","dateModified":"2025-10-01T10:36:06+00:00","mainEntityOfPage":{"@id":"https:\/\/progettotouring.it\/radiotouring104\/2025\/10\/01\/reggio-albero-caduto-nei-pressi-della-farmacia-igea\/"},"wordCount":293,"publisher":{"@id":"https:\/\/progettotouring.it\/radiotouring104\/#organization"},"image":{"@id":"https:\/\/progettotouring.it\/radiotouring104\/2025\/10\/01\/reggio-albero-caduto-nei-pressi-della-farmacia-igea\/#primaryimage"},"thumbnailUrl":"https:\/\/progettotouring.it\/radiotouring104\/wp-content\/uploads\/sites\/6\/2025\/10\/Crollo-albero-farmacia-Igea.jpg","keywords":["albero caduto","Aterp","auto passava di li","Competenza di cura e manutenzione di Regione con Aterp","ex nefrologico","Farmacia Igea","piazza morto uomo tempo fa","Pino Cuzzocrea","regione calabria","Vigili del fuoco"],"articleSection":["Home","In primo piano","News","Reggio Calabria"],"inLanguage":"it-IT"},{"@type":"WebPage","@id":"https:\/\/progettotouring.it\/radiotouring104\/2025\/10\/01\/reggio-albero-caduto-nei-pressi-della-farmacia-igea\/","url":"https:\/\/progettotouring.it\/radiotouring104\/2025\/10\/01\/reggio-albero-caduto-nei-pressi-della-farmacia-igea\/","name":"Reggio: albero caduto nei pressi della Farmacia \"Igea\"","isPartOf":{"@id":"https:\/\/progettotouring.it\/radiotouring104\/#website"},"primaryImageOfPage":{"@id":"https:\/\/progettotouring.it\/radiotouring104\/2025\/10\/01\/reggio-albero-caduto-nei-pressi-della-farmacia-igea\/#primaryimage"},"image":{"@id":"https:\/\/progettotouring.it\/radiotouring104\/2025\/10\/01\/reggio-albero-caduto-nei-pressi-della-farmacia-igea\/#primaryimage"},"thumbnailUrl":"https:\/\/progettotouring.it\/radiotouring104\/wp-content\/uploads\/sites\/6\/2025\/10\/Crollo-albero-farmacia-Igea.jpg","datePublished":"2025-10-01T07:26:18+00:00","dateModified":"2025-10-01T10:36:06+00:00","description":"Un albero \u00e8 caduto, da poco, nei pressi della farmacia Igea, nei pressi dell'ex nefrologico. Sul posto stanno arrivando i Vvf","breadcrumb":{"@id":"https:\/\/progettotouring.it\/radiotouring104\/2025\/10\/01\/reggio-albero-caduto-nei-pressi-della-farmacia-igea\/#breadcrumb"},"inLanguage":"it-IT","potentialAction":[{"@type":"ReadAction","target":["https:\/\/progettotouring.it\/radiotouring104\/2025\/10\/01\/reggio-albero-caduto-nei-pressi-della-farmacia-igea\/"]}]},{"@type":"ImageObject","inLanguage":"it-IT","@id":"https:\/\/progettotouring.it\/radiotouring104\/2025\/10\/01\/reggio-albero-caduto-nei-pressi-della-farmacia-igea\/#primaryimage","url":"https:\/\/progettotouring.it\/radiotouring104\/wp-content\/uploads\/sites\/6\/2025\/10\/Crollo-albero-farmacia-Igea.jpg","contentUrl":"https:\/\/progettotouring.it\/radiotouring104\/wp-content\/uploads\/sites\/6\/2025\/10\/Crollo-albero-farmacia-Igea.jpg","width":1179,"height":644},{"@type":"BreadcrumbList","@id":"https:\/\/progettotouring.it\/radiotouring104\/2025\/10\/01\/reggio-albero-caduto-nei-pressi-della-farmacia-igea\/#breadcrumb","itemListElement":[{"@type":"ListItem","position":1,"name":"Home","item":"https:\/\/progettotouring.it\/radiotouring104\/"},{"@type":"ListItem","position":2,"name":"Reggio: albero caduto nei pressi della Farmacia &#8220;Igea&#8221;"}]},{"@type":"WebSite","@id":"https:\/\/progettotouring.it\/radiotouring104\/#website","url":"https:\/\/progettotouring.it\/radiotouring104\/","name":"Radio Touring 104","description":"La prima radio Reggina","publisher":{"@id":"https:\/\/progettotouring.it\/radiotouring104\/#organization"},"potentialAction":[{"@type":"SearchAction","target":{"@type":"EntryPoint","urlTemplate":"https:\/\/progettotouring.it\/radiotouring104\/?s={search_term_string}"},"query-input":{"@type":"PropertyValueSpecification","valueRequired":true,"valueName":"search_term_string"}}],"inLanguage":"it-IT"},{"@type":"Organization","@id":"https:\/\/progettotouring.it\/radiotouring104\/#organization","name":"Radio Touring 104","url":"https:\/\/progettotouring.it\/radiotouring104\/","logo":{"@type":"ImageObject","inLanguage":"it-IT","@id":"https:\/\/progettotouring.it\/radiotouring104\/#\/schema\/logo\/image\/","url":"https:\/\/progettotouring.it\/radiotouring104\/wp-content\/uploads\/sites\/6\/2022\/02\/cropped-logo-radio-touring-104.png","contentUrl":"https:\/\/progettotouring.it\/radiotouring104\/wp-content\/uploads\/sites\/6\/2022\/02\/cropped-logo-radio-touring-104.png","width":377,"height":182,"caption":"Radio Touring 104"},"image":{"@id":"https:\/\/progettotouring.it\/radiotouring104\/#\/schema\/logo\/image\/"}},{"@type":"Person","@id":"https:\/\/progettotouring.it\/radiotouring104\/#\/schema\/person\/1b3eb3c07c47136bc44c785c543e635f","name":"redazione","image":{"@type":"ImageObject","inLanguage":"it-IT","@id":"https:\/\/secure.gravatar.com\/avatar\/0b31605b49f100769e8b624b3e05de1b73e1692e9568a352f60f53fd072e6e11?s=96&d=mm&r=g","url":"https:\/\/secure.gravatar.com\/avatar\/0b31605b49f100769e8b624b3e05de1b73e1692e9568a352f60f53fd072e6e11?s=96&d=mm&r=g","contentUrl":"https:\/\/secure.gravatar.com\/avatar\/0b31605b49f100769e8b624b3e05de1b73e1692e9568a352f60f53fd072e6e11?s=96&d=mm&r=g","caption":"redazione"},"url":"https:\/\/progettotouring.it\/radiotouring104\/author\/redazione\/"}]}},"jetpack_publicize_connections":[],"jetpack_featured_media_url":"https:\/\/progettotouring.it\/radiotouring104\/wp-content\/uploads\/sites\/6\/2025\/10\/Crollo-albero-farmacia-Igea.jpg","jetpack_sharing_enabled":true,"_links":{"self":[{"href":"https:\/\/progettotouring.it\/radiotouring104\/wp-json\/wp\/v2\/posts\/82541","targetHints":{"allow":["GET"]}}],"collection":[{"href":"https:\/\/progettotouring.it\/radiotouring104\/wp-json\/wp\/v2\/posts"}],"about":[{"href":"https:\/\/progettotouring.it\/radiotouring104\/wp-json\/wp\/v2\/types\/post"}],"author":[{"embeddable":true,"href":"https:\/\/progettotouring.it\/radiotouring104\/wp-json\/wp\/v2\/users\/5"}],"replies":[{"embeddable":true,"href":"https:\/\/progettotouring.it\/radiotouring104\/wp-json\/wp\/v2\/comments?post=82541"}],"version-history":[{"count":3,"href":"https:\/\/progettotouring.it\/radiotouring104\/wp-json\/wp\/v2\/posts\/82541\/revisions"}],"predecessor-version":[{"id":82600,"href":"https:\/\/progettotouring.it\/radiotouring104\/wp-json\/wp\/v2\/posts\/82541\/revisions\/82600"}],"wp:featuredmedia":[{"embeddable":true,"href":"https:\/\/progettotouring.it\/radiotouring104\/wp-json\/wp\/v2\/media\/82542"}],"wp:attachment":[{"href":"https:\/\/progettotouring.it\/radiotouring104\/wp-json\/wp\/v2\/media?parent=82541"}],"wp:term":[{"taxonomy":"category","embeddable":true,"href":"https:\/\/progettotouring.it\/radiotouring104\/wp-json\/wp\/v2\/categories?post=82541"},{"taxonomy":"post_tag","embeddable":true,"href":"https:\/\/progettotouring.it\/radiotouring104\/wp-json\/wp\/v2\/tags?post=82541"}],"curies":[{"name":"wp","href":"https:\/\/api.w.org\/{rel}","templated":true}]}}