{"id":82545,"date":"2025-10-01T09:38:14","date_gmt":"2025-10-01T07:38:14","guid":{"rendered":"https:\/\/progettotouring.it\/radiotouring104\/?p=82545"},"modified":"2025-10-01T11:47:52","modified_gmt":"2025-10-01T09:47:52","slug":"regionali-in-calabria-schlein-speriamo-che-vada-a-votare-tanta-gente","status":"publish","type":"post","link":"https:\/\/progettotouring.it\/radiotouring104\/2025\/10\/01\/regionali-in-calabria-schlein-speriamo-che-vada-a-votare-tanta-gente\/","title":{"rendered":"Regionali in Calabria, Schlein &#8220;Speriamo che vada a votare tanta gente&#8221;"},"content":{"rendered":"<p>&#8220;Speriamo che domenica e luned\u00ec in Calabria vada a votare tanta gente. Lo dico per la democrazia. E lo dico a tutti, a prescindere da come votano. Noi siamo qui per convincere anche coloro che hanno perso la fiducia che il loro voto pu\u00f2 cambiare la loro vita. Invece con Pasquale Tridico si pu\u00f2 puntare a cambiare davvero, dando priorit\u00e0 al diritto alla salute dei cittadini calabresi e ad un futuro migliore&#8221;. Cos\u00ec la segretaria del Pd Elly Schlein a Crotone.<\/p>\n<p>&#8220;Ho incontrato una ragazza di Vibo Valentia &#8211; ha aggiunto &#8211; che mi ha detto in lacrime: &#8216;guardatevi intorno, tutti i miei compagni di scuola sono andati via, metteteci nelle condizioni di tornare&#8217;. Noi trattiamo temi concreti per riaccendere la speranza nei calabresi e consentire ai giovani di restare e di tornare. Proponiamo il salario minimo e politiche concrete di lavoro per creare imprese qui in Calabria&#8221;.<\/p>\n","protected":false},"excerpt":{"rendered":"<p>&#8220;Speriamo che domenica e luned\u00ec in Calabria vada a votare tanta gente. Lo dico per la democrazia. E lo dico a tutti, a prescindere da come votano. Noi siamo qui&hellip;<\/p>\n","protected":false},"author":5,"featured_media":80406,"comment_status":"closed","ping_status":"open","sticky":false,"template":"","format":"standard","meta":{"_jetpack_memberships_contains_paid_content":false,"footnotes":"","jetpack_publicize_message":"","jetpack_publicize_feature_enabled":true,"jetpack_social_post_already_shared":true,"jetpack_social_options":{"image_generator_settings":{"template":"highway","default_image_id":0,"font":"","enabled":false},"version":2}},"categories":[921,196,140],"tags":[586,1746,46972,10682,32559,35242,47904],"class_list":["post-82545","post","type-post","status-publish","format-standard","has-post-thumbnail","hentry","category-home","category-news","category-reggio-calabria","tag-calabria","tag-crotone","tag-elezioni-regionali-calabria","tag-elly-schlein-segretaria-pd","tag-pasquale-tridico","tag-pierluigi-bersani","tag-speriamo-che-vada-a-votare-tanta-gente"],"yoast_head":"<!-- This site is optimized with the Yoast SEO plugin v27.2 - https:\/\/yoast.com\/product\/yoast-seo-wordpress\/ -->\n<title>Regionali, Schlein &quot;Speriamo che vada a votare tanta gente&quot;<\/title>\n<meta name=\"description\" content=\"Svolto a Crotone, in presenza della Segretaria Pd e di Pierluigi Bersani, l&#039;evento elettorale del Campo Largo, a supporto di Pasquale Tridico\" \/>\n<meta name=\"robots\" content=\"index, follow, max-snippet:-1, max-image-preview:large, max-video-preview:-1\" \/>\n<link rel=\"canonical\" href=\"https:\/\/progettotouring.it\/radiotouring104\/2025\/10\/01\/regionali-in-calabria-schlein-speriamo-che-vada-a-votare-tanta-gente\/\" \/>\n<meta property=\"og:locale\" content=\"it_IT\" \/>\n<meta property=\"og:type\" content=\"article\" \/>\n<meta property=\"og:title\" content=\"Regionali, Schlein &quot;Speriamo che vada a votare tanta gente&quot;\" \/>\n<meta property=\"og:description\" content=\"Svolto a Crotone, in presenza della Segretaria Pd e di Pierluigi Bersani, l&#039;evento elettorale del Campo Largo, a supporto di Pasquale Tridico\" \/>\n<meta property=\"og:url\" content=\"https:\/\/progettotouring.it\/radiotouring104\/2025\/10\/01\/regionali-in-calabria-schlein-speriamo-che-vada-a-votare-tanta-gente\/\" \/>\n<meta property=\"og:site_name\" content=\"Radio Touring 104\" \/>\n<meta property=\"article:published_time\" content=\"2025-10-01T07:38:14+00:00\" \/>\n<meta property=\"article:modified_time\" content=\"2025-10-01T09:47:52+00:00\" \/>\n<meta property=\"og:image\" content=\"https:\/\/progettotouring.it\/radiotouring104\/wp-content\/uploads\/sites\/6\/2025\/08\/Simbolo-regionali-Calabria-Tridico-1.jpeg\" \/>\n\t<meta property=\"og:image:width\" content=\"1080\" \/>\n\t<meta property=\"og:image:height\" content=\"741\" \/>\n\t<meta property=\"og:image:type\" content=\"image\/jpeg\" \/>\n<meta name=\"author\" content=\"redazione\" \/>\n<meta name=\"twitter:card\" content=\"summary_large_image\" \/>\n<meta name=\"twitter:label1\" content=\"Scritto da\" \/>\n\t<meta name=\"twitter:data1\" content=\"redazione\" \/>\n\t<meta name=\"twitter:label2\" content=\"Tempo di lettura stimato\" \/>\n\t<meta name=\"twitter:data2\" content=\"1 minuto\" \/>\n<script type=\"application\/ld+json\" class=\"yoast-schema-graph\">{\"@context\":\"https:\/\/schema.org\",\"@graph\":[{\"@type\":\"Article\",\"@id\":\"https:\/\/progettotouring.it\/radiotouring104\/2025\/10\/01\/regionali-in-calabria-schlein-speriamo-che-vada-a-votare-tanta-gente\/#article\",\"isPartOf\":{\"@id\":\"https:\/\/progettotouring.it\/radiotouring104\/2025\/10\/01\/regionali-in-calabria-schlein-speriamo-che-vada-a-votare-tanta-gente\/\"},\"author\":{\"name\":\"redazione\",\"@id\":\"https:\/\/progettotouring.it\/radiotouring104\/#\/schema\/person\/1b3eb3c07c47136bc44c785c543e635f\"},\"headline\":\"Regionali in Calabria, Schlein &#8220;Speriamo che vada a votare tanta gente&#8221;\",\"datePublished\":\"2025-10-01T07:38:14+00:00\",\"dateModified\":\"2025-10-01T09:47:52+00:00\",\"mainEntityOfPage\":{\"@id\":\"https:\/\/progettotouring.it\/radiotouring104\/2025\/10\/01\/regionali-in-calabria-schlein-speriamo-che-vada-a-votare-tanta-gente\/\"},\"wordCount\":159,\"publisher\":{\"@id\":\"https:\/\/progettotouring.it\/radiotouring104\/#organization\"},\"image\":{\"@id\":\"https:\/\/progettotouring.it\/radiotouring104\/2025\/10\/01\/regionali-in-calabria-schlein-speriamo-che-vada-a-votare-tanta-gente\/#primaryimage\"},\"thumbnailUrl\":\"https:\/\/progettotouring.it\/radiotouring104\/wp-content\/uploads\/sites\/6\/2025\/08\/Simbolo-regionali-Calabria-Tridico-1.jpeg\",\"keywords\":[\"calabria\",\"Crotone\",\"elezioni regionali calabria\",\"Elly Schlein segretaria Pd\",\"Pasquale Tridico\",\"Pierluigi Bersani\",\"Speriamo che vada a votare tanta gente\"],\"articleSection\":[\"Home\",\"News\",\"Reggio Calabria\"],\"inLanguage\":\"it-IT\"},{\"@type\":\"WebPage\",\"@id\":\"https:\/\/progettotouring.it\/radiotouring104\/2025\/10\/01\/regionali-in-calabria-schlein-speriamo-che-vada-a-votare-tanta-gente\/\",\"url\":\"https:\/\/progettotouring.it\/radiotouring104\/2025\/10\/01\/regionali-in-calabria-schlein-speriamo-che-vada-a-votare-tanta-gente\/\",\"name\":\"Regionali, Schlein \\\"Speriamo che vada a votare tanta gente\\\"\",\"isPartOf\":{\"@id\":\"https:\/\/progettotouring.it\/radiotouring104\/#website\"},\"primaryImageOfPage\":{\"@id\":\"https:\/\/progettotouring.it\/radiotouring104\/2025\/10\/01\/regionali-in-calabria-schlein-speriamo-che-vada-a-votare-tanta-gente\/#primaryimage\"},\"image\":{\"@id\":\"https:\/\/progettotouring.it\/radiotouring104\/2025\/10\/01\/regionali-in-calabria-schlein-speriamo-che-vada-a-votare-tanta-gente\/#primaryimage\"},\"thumbnailUrl\":\"https:\/\/progettotouring.it\/radiotouring104\/wp-content\/uploads\/sites\/6\/2025\/08\/Simbolo-regionali-Calabria-Tridico-1.jpeg\",\"datePublished\":\"2025-10-01T07:38:14+00:00\",\"dateModified\":\"2025-10-01T09:47:52+00:00\",\"description\":\"Svolto a Crotone, in presenza della Segretaria Pd e di Pierluigi Bersani, l'evento elettorale del Campo Largo, a supporto di Pasquale Tridico\",\"breadcrumb\":{\"@id\":\"https:\/\/progettotouring.it\/radiotouring104\/2025\/10\/01\/regionali-in-calabria-schlein-speriamo-che-vada-a-votare-tanta-gente\/#breadcrumb\"},\"inLanguage\":\"it-IT\",\"potentialAction\":[{\"@type\":\"ReadAction\",\"target\":[\"https:\/\/progettotouring.it\/radiotouring104\/2025\/10\/01\/regionali-in-calabria-schlein-speriamo-che-vada-a-votare-tanta-gente\/\"]}]},{\"@type\":\"ImageObject\",\"inLanguage\":\"it-IT\",\"@id\":\"https:\/\/progettotouring.it\/radiotouring104\/2025\/10\/01\/regionali-in-calabria-schlein-speriamo-che-vada-a-votare-tanta-gente\/#primaryimage\",\"url\":\"https:\/\/progettotouring.it\/radiotouring104\/wp-content\/uploads\/sites\/6\/2025\/08\/Simbolo-regionali-Calabria-Tridico-1.jpeg\",\"contentUrl\":\"https:\/\/progettotouring.it\/radiotouring104\/wp-content\/uploads\/sites\/6\/2025\/08\/Simbolo-regionali-Calabria-Tridico-1.jpeg\",\"width\":1080,\"height\":741},{\"@type\":\"BreadcrumbList\",\"@id\":\"https:\/\/progettotouring.it\/radiotouring104\/2025\/10\/01\/regionali-in-calabria-schlein-speriamo-che-vada-a-votare-tanta-gente\/#breadcrumb\",\"itemListElement\":[{\"@type\":\"ListItem\",\"position\":1,\"name\":\"Home\",\"item\":\"https:\/\/progettotouring.it\/radiotouring104\/\"},{\"@type\":\"ListItem\",\"position\":2,\"name\":\"Regionali in Calabria, Schlein &#8220;Speriamo che vada a votare tanta gente&#8221;\"}]},{\"@type\":\"WebSite\",\"@id\":\"https:\/\/progettotouring.it\/radiotouring104\/#website\",\"url\":\"https:\/\/progettotouring.it\/radiotouring104\/\",\"name\":\"Radio Touring 104\",\"description\":\"La prima radio Reggina\",\"publisher\":{\"@id\":\"https:\/\/progettotouring.it\/radiotouring104\/#organization\"},\"potentialAction\":[{\"@type\":\"SearchAction\",\"target\":{\"@type\":\"EntryPoint\",\"urlTemplate\":\"https:\/\/progettotouring.it\/radiotouring104\/?s={search_term_string}\"},\"query-input\":{\"@type\":\"PropertyValueSpecification\",\"valueRequired\":true,\"valueName\":\"search_term_string\"}}],\"inLanguage\":\"it-IT\"},{\"@type\":\"Organization\",\"@id\":\"https:\/\/progettotouring.it\/radiotouring104\/#organization\",\"name\":\"Radio Touring 104\",\"url\":\"https:\/\/progettotouring.it\/radiotouring104\/\",\"logo\":{\"@type\":\"ImageObject\",\"inLanguage\":\"it-IT\",\"@id\":\"https:\/\/progettotouring.it\/radiotouring104\/#\/schema\/logo\/image\/\",\"url\":\"https:\/\/progettotouring.it\/radiotouring104\/wp-content\/uploads\/sites\/6\/2022\/02\/cropped-logo-radio-touring-104.png\",\"contentUrl\":\"https:\/\/progettotouring.it\/radiotouring104\/wp-content\/uploads\/sites\/6\/2022\/02\/cropped-logo-radio-touring-104.png\",\"width\":377,\"height\":182,\"caption\":\"Radio Touring 104\"},\"image\":{\"@id\":\"https:\/\/progettotouring.it\/radiotouring104\/#\/schema\/logo\/image\/\"}},{\"@type\":\"Person\",\"@id\":\"https:\/\/progettotouring.it\/radiotouring104\/#\/schema\/person\/1b3eb3c07c47136bc44c785c543e635f\",\"name\":\"redazione\",\"image\":{\"@type\":\"ImageObject\",\"inLanguage\":\"it-IT\",\"@id\":\"https:\/\/secure.gravatar.com\/avatar\/0b31605b49f100769e8b624b3e05de1b73e1692e9568a352f60f53fd072e6e11?s=96&d=mm&r=g\",\"url\":\"https:\/\/secure.gravatar.com\/avatar\/0b31605b49f100769e8b624b3e05de1b73e1692e9568a352f60f53fd072e6e11?s=96&d=mm&r=g\",\"contentUrl\":\"https:\/\/secure.gravatar.com\/avatar\/0b31605b49f100769e8b624b3e05de1b73e1692e9568a352f60f53fd072e6e11?s=96&d=mm&r=g\",\"caption\":\"redazione\"},\"url\":\"https:\/\/progettotouring.it\/radiotouring104\/author\/redazione\/\"}]}<\/script>\n<!-- \/ Yoast SEO plugin. -->","yoast_head_json":{"title":"Regionali, Schlein \"Speriamo che vada a votare tanta gente\"","description":"Svolto a Crotone, in presenza della Segretaria Pd e di Pierluigi Bersani, l'evento elettorale del Campo Largo, a supporto di Pasquale Tridico","robots":{"index":"index","follow":"follow","max-snippet":"max-snippet:-1","max-image-preview":"max-image-preview:large","max-video-preview":"max-video-preview:-1"},"canonical":"https:\/\/progettotouring.it\/radiotouring104\/2025\/10\/01\/regionali-in-calabria-schlein-speriamo-che-vada-a-votare-tanta-gente\/","og_locale":"it_IT","og_type":"article","og_title":"Regionali, Schlein \"Speriamo che vada a votare tanta gente\"","og_description":"Svolto a Crotone, in presenza della Segretaria Pd e di Pierluigi Bersani, l'evento elettorale del Campo Largo, a supporto di Pasquale Tridico","og_url":"https:\/\/progettotouring.it\/radiotouring104\/2025\/10\/01\/regionali-in-calabria-schlein-speriamo-che-vada-a-votare-tanta-gente\/","og_site_name":"Radio Touring 104","article_published_time":"2025-10-01T07:38:14+00:00","article_modified_time":"2025-10-01T09:47:52+00:00","og_image":[{"width":1080,"height":741,"url":"https:\/\/progettotouring.it\/radiotouring104\/wp-content\/uploads\/sites\/6\/2025\/08\/Simbolo-regionali-Calabria-Tridico-1.jpeg","type":"image\/jpeg"}],"author":"redazione","twitter_card":"summary_large_image","twitter_misc":{"Scritto da":"redazione","Tempo di lettura stimato":"1 minuto"},"schema":{"@context":"https:\/\/schema.org","@graph":[{"@type":"Article","@id":"https:\/\/progettotouring.it\/radiotouring104\/2025\/10\/01\/regionali-in-calabria-schlein-speriamo-che-vada-a-votare-tanta-gente\/#article","isPartOf":{"@id":"https:\/\/progettotouring.it\/radiotouring104\/2025\/10\/01\/regionali-in-calabria-schlein-speriamo-che-vada-a-votare-tanta-gente\/"},"author":{"name":"redazione","@id":"https:\/\/progettotouring.it\/radiotouring104\/#\/schema\/person\/1b3eb3c07c47136bc44c785c543e635f"},"headline":"Regionali in Calabria, Schlein &#8220;Speriamo che vada a votare tanta gente&#8221;","datePublished":"2025-10-01T07:38:14+00:00","dateModified":"2025-10-01T09:47:52+00:00","mainEntityOfPage":{"@id":"https:\/\/progettotouring.it\/radiotouring104\/2025\/10\/01\/regionali-in-calabria-schlein-speriamo-che-vada-a-votare-tanta-gente\/"},"wordCount":159,"publisher":{"@id":"https:\/\/progettotouring.it\/radiotouring104\/#organization"},"image":{"@id":"https:\/\/progettotouring.it\/radiotouring104\/2025\/10\/01\/regionali-in-calabria-schlein-speriamo-che-vada-a-votare-tanta-gente\/#primaryimage"},"thumbnailUrl":"https:\/\/progettotouring.it\/radiotouring104\/wp-content\/uploads\/sites\/6\/2025\/08\/Simbolo-regionali-Calabria-Tridico-1.jpeg","keywords":["calabria","Crotone","elezioni regionali calabria","Elly Schlein segretaria Pd","Pasquale Tridico","Pierluigi Bersani","Speriamo che vada a votare tanta gente"],"articleSection":["Home","News","Reggio Calabria"],"inLanguage":"it-IT"},{"@type":"WebPage","@id":"https:\/\/progettotouring.it\/radiotouring104\/2025\/10\/01\/regionali-in-calabria-schlein-speriamo-che-vada-a-votare-tanta-gente\/","url":"https:\/\/progettotouring.it\/radiotouring104\/2025\/10\/01\/regionali-in-calabria-schlein-speriamo-che-vada-a-votare-tanta-gente\/","name":"Regionali, Schlein \"Speriamo che vada a votare tanta gente\"","isPartOf":{"@id":"https:\/\/progettotouring.it\/radiotouring104\/#website"},"primaryImageOfPage":{"@id":"https:\/\/progettotouring.it\/radiotouring104\/2025\/10\/01\/regionali-in-calabria-schlein-speriamo-che-vada-a-votare-tanta-gente\/#primaryimage"},"image":{"@id":"https:\/\/progettotouring.it\/radiotouring104\/2025\/10\/01\/regionali-in-calabria-schlein-speriamo-che-vada-a-votare-tanta-gente\/#primaryimage"},"thumbnailUrl":"https:\/\/progettotouring.it\/radiotouring104\/wp-content\/uploads\/sites\/6\/2025\/08\/Simbolo-regionali-Calabria-Tridico-1.jpeg","datePublished":"2025-10-01T07:38:14+00:00","dateModified":"2025-10-01T09:47:52+00:00","description":"Svolto a Crotone, in presenza della Segretaria Pd e di Pierluigi Bersani, l'evento elettorale del Campo Largo, a supporto di Pasquale Tridico","breadcrumb":{"@id":"https:\/\/progettotouring.it\/radiotouring104\/2025\/10\/01\/regionali-in-calabria-schlein-speriamo-che-vada-a-votare-tanta-gente\/#breadcrumb"},"inLanguage":"it-IT","potentialAction":[{"@type":"ReadAction","target":["https:\/\/progettotouring.it\/radiotouring104\/2025\/10\/01\/regionali-in-calabria-schlein-speriamo-che-vada-a-votare-tanta-gente\/"]}]},{"@type":"ImageObject","inLanguage":"it-IT","@id":"https:\/\/progettotouring.it\/radiotouring104\/2025\/10\/01\/regionali-in-calabria-schlein-speriamo-che-vada-a-votare-tanta-gente\/#primaryimage","url":"https:\/\/progettotouring.it\/radiotouring104\/wp-content\/uploads\/sites\/6\/2025\/08\/Simbolo-regionali-Calabria-Tridico-1.jpeg","contentUrl":"https:\/\/progettotouring.it\/radiotouring104\/wp-content\/uploads\/sites\/6\/2025\/08\/Simbolo-regionali-Calabria-Tridico-1.jpeg","width":1080,"height":741},{"@type":"BreadcrumbList","@id":"https:\/\/progettotouring.it\/radiotouring104\/2025\/10\/01\/regionali-in-calabria-schlein-speriamo-che-vada-a-votare-tanta-gente\/#breadcrumb","itemListElement":[{"@type":"ListItem","position":1,"name":"Home","item":"https:\/\/progettotouring.it\/radiotouring104\/"},{"@type":"ListItem","position":2,"name":"Regionali in Calabria, Schlein &#8220;Speriamo che vada a votare tanta gente&#8221;"}]},{"@type":"WebSite","@id":"https:\/\/progettotouring.it\/radiotouring104\/#website","url":"https:\/\/progettotouring.it\/radiotouring104\/","name":"Radio Touring 104","description":"La prima radio Reggina","publisher":{"@id":"https:\/\/progettotouring.it\/radiotouring104\/#organization"},"potentialAction":[{"@type":"SearchAction","target":{"@type":"EntryPoint","urlTemplate":"https:\/\/progettotouring.it\/radiotouring104\/?s={search_term_string}"},"query-input":{"@type":"PropertyValueSpecification","valueRequired":true,"valueName":"search_term_string"}}],"inLanguage":"it-IT"},{"@type":"Organization","@id":"https:\/\/progettotouring.it\/radiotouring104\/#organization","name":"Radio Touring 104","url":"https:\/\/progettotouring.it\/radiotouring104\/","logo":{"@type":"ImageObject","inLanguage":"it-IT","@id":"https:\/\/progettotouring.it\/radiotouring104\/#\/schema\/logo\/image\/","url":"https:\/\/progettotouring.it\/radiotouring104\/wp-content\/uploads\/sites\/6\/2022\/02\/cropped-logo-radio-touring-104.png","contentUrl":"https:\/\/progettotouring.it\/radiotouring104\/wp-content\/uploads\/sites\/6\/2022\/02\/cropped-logo-radio-touring-104.png","width":377,"height":182,"caption":"Radio Touring 104"},"image":{"@id":"https:\/\/progettotouring.it\/radiotouring104\/#\/schema\/logo\/image\/"}},{"@type":"Person","@id":"https:\/\/progettotouring.it\/radiotouring104\/#\/schema\/person\/1b3eb3c07c47136bc44c785c543e635f","name":"redazione","image":{"@type":"ImageObject","inLanguage":"it-IT","@id":"https:\/\/secure.gravatar.com\/avatar\/0b31605b49f100769e8b624b3e05de1b73e1692e9568a352f60f53fd072e6e11?s=96&d=mm&r=g","url":"https:\/\/secure.gravatar.com\/avatar\/0b31605b49f100769e8b624b3e05de1b73e1692e9568a352f60f53fd072e6e11?s=96&d=mm&r=g","contentUrl":"https:\/\/secure.gravatar.com\/avatar\/0b31605b49f100769e8b624b3e05de1b73e1692e9568a352f60f53fd072e6e11?s=96&d=mm&r=g","caption":"redazione"},"url":"https:\/\/progettotouring.it\/radiotouring104\/author\/redazione\/"}]}},"jetpack_publicize_connections":[],"jetpack_featured_media_url":"https:\/\/progettotouring.it\/radiotouring104\/wp-content\/uploads\/sites\/6\/2025\/08\/Simbolo-regionali-Calabria-Tridico-1.jpeg","jetpack_sharing_enabled":true,"_links":{"self":[{"href":"https:\/\/progettotouring.it\/radiotouring104\/wp-json\/wp\/v2\/posts\/82545","targetHints":{"allow":["GET"]}}],"collection":[{"href":"https:\/\/progettotouring.it\/radiotouring104\/wp-json\/wp\/v2\/posts"}],"about":[{"href":"https:\/\/progettotouring.it\/radiotouring104\/wp-json\/wp\/v2\/types\/post"}],"author":[{"embeddable":true,"href":"https:\/\/progettotouring.it\/radiotouring104\/wp-json\/wp\/v2\/users\/5"}],"replies":[{"embeddable":true,"href":"https:\/\/progettotouring.it\/radiotouring104\/wp-json\/wp\/v2\/comments?post=82545"}],"version-history":[{"count":2,"href":"https:\/\/progettotouring.it\/radiotouring104\/wp-json\/wp\/v2\/posts\/82545\/revisions"}],"predecessor-version":[{"id":82547,"href":"https:\/\/progettotouring.it\/radiotouring104\/wp-json\/wp\/v2\/posts\/82545\/revisions\/82547"}],"wp:featuredmedia":[{"embeddable":true,"href":"https:\/\/progettotouring.it\/radiotouring104\/wp-json\/wp\/v2\/media\/80406"}],"wp:attachment":[{"href":"https:\/\/progettotouring.it\/radiotouring104\/wp-json\/wp\/v2\/media?parent=82545"}],"wp:term":[{"taxonomy":"category","embeddable":true,"href":"https:\/\/progettotouring.it\/radiotouring104\/wp-json\/wp\/v2\/categories?post=82545"},{"taxonomy":"post_tag","embeddable":true,"href":"https:\/\/progettotouring.it\/radiotouring104\/wp-json\/wp\/v2\/tags?post=82545"}],"curies":[{"name":"wp","href":"https:\/\/api.w.org\/{rel}","templated":true}]}}