{"id":82548,"date":"2025-10-01T09:51:03","date_gmt":"2025-10-01T07:51:03","guid":{"rendered":"https:\/\/progettotouring.it\/radiotouring104\/?p=82548"},"modified":"2025-10-01T11:38:27","modified_gmt":"2025-10-01T09:38:27","slug":"reggio-oltre-2400-visitatori-al-museo-per-le-giornate-del-patrimonio","status":"publish","type":"post","link":"https:\/\/progettotouring.it\/radiotouring104\/2025\/10\/01\/reggio-oltre-2400-visitatori-al-museo-per-le-giornate-del-patrimonio\/","title":{"rendered":"Reggio: oltre 2400 visitatori al Museo per le Giornate del Patrimonio"},"content":{"rendered":"<p class=\"xmprfx_MsoNormal\">Il risultato di pubblico, registrato tra il 26 e il 28 settembre, testimonia la vitalit\u00e0 di un\u2019istituzione che non solo attrae cittadini e turisti, ma guarda con attenzione al futuro attraverso il dialogo con le nuove generazioni. Proprio in questa prospettiva, l\u2019anteprima delle Giornate, il 26 settembre,\u00a0<b>\u00e8 stata dedicata al mondo della scuola, con la conferenza stampa \u201cFormazione scuola-lavoro e didattica al Museo: la storia che orienta il futuro\u201d.<\/b>\u00a0Nell\u2019occasione sono stati presentati i\u00a0<b>PROGETTI DI Formazione Scuola-Lavoro e le attivit\u00e0 didattiche per l\u2019anno scolastico 2025-2026, frutto di una sinergia strutturata tra il Museo, gli istituti scolastici del territorio e il concessionario CoopCulture, che negli anni ha consolidato un modello virtuoso di collaborazione educativa.<\/b><\/p>\n<p class=\"xmprfx_MsoNormal\"><i>\u00a0<\/i><i>\u201cCon i nuovi percorsi di formazione e lavoro il Museo rafforza il legame con il mondo della scuola, offrendo agli studenti non solo l\u2019opportunit\u00e0 di avvicinarsi alle collezioni, ma anche di conoscere da vicino le attivit\u00e0 di ricerca, tutela e valorizzazione che caratterizzano il nostro lavoro quotidiano. L\u2019impegno del Museo con le scuole \u00e8 costante e mira a rendere i ragazzi protagonisti di un\u2019esperienza concreta, che unisce conoscenza, responsabilit\u00e0, crescita personale e stimolo alla curiosit\u00e0 verso il patrimonio culturale e la sua storia\u201d,\u00a0<\/i>ha dichiarato il Direttore del Museo Archeologico Nazionale di Reggio Calabria,\u00a0<b>Fabrizio Sudano.<\/b><\/p>\n<p class=\"xmprfx_MsoNormal\"><i>\u00a0<\/i><i>\u201cAvviare percorsi di formazione e lavoro al Museo Archeologico Nazionale di Reggio Calabria rappresenta una grande opportunit\u00e0 per la Scuola reggina. Il Museo, punto di riferimento per la conoscenza della Magna Grecia e dell\u2019arte greca, non \u00e8 soltanto la casa dei Bronzi di Riace, ma custodisce reperti dalla preistoria al medioevo. I cinque percorsi proposti sono adatti a tutti gli Istituti Superiori e orientano non solo verso professioni e universit\u00e0, ma alla vita, valorizzando i tesori del passato con strumenti e strategie 4.0 e con il supporto dell\u2019intelligenza artificiale\u201d.\u00a0<\/i>Ha dichiarato il Dirigente dell\u2019Ambito Territoriale di Reggio Calabria dell\u2019USR Calabria,\u00a0<b>Antonio Domenico Cama.<\/b><\/p>\n<p class=\"xmprfx_MsoNormal\">I progetti\u00a0<b>Formazione Scuola-Lavoro<\/b>\u00a0si propongono di offrire agli studenti un\u2019esperienza formativa diretta a contatto con le collezioni e le attivit\u00e0 museali, consentendo loro di sviluppare competenze trasversali, capacit\u00e0 critiche e sensibilit\u00e0 verso il patrimonio storico-artistico.<b>\u00a0La collaborazione con le scuole \u00e8 al centro di questo percorso: insegnanti e operatori museali lavorano fianco a fianco per costruire programmi che rispondano ai bisogni educativi reali, trasformando il Museo in un laboratorio vivo di conoscenza e cittadinanza attiva.<\/b><\/p>\n<p class=\"xmprfx_MsoNormal\">Accanto ai progetti di Formazione Scuola-Lavoro, sono stati illustrati anche i programmi di didattica inclusiva e i servizi educativi per pubblici speciali, con l\u2019obiettivo di garantire a tutti, senza barriere fisiche, cognitive e sensoriali, l\u2019accesso alla conoscenza e alla scoperta del patrimonio archeologico.<\/p>\n<p class=\"xmprfx_MsoNormal\">Il Museo Archeologico Nazionale di Reggio Calabria rinnova cos\u00ec la sua missione di istituzione culturale attenta al territorio,\u00a0<b>rafforzando il patto educativo con la comunit\u00e0 scolastica e confermandosi come alleato strategico per la formazione delle nuove generazioni.<\/b><\/p>\n","protected":false},"excerpt":{"rendered":"<p>Il risultato di pubblico, registrato tra il 26 e il 28 settembre, testimonia la vitalit\u00e0 di un\u2019istituzione che non solo attrae cittadini e turisti, ma guarda con attenzione al futuro&hellip;<\/p>\n","protected":false},"author":5,"featured_media":82549,"comment_status":"closed","ping_status":"open","sticky":false,"template":"","format":"standard","meta":{"_jetpack_memberships_contains_paid_content":false,"footnotes":"","jetpack_publicize_message":"","jetpack_publicize_feature_enabled":true,"jetpack_social_post_already_shared":true,"jetpack_social_options":{"image_generator_settings":{"template":"highway","default_image_id":0,"font":"","enabled":false},"version":2}},"categories":[921,196,140],"tags":[46061,47906,7362,47907,47905],"class_list":["post-82548","post","type-post","status-publish","format-standard","has-post-thumbnail","hentry","category-home","category-news","category-reggio-calabria","tag-anno-scolastico-2025-2026","tag-giornate-del-patrimonio","tag-museo-archeologico-di-reggio-calabria","tag-oltre-2400-visitatori","tag-scuola-lavoro"],"yoast_head":"<!-- This site is optimized with the Yoast SEO plugin v27.2 - https:\/\/yoast.com\/product\/yoast-seo-wordpress\/ -->\n<title>MArRC: Reggio: avviati al Museo i nuovi percorsi Scuola - Lavoro<\/title>\n<meta name=\"description\" content=\"Presentati i progetti di formazione scuola - lavoro e le altre attivit\u00e0 didattiche per l&#039;anno scolastico 2025\/26\" \/>\n<meta name=\"robots\" content=\"index, follow, max-snippet:-1, max-image-preview:large, max-video-preview:-1\" \/>\n<link rel=\"canonical\" href=\"https:\/\/progettotouring.it\/radiotouring104\/2025\/10\/01\/reggio-oltre-2400-visitatori-al-museo-per-le-giornate-del-patrimonio\/\" \/>\n<meta property=\"og:locale\" content=\"it_IT\" \/>\n<meta property=\"og:type\" content=\"article\" \/>\n<meta property=\"og:title\" content=\"MArRC: Reggio: avviati al Museo i nuovi percorsi Scuola - Lavoro\" \/>\n<meta property=\"og:description\" content=\"Presentati i progetti di formazione scuola - lavoro e le altre attivit\u00e0 didattiche per l&#039;anno scolastico 2025\/26\" \/>\n<meta property=\"og:url\" content=\"https:\/\/progettotouring.it\/radiotouring104\/2025\/10\/01\/reggio-oltre-2400-visitatori-al-museo-per-le-giornate-del-patrimonio\/\" \/>\n<meta property=\"og:site_name\" content=\"Radio Touring 104\" \/>\n<meta property=\"article:published_time\" content=\"2025-10-01T07:51:03+00:00\" \/>\n<meta property=\"article:modified_time\" content=\"2025-10-01T09:38:27+00:00\" \/>\n<meta property=\"og:image\" content=\"https:\/\/progettotouring.it\/radiotouring104\/wp-content\/uploads\/sites\/6\/2025\/10\/Giornate-Patrimonio-Museo-Reggio-Scuola-Lavoro.jpeg\" \/>\n\t<meta property=\"og:image:width\" content=\"1600\" \/>\n\t<meta property=\"og:image:height\" content=\"1066\" \/>\n\t<meta property=\"og:image:type\" content=\"image\/jpeg\" \/>\n<meta name=\"author\" content=\"redazione\" \/>\n<meta name=\"twitter:card\" content=\"summary_large_image\" \/>\n<meta name=\"twitter:label1\" content=\"Scritto da\" \/>\n\t<meta name=\"twitter:data1\" content=\"redazione\" \/>\n\t<meta name=\"twitter:label2\" content=\"Tempo di lettura stimato\" \/>\n\t<meta name=\"twitter:data2\" content=\"2 minuti\" \/>\n<script type=\"application\/ld+json\" class=\"yoast-schema-graph\">{\"@context\":\"https:\/\/schema.org\",\"@graph\":[{\"@type\":\"Article\",\"@id\":\"https:\/\/progettotouring.it\/radiotouring104\/2025\/10\/01\/reggio-oltre-2400-visitatori-al-museo-per-le-giornate-del-patrimonio\/#article\",\"isPartOf\":{\"@id\":\"https:\/\/progettotouring.it\/radiotouring104\/2025\/10\/01\/reggio-oltre-2400-visitatori-al-museo-per-le-giornate-del-patrimonio\/\"},\"author\":{\"name\":\"redazione\",\"@id\":\"https:\/\/progettotouring.it\/radiotouring104\/#\/schema\/person\/1b3eb3c07c47136bc44c785c543e635f\"},\"headline\":\"Reggio: oltre 2400 visitatori al Museo per le Giornate del Patrimonio\",\"datePublished\":\"2025-10-01T07:51:03+00:00\",\"dateModified\":\"2025-10-01T09:38:27+00:00\",\"mainEntityOfPage\":{\"@id\":\"https:\/\/progettotouring.it\/radiotouring104\/2025\/10\/01\/reggio-oltre-2400-visitatori-al-museo-per-le-giornate-del-patrimonio\/\"},\"wordCount\":486,\"publisher\":{\"@id\":\"https:\/\/progettotouring.it\/radiotouring104\/#organization\"},\"image\":{\"@id\":\"https:\/\/progettotouring.it\/radiotouring104\/2025\/10\/01\/reggio-oltre-2400-visitatori-al-museo-per-le-giornate-del-patrimonio\/#primaryimage\"},\"thumbnailUrl\":\"https:\/\/progettotouring.it\/radiotouring104\/wp-content\/uploads\/sites\/6\/2025\/10\/Giornate-Patrimonio-Museo-Reggio-Scuola-Lavoro.jpeg\",\"keywords\":[\"anno scolastico 2025\/2026\",\"giornate del patrimonio\",\"Museo Archeologico di Reggio Calabria\",\"oltre 2400 visitatori\",\"scuola lavoro\"],\"articleSection\":[\"Home\",\"News\",\"Reggio Calabria\"],\"inLanguage\":\"it-IT\"},{\"@type\":\"WebPage\",\"@id\":\"https:\/\/progettotouring.it\/radiotouring104\/2025\/10\/01\/reggio-oltre-2400-visitatori-al-museo-per-le-giornate-del-patrimonio\/\",\"url\":\"https:\/\/progettotouring.it\/radiotouring104\/2025\/10\/01\/reggio-oltre-2400-visitatori-al-museo-per-le-giornate-del-patrimonio\/\",\"name\":\"MArRC: Reggio: avviati al Museo i nuovi percorsi Scuola - Lavoro\",\"isPartOf\":{\"@id\":\"https:\/\/progettotouring.it\/radiotouring104\/#website\"},\"primaryImageOfPage\":{\"@id\":\"https:\/\/progettotouring.it\/radiotouring104\/2025\/10\/01\/reggio-oltre-2400-visitatori-al-museo-per-le-giornate-del-patrimonio\/#primaryimage\"},\"image\":{\"@id\":\"https:\/\/progettotouring.it\/radiotouring104\/2025\/10\/01\/reggio-oltre-2400-visitatori-al-museo-per-le-giornate-del-patrimonio\/#primaryimage\"},\"thumbnailUrl\":\"https:\/\/progettotouring.it\/radiotouring104\/wp-content\/uploads\/sites\/6\/2025\/10\/Giornate-Patrimonio-Museo-Reggio-Scuola-Lavoro.jpeg\",\"datePublished\":\"2025-10-01T07:51:03+00:00\",\"dateModified\":\"2025-10-01T09:38:27+00:00\",\"description\":\"Presentati i progetti di formazione scuola - lavoro e le altre attivit\u00e0 didattiche per l'anno scolastico 2025\/26\",\"breadcrumb\":{\"@id\":\"https:\/\/progettotouring.it\/radiotouring104\/2025\/10\/01\/reggio-oltre-2400-visitatori-al-museo-per-le-giornate-del-patrimonio\/#breadcrumb\"},\"inLanguage\":\"it-IT\",\"potentialAction\":[{\"@type\":\"ReadAction\",\"target\":[\"https:\/\/progettotouring.it\/radiotouring104\/2025\/10\/01\/reggio-oltre-2400-visitatori-al-museo-per-le-giornate-del-patrimonio\/\"]}]},{\"@type\":\"ImageObject\",\"inLanguage\":\"it-IT\",\"@id\":\"https:\/\/progettotouring.it\/radiotouring104\/2025\/10\/01\/reggio-oltre-2400-visitatori-al-museo-per-le-giornate-del-patrimonio\/#primaryimage\",\"url\":\"https:\/\/progettotouring.it\/radiotouring104\/wp-content\/uploads\/sites\/6\/2025\/10\/Giornate-Patrimonio-Museo-Reggio-Scuola-Lavoro.jpeg\",\"contentUrl\":\"https:\/\/progettotouring.it\/radiotouring104\/wp-content\/uploads\/sites\/6\/2025\/10\/Giornate-Patrimonio-Museo-Reggio-Scuola-Lavoro.jpeg\",\"width\":1600,\"height\":1066},{\"@type\":\"BreadcrumbList\",\"@id\":\"https:\/\/progettotouring.it\/radiotouring104\/2025\/10\/01\/reggio-oltre-2400-visitatori-al-museo-per-le-giornate-del-patrimonio\/#breadcrumb\",\"itemListElement\":[{\"@type\":\"ListItem\",\"position\":1,\"name\":\"Home\",\"item\":\"https:\/\/progettotouring.it\/radiotouring104\/\"},{\"@type\":\"ListItem\",\"position\":2,\"name\":\"Reggio: oltre 2400 visitatori al Museo per le Giornate del Patrimonio\"}]},{\"@type\":\"WebSite\",\"@id\":\"https:\/\/progettotouring.it\/radiotouring104\/#website\",\"url\":\"https:\/\/progettotouring.it\/radiotouring104\/\",\"name\":\"Radio Touring 104\",\"description\":\"La prima radio Reggina\",\"publisher\":{\"@id\":\"https:\/\/progettotouring.it\/radiotouring104\/#organization\"},\"potentialAction\":[{\"@type\":\"SearchAction\",\"target\":{\"@type\":\"EntryPoint\",\"urlTemplate\":\"https:\/\/progettotouring.it\/radiotouring104\/?s={search_term_string}\"},\"query-input\":{\"@type\":\"PropertyValueSpecification\",\"valueRequired\":true,\"valueName\":\"search_term_string\"}}],\"inLanguage\":\"it-IT\"},{\"@type\":\"Organization\",\"@id\":\"https:\/\/progettotouring.it\/radiotouring104\/#organization\",\"name\":\"Radio Touring 104\",\"url\":\"https:\/\/progettotouring.it\/radiotouring104\/\",\"logo\":{\"@type\":\"ImageObject\",\"inLanguage\":\"it-IT\",\"@id\":\"https:\/\/progettotouring.it\/radiotouring104\/#\/schema\/logo\/image\/\",\"url\":\"https:\/\/progettotouring.it\/radiotouring104\/wp-content\/uploads\/sites\/6\/2022\/02\/cropped-logo-radio-touring-104.png\",\"contentUrl\":\"https:\/\/progettotouring.it\/radiotouring104\/wp-content\/uploads\/sites\/6\/2022\/02\/cropped-logo-radio-touring-104.png\",\"width\":377,\"height\":182,\"caption\":\"Radio Touring 104\"},\"image\":{\"@id\":\"https:\/\/progettotouring.it\/radiotouring104\/#\/schema\/logo\/image\/\"}},{\"@type\":\"Person\",\"@id\":\"https:\/\/progettotouring.it\/radiotouring104\/#\/schema\/person\/1b3eb3c07c47136bc44c785c543e635f\",\"name\":\"redazione\",\"image\":{\"@type\":\"ImageObject\",\"inLanguage\":\"it-IT\",\"@id\":\"https:\/\/secure.gravatar.com\/avatar\/0b31605b49f100769e8b624b3e05de1b73e1692e9568a352f60f53fd072e6e11?s=96&d=mm&r=g\",\"url\":\"https:\/\/secure.gravatar.com\/avatar\/0b31605b49f100769e8b624b3e05de1b73e1692e9568a352f60f53fd072e6e11?s=96&d=mm&r=g\",\"contentUrl\":\"https:\/\/secure.gravatar.com\/avatar\/0b31605b49f100769e8b624b3e05de1b73e1692e9568a352f60f53fd072e6e11?s=96&d=mm&r=g\",\"caption\":\"redazione\"},\"url\":\"https:\/\/progettotouring.it\/radiotouring104\/author\/redazione\/\"}]}<\/script>\n<!-- \/ Yoast SEO plugin. -->","yoast_head_json":{"title":"MArRC: Reggio: avviati al Museo i nuovi percorsi Scuola - Lavoro","description":"Presentati i progetti di formazione scuola - lavoro e le altre attivit\u00e0 didattiche per l'anno scolastico 2025\/26","robots":{"index":"index","follow":"follow","max-snippet":"max-snippet:-1","max-image-preview":"max-image-preview:large","max-video-preview":"max-video-preview:-1"},"canonical":"https:\/\/progettotouring.it\/radiotouring104\/2025\/10\/01\/reggio-oltre-2400-visitatori-al-museo-per-le-giornate-del-patrimonio\/","og_locale":"it_IT","og_type":"article","og_title":"MArRC: Reggio: avviati al Museo i nuovi percorsi Scuola - Lavoro","og_description":"Presentati i progetti di formazione scuola - lavoro e le altre attivit\u00e0 didattiche per l'anno scolastico 2025\/26","og_url":"https:\/\/progettotouring.it\/radiotouring104\/2025\/10\/01\/reggio-oltre-2400-visitatori-al-museo-per-le-giornate-del-patrimonio\/","og_site_name":"Radio Touring 104","article_published_time":"2025-10-01T07:51:03+00:00","article_modified_time":"2025-10-01T09:38:27+00:00","og_image":[{"width":1600,"height":1066,"url":"https:\/\/progettotouring.it\/radiotouring104\/wp-content\/uploads\/sites\/6\/2025\/10\/Giornate-Patrimonio-Museo-Reggio-Scuola-Lavoro.jpeg","type":"image\/jpeg"}],"author":"redazione","twitter_card":"summary_large_image","twitter_misc":{"Scritto da":"redazione","Tempo di lettura stimato":"2 minuti"},"schema":{"@context":"https:\/\/schema.org","@graph":[{"@type":"Article","@id":"https:\/\/progettotouring.it\/radiotouring104\/2025\/10\/01\/reggio-oltre-2400-visitatori-al-museo-per-le-giornate-del-patrimonio\/#article","isPartOf":{"@id":"https:\/\/progettotouring.it\/radiotouring104\/2025\/10\/01\/reggio-oltre-2400-visitatori-al-museo-per-le-giornate-del-patrimonio\/"},"author":{"name":"redazione","@id":"https:\/\/progettotouring.it\/radiotouring104\/#\/schema\/person\/1b3eb3c07c47136bc44c785c543e635f"},"headline":"Reggio: oltre 2400 visitatori al Museo per le Giornate del Patrimonio","datePublished":"2025-10-01T07:51:03+00:00","dateModified":"2025-10-01T09:38:27+00:00","mainEntityOfPage":{"@id":"https:\/\/progettotouring.it\/radiotouring104\/2025\/10\/01\/reggio-oltre-2400-visitatori-al-museo-per-le-giornate-del-patrimonio\/"},"wordCount":486,"publisher":{"@id":"https:\/\/progettotouring.it\/radiotouring104\/#organization"},"image":{"@id":"https:\/\/progettotouring.it\/radiotouring104\/2025\/10\/01\/reggio-oltre-2400-visitatori-al-museo-per-le-giornate-del-patrimonio\/#primaryimage"},"thumbnailUrl":"https:\/\/progettotouring.it\/radiotouring104\/wp-content\/uploads\/sites\/6\/2025\/10\/Giornate-Patrimonio-Museo-Reggio-Scuola-Lavoro.jpeg","keywords":["anno scolastico 2025\/2026","giornate del patrimonio","Museo Archeologico di Reggio Calabria","oltre 2400 visitatori","scuola lavoro"],"articleSection":["Home","News","Reggio Calabria"],"inLanguage":"it-IT"},{"@type":"WebPage","@id":"https:\/\/progettotouring.it\/radiotouring104\/2025\/10\/01\/reggio-oltre-2400-visitatori-al-museo-per-le-giornate-del-patrimonio\/","url":"https:\/\/progettotouring.it\/radiotouring104\/2025\/10\/01\/reggio-oltre-2400-visitatori-al-museo-per-le-giornate-del-patrimonio\/","name":"MArRC: Reggio: avviati al Museo i nuovi percorsi Scuola - Lavoro","isPartOf":{"@id":"https:\/\/progettotouring.it\/radiotouring104\/#website"},"primaryImageOfPage":{"@id":"https:\/\/progettotouring.it\/radiotouring104\/2025\/10\/01\/reggio-oltre-2400-visitatori-al-museo-per-le-giornate-del-patrimonio\/#primaryimage"},"image":{"@id":"https:\/\/progettotouring.it\/radiotouring104\/2025\/10\/01\/reggio-oltre-2400-visitatori-al-museo-per-le-giornate-del-patrimonio\/#primaryimage"},"thumbnailUrl":"https:\/\/progettotouring.it\/radiotouring104\/wp-content\/uploads\/sites\/6\/2025\/10\/Giornate-Patrimonio-Museo-Reggio-Scuola-Lavoro.jpeg","datePublished":"2025-10-01T07:51:03+00:00","dateModified":"2025-10-01T09:38:27+00:00","description":"Presentati i progetti di formazione scuola - lavoro e le altre attivit\u00e0 didattiche per l'anno scolastico 2025\/26","breadcrumb":{"@id":"https:\/\/progettotouring.it\/radiotouring104\/2025\/10\/01\/reggio-oltre-2400-visitatori-al-museo-per-le-giornate-del-patrimonio\/#breadcrumb"},"inLanguage":"it-IT","potentialAction":[{"@type":"ReadAction","target":["https:\/\/progettotouring.it\/radiotouring104\/2025\/10\/01\/reggio-oltre-2400-visitatori-al-museo-per-le-giornate-del-patrimonio\/"]}]},{"@type":"ImageObject","inLanguage":"it-IT","@id":"https:\/\/progettotouring.it\/radiotouring104\/2025\/10\/01\/reggio-oltre-2400-visitatori-al-museo-per-le-giornate-del-patrimonio\/#primaryimage","url":"https:\/\/progettotouring.it\/radiotouring104\/wp-content\/uploads\/sites\/6\/2025\/10\/Giornate-Patrimonio-Museo-Reggio-Scuola-Lavoro.jpeg","contentUrl":"https:\/\/progettotouring.it\/radiotouring104\/wp-content\/uploads\/sites\/6\/2025\/10\/Giornate-Patrimonio-Museo-Reggio-Scuola-Lavoro.jpeg","width":1600,"height":1066},{"@type":"BreadcrumbList","@id":"https:\/\/progettotouring.it\/radiotouring104\/2025\/10\/01\/reggio-oltre-2400-visitatori-al-museo-per-le-giornate-del-patrimonio\/#breadcrumb","itemListElement":[{"@type":"ListItem","position":1,"name":"Home","item":"https:\/\/progettotouring.it\/radiotouring104\/"},{"@type":"ListItem","position":2,"name":"Reggio: oltre 2400 visitatori al Museo per le Giornate del Patrimonio"}]},{"@type":"WebSite","@id":"https:\/\/progettotouring.it\/radiotouring104\/#website","url":"https:\/\/progettotouring.it\/radiotouring104\/","name":"Radio Touring 104","description":"La prima radio Reggina","publisher":{"@id":"https:\/\/progettotouring.it\/radiotouring104\/#organization"},"potentialAction":[{"@type":"SearchAction","target":{"@type":"EntryPoint","urlTemplate":"https:\/\/progettotouring.it\/radiotouring104\/?s={search_term_string}"},"query-input":{"@type":"PropertyValueSpecification","valueRequired":true,"valueName":"search_term_string"}}],"inLanguage":"it-IT"},{"@type":"Organization","@id":"https:\/\/progettotouring.it\/radiotouring104\/#organization","name":"Radio Touring 104","url":"https:\/\/progettotouring.it\/radiotouring104\/","logo":{"@type":"ImageObject","inLanguage":"it-IT","@id":"https:\/\/progettotouring.it\/radiotouring104\/#\/schema\/logo\/image\/","url":"https:\/\/progettotouring.it\/radiotouring104\/wp-content\/uploads\/sites\/6\/2022\/02\/cropped-logo-radio-touring-104.png","contentUrl":"https:\/\/progettotouring.it\/radiotouring104\/wp-content\/uploads\/sites\/6\/2022\/02\/cropped-logo-radio-touring-104.png","width":377,"height":182,"caption":"Radio Touring 104"},"image":{"@id":"https:\/\/progettotouring.it\/radiotouring104\/#\/schema\/logo\/image\/"}},{"@type":"Person","@id":"https:\/\/progettotouring.it\/radiotouring104\/#\/schema\/person\/1b3eb3c07c47136bc44c785c543e635f","name":"redazione","image":{"@type":"ImageObject","inLanguage":"it-IT","@id":"https:\/\/secure.gravatar.com\/avatar\/0b31605b49f100769e8b624b3e05de1b73e1692e9568a352f60f53fd072e6e11?s=96&d=mm&r=g","url":"https:\/\/secure.gravatar.com\/avatar\/0b31605b49f100769e8b624b3e05de1b73e1692e9568a352f60f53fd072e6e11?s=96&d=mm&r=g","contentUrl":"https:\/\/secure.gravatar.com\/avatar\/0b31605b49f100769e8b624b3e05de1b73e1692e9568a352f60f53fd072e6e11?s=96&d=mm&r=g","caption":"redazione"},"url":"https:\/\/progettotouring.it\/radiotouring104\/author\/redazione\/"}]}},"jetpack_publicize_connections":[],"jetpack_featured_media_url":"https:\/\/progettotouring.it\/radiotouring104\/wp-content\/uploads\/sites\/6\/2025\/10\/Giornate-Patrimonio-Museo-Reggio-Scuola-Lavoro.jpeg","jetpack_sharing_enabled":true,"_links":{"self":[{"href":"https:\/\/progettotouring.it\/radiotouring104\/wp-json\/wp\/v2\/posts\/82548","targetHints":{"allow":["GET"]}}],"collection":[{"href":"https:\/\/progettotouring.it\/radiotouring104\/wp-json\/wp\/v2\/posts"}],"about":[{"href":"https:\/\/progettotouring.it\/radiotouring104\/wp-json\/wp\/v2\/types\/post"}],"author":[{"embeddable":true,"href":"https:\/\/progettotouring.it\/radiotouring104\/wp-json\/wp\/v2\/users\/5"}],"replies":[{"embeddable":true,"href":"https:\/\/progettotouring.it\/radiotouring104\/wp-json\/wp\/v2\/comments?post=82548"}],"version-history":[{"count":1,"href":"https:\/\/progettotouring.it\/radiotouring104\/wp-json\/wp\/v2\/posts\/82548\/revisions"}],"predecessor-version":[{"id":82550,"href":"https:\/\/progettotouring.it\/radiotouring104\/wp-json\/wp\/v2\/posts\/82548\/revisions\/82550"}],"wp:featuredmedia":[{"embeddable":true,"href":"https:\/\/progettotouring.it\/radiotouring104\/wp-json\/wp\/v2\/media\/82549"}],"wp:attachment":[{"href":"https:\/\/progettotouring.it\/radiotouring104\/wp-json\/wp\/v2\/media?parent=82548"}],"wp:term":[{"taxonomy":"category","embeddable":true,"href":"https:\/\/progettotouring.it\/radiotouring104\/wp-json\/wp\/v2\/categories?post=82548"},{"taxonomy":"post_tag","embeddable":true,"href":"https:\/\/progettotouring.it\/radiotouring104\/wp-json\/wp\/v2\/tags?post=82548"}],"curies":[{"name":"wp","href":"https:\/\/api.w.org\/{rel}","templated":true}]}}