{"id":82552,"date":"2025-10-01T09:57:31","date_gmt":"2025-10-01T07:57:31","guid":{"rendered":"https:\/\/progettotouring.it\/radiotouring104\/?p=82552"},"modified":"2025-10-01T11:38:21","modified_gmt":"2025-10-01T09:38:21","slug":"regionali-le-proposte-di-sarica-su-servizi-e-sviluppo-nelle-zone-interne-di-reggio","status":"publish","type":"post","link":"https:\/\/progettotouring.it\/radiotouring104\/2025\/10\/01\/regionali-le-proposte-di-sarica-su-servizi-e-sviluppo-nelle-zone-interne-di-reggio\/","title":{"rendered":"Regionali: le proposte di Sarica su Servizi e Sviluppo nelle zone interne di Reggio"},"content":{"rendered":"<p>\u00abLe zone interne della Citt\u00e0 Metropolitana di Reggio Calabria sono scrigni di bellezze naturali, tradizioni e potenzialit\u00e0 \u2013 afferma Francesco Sarica, candidato alle prossime elezioni regionali \u2013 ma soffrono di gravi carenze nei servizi, nelle infrastrutture e, soprattutto, nell\u2019attenzione istituzionale. Per invertire la rotta dello spopolamento e dell\u2019abbandono servono politiche integrate e coraggiose, che mettano al centro le comunit\u00e0 locali\u00bb.<\/p>\n<p>Sarica illustra le linee programmatiche per rilanciare questi territori:<\/p>\n<ul>\n<li><strong>Infrastrutture viarie.<\/strong> \u00abOccorre puntare su investimenti strategici, come la realizzazione della Bovalino\u2013Bagnara. \u00c8 necessario reindirizzare i fondi del PNRR o, grazie all\u2019impegno del Ministro Salvini, individuare nuovi strumenti di finanziamento per opere cruciali allo sviluppo dei territori interni. Al tempo stesso, bisogna mettere in sicurezza le strade esistenti\u00bb.<\/li>\n<li><strong>Servizi scolastici e sanitari.<\/strong> \u00abLa scuola non \u00e8 solo un edificio: \u00e8 presidio sociale, culturale e identitario. Garantire la presenza di istituti scolastici, uffici postali, bancomat e presidi sanitari significa non lasciare indietro nessuno, in particolare anziani e famiglie prive di mobilit\u00e0. La digitalizzazione pu\u00f2 supportare, ma non sostituire la presenza fisica dei servizi\u00bb.<\/li>\n<li><strong>Agricoltura e bonifiche.<\/strong> \u00abDobbiamo restituire produttivit\u00e0 a terreni abbandonati, recuperare i terrazzamenti, creare nuove infrastrutture irrigue e diversificare le colture, puntando su produzioni capaci di resistere ai cambiamenti climatici. L\u2019obiettivo \u00e8 un\u2019agricoltura moderna che garantisca lavoro, biodiversit\u00e0 e rinascita rurale\u00bb.<\/li>\n<li><strong>Connettivit\u00e0 digitale.<\/strong> \u00abInternet veloce e stabile \u00e8 ormai un diritto fondamentale. \u00c8 indispensabile per imprese, smart working, didattica a distanza, turismo esperienziale e servizi digitali. Senza connettivit\u00e0, le zone interne restano isolate: collegarle digitalmente significa restituire dignit\u00e0, futuro e visibilit\u00e0\u00bb.<\/li>\n<li><strong>Tutela del territorio.<\/strong> \u00abIl dissesto idrogeologico e il rischio incendi vanno affrontati con misure concrete e personale locale impiegato durante tutto l\u2019anno, non solo stagionalmente\u00bb.<\/li>\n<li><strong>Politica della montagna.<\/strong> \u00abL\u2019Aspromonte pu\u00f2 diventare un modello di sviluppo multifunzionale: turismo sostenibile, valorizzazione naturalistica, artigianato, agroalimentare e persino energia da fonti rinnovabili locali, come il cippato di legno dei nostri boschi. Non solo conservazione, ma anche utilizzo innovativo e sostenibile delle risorse\u00bb.<\/li>\n<li><strong>Unione dei Comuni.<\/strong> \u00abIncentivare questo strumento significa permettere a pi\u00f9 enti di gestire insieme funzioni e servizi essenziali, con vantaggi evidenti: riduzione dei costi, specializzazione del personale, maggiore capacit\u00e0 progettuale e pi\u00f9 forza nell\u2019accesso ai finanziamenti regionali, nazionali ed europei\u00bb.<\/li>\n<\/ul>\n<p>\u00abAbbiamo le idee chiare \u2013 conclude Francesco Sarica \u2013: lo sviluppo delle zone interne passa da una strategia pragmatica e lungimirante, fondata su investimenti infrastrutturali, tutela ambientale, digitalizzazione, servizi di prossimit\u00e0, identit\u00e0 territoriale e istituzioni efficienti. Solo cos\u00ec possiamo restituire futuro e speranza alle comunit\u00e0 della Citt\u00e0 Metropolitana di Reggio Calabria\u00bb.<\/p>\n<p>&nbsp;<\/p>\n<p>&nbsp;<\/p>\n","protected":false},"excerpt":{"rendered":"<p>\u00abLe zone interne della Citt\u00e0 Metropolitana di Reggio Calabria sono scrigni di bellezze naturali, tradizioni e potenzialit\u00e0 \u2013 afferma Francesco Sarica, candidato alle prossime elezioni regionali \u2013 ma soffrono di&hellip;<\/p>\n","protected":false},"author":5,"featured_media":81295,"comment_status":"closed","ping_status":"open","sticky":false,"template":"","format":"standard","meta":{"_jetpack_memberships_contains_paid_content":false,"footnotes":"","jetpack_publicize_message":"","jetpack_publicize_feature_enabled":true,"jetpack_social_post_already_shared":true,"jetpack_social_options":{"image_generator_settings":{"template":"highway","default_image_id":0,"font":"","enabled":false},"version":2}},"categories":[142,921,196],"tags":[563,46972,47360,47909,39261,40724,28489,47908],"class_list":["post-82552","post","type-post","status-publish","format-standard","has-post-thumbnail","hentry","category-calabria","category-home","category-news","tag-citta-metropolitana-di-reggio-calabria","tag-elezioni-regionali-calabria","tag-francesco-sarica","tag-politiche-integrate","tag-servizi","tag-spopolamento","tag-sviluppo","tag-zone-interne"],"yoast_head":"<!-- This site is optimized with the Yoast SEO plugin v27.2 - https:\/\/yoast.com\/product\/yoast-seo-wordpress\/ -->\n<title>Regionali: Sarica punta su Servizi e Sviluppo per le Aree Interne<\/title>\n<meta name=\"description\" content=\"&quot;Per invertire rotta dello spopolamento servono politiche integrate, che mettano al centro le comunit\u00e0 locali&quot;, scrive il candidato leghista\" \/>\n<meta name=\"robots\" content=\"index, follow, max-snippet:-1, max-image-preview:large, max-video-preview:-1\" \/>\n<link rel=\"canonical\" href=\"https:\/\/progettotouring.it\/radiotouring104\/2025\/10\/01\/regionali-le-proposte-di-sarica-su-servizi-e-sviluppo-nelle-zone-interne-di-reggio\/\" \/>\n<meta property=\"og:locale\" content=\"it_IT\" \/>\n<meta property=\"og:type\" content=\"article\" \/>\n<meta property=\"og:title\" content=\"Regionali: Sarica punta su Servizi e Sviluppo per le Aree Interne\" \/>\n<meta property=\"og:description\" content=\"&quot;Per invertire rotta dello spopolamento servono politiche integrate, che mettano al centro le comunit\u00e0 locali&quot;, scrive il candidato leghista\" \/>\n<meta property=\"og:url\" content=\"https:\/\/progettotouring.it\/radiotouring104\/2025\/10\/01\/regionali-le-proposte-di-sarica-su-servizi-e-sviluppo-nelle-zone-interne-di-reggio\/\" \/>\n<meta property=\"og:site_name\" content=\"Radio Touring 104\" \/>\n<meta property=\"article:published_time\" content=\"2025-10-01T07:57:31+00:00\" \/>\n<meta property=\"article:modified_time\" content=\"2025-10-01T09:38:21+00:00\" \/>\n<meta property=\"og:image\" content=\"https:\/\/progettotouring.it\/radiotouring104\/wp-content\/uploads\/sites\/6\/2025\/09\/Francesco-Sarica-Lega-Calabria.gif\" \/>\n\t<meta property=\"og:image:width\" content=\"523\" \/>\n\t<meta property=\"og:image:height\" content=\"349\" \/>\n\t<meta property=\"og:image:type\" content=\"image\/gif\" \/>\n<meta name=\"author\" content=\"redazione\" \/>\n<meta name=\"twitter:card\" content=\"summary_large_image\" \/>\n<meta name=\"twitter:label1\" content=\"Scritto da\" \/>\n\t<meta name=\"twitter:data1\" content=\"redazione\" \/>\n\t<meta name=\"twitter:label2\" content=\"Tempo di lettura stimato\" \/>\n\t<meta name=\"twitter:data2\" content=\"2 minuti\" \/>\n<script type=\"application\/ld+json\" class=\"yoast-schema-graph\">{\"@context\":\"https:\/\/schema.org\",\"@graph\":[{\"@type\":\"Article\",\"@id\":\"https:\/\/progettotouring.it\/radiotouring104\/2025\/10\/01\/regionali-le-proposte-di-sarica-su-servizi-e-sviluppo-nelle-zone-interne-di-reggio\/#article\",\"isPartOf\":{\"@id\":\"https:\/\/progettotouring.it\/radiotouring104\/2025\/10\/01\/regionali-le-proposte-di-sarica-su-servizi-e-sviluppo-nelle-zone-interne-di-reggio\/\"},\"author\":{\"name\":\"redazione\",\"@id\":\"https:\/\/progettotouring.it\/radiotouring104\/#\/schema\/person\/1b3eb3c07c47136bc44c785c543e635f\"},\"headline\":\"Regionali: le proposte di Sarica su Servizi e Sviluppo nelle zone interne di Reggio\",\"datePublished\":\"2025-10-01T07:57:31+00:00\",\"dateModified\":\"2025-10-01T09:38:21+00:00\",\"mainEntityOfPage\":{\"@id\":\"https:\/\/progettotouring.it\/radiotouring104\/2025\/10\/01\/regionali-le-proposte-di-sarica-su-servizi-e-sviluppo-nelle-zone-interne-di-reggio\/\"},\"wordCount\":425,\"publisher\":{\"@id\":\"https:\/\/progettotouring.it\/radiotouring104\/#organization\"},\"image\":{\"@id\":\"https:\/\/progettotouring.it\/radiotouring104\/2025\/10\/01\/regionali-le-proposte-di-sarica-su-servizi-e-sviluppo-nelle-zone-interne-di-reggio\/#primaryimage\"},\"thumbnailUrl\":\"https:\/\/progettotouring.it\/radiotouring104\/wp-content\/uploads\/sites\/6\/2025\/09\/Francesco-Sarica-Lega-Calabria.gif\",\"keywords\":[\"Citt\u00e0 Metropolitana di Reggio Calabria\",\"elezioni regionali calabria\",\"Francesco Sarica\",\"politiche integrate\",\"servizi\",\"spopolamento\",\"sviluppo\",\"zone interne\"],\"articleSection\":[\"Calabria\",\"Home\",\"News\"],\"inLanguage\":\"it-IT\"},{\"@type\":\"WebPage\",\"@id\":\"https:\/\/progettotouring.it\/radiotouring104\/2025\/10\/01\/regionali-le-proposte-di-sarica-su-servizi-e-sviluppo-nelle-zone-interne-di-reggio\/\",\"url\":\"https:\/\/progettotouring.it\/radiotouring104\/2025\/10\/01\/regionali-le-proposte-di-sarica-su-servizi-e-sviluppo-nelle-zone-interne-di-reggio\/\",\"name\":\"Regionali: Sarica punta su Servizi e Sviluppo per le Aree Interne\",\"isPartOf\":{\"@id\":\"https:\/\/progettotouring.it\/radiotouring104\/#website\"},\"primaryImageOfPage\":{\"@id\":\"https:\/\/progettotouring.it\/radiotouring104\/2025\/10\/01\/regionali-le-proposte-di-sarica-su-servizi-e-sviluppo-nelle-zone-interne-di-reggio\/#primaryimage\"},\"image\":{\"@id\":\"https:\/\/progettotouring.it\/radiotouring104\/2025\/10\/01\/regionali-le-proposte-di-sarica-su-servizi-e-sviluppo-nelle-zone-interne-di-reggio\/#primaryimage\"},\"thumbnailUrl\":\"https:\/\/progettotouring.it\/radiotouring104\/wp-content\/uploads\/sites\/6\/2025\/09\/Francesco-Sarica-Lega-Calabria.gif\",\"datePublished\":\"2025-10-01T07:57:31+00:00\",\"dateModified\":\"2025-10-01T09:38:21+00:00\",\"description\":\"\\\"Per invertire rotta dello spopolamento servono politiche integrate, che mettano al centro le comunit\u00e0 locali\\\", scrive il candidato leghista\",\"breadcrumb\":{\"@id\":\"https:\/\/progettotouring.it\/radiotouring104\/2025\/10\/01\/regionali-le-proposte-di-sarica-su-servizi-e-sviluppo-nelle-zone-interne-di-reggio\/#breadcrumb\"},\"inLanguage\":\"it-IT\",\"potentialAction\":[{\"@type\":\"ReadAction\",\"target\":[\"https:\/\/progettotouring.it\/radiotouring104\/2025\/10\/01\/regionali-le-proposte-di-sarica-su-servizi-e-sviluppo-nelle-zone-interne-di-reggio\/\"]}]},{\"@type\":\"ImageObject\",\"inLanguage\":\"it-IT\",\"@id\":\"https:\/\/progettotouring.it\/radiotouring104\/2025\/10\/01\/regionali-le-proposte-di-sarica-su-servizi-e-sviluppo-nelle-zone-interne-di-reggio\/#primaryimage\",\"url\":\"https:\/\/progettotouring.it\/radiotouring104\/wp-content\/uploads\/sites\/6\/2025\/09\/Francesco-Sarica-Lega-Calabria.gif\",\"contentUrl\":\"https:\/\/progettotouring.it\/radiotouring104\/wp-content\/uploads\/sites\/6\/2025\/09\/Francesco-Sarica-Lega-Calabria.gif\",\"width\":523,\"height\":349},{\"@type\":\"BreadcrumbList\",\"@id\":\"https:\/\/progettotouring.it\/radiotouring104\/2025\/10\/01\/regionali-le-proposte-di-sarica-su-servizi-e-sviluppo-nelle-zone-interne-di-reggio\/#breadcrumb\",\"itemListElement\":[{\"@type\":\"ListItem\",\"position\":1,\"name\":\"Home\",\"item\":\"https:\/\/progettotouring.it\/radiotouring104\/\"},{\"@type\":\"ListItem\",\"position\":2,\"name\":\"Regionali: le proposte di Sarica su Servizi e Sviluppo nelle zone interne di Reggio\"}]},{\"@type\":\"WebSite\",\"@id\":\"https:\/\/progettotouring.it\/radiotouring104\/#website\",\"url\":\"https:\/\/progettotouring.it\/radiotouring104\/\",\"name\":\"Radio Touring 104\",\"description\":\"La prima radio Reggina\",\"publisher\":{\"@id\":\"https:\/\/progettotouring.it\/radiotouring104\/#organization\"},\"potentialAction\":[{\"@type\":\"SearchAction\",\"target\":{\"@type\":\"EntryPoint\",\"urlTemplate\":\"https:\/\/progettotouring.it\/radiotouring104\/?s={search_term_string}\"},\"query-input\":{\"@type\":\"PropertyValueSpecification\",\"valueRequired\":true,\"valueName\":\"search_term_string\"}}],\"inLanguage\":\"it-IT\"},{\"@type\":\"Organization\",\"@id\":\"https:\/\/progettotouring.it\/radiotouring104\/#organization\",\"name\":\"Radio Touring 104\",\"url\":\"https:\/\/progettotouring.it\/radiotouring104\/\",\"logo\":{\"@type\":\"ImageObject\",\"inLanguage\":\"it-IT\",\"@id\":\"https:\/\/progettotouring.it\/radiotouring104\/#\/schema\/logo\/image\/\",\"url\":\"https:\/\/progettotouring.it\/radiotouring104\/wp-content\/uploads\/sites\/6\/2022\/02\/cropped-logo-radio-touring-104.png\",\"contentUrl\":\"https:\/\/progettotouring.it\/radiotouring104\/wp-content\/uploads\/sites\/6\/2022\/02\/cropped-logo-radio-touring-104.png\",\"width\":377,\"height\":182,\"caption\":\"Radio Touring 104\"},\"image\":{\"@id\":\"https:\/\/progettotouring.it\/radiotouring104\/#\/schema\/logo\/image\/\"}},{\"@type\":\"Person\",\"@id\":\"https:\/\/progettotouring.it\/radiotouring104\/#\/schema\/person\/1b3eb3c07c47136bc44c785c543e635f\",\"name\":\"redazione\",\"image\":{\"@type\":\"ImageObject\",\"inLanguage\":\"it-IT\",\"@id\":\"https:\/\/secure.gravatar.com\/avatar\/0b31605b49f100769e8b624b3e05de1b73e1692e9568a352f60f53fd072e6e11?s=96&d=mm&r=g\",\"url\":\"https:\/\/secure.gravatar.com\/avatar\/0b31605b49f100769e8b624b3e05de1b73e1692e9568a352f60f53fd072e6e11?s=96&d=mm&r=g\",\"contentUrl\":\"https:\/\/secure.gravatar.com\/avatar\/0b31605b49f100769e8b624b3e05de1b73e1692e9568a352f60f53fd072e6e11?s=96&d=mm&r=g\",\"caption\":\"redazione\"},\"url\":\"https:\/\/progettotouring.it\/radiotouring104\/author\/redazione\/\"}]}<\/script>\n<!-- \/ Yoast SEO plugin. -->","yoast_head_json":{"title":"Regionali: Sarica punta su Servizi e Sviluppo per le Aree Interne","description":"\"Per invertire rotta dello spopolamento servono politiche integrate, che mettano al centro le comunit\u00e0 locali\", scrive il candidato leghista","robots":{"index":"index","follow":"follow","max-snippet":"max-snippet:-1","max-image-preview":"max-image-preview:large","max-video-preview":"max-video-preview:-1"},"canonical":"https:\/\/progettotouring.it\/radiotouring104\/2025\/10\/01\/regionali-le-proposte-di-sarica-su-servizi-e-sviluppo-nelle-zone-interne-di-reggio\/","og_locale":"it_IT","og_type":"article","og_title":"Regionali: Sarica punta su Servizi e Sviluppo per le Aree Interne","og_description":"\"Per invertire rotta dello spopolamento servono politiche integrate, che mettano al centro le comunit\u00e0 locali\", scrive il candidato leghista","og_url":"https:\/\/progettotouring.it\/radiotouring104\/2025\/10\/01\/regionali-le-proposte-di-sarica-su-servizi-e-sviluppo-nelle-zone-interne-di-reggio\/","og_site_name":"Radio Touring 104","article_published_time":"2025-10-01T07:57:31+00:00","article_modified_time":"2025-10-01T09:38:21+00:00","og_image":[{"width":523,"height":349,"url":"https:\/\/progettotouring.it\/radiotouring104\/wp-content\/uploads\/sites\/6\/2025\/09\/Francesco-Sarica-Lega-Calabria.gif","type":"image\/gif"}],"author":"redazione","twitter_card":"summary_large_image","twitter_misc":{"Scritto da":"redazione","Tempo di lettura stimato":"2 minuti"},"schema":{"@context":"https:\/\/schema.org","@graph":[{"@type":"Article","@id":"https:\/\/progettotouring.it\/radiotouring104\/2025\/10\/01\/regionali-le-proposte-di-sarica-su-servizi-e-sviluppo-nelle-zone-interne-di-reggio\/#article","isPartOf":{"@id":"https:\/\/progettotouring.it\/radiotouring104\/2025\/10\/01\/regionali-le-proposte-di-sarica-su-servizi-e-sviluppo-nelle-zone-interne-di-reggio\/"},"author":{"name":"redazione","@id":"https:\/\/progettotouring.it\/radiotouring104\/#\/schema\/person\/1b3eb3c07c47136bc44c785c543e635f"},"headline":"Regionali: le proposte di Sarica su Servizi e Sviluppo nelle zone interne di Reggio","datePublished":"2025-10-01T07:57:31+00:00","dateModified":"2025-10-01T09:38:21+00:00","mainEntityOfPage":{"@id":"https:\/\/progettotouring.it\/radiotouring104\/2025\/10\/01\/regionali-le-proposte-di-sarica-su-servizi-e-sviluppo-nelle-zone-interne-di-reggio\/"},"wordCount":425,"publisher":{"@id":"https:\/\/progettotouring.it\/radiotouring104\/#organization"},"image":{"@id":"https:\/\/progettotouring.it\/radiotouring104\/2025\/10\/01\/regionali-le-proposte-di-sarica-su-servizi-e-sviluppo-nelle-zone-interne-di-reggio\/#primaryimage"},"thumbnailUrl":"https:\/\/progettotouring.it\/radiotouring104\/wp-content\/uploads\/sites\/6\/2025\/09\/Francesco-Sarica-Lega-Calabria.gif","keywords":["Citt\u00e0 Metropolitana di Reggio Calabria","elezioni regionali calabria","Francesco Sarica","politiche integrate","servizi","spopolamento","sviluppo","zone interne"],"articleSection":["Calabria","Home","News"],"inLanguage":"it-IT"},{"@type":"WebPage","@id":"https:\/\/progettotouring.it\/radiotouring104\/2025\/10\/01\/regionali-le-proposte-di-sarica-su-servizi-e-sviluppo-nelle-zone-interne-di-reggio\/","url":"https:\/\/progettotouring.it\/radiotouring104\/2025\/10\/01\/regionali-le-proposte-di-sarica-su-servizi-e-sviluppo-nelle-zone-interne-di-reggio\/","name":"Regionali: Sarica punta su Servizi e Sviluppo per le Aree Interne","isPartOf":{"@id":"https:\/\/progettotouring.it\/radiotouring104\/#website"},"primaryImageOfPage":{"@id":"https:\/\/progettotouring.it\/radiotouring104\/2025\/10\/01\/regionali-le-proposte-di-sarica-su-servizi-e-sviluppo-nelle-zone-interne-di-reggio\/#primaryimage"},"image":{"@id":"https:\/\/progettotouring.it\/radiotouring104\/2025\/10\/01\/regionali-le-proposte-di-sarica-su-servizi-e-sviluppo-nelle-zone-interne-di-reggio\/#primaryimage"},"thumbnailUrl":"https:\/\/progettotouring.it\/radiotouring104\/wp-content\/uploads\/sites\/6\/2025\/09\/Francesco-Sarica-Lega-Calabria.gif","datePublished":"2025-10-01T07:57:31+00:00","dateModified":"2025-10-01T09:38:21+00:00","description":"\"Per invertire rotta dello spopolamento servono politiche integrate, che mettano al centro le comunit\u00e0 locali\", scrive il candidato leghista","breadcrumb":{"@id":"https:\/\/progettotouring.it\/radiotouring104\/2025\/10\/01\/regionali-le-proposte-di-sarica-su-servizi-e-sviluppo-nelle-zone-interne-di-reggio\/#breadcrumb"},"inLanguage":"it-IT","potentialAction":[{"@type":"ReadAction","target":["https:\/\/progettotouring.it\/radiotouring104\/2025\/10\/01\/regionali-le-proposte-di-sarica-su-servizi-e-sviluppo-nelle-zone-interne-di-reggio\/"]}]},{"@type":"ImageObject","inLanguage":"it-IT","@id":"https:\/\/progettotouring.it\/radiotouring104\/2025\/10\/01\/regionali-le-proposte-di-sarica-su-servizi-e-sviluppo-nelle-zone-interne-di-reggio\/#primaryimage","url":"https:\/\/progettotouring.it\/radiotouring104\/wp-content\/uploads\/sites\/6\/2025\/09\/Francesco-Sarica-Lega-Calabria.gif","contentUrl":"https:\/\/progettotouring.it\/radiotouring104\/wp-content\/uploads\/sites\/6\/2025\/09\/Francesco-Sarica-Lega-Calabria.gif","width":523,"height":349},{"@type":"BreadcrumbList","@id":"https:\/\/progettotouring.it\/radiotouring104\/2025\/10\/01\/regionali-le-proposte-di-sarica-su-servizi-e-sviluppo-nelle-zone-interne-di-reggio\/#breadcrumb","itemListElement":[{"@type":"ListItem","position":1,"name":"Home","item":"https:\/\/progettotouring.it\/radiotouring104\/"},{"@type":"ListItem","position":2,"name":"Regionali: le proposte di Sarica su Servizi e Sviluppo nelle zone interne di Reggio"}]},{"@type":"WebSite","@id":"https:\/\/progettotouring.it\/radiotouring104\/#website","url":"https:\/\/progettotouring.it\/radiotouring104\/","name":"Radio Touring 104","description":"La prima radio Reggina","publisher":{"@id":"https:\/\/progettotouring.it\/radiotouring104\/#organization"},"potentialAction":[{"@type":"SearchAction","target":{"@type":"EntryPoint","urlTemplate":"https:\/\/progettotouring.it\/radiotouring104\/?s={search_term_string}"},"query-input":{"@type":"PropertyValueSpecification","valueRequired":true,"valueName":"search_term_string"}}],"inLanguage":"it-IT"},{"@type":"Organization","@id":"https:\/\/progettotouring.it\/radiotouring104\/#organization","name":"Radio Touring 104","url":"https:\/\/progettotouring.it\/radiotouring104\/","logo":{"@type":"ImageObject","inLanguage":"it-IT","@id":"https:\/\/progettotouring.it\/radiotouring104\/#\/schema\/logo\/image\/","url":"https:\/\/progettotouring.it\/radiotouring104\/wp-content\/uploads\/sites\/6\/2022\/02\/cropped-logo-radio-touring-104.png","contentUrl":"https:\/\/progettotouring.it\/radiotouring104\/wp-content\/uploads\/sites\/6\/2022\/02\/cropped-logo-radio-touring-104.png","width":377,"height":182,"caption":"Radio Touring 104"},"image":{"@id":"https:\/\/progettotouring.it\/radiotouring104\/#\/schema\/logo\/image\/"}},{"@type":"Person","@id":"https:\/\/progettotouring.it\/radiotouring104\/#\/schema\/person\/1b3eb3c07c47136bc44c785c543e635f","name":"redazione","image":{"@type":"ImageObject","inLanguage":"it-IT","@id":"https:\/\/secure.gravatar.com\/avatar\/0b31605b49f100769e8b624b3e05de1b73e1692e9568a352f60f53fd072e6e11?s=96&d=mm&r=g","url":"https:\/\/secure.gravatar.com\/avatar\/0b31605b49f100769e8b624b3e05de1b73e1692e9568a352f60f53fd072e6e11?s=96&d=mm&r=g","contentUrl":"https:\/\/secure.gravatar.com\/avatar\/0b31605b49f100769e8b624b3e05de1b73e1692e9568a352f60f53fd072e6e11?s=96&d=mm&r=g","caption":"redazione"},"url":"https:\/\/progettotouring.it\/radiotouring104\/author\/redazione\/"}]}},"jetpack_publicize_connections":[],"jetpack_featured_media_url":"https:\/\/progettotouring.it\/radiotouring104\/wp-content\/uploads\/sites\/6\/2025\/09\/Francesco-Sarica-Lega-Calabria.gif","jetpack_sharing_enabled":true,"_links":{"self":[{"href":"https:\/\/progettotouring.it\/radiotouring104\/wp-json\/wp\/v2\/posts\/82552","targetHints":{"allow":["GET"]}}],"collection":[{"href":"https:\/\/progettotouring.it\/radiotouring104\/wp-json\/wp\/v2\/posts"}],"about":[{"href":"https:\/\/progettotouring.it\/radiotouring104\/wp-json\/wp\/v2\/types\/post"}],"author":[{"embeddable":true,"href":"https:\/\/progettotouring.it\/radiotouring104\/wp-json\/wp\/v2\/users\/5"}],"replies":[{"embeddable":true,"href":"https:\/\/progettotouring.it\/radiotouring104\/wp-json\/wp\/v2\/comments?post=82552"}],"version-history":[{"count":1,"href":"https:\/\/progettotouring.it\/radiotouring104\/wp-json\/wp\/v2\/posts\/82552\/revisions"}],"predecessor-version":[{"id":82553,"href":"https:\/\/progettotouring.it\/radiotouring104\/wp-json\/wp\/v2\/posts\/82552\/revisions\/82553"}],"wp:featuredmedia":[{"embeddable":true,"href":"https:\/\/progettotouring.it\/radiotouring104\/wp-json\/wp\/v2\/media\/81295"}],"wp:attachment":[{"href":"https:\/\/progettotouring.it\/radiotouring104\/wp-json\/wp\/v2\/media?parent=82552"}],"wp:term":[{"taxonomy":"category","embeddable":true,"href":"https:\/\/progettotouring.it\/radiotouring104\/wp-json\/wp\/v2\/categories?post=82552"},{"taxonomy":"post_tag","embeddable":true,"href":"https:\/\/progettotouring.it\/radiotouring104\/wp-json\/wp\/v2\/tags?post=82552"}],"curies":[{"name":"wp","href":"https:\/\/api.w.org\/{rel}","templated":true}]}}