{"id":82561,"date":"2025-10-01T10:23:23","date_gmt":"2025-10-01T08:23:23","guid":{"rendered":"https:\/\/progettotouring.it\/radiotouring104\/?p=82561"},"modified":"2025-10-01T11:47:37","modified_gmt":"2025-10-01T09:47:37","slug":"palmi-il-liceo-cassin-di-metz-in-vista-alli-i-s-einaudi-alvaro","status":"publish","type":"post","link":"https:\/\/progettotouring.it\/radiotouring104\/2025\/10\/01\/palmi-il-liceo-cassin-di-metz-in-vista-alli-i-s-einaudi-alvaro\/","title":{"rendered":"Palmi: il Liceo &#8220;Cassin&#8221; di Metz in vista all\u2019I.I.S. \u201cEinaudi-Alvaro\u201d"},"content":{"rendered":"<p>Gemellaggio internazionale a Palmi: l\u2019I.I.S. \u201cEinaudi-Alvaro\u201d ha vissuto un significativo momento di scambio culturale con la Francia. Dal 20 al 26 settembre 2025, l&#8217;istituto ha avuto il piacere di ospitare gli alunni del Lyc\u00e9e \u201cRen\u00e9 Cassin\u201d di Metz, nell\u2019ambito di un progetto eTwinning Erasmus+. L\u2019iniziativa di gemellaggio ha coinvolto in particolare la classe 5AL EsaBac del Liceo linguistico \u201cCorrado Alvaro\u201d e la classe Terminale Bac MCVB del Liceo francese.<\/p>\n<p>Dopo lo splendido soggiorno degli alunni di Palmi a Metz, avvenuto lo scorso aprile, l\u2019\u201cEinaudi-Alvaro\u201d ha aperto le sue porte agli studenti e ai docenti di Metz, con un programma teso a promuovere uno scambio non solo scolastico, ma finalizzato a diventare palestra di amicizia, oltre che tra le due scuole, anche tra i due Paesi e i due popoli, momento straordinario di riflessione sull&#8217;importanza di educare le giovani generazioni, o piuttosto di lasciarci educare da loro al dialogo tra i popoli, tempo di buone pratiche educative sulla costruzione di un vero dialogo e sull\u2019urgenza imprescindibile della pace.<\/p>\n<p>A tal fine, in coerenza col progetto eTwinning centrato sull\u2019importanza di riconoscere, esprimere e gestire le emozioni, \u00e8 stato costruito un itinerario che ha consentito ai ragazzi una duplice esplorazione. Da un lato, un percorso interiore ed emozionale, con laboratori e giochi dedicati alla scoperta di s\u00e9 e dell&#8217;altro. Dall&#8217;altro, un&#8217;immersione fisica, culturale e professionale non solo nella vita scolastica dell&#8217;istituto palmese, ma anche nelle tradizioni, nella cultura e nel ricco territorio della provincia di Reggio Calabria, da Palmi fino allo Stretto.<\/p>\n<p>Qui di seguito i momenti pi\u00f9 significativi del progetto. Innanzitutto la calorosa accoglienza alla sede del Liceo \u201cAlvaro\u201d di luned\u00ec 22 settembre, un momento che ha sancito il ritrovarsi in terra italiana delle due classi gemellate, tra canti e omaggi agli ospiti francesi. La mattinata \u00e8 proseguita con una visita ai locali del Liceo e all&#8217;ITE, dove si sono svolte alcune attivit\u00e0 di approfondimento legate all&#8217;indirizzo aziendale AFM. L&#8217;ultima iniziativa del mattino ha riunito nuovamente le due classi per un gioco interattivo sul riconoscimento, l&#8217;espressione e la comunicazione delle emozioni pi\u00f9 profonde di ciascuno. Il pomeriggio \u00e8 stato invece dedicato alla scoperta della citt\u00e0, culminando con una visita alla Casa della Cultura, fulcro della vita culturale palmese.<\/p>\n<p>La giornata di marted\u00ec 23 settembre \u00e8 stata dedicata a un\u2019attivit\u00e0 profonda e coinvolgente: \u201cIl viaggio di Elias\u201d. In due gruppi misti italo-francesi, gli studenti hanno partecipato a un percorso di autoconsapevolezza sonora, un laboratorio condotto dal musicoterapeuta Mario Lo Cascio, che ha guidato i ragazzi in un percorso finalizzato alla scoperta e al consolidamento della consapevolezza di s\u00e9 e dell\u2019altro da s\u00e9, attraverso il lavoro con il corpo, il movimento, le percussioni, la voce, un\u2019occasione unica per costruire il dialogo e l\u2019amicizia attraverso l\u2019espressione non verbale. Contemporaneamente, nella stessa mattinata, il gruppo, in attesa del laboratorio di musicoterapia, ha partecipato a un\u2019attivit\u00e0 di cooperative learning sui monumenti e le tradizioni locali.<\/p>\n<p>Mercoled\u00ec 24 settembre \u00e8 stato il giorno di una coinvolgente escursione a Bagnara Calabra. Guidati dal giornalista e imprenditore Carmelo Tripodi, gli studenti sono stati accompagnati in un percorso in tre tappe: la visita ai terrazzamenti e alla cooperativa vinicola \u201cTerre della Costa Viola\u201d, la visita alla fabbrica di ceramiche \u201cIl Falco\u201d e infine il pranzo al panificio \u201cAntichi sapori\u201d a Pellegrina di Bagnara, dove i ragazzi hanno potuto scoprire le eccellenze enogastronomiche del territorio. Dopo un pranzo conviviale, il gruppo si \u00e8 spostato nel suggestivo borgo di Scilla.<\/p>\n<p>Gioved\u00ec 25 settembre \u00e8 stata la giornata dei saluti. In mattinata si \u00e8 svolta la visita alla sede centrale dell&#8217;\u201cEinaudi-Alvaro\u201d e all&#8217;azienda agraria della scuola, che ha coinvolto gli studenti francesi nelle sue attivit\u00e0 di produzione di miele, burro e crema per le mani, congedandoli con una degustazione dei suoi prodotti. Infine, in un&#8217;aula magna gremita di studenti, si sono tenuti i commossi saluti conclusivi, culminati nello scambio delle bandiere italiana e francese firmate dagli studenti e dai docenti delle due classi gemellate, e con la promessa di continuare la collaborazione tra le due scuole. Il gruppo si \u00e8 poi diretto a Reggio Calabria. Qui, gli studenti hanno visitato il MArRC (Museo Archeologico Nazionale di Reggio Calabria), ammirando i Bronzi di Riace, e si sono immersi nella storia della citt\u00e0 con la visita alla Cattedrale.<\/p>\n<p>Le docenti responsabili del progetto, Antonella Catanzaro (referente della commissione Erasmus), Maria Rosaria Gioffr\u00e8 (referente EsaBac) e Maria Antonietta Auddino (docente madrelingua francese), desiderano esprimere un sentito ringraziamento a tutte le parti coinvolte nella realizzazione di questa bellissima esperienza: per l&#8217;Einaudi Alvaro di Palmi, si ringraziano per il convinto supporto all\u2019iniziativa la Dirigente Scolastica dott.ssa Carmela Lucisano, il professor Riccardo Rossetti vicario del DS, la prof.ssa Ottavia Silvana Morgante, la DSGA avv. Carmela Cambareri. le responsabili di plesso del Liceo Alvaro prof.sse Enrica Scolaro e Rosamaria Stillitano, le responsabili dell\u2019ITA prof.sse Maria Falbo e Luciana Saffioti, \u00a0la Commissione Erasmus in tutte le sue componenti con le prof.sse Rossana Gentile e Stefania Griso, e gli altri docenti di classe e di Istituto, nonch\u00e9 i tecnici e i collaboratori coinvolti; per il Lyc\u00e9e Ren\u00e9 Cassin di Metz, le colleghe francesi prof.sse Na\u00efma Dekhar, Marie-Laure Henner e Ga\u00eblle Closs\u00e9. \u00c8 stata per tutti un\u2019esperienza straordinaria di dialogo interculturale ed educativo, oltrech\u00e9 di arricchimento formativo, professionale ed umano<\/p>\n","protected":false},"excerpt":{"rendered":"<p>Gemellaggio internazionale a Palmi: l\u2019I.I.S. \u201cEinaudi-Alvaro\u201d ha vissuto un significativo momento di scambio culturale con la Francia. Dal 20 al 26 settembre 2025, l&#8217;istituto ha avuto il piacere di ospitare&hellip;<\/p>\n","protected":false},"author":5,"featured_media":82562,"comment_status":"closed","ping_status":"open","sticky":false,"template":"","format":"standard","meta":{"_jetpack_memberships_contains_paid_content":false,"footnotes":"","jetpack_publicize_message":"","jetpack_publicize_feature_enabled":true,"jetpack_social_post_already_shared":true,"jetpack_social_options":{"image_generator_settings":{"template":"highway","default_image_id":0,"font":"","enabled":false},"version":2}},"categories":[921,196,140],"tags":[43922,3609,47915,47916],"class_list":["post-82561","post","type-post","status-publish","format-standard","has-post-thumbnail","hentry","category-home","category-news","category-reggio-calabria","tag-i-i-s-einaudi-alvaro-di-palmi","tag-fabio-domenico-palumbo","tag-lycee-rene-cassin","tag-progetto-etwinning-erasmus"],"yoast_head":"<!-- This site is optimized with the Yoast SEO plugin v27.2 - https:\/\/yoast.com\/product\/yoast-seo-wordpress\/ -->\n<title>Palmi: il Liceo Cassin di Metz in vista all\u2019I.I.S. \u201cEinaudi-Alvaro\u201d<\/title>\n<meta name=\"description\" content=\"Dal 20 al 26 settembre, il liceo palmese ha avuto il piacere di ospitare gli alunni del Lyc\u00e9e \u201cRen\u00e9 Cassin\u201d di Metz\" \/>\n<meta name=\"robots\" content=\"index, follow, max-snippet:-1, max-image-preview:large, max-video-preview:-1\" \/>\n<link rel=\"canonical\" href=\"https:\/\/progettotouring.it\/radiotouring104\/2025\/10\/01\/palmi-il-liceo-cassin-di-metz-in-vista-alli-i-s-einaudi-alvaro\/\" \/>\n<meta property=\"og:locale\" content=\"it_IT\" \/>\n<meta property=\"og:type\" content=\"article\" \/>\n<meta property=\"og:title\" content=\"Palmi: il Liceo Cassin di Metz in vista all\u2019I.I.S. \u201cEinaudi-Alvaro\u201d\" \/>\n<meta property=\"og:description\" content=\"Dal 20 al 26 settembre, il liceo palmese ha avuto il piacere di ospitare gli alunni del Lyc\u00e9e \u201cRen\u00e9 Cassin\u201d di Metz\" \/>\n<meta property=\"og:url\" content=\"https:\/\/progettotouring.it\/radiotouring104\/2025\/10\/01\/palmi-il-liceo-cassin-di-metz-in-vista-alli-i-s-einaudi-alvaro\/\" \/>\n<meta property=\"og:site_name\" content=\"Radio Touring 104\" \/>\n<meta property=\"article:published_time\" content=\"2025-10-01T08:23:23+00:00\" \/>\n<meta property=\"article:modified_time\" content=\"2025-10-01T09:47:37+00:00\" \/>\n<meta property=\"og:image\" content=\"https:\/\/progettotouring.it\/radiotouring104\/wp-content\/uploads\/sites\/6\/2025\/10\/Lycee-Cassin-Metz-Einaudi-Alvaro.gif\" \/>\n\t<meta property=\"og:image:width\" content=\"689\" \/>\n\t<meta property=\"og:image:height\" content=\"486\" \/>\n\t<meta property=\"og:image:type\" content=\"image\/gif\" \/>\n<meta name=\"author\" content=\"redazione\" \/>\n<meta name=\"twitter:card\" content=\"summary_large_image\" \/>\n<meta name=\"twitter:label1\" content=\"Scritto da\" \/>\n\t<meta name=\"twitter:data1\" content=\"redazione\" \/>\n\t<meta name=\"twitter:label2\" content=\"Tempo di lettura stimato\" \/>\n\t<meta name=\"twitter:data2\" content=\"4 minuti\" \/>\n<script type=\"application\/ld+json\" class=\"yoast-schema-graph\">{\"@context\":\"https:\/\/schema.org\",\"@graph\":[{\"@type\":\"Article\",\"@id\":\"https:\/\/progettotouring.it\/radiotouring104\/2025\/10\/01\/palmi-il-liceo-cassin-di-metz-in-vista-alli-i-s-einaudi-alvaro\/#article\",\"isPartOf\":{\"@id\":\"https:\/\/progettotouring.it\/radiotouring104\/2025\/10\/01\/palmi-il-liceo-cassin-di-metz-in-vista-alli-i-s-einaudi-alvaro\/\"},\"author\":{\"name\":\"redazione\",\"@id\":\"https:\/\/progettotouring.it\/radiotouring104\/#\/schema\/person\/1b3eb3c07c47136bc44c785c543e635f\"},\"headline\":\"Palmi: il Liceo &#8220;Cassin&#8221; di Metz in vista all\u2019I.I.S. \u201cEinaudi-Alvaro\u201d\",\"datePublished\":\"2025-10-01T08:23:23+00:00\",\"dateModified\":\"2025-10-01T09:47:37+00:00\",\"mainEntityOfPage\":{\"@id\":\"https:\/\/progettotouring.it\/radiotouring104\/2025\/10\/01\/palmi-il-liceo-cassin-di-metz-in-vista-alli-i-s-einaudi-alvaro\/\"},\"wordCount\":890,\"publisher\":{\"@id\":\"https:\/\/progettotouring.it\/radiotouring104\/#organization\"},\"image\":{\"@id\":\"https:\/\/progettotouring.it\/radiotouring104\/2025\/10\/01\/palmi-il-liceo-cassin-di-metz-in-vista-alli-i-s-einaudi-alvaro\/#primaryimage\"},\"thumbnailUrl\":\"https:\/\/progettotouring.it\/radiotouring104\/wp-content\/uploads\/sites\/6\/2025\/10\/Lycee-Cassin-Metz-Einaudi-Alvaro.gif\",\"keywords\":[\"\u2019I.I.S. \u201cEinaudi- Alvaro\u201d di Palmi\",\"Fabio Domenico Palumbo\",\"Lyc\u00e9e \u201cRen\u00e9 Cassin\u201d\",\"progetto eTwinning Erasmus+.\"],\"articleSection\":[\"Home\",\"News\",\"Reggio Calabria\"],\"inLanguage\":\"it-IT\"},{\"@type\":\"WebPage\",\"@id\":\"https:\/\/progettotouring.it\/radiotouring104\/2025\/10\/01\/palmi-il-liceo-cassin-di-metz-in-vista-alli-i-s-einaudi-alvaro\/\",\"url\":\"https:\/\/progettotouring.it\/radiotouring104\/2025\/10\/01\/palmi-il-liceo-cassin-di-metz-in-vista-alli-i-s-einaudi-alvaro\/\",\"name\":\"Palmi: il Liceo Cassin di Metz in vista all\u2019I.I.S. \u201cEinaudi-Alvaro\u201d\",\"isPartOf\":{\"@id\":\"https:\/\/progettotouring.it\/radiotouring104\/#website\"},\"primaryImageOfPage\":{\"@id\":\"https:\/\/progettotouring.it\/radiotouring104\/2025\/10\/01\/palmi-il-liceo-cassin-di-metz-in-vista-alli-i-s-einaudi-alvaro\/#primaryimage\"},\"image\":{\"@id\":\"https:\/\/progettotouring.it\/radiotouring104\/2025\/10\/01\/palmi-il-liceo-cassin-di-metz-in-vista-alli-i-s-einaudi-alvaro\/#primaryimage\"},\"thumbnailUrl\":\"https:\/\/progettotouring.it\/radiotouring104\/wp-content\/uploads\/sites\/6\/2025\/10\/Lycee-Cassin-Metz-Einaudi-Alvaro.gif\",\"datePublished\":\"2025-10-01T08:23:23+00:00\",\"dateModified\":\"2025-10-01T09:47:37+00:00\",\"description\":\"Dal 20 al 26 settembre, il liceo palmese ha avuto il piacere di ospitare gli alunni del Lyc\u00e9e \u201cRen\u00e9 Cassin\u201d di Metz\",\"breadcrumb\":{\"@id\":\"https:\/\/progettotouring.it\/radiotouring104\/2025\/10\/01\/palmi-il-liceo-cassin-di-metz-in-vista-alli-i-s-einaudi-alvaro\/#breadcrumb\"},\"inLanguage\":\"it-IT\",\"potentialAction\":[{\"@type\":\"ReadAction\",\"target\":[\"https:\/\/progettotouring.it\/radiotouring104\/2025\/10\/01\/palmi-il-liceo-cassin-di-metz-in-vista-alli-i-s-einaudi-alvaro\/\"]}]},{\"@type\":\"ImageObject\",\"inLanguage\":\"it-IT\",\"@id\":\"https:\/\/progettotouring.it\/radiotouring104\/2025\/10\/01\/palmi-il-liceo-cassin-di-metz-in-vista-alli-i-s-einaudi-alvaro\/#primaryimage\",\"url\":\"https:\/\/progettotouring.it\/radiotouring104\/wp-content\/uploads\/sites\/6\/2025\/10\/Lycee-Cassin-Metz-Einaudi-Alvaro.gif\",\"contentUrl\":\"https:\/\/progettotouring.it\/radiotouring104\/wp-content\/uploads\/sites\/6\/2025\/10\/Lycee-Cassin-Metz-Einaudi-Alvaro.gif\",\"width\":689,\"height\":486},{\"@type\":\"BreadcrumbList\",\"@id\":\"https:\/\/progettotouring.it\/radiotouring104\/2025\/10\/01\/palmi-il-liceo-cassin-di-metz-in-vista-alli-i-s-einaudi-alvaro\/#breadcrumb\",\"itemListElement\":[{\"@type\":\"ListItem\",\"position\":1,\"name\":\"Home\",\"item\":\"https:\/\/progettotouring.it\/radiotouring104\/\"},{\"@type\":\"ListItem\",\"position\":2,\"name\":\"Palmi: il Liceo &#8220;Cassin&#8221; di Metz in vista all\u2019I.I.S. \u201cEinaudi-Alvaro\u201d\"}]},{\"@type\":\"WebSite\",\"@id\":\"https:\/\/progettotouring.it\/radiotouring104\/#website\",\"url\":\"https:\/\/progettotouring.it\/radiotouring104\/\",\"name\":\"Radio Touring 104\",\"description\":\"La prima radio Reggina\",\"publisher\":{\"@id\":\"https:\/\/progettotouring.it\/radiotouring104\/#organization\"},\"potentialAction\":[{\"@type\":\"SearchAction\",\"target\":{\"@type\":\"EntryPoint\",\"urlTemplate\":\"https:\/\/progettotouring.it\/radiotouring104\/?s={search_term_string}\"},\"query-input\":{\"@type\":\"PropertyValueSpecification\",\"valueRequired\":true,\"valueName\":\"search_term_string\"}}],\"inLanguage\":\"it-IT\"},{\"@type\":\"Organization\",\"@id\":\"https:\/\/progettotouring.it\/radiotouring104\/#organization\",\"name\":\"Radio Touring 104\",\"url\":\"https:\/\/progettotouring.it\/radiotouring104\/\",\"logo\":{\"@type\":\"ImageObject\",\"inLanguage\":\"it-IT\",\"@id\":\"https:\/\/progettotouring.it\/radiotouring104\/#\/schema\/logo\/image\/\",\"url\":\"https:\/\/progettotouring.it\/radiotouring104\/wp-content\/uploads\/sites\/6\/2022\/02\/cropped-logo-radio-touring-104.png\",\"contentUrl\":\"https:\/\/progettotouring.it\/radiotouring104\/wp-content\/uploads\/sites\/6\/2022\/02\/cropped-logo-radio-touring-104.png\",\"width\":377,\"height\":182,\"caption\":\"Radio Touring 104\"},\"image\":{\"@id\":\"https:\/\/progettotouring.it\/radiotouring104\/#\/schema\/logo\/image\/\"}},{\"@type\":\"Person\",\"@id\":\"https:\/\/progettotouring.it\/radiotouring104\/#\/schema\/person\/1b3eb3c07c47136bc44c785c543e635f\",\"name\":\"redazione\",\"image\":{\"@type\":\"ImageObject\",\"inLanguage\":\"it-IT\",\"@id\":\"https:\/\/secure.gravatar.com\/avatar\/0b31605b49f100769e8b624b3e05de1b73e1692e9568a352f60f53fd072e6e11?s=96&d=mm&r=g\",\"url\":\"https:\/\/secure.gravatar.com\/avatar\/0b31605b49f100769e8b624b3e05de1b73e1692e9568a352f60f53fd072e6e11?s=96&d=mm&r=g\",\"contentUrl\":\"https:\/\/secure.gravatar.com\/avatar\/0b31605b49f100769e8b624b3e05de1b73e1692e9568a352f60f53fd072e6e11?s=96&d=mm&r=g\",\"caption\":\"redazione\"},\"url\":\"https:\/\/progettotouring.it\/radiotouring104\/author\/redazione\/\"}]}<\/script>\n<!-- \/ Yoast SEO plugin. -->","yoast_head_json":{"title":"Palmi: il Liceo Cassin di Metz in vista all\u2019I.I.S. \u201cEinaudi-Alvaro\u201d","description":"Dal 20 al 26 settembre, il liceo palmese ha avuto il piacere di ospitare gli alunni del Lyc\u00e9e \u201cRen\u00e9 Cassin\u201d di Metz","robots":{"index":"index","follow":"follow","max-snippet":"max-snippet:-1","max-image-preview":"max-image-preview:large","max-video-preview":"max-video-preview:-1"},"canonical":"https:\/\/progettotouring.it\/radiotouring104\/2025\/10\/01\/palmi-il-liceo-cassin-di-metz-in-vista-alli-i-s-einaudi-alvaro\/","og_locale":"it_IT","og_type":"article","og_title":"Palmi: il Liceo Cassin di Metz in vista all\u2019I.I.S. \u201cEinaudi-Alvaro\u201d","og_description":"Dal 20 al 26 settembre, il liceo palmese ha avuto il piacere di ospitare gli alunni del Lyc\u00e9e \u201cRen\u00e9 Cassin\u201d di Metz","og_url":"https:\/\/progettotouring.it\/radiotouring104\/2025\/10\/01\/palmi-il-liceo-cassin-di-metz-in-vista-alli-i-s-einaudi-alvaro\/","og_site_name":"Radio Touring 104","article_published_time":"2025-10-01T08:23:23+00:00","article_modified_time":"2025-10-01T09:47:37+00:00","og_image":[{"width":689,"height":486,"url":"https:\/\/progettotouring.it\/radiotouring104\/wp-content\/uploads\/sites\/6\/2025\/10\/Lycee-Cassin-Metz-Einaudi-Alvaro.gif","type":"image\/gif"}],"author":"redazione","twitter_card":"summary_large_image","twitter_misc":{"Scritto da":"redazione","Tempo di lettura stimato":"4 minuti"},"schema":{"@context":"https:\/\/schema.org","@graph":[{"@type":"Article","@id":"https:\/\/progettotouring.it\/radiotouring104\/2025\/10\/01\/palmi-il-liceo-cassin-di-metz-in-vista-alli-i-s-einaudi-alvaro\/#article","isPartOf":{"@id":"https:\/\/progettotouring.it\/radiotouring104\/2025\/10\/01\/palmi-il-liceo-cassin-di-metz-in-vista-alli-i-s-einaudi-alvaro\/"},"author":{"name":"redazione","@id":"https:\/\/progettotouring.it\/radiotouring104\/#\/schema\/person\/1b3eb3c07c47136bc44c785c543e635f"},"headline":"Palmi: il Liceo &#8220;Cassin&#8221; di Metz in vista all\u2019I.I.S. \u201cEinaudi-Alvaro\u201d","datePublished":"2025-10-01T08:23:23+00:00","dateModified":"2025-10-01T09:47:37+00:00","mainEntityOfPage":{"@id":"https:\/\/progettotouring.it\/radiotouring104\/2025\/10\/01\/palmi-il-liceo-cassin-di-metz-in-vista-alli-i-s-einaudi-alvaro\/"},"wordCount":890,"publisher":{"@id":"https:\/\/progettotouring.it\/radiotouring104\/#organization"},"image":{"@id":"https:\/\/progettotouring.it\/radiotouring104\/2025\/10\/01\/palmi-il-liceo-cassin-di-metz-in-vista-alli-i-s-einaudi-alvaro\/#primaryimage"},"thumbnailUrl":"https:\/\/progettotouring.it\/radiotouring104\/wp-content\/uploads\/sites\/6\/2025\/10\/Lycee-Cassin-Metz-Einaudi-Alvaro.gif","keywords":["\u2019I.I.S. \u201cEinaudi- Alvaro\u201d di Palmi","Fabio Domenico Palumbo","Lyc\u00e9e \u201cRen\u00e9 Cassin\u201d","progetto eTwinning Erasmus+."],"articleSection":["Home","News","Reggio Calabria"],"inLanguage":"it-IT"},{"@type":"WebPage","@id":"https:\/\/progettotouring.it\/radiotouring104\/2025\/10\/01\/palmi-il-liceo-cassin-di-metz-in-vista-alli-i-s-einaudi-alvaro\/","url":"https:\/\/progettotouring.it\/radiotouring104\/2025\/10\/01\/palmi-il-liceo-cassin-di-metz-in-vista-alli-i-s-einaudi-alvaro\/","name":"Palmi: il Liceo Cassin di Metz in vista all\u2019I.I.S. \u201cEinaudi-Alvaro\u201d","isPartOf":{"@id":"https:\/\/progettotouring.it\/radiotouring104\/#website"},"primaryImageOfPage":{"@id":"https:\/\/progettotouring.it\/radiotouring104\/2025\/10\/01\/palmi-il-liceo-cassin-di-metz-in-vista-alli-i-s-einaudi-alvaro\/#primaryimage"},"image":{"@id":"https:\/\/progettotouring.it\/radiotouring104\/2025\/10\/01\/palmi-il-liceo-cassin-di-metz-in-vista-alli-i-s-einaudi-alvaro\/#primaryimage"},"thumbnailUrl":"https:\/\/progettotouring.it\/radiotouring104\/wp-content\/uploads\/sites\/6\/2025\/10\/Lycee-Cassin-Metz-Einaudi-Alvaro.gif","datePublished":"2025-10-01T08:23:23+00:00","dateModified":"2025-10-01T09:47:37+00:00","description":"Dal 20 al 26 settembre, il liceo palmese ha avuto il piacere di ospitare gli alunni del Lyc\u00e9e \u201cRen\u00e9 Cassin\u201d di Metz","breadcrumb":{"@id":"https:\/\/progettotouring.it\/radiotouring104\/2025\/10\/01\/palmi-il-liceo-cassin-di-metz-in-vista-alli-i-s-einaudi-alvaro\/#breadcrumb"},"inLanguage":"it-IT","potentialAction":[{"@type":"ReadAction","target":["https:\/\/progettotouring.it\/radiotouring104\/2025\/10\/01\/palmi-il-liceo-cassin-di-metz-in-vista-alli-i-s-einaudi-alvaro\/"]}]},{"@type":"ImageObject","inLanguage":"it-IT","@id":"https:\/\/progettotouring.it\/radiotouring104\/2025\/10\/01\/palmi-il-liceo-cassin-di-metz-in-vista-alli-i-s-einaudi-alvaro\/#primaryimage","url":"https:\/\/progettotouring.it\/radiotouring104\/wp-content\/uploads\/sites\/6\/2025\/10\/Lycee-Cassin-Metz-Einaudi-Alvaro.gif","contentUrl":"https:\/\/progettotouring.it\/radiotouring104\/wp-content\/uploads\/sites\/6\/2025\/10\/Lycee-Cassin-Metz-Einaudi-Alvaro.gif","width":689,"height":486},{"@type":"BreadcrumbList","@id":"https:\/\/progettotouring.it\/radiotouring104\/2025\/10\/01\/palmi-il-liceo-cassin-di-metz-in-vista-alli-i-s-einaudi-alvaro\/#breadcrumb","itemListElement":[{"@type":"ListItem","position":1,"name":"Home","item":"https:\/\/progettotouring.it\/radiotouring104\/"},{"@type":"ListItem","position":2,"name":"Palmi: il Liceo &#8220;Cassin&#8221; di Metz in vista all\u2019I.I.S. \u201cEinaudi-Alvaro\u201d"}]},{"@type":"WebSite","@id":"https:\/\/progettotouring.it\/radiotouring104\/#website","url":"https:\/\/progettotouring.it\/radiotouring104\/","name":"Radio Touring 104","description":"La prima radio Reggina","publisher":{"@id":"https:\/\/progettotouring.it\/radiotouring104\/#organization"},"potentialAction":[{"@type":"SearchAction","target":{"@type":"EntryPoint","urlTemplate":"https:\/\/progettotouring.it\/radiotouring104\/?s={search_term_string}"},"query-input":{"@type":"PropertyValueSpecification","valueRequired":true,"valueName":"search_term_string"}}],"inLanguage":"it-IT"},{"@type":"Organization","@id":"https:\/\/progettotouring.it\/radiotouring104\/#organization","name":"Radio Touring 104","url":"https:\/\/progettotouring.it\/radiotouring104\/","logo":{"@type":"ImageObject","inLanguage":"it-IT","@id":"https:\/\/progettotouring.it\/radiotouring104\/#\/schema\/logo\/image\/","url":"https:\/\/progettotouring.it\/radiotouring104\/wp-content\/uploads\/sites\/6\/2022\/02\/cropped-logo-radio-touring-104.png","contentUrl":"https:\/\/progettotouring.it\/radiotouring104\/wp-content\/uploads\/sites\/6\/2022\/02\/cropped-logo-radio-touring-104.png","width":377,"height":182,"caption":"Radio Touring 104"},"image":{"@id":"https:\/\/progettotouring.it\/radiotouring104\/#\/schema\/logo\/image\/"}},{"@type":"Person","@id":"https:\/\/progettotouring.it\/radiotouring104\/#\/schema\/person\/1b3eb3c07c47136bc44c785c543e635f","name":"redazione","image":{"@type":"ImageObject","inLanguage":"it-IT","@id":"https:\/\/secure.gravatar.com\/avatar\/0b31605b49f100769e8b624b3e05de1b73e1692e9568a352f60f53fd072e6e11?s=96&d=mm&r=g","url":"https:\/\/secure.gravatar.com\/avatar\/0b31605b49f100769e8b624b3e05de1b73e1692e9568a352f60f53fd072e6e11?s=96&d=mm&r=g","contentUrl":"https:\/\/secure.gravatar.com\/avatar\/0b31605b49f100769e8b624b3e05de1b73e1692e9568a352f60f53fd072e6e11?s=96&d=mm&r=g","caption":"redazione"},"url":"https:\/\/progettotouring.it\/radiotouring104\/author\/redazione\/"}]}},"jetpack_publicize_connections":[],"jetpack_featured_media_url":"https:\/\/progettotouring.it\/radiotouring104\/wp-content\/uploads\/sites\/6\/2025\/10\/Lycee-Cassin-Metz-Einaudi-Alvaro.gif","jetpack_sharing_enabled":true,"_links":{"self":[{"href":"https:\/\/progettotouring.it\/radiotouring104\/wp-json\/wp\/v2\/posts\/82561","targetHints":{"allow":["GET"]}}],"collection":[{"href":"https:\/\/progettotouring.it\/radiotouring104\/wp-json\/wp\/v2\/posts"}],"about":[{"href":"https:\/\/progettotouring.it\/radiotouring104\/wp-json\/wp\/v2\/types\/post"}],"author":[{"embeddable":true,"href":"https:\/\/progettotouring.it\/radiotouring104\/wp-json\/wp\/v2\/users\/5"}],"replies":[{"embeddable":true,"href":"https:\/\/progettotouring.it\/radiotouring104\/wp-json\/wp\/v2\/comments?post=82561"}],"version-history":[{"count":1,"href":"https:\/\/progettotouring.it\/radiotouring104\/wp-json\/wp\/v2\/posts\/82561\/revisions"}],"predecessor-version":[{"id":82563,"href":"https:\/\/progettotouring.it\/radiotouring104\/wp-json\/wp\/v2\/posts\/82561\/revisions\/82563"}],"wp:featuredmedia":[{"embeddable":true,"href":"https:\/\/progettotouring.it\/radiotouring104\/wp-json\/wp\/v2\/media\/82562"}],"wp:attachment":[{"href":"https:\/\/progettotouring.it\/radiotouring104\/wp-json\/wp\/v2\/media?parent=82561"}],"wp:term":[{"taxonomy":"category","embeddable":true,"href":"https:\/\/progettotouring.it\/radiotouring104\/wp-json\/wp\/v2\/categories?post=82561"},{"taxonomy":"post_tag","embeddable":true,"href":"https:\/\/progettotouring.it\/radiotouring104\/wp-json\/wp\/v2\/tags?post=82561"}],"curies":[{"name":"wp","href":"https:\/\/api.w.org\/{rel}","templated":true}]}}