{"id":82567,"date":"2025-10-01T10:48:05","date_gmt":"2025-10-01T08:48:05","guid":{"rendered":"https:\/\/progettotouring.it\/radiotouring104\/?p=82567"},"modified":"2025-10-01T11:37:54","modified_gmt":"2025-10-01T09:37:54","slug":"volley-asia-vita-convocata-al-club-italia-sud-della-fipav","status":"publish","type":"post","link":"https:\/\/progettotouring.it\/radiotouring104\/2025\/10\/01\/volley-asia-vita-convocata-al-club-italia-sud-della-fipav\/","title":{"rendered":"Volley: \u00c1sia Vita convocata al club Italia Sud della Fipav"},"content":{"rendered":"<p>Asia Vita, classe 2011, che quest\u2019anno giocher\u00e0 il campionato di serie D con la maglia della Del Core Volley Academy di Reggio Calabria, societ\u00e0 in cui \u00e8 cresciuta, convocata al Club Italia del Sud.<\/p>\n<p>Un esordio che si accompagna alla conferma per Victoria Oksyuk, classe 2009, gi\u00e0 da 3 anni convocata all\u2019interno del circuito nazionale e che quest\u2019anno si appresta a giocare la sua seconda stagione con la Lory Pizzo in serie C, disputando i campionati di Categoria con la societ\u00e0 d\u2019origine, la Del Core Volley academy.<\/p>\n<p>Le due atlete reggine parteciperanno mercoled\u00ec 1 ottobre alla sessione di allenamento con il direttore tecnico delle Nazionali giovanili Marco Mencarelli a Vibo nell\u2019ambito del Club Italia del Sud, il progetto pluriennale del settore femminile delle Squadre Nazionali avviato dalla Federazione Italiana Pallavolo per una riqualificazione delle regioni di Campania, Basilicata, Puglia, Molise, Calabria e Sicilia.<\/p>\n<p>Dunque, un\u2019altra grande soddisfazione\u00a0 per la De Core Volley Academy di Reggio Calabria.<\/p>\n<p>\u00abLa societ\u00e0 &#8211; commenta il presidente della Del Core Volley Academy, Francesco Surace &#8211; \u00e8 orgogliosa di essere l\u2019unica in Calabria con due atlete convocate. Il cammino intrapreso \u00e8 stato, dunque, quello giusto. In soli 8 anni la societ\u00e0 \u00e8 molto cresciuta, non solo nel numero di giovani atlete ma anche nei risultati conquistati sul campo. Quest\u2019anno si appresta a giocare il primo campionato di Serie, sempre nell\u2019ottica di creare le condizioni in cui le giovani atlete possano giocare e crescere\u00bb.<\/p>\n<p>Una gi\u00e0 grande passione per la giovanissima Asia Vita che si prepara con entusiasmo a vivere questa nuova esperienza.<\/p>\n<p>\u00abQuando mi \u00e8 stata comunicata la convocazione non riuscivo a credere di essere stata scelta e di avere questa grande opportunit\u00e0. Sono molto emozionata &#8211; racconta Asia Vita, giovane centrale, alta 1 metro e 72 cm &#8211; e non vedo l\u2019ora che arrivi mercoled\u00ec. Sono anche tanto contenta di rappresentare la societ\u00e0 dove sto crescendo come atleta.\u00a0 Sono pronta a dare il meglio, giocando e misurandomi con questa nuova esperienza. Gioco a pallavolo da quando avevo sei anni. Oggi ne ho 14 anni e frequento il liceo scientifico Alessandro Volta di Reggio Calabria. Non so ancora cosa far\u00f2 da grande &#8211; racconta Asia Vita &#8211;\u00a0 ma ho un sogno: continuare a giocare a pallavolo\u00bb.<\/p>\n","protected":false},"excerpt":{"rendered":"<p>Asia Vita, classe 2011, che quest\u2019anno giocher\u00e0 il campionato di serie D con la maglia della Del Core Volley Academy di Reggio Calabria, societ\u00e0 in cui \u00e8 cresciuta, convocata al&hellip;<\/p>\n","protected":false},"author":5,"featured_media":82572,"comment_status":"closed","ping_status":"open","sticky":false,"template":"","format":"standard","meta":{"_jetpack_memberships_contains_paid_content":false,"footnotes":"","jetpack_publicize_message":"","jetpack_publicize_feature_enabled":true,"jetpack_social_post_already_shared":true,"jetpack_social_options":{"image_generator_settings":{"template":"highway","default_image_id":0,"font":"","enabled":false},"version":2}},"categories":[196,140,144],"tags":[47922,26877,46533,47924,792,19555,47923],"class_list":["post-82567","post","type-post","status-publish","format-standard","has-post-thumbnail","hentry","category-news","category-reggio-calabria","category-sport","tag-asia-vita","tag-club-italia-sud","tag-convocazione","tag-del-core-volley-academy","tag-fipav","tag-francesco-surace","tag-la-societa-e-orgogliosa"],"yoast_head":"<!-- This site is optimized with the Yoast SEO plugin v27.2 - https:\/\/yoast.com\/product\/yoast-seo-wordpress\/ -->\n<title>Volley: \u00c1sia Vita convocata al club Italia Sud della Fipav<\/title>\n<meta name=\"description\" content=\"\u00abLa societ\u00e0 \u00e8 orgogliosa\u00bb, dichiara Francesco Surace, Presidente dell&#039; Del Core Volley Academy, societ\u00e0 in cui milita l&#039;atleta\" \/>\n<meta name=\"robots\" content=\"index, follow, max-snippet:-1, max-image-preview:large, max-video-preview:-1\" \/>\n<link rel=\"canonical\" href=\"https:\/\/progettotouring.it\/radiotouring104\/2025\/10\/01\/volley-asia-vita-convocata-al-club-italia-sud-della-fipav\/\" \/>\n<meta property=\"og:locale\" content=\"it_IT\" \/>\n<meta property=\"og:type\" content=\"article\" \/>\n<meta property=\"og:title\" content=\"Volley: \u00c1sia Vita convocata al club Italia Sud della Fipav\" \/>\n<meta property=\"og:description\" content=\"\u00abLa societ\u00e0 \u00e8 orgogliosa\u00bb, dichiara Francesco Surace, Presidente dell&#039; Del Core Volley Academy, societ\u00e0 in cui milita l&#039;atleta\" \/>\n<meta property=\"og:url\" content=\"https:\/\/progettotouring.it\/radiotouring104\/2025\/10\/01\/volley-asia-vita-convocata-al-club-italia-sud-della-fipav\/\" \/>\n<meta property=\"og:site_name\" content=\"Radio Touring 104\" \/>\n<meta property=\"article:published_time\" content=\"2025-10-01T08:48:05+00:00\" \/>\n<meta property=\"article:modified_time\" content=\"2025-10-01T09:37:54+00:00\" \/>\n<meta property=\"og:image\" content=\"https:\/\/progettotouring.it\/radiotouring104\/wp-content\/uploads\/sites\/6\/2025\/10\/Asia-Vita-Volley-2.jpeg\" \/>\n\t<meta property=\"og:image:width\" content=\"331\" \/>\n\t<meta property=\"og:image:height\" content=\"292\" \/>\n\t<meta property=\"og:image:type\" content=\"image\/jpeg\" \/>\n<meta name=\"author\" content=\"redazione\" \/>\n<meta name=\"twitter:card\" content=\"summary_large_image\" \/>\n<meta name=\"twitter:label1\" content=\"Scritto da\" \/>\n\t<meta name=\"twitter:data1\" content=\"redazione\" \/>\n\t<meta name=\"twitter:label2\" content=\"Tempo di lettura stimato\" \/>\n\t<meta name=\"twitter:data2\" content=\"2 minuti\" \/>\n<script type=\"application\/ld+json\" class=\"yoast-schema-graph\">{\"@context\":\"https:\/\/schema.org\",\"@graph\":[{\"@type\":\"Article\",\"@id\":\"https:\/\/progettotouring.it\/radiotouring104\/2025\/10\/01\/volley-asia-vita-convocata-al-club-italia-sud-della-fipav\/#article\",\"isPartOf\":{\"@id\":\"https:\/\/progettotouring.it\/radiotouring104\/2025\/10\/01\/volley-asia-vita-convocata-al-club-italia-sud-della-fipav\/\"},\"author\":{\"name\":\"redazione\",\"@id\":\"https:\/\/progettotouring.it\/radiotouring104\/#\/schema\/person\/1b3eb3c07c47136bc44c785c543e635f\"},\"headline\":\"Volley: \u00c1sia Vita convocata al club Italia Sud della Fipav\",\"datePublished\":\"2025-10-01T08:48:05+00:00\",\"dateModified\":\"2025-10-01T09:37:54+00:00\",\"mainEntityOfPage\":{\"@id\":\"https:\/\/progettotouring.it\/radiotouring104\/2025\/10\/01\/volley-asia-vita-convocata-al-club-italia-sud-della-fipav\/\"},\"wordCount\":377,\"publisher\":{\"@id\":\"https:\/\/progettotouring.it\/radiotouring104\/#organization\"},\"image\":{\"@id\":\"https:\/\/progettotouring.it\/radiotouring104\/2025\/10\/01\/volley-asia-vita-convocata-al-club-italia-sud-della-fipav\/#primaryimage\"},\"thumbnailUrl\":\"https:\/\/progettotouring.it\/radiotouring104\/wp-content\/uploads\/sites\/6\/2025\/10\/Asia-Vita-Volley-2.jpeg\",\"keywords\":[\"Asia Vita\",\"club Italia Sud\",\"convocazione\",\"Del Core Volley Academy\",\"Fipav\",\"Francesco Surace.\",\"La societ\u00e0 \u00e8 orgogliosa\"],\"articleSection\":[\"News\",\"Reggio Calabria\",\"Sport\"],\"inLanguage\":\"it-IT\"},{\"@type\":\"WebPage\",\"@id\":\"https:\/\/progettotouring.it\/radiotouring104\/2025\/10\/01\/volley-asia-vita-convocata-al-club-italia-sud-della-fipav\/\",\"url\":\"https:\/\/progettotouring.it\/radiotouring104\/2025\/10\/01\/volley-asia-vita-convocata-al-club-italia-sud-della-fipav\/\",\"name\":\"Volley: \u00c1sia Vita convocata al club Italia Sud della Fipav\",\"isPartOf\":{\"@id\":\"https:\/\/progettotouring.it\/radiotouring104\/#website\"},\"primaryImageOfPage\":{\"@id\":\"https:\/\/progettotouring.it\/radiotouring104\/2025\/10\/01\/volley-asia-vita-convocata-al-club-italia-sud-della-fipav\/#primaryimage\"},\"image\":{\"@id\":\"https:\/\/progettotouring.it\/radiotouring104\/2025\/10\/01\/volley-asia-vita-convocata-al-club-italia-sud-della-fipav\/#primaryimage\"},\"thumbnailUrl\":\"https:\/\/progettotouring.it\/radiotouring104\/wp-content\/uploads\/sites\/6\/2025\/10\/Asia-Vita-Volley-2.jpeg\",\"datePublished\":\"2025-10-01T08:48:05+00:00\",\"dateModified\":\"2025-10-01T09:37:54+00:00\",\"description\":\"\u00abLa societ\u00e0 \u00e8 orgogliosa\u00bb, dichiara Francesco Surace, Presidente dell' Del Core Volley Academy, societ\u00e0 in cui milita l'atleta\",\"breadcrumb\":{\"@id\":\"https:\/\/progettotouring.it\/radiotouring104\/2025\/10\/01\/volley-asia-vita-convocata-al-club-italia-sud-della-fipav\/#breadcrumb\"},\"inLanguage\":\"it-IT\",\"potentialAction\":[{\"@type\":\"ReadAction\",\"target\":[\"https:\/\/progettotouring.it\/radiotouring104\/2025\/10\/01\/volley-asia-vita-convocata-al-club-italia-sud-della-fipav\/\"]}]},{\"@type\":\"ImageObject\",\"inLanguage\":\"it-IT\",\"@id\":\"https:\/\/progettotouring.it\/radiotouring104\/2025\/10\/01\/volley-asia-vita-convocata-al-club-italia-sud-della-fipav\/#primaryimage\",\"url\":\"https:\/\/progettotouring.it\/radiotouring104\/wp-content\/uploads\/sites\/6\/2025\/10\/Asia-Vita-Volley-2.jpeg\",\"contentUrl\":\"https:\/\/progettotouring.it\/radiotouring104\/wp-content\/uploads\/sites\/6\/2025\/10\/Asia-Vita-Volley-2.jpeg\",\"width\":331,\"height\":292},{\"@type\":\"BreadcrumbList\",\"@id\":\"https:\/\/progettotouring.it\/radiotouring104\/2025\/10\/01\/volley-asia-vita-convocata-al-club-italia-sud-della-fipav\/#breadcrumb\",\"itemListElement\":[{\"@type\":\"ListItem\",\"position\":1,\"name\":\"Home\",\"item\":\"https:\/\/progettotouring.it\/radiotouring104\/\"},{\"@type\":\"ListItem\",\"position\":2,\"name\":\"Volley: \u00c1sia Vita convocata al club Italia Sud della Fipav\"}]},{\"@type\":\"WebSite\",\"@id\":\"https:\/\/progettotouring.it\/radiotouring104\/#website\",\"url\":\"https:\/\/progettotouring.it\/radiotouring104\/\",\"name\":\"Radio Touring 104\",\"description\":\"La prima radio Reggina\",\"publisher\":{\"@id\":\"https:\/\/progettotouring.it\/radiotouring104\/#organization\"},\"potentialAction\":[{\"@type\":\"SearchAction\",\"target\":{\"@type\":\"EntryPoint\",\"urlTemplate\":\"https:\/\/progettotouring.it\/radiotouring104\/?s={search_term_string}\"},\"query-input\":{\"@type\":\"PropertyValueSpecification\",\"valueRequired\":true,\"valueName\":\"search_term_string\"}}],\"inLanguage\":\"it-IT\"},{\"@type\":\"Organization\",\"@id\":\"https:\/\/progettotouring.it\/radiotouring104\/#organization\",\"name\":\"Radio Touring 104\",\"url\":\"https:\/\/progettotouring.it\/radiotouring104\/\",\"logo\":{\"@type\":\"ImageObject\",\"inLanguage\":\"it-IT\",\"@id\":\"https:\/\/progettotouring.it\/radiotouring104\/#\/schema\/logo\/image\/\",\"url\":\"https:\/\/progettotouring.it\/radiotouring104\/wp-content\/uploads\/sites\/6\/2022\/02\/cropped-logo-radio-touring-104.png\",\"contentUrl\":\"https:\/\/progettotouring.it\/radiotouring104\/wp-content\/uploads\/sites\/6\/2022\/02\/cropped-logo-radio-touring-104.png\",\"width\":377,\"height\":182,\"caption\":\"Radio Touring 104\"},\"image\":{\"@id\":\"https:\/\/progettotouring.it\/radiotouring104\/#\/schema\/logo\/image\/\"}},{\"@type\":\"Person\",\"@id\":\"https:\/\/progettotouring.it\/radiotouring104\/#\/schema\/person\/1b3eb3c07c47136bc44c785c543e635f\",\"name\":\"redazione\",\"image\":{\"@type\":\"ImageObject\",\"inLanguage\":\"it-IT\",\"@id\":\"https:\/\/secure.gravatar.com\/avatar\/0b31605b49f100769e8b624b3e05de1b73e1692e9568a352f60f53fd072e6e11?s=96&d=mm&r=g\",\"url\":\"https:\/\/secure.gravatar.com\/avatar\/0b31605b49f100769e8b624b3e05de1b73e1692e9568a352f60f53fd072e6e11?s=96&d=mm&r=g\",\"contentUrl\":\"https:\/\/secure.gravatar.com\/avatar\/0b31605b49f100769e8b624b3e05de1b73e1692e9568a352f60f53fd072e6e11?s=96&d=mm&r=g\",\"caption\":\"redazione\"},\"url\":\"https:\/\/progettotouring.it\/radiotouring104\/author\/redazione\/\"}]}<\/script>\n<!-- \/ Yoast SEO plugin. -->","yoast_head_json":{"title":"Volley: \u00c1sia Vita convocata al club Italia Sud della Fipav","description":"\u00abLa societ\u00e0 \u00e8 orgogliosa\u00bb, dichiara Francesco Surace, Presidente dell' Del Core Volley Academy, societ\u00e0 in cui milita l'atleta","robots":{"index":"index","follow":"follow","max-snippet":"max-snippet:-1","max-image-preview":"max-image-preview:large","max-video-preview":"max-video-preview:-1"},"canonical":"https:\/\/progettotouring.it\/radiotouring104\/2025\/10\/01\/volley-asia-vita-convocata-al-club-italia-sud-della-fipav\/","og_locale":"it_IT","og_type":"article","og_title":"Volley: \u00c1sia Vita convocata al club Italia Sud della Fipav","og_description":"\u00abLa societ\u00e0 \u00e8 orgogliosa\u00bb, dichiara Francesco Surace, Presidente dell' Del Core Volley Academy, societ\u00e0 in cui milita l'atleta","og_url":"https:\/\/progettotouring.it\/radiotouring104\/2025\/10\/01\/volley-asia-vita-convocata-al-club-italia-sud-della-fipav\/","og_site_name":"Radio Touring 104","article_published_time":"2025-10-01T08:48:05+00:00","article_modified_time":"2025-10-01T09:37:54+00:00","og_image":[{"width":331,"height":292,"url":"https:\/\/progettotouring.it\/radiotouring104\/wp-content\/uploads\/sites\/6\/2025\/10\/Asia-Vita-Volley-2.jpeg","type":"image\/jpeg"}],"author":"redazione","twitter_card":"summary_large_image","twitter_misc":{"Scritto da":"redazione","Tempo di lettura stimato":"2 minuti"},"schema":{"@context":"https:\/\/schema.org","@graph":[{"@type":"Article","@id":"https:\/\/progettotouring.it\/radiotouring104\/2025\/10\/01\/volley-asia-vita-convocata-al-club-italia-sud-della-fipav\/#article","isPartOf":{"@id":"https:\/\/progettotouring.it\/radiotouring104\/2025\/10\/01\/volley-asia-vita-convocata-al-club-italia-sud-della-fipav\/"},"author":{"name":"redazione","@id":"https:\/\/progettotouring.it\/radiotouring104\/#\/schema\/person\/1b3eb3c07c47136bc44c785c543e635f"},"headline":"Volley: \u00c1sia Vita convocata al club Italia Sud della Fipav","datePublished":"2025-10-01T08:48:05+00:00","dateModified":"2025-10-01T09:37:54+00:00","mainEntityOfPage":{"@id":"https:\/\/progettotouring.it\/radiotouring104\/2025\/10\/01\/volley-asia-vita-convocata-al-club-italia-sud-della-fipav\/"},"wordCount":377,"publisher":{"@id":"https:\/\/progettotouring.it\/radiotouring104\/#organization"},"image":{"@id":"https:\/\/progettotouring.it\/radiotouring104\/2025\/10\/01\/volley-asia-vita-convocata-al-club-italia-sud-della-fipav\/#primaryimage"},"thumbnailUrl":"https:\/\/progettotouring.it\/radiotouring104\/wp-content\/uploads\/sites\/6\/2025\/10\/Asia-Vita-Volley-2.jpeg","keywords":["Asia Vita","club Italia Sud","convocazione","Del Core Volley Academy","Fipav","Francesco Surace.","La societ\u00e0 \u00e8 orgogliosa"],"articleSection":["News","Reggio Calabria","Sport"],"inLanguage":"it-IT"},{"@type":"WebPage","@id":"https:\/\/progettotouring.it\/radiotouring104\/2025\/10\/01\/volley-asia-vita-convocata-al-club-italia-sud-della-fipav\/","url":"https:\/\/progettotouring.it\/radiotouring104\/2025\/10\/01\/volley-asia-vita-convocata-al-club-italia-sud-della-fipav\/","name":"Volley: \u00c1sia Vita convocata al club Italia Sud della Fipav","isPartOf":{"@id":"https:\/\/progettotouring.it\/radiotouring104\/#website"},"primaryImageOfPage":{"@id":"https:\/\/progettotouring.it\/radiotouring104\/2025\/10\/01\/volley-asia-vita-convocata-al-club-italia-sud-della-fipav\/#primaryimage"},"image":{"@id":"https:\/\/progettotouring.it\/radiotouring104\/2025\/10\/01\/volley-asia-vita-convocata-al-club-italia-sud-della-fipav\/#primaryimage"},"thumbnailUrl":"https:\/\/progettotouring.it\/radiotouring104\/wp-content\/uploads\/sites\/6\/2025\/10\/Asia-Vita-Volley-2.jpeg","datePublished":"2025-10-01T08:48:05+00:00","dateModified":"2025-10-01T09:37:54+00:00","description":"\u00abLa societ\u00e0 \u00e8 orgogliosa\u00bb, dichiara Francesco Surace, Presidente dell' Del Core Volley Academy, societ\u00e0 in cui milita l'atleta","breadcrumb":{"@id":"https:\/\/progettotouring.it\/radiotouring104\/2025\/10\/01\/volley-asia-vita-convocata-al-club-italia-sud-della-fipav\/#breadcrumb"},"inLanguage":"it-IT","potentialAction":[{"@type":"ReadAction","target":["https:\/\/progettotouring.it\/radiotouring104\/2025\/10\/01\/volley-asia-vita-convocata-al-club-italia-sud-della-fipav\/"]}]},{"@type":"ImageObject","inLanguage":"it-IT","@id":"https:\/\/progettotouring.it\/radiotouring104\/2025\/10\/01\/volley-asia-vita-convocata-al-club-italia-sud-della-fipav\/#primaryimage","url":"https:\/\/progettotouring.it\/radiotouring104\/wp-content\/uploads\/sites\/6\/2025\/10\/Asia-Vita-Volley-2.jpeg","contentUrl":"https:\/\/progettotouring.it\/radiotouring104\/wp-content\/uploads\/sites\/6\/2025\/10\/Asia-Vita-Volley-2.jpeg","width":331,"height":292},{"@type":"BreadcrumbList","@id":"https:\/\/progettotouring.it\/radiotouring104\/2025\/10\/01\/volley-asia-vita-convocata-al-club-italia-sud-della-fipav\/#breadcrumb","itemListElement":[{"@type":"ListItem","position":1,"name":"Home","item":"https:\/\/progettotouring.it\/radiotouring104\/"},{"@type":"ListItem","position":2,"name":"Volley: \u00c1sia Vita convocata al club Italia Sud della Fipav"}]},{"@type":"WebSite","@id":"https:\/\/progettotouring.it\/radiotouring104\/#website","url":"https:\/\/progettotouring.it\/radiotouring104\/","name":"Radio Touring 104","description":"La prima radio Reggina","publisher":{"@id":"https:\/\/progettotouring.it\/radiotouring104\/#organization"},"potentialAction":[{"@type":"SearchAction","target":{"@type":"EntryPoint","urlTemplate":"https:\/\/progettotouring.it\/radiotouring104\/?s={search_term_string}"},"query-input":{"@type":"PropertyValueSpecification","valueRequired":true,"valueName":"search_term_string"}}],"inLanguage":"it-IT"},{"@type":"Organization","@id":"https:\/\/progettotouring.it\/radiotouring104\/#organization","name":"Radio Touring 104","url":"https:\/\/progettotouring.it\/radiotouring104\/","logo":{"@type":"ImageObject","inLanguage":"it-IT","@id":"https:\/\/progettotouring.it\/radiotouring104\/#\/schema\/logo\/image\/","url":"https:\/\/progettotouring.it\/radiotouring104\/wp-content\/uploads\/sites\/6\/2022\/02\/cropped-logo-radio-touring-104.png","contentUrl":"https:\/\/progettotouring.it\/radiotouring104\/wp-content\/uploads\/sites\/6\/2022\/02\/cropped-logo-radio-touring-104.png","width":377,"height":182,"caption":"Radio Touring 104"},"image":{"@id":"https:\/\/progettotouring.it\/radiotouring104\/#\/schema\/logo\/image\/"}},{"@type":"Person","@id":"https:\/\/progettotouring.it\/radiotouring104\/#\/schema\/person\/1b3eb3c07c47136bc44c785c543e635f","name":"redazione","image":{"@type":"ImageObject","inLanguage":"it-IT","@id":"https:\/\/secure.gravatar.com\/avatar\/0b31605b49f100769e8b624b3e05de1b73e1692e9568a352f60f53fd072e6e11?s=96&d=mm&r=g","url":"https:\/\/secure.gravatar.com\/avatar\/0b31605b49f100769e8b624b3e05de1b73e1692e9568a352f60f53fd072e6e11?s=96&d=mm&r=g","contentUrl":"https:\/\/secure.gravatar.com\/avatar\/0b31605b49f100769e8b624b3e05de1b73e1692e9568a352f60f53fd072e6e11?s=96&d=mm&r=g","caption":"redazione"},"url":"https:\/\/progettotouring.it\/radiotouring104\/author\/redazione\/"}]}},"jetpack_publicize_connections":[],"jetpack_featured_media_url":"https:\/\/progettotouring.it\/radiotouring104\/wp-content\/uploads\/sites\/6\/2025\/10\/Asia-Vita-Volley-2.jpeg","jetpack_sharing_enabled":true,"_links":{"self":[{"href":"https:\/\/progettotouring.it\/radiotouring104\/wp-json\/wp\/v2\/posts\/82567","targetHints":{"allow":["GET"]}}],"collection":[{"href":"https:\/\/progettotouring.it\/radiotouring104\/wp-json\/wp\/v2\/posts"}],"about":[{"href":"https:\/\/progettotouring.it\/radiotouring104\/wp-json\/wp\/v2\/types\/post"}],"author":[{"embeddable":true,"href":"https:\/\/progettotouring.it\/radiotouring104\/wp-json\/wp\/v2\/users\/5"}],"replies":[{"embeddable":true,"href":"https:\/\/progettotouring.it\/radiotouring104\/wp-json\/wp\/v2\/comments?post=82567"}],"version-history":[{"count":2,"href":"https:\/\/progettotouring.it\/radiotouring104\/wp-json\/wp\/v2\/posts\/82567\/revisions"}],"predecessor-version":[{"id":82571,"href":"https:\/\/progettotouring.it\/radiotouring104\/wp-json\/wp\/v2\/posts\/82567\/revisions\/82571"}],"wp:featuredmedia":[{"embeddable":true,"href":"https:\/\/progettotouring.it\/radiotouring104\/wp-json\/wp\/v2\/media\/82572"}],"wp:attachment":[{"href":"https:\/\/progettotouring.it\/radiotouring104\/wp-json\/wp\/v2\/media?parent=82567"}],"wp:term":[{"taxonomy":"category","embeddable":true,"href":"https:\/\/progettotouring.it\/radiotouring104\/wp-json\/wp\/v2\/categories?post=82567"},{"taxonomy":"post_tag","embeddable":true,"href":"https:\/\/progettotouring.it\/radiotouring104\/wp-json\/wp\/v2\/tags?post=82567"}],"curies":[{"name":"wp","href":"https:\/\/api.w.org\/{rel}","templated":true}]}}