{"id":82584,"date":"2025-10-01T11:37:03","date_gmt":"2025-10-01T09:37:03","guid":{"rendered":"https:\/\/progettotouring.it\/radiotouring104\/?p=82584"},"modified":"2025-10-01T11:37:38","modified_gmt":"2025-10-01T09:37:38","slug":"spopolamento-borghi-calabresi-g-nucera-montagne-calabresi-un-patrimonio-da-valorizzare","status":"publish","type":"post","link":"https:\/\/progettotouring.it\/radiotouring104\/2025\/10\/01\/spopolamento-borghi-calabresi-g-nucera-montagne-calabresi-un-patrimonio-da-valorizzare\/","title":{"rendered":"Spopolamento Borghi calabresi, G. Nucera: &#8220;Montagne calabresi un patrimonio da valorizzare&#8221;"},"content":{"rendered":"<p>Giuseppe Nucera, candidato al Consiglio regionale nel collegio Sud con la lista Forza Azzurri, lancia l\u2019allarme relativo allo spopolamento dei borghi e dell\u2019entroterra calabrese. L\u2019imprenditore, presidente del movimento \u201cLa Calabria che Vogliamo\u201d, annuncia l\u2019impegno a portare in Consiglio regionale un progetto operativo per un piano straordinario di assunzioni nella forestazione calabrese. Un intervento che, nelle sue intenzioni, vuole rafforzare la presenza dello Stato e della Regione nelle aree interne, creare lavoro stabile e presidiare maggiormente il patrimonio ambientale e boschivo.<\/p>\n<p>\u201cLa montagna rappresenta il cuore della nostra regione e in particolare dei comuni dell\u2019area metropolitana di Reggio Calabria. Il Parco dell\u2019Aspromonte e in generale i parchi della Calabria sono una chiave decisiva di sviluppo non solo da un punto di vista storico-culturale, anche economico, turistico ed occupazionale\u201d, prosegue Nucera.<\/p>\n<p>\u201cSiamo la regione pi\u00f9 verde d\u2019Italia, una vera e propria miniera di risorse naturali, dimostriamolo con un massiccio piano di investimento e una visione a medio-lungo termine. Lo spopolamento dell\u2019entroterra \u00e8 fatto sia di emigrazione giovanile sia dell\u2019inaccettabile svuotamento di organico degli operai forestali avvenuto negli ultimi 20 anni. Possiamo assumere migliaia di calabresi creando cos\u00ec ricchezza nel territorio e stabilit\u00e0 lavorativa per i nostri giovani.<\/p>\n<p>Secondo l\u2019ex Presidente di Confindustria Reggio Calabria, la priorit\u00e0 \u00e8 ridare forza ai pres\u00ecdi ambientali e riattivare l\u2019economia nei borghi. Gestione forestale, prevenzione incendi, manutenzione dei versanti e dei sentieri, tutela dei parchi e filiere green.<\/p>\n<p>\u201cUna scelta concreta \u2014 evidenzia Nucera \u2014 che possa legare insieme occupazione, sicurezza del territorio e rilancio delle comunit\u00e0 montane. L\u2019impegno del governo Occhiuto in questi anni non \u00e8 mancato, in particolare da apprezzare la prevenzione degli incendi attraverso l\u2019utilizzo dei droni, modello imitato da altre regioni italiane.<\/p>\n<p>La Regione Calabria pu\u00f2 ed \u00e8 pronta a fare la sua parte con bandi rapidi, concorsi trasparenti e una programmazione pluriennale. Le montagne non possono pi\u00f9 aspettare, cos\u00ec come il futuro di migliaia di giovani calabresi che rischiamo di perdere per sempre. E\u2019 il momento di agire, facciamolo con determinazione e idee chiare\u201d, conclude il candidato della lista Forza Azzurri per Roberto Occhiuto Presidente.<\/p>\n","protected":false},"excerpt":{"rendered":"<p>Giuseppe Nucera, candidato al Consiglio regionale nel collegio Sud con la lista Forza Azzurri, lancia l\u2019allarme relativo allo spopolamento dei borghi e dell\u2019entroterra calabrese. L\u2019imprenditore, presidente del movimento \u201cLa Calabria&hellip;<\/p>\n","protected":false},"author":5,"featured_media":40052,"comment_status":"closed","ping_status":"open","sticky":false,"template":"","format":"standard","meta":{"_jetpack_memberships_contains_paid_content":false,"footnotes":"","jetpack_publicize_message":"","jetpack_publicize_feature_enabled":true,"jetpack_social_post_already_shared":true,"jetpack_social_options":{"image_generator_settings":{"template":"highway","default_image_id":0,"font":"","enabled":false},"version":2}},"categories":[921,196,140],"tags":[47941,218,47937,8130,47939,47940,47938],"class_list":["post-82584","post","type-post","status-publish","format-standard","has-post-thumbnail","hentry","category-home","category-news","category-reggio-calabria","tag-assunzioni-per-i-giovani","tag-consiglio-regionale","tag-forza-italia-azzurri","tag-giuseppe-nucera","tag-montagne-calabresi-un-patrimonio-da-valorizzare","tag-piano-di-investimenti","tag-spopolamento-borghi-calabresi"],"yoast_head":"<!-- This site is optimized with the Yoast SEO plugin v27.2 - https:\/\/yoast.com\/product\/yoast-seo-wordpress\/ -->\n<title>Nucera: &quot;Montagne calabresi un patrimonio da valorizzare&quot;<\/title>\n<meta name=\"description\" content=\"&quot;Piano di investimenti e assunzioni per i giovani&quot;, dichiara il candidato al Consiglio Regionale per Forza Italia Azzurri\" \/>\n<meta name=\"robots\" content=\"index, follow, max-snippet:-1, max-image-preview:large, max-video-preview:-1\" \/>\n<link rel=\"canonical\" href=\"https:\/\/progettotouring.it\/radiotouring104\/2025\/10\/01\/spopolamento-borghi-calabresi-g-nucera-montagne-calabresi-un-patrimonio-da-valorizzare\/\" \/>\n<meta property=\"og:locale\" content=\"it_IT\" \/>\n<meta property=\"og:type\" content=\"article\" \/>\n<meta property=\"og:title\" content=\"Nucera: &quot;Montagne calabresi un patrimonio da valorizzare&quot;\" \/>\n<meta property=\"og:description\" content=\"&quot;Piano di investimenti e assunzioni per i giovani&quot;, dichiara il candidato al Consiglio Regionale per Forza Italia Azzurri\" \/>\n<meta property=\"og:url\" content=\"https:\/\/progettotouring.it\/radiotouring104\/2025\/10\/01\/spopolamento-borghi-calabresi-g-nucera-montagne-calabresi-un-patrimonio-da-valorizzare\/\" \/>\n<meta property=\"og:site_name\" content=\"Radio Touring 104\" \/>\n<meta property=\"article:published_time\" content=\"2025-10-01T09:37:03+00:00\" \/>\n<meta property=\"article:modified_time\" content=\"2025-10-01T09:37:38+00:00\" \/>\n<meta property=\"og:image\" content=\"https:\/\/progettotouring.it\/radiotouring104\/wp-content\/uploads\/sites\/6\/2023\/11\/GIUSEPPE-NUCERA-la-Calabria-che-vogliamo.webp\" \/>\n\t<meta property=\"og:image:width\" content=\"800\" \/>\n\t<meta property=\"og:image:height\" content=\"450\" \/>\n\t<meta property=\"og:image:type\" content=\"image\/webp\" \/>\n<meta name=\"author\" content=\"redazione\" \/>\n<meta name=\"twitter:card\" content=\"summary_large_image\" \/>\n<meta name=\"twitter:label1\" content=\"Scritto da\" \/>\n\t<meta name=\"twitter:data1\" content=\"redazione\" \/>\n\t<meta name=\"twitter:label2\" content=\"Tempo di lettura stimato\" \/>\n\t<meta name=\"twitter:data2\" content=\"2 minuti\" \/>\n<script type=\"application\/ld+json\" class=\"yoast-schema-graph\">{\"@context\":\"https:\/\/schema.org\",\"@graph\":[{\"@type\":\"Article\",\"@id\":\"https:\/\/progettotouring.it\/radiotouring104\/2025\/10\/01\/spopolamento-borghi-calabresi-g-nucera-montagne-calabresi-un-patrimonio-da-valorizzare\/#article\",\"isPartOf\":{\"@id\":\"https:\/\/progettotouring.it\/radiotouring104\/2025\/10\/01\/spopolamento-borghi-calabresi-g-nucera-montagne-calabresi-un-patrimonio-da-valorizzare\/\"},\"author\":{\"name\":\"redazione\",\"@id\":\"https:\/\/progettotouring.it\/radiotouring104\/#\/schema\/person\/1b3eb3c07c47136bc44c785c543e635f\"},\"headline\":\"Spopolamento Borghi calabresi, G. Nucera: &#8220;Montagne calabresi un patrimonio da valorizzare&#8221;\",\"datePublished\":\"2025-10-01T09:37:03+00:00\",\"dateModified\":\"2025-10-01T09:37:38+00:00\",\"mainEntityOfPage\":{\"@id\":\"https:\/\/progettotouring.it\/radiotouring104\/2025\/10\/01\/spopolamento-borghi-calabresi-g-nucera-montagne-calabresi-un-patrimonio-da-valorizzare\/\"},\"wordCount\":361,\"publisher\":{\"@id\":\"https:\/\/progettotouring.it\/radiotouring104\/#organization\"},\"image\":{\"@id\":\"https:\/\/progettotouring.it\/radiotouring104\/2025\/10\/01\/spopolamento-borghi-calabresi-g-nucera-montagne-calabresi-un-patrimonio-da-valorizzare\/#primaryimage\"},\"thumbnailUrl\":\"https:\/\/progettotouring.it\/radiotouring104\/wp-content\/uploads\/sites\/6\/2023\/11\/GIUSEPPE-NUCERA-la-Calabria-che-vogliamo.webp\",\"keywords\":[\"assunzioni per i giovani\",\"Consiglio regionale\",\"forza italia azzurri\",\"Giuseppe Nucera\",\"Montagne calabresi un patrimonio da valorizzare\",\"Piano di investimenti\",\"Spopolamento Borghi calabresi\"],\"articleSection\":[\"Home\",\"News\",\"Reggio Calabria\"],\"inLanguage\":\"it-IT\"},{\"@type\":\"WebPage\",\"@id\":\"https:\/\/progettotouring.it\/radiotouring104\/2025\/10\/01\/spopolamento-borghi-calabresi-g-nucera-montagne-calabresi-un-patrimonio-da-valorizzare\/\",\"url\":\"https:\/\/progettotouring.it\/radiotouring104\/2025\/10\/01\/spopolamento-borghi-calabresi-g-nucera-montagne-calabresi-un-patrimonio-da-valorizzare\/\",\"name\":\"Nucera: \\\"Montagne calabresi un patrimonio da valorizzare\\\"\",\"isPartOf\":{\"@id\":\"https:\/\/progettotouring.it\/radiotouring104\/#website\"},\"primaryImageOfPage\":{\"@id\":\"https:\/\/progettotouring.it\/radiotouring104\/2025\/10\/01\/spopolamento-borghi-calabresi-g-nucera-montagne-calabresi-un-patrimonio-da-valorizzare\/#primaryimage\"},\"image\":{\"@id\":\"https:\/\/progettotouring.it\/radiotouring104\/2025\/10\/01\/spopolamento-borghi-calabresi-g-nucera-montagne-calabresi-un-patrimonio-da-valorizzare\/#primaryimage\"},\"thumbnailUrl\":\"https:\/\/progettotouring.it\/radiotouring104\/wp-content\/uploads\/sites\/6\/2023\/11\/GIUSEPPE-NUCERA-la-Calabria-che-vogliamo.webp\",\"datePublished\":\"2025-10-01T09:37:03+00:00\",\"dateModified\":\"2025-10-01T09:37:38+00:00\",\"description\":\"\\\"Piano di investimenti e assunzioni per i giovani\\\", dichiara il candidato al Consiglio Regionale per Forza Italia Azzurri\",\"breadcrumb\":{\"@id\":\"https:\/\/progettotouring.it\/radiotouring104\/2025\/10\/01\/spopolamento-borghi-calabresi-g-nucera-montagne-calabresi-un-patrimonio-da-valorizzare\/#breadcrumb\"},\"inLanguage\":\"it-IT\",\"potentialAction\":[{\"@type\":\"ReadAction\",\"target\":[\"https:\/\/progettotouring.it\/radiotouring104\/2025\/10\/01\/spopolamento-borghi-calabresi-g-nucera-montagne-calabresi-un-patrimonio-da-valorizzare\/\"]}]},{\"@type\":\"ImageObject\",\"inLanguage\":\"it-IT\",\"@id\":\"https:\/\/progettotouring.it\/radiotouring104\/2025\/10\/01\/spopolamento-borghi-calabresi-g-nucera-montagne-calabresi-un-patrimonio-da-valorizzare\/#primaryimage\",\"url\":\"https:\/\/progettotouring.it\/radiotouring104\/wp-content\/uploads\/sites\/6\/2023\/11\/GIUSEPPE-NUCERA-la-Calabria-che-vogliamo.webp\",\"contentUrl\":\"https:\/\/progettotouring.it\/radiotouring104\/wp-content\/uploads\/sites\/6\/2023\/11\/GIUSEPPE-NUCERA-la-Calabria-che-vogliamo.webp\",\"width\":800,\"height\":450},{\"@type\":\"BreadcrumbList\",\"@id\":\"https:\/\/progettotouring.it\/radiotouring104\/2025\/10\/01\/spopolamento-borghi-calabresi-g-nucera-montagne-calabresi-un-patrimonio-da-valorizzare\/#breadcrumb\",\"itemListElement\":[{\"@type\":\"ListItem\",\"position\":1,\"name\":\"Home\",\"item\":\"https:\/\/progettotouring.it\/radiotouring104\/\"},{\"@type\":\"ListItem\",\"position\":2,\"name\":\"Spopolamento Borghi calabresi, G. Nucera: &#8220;Montagne calabresi un patrimonio da valorizzare&#8221;\"}]},{\"@type\":\"WebSite\",\"@id\":\"https:\/\/progettotouring.it\/radiotouring104\/#website\",\"url\":\"https:\/\/progettotouring.it\/radiotouring104\/\",\"name\":\"Radio Touring 104\",\"description\":\"La prima radio Reggina\",\"publisher\":{\"@id\":\"https:\/\/progettotouring.it\/radiotouring104\/#organization\"},\"potentialAction\":[{\"@type\":\"SearchAction\",\"target\":{\"@type\":\"EntryPoint\",\"urlTemplate\":\"https:\/\/progettotouring.it\/radiotouring104\/?s={search_term_string}\"},\"query-input\":{\"@type\":\"PropertyValueSpecification\",\"valueRequired\":true,\"valueName\":\"search_term_string\"}}],\"inLanguage\":\"it-IT\"},{\"@type\":\"Organization\",\"@id\":\"https:\/\/progettotouring.it\/radiotouring104\/#organization\",\"name\":\"Radio Touring 104\",\"url\":\"https:\/\/progettotouring.it\/radiotouring104\/\",\"logo\":{\"@type\":\"ImageObject\",\"inLanguage\":\"it-IT\",\"@id\":\"https:\/\/progettotouring.it\/radiotouring104\/#\/schema\/logo\/image\/\",\"url\":\"https:\/\/progettotouring.it\/radiotouring104\/wp-content\/uploads\/sites\/6\/2022\/02\/cropped-logo-radio-touring-104.png\",\"contentUrl\":\"https:\/\/progettotouring.it\/radiotouring104\/wp-content\/uploads\/sites\/6\/2022\/02\/cropped-logo-radio-touring-104.png\",\"width\":377,\"height\":182,\"caption\":\"Radio Touring 104\"},\"image\":{\"@id\":\"https:\/\/progettotouring.it\/radiotouring104\/#\/schema\/logo\/image\/\"}},{\"@type\":\"Person\",\"@id\":\"https:\/\/progettotouring.it\/radiotouring104\/#\/schema\/person\/1b3eb3c07c47136bc44c785c543e635f\",\"name\":\"redazione\",\"image\":{\"@type\":\"ImageObject\",\"inLanguage\":\"it-IT\",\"@id\":\"https:\/\/secure.gravatar.com\/avatar\/0b31605b49f100769e8b624b3e05de1b73e1692e9568a352f60f53fd072e6e11?s=96&d=mm&r=g\",\"url\":\"https:\/\/secure.gravatar.com\/avatar\/0b31605b49f100769e8b624b3e05de1b73e1692e9568a352f60f53fd072e6e11?s=96&d=mm&r=g\",\"contentUrl\":\"https:\/\/secure.gravatar.com\/avatar\/0b31605b49f100769e8b624b3e05de1b73e1692e9568a352f60f53fd072e6e11?s=96&d=mm&r=g\",\"caption\":\"redazione\"},\"url\":\"https:\/\/progettotouring.it\/radiotouring104\/author\/redazione\/\"}]}<\/script>\n<!-- \/ Yoast SEO plugin. -->","yoast_head_json":{"title":"Nucera: \"Montagne calabresi un patrimonio da valorizzare\"","description":"\"Piano di investimenti e assunzioni per i giovani\", dichiara il candidato al Consiglio Regionale per Forza Italia Azzurri","robots":{"index":"index","follow":"follow","max-snippet":"max-snippet:-1","max-image-preview":"max-image-preview:large","max-video-preview":"max-video-preview:-1"},"canonical":"https:\/\/progettotouring.it\/radiotouring104\/2025\/10\/01\/spopolamento-borghi-calabresi-g-nucera-montagne-calabresi-un-patrimonio-da-valorizzare\/","og_locale":"it_IT","og_type":"article","og_title":"Nucera: \"Montagne calabresi un patrimonio da valorizzare\"","og_description":"\"Piano di investimenti e assunzioni per i giovani\", dichiara il candidato al Consiglio Regionale per Forza Italia Azzurri","og_url":"https:\/\/progettotouring.it\/radiotouring104\/2025\/10\/01\/spopolamento-borghi-calabresi-g-nucera-montagne-calabresi-un-patrimonio-da-valorizzare\/","og_site_name":"Radio Touring 104","article_published_time":"2025-10-01T09:37:03+00:00","article_modified_time":"2025-10-01T09:37:38+00:00","og_image":[{"width":800,"height":450,"url":"https:\/\/progettotouring.it\/radiotouring104\/wp-content\/uploads\/sites\/6\/2023\/11\/GIUSEPPE-NUCERA-la-Calabria-che-vogliamo.webp","type":"image\/webp"}],"author":"redazione","twitter_card":"summary_large_image","twitter_misc":{"Scritto da":"redazione","Tempo di lettura stimato":"2 minuti"},"schema":{"@context":"https:\/\/schema.org","@graph":[{"@type":"Article","@id":"https:\/\/progettotouring.it\/radiotouring104\/2025\/10\/01\/spopolamento-borghi-calabresi-g-nucera-montagne-calabresi-un-patrimonio-da-valorizzare\/#article","isPartOf":{"@id":"https:\/\/progettotouring.it\/radiotouring104\/2025\/10\/01\/spopolamento-borghi-calabresi-g-nucera-montagne-calabresi-un-patrimonio-da-valorizzare\/"},"author":{"name":"redazione","@id":"https:\/\/progettotouring.it\/radiotouring104\/#\/schema\/person\/1b3eb3c07c47136bc44c785c543e635f"},"headline":"Spopolamento Borghi calabresi, G. Nucera: &#8220;Montagne calabresi un patrimonio da valorizzare&#8221;","datePublished":"2025-10-01T09:37:03+00:00","dateModified":"2025-10-01T09:37:38+00:00","mainEntityOfPage":{"@id":"https:\/\/progettotouring.it\/radiotouring104\/2025\/10\/01\/spopolamento-borghi-calabresi-g-nucera-montagne-calabresi-un-patrimonio-da-valorizzare\/"},"wordCount":361,"publisher":{"@id":"https:\/\/progettotouring.it\/radiotouring104\/#organization"},"image":{"@id":"https:\/\/progettotouring.it\/radiotouring104\/2025\/10\/01\/spopolamento-borghi-calabresi-g-nucera-montagne-calabresi-un-patrimonio-da-valorizzare\/#primaryimage"},"thumbnailUrl":"https:\/\/progettotouring.it\/radiotouring104\/wp-content\/uploads\/sites\/6\/2023\/11\/GIUSEPPE-NUCERA-la-Calabria-che-vogliamo.webp","keywords":["assunzioni per i giovani","Consiglio regionale","forza italia azzurri","Giuseppe Nucera","Montagne calabresi un patrimonio da valorizzare","Piano di investimenti","Spopolamento Borghi calabresi"],"articleSection":["Home","News","Reggio Calabria"],"inLanguage":"it-IT"},{"@type":"WebPage","@id":"https:\/\/progettotouring.it\/radiotouring104\/2025\/10\/01\/spopolamento-borghi-calabresi-g-nucera-montagne-calabresi-un-patrimonio-da-valorizzare\/","url":"https:\/\/progettotouring.it\/radiotouring104\/2025\/10\/01\/spopolamento-borghi-calabresi-g-nucera-montagne-calabresi-un-patrimonio-da-valorizzare\/","name":"Nucera: \"Montagne calabresi un patrimonio da valorizzare\"","isPartOf":{"@id":"https:\/\/progettotouring.it\/radiotouring104\/#website"},"primaryImageOfPage":{"@id":"https:\/\/progettotouring.it\/radiotouring104\/2025\/10\/01\/spopolamento-borghi-calabresi-g-nucera-montagne-calabresi-un-patrimonio-da-valorizzare\/#primaryimage"},"image":{"@id":"https:\/\/progettotouring.it\/radiotouring104\/2025\/10\/01\/spopolamento-borghi-calabresi-g-nucera-montagne-calabresi-un-patrimonio-da-valorizzare\/#primaryimage"},"thumbnailUrl":"https:\/\/progettotouring.it\/radiotouring104\/wp-content\/uploads\/sites\/6\/2023\/11\/GIUSEPPE-NUCERA-la-Calabria-che-vogliamo.webp","datePublished":"2025-10-01T09:37:03+00:00","dateModified":"2025-10-01T09:37:38+00:00","description":"\"Piano di investimenti e assunzioni per i giovani\", dichiara il candidato al Consiglio Regionale per Forza Italia Azzurri","breadcrumb":{"@id":"https:\/\/progettotouring.it\/radiotouring104\/2025\/10\/01\/spopolamento-borghi-calabresi-g-nucera-montagne-calabresi-un-patrimonio-da-valorizzare\/#breadcrumb"},"inLanguage":"it-IT","potentialAction":[{"@type":"ReadAction","target":["https:\/\/progettotouring.it\/radiotouring104\/2025\/10\/01\/spopolamento-borghi-calabresi-g-nucera-montagne-calabresi-un-patrimonio-da-valorizzare\/"]}]},{"@type":"ImageObject","inLanguage":"it-IT","@id":"https:\/\/progettotouring.it\/radiotouring104\/2025\/10\/01\/spopolamento-borghi-calabresi-g-nucera-montagne-calabresi-un-patrimonio-da-valorizzare\/#primaryimage","url":"https:\/\/progettotouring.it\/radiotouring104\/wp-content\/uploads\/sites\/6\/2023\/11\/GIUSEPPE-NUCERA-la-Calabria-che-vogliamo.webp","contentUrl":"https:\/\/progettotouring.it\/radiotouring104\/wp-content\/uploads\/sites\/6\/2023\/11\/GIUSEPPE-NUCERA-la-Calabria-che-vogliamo.webp","width":800,"height":450},{"@type":"BreadcrumbList","@id":"https:\/\/progettotouring.it\/radiotouring104\/2025\/10\/01\/spopolamento-borghi-calabresi-g-nucera-montagne-calabresi-un-patrimonio-da-valorizzare\/#breadcrumb","itemListElement":[{"@type":"ListItem","position":1,"name":"Home","item":"https:\/\/progettotouring.it\/radiotouring104\/"},{"@type":"ListItem","position":2,"name":"Spopolamento Borghi calabresi, G. Nucera: &#8220;Montagne calabresi un patrimonio da valorizzare&#8221;"}]},{"@type":"WebSite","@id":"https:\/\/progettotouring.it\/radiotouring104\/#website","url":"https:\/\/progettotouring.it\/radiotouring104\/","name":"Radio Touring 104","description":"La prima radio Reggina","publisher":{"@id":"https:\/\/progettotouring.it\/radiotouring104\/#organization"},"potentialAction":[{"@type":"SearchAction","target":{"@type":"EntryPoint","urlTemplate":"https:\/\/progettotouring.it\/radiotouring104\/?s={search_term_string}"},"query-input":{"@type":"PropertyValueSpecification","valueRequired":true,"valueName":"search_term_string"}}],"inLanguage":"it-IT"},{"@type":"Organization","@id":"https:\/\/progettotouring.it\/radiotouring104\/#organization","name":"Radio Touring 104","url":"https:\/\/progettotouring.it\/radiotouring104\/","logo":{"@type":"ImageObject","inLanguage":"it-IT","@id":"https:\/\/progettotouring.it\/radiotouring104\/#\/schema\/logo\/image\/","url":"https:\/\/progettotouring.it\/radiotouring104\/wp-content\/uploads\/sites\/6\/2022\/02\/cropped-logo-radio-touring-104.png","contentUrl":"https:\/\/progettotouring.it\/radiotouring104\/wp-content\/uploads\/sites\/6\/2022\/02\/cropped-logo-radio-touring-104.png","width":377,"height":182,"caption":"Radio Touring 104"},"image":{"@id":"https:\/\/progettotouring.it\/radiotouring104\/#\/schema\/logo\/image\/"}},{"@type":"Person","@id":"https:\/\/progettotouring.it\/radiotouring104\/#\/schema\/person\/1b3eb3c07c47136bc44c785c543e635f","name":"redazione","image":{"@type":"ImageObject","inLanguage":"it-IT","@id":"https:\/\/secure.gravatar.com\/avatar\/0b31605b49f100769e8b624b3e05de1b73e1692e9568a352f60f53fd072e6e11?s=96&d=mm&r=g","url":"https:\/\/secure.gravatar.com\/avatar\/0b31605b49f100769e8b624b3e05de1b73e1692e9568a352f60f53fd072e6e11?s=96&d=mm&r=g","contentUrl":"https:\/\/secure.gravatar.com\/avatar\/0b31605b49f100769e8b624b3e05de1b73e1692e9568a352f60f53fd072e6e11?s=96&d=mm&r=g","caption":"redazione"},"url":"https:\/\/progettotouring.it\/radiotouring104\/author\/redazione\/"}]}},"jetpack_publicize_connections":[],"jetpack_featured_media_url":"https:\/\/progettotouring.it\/radiotouring104\/wp-content\/uploads\/sites\/6\/2023\/11\/GIUSEPPE-NUCERA-la-Calabria-che-vogliamo.webp","jetpack_sharing_enabled":true,"_links":{"self":[{"href":"https:\/\/progettotouring.it\/radiotouring104\/wp-json\/wp\/v2\/posts\/82584","targetHints":{"allow":["GET"]}}],"collection":[{"href":"https:\/\/progettotouring.it\/radiotouring104\/wp-json\/wp\/v2\/posts"}],"about":[{"href":"https:\/\/progettotouring.it\/radiotouring104\/wp-json\/wp\/v2\/types\/post"}],"author":[{"embeddable":true,"href":"https:\/\/progettotouring.it\/radiotouring104\/wp-json\/wp\/v2\/users\/5"}],"replies":[{"embeddable":true,"href":"https:\/\/progettotouring.it\/radiotouring104\/wp-json\/wp\/v2\/comments?post=82584"}],"version-history":[{"count":1,"href":"https:\/\/progettotouring.it\/radiotouring104\/wp-json\/wp\/v2\/posts\/82584\/revisions"}],"predecessor-version":[{"id":82585,"href":"https:\/\/progettotouring.it\/radiotouring104\/wp-json\/wp\/v2\/posts\/82584\/revisions\/82585"}],"wp:featuredmedia":[{"embeddable":true,"href":"https:\/\/progettotouring.it\/radiotouring104\/wp-json\/wp\/v2\/media\/40052"}],"wp:attachment":[{"href":"https:\/\/progettotouring.it\/radiotouring104\/wp-json\/wp\/v2\/media?parent=82584"}],"wp:term":[{"taxonomy":"category","embeddable":true,"href":"https:\/\/progettotouring.it\/radiotouring104\/wp-json\/wp\/v2\/categories?post=82584"},{"taxonomy":"post_tag","embeddable":true,"href":"https:\/\/progettotouring.it\/radiotouring104\/wp-json\/wp\/v2\/tags?post=82584"}],"curies":[{"name":"wp","href":"https:\/\/api.w.org\/{rel}","templated":true}]}}