{"id":82586,"date":"2025-10-01T11:46:37","date_gmt":"2025-10-01T09:46:37","guid":{"rendered":"https:\/\/progettotouring.it\/radiotouring104\/?p=82586"},"modified":"2025-10-02T12:28:47","modified_gmt":"2025-10-02T10:28:47","slug":"sport-specialist-alessia-neri-convocata-per-il-raduno-regionale","status":"publish","type":"post","link":"https:\/\/progettotouring.it\/radiotouring104\/2025\/10\/01\/sport-specialist-alessia-neri-convocata-per-il-raduno-regionale\/","title":{"rendered":"Sport Specialist: Alessia Neri convocata per il Raduno Regionale"},"content":{"rendered":"<p>Un nuovo, importante riconoscimento per il vivaio della Domotek Volley Reggio Calabria, in versione Sportspecialist. La societ\u00e0 annuncia con orgoglio la convocazione della giovane atleta Alessia Neri (classe 2008) per un prestigioso raduno di qualificazione e selezione regionale, una convocazione significativa al Club Italia Sud.<\/p>\n<p>Nell\u2019ambito delle attivit\u00e0 promosse dal Comitato Regionale Fipav, oggi mercoled\u00ec 1\u00b0 ottobre 2025, presso il &#8220;Palarcobaleno\u201d di Via Nazionale a Pizzo (VV), il Direttore Tecnico delle attivit\u00e0 Giovanili Femminili, Prof. Marco Mencarelli, coadiuvato dallo Staff Tecnico, diriger\u00e0 una sessione di allenamento riservata ad un gruppo molto interessante di giovani promesse, inclusa l\u2019atleta amaranto.<\/p>\n<p>Questa convocazione non \u00e8 che l&#8217;ultima prova del meticoloso lavoro che la societ\u00e0 sta portando avanti nel settore giovanile, un investimento fondamentale per il futuro della stessa. Un impegno che va di pari passo con quello profuso verso la prima squadra, militante in Serie A3, con i gradi di massima realt\u00e0 del volley in Calabria.<br \/>\nMentre Alessia si prepara a questo importante appuntamento, la Domotek Volley, in versione Sportspecialist, sta infatti lavorando sodo per farsi trovare pronta ai nastri di partenza del campionato di Serie C Femminile. La squadra, affidata alla guida del Mister Franco Giglietta e del suo assistente Azzar\u00e0, sta gi\u00e0 definendo i dettagli per una stagione di ambiziose sfide.<\/p>\n<p>Un fermento che coinvolge tutto il movimento: oltre alla C Femminile, la societ\u00e0 si appresta a schierare le sue formazioni anche nel campionato di C Maschile e, per il secondo anno consecutivo, nella Serie A3, pronta ancora una volta a riempire le platee del Palacalafiore e a regalare emozioni alla sua tifoseria.<br \/>\nAlessia Neri, schiacciatrice, si conferma una pedina di fondamentale importanza all\u2019interno del suo gruppo in rosa \u00c8 una giocatrice completa, che ha gi\u00e0 dimostrato di aver lavorato molto sui fondamentali, ma che possiede ancora ampi margini di miglioramento. A una buona tecnica di base unisce una grande passione per il volley, mix vincente che la rende un\u2019atleta dal futuro promettente.<\/p>\n<p>La convocazione di Alessia \u00e8 un motivo d&#8217;orgoglio per tutto il mondo amaranto e un segnale chiaro: la crescita dei giovani talenti \u00e8 il perimetro su cui la societ\u00e0 sta costruendo il proprio domani, senza mai perdere di vista i traguardi competitivi del presente in formato Serie A<\/p>\n","protected":false},"excerpt":{"rendered":"<p>Un nuovo, importante riconoscimento per il vivaio della Domotek Volley Reggio Calabria, in versione Sportspecialist. La societ\u00e0 annuncia con orgoglio la convocazione della giovane atleta Alessia Neri (classe 2008) per&hellip;<\/p>\n","protected":false},"author":5,"featured_media":82587,"comment_status":"closed","ping_status":"open","sticky":false,"template":"","format":"standard","meta":{"_jetpack_memberships_contains_paid_content":false,"footnotes":"","jetpack_publicize_message":"","jetpack_publicize_feature_enabled":true,"jetpack_social_post_already_shared":true,"jetpack_social_options":{"image_generator_settings":{"template":"highway","default_image_id":0,"font":"","enabled":false},"version":2}},"categories":[196,140,144],"tags":[47942,46533,47944,47943],"class_list":["post-82586","post","type-post","status-publish","format-standard","has-post-thumbnail","hentry","category-news","category-reggio-calabria","category-sport","tag-alessia-neri","tag-convocazione","tag-raduno-regionale","tag-sport-specialist"],"yoast_head":"<!-- This site is optimized with the Yoast SEO plugin v27.2 - https:\/\/yoast.com\/product\/yoast-seo-wordpress\/ -->\n<title>Sport Specialist: Alessia Neri convocata per il Raduno Regionale<\/title>\n<meta name=\"description\" content=\"La societ\u00e0 annuncia la convocazione della giovane atleta, classe 2008, Alessia Neri, per il raduno di qualificazione e selezione regionale\" \/>\n<meta name=\"robots\" content=\"index, follow, max-snippet:-1, max-image-preview:large, max-video-preview:-1\" \/>\n<link rel=\"canonical\" href=\"https:\/\/progettotouring.it\/radiotouring104\/2025\/10\/01\/sport-specialist-alessia-neri-convocata-per-il-raduno-regionale\/\" \/>\n<meta property=\"og:locale\" content=\"it_IT\" \/>\n<meta property=\"og:type\" content=\"article\" \/>\n<meta property=\"og:title\" content=\"Sport Specialist: Alessia Neri convocata per il Raduno Regionale\" \/>\n<meta property=\"og:description\" content=\"La societ\u00e0 annuncia la convocazione della giovane atleta, classe 2008, Alessia Neri, per il raduno di qualificazione e selezione regionale\" \/>\n<meta property=\"og:url\" content=\"https:\/\/progettotouring.it\/radiotouring104\/2025\/10\/01\/sport-specialist-alessia-neri-convocata-per-il-raduno-regionale\/\" \/>\n<meta property=\"og:site_name\" content=\"Radio Touring 104\" \/>\n<meta property=\"article:published_time\" content=\"2025-10-01T09:46:37+00:00\" \/>\n<meta property=\"article:modified_time\" content=\"2025-10-02T10:28:47+00:00\" \/>\n<meta property=\"og:image\" content=\"https:\/\/progettotouring.it\/radiotouring104\/wp-content\/uploads\/sites\/6\/2025\/10\/Alessia-Neri-Sport-Specialist.gif\" \/>\n\t<meta property=\"og:image:width\" content=\"593\" \/>\n\t<meta property=\"og:image:height\" content=\"481\" \/>\n\t<meta property=\"og:image:type\" content=\"image\/gif\" \/>\n<meta name=\"author\" content=\"redazione\" \/>\n<meta name=\"twitter:card\" content=\"summary_large_image\" \/>\n<meta name=\"twitter:label1\" content=\"Scritto da\" \/>\n\t<meta name=\"twitter:data1\" content=\"redazione\" \/>\n\t<meta name=\"twitter:label2\" content=\"Tempo di lettura stimato\" \/>\n\t<meta name=\"twitter:data2\" content=\"2 minuti\" \/>\n<script type=\"application\/ld+json\" class=\"yoast-schema-graph\">{\"@context\":\"https:\/\/schema.org\",\"@graph\":[{\"@type\":\"Article\",\"@id\":\"https:\/\/progettotouring.it\/radiotouring104\/2025\/10\/01\/sport-specialist-alessia-neri-convocata-per-il-raduno-regionale\/#article\",\"isPartOf\":{\"@id\":\"https:\/\/progettotouring.it\/radiotouring104\/2025\/10\/01\/sport-specialist-alessia-neri-convocata-per-il-raduno-regionale\/\"},\"author\":{\"name\":\"redazione\",\"@id\":\"https:\/\/progettotouring.it\/radiotouring104\/#\/schema\/person\/1b3eb3c07c47136bc44c785c543e635f\"},\"headline\":\"Sport Specialist: Alessia Neri convocata per il Raduno Regionale\",\"datePublished\":\"2025-10-01T09:46:37+00:00\",\"dateModified\":\"2025-10-02T10:28:47+00:00\",\"mainEntityOfPage\":{\"@id\":\"https:\/\/progettotouring.it\/radiotouring104\/2025\/10\/01\/sport-specialist-alessia-neri-convocata-per-il-raduno-regionale\/\"},\"wordCount\":376,\"publisher\":{\"@id\":\"https:\/\/progettotouring.it\/radiotouring104\/#organization\"},\"image\":{\"@id\":\"https:\/\/progettotouring.it\/radiotouring104\/2025\/10\/01\/sport-specialist-alessia-neri-convocata-per-il-raduno-regionale\/#primaryimage\"},\"thumbnailUrl\":\"https:\/\/progettotouring.it\/radiotouring104\/wp-content\/uploads\/sites\/6\/2025\/10\/Alessia-Neri-Sport-Specialist.gif\",\"keywords\":[\"Alessia Neri\",\"convocazione\",\"Raduno Regionale\",\"Sport Specialist\"],\"articleSection\":[\"News\",\"Reggio Calabria\",\"Sport\"],\"inLanguage\":\"it-IT\"},{\"@type\":\"WebPage\",\"@id\":\"https:\/\/progettotouring.it\/radiotouring104\/2025\/10\/01\/sport-specialist-alessia-neri-convocata-per-il-raduno-regionale\/\",\"url\":\"https:\/\/progettotouring.it\/radiotouring104\/2025\/10\/01\/sport-specialist-alessia-neri-convocata-per-il-raduno-regionale\/\",\"name\":\"Sport Specialist: Alessia Neri convocata per il Raduno Regionale\",\"isPartOf\":{\"@id\":\"https:\/\/progettotouring.it\/radiotouring104\/#website\"},\"primaryImageOfPage\":{\"@id\":\"https:\/\/progettotouring.it\/radiotouring104\/2025\/10\/01\/sport-specialist-alessia-neri-convocata-per-il-raduno-regionale\/#primaryimage\"},\"image\":{\"@id\":\"https:\/\/progettotouring.it\/radiotouring104\/2025\/10\/01\/sport-specialist-alessia-neri-convocata-per-il-raduno-regionale\/#primaryimage\"},\"thumbnailUrl\":\"https:\/\/progettotouring.it\/radiotouring104\/wp-content\/uploads\/sites\/6\/2025\/10\/Alessia-Neri-Sport-Specialist.gif\",\"datePublished\":\"2025-10-01T09:46:37+00:00\",\"dateModified\":\"2025-10-02T10:28:47+00:00\",\"description\":\"La societ\u00e0 annuncia la convocazione della giovane atleta, classe 2008, Alessia Neri, per il raduno di qualificazione e selezione regionale\",\"breadcrumb\":{\"@id\":\"https:\/\/progettotouring.it\/radiotouring104\/2025\/10\/01\/sport-specialist-alessia-neri-convocata-per-il-raduno-regionale\/#breadcrumb\"},\"inLanguage\":\"it-IT\",\"potentialAction\":[{\"@type\":\"ReadAction\",\"target\":[\"https:\/\/progettotouring.it\/radiotouring104\/2025\/10\/01\/sport-specialist-alessia-neri-convocata-per-il-raduno-regionale\/\"]}]},{\"@type\":\"ImageObject\",\"inLanguage\":\"it-IT\",\"@id\":\"https:\/\/progettotouring.it\/radiotouring104\/2025\/10\/01\/sport-specialist-alessia-neri-convocata-per-il-raduno-regionale\/#primaryimage\",\"url\":\"https:\/\/progettotouring.it\/radiotouring104\/wp-content\/uploads\/sites\/6\/2025\/10\/Alessia-Neri-Sport-Specialist.gif\",\"contentUrl\":\"https:\/\/progettotouring.it\/radiotouring104\/wp-content\/uploads\/sites\/6\/2025\/10\/Alessia-Neri-Sport-Specialist.gif\",\"width\":593,\"height\":481},{\"@type\":\"BreadcrumbList\",\"@id\":\"https:\/\/progettotouring.it\/radiotouring104\/2025\/10\/01\/sport-specialist-alessia-neri-convocata-per-il-raduno-regionale\/#breadcrumb\",\"itemListElement\":[{\"@type\":\"ListItem\",\"position\":1,\"name\":\"Home\",\"item\":\"https:\/\/progettotouring.it\/radiotouring104\/\"},{\"@type\":\"ListItem\",\"position\":2,\"name\":\"Sport Specialist: Alessia Neri convocata per il Raduno Regionale\"}]},{\"@type\":\"WebSite\",\"@id\":\"https:\/\/progettotouring.it\/radiotouring104\/#website\",\"url\":\"https:\/\/progettotouring.it\/radiotouring104\/\",\"name\":\"Radio Touring 104\",\"description\":\"La prima radio Reggina\",\"publisher\":{\"@id\":\"https:\/\/progettotouring.it\/radiotouring104\/#organization\"},\"potentialAction\":[{\"@type\":\"SearchAction\",\"target\":{\"@type\":\"EntryPoint\",\"urlTemplate\":\"https:\/\/progettotouring.it\/radiotouring104\/?s={search_term_string}\"},\"query-input\":{\"@type\":\"PropertyValueSpecification\",\"valueRequired\":true,\"valueName\":\"search_term_string\"}}],\"inLanguage\":\"it-IT\"},{\"@type\":\"Organization\",\"@id\":\"https:\/\/progettotouring.it\/radiotouring104\/#organization\",\"name\":\"Radio Touring 104\",\"url\":\"https:\/\/progettotouring.it\/radiotouring104\/\",\"logo\":{\"@type\":\"ImageObject\",\"inLanguage\":\"it-IT\",\"@id\":\"https:\/\/progettotouring.it\/radiotouring104\/#\/schema\/logo\/image\/\",\"url\":\"https:\/\/progettotouring.it\/radiotouring104\/wp-content\/uploads\/sites\/6\/2022\/02\/cropped-logo-radio-touring-104.png\",\"contentUrl\":\"https:\/\/progettotouring.it\/radiotouring104\/wp-content\/uploads\/sites\/6\/2022\/02\/cropped-logo-radio-touring-104.png\",\"width\":377,\"height\":182,\"caption\":\"Radio Touring 104\"},\"image\":{\"@id\":\"https:\/\/progettotouring.it\/radiotouring104\/#\/schema\/logo\/image\/\"}},{\"@type\":\"Person\",\"@id\":\"https:\/\/progettotouring.it\/radiotouring104\/#\/schema\/person\/1b3eb3c07c47136bc44c785c543e635f\",\"name\":\"redazione\",\"image\":{\"@type\":\"ImageObject\",\"inLanguage\":\"it-IT\",\"@id\":\"https:\/\/secure.gravatar.com\/avatar\/0b31605b49f100769e8b624b3e05de1b73e1692e9568a352f60f53fd072e6e11?s=96&d=mm&r=g\",\"url\":\"https:\/\/secure.gravatar.com\/avatar\/0b31605b49f100769e8b624b3e05de1b73e1692e9568a352f60f53fd072e6e11?s=96&d=mm&r=g\",\"contentUrl\":\"https:\/\/secure.gravatar.com\/avatar\/0b31605b49f100769e8b624b3e05de1b73e1692e9568a352f60f53fd072e6e11?s=96&d=mm&r=g\",\"caption\":\"redazione\"},\"url\":\"https:\/\/progettotouring.it\/radiotouring104\/author\/redazione\/\"}]}<\/script>\n<!-- \/ Yoast SEO plugin. -->","yoast_head_json":{"title":"Sport Specialist: Alessia Neri convocata per il Raduno Regionale","description":"La societ\u00e0 annuncia la convocazione della giovane atleta, classe 2008, Alessia Neri, per il raduno di qualificazione e selezione regionale","robots":{"index":"index","follow":"follow","max-snippet":"max-snippet:-1","max-image-preview":"max-image-preview:large","max-video-preview":"max-video-preview:-1"},"canonical":"https:\/\/progettotouring.it\/radiotouring104\/2025\/10\/01\/sport-specialist-alessia-neri-convocata-per-il-raduno-regionale\/","og_locale":"it_IT","og_type":"article","og_title":"Sport Specialist: Alessia Neri convocata per il Raduno Regionale","og_description":"La societ\u00e0 annuncia la convocazione della giovane atleta, classe 2008, Alessia Neri, per il raduno di qualificazione e selezione regionale","og_url":"https:\/\/progettotouring.it\/radiotouring104\/2025\/10\/01\/sport-specialist-alessia-neri-convocata-per-il-raduno-regionale\/","og_site_name":"Radio Touring 104","article_published_time":"2025-10-01T09:46:37+00:00","article_modified_time":"2025-10-02T10:28:47+00:00","og_image":[{"width":593,"height":481,"url":"https:\/\/progettotouring.it\/radiotouring104\/wp-content\/uploads\/sites\/6\/2025\/10\/Alessia-Neri-Sport-Specialist.gif","type":"image\/gif"}],"author":"redazione","twitter_card":"summary_large_image","twitter_misc":{"Scritto da":"redazione","Tempo di lettura stimato":"2 minuti"},"schema":{"@context":"https:\/\/schema.org","@graph":[{"@type":"Article","@id":"https:\/\/progettotouring.it\/radiotouring104\/2025\/10\/01\/sport-specialist-alessia-neri-convocata-per-il-raduno-regionale\/#article","isPartOf":{"@id":"https:\/\/progettotouring.it\/radiotouring104\/2025\/10\/01\/sport-specialist-alessia-neri-convocata-per-il-raduno-regionale\/"},"author":{"name":"redazione","@id":"https:\/\/progettotouring.it\/radiotouring104\/#\/schema\/person\/1b3eb3c07c47136bc44c785c543e635f"},"headline":"Sport Specialist: Alessia Neri convocata per il Raduno Regionale","datePublished":"2025-10-01T09:46:37+00:00","dateModified":"2025-10-02T10:28:47+00:00","mainEntityOfPage":{"@id":"https:\/\/progettotouring.it\/radiotouring104\/2025\/10\/01\/sport-specialist-alessia-neri-convocata-per-il-raduno-regionale\/"},"wordCount":376,"publisher":{"@id":"https:\/\/progettotouring.it\/radiotouring104\/#organization"},"image":{"@id":"https:\/\/progettotouring.it\/radiotouring104\/2025\/10\/01\/sport-specialist-alessia-neri-convocata-per-il-raduno-regionale\/#primaryimage"},"thumbnailUrl":"https:\/\/progettotouring.it\/radiotouring104\/wp-content\/uploads\/sites\/6\/2025\/10\/Alessia-Neri-Sport-Specialist.gif","keywords":["Alessia Neri","convocazione","Raduno Regionale","Sport Specialist"],"articleSection":["News","Reggio Calabria","Sport"],"inLanguage":"it-IT"},{"@type":"WebPage","@id":"https:\/\/progettotouring.it\/radiotouring104\/2025\/10\/01\/sport-specialist-alessia-neri-convocata-per-il-raduno-regionale\/","url":"https:\/\/progettotouring.it\/radiotouring104\/2025\/10\/01\/sport-specialist-alessia-neri-convocata-per-il-raduno-regionale\/","name":"Sport Specialist: Alessia Neri convocata per il Raduno Regionale","isPartOf":{"@id":"https:\/\/progettotouring.it\/radiotouring104\/#website"},"primaryImageOfPage":{"@id":"https:\/\/progettotouring.it\/radiotouring104\/2025\/10\/01\/sport-specialist-alessia-neri-convocata-per-il-raduno-regionale\/#primaryimage"},"image":{"@id":"https:\/\/progettotouring.it\/radiotouring104\/2025\/10\/01\/sport-specialist-alessia-neri-convocata-per-il-raduno-regionale\/#primaryimage"},"thumbnailUrl":"https:\/\/progettotouring.it\/radiotouring104\/wp-content\/uploads\/sites\/6\/2025\/10\/Alessia-Neri-Sport-Specialist.gif","datePublished":"2025-10-01T09:46:37+00:00","dateModified":"2025-10-02T10:28:47+00:00","description":"La societ\u00e0 annuncia la convocazione della giovane atleta, classe 2008, Alessia Neri, per il raduno di qualificazione e selezione regionale","breadcrumb":{"@id":"https:\/\/progettotouring.it\/radiotouring104\/2025\/10\/01\/sport-specialist-alessia-neri-convocata-per-il-raduno-regionale\/#breadcrumb"},"inLanguage":"it-IT","potentialAction":[{"@type":"ReadAction","target":["https:\/\/progettotouring.it\/radiotouring104\/2025\/10\/01\/sport-specialist-alessia-neri-convocata-per-il-raduno-regionale\/"]}]},{"@type":"ImageObject","inLanguage":"it-IT","@id":"https:\/\/progettotouring.it\/radiotouring104\/2025\/10\/01\/sport-specialist-alessia-neri-convocata-per-il-raduno-regionale\/#primaryimage","url":"https:\/\/progettotouring.it\/radiotouring104\/wp-content\/uploads\/sites\/6\/2025\/10\/Alessia-Neri-Sport-Specialist.gif","contentUrl":"https:\/\/progettotouring.it\/radiotouring104\/wp-content\/uploads\/sites\/6\/2025\/10\/Alessia-Neri-Sport-Specialist.gif","width":593,"height":481},{"@type":"BreadcrumbList","@id":"https:\/\/progettotouring.it\/radiotouring104\/2025\/10\/01\/sport-specialist-alessia-neri-convocata-per-il-raduno-regionale\/#breadcrumb","itemListElement":[{"@type":"ListItem","position":1,"name":"Home","item":"https:\/\/progettotouring.it\/radiotouring104\/"},{"@type":"ListItem","position":2,"name":"Sport Specialist: Alessia Neri convocata per il Raduno Regionale"}]},{"@type":"WebSite","@id":"https:\/\/progettotouring.it\/radiotouring104\/#website","url":"https:\/\/progettotouring.it\/radiotouring104\/","name":"Radio Touring 104","description":"La prima radio Reggina","publisher":{"@id":"https:\/\/progettotouring.it\/radiotouring104\/#organization"},"potentialAction":[{"@type":"SearchAction","target":{"@type":"EntryPoint","urlTemplate":"https:\/\/progettotouring.it\/radiotouring104\/?s={search_term_string}"},"query-input":{"@type":"PropertyValueSpecification","valueRequired":true,"valueName":"search_term_string"}}],"inLanguage":"it-IT"},{"@type":"Organization","@id":"https:\/\/progettotouring.it\/radiotouring104\/#organization","name":"Radio Touring 104","url":"https:\/\/progettotouring.it\/radiotouring104\/","logo":{"@type":"ImageObject","inLanguage":"it-IT","@id":"https:\/\/progettotouring.it\/radiotouring104\/#\/schema\/logo\/image\/","url":"https:\/\/progettotouring.it\/radiotouring104\/wp-content\/uploads\/sites\/6\/2022\/02\/cropped-logo-radio-touring-104.png","contentUrl":"https:\/\/progettotouring.it\/radiotouring104\/wp-content\/uploads\/sites\/6\/2022\/02\/cropped-logo-radio-touring-104.png","width":377,"height":182,"caption":"Radio Touring 104"},"image":{"@id":"https:\/\/progettotouring.it\/radiotouring104\/#\/schema\/logo\/image\/"}},{"@type":"Person","@id":"https:\/\/progettotouring.it\/radiotouring104\/#\/schema\/person\/1b3eb3c07c47136bc44c785c543e635f","name":"redazione","image":{"@type":"ImageObject","inLanguage":"it-IT","@id":"https:\/\/secure.gravatar.com\/avatar\/0b31605b49f100769e8b624b3e05de1b73e1692e9568a352f60f53fd072e6e11?s=96&d=mm&r=g","url":"https:\/\/secure.gravatar.com\/avatar\/0b31605b49f100769e8b624b3e05de1b73e1692e9568a352f60f53fd072e6e11?s=96&d=mm&r=g","contentUrl":"https:\/\/secure.gravatar.com\/avatar\/0b31605b49f100769e8b624b3e05de1b73e1692e9568a352f60f53fd072e6e11?s=96&d=mm&r=g","caption":"redazione"},"url":"https:\/\/progettotouring.it\/radiotouring104\/author\/redazione\/"}]}},"jetpack_publicize_connections":[],"jetpack_featured_media_url":"https:\/\/progettotouring.it\/radiotouring104\/wp-content\/uploads\/sites\/6\/2025\/10\/Alessia-Neri-Sport-Specialist.gif","jetpack_sharing_enabled":true,"_links":{"self":[{"href":"https:\/\/progettotouring.it\/radiotouring104\/wp-json\/wp\/v2\/posts\/82586","targetHints":{"allow":["GET"]}}],"collection":[{"href":"https:\/\/progettotouring.it\/radiotouring104\/wp-json\/wp\/v2\/posts"}],"about":[{"href":"https:\/\/progettotouring.it\/radiotouring104\/wp-json\/wp\/v2\/types\/post"}],"author":[{"embeddable":true,"href":"https:\/\/progettotouring.it\/radiotouring104\/wp-json\/wp\/v2\/users\/5"}],"replies":[{"embeddable":true,"href":"https:\/\/progettotouring.it\/radiotouring104\/wp-json\/wp\/v2\/comments?post=82586"}],"version-history":[{"count":3,"href":"https:\/\/progettotouring.it\/radiotouring104\/wp-json\/wp\/v2\/posts\/82586\/revisions"}],"predecessor-version":[{"id":82595,"href":"https:\/\/progettotouring.it\/radiotouring104\/wp-json\/wp\/v2\/posts\/82586\/revisions\/82595"}],"wp:featuredmedia":[{"embeddable":true,"href":"https:\/\/progettotouring.it\/radiotouring104\/wp-json\/wp\/v2\/media\/82587"}],"wp:attachment":[{"href":"https:\/\/progettotouring.it\/radiotouring104\/wp-json\/wp\/v2\/media?parent=82586"}],"wp:term":[{"taxonomy":"category","embeddable":true,"href":"https:\/\/progettotouring.it\/radiotouring104\/wp-json\/wp\/v2\/categories?post=82586"},{"taxonomy":"post_tag","embeddable":true,"href":"https:\/\/progettotouring.it\/radiotouring104\/wp-json\/wp\/v2\/tags?post=82586"}],"curies":[{"name":"wp","href":"https:\/\/api.w.org\/{rel}","templated":true}]}}