{"id":82606,"date":"2025-10-02T09:21:27","date_gmt":"2025-10-02T07:21:27","guid":{"rendered":"https:\/\/progettotouring.it\/radiotouring104\/?p=82606"},"modified":"2025-10-02T12:28:33","modified_gmt":"2025-10-02T10:28:33","slug":"catona-allistituto-radice-alighieri-la-cerimonia-dei-premi-studio-della-fondazione-tripodi","status":"publish","type":"post","link":"https:\/\/progettotouring.it\/radiotouring104\/2025\/10\/02\/catona-allistituto-radice-alighieri-la-cerimonia-dei-premi-studio-della-fondazione-tripodi\/","title":{"rendered":"Catona: all&#8217;Istituto &#8220;Radice Alighieri&#8221; la cerimonia dei Premi studio della Fondazione &#8220;Tripodi&#8221;"},"content":{"rendered":"<p>Anche per l\u2019anno scolastico 2024\/2025 La Fondazione Girolamo Tripodi ha promosso i Premi di Studio \u201cGirolamo Tripodi\u201d, che sono giunti alla VI edizione.<\/p>\n<p>Prosegue, quindi, l&#8217;attivit\u00e0 della Fondazione Girolamo Tripodi con particolare riferimento alle giovani generazioni, mediante l\u2019istituzione di borse di studio e di premi a favore di giovani studenti, segnatamente di quelli meritevoli e bisognosi.<\/p>\n<p>La Fondazione \u00e8 stata creata proprio per trasmettere ai giovani una storia che, altrimenti, non sarebbe stata conosciuta. In tal senso la figura di Girolamo Tripodi, rappresenta l\u2019espressione di una storia collettiva della nostra regione e del meridione dopo i drammi della seconda guerra mondiale. Milioni di persone sono uscite dalla miseria, dalla povert\u00e0, dalla fame con le loro lotte e le loro battaglie che hanno combattuto per il riscatto e la giustizia sociale. \u00c8 la conoscenza di questa storia che vogliamo trasmettere ai giovani proprio perch\u00e9 riteniamo che il futuro si costruisce partendo da salde e solide radici.<\/p>\n<p>Il premio \u00e8 dedicato al sen. Girolamo Tripodi, sempre schierato accanto agli ultimi, \u00e8 stato protagonista di una lunga serie di battaglie al fianco dei \u201csenza voce\u201d, dei braccianti, delle gelsominaie, delle raccoglitrici di olive, ai quali ha conferito dignit\u00e0 e speranza per la costruzione di una societ\u00e0 improntata all\u2019emancipazione e alla giustizia sociale.<\/p>\n<p>Durante il suo impegno ha intuito la centralit\u00e0 della battaglia per la difesa dell\u2019ambiente e si \u00e8 strenuamente battuto contro la costruzione della megacentrale a carbone che negli anni \u201980 avrebbe stravolto l\u2019ecosistema della Piana di Gioia Tauro. Lungo tutto l\u2019arco della sua vita, e senza tentennamenti, Girolamo Tripodi ha avversato con coraggio e tenacia le organizzazioni criminali e mafiose, divenendo un punto di riferimento per quanti, non solo in Calabria, sono impegnati nella lotta per l\u2019affermazione della cultura della legalit\u00e0 e per sconfiggere la \u2018ndrangheta.<\/p>\n<p>Con questo premio, andiamo avanti nella scelta strategica della Fondazione che punta ad investire sui giovani, sui nostri ragazzi, su questa risorsa straordinaria della nostra terra che molto spesso non \u00e8 affatto considerata per il valore che rappresenta. Il nostro obiettivo \u00e8 lavorare contro la desertificazione del territorio, tentando di dare un contributo per rovesciare questa tendenza infausta.<\/p>\n<p>Il calendario delle premiazioni comincer\u00e0, quindi, Venerd\u00ec 3 ottobre 2025 ed interesser\u00e0 l\u2019Istituto Comprensivo \u201cRadice Alighieri\u201d di Catona (RC), dove avverr\u00e0 la premiazione del pi\u00f9 meritevole e bisognoso diplomato dell\u2019anno scolastico 2024\/2024.<\/p>\n<p>La premiazione, concordata in collaborazione con la Dirigente Scolastica avv. Simona Sapone, a cui la Fondazione rivolge un sentito ringraziamento, si svolger\u00e0 secondo il seguente programma:<\/p>\n<p><strong>\u00a0<\/strong><\/p>\n<p><strong>Istituto Comprensivo \u201cRadice Alighieri\u201d presso la Scuola Secondaria di 1\u00b0 Grado di Via Mercato a Catona (EX CIAPI), con cerimonia di premiazione Venerd\u00ec 3 Ottobre 2025 a cominciare dalle ore 9,30.<\/strong><\/p>\n<p><strong>\u00a0<\/strong><\/p>\n<p><strong>Nel corso della cerimonia il prof. Daniele Castrizio, docente all\u2019Universit\u00e0 di Messina, svolger\u00e0 una Lectio magistralis sul tema\u201d Bronzi di Riace Guerrieri di Pace\u201d.<\/strong><\/p>\n<p>&nbsp;<\/p>\n<p>Questa iniziativa, che vuole trasmettere pienamente la tensione ideale e la concezione politica che hanno animato Girolamo Tripodi, punta a dare un piccolo sostegno ai giovani studenti degli istituti scolastici reggini che rappresentano la nostra speranza per un futuro migliore.<\/p>\n","protected":false},"excerpt":{"rendered":"<p>Anche per l\u2019anno scolastico 2024\/2025 La Fondazione Girolamo Tripodi ha promosso i Premi di Studio \u201cGirolamo Tripodi\u201d, che sono giunti alla VI edizione. Prosegue, quindi, l&#8217;attivit\u00e0 della Fondazione Girolamo Tripodi&hellip;<\/p>\n","protected":false},"author":5,"featured_media":16474,"comment_status":"closed","ping_status":"open","sticky":false,"template":"","format":"standard","meta":{"_jetpack_memberships_contains_paid_content":false,"footnotes":"","jetpack_publicize_message":"","jetpack_publicize_feature_enabled":true,"jetpack_social_post_already_shared":true,"jetpack_social_options":{"image_generator_settings":{"template":"highway","default_image_id":0,"font":"","enabled":false},"version":2}},"categories":[921,196,140],"tags":[19562,16323,47954,30508],"class_list":["post-82606","post","type-post","status-publish","format-standard","has-post-thumbnail","hentry","category-home","category-news","category-reggio-calabria","tag-radice-alighieri-di-catona","tag-fondazione-tripodi","tag-premi-studio","tag-vi-edizione"],"yoast_head":"<!-- This site is optimized with the Yoast SEO plugin v27.2 - https:\/\/yoast.com\/product\/yoast-seo-wordpress\/ -->\n<title>Catona: all&#039;Istituto &quot;Radice Alighieri&quot; la cerimonia dei Premi studio della Fondazione &quot;Tripodi&quot; - Radio Touring 104<\/title>\n<meta name=\"description\" content=\"La cerimonia dei Premi studio della Fondazione &quot;Tripodi&quot;, giunta alla VI edizione, si terr\u00e0 venerd\u00ec 3 ottobre alla scuola &quot;Radice Alighieri&quot;\" \/>\n<meta name=\"robots\" content=\"index, follow, max-snippet:-1, max-image-preview:large, max-video-preview:-1\" \/>\n<link rel=\"canonical\" href=\"https:\/\/progettotouring.it\/radiotouring104\/2025\/10\/02\/catona-allistituto-radice-alighieri-la-cerimonia-dei-premi-studio-della-fondazione-tripodi\/\" \/>\n<meta property=\"og:locale\" content=\"it_IT\" \/>\n<meta property=\"og:type\" content=\"article\" \/>\n<meta property=\"og:title\" content=\"Catona: all&#039;Istituto &quot;Radice Alighieri&quot; la cerimonia dei Premi studio della Fondazione &quot;Tripodi&quot; - Radio Touring 104\" \/>\n<meta property=\"og:description\" content=\"La cerimonia dei Premi studio della Fondazione &quot;Tripodi&quot;, giunta alla VI edizione, si terr\u00e0 venerd\u00ec 3 ottobre alla scuola &quot;Radice Alighieri&quot;\" \/>\n<meta property=\"og:url\" content=\"https:\/\/progettotouring.it\/radiotouring104\/2025\/10\/02\/catona-allistituto-radice-alighieri-la-cerimonia-dei-premi-studio-della-fondazione-tripodi\/\" \/>\n<meta property=\"og:site_name\" content=\"Radio Touring 104\" \/>\n<meta property=\"article:published_time\" content=\"2025-10-02T07:21:27+00:00\" \/>\n<meta property=\"article:modified_time\" content=\"2025-10-02T10:28:33+00:00\" \/>\n<meta property=\"og:image\" content=\"https:\/\/progettotouring.it\/radiotouring104\/wp-content\/uploads\/sites\/6\/2023\/01\/fondazione-G.-TRIPODI.png\" \/>\n\t<meta property=\"og:image:width\" content=\"546\" \/>\n\t<meta property=\"og:image:height\" content=\"356\" \/>\n\t<meta property=\"og:image:type\" content=\"image\/png\" \/>\n<meta name=\"author\" content=\"redazione\" \/>\n<meta name=\"twitter:card\" content=\"summary_large_image\" \/>\n<meta name=\"twitter:label1\" content=\"Scritto da\" \/>\n\t<meta name=\"twitter:data1\" content=\"redazione\" \/>\n\t<meta name=\"twitter:label2\" content=\"Tempo di lettura stimato\" \/>\n\t<meta name=\"twitter:data2\" content=\"3 minuti\" \/>\n<script type=\"application\/ld+json\" class=\"yoast-schema-graph\">{\"@context\":\"https:\/\/schema.org\",\"@graph\":[{\"@type\":\"Article\",\"@id\":\"https:\/\/progettotouring.it\/radiotouring104\/2025\/10\/02\/catona-allistituto-radice-alighieri-la-cerimonia-dei-premi-studio-della-fondazione-tripodi\/#article\",\"isPartOf\":{\"@id\":\"https:\/\/progettotouring.it\/radiotouring104\/2025\/10\/02\/catona-allistituto-radice-alighieri-la-cerimonia-dei-premi-studio-della-fondazione-tripodi\/\"},\"author\":{\"name\":\"redazione\",\"@id\":\"https:\/\/progettotouring.it\/radiotouring104\/#\/schema\/person\/1b3eb3c07c47136bc44c785c543e635f\"},\"headline\":\"Catona: all&#8217;Istituto &#8220;Radice Alighieri&#8221; la cerimonia dei Premi studio della Fondazione &#8220;Tripodi&#8221;\",\"datePublished\":\"2025-10-02T07:21:27+00:00\",\"dateModified\":\"2025-10-02T10:28:33+00:00\",\"mainEntityOfPage\":{\"@id\":\"https:\/\/progettotouring.it\/radiotouring104\/2025\/10\/02\/catona-allistituto-radice-alighieri-la-cerimonia-dei-premi-studio-della-fondazione-tripodi\/\"},\"wordCount\":514,\"publisher\":{\"@id\":\"https:\/\/progettotouring.it\/radiotouring104\/#organization\"},\"image\":{\"@id\":\"https:\/\/progettotouring.it\/radiotouring104\/2025\/10\/02\/catona-allistituto-radice-alighieri-la-cerimonia-dei-premi-studio-della-fondazione-tripodi\/#primaryimage\"},\"thumbnailUrl\":\"https:\/\/progettotouring.it\/radiotouring104\/wp-content\/uploads\/sites\/6\/2023\/01\/fondazione-G.-TRIPODI.png\",\"keywords\":[\"\u201cRadice Alighieri\u201d di Catona\",\"fondazione tripodi\",\"premi studio\",\"VI\u00b0 edizione\"],\"articleSection\":[\"Home\",\"News\",\"Reggio Calabria\"],\"inLanguage\":\"it-IT\"},{\"@type\":\"WebPage\",\"@id\":\"https:\/\/progettotouring.it\/radiotouring104\/2025\/10\/02\/catona-allistituto-radice-alighieri-la-cerimonia-dei-premi-studio-della-fondazione-tripodi\/\",\"url\":\"https:\/\/progettotouring.it\/radiotouring104\/2025\/10\/02\/catona-allistituto-radice-alighieri-la-cerimonia-dei-premi-studio-della-fondazione-tripodi\/\",\"name\":\"Catona: all'Istituto \\\"Radice Alighieri\\\" la cerimonia dei Premi studio della Fondazione \\\"Tripodi\\\" - Radio Touring 104\",\"isPartOf\":{\"@id\":\"https:\/\/progettotouring.it\/radiotouring104\/#website\"},\"primaryImageOfPage\":{\"@id\":\"https:\/\/progettotouring.it\/radiotouring104\/2025\/10\/02\/catona-allistituto-radice-alighieri-la-cerimonia-dei-premi-studio-della-fondazione-tripodi\/#primaryimage\"},\"image\":{\"@id\":\"https:\/\/progettotouring.it\/radiotouring104\/2025\/10\/02\/catona-allistituto-radice-alighieri-la-cerimonia-dei-premi-studio-della-fondazione-tripodi\/#primaryimage\"},\"thumbnailUrl\":\"https:\/\/progettotouring.it\/radiotouring104\/wp-content\/uploads\/sites\/6\/2023\/01\/fondazione-G.-TRIPODI.png\",\"datePublished\":\"2025-10-02T07:21:27+00:00\",\"dateModified\":\"2025-10-02T10:28:33+00:00\",\"description\":\"La cerimonia dei Premi studio della Fondazione \\\"Tripodi\\\", giunta alla VI edizione, si terr\u00e0 venerd\u00ec 3 ottobre alla scuola \\\"Radice Alighieri\\\"\",\"breadcrumb\":{\"@id\":\"https:\/\/progettotouring.it\/radiotouring104\/2025\/10\/02\/catona-allistituto-radice-alighieri-la-cerimonia-dei-premi-studio-della-fondazione-tripodi\/#breadcrumb\"},\"inLanguage\":\"it-IT\",\"potentialAction\":[{\"@type\":\"ReadAction\",\"target\":[\"https:\/\/progettotouring.it\/radiotouring104\/2025\/10\/02\/catona-allistituto-radice-alighieri-la-cerimonia-dei-premi-studio-della-fondazione-tripodi\/\"]}]},{\"@type\":\"ImageObject\",\"inLanguage\":\"it-IT\",\"@id\":\"https:\/\/progettotouring.it\/radiotouring104\/2025\/10\/02\/catona-allistituto-radice-alighieri-la-cerimonia-dei-premi-studio-della-fondazione-tripodi\/#primaryimage\",\"url\":\"https:\/\/progettotouring.it\/radiotouring104\/wp-content\/uploads\/sites\/6\/2023\/01\/fondazione-G.-TRIPODI.png\",\"contentUrl\":\"https:\/\/progettotouring.it\/radiotouring104\/wp-content\/uploads\/sites\/6\/2023\/01\/fondazione-G.-TRIPODI.png\",\"width\":546,\"height\":356},{\"@type\":\"BreadcrumbList\",\"@id\":\"https:\/\/progettotouring.it\/radiotouring104\/2025\/10\/02\/catona-allistituto-radice-alighieri-la-cerimonia-dei-premi-studio-della-fondazione-tripodi\/#breadcrumb\",\"itemListElement\":[{\"@type\":\"ListItem\",\"position\":1,\"name\":\"Home\",\"item\":\"https:\/\/progettotouring.it\/radiotouring104\/\"},{\"@type\":\"ListItem\",\"position\":2,\"name\":\"Catona: all&#8217;Istituto &#8220;Radice Alighieri&#8221; la cerimonia dei Premi studio della Fondazione &#8220;Tripodi&#8221;\"}]},{\"@type\":\"WebSite\",\"@id\":\"https:\/\/progettotouring.it\/radiotouring104\/#website\",\"url\":\"https:\/\/progettotouring.it\/radiotouring104\/\",\"name\":\"Radio Touring 104\",\"description\":\"La prima radio Reggina\",\"publisher\":{\"@id\":\"https:\/\/progettotouring.it\/radiotouring104\/#organization\"},\"potentialAction\":[{\"@type\":\"SearchAction\",\"target\":{\"@type\":\"EntryPoint\",\"urlTemplate\":\"https:\/\/progettotouring.it\/radiotouring104\/?s={search_term_string}\"},\"query-input\":{\"@type\":\"PropertyValueSpecification\",\"valueRequired\":true,\"valueName\":\"search_term_string\"}}],\"inLanguage\":\"it-IT\"},{\"@type\":\"Organization\",\"@id\":\"https:\/\/progettotouring.it\/radiotouring104\/#organization\",\"name\":\"Radio Touring 104\",\"url\":\"https:\/\/progettotouring.it\/radiotouring104\/\",\"logo\":{\"@type\":\"ImageObject\",\"inLanguage\":\"it-IT\",\"@id\":\"https:\/\/progettotouring.it\/radiotouring104\/#\/schema\/logo\/image\/\",\"url\":\"https:\/\/progettotouring.it\/radiotouring104\/wp-content\/uploads\/sites\/6\/2022\/02\/cropped-logo-radio-touring-104.png\",\"contentUrl\":\"https:\/\/progettotouring.it\/radiotouring104\/wp-content\/uploads\/sites\/6\/2022\/02\/cropped-logo-radio-touring-104.png\",\"width\":377,\"height\":182,\"caption\":\"Radio Touring 104\"},\"image\":{\"@id\":\"https:\/\/progettotouring.it\/radiotouring104\/#\/schema\/logo\/image\/\"}},{\"@type\":\"Person\",\"@id\":\"https:\/\/progettotouring.it\/radiotouring104\/#\/schema\/person\/1b3eb3c07c47136bc44c785c543e635f\",\"name\":\"redazione\",\"image\":{\"@type\":\"ImageObject\",\"inLanguage\":\"it-IT\",\"@id\":\"https:\/\/secure.gravatar.com\/avatar\/0b31605b49f100769e8b624b3e05de1b73e1692e9568a352f60f53fd072e6e11?s=96&d=mm&r=g\",\"url\":\"https:\/\/secure.gravatar.com\/avatar\/0b31605b49f100769e8b624b3e05de1b73e1692e9568a352f60f53fd072e6e11?s=96&d=mm&r=g\",\"contentUrl\":\"https:\/\/secure.gravatar.com\/avatar\/0b31605b49f100769e8b624b3e05de1b73e1692e9568a352f60f53fd072e6e11?s=96&d=mm&r=g\",\"caption\":\"redazione\"},\"url\":\"https:\/\/progettotouring.it\/radiotouring104\/author\/redazione\/\"}]}<\/script>\n<!-- \/ Yoast SEO plugin. -->","yoast_head_json":{"title":"Catona: all'Istituto \"Radice Alighieri\" la cerimonia dei Premi studio della Fondazione \"Tripodi\" - Radio Touring 104","description":"La cerimonia dei Premi studio della Fondazione \"Tripodi\", giunta alla VI edizione, si terr\u00e0 venerd\u00ec 3 ottobre alla scuola \"Radice Alighieri\"","robots":{"index":"index","follow":"follow","max-snippet":"max-snippet:-1","max-image-preview":"max-image-preview:large","max-video-preview":"max-video-preview:-1"},"canonical":"https:\/\/progettotouring.it\/radiotouring104\/2025\/10\/02\/catona-allistituto-radice-alighieri-la-cerimonia-dei-premi-studio-della-fondazione-tripodi\/","og_locale":"it_IT","og_type":"article","og_title":"Catona: all'Istituto \"Radice Alighieri\" la cerimonia dei Premi studio della Fondazione \"Tripodi\" - Radio Touring 104","og_description":"La cerimonia dei Premi studio della Fondazione \"Tripodi\", giunta alla VI edizione, si terr\u00e0 venerd\u00ec 3 ottobre alla scuola \"Radice Alighieri\"","og_url":"https:\/\/progettotouring.it\/radiotouring104\/2025\/10\/02\/catona-allistituto-radice-alighieri-la-cerimonia-dei-premi-studio-della-fondazione-tripodi\/","og_site_name":"Radio Touring 104","article_published_time":"2025-10-02T07:21:27+00:00","article_modified_time":"2025-10-02T10:28:33+00:00","og_image":[{"width":546,"height":356,"url":"https:\/\/progettotouring.it\/radiotouring104\/wp-content\/uploads\/sites\/6\/2023\/01\/fondazione-G.-TRIPODI.png","type":"image\/png"}],"author":"redazione","twitter_card":"summary_large_image","twitter_misc":{"Scritto da":"redazione","Tempo di lettura stimato":"3 minuti"},"schema":{"@context":"https:\/\/schema.org","@graph":[{"@type":"Article","@id":"https:\/\/progettotouring.it\/radiotouring104\/2025\/10\/02\/catona-allistituto-radice-alighieri-la-cerimonia-dei-premi-studio-della-fondazione-tripodi\/#article","isPartOf":{"@id":"https:\/\/progettotouring.it\/radiotouring104\/2025\/10\/02\/catona-allistituto-radice-alighieri-la-cerimonia-dei-premi-studio-della-fondazione-tripodi\/"},"author":{"name":"redazione","@id":"https:\/\/progettotouring.it\/radiotouring104\/#\/schema\/person\/1b3eb3c07c47136bc44c785c543e635f"},"headline":"Catona: all&#8217;Istituto &#8220;Radice Alighieri&#8221; la cerimonia dei Premi studio della Fondazione &#8220;Tripodi&#8221;","datePublished":"2025-10-02T07:21:27+00:00","dateModified":"2025-10-02T10:28:33+00:00","mainEntityOfPage":{"@id":"https:\/\/progettotouring.it\/radiotouring104\/2025\/10\/02\/catona-allistituto-radice-alighieri-la-cerimonia-dei-premi-studio-della-fondazione-tripodi\/"},"wordCount":514,"publisher":{"@id":"https:\/\/progettotouring.it\/radiotouring104\/#organization"},"image":{"@id":"https:\/\/progettotouring.it\/radiotouring104\/2025\/10\/02\/catona-allistituto-radice-alighieri-la-cerimonia-dei-premi-studio-della-fondazione-tripodi\/#primaryimage"},"thumbnailUrl":"https:\/\/progettotouring.it\/radiotouring104\/wp-content\/uploads\/sites\/6\/2023\/01\/fondazione-G.-TRIPODI.png","keywords":["\u201cRadice Alighieri\u201d di Catona","fondazione tripodi","premi studio","VI\u00b0 edizione"],"articleSection":["Home","News","Reggio Calabria"],"inLanguage":"it-IT"},{"@type":"WebPage","@id":"https:\/\/progettotouring.it\/radiotouring104\/2025\/10\/02\/catona-allistituto-radice-alighieri-la-cerimonia-dei-premi-studio-della-fondazione-tripodi\/","url":"https:\/\/progettotouring.it\/radiotouring104\/2025\/10\/02\/catona-allistituto-radice-alighieri-la-cerimonia-dei-premi-studio-della-fondazione-tripodi\/","name":"Catona: all'Istituto \"Radice Alighieri\" la cerimonia dei Premi studio della Fondazione \"Tripodi\" - Radio Touring 104","isPartOf":{"@id":"https:\/\/progettotouring.it\/radiotouring104\/#website"},"primaryImageOfPage":{"@id":"https:\/\/progettotouring.it\/radiotouring104\/2025\/10\/02\/catona-allistituto-radice-alighieri-la-cerimonia-dei-premi-studio-della-fondazione-tripodi\/#primaryimage"},"image":{"@id":"https:\/\/progettotouring.it\/radiotouring104\/2025\/10\/02\/catona-allistituto-radice-alighieri-la-cerimonia-dei-premi-studio-della-fondazione-tripodi\/#primaryimage"},"thumbnailUrl":"https:\/\/progettotouring.it\/radiotouring104\/wp-content\/uploads\/sites\/6\/2023\/01\/fondazione-G.-TRIPODI.png","datePublished":"2025-10-02T07:21:27+00:00","dateModified":"2025-10-02T10:28:33+00:00","description":"La cerimonia dei Premi studio della Fondazione \"Tripodi\", giunta alla VI edizione, si terr\u00e0 venerd\u00ec 3 ottobre alla scuola \"Radice Alighieri\"","breadcrumb":{"@id":"https:\/\/progettotouring.it\/radiotouring104\/2025\/10\/02\/catona-allistituto-radice-alighieri-la-cerimonia-dei-premi-studio-della-fondazione-tripodi\/#breadcrumb"},"inLanguage":"it-IT","potentialAction":[{"@type":"ReadAction","target":["https:\/\/progettotouring.it\/radiotouring104\/2025\/10\/02\/catona-allistituto-radice-alighieri-la-cerimonia-dei-premi-studio-della-fondazione-tripodi\/"]}]},{"@type":"ImageObject","inLanguage":"it-IT","@id":"https:\/\/progettotouring.it\/radiotouring104\/2025\/10\/02\/catona-allistituto-radice-alighieri-la-cerimonia-dei-premi-studio-della-fondazione-tripodi\/#primaryimage","url":"https:\/\/progettotouring.it\/radiotouring104\/wp-content\/uploads\/sites\/6\/2023\/01\/fondazione-G.-TRIPODI.png","contentUrl":"https:\/\/progettotouring.it\/radiotouring104\/wp-content\/uploads\/sites\/6\/2023\/01\/fondazione-G.-TRIPODI.png","width":546,"height":356},{"@type":"BreadcrumbList","@id":"https:\/\/progettotouring.it\/radiotouring104\/2025\/10\/02\/catona-allistituto-radice-alighieri-la-cerimonia-dei-premi-studio-della-fondazione-tripodi\/#breadcrumb","itemListElement":[{"@type":"ListItem","position":1,"name":"Home","item":"https:\/\/progettotouring.it\/radiotouring104\/"},{"@type":"ListItem","position":2,"name":"Catona: all&#8217;Istituto &#8220;Radice Alighieri&#8221; la cerimonia dei Premi studio della Fondazione &#8220;Tripodi&#8221;"}]},{"@type":"WebSite","@id":"https:\/\/progettotouring.it\/radiotouring104\/#website","url":"https:\/\/progettotouring.it\/radiotouring104\/","name":"Radio Touring 104","description":"La prima radio Reggina","publisher":{"@id":"https:\/\/progettotouring.it\/radiotouring104\/#organization"},"potentialAction":[{"@type":"SearchAction","target":{"@type":"EntryPoint","urlTemplate":"https:\/\/progettotouring.it\/radiotouring104\/?s={search_term_string}"},"query-input":{"@type":"PropertyValueSpecification","valueRequired":true,"valueName":"search_term_string"}}],"inLanguage":"it-IT"},{"@type":"Organization","@id":"https:\/\/progettotouring.it\/radiotouring104\/#organization","name":"Radio Touring 104","url":"https:\/\/progettotouring.it\/radiotouring104\/","logo":{"@type":"ImageObject","inLanguage":"it-IT","@id":"https:\/\/progettotouring.it\/radiotouring104\/#\/schema\/logo\/image\/","url":"https:\/\/progettotouring.it\/radiotouring104\/wp-content\/uploads\/sites\/6\/2022\/02\/cropped-logo-radio-touring-104.png","contentUrl":"https:\/\/progettotouring.it\/radiotouring104\/wp-content\/uploads\/sites\/6\/2022\/02\/cropped-logo-radio-touring-104.png","width":377,"height":182,"caption":"Radio Touring 104"},"image":{"@id":"https:\/\/progettotouring.it\/radiotouring104\/#\/schema\/logo\/image\/"}},{"@type":"Person","@id":"https:\/\/progettotouring.it\/radiotouring104\/#\/schema\/person\/1b3eb3c07c47136bc44c785c543e635f","name":"redazione","image":{"@type":"ImageObject","inLanguage":"it-IT","@id":"https:\/\/secure.gravatar.com\/avatar\/0b31605b49f100769e8b624b3e05de1b73e1692e9568a352f60f53fd072e6e11?s=96&d=mm&r=g","url":"https:\/\/secure.gravatar.com\/avatar\/0b31605b49f100769e8b624b3e05de1b73e1692e9568a352f60f53fd072e6e11?s=96&d=mm&r=g","contentUrl":"https:\/\/secure.gravatar.com\/avatar\/0b31605b49f100769e8b624b3e05de1b73e1692e9568a352f60f53fd072e6e11?s=96&d=mm&r=g","caption":"redazione"},"url":"https:\/\/progettotouring.it\/radiotouring104\/author\/redazione\/"}]}},"jetpack_publicize_connections":[],"jetpack_featured_media_url":"https:\/\/progettotouring.it\/radiotouring104\/wp-content\/uploads\/sites\/6\/2023\/01\/fondazione-G.-TRIPODI.png","jetpack_sharing_enabled":true,"_links":{"self":[{"href":"https:\/\/progettotouring.it\/radiotouring104\/wp-json\/wp\/v2\/posts\/82606","targetHints":{"allow":["GET"]}}],"collection":[{"href":"https:\/\/progettotouring.it\/radiotouring104\/wp-json\/wp\/v2\/posts"}],"about":[{"href":"https:\/\/progettotouring.it\/radiotouring104\/wp-json\/wp\/v2\/types\/post"}],"author":[{"embeddable":true,"href":"https:\/\/progettotouring.it\/radiotouring104\/wp-json\/wp\/v2\/users\/5"}],"replies":[{"embeddable":true,"href":"https:\/\/progettotouring.it\/radiotouring104\/wp-json\/wp\/v2\/comments?post=82606"}],"version-history":[{"count":1,"href":"https:\/\/progettotouring.it\/radiotouring104\/wp-json\/wp\/v2\/posts\/82606\/revisions"}],"predecessor-version":[{"id":82607,"href":"https:\/\/progettotouring.it\/radiotouring104\/wp-json\/wp\/v2\/posts\/82606\/revisions\/82607"}],"wp:featuredmedia":[{"embeddable":true,"href":"https:\/\/progettotouring.it\/radiotouring104\/wp-json\/wp\/v2\/media\/16474"}],"wp:attachment":[{"href":"https:\/\/progettotouring.it\/radiotouring104\/wp-json\/wp\/v2\/media?parent=82606"}],"wp:term":[{"taxonomy":"category","embeddable":true,"href":"https:\/\/progettotouring.it\/radiotouring104\/wp-json\/wp\/v2\/categories?post=82606"},{"taxonomy":"post_tag","embeddable":true,"href":"https:\/\/progettotouring.it\/radiotouring104\/wp-json\/wp\/v2\/tags?post=82606"}],"curies":[{"name":"wp","href":"https:\/\/api.w.org\/{rel}","templated":true}]}}