{"id":82613,"date":"2025-10-02T10:47:02","date_gmt":"2025-10-02T08:47:02","guid":{"rendered":"https:\/\/progettotouring.it\/radiotouring104\/?p=82613"},"modified":"2025-10-02T12:27:43","modified_gmt":"2025-10-02T10:27:43","slug":"polistena-il-sul-denuncia-la-grave-carenza-di-personale-al-reparto-di-radiologia","status":"publish","type":"post","link":"https:\/\/progettotouring.it\/radiotouring104\/2025\/10\/02\/polistena-il-sul-denuncia-la-grave-carenza-di-personale-al-reparto-di-radiologia\/","title":{"rendered":"Polistena: il SUL denuncia la grave carenza di personale al Reparto di Radiologia"},"content":{"rendered":"<p>Pubblichiamo il comunicato stampa del Sindacato Unico dei Lavoratori, nel quale segnala la grave carenza di personale al Reparto di Radiologia dell&#8217;Ospedale di Polistena.<\/p>\n<p>&#8220;Nelle scorse settimane, e ripetutamente in occasioni precedenti, il SUL ha scritto a tutta la catena dirigenziale sanitaria dell\u2019ASP reggina per chiedere che si ponesse rimedio alla oramai cronica grave carenza di personale nell\u2019intero complesso ospedaliero di Polistena e, in particolare, nel reparto di Radiologia che ha l\u2019organico ridotto all\u2019osso e anche meno.<\/p>\n<p>Nessuna occasione per dare un po\u2019 di respiro, attraverso le nuove collaborazioni per assunzione o per convenzione, \u00e8 stata colta e utilizzata. La situazione non \u00e8 cambiata di una virgola, pur in presenza di un dato produttivo che si segnala come il migliore di questa provincia in relazione ai dipendenti utilizzati.<\/p>\n<p>Continuiamo a chiederci perch\u00e8 non venga applicato un metodo semplice e banale, ossia che a numero e qualit\u00e0 di prestazioni corrisponda il numero di addetti. Sappiamo bene che la situazione \u00e8 deficitaria in tutta la Calabria e in tutta Italia e che \u00e8 frutto di una strategia di smontamento della sanit\u00e0 pubblica che i cittadini soffrono, soprattutto quelli che rinunciano a curarsi per impossibilit\u00e0 economiche e sono il 10 %. E proseguiamo a chiedere a chi governa la sanit\u00e0, Commissario regionale in primis, cosa intende fare se un reparto gi\u00e0 con un sottoorganico preoccupante rischia di perdere, anche per un breve periodo di alcuni mesi, figure professionali indispensabili al buon andamento del reparto. E come ci si debba regolare nel caso in cui queste assenze determinano una condizione per cui, rispettando il CCNL, si sforerebbe nella gestione delle guardie o si potrebbe incappare in una impossibilit\u00e0 a garantire le guardie medesime per essere accusati di abbandono di servizio pubblico.<\/p>\n<p>I responsabili sanitari reggini non rispondono n\u00e8 con i fatti, cio\u00e8 con la disposizione di nuove unit\u00e0 laddove serve, n\u00e8 danno risposta ad un quesito che abbisogna del loro parere, come richiesto dal SUL. Insomma, di fronte a precise questioni poste ci si rifugia nell\u2019ignavia e nel mutismo come se il buon andamento di un importante presidio come l\u00ecOspedale di Polistena, non sia parte non secondaria dei motivi per cui sono nominati e retribuiti.<\/p>\n<p>&nbsp;<\/p>\n<p>Non avevamo intenzione di rendere pubblico, soprattutto in un periodo elettorale nel quale tutti parlano di sanit\u00e0 a proposito e a sproposito ma l\u2019assenza di una qualsiasi risposta ci pone l\u2019esigenza di far sapere la situazione presente che, a nostro parere, \u00e8 un ulteriore riprova e traduzione di una linea contro il buon funzionamento della sanit\u00e0 pubblica.&#8221;, scrive nel comunicato il Sindacato Unico dei Lavoratori.<\/p>\n","protected":false},"excerpt":{"rendered":"<p>Pubblichiamo il comunicato stampa del Sindacato Unico dei Lavoratori, nel quale segnala la grave carenza di personale al Reparto di Radiologia dell&#8217;Ospedale di Polistena. &#8220;Nelle scorse settimane, e ripetutamente in&hellip;<\/p>\n","protected":false},"author":5,"featured_media":7762,"comment_status":"closed","ping_status":"open","sticky":false,"template":"","format":"standard","meta":{"_jetpack_memberships_contains_paid_content":false,"footnotes":"","jetpack_publicize_message":"","jetpack_publicize_feature_enabled":true,"jetpack_social_post_already_shared":true,"jetpack_social_options":{"image_generator_settings":{"template":"highway","default_image_id":0,"font":"","enabled":false},"version":2}},"categories":[921,196,140],"tags":[32412,10373,9141,47979,39213],"class_list":["post-82613","post","type-post","status-publish","format-standard","has-post-thumbnail","hentry","category-home","category-news","category-reggio-calabria","tag-asp-di-reggio","tag-carenza-personale","tag-ospedale-polistena","tag-reparto-radiologia","tag-sindacato-unico-dei-lavoratori"],"yoast_head":"<!-- This site is optimized with the Yoast SEO plugin v27.2 - https:\/\/yoast.com\/product\/yoast-seo-wordpress\/ -->\n<title>Polistena: il SUL denuncia la carenza di personale della Radiologia<\/title>\n<meta name=\"description\" content=\"&quot;Il SUL ha scritto all&#039;Asp per chiedere di rimedio alla grave carenza di personale del Reparto di Radiologia&quot;, scrive il Sindacato\" \/>\n<meta name=\"robots\" content=\"index, follow, max-snippet:-1, max-image-preview:large, max-video-preview:-1\" \/>\n<link rel=\"canonical\" href=\"https:\/\/progettotouring.it\/radiotouring104\/2025\/10\/02\/polistena-il-sul-denuncia-la-grave-carenza-di-personale-al-reparto-di-radiologia\/\" \/>\n<meta property=\"og:locale\" content=\"it_IT\" \/>\n<meta property=\"og:type\" content=\"article\" \/>\n<meta property=\"og:title\" content=\"Polistena: il SUL denuncia la carenza di personale della Radiologia\" \/>\n<meta property=\"og:description\" content=\"&quot;Il SUL ha scritto all&#039;Asp per chiedere di rimedio alla grave carenza di personale del Reparto di Radiologia&quot;, scrive il Sindacato\" \/>\n<meta property=\"og:url\" content=\"https:\/\/progettotouring.it\/radiotouring104\/2025\/10\/02\/polistena-il-sul-denuncia-la-grave-carenza-di-personale-al-reparto-di-radiologia\/\" \/>\n<meta property=\"og:site_name\" content=\"Radio Touring 104\" \/>\n<meta property=\"article:published_time\" content=\"2025-10-02T08:47:02+00:00\" \/>\n<meta property=\"article:modified_time\" content=\"2025-10-02T10:27:43+00:00\" \/>\n<meta property=\"og:image\" content=\"https:\/\/progettotouring.it\/radiotouring104\/wp-content\/uploads\/sites\/6\/2022\/07\/2021_polistena_ospedale_pronto_soccorso_1200.jpg\" \/>\n\t<meta property=\"og:image:width\" content=\"1200\" \/>\n\t<meta property=\"og:image:height\" content=\"720\" \/>\n\t<meta property=\"og:image:type\" content=\"image\/jpeg\" \/>\n<meta name=\"author\" content=\"redazione\" \/>\n<meta name=\"twitter:card\" content=\"summary_large_image\" \/>\n<meta name=\"twitter:label1\" content=\"Scritto da\" \/>\n\t<meta name=\"twitter:data1\" content=\"redazione\" \/>\n\t<meta name=\"twitter:label2\" content=\"Tempo di lettura stimato\" \/>\n\t<meta name=\"twitter:data2\" content=\"2 minuti\" \/>\n<script type=\"application\/ld+json\" class=\"yoast-schema-graph\">{\"@context\":\"https:\/\/schema.org\",\"@graph\":[{\"@type\":\"Article\",\"@id\":\"https:\/\/progettotouring.it\/radiotouring104\/2025\/10\/02\/polistena-il-sul-denuncia-la-grave-carenza-di-personale-al-reparto-di-radiologia\/#article\",\"isPartOf\":{\"@id\":\"https:\/\/progettotouring.it\/radiotouring104\/2025\/10\/02\/polistena-il-sul-denuncia-la-grave-carenza-di-personale-al-reparto-di-radiologia\/\"},\"author\":{\"name\":\"redazione\",\"@id\":\"https:\/\/progettotouring.it\/radiotouring104\/#\/schema\/person\/1b3eb3c07c47136bc44c785c543e635f\"},\"headline\":\"Polistena: il SUL denuncia la grave carenza di personale al Reparto di Radiologia\",\"datePublished\":\"2025-10-02T08:47:02+00:00\",\"dateModified\":\"2025-10-02T10:27:43+00:00\",\"mainEntityOfPage\":{\"@id\":\"https:\/\/progettotouring.it\/radiotouring104\/2025\/10\/02\/polistena-il-sul-denuncia-la-grave-carenza-di-personale-al-reparto-di-radiologia\/\"},\"wordCount\":441,\"publisher\":{\"@id\":\"https:\/\/progettotouring.it\/radiotouring104\/#organization\"},\"image\":{\"@id\":\"https:\/\/progettotouring.it\/radiotouring104\/2025\/10\/02\/polistena-il-sul-denuncia-la-grave-carenza-di-personale-al-reparto-di-radiologia\/#primaryimage\"},\"thumbnailUrl\":\"https:\/\/progettotouring.it\/radiotouring104\/wp-content\/uploads\/sites\/6\/2022\/07\/2021_polistena_ospedale_pronto_soccorso_1200.jpg\",\"keywords\":[\"Asp di Reggio\",\"Carenza personale\",\"Ospedale Polistena\",\"Reparto Radiologia\",\"Sindacato unico dei lavoratori\"],\"articleSection\":[\"Home\",\"News\",\"Reggio Calabria\"],\"inLanguage\":\"it-IT\"},{\"@type\":\"WebPage\",\"@id\":\"https:\/\/progettotouring.it\/radiotouring104\/2025\/10\/02\/polistena-il-sul-denuncia-la-grave-carenza-di-personale-al-reparto-di-radiologia\/\",\"url\":\"https:\/\/progettotouring.it\/radiotouring104\/2025\/10\/02\/polistena-il-sul-denuncia-la-grave-carenza-di-personale-al-reparto-di-radiologia\/\",\"name\":\"Polistena: il SUL denuncia la carenza di personale della Radiologia\",\"isPartOf\":{\"@id\":\"https:\/\/progettotouring.it\/radiotouring104\/#website\"},\"primaryImageOfPage\":{\"@id\":\"https:\/\/progettotouring.it\/radiotouring104\/2025\/10\/02\/polistena-il-sul-denuncia-la-grave-carenza-di-personale-al-reparto-di-radiologia\/#primaryimage\"},\"image\":{\"@id\":\"https:\/\/progettotouring.it\/radiotouring104\/2025\/10\/02\/polistena-il-sul-denuncia-la-grave-carenza-di-personale-al-reparto-di-radiologia\/#primaryimage\"},\"thumbnailUrl\":\"https:\/\/progettotouring.it\/radiotouring104\/wp-content\/uploads\/sites\/6\/2022\/07\/2021_polistena_ospedale_pronto_soccorso_1200.jpg\",\"datePublished\":\"2025-10-02T08:47:02+00:00\",\"dateModified\":\"2025-10-02T10:27:43+00:00\",\"description\":\"\\\"Il SUL ha scritto all'Asp per chiedere di rimedio alla grave carenza di personale del Reparto di Radiologia\\\", scrive il Sindacato\",\"breadcrumb\":{\"@id\":\"https:\/\/progettotouring.it\/radiotouring104\/2025\/10\/02\/polistena-il-sul-denuncia-la-grave-carenza-di-personale-al-reparto-di-radiologia\/#breadcrumb\"},\"inLanguage\":\"it-IT\",\"potentialAction\":[{\"@type\":\"ReadAction\",\"target\":[\"https:\/\/progettotouring.it\/radiotouring104\/2025\/10\/02\/polistena-il-sul-denuncia-la-grave-carenza-di-personale-al-reparto-di-radiologia\/\"]}]},{\"@type\":\"ImageObject\",\"inLanguage\":\"it-IT\",\"@id\":\"https:\/\/progettotouring.it\/radiotouring104\/2025\/10\/02\/polistena-il-sul-denuncia-la-grave-carenza-di-personale-al-reparto-di-radiologia\/#primaryimage\",\"url\":\"https:\/\/progettotouring.it\/radiotouring104\/wp-content\/uploads\/sites\/6\/2022\/07\/2021_polistena_ospedale_pronto_soccorso_1200.jpg\",\"contentUrl\":\"https:\/\/progettotouring.it\/radiotouring104\/wp-content\/uploads\/sites\/6\/2022\/07\/2021_polistena_ospedale_pronto_soccorso_1200.jpg\",\"width\":1200,\"height\":720},{\"@type\":\"BreadcrumbList\",\"@id\":\"https:\/\/progettotouring.it\/radiotouring104\/2025\/10\/02\/polistena-il-sul-denuncia-la-grave-carenza-di-personale-al-reparto-di-radiologia\/#breadcrumb\",\"itemListElement\":[{\"@type\":\"ListItem\",\"position\":1,\"name\":\"Home\",\"item\":\"https:\/\/progettotouring.it\/radiotouring104\/\"},{\"@type\":\"ListItem\",\"position\":2,\"name\":\"Polistena: il SUL denuncia la grave carenza di personale al Reparto di Radiologia\"}]},{\"@type\":\"WebSite\",\"@id\":\"https:\/\/progettotouring.it\/radiotouring104\/#website\",\"url\":\"https:\/\/progettotouring.it\/radiotouring104\/\",\"name\":\"Radio Touring 104\",\"description\":\"La prima radio Reggina\",\"publisher\":{\"@id\":\"https:\/\/progettotouring.it\/radiotouring104\/#organization\"},\"potentialAction\":[{\"@type\":\"SearchAction\",\"target\":{\"@type\":\"EntryPoint\",\"urlTemplate\":\"https:\/\/progettotouring.it\/radiotouring104\/?s={search_term_string}\"},\"query-input\":{\"@type\":\"PropertyValueSpecification\",\"valueRequired\":true,\"valueName\":\"search_term_string\"}}],\"inLanguage\":\"it-IT\"},{\"@type\":\"Organization\",\"@id\":\"https:\/\/progettotouring.it\/radiotouring104\/#organization\",\"name\":\"Radio Touring 104\",\"url\":\"https:\/\/progettotouring.it\/radiotouring104\/\",\"logo\":{\"@type\":\"ImageObject\",\"inLanguage\":\"it-IT\",\"@id\":\"https:\/\/progettotouring.it\/radiotouring104\/#\/schema\/logo\/image\/\",\"url\":\"https:\/\/progettotouring.it\/radiotouring104\/wp-content\/uploads\/sites\/6\/2022\/02\/cropped-logo-radio-touring-104.png\",\"contentUrl\":\"https:\/\/progettotouring.it\/radiotouring104\/wp-content\/uploads\/sites\/6\/2022\/02\/cropped-logo-radio-touring-104.png\",\"width\":377,\"height\":182,\"caption\":\"Radio Touring 104\"},\"image\":{\"@id\":\"https:\/\/progettotouring.it\/radiotouring104\/#\/schema\/logo\/image\/\"}},{\"@type\":\"Person\",\"@id\":\"https:\/\/progettotouring.it\/radiotouring104\/#\/schema\/person\/1b3eb3c07c47136bc44c785c543e635f\",\"name\":\"redazione\",\"image\":{\"@type\":\"ImageObject\",\"inLanguage\":\"it-IT\",\"@id\":\"https:\/\/secure.gravatar.com\/avatar\/0b31605b49f100769e8b624b3e05de1b73e1692e9568a352f60f53fd072e6e11?s=96&d=mm&r=g\",\"url\":\"https:\/\/secure.gravatar.com\/avatar\/0b31605b49f100769e8b624b3e05de1b73e1692e9568a352f60f53fd072e6e11?s=96&d=mm&r=g\",\"contentUrl\":\"https:\/\/secure.gravatar.com\/avatar\/0b31605b49f100769e8b624b3e05de1b73e1692e9568a352f60f53fd072e6e11?s=96&d=mm&r=g\",\"caption\":\"redazione\"},\"url\":\"https:\/\/progettotouring.it\/radiotouring104\/author\/redazione\/\"}]}<\/script>\n<!-- \/ Yoast SEO plugin. -->","yoast_head_json":{"title":"Polistena: il SUL denuncia la carenza di personale della Radiologia","description":"\"Il SUL ha scritto all'Asp per chiedere di rimedio alla grave carenza di personale del Reparto di Radiologia\", scrive il Sindacato","robots":{"index":"index","follow":"follow","max-snippet":"max-snippet:-1","max-image-preview":"max-image-preview:large","max-video-preview":"max-video-preview:-1"},"canonical":"https:\/\/progettotouring.it\/radiotouring104\/2025\/10\/02\/polistena-il-sul-denuncia-la-grave-carenza-di-personale-al-reparto-di-radiologia\/","og_locale":"it_IT","og_type":"article","og_title":"Polistena: il SUL denuncia la carenza di personale della Radiologia","og_description":"\"Il SUL ha scritto all'Asp per chiedere di rimedio alla grave carenza di personale del Reparto di Radiologia\", scrive il Sindacato","og_url":"https:\/\/progettotouring.it\/radiotouring104\/2025\/10\/02\/polistena-il-sul-denuncia-la-grave-carenza-di-personale-al-reparto-di-radiologia\/","og_site_name":"Radio Touring 104","article_published_time":"2025-10-02T08:47:02+00:00","article_modified_time":"2025-10-02T10:27:43+00:00","og_image":[{"width":1200,"height":720,"url":"https:\/\/progettotouring.it\/radiotouring104\/wp-content\/uploads\/sites\/6\/2022\/07\/2021_polistena_ospedale_pronto_soccorso_1200.jpg","type":"image\/jpeg"}],"author":"redazione","twitter_card":"summary_large_image","twitter_misc":{"Scritto da":"redazione","Tempo di lettura stimato":"2 minuti"},"schema":{"@context":"https:\/\/schema.org","@graph":[{"@type":"Article","@id":"https:\/\/progettotouring.it\/radiotouring104\/2025\/10\/02\/polistena-il-sul-denuncia-la-grave-carenza-di-personale-al-reparto-di-radiologia\/#article","isPartOf":{"@id":"https:\/\/progettotouring.it\/radiotouring104\/2025\/10\/02\/polistena-il-sul-denuncia-la-grave-carenza-di-personale-al-reparto-di-radiologia\/"},"author":{"name":"redazione","@id":"https:\/\/progettotouring.it\/radiotouring104\/#\/schema\/person\/1b3eb3c07c47136bc44c785c543e635f"},"headline":"Polistena: il SUL denuncia la grave carenza di personale al Reparto di Radiologia","datePublished":"2025-10-02T08:47:02+00:00","dateModified":"2025-10-02T10:27:43+00:00","mainEntityOfPage":{"@id":"https:\/\/progettotouring.it\/radiotouring104\/2025\/10\/02\/polistena-il-sul-denuncia-la-grave-carenza-di-personale-al-reparto-di-radiologia\/"},"wordCount":441,"publisher":{"@id":"https:\/\/progettotouring.it\/radiotouring104\/#organization"},"image":{"@id":"https:\/\/progettotouring.it\/radiotouring104\/2025\/10\/02\/polistena-il-sul-denuncia-la-grave-carenza-di-personale-al-reparto-di-radiologia\/#primaryimage"},"thumbnailUrl":"https:\/\/progettotouring.it\/radiotouring104\/wp-content\/uploads\/sites\/6\/2022\/07\/2021_polistena_ospedale_pronto_soccorso_1200.jpg","keywords":["Asp di Reggio","Carenza personale","Ospedale Polistena","Reparto Radiologia","Sindacato unico dei lavoratori"],"articleSection":["Home","News","Reggio Calabria"],"inLanguage":"it-IT"},{"@type":"WebPage","@id":"https:\/\/progettotouring.it\/radiotouring104\/2025\/10\/02\/polistena-il-sul-denuncia-la-grave-carenza-di-personale-al-reparto-di-radiologia\/","url":"https:\/\/progettotouring.it\/radiotouring104\/2025\/10\/02\/polistena-il-sul-denuncia-la-grave-carenza-di-personale-al-reparto-di-radiologia\/","name":"Polistena: il SUL denuncia la carenza di personale della Radiologia","isPartOf":{"@id":"https:\/\/progettotouring.it\/radiotouring104\/#website"},"primaryImageOfPage":{"@id":"https:\/\/progettotouring.it\/radiotouring104\/2025\/10\/02\/polistena-il-sul-denuncia-la-grave-carenza-di-personale-al-reparto-di-radiologia\/#primaryimage"},"image":{"@id":"https:\/\/progettotouring.it\/radiotouring104\/2025\/10\/02\/polistena-il-sul-denuncia-la-grave-carenza-di-personale-al-reparto-di-radiologia\/#primaryimage"},"thumbnailUrl":"https:\/\/progettotouring.it\/radiotouring104\/wp-content\/uploads\/sites\/6\/2022\/07\/2021_polistena_ospedale_pronto_soccorso_1200.jpg","datePublished":"2025-10-02T08:47:02+00:00","dateModified":"2025-10-02T10:27:43+00:00","description":"\"Il SUL ha scritto all'Asp per chiedere di rimedio alla grave carenza di personale del Reparto di Radiologia\", scrive il Sindacato","breadcrumb":{"@id":"https:\/\/progettotouring.it\/radiotouring104\/2025\/10\/02\/polistena-il-sul-denuncia-la-grave-carenza-di-personale-al-reparto-di-radiologia\/#breadcrumb"},"inLanguage":"it-IT","potentialAction":[{"@type":"ReadAction","target":["https:\/\/progettotouring.it\/radiotouring104\/2025\/10\/02\/polistena-il-sul-denuncia-la-grave-carenza-di-personale-al-reparto-di-radiologia\/"]}]},{"@type":"ImageObject","inLanguage":"it-IT","@id":"https:\/\/progettotouring.it\/radiotouring104\/2025\/10\/02\/polistena-il-sul-denuncia-la-grave-carenza-di-personale-al-reparto-di-radiologia\/#primaryimage","url":"https:\/\/progettotouring.it\/radiotouring104\/wp-content\/uploads\/sites\/6\/2022\/07\/2021_polistena_ospedale_pronto_soccorso_1200.jpg","contentUrl":"https:\/\/progettotouring.it\/radiotouring104\/wp-content\/uploads\/sites\/6\/2022\/07\/2021_polistena_ospedale_pronto_soccorso_1200.jpg","width":1200,"height":720},{"@type":"BreadcrumbList","@id":"https:\/\/progettotouring.it\/radiotouring104\/2025\/10\/02\/polistena-il-sul-denuncia-la-grave-carenza-di-personale-al-reparto-di-radiologia\/#breadcrumb","itemListElement":[{"@type":"ListItem","position":1,"name":"Home","item":"https:\/\/progettotouring.it\/radiotouring104\/"},{"@type":"ListItem","position":2,"name":"Polistena: il SUL denuncia la grave carenza di personale al Reparto di Radiologia"}]},{"@type":"WebSite","@id":"https:\/\/progettotouring.it\/radiotouring104\/#website","url":"https:\/\/progettotouring.it\/radiotouring104\/","name":"Radio Touring 104","description":"La prima radio Reggina","publisher":{"@id":"https:\/\/progettotouring.it\/radiotouring104\/#organization"},"potentialAction":[{"@type":"SearchAction","target":{"@type":"EntryPoint","urlTemplate":"https:\/\/progettotouring.it\/radiotouring104\/?s={search_term_string}"},"query-input":{"@type":"PropertyValueSpecification","valueRequired":true,"valueName":"search_term_string"}}],"inLanguage":"it-IT"},{"@type":"Organization","@id":"https:\/\/progettotouring.it\/radiotouring104\/#organization","name":"Radio Touring 104","url":"https:\/\/progettotouring.it\/radiotouring104\/","logo":{"@type":"ImageObject","inLanguage":"it-IT","@id":"https:\/\/progettotouring.it\/radiotouring104\/#\/schema\/logo\/image\/","url":"https:\/\/progettotouring.it\/radiotouring104\/wp-content\/uploads\/sites\/6\/2022\/02\/cropped-logo-radio-touring-104.png","contentUrl":"https:\/\/progettotouring.it\/radiotouring104\/wp-content\/uploads\/sites\/6\/2022\/02\/cropped-logo-radio-touring-104.png","width":377,"height":182,"caption":"Radio Touring 104"},"image":{"@id":"https:\/\/progettotouring.it\/radiotouring104\/#\/schema\/logo\/image\/"}},{"@type":"Person","@id":"https:\/\/progettotouring.it\/radiotouring104\/#\/schema\/person\/1b3eb3c07c47136bc44c785c543e635f","name":"redazione","image":{"@type":"ImageObject","inLanguage":"it-IT","@id":"https:\/\/secure.gravatar.com\/avatar\/0b31605b49f100769e8b624b3e05de1b73e1692e9568a352f60f53fd072e6e11?s=96&d=mm&r=g","url":"https:\/\/secure.gravatar.com\/avatar\/0b31605b49f100769e8b624b3e05de1b73e1692e9568a352f60f53fd072e6e11?s=96&d=mm&r=g","contentUrl":"https:\/\/secure.gravatar.com\/avatar\/0b31605b49f100769e8b624b3e05de1b73e1692e9568a352f60f53fd072e6e11?s=96&d=mm&r=g","caption":"redazione"},"url":"https:\/\/progettotouring.it\/radiotouring104\/author\/redazione\/"}]}},"jetpack_publicize_connections":[],"jetpack_featured_media_url":"https:\/\/progettotouring.it\/radiotouring104\/wp-content\/uploads\/sites\/6\/2022\/07\/2021_polistena_ospedale_pronto_soccorso_1200.jpg","jetpack_sharing_enabled":true,"_links":{"self":[{"href":"https:\/\/progettotouring.it\/radiotouring104\/wp-json\/wp\/v2\/posts\/82613","targetHints":{"allow":["GET"]}}],"collection":[{"href":"https:\/\/progettotouring.it\/radiotouring104\/wp-json\/wp\/v2\/posts"}],"about":[{"href":"https:\/\/progettotouring.it\/radiotouring104\/wp-json\/wp\/v2\/types\/post"}],"author":[{"embeddable":true,"href":"https:\/\/progettotouring.it\/radiotouring104\/wp-json\/wp\/v2\/users\/5"}],"replies":[{"embeddable":true,"href":"https:\/\/progettotouring.it\/radiotouring104\/wp-json\/wp\/v2\/comments?post=82613"}],"version-history":[{"count":3,"href":"https:\/\/progettotouring.it\/radiotouring104\/wp-json\/wp\/v2\/posts\/82613\/revisions"}],"predecessor-version":[{"id":82634,"href":"https:\/\/progettotouring.it\/radiotouring104\/wp-json\/wp\/v2\/posts\/82613\/revisions\/82634"}],"wp:featuredmedia":[{"embeddable":true,"href":"https:\/\/progettotouring.it\/radiotouring104\/wp-json\/wp\/v2\/media\/7762"}],"wp:attachment":[{"href":"https:\/\/progettotouring.it\/radiotouring104\/wp-json\/wp\/v2\/media?parent=82613"}],"wp:term":[{"taxonomy":"category","embeddable":true,"href":"https:\/\/progettotouring.it\/radiotouring104\/wp-json\/wp\/v2\/categories?post=82613"},{"taxonomy":"post_tag","embeddable":true,"href":"https:\/\/progettotouring.it\/radiotouring104\/wp-json\/wp\/v2\/tags?post=82613"}],"curies":[{"name":"wp","href":"https:\/\/api.w.org\/{rel}","templated":true}]}}