{"id":82614,"date":"2025-10-02T09:51:34","date_gmt":"2025-10-02T07:51:34","guid":{"rendered":"https:\/\/progettotouring.it\/radiotouring104\/?p=82614"},"modified":"2025-10-02T12:28:19","modified_gmt":"2025-10-02T10:28:19","slug":"reggio-pubblicato-il-bando-per-lassegnazione-degli-orti-urbani-sul-viale-messina-ecco-come-presentare-domanda","status":"publish","type":"post","link":"https:\/\/progettotouring.it\/radiotouring104\/2025\/10\/02\/reggio-pubblicato-il-bando-per-lassegnazione-degli-orti-urbani-sul-viale-messina-ecco-come-presentare-domanda\/","title":{"rendered":"Reggio: pubblicato il bando per l&#8217;assegnazione degli orti urbani sul Viale Messina. Ecco come presentare domanda"},"content":{"rendered":"<div class=\"msg-view-text-cnt\">\n<div class=\"xam_msg_class\">\n<div dir=\"ltr\">\u00abIl Comune di Reggio Calabria ha pubblicato il bando per l\u2019assegnazione di orti urbani, appezzamenti di terreno di propriet\u00e0 comunale sul viale Messina che saranno assegnati, tramite concessione, a cittadini e famiglie per la produzione di ortaggi, piante officinali, erbe aromatiche e fiori\u00bb. A dare l\u2019annuncio in un comunicato stampa \u00e8 il sindaco Giuseppe Falcomat\u00e0 e il consigliere delegato al Decoro urbano e ai Parchi e giardini, Massimiliano Merenda.<\/div>\n<div dir=\"ltr\"><\/div>\n<div dir=\"ltr\">\u00a0\u00abAccogliamo con gioia i primi orti urbani nella citt\u00e0 dello stretto \u2013 ha chiarito Falcomat\u00e0 \u2013 si tratta di una iniziativa che fa parte delle linee di mandato a cui teniamo in modo particolare. La finalit\u00e0 dell\u2019iniziativa \u00e8 in prevalenza sociale, ricreativa, culturale e didattica, diretta in particolare a promuovere le buone pratiche di cura del patrimonio pubblico e ambientale e a favorire la socialit\u00e0 attraverso attivit\u00e0 senza fini di lucro e per promuovere una sana alimentazione. \u00c8 importante la partecipazione per non perdere l\u2019opportunit\u00e0 di contribuire alla tutela del paesaggio e alla creazione di una comunit\u00e0 pi\u00f9 unita e all\u2019insegna della sostenibilit\u00e0\u00bb.<\/div>\n<div dir=\"ltr\"><\/div>\n<div dir=\"ltr\">\u00abQuelli che si erano sviluppati come \u201cOrticelli di guerra\u201d per far fronte alla povert\u00e0 durante il secondo conflitto mondiale vengono ripresi negli anni Ottanta, con la redazione di regolamenti comunali per l&#8217;assegnazione degli orti a cittadini, come nel caso della citt\u00e0 di Modena \u2013 ha evidenziato Merenda \u2013 con la pubblicazione del bando anche la citt\u00e0 dello Stretto si dota di questo strumento importante per la socializzazione. Si \u00e8 trattato anche di un intervento di rigenerazione urbana, in quella zona sono state necessarie anche due bonifiche. Uno spazio riportato alla \u201cnormalit\u00e0\u201d per i cittadini ma anche da scuole, associazioni e da chiunque vorr\u00e0 partecipare al bando. Saranno piantati anche degli alberi e saranno arredi urbani. Sono orti che insegnano il rispetto del bene comune, un\u2019opera di sensibilizzazione. Ringrazio il settore Ambiente e la societ\u00e0 Castore che si \u00e8 occupata dei lavori\u00bb.<\/div>\n<div dir=\"ltr\"><\/div>\n<div dir=\"ltr\">Il regolamento stabilisce che gli orti urbani, appezzamenti di terreno di massimo 60 mq, sono destinati ai residenti del Comune, con priorit\u00e0 per pensionati, famiglie numerose, giovani e soggetti svantaggiati.\u00a0 Possono partecipare anche enti no profit, cooperative sociali e scuole con progetti educativi. La concessione avr\u00e0 durata quinquennale e sar\u00e0 regolata da apposita convenzione.\u00a0 I cittadini interessati possono presentare domanda seguendo le indicazioni del bando, disponibile presso l\u2019Albo Pretorio e sul sito istituzionale del Comune e, per maggiori informazioni, contattare il Settore Ambiente \u2013 Servizio Agricoltura.<\/div>\n<\/div>\n<\/div>\n<div class=\"msg-view-attach-preview\">\n<div id=\"uiLogic_webmail__view_AttachmentsImageBlock_6\" class=\"attachmentsBlock\" role=\"group\"><\/div>\n<\/div>\n","protected":false},"excerpt":{"rendered":"<p>\u00abIl Comune di Reggio Calabria ha pubblicato il bando per l\u2019assegnazione di orti urbani, appezzamenti di terreno di propriet\u00e0 comunale sul viale Messina che saranno assegnati, tramite concessione, a cittadini&hellip;<\/p>\n","protected":false},"author":5,"featured_media":82615,"comment_status":"closed","ping_status":"open","sticky":false,"template":"","format":"standard","meta":{"_jetpack_memberships_contains_paid_content":false,"footnotes":"","jetpack_publicize_message":"","jetpack_publicize_feature_enabled":true,"jetpack_social_post_already_shared":true,"jetpack_social_options":{"image_generator_settings":{"template":"highway","default_image_id":0,"font":"","enabled":false},"version":2}},"categories":[921,196,140],"tags":[47963,812,3639,47964,37057,1784],"class_list":["post-82614","post","type-post","status-publish","format-standard","has-post-thumbnail","hentry","category-home","category-news","category-reggio-calabria","tag-assegnazione-degli-orti-urbani","tag-giuseppe-falcomata","tag-massimiliano-merenda","tag-presentazione-domanda","tag-pubblicato-bando","tag-viale-messina"],"yoast_head":"<!-- This site is optimized with the Yoast SEO plugin v27.2 - https:\/\/yoast.com\/product\/yoast-seo-wordpress\/ -->\n<title>Reggio: bando per assegnazione orti urbani. I dettagli<\/title>\n<meta name=\"description\" content=\"\u00abOpportunit\u00e0 di contribuire alla tutela del paesaggio all\u2019insegna della sostenibilit\u00e0\u00bb, dichiara il Sindaco di Reggio, Giuseppe Falcomat\u00e0\" \/>\n<meta name=\"robots\" content=\"index, follow, max-snippet:-1, max-image-preview:large, max-video-preview:-1\" \/>\n<link rel=\"canonical\" href=\"https:\/\/progettotouring.it\/radiotouring104\/2025\/10\/02\/reggio-pubblicato-il-bando-per-lassegnazione-degli-orti-urbani-sul-viale-messina-ecco-come-presentare-domanda\/\" \/>\n<meta property=\"og:locale\" content=\"it_IT\" \/>\n<meta property=\"og:type\" content=\"article\" \/>\n<meta property=\"og:title\" content=\"Reggio: bando per assegnazione orti urbani. I dettagli\" \/>\n<meta property=\"og:description\" content=\"\u00abOpportunit\u00e0 di contribuire alla tutela del paesaggio all\u2019insegna della sostenibilit\u00e0\u00bb, dichiara il Sindaco di Reggio, Giuseppe Falcomat\u00e0\" \/>\n<meta property=\"og:url\" content=\"https:\/\/progettotouring.it\/radiotouring104\/2025\/10\/02\/reggio-pubblicato-il-bando-per-lassegnazione-degli-orti-urbani-sul-viale-messina-ecco-come-presentare-domanda\/\" \/>\n<meta property=\"og:site_name\" content=\"Radio Touring 104\" \/>\n<meta property=\"article:published_time\" content=\"2025-10-02T07:51:34+00:00\" \/>\n<meta property=\"article:modified_time\" content=\"2025-10-02T10:28:19+00:00\" \/>\n<meta property=\"og:image\" content=\"https:\/\/progettotouring.it\/radiotouring104\/wp-content\/uploads\/sites\/6\/2025\/10\/bando-orti-urbani-Viale-Messina.jpeg\" \/>\n\t<meta property=\"og:image:width\" content=\"1125\" \/>\n\t<meta property=\"og:image:height\" content=\"1248\" \/>\n\t<meta property=\"og:image:type\" content=\"image\/jpeg\" \/>\n<meta name=\"author\" content=\"redazione\" \/>\n<meta name=\"twitter:card\" content=\"summary_large_image\" \/>\n<meta name=\"twitter:label1\" content=\"Scritto da\" \/>\n\t<meta name=\"twitter:data1\" content=\"redazione\" \/>\n\t<meta name=\"twitter:label2\" content=\"Tempo di lettura stimato\" \/>\n\t<meta name=\"twitter:data2\" content=\"2 minuti\" \/>\n<script type=\"application\/ld+json\" class=\"yoast-schema-graph\">{\"@context\":\"https:\/\/schema.org\",\"@graph\":[{\"@type\":\"Article\",\"@id\":\"https:\/\/progettotouring.it\/radiotouring104\/2025\/10\/02\/reggio-pubblicato-il-bando-per-lassegnazione-degli-orti-urbani-sul-viale-messina-ecco-come-presentare-domanda\/#article\",\"isPartOf\":{\"@id\":\"https:\/\/progettotouring.it\/radiotouring104\/2025\/10\/02\/reggio-pubblicato-il-bando-per-lassegnazione-degli-orti-urbani-sul-viale-messina-ecco-come-presentare-domanda\/\"},\"author\":{\"name\":\"redazione\",\"@id\":\"https:\/\/progettotouring.it\/radiotouring104\/#\/schema\/person\/1b3eb3c07c47136bc44c785c543e635f\"},\"headline\":\"Reggio: pubblicato il bando per l&#8217;assegnazione degli orti urbani sul Viale Messina. Ecco come presentare domanda\",\"datePublished\":\"2025-10-02T07:51:34+00:00\",\"dateModified\":\"2025-10-02T10:28:19+00:00\",\"mainEntityOfPage\":{\"@id\":\"https:\/\/progettotouring.it\/radiotouring104\/2025\/10\/02\/reggio-pubblicato-il-bando-per-lassegnazione-degli-orti-urbani-sul-viale-messina-ecco-come-presentare-domanda\/\"},\"wordCount\":411,\"publisher\":{\"@id\":\"https:\/\/progettotouring.it\/radiotouring104\/#organization\"},\"image\":{\"@id\":\"https:\/\/progettotouring.it\/radiotouring104\/2025\/10\/02\/reggio-pubblicato-il-bando-per-lassegnazione-degli-orti-urbani-sul-viale-messina-ecco-come-presentare-domanda\/#primaryimage\"},\"thumbnailUrl\":\"https:\/\/progettotouring.it\/radiotouring104\/wp-content\/uploads\/sites\/6\/2025\/10\/bando-orti-urbani-Viale-Messina.jpeg\",\"keywords\":[\"assegnazione degli orti urbani\",\"Giuseppe Falcomat\u00e0\",\"Massimiliano Merenda\",\"presentazione domanda\",\"pubblicato bando\",\"viale messina\"],\"articleSection\":[\"Home\",\"News\",\"Reggio Calabria\"],\"inLanguage\":\"it-IT\"},{\"@type\":\"WebPage\",\"@id\":\"https:\/\/progettotouring.it\/radiotouring104\/2025\/10\/02\/reggio-pubblicato-il-bando-per-lassegnazione-degli-orti-urbani-sul-viale-messina-ecco-come-presentare-domanda\/\",\"url\":\"https:\/\/progettotouring.it\/radiotouring104\/2025\/10\/02\/reggio-pubblicato-il-bando-per-lassegnazione-degli-orti-urbani-sul-viale-messina-ecco-come-presentare-domanda\/\",\"name\":\"Reggio: bando per assegnazione orti urbani. I dettagli\",\"isPartOf\":{\"@id\":\"https:\/\/progettotouring.it\/radiotouring104\/#website\"},\"primaryImageOfPage\":{\"@id\":\"https:\/\/progettotouring.it\/radiotouring104\/2025\/10\/02\/reggio-pubblicato-il-bando-per-lassegnazione-degli-orti-urbani-sul-viale-messina-ecco-come-presentare-domanda\/#primaryimage\"},\"image\":{\"@id\":\"https:\/\/progettotouring.it\/radiotouring104\/2025\/10\/02\/reggio-pubblicato-il-bando-per-lassegnazione-degli-orti-urbani-sul-viale-messina-ecco-come-presentare-domanda\/#primaryimage\"},\"thumbnailUrl\":\"https:\/\/progettotouring.it\/radiotouring104\/wp-content\/uploads\/sites\/6\/2025\/10\/bando-orti-urbani-Viale-Messina.jpeg\",\"datePublished\":\"2025-10-02T07:51:34+00:00\",\"dateModified\":\"2025-10-02T10:28:19+00:00\",\"description\":\"\u00abOpportunit\u00e0 di contribuire alla tutela del paesaggio all\u2019insegna della sostenibilit\u00e0\u00bb, dichiara il Sindaco di Reggio, Giuseppe Falcomat\u00e0\",\"breadcrumb\":{\"@id\":\"https:\/\/progettotouring.it\/radiotouring104\/2025\/10\/02\/reggio-pubblicato-il-bando-per-lassegnazione-degli-orti-urbani-sul-viale-messina-ecco-come-presentare-domanda\/#breadcrumb\"},\"inLanguage\":\"it-IT\",\"potentialAction\":[{\"@type\":\"ReadAction\",\"target\":[\"https:\/\/progettotouring.it\/radiotouring104\/2025\/10\/02\/reggio-pubblicato-il-bando-per-lassegnazione-degli-orti-urbani-sul-viale-messina-ecco-come-presentare-domanda\/\"]}]},{\"@type\":\"ImageObject\",\"inLanguage\":\"it-IT\",\"@id\":\"https:\/\/progettotouring.it\/radiotouring104\/2025\/10\/02\/reggio-pubblicato-il-bando-per-lassegnazione-degli-orti-urbani-sul-viale-messina-ecco-come-presentare-domanda\/#primaryimage\",\"url\":\"https:\/\/progettotouring.it\/radiotouring104\/wp-content\/uploads\/sites\/6\/2025\/10\/bando-orti-urbani-Viale-Messina.jpeg\",\"contentUrl\":\"https:\/\/progettotouring.it\/radiotouring104\/wp-content\/uploads\/sites\/6\/2025\/10\/bando-orti-urbani-Viale-Messina.jpeg\",\"width\":1125,\"height\":1248},{\"@type\":\"BreadcrumbList\",\"@id\":\"https:\/\/progettotouring.it\/radiotouring104\/2025\/10\/02\/reggio-pubblicato-il-bando-per-lassegnazione-degli-orti-urbani-sul-viale-messina-ecco-come-presentare-domanda\/#breadcrumb\",\"itemListElement\":[{\"@type\":\"ListItem\",\"position\":1,\"name\":\"Home\",\"item\":\"https:\/\/progettotouring.it\/radiotouring104\/\"},{\"@type\":\"ListItem\",\"position\":2,\"name\":\"Reggio: pubblicato il bando per l&#8217;assegnazione degli orti urbani sul Viale Messina. Ecco come presentare domanda\"}]},{\"@type\":\"WebSite\",\"@id\":\"https:\/\/progettotouring.it\/radiotouring104\/#website\",\"url\":\"https:\/\/progettotouring.it\/radiotouring104\/\",\"name\":\"Radio Touring 104\",\"description\":\"La prima radio Reggina\",\"publisher\":{\"@id\":\"https:\/\/progettotouring.it\/radiotouring104\/#organization\"},\"potentialAction\":[{\"@type\":\"SearchAction\",\"target\":{\"@type\":\"EntryPoint\",\"urlTemplate\":\"https:\/\/progettotouring.it\/radiotouring104\/?s={search_term_string}\"},\"query-input\":{\"@type\":\"PropertyValueSpecification\",\"valueRequired\":true,\"valueName\":\"search_term_string\"}}],\"inLanguage\":\"it-IT\"},{\"@type\":\"Organization\",\"@id\":\"https:\/\/progettotouring.it\/radiotouring104\/#organization\",\"name\":\"Radio Touring 104\",\"url\":\"https:\/\/progettotouring.it\/radiotouring104\/\",\"logo\":{\"@type\":\"ImageObject\",\"inLanguage\":\"it-IT\",\"@id\":\"https:\/\/progettotouring.it\/radiotouring104\/#\/schema\/logo\/image\/\",\"url\":\"https:\/\/progettotouring.it\/radiotouring104\/wp-content\/uploads\/sites\/6\/2022\/02\/cropped-logo-radio-touring-104.png\",\"contentUrl\":\"https:\/\/progettotouring.it\/radiotouring104\/wp-content\/uploads\/sites\/6\/2022\/02\/cropped-logo-radio-touring-104.png\",\"width\":377,\"height\":182,\"caption\":\"Radio Touring 104\"},\"image\":{\"@id\":\"https:\/\/progettotouring.it\/radiotouring104\/#\/schema\/logo\/image\/\"}},{\"@type\":\"Person\",\"@id\":\"https:\/\/progettotouring.it\/radiotouring104\/#\/schema\/person\/1b3eb3c07c47136bc44c785c543e635f\",\"name\":\"redazione\",\"image\":{\"@type\":\"ImageObject\",\"inLanguage\":\"it-IT\",\"@id\":\"https:\/\/secure.gravatar.com\/avatar\/0b31605b49f100769e8b624b3e05de1b73e1692e9568a352f60f53fd072e6e11?s=96&d=mm&r=g\",\"url\":\"https:\/\/secure.gravatar.com\/avatar\/0b31605b49f100769e8b624b3e05de1b73e1692e9568a352f60f53fd072e6e11?s=96&d=mm&r=g\",\"contentUrl\":\"https:\/\/secure.gravatar.com\/avatar\/0b31605b49f100769e8b624b3e05de1b73e1692e9568a352f60f53fd072e6e11?s=96&d=mm&r=g\",\"caption\":\"redazione\"},\"url\":\"https:\/\/progettotouring.it\/radiotouring104\/author\/redazione\/\"}]}<\/script>\n<!-- \/ Yoast SEO plugin. -->","yoast_head_json":{"title":"Reggio: bando per assegnazione orti urbani. I dettagli","description":"\u00abOpportunit\u00e0 di contribuire alla tutela del paesaggio all\u2019insegna della sostenibilit\u00e0\u00bb, dichiara il Sindaco di Reggio, Giuseppe Falcomat\u00e0","robots":{"index":"index","follow":"follow","max-snippet":"max-snippet:-1","max-image-preview":"max-image-preview:large","max-video-preview":"max-video-preview:-1"},"canonical":"https:\/\/progettotouring.it\/radiotouring104\/2025\/10\/02\/reggio-pubblicato-il-bando-per-lassegnazione-degli-orti-urbani-sul-viale-messina-ecco-come-presentare-domanda\/","og_locale":"it_IT","og_type":"article","og_title":"Reggio: bando per assegnazione orti urbani. I dettagli","og_description":"\u00abOpportunit\u00e0 di contribuire alla tutela del paesaggio all\u2019insegna della sostenibilit\u00e0\u00bb, dichiara il Sindaco di Reggio, Giuseppe Falcomat\u00e0","og_url":"https:\/\/progettotouring.it\/radiotouring104\/2025\/10\/02\/reggio-pubblicato-il-bando-per-lassegnazione-degli-orti-urbani-sul-viale-messina-ecco-come-presentare-domanda\/","og_site_name":"Radio Touring 104","article_published_time":"2025-10-02T07:51:34+00:00","article_modified_time":"2025-10-02T10:28:19+00:00","og_image":[{"width":1125,"height":1248,"url":"https:\/\/progettotouring.it\/radiotouring104\/wp-content\/uploads\/sites\/6\/2025\/10\/bando-orti-urbani-Viale-Messina.jpeg","type":"image\/jpeg"}],"author":"redazione","twitter_card":"summary_large_image","twitter_misc":{"Scritto da":"redazione","Tempo di lettura stimato":"2 minuti"},"schema":{"@context":"https:\/\/schema.org","@graph":[{"@type":"Article","@id":"https:\/\/progettotouring.it\/radiotouring104\/2025\/10\/02\/reggio-pubblicato-il-bando-per-lassegnazione-degli-orti-urbani-sul-viale-messina-ecco-come-presentare-domanda\/#article","isPartOf":{"@id":"https:\/\/progettotouring.it\/radiotouring104\/2025\/10\/02\/reggio-pubblicato-il-bando-per-lassegnazione-degli-orti-urbani-sul-viale-messina-ecco-come-presentare-domanda\/"},"author":{"name":"redazione","@id":"https:\/\/progettotouring.it\/radiotouring104\/#\/schema\/person\/1b3eb3c07c47136bc44c785c543e635f"},"headline":"Reggio: pubblicato il bando per l&#8217;assegnazione degli orti urbani sul Viale Messina. Ecco come presentare domanda","datePublished":"2025-10-02T07:51:34+00:00","dateModified":"2025-10-02T10:28:19+00:00","mainEntityOfPage":{"@id":"https:\/\/progettotouring.it\/radiotouring104\/2025\/10\/02\/reggio-pubblicato-il-bando-per-lassegnazione-degli-orti-urbani-sul-viale-messina-ecco-come-presentare-domanda\/"},"wordCount":411,"publisher":{"@id":"https:\/\/progettotouring.it\/radiotouring104\/#organization"},"image":{"@id":"https:\/\/progettotouring.it\/radiotouring104\/2025\/10\/02\/reggio-pubblicato-il-bando-per-lassegnazione-degli-orti-urbani-sul-viale-messina-ecco-come-presentare-domanda\/#primaryimage"},"thumbnailUrl":"https:\/\/progettotouring.it\/radiotouring104\/wp-content\/uploads\/sites\/6\/2025\/10\/bando-orti-urbani-Viale-Messina.jpeg","keywords":["assegnazione degli orti urbani","Giuseppe Falcomat\u00e0","Massimiliano Merenda","presentazione domanda","pubblicato bando","viale messina"],"articleSection":["Home","News","Reggio Calabria"],"inLanguage":"it-IT"},{"@type":"WebPage","@id":"https:\/\/progettotouring.it\/radiotouring104\/2025\/10\/02\/reggio-pubblicato-il-bando-per-lassegnazione-degli-orti-urbani-sul-viale-messina-ecco-come-presentare-domanda\/","url":"https:\/\/progettotouring.it\/radiotouring104\/2025\/10\/02\/reggio-pubblicato-il-bando-per-lassegnazione-degli-orti-urbani-sul-viale-messina-ecco-come-presentare-domanda\/","name":"Reggio: bando per assegnazione orti urbani. I dettagli","isPartOf":{"@id":"https:\/\/progettotouring.it\/radiotouring104\/#website"},"primaryImageOfPage":{"@id":"https:\/\/progettotouring.it\/radiotouring104\/2025\/10\/02\/reggio-pubblicato-il-bando-per-lassegnazione-degli-orti-urbani-sul-viale-messina-ecco-come-presentare-domanda\/#primaryimage"},"image":{"@id":"https:\/\/progettotouring.it\/radiotouring104\/2025\/10\/02\/reggio-pubblicato-il-bando-per-lassegnazione-degli-orti-urbani-sul-viale-messina-ecco-come-presentare-domanda\/#primaryimage"},"thumbnailUrl":"https:\/\/progettotouring.it\/radiotouring104\/wp-content\/uploads\/sites\/6\/2025\/10\/bando-orti-urbani-Viale-Messina.jpeg","datePublished":"2025-10-02T07:51:34+00:00","dateModified":"2025-10-02T10:28:19+00:00","description":"\u00abOpportunit\u00e0 di contribuire alla tutela del paesaggio all\u2019insegna della sostenibilit\u00e0\u00bb, dichiara il Sindaco di Reggio, Giuseppe Falcomat\u00e0","breadcrumb":{"@id":"https:\/\/progettotouring.it\/radiotouring104\/2025\/10\/02\/reggio-pubblicato-il-bando-per-lassegnazione-degli-orti-urbani-sul-viale-messina-ecco-come-presentare-domanda\/#breadcrumb"},"inLanguage":"it-IT","potentialAction":[{"@type":"ReadAction","target":["https:\/\/progettotouring.it\/radiotouring104\/2025\/10\/02\/reggio-pubblicato-il-bando-per-lassegnazione-degli-orti-urbani-sul-viale-messina-ecco-come-presentare-domanda\/"]}]},{"@type":"ImageObject","inLanguage":"it-IT","@id":"https:\/\/progettotouring.it\/radiotouring104\/2025\/10\/02\/reggio-pubblicato-il-bando-per-lassegnazione-degli-orti-urbani-sul-viale-messina-ecco-come-presentare-domanda\/#primaryimage","url":"https:\/\/progettotouring.it\/radiotouring104\/wp-content\/uploads\/sites\/6\/2025\/10\/bando-orti-urbani-Viale-Messina.jpeg","contentUrl":"https:\/\/progettotouring.it\/radiotouring104\/wp-content\/uploads\/sites\/6\/2025\/10\/bando-orti-urbani-Viale-Messina.jpeg","width":1125,"height":1248},{"@type":"BreadcrumbList","@id":"https:\/\/progettotouring.it\/radiotouring104\/2025\/10\/02\/reggio-pubblicato-il-bando-per-lassegnazione-degli-orti-urbani-sul-viale-messina-ecco-come-presentare-domanda\/#breadcrumb","itemListElement":[{"@type":"ListItem","position":1,"name":"Home","item":"https:\/\/progettotouring.it\/radiotouring104\/"},{"@type":"ListItem","position":2,"name":"Reggio: pubblicato il bando per l&#8217;assegnazione degli orti urbani sul Viale Messina. Ecco come presentare domanda"}]},{"@type":"WebSite","@id":"https:\/\/progettotouring.it\/radiotouring104\/#website","url":"https:\/\/progettotouring.it\/radiotouring104\/","name":"Radio Touring 104","description":"La prima radio Reggina","publisher":{"@id":"https:\/\/progettotouring.it\/radiotouring104\/#organization"},"potentialAction":[{"@type":"SearchAction","target":{"@type":"EntryPoint","urlTemplate":"https:\/\/progettotouring.it\/radiotouring104\/?s={search_term_string}"},"query-input":{"@type":"PropertyValueSpecification","valueRequired":true,"valueName":"search_term_string"}}],"inLanguage":"it-IT"},{"@type":"Organization","@id":"https:\/\/progettotouring.it\/radiotouring104\/#organization","name":"Radio Touring 104","url":"https:\/\/progettotouring.it\/radiotouring104\/","logo":{"@type":"ImageObject","inLanguage":"it-IT","@id":"https:\/\/progettotouring.it\/radiotouring104\/#\/schema\/logo\/image\/","url":"https:\/\/progettotouring.it\/radiotouring104\/wp-content\/uploads\/sites\/6\/2022\/02\/cropped-logo-radio-touring-104.png","contentUrl":"https:\/\/progettotouring.it\/radiotouring104\/wp-content\/uploads\/sites\/6\/2022\/02\/cropped-logo-radio-touring-104.png","width":377,"height":182,"caption":"Radio Touring 104"},"image":{"@id":"https:\/\/progettotouring.it\/radiotouring104\/#\/schema\/logo\/image\/"}},{"@type":"Person","@id":"https:\/\/progettotouring.it\/radiotouring104\/#\/schema\/person\/1b3eb3c07c47136bc44c785c543e635f","name":"redazione","image":{"@type":"ImageObject","inLanguage":"it-IT","@id":"https:\/\/secure.gravatar.com\/avatar\/0b31605b49f100769e8b624b3e05de1b73e1692e9568a352f60f53fd072e6e11?s=96&d=mm&r=g","url":"https:\/\/secure.gravatar.com\/avatar\/0b31605b49f100769e8b624b3e05de1b73e1692e9568a352f60f53fd072e6e11?s=96&d=mm&r=g","contentUrl":"https:\/\/secure.gravatar.com\/avatar\/0b31605b49f100769e8b624b3e05de1b73e1692e9568a352f60f53fd072e6e11?s=96&d=mm&r=g","caption":"redazione"},"url":"https:\/\/progettotouring.it\/radiotouring104\/author\/redazione\/"}]}},"jetpack_publicize_connections":[],"jetpack_featured_media_url":"https:\/\/progettotouring.it\/radiotouring104\/wp-content\/uploads\/sites\/6\/2025\/10\/bando-orti-urbani-Viale-Messina.jpeg","jetpack_sharing_enabled":true,"_links":{"self":[{"href":"https:\/\/progettotouring.it\/radiotouring104\/wp-json\/wp\/v2\/posts\/82614","targetHints":{"allow":["GET"]}}],"collection":[{"href":"https:\/\/progettotouring.it\/radiotouring104\/wp-json\/wp\/v2\/posts"}],"about":[{"href":"https:\/\/progettotouring.it\/radiotouring104\/wp-json\/wp\/v2\/types\/post"}],"author":[{"embeddable":true,"href":"https:\/\/progettotouring.it\/radiotouring104\/wp-json\/wp\/v2\/users\/5"}],"replies":[{"embeddable":true,"href":"https:\/\/progettotouring.it\/radiotouring104\/wp-json\/wp\/v2\/comments?post=82614"}],"version-history":[{"count":1,"href":"https:\/\/progettotouring.it\/radiotouring104\/wp-json\/wp\/v2\/posts\/82614\/revisions"}],"predecessor-version":[{"id":82616,"href":"https:\/\/progettotouring.it\/radiotouring104\/wp-json\/wp\/v2\/posts\/82614\/revisions\/82616"}],"wp:featuredmedia":[{"embeddable":true,"href":"https:\/\/progettotouring.it\/radiotouring104\/wp-json\/wp\/v2\/media\/82615"}],"wp:attachment":[{"href":"https:\/\/progettotouring.it\/radiotouring104\/wp-json\/wp\/v2\/media?parent=82614"}],"wp:term":[{"taxonomy":"category","embeddable":true,"href":"https:\/\/progettotouring.it\/radiotouring104\/wp-json\/wp\/v2\/categories?post=82614"},{"taxonomy":"post_tag","embeddable":true,"href":"https:\/\/progettotouring.it\/radiotouring104\/wp-json\/wp\/v2\/tags?post=82614"}],"curies":[{"name":"wp","href":"https:\/\/api.w.org\/{rel}","templated":true}]}}