{"id":82631,"date":"2025-10-02T10:56:52","date_gmt":"2025-10-02T08:56:52","guid":{"rendered":"https:\/\/progettotouring.it\/radiotouring104\/?p=82631"},"modified":"2025-10-02T12:27:36","modified_gmt":"2025-10-02T10:27:36","slug":"reggio-oggi-giornata-di-mobilitazione-di-sanitari-e-cittadini-contro-il-genocidio-a-gaza-ecco-il-programma","status":"publish","type":"post","link":"https:\/\/progettotouring.it\/radiotouring104\/2025\/10\/02\/reggio-oggi-giornata-di-mobilitazione-di-sanitari-e-cittadini-contro-il-genocidio-a-gaza-ecco-il-programma\/","title":{"rendered":"Reggio: oggi giornata di mobilitazione di Sanitari e cittadini contro il Genocidio a Gaza. Ecco Il programma"},"content":{"rendered":"<p>Oggi, la citt\u00e0 di Reggio Calabria aderisce a una giornata di intensa mobilitazione nazionale dei sanitari e di tutta la societ\u00e0 civile in solidariet\u00e0 con il popolo palestinese, con un&#8217;iniziativa unica articolata in due momenti distinti per facilitare la massima partecipazione, in particolare del personale sanitario.<\/p>\n<p>La giornata avr\u00e0 inizio alle ore 12.00, con un Presidio contro il genocidio e l&#8217;emergenza umanitaria e sanitaria a Gaza presso l&#8217;Ospedale Morelli (RC), promosso dal Coordinamento pro Palestina reggino in collaborazione con ACE &#8211; Centro di medicina solidale.<\/p>\n<p>In serata, l&#8217;impegno continua con l&#8217;adesione ad uno dei pi\u00f9 grandi e capillari gesti di solidariet\u00e0 al popolo palestinese realizzati in Italia dall&#8217;inizio dell&#8217;attacco israeliano: il Flash Mob &#8220;LUCI SULLA PALESTINA &#8211; 100 OSPEDALI PER GAZA&#8221;. L&#8217;appuntamento \u00e8 all&#8217;Ospedale Riuniti (RC), all&#8217;ingresso dei reparti, alle ore 21:00. Promosso dalle reti #DigiunoGaza e Sanitari per Gaza, questo flash mob rappresenta un&#8217;iniziativa nazionale a cui aderiscono ad oggi pi\u00f9 di 180 ospedali in tutta Italia. I partecipanti \u2013 personale sanitario e societ\u00e0 civile \u2013 sono invitati a portare torce, lampade o luci per illuminare simbolicamente la notte di Gaza e rendere omaggio ai 1.677 operatori sanitari uccisi a Gaza, attraverso la lettura solenne dei loro nomi.<\/p>\n<p>Molti professionisti della sanit\u00e0 reggini hanno gi\u00e0 dato la loro adesione, tra cui i medici Lino Caserta, Irene Fontanelli, Mohammad Alkilani, Giovanna Fontanelli, Paola Serran\u00f2, Pasquale Pensabene, i membri dell\u2019Associazione Medici del Mondo \u2013 operante anche a Gaza \u2013, oltre a numerosi altri che continuano a unirsi all&#8217;appello. Si invitano calorosamente la cittadinanza e gli operatori sanitari a partecipare a entrambi i momenti della giornata per dare un segnale forte e unitario contro il genocidio del popolo palestinese, per chiedere che il Governo, le Regioni, le Aziende sanitarie e i Comuni adottino atti ed impegni formali e concreti contro il genocidio, per lavorare insieme per la giustizia\u00a0e\u00a0per\u00a0la\u00a0pace.<\/p>\n","protected":false},"excerpt":{"rendered":"<p>Oggi, la citt\u00e0 di Reggio Calabria aderisce a una giornata di intensa mobilitazione nazionale dei sanitari e di tutta la societ\u00e0 civile in solidariet\u00e0 con il popolo palestinese, con un&#8217;iniziativa&hellip;<\/p>\n","protected":false},"author":5,"featured_media":80326,"comment_status":"closed","ping_status":"open","sticky":false,"template":"","format":"standard","meta":{"_jetpack_memberships_contains_paid_content":false,"footnotes":"","jetpack_publicize_message":"","jetpack_publicize_feature_enabled":true,"jetpack_social_post_already_shared":true,"jetpack_social_options":{"image_generator_settings":{"template":"highway","default_image_id":0,"font":"","enabled":false},"version":2}},"categories":[921,196,140],"tags":[45158,47722,30687,10539,10538,1265],"class_list":["post-82631","post","type-post","status-publish","format-standard","has-post-thumbnail","hentry","category-home","category-news","category-reggio-calabria","tag-coordinamento-pro-palestina-reggino","tag-genocidio-a-gaza","tag-mobilitazione","tag-ospedale-morelli","tag-ospedale-riuniti","tag-programma"],"yoast_head":"<!-- This site is optimized with the Yoast SEO plugin v27.2 - https:\/\/yoast.com\/product\/yoast-seo-wordpress\/ -->\n<title>Reggio: oggi mobilitazione contro Genocidio a Gaza<\/title>\n<meta name=\"description\" content=\"Ecco tutti i dettagli del programma di oggi sulla giornata di mobilitazione contro il Genocidio in atto a Gaza\" \/>\n<meta name=\"robots\" content=\"index, follow, max-snippet:-1, max-image-preview:large, max-video-preview:-1\" \/>\n<link rel=\"canonical\" href=\"https:\/\/progettotouring.it\/radiotouring104\/2025\/10\/02\/reggio-oggi-giornata-di-mobilitazione-di-sanitari-e-cittadini-contro-il-genocidio-a-gaza-ecco-il-programma\/\" \/>\n<meta property=\"og:locale\" content=\"it_IT\" \/>\n<meta property=\"og:type\" content=\"article\" \/>\n<meta property=\"og:title\" content=\"Reggio: oggi mobilitazione contro Genocidio a Gaza\" \/>\n<meta property=\"og:description\" content=\"Ecco tutti i dettagli del programma di oggi sulla giornata di mobilitazione contro il Genocidio in atto a Gaza\" \/>\n<meta property=\"og:url\" content=\"https:\/\/progettotouring.it\/radiotouring104\/2025\/10\/02\/reggio-oggi-giornata-di-mobilitazione-di-sanitari-e-cittadini-contro-il-genocidio-a-gaza-ecco-il-programma\/\" \/>\n<meta property=\"og:site_name\" content=\"Radio Touring 104\" \/>\n<meta property=\"article:published_time\" content=\"2025-10-02T08:56:52+00:00\" \/>\n<meta property=\"article:modified_time\" content=\"2025-10-02T10:27:36+00:00\" \/>\n<meta property=\"og:image\" content=\"https:\/\/progettotouring.it\/radiotouring104\/wp-content\/uploads\/sites\/6\/2025\/08\/Guerra-Medio-Oriente-Striscia-di-Gaza.jpg\" \/>\n\t<meta property=\"og:image:width\" content=\"800\" \/>\n\t<meta property=\"og:image:height\" content=\"563\" \/>\n\t<meta property=\"og:image:type\" content=\"image\/jpeg\" \/>\n<meta name=\"author\" content=\"redazione\" \/>\n<meta name=\"twitter:card\" content=\"summary_large_image\" \/>\n<meta name=\"twitter:label1\" content=\"Scritto da\" \/>\n\t<meta name=\"twitter:data1\" content=\"redazione\" \/>\n\t<meta name=\"twitter:label2\" content=\"Tempo di lettura stimato\" \/>\n\t<meta name=\"twitter:data2\" content=\"2 minuti\" \/>\n<script type=\"application\/ld+json\" class=\"yoast-schema-graph\">{\"@context\":\"https:\/\/schema.org\",\"@graph\":[{\"@type\":\"Article\",\"@id\":\"https:\/\/progettotouring.it\/radiotouring104\/2025\/10\/02\/reggio-oggi-giornata-di-mobilitazione-di-sanitari-e-cittadini-contro-il-genocidio-a-gaza-ecco-il-programma\/#article\",\"isPartOf\":{\"@id\":\"https:\/\/progettotouring.it\/radiotouring104\/2025\/10\/02\/reggio-oggi-giornata-di-mobilitazione-di-sanitari-e-cittadini-contro-il-genocidio-a-gaza-ecco-il-programma\/\"},\"author\":{\"name\":\"redazione\",\"@id\":\"https:\/\/progettotouring.it\/radiotouring104\/#\/schema\/person\/1b3eb3c07c47136bc44c785c543e635f\"},\"headline\":\"Reggio: oggi giornata di mobilitazione di Sanitari e cittadini contro il Genocidio a Gaza. Ecco Il programma\",\"datePublished\":\"2025-10-02T08:56:52+00:00\",\"dateModified\":\"2025-10-02T10:27:36+00:00\",\"mainEntityOfPage\":{\"@id\":\"https:\/\/progettotouring.it\/radiotouring104\/2025\/10\/02\/reggio-oggi-giornata-di-mobilitazione-di-sanitari-e-cittadini-contro-il-genocidio-a-gaza-ecco-il-programma\/\"},\"wordCount\":318,\"publisher\":{\"@id\":\"https:\/\/progettotouring.it\/radiotouring104\/#organization\"},\"image\":{\"@id\":\"https:\/\/progettotouring.it\/radiotouring104\/2025\/10\/02\/reggio-oggi-giornata-di-mobilitazione-di-sanitari-e-cittadini-contro-il-genocidio-a-gaza-ecco-il-programma\/#primaryimage\"},\"thumbnailUrl\":\"https:\/\/progettotouring.it\/radiotouring104\/wp-content\/uploads\/sites\/6\/2025\/08\/Guerra-Medio-Oriente-Striscia-di-Gaza.jpg\",\"keywords\":[\"Coordinamento Pro Palestina Reggino\",\"Genocidio a Gaza\",\"mobilitazione\",\"Ospedale Morelli\",\"Ospedale Riuniti\",\"programma\"],\"articleSection\":[\"Home\",\"News\",\"Reggio Calabria\"],\"inLanguage\":\"it-IT\"},{\"@type\":\"WebPage\",\"@id\":\"https:\/\/progettotouring.it\/radiotouring104\/2025\/10\/02\/reggio-oggi-giornata-di-mobilitazione-di-sanitari-e-cittadini-contro-il-genocidio-a-gaza-ecco-il-programma\/\",\"url\":\"https:\/\/progettotouring.it\/radiotouring104\/2025\/10\/02\/reggio-oggi-giornata-di-mobilitazione-di-sanitari-e-cittadini-contro-il-genocidio-a-gaza-ecco-il-programma\/\",\"name\":\"Reggio: oggi mobilitazione contro Genocidio a Gaza\",\"isPartOf\":{\"@id\":\"https:\/\/progettotouring.it\/radiotouring104\/#website\"},\"primaryImageOfPage\":{\"@id\":\"https:\/\/progettotouring.it\/radiotouring104\/2025\/10\/02\/reggio-oggi-giornata-di-mobilitazione-di-sanitari-e-cittadini-contro-il-genocidio-a-gaza-ecco-il-programma\/#primaryimage\"},\"image\":{\"@id\":\"https:\/\/progettotouring.it\/radiotouring104\/2025\/10\/02\/reggio-oggi-giornata-di-mobilitazione-di-sanitari-e-cittadini-contro-il-genocidio-a-gaza-ecco-il-programma\/#primaryimage\"},\"thumbnailUrl\":\"https:\/\/progettotouring.it\/radiotouring104\/wp-content\/uploads\/sites\/6\/2025\/08\/Guerra-Medio-Oriente-Striscia-di-Gaza.jpg\",\"datePublished\":\"2025-10-02T08:56:52+00:00\",\"dateModified\":\"2025-10-02T10:27:36+00:00\",\"description\":\"Ecco tutti i dettagli del programma di oggi sulla giornata di mobilitazione contro il Genocidio in atto a Gaza\",\"breadcrumb\":{\"@id\":\"https:\/\/progettotouring.it\/radiotouring104\/2025\/10\/02\/reggio-oggi-giornata-di-mobilitazione-di-sanitari-e-cittadini-contro-il-genocidio-a-gaza-ecco-il-programma\/#breadcrumb\"},\"inLanguage\":\"it-IT\",\"potentialAction\":[{\"@type\":\"ReadAction\",\"target\":[\"https:\/\/progettotouring.it\/radiotouring104\/2025\/10\/02\/reggio-oggi-giornata-di-mobilitazione-di-sanitari-e-cittadini-contro-il-genocidio-a-gaza-ecco-il-programma\/\"]}]},{\"@type\":\"ImageObject\",\"inLanguage\":\"it-IT\",\"@id\":\"https:\/\/progettotouring.it\/radiotouring104\/2025\/10\/02\/reggio-oggi-giornata-di-mobilitazione-di-sanitari-e-cittadini-contro-il-genocidio-a-gaza-ecco-il-programma\/#primaryimage\",\"url\":\"https:\/\/progettotouring.it\/radiotouring104\/wp-content\/uploads\/sites\/6\/2025\/08\/Guerra-Medio-Oriente-Striscia-di-Gaza.jpg\",\"contentUrl\":\"https:\/\/progettotouring.it\/radiotouring104\/wp-content\/uploads\/sites\/6\/2025\/08\/Guerra-Medio-Oriente-Striscia-di-Gaza.jpg\",\"width\":800,\"height\":563,\"caption\":\"Palestinians inspect the damage following an Israeli airstrike on the El-Remal aera in Gaza City on October 9, 2023. Israel continued to battle Hamas fighters on October 10 and massed tens of thousands of troops and heavy armour around the Gaza Strip after vowing a massive blow over the Palestinian militants' surprise attack. Photo by Naaman Omar apaimages\"},{\"@type\":\"BreadcrumbList\",\"@id\":\"https:\/\/progettotouring.it\/radiotouring104\/2025\/10\/02\/reggio-oggi-giornata-di-mobilitazione-di-sanitari-e-cittadini-contro-il-genocidio-a-gaza-ecco-il-programma\/#breadcrumb\",\"itemListElement\":[{\"@type\":\"ListItem\",\"position\":1,\"name\":\"Home\",\"item\":\"https:\/\/progettotouring.it\/radiotouring104\/\"},{\"@type\":\"ListItem\",\"position\":2,\"name\":\"Reggio: oggi giornata di mobilitazione di Sanitari e cittadini contro il Genocidio a Gaza. Ecco Il programma\"}]},{\"@type\":\"WebSite\",\"@id\":\"https:\/\/progettotouring.it\/radiotouring104\/#website\",\"url\":\"https:\/\/progettotouring.it\/radiotouring104\/\",\"name\":\"Radio Touring 104\",\"description\":\"La prima radio Reggina\",\"publisher\":{\"@id\":\"https:\/\/progettotouring.it\/radiotouring104\/#organization\"},\"potentialAction\":[{\"@type\":\"SearchAction\",\"target\":{\"@type\":\"EntryPoint\",\"urlTemplate\":\"https:\/\/progettotouring.it\/radiotouring104\/?s={search_term_string}\"},\"query-input\":{\"@type\":\"PropertyValueSpecification\",\"valueRequired\":true,\"valueName\":\"search_term_string\"}}],\"inLanguage\":\"it-IT\"},{\"@type\":\"Organization\",\"@id\":\"https:\/\/progettotouring.it\/radiotouring104\/#organization\",\"name\":\"Radio Touring 104\",\"url\":\"https:\/\/progettotouring.it\/radiotouring104\/\",\"logo\":{\"@type\":\"ImageObject\",\"inLanguage\":\"it-IT\",\"@id\":\"https:\/\/progettotouring.it\/radiotouring104\/#\/schema\/logo\/image\/\",\"url\":\"https:\/\/progettotouring.it\/radiotouring104\/wp-content\/uploads\/sites\/6\/2022\/02\/cropped-logo-radio-touring-104.png\",\"contentUrl\":\"https:\/\/progettotouring.it\/radiotouring104\/wp-content\/uploads\/sites\/6\/2022\/02\/cropped-logo-radio-touring-104.png\",\"width\":377,\"height\":182,\"caption\":\"Radio Touring 104\"},\"image\":{\"@id\":\"https:\/\/progettotouring.it\/radiotouring104\/#\/schema\/logo\/image\/\"}},{\"@type\":\"Person\",\"@id\":\"https:\/\/progettotouring.it\/radiotouring104\/#\/schema\/person\/1b3eb3c07c47136bc44c785c543e635f\",\"name\":\"redazione\",\"image\":{\"@type\":\"ImageObject\",\"inLanguage\":\"it-IT\",\"@id\":\"https:\/\/secure.gravatar.com\/avatar\/0b31605b49f100769e8b624b3e05de1b73e1692e9568a352f60f53fd072e6e11?s=96&d=mm&r=g\",\"url\":\"https:\/\/secure.gravatar.com\/avatar\/0b31605b49f100769e8b624b3e05de1b73e1692e9568a352f60f53fd072e6e11?s=96&d=mm&r=g\",\"contentUrl\":\"https:\/\/secure.gravatar.com\/avatar\/0b31605b49f100769e8b624b3e05de1b73e1692e9568a352f60f53fd072e6e11?s=96&d=mm&r=g\",\"caption\":\"redazione\"},\"url\":\"https:\/\/progettotouring.it\/radiotouring104\/author\/redazione\/\"}]}<\/script>\n<!-- \/ Yoast SEO plugin. -->","yoast_head_json":{"title":"Reggio: oggi mobilitazione contro Genocidio a Gaza","description":"Ecco tutti i dettagli del programma di oggi sulla giornata di mobilitazione contro il Genocidio in atto a Gaza","robots":{"index":"index","follow":"follow","max-snippet":"max-snippet:-1","max-image-preview":"max-image-preview:large","max-video-preview":"max-video-preview:-1"},"canonical":"https:\/\/progettotouring.it\/radiotouring104\/2025\/10\/02\/reggio-oggi-giornata-di-mobilitazione-di-sanitari-e-cittadini-contro-il-genocidio-a-gaza-ecco-il-programma\/","og_locale":"it_IT","og_type":"article","og_title":"Reggio: oggi mobilitazione contro Genocidio a Gaza","og_description":"Ecco tutti i dettagli del programma di oggi sulla giornata di mobilitazione contro il Genocidio in atto a Gaza","og_url":"https:\/\/progettotouring.it\/radiotouring104\/2025\/10\/02\/reggio-oggi-giornata-di-mobilitazione-di-sanitari-e-cittadini-contro-il-genocidio-a-gaza-ecco-il-programma\/","og_site_name":"Radio Touring 104","article_published_time":"2025-10-02T08:56:52+00:00","article_modified_time":"2025-10-02T10:27:36+00:00","og_image":[{"width":800,"height":563,"url":"https:\/\/progettotouring.it\/radiotouring104\/wp-content\/uploads\/sites\/6\/2025\/08\/Guerra-Medio-Oriente-Striscia-di-Gaza.jpg","type":"image\/jpeg"}],"author":"redazione","twitter_card":"summary_large_image","twitter_misc":{"Scritto da":"redazione","Tempo di lettura stimato":"2 minuti"},"schema":{"@context":"https:\/\/schema.org","@graph":[{"@type":"Article","@id":"https:\/\/progettotouring.it\/radiotouring104\/2025\/10\/02\/reggio-oggi-giornata-di-mobilitazione-di-sanitari-e-cittadini-contro-il-genocidio-a-gaza-ecco-il-programma\/#article","isPartOf":{"@id":"https:\/\/progettotouring.it\/radiotouring104\/2025\/10\/02\/reggio-oggi-giornata-di-mobilitazione-di-sanitari-e-cittadini-contro-il-genocidio-a-gaza-ecco-il-programma\/"},"author":{"name":"redazione","@id":"https:\/\/progettotouring.it\/radiotouring104\/#\/schema\/person\/1b3eb3c07c47136bc44c785c543e635f"},"headline":"Reggio: oggi giornata di mobilitazione di Sanitari e cittadini contro il Genocidio a Gaza. Ecco Il programma","datePublished":"2025-10-02T08:56:52+00:00","dateModified":"2025-10-02T10:27:36+00:00","mainEntityOfPage":{"@id":"https:\/\/progettotouring.it\/radiotouring104\/2025\/10\/02\/reggio-oggi-giornata-di-mobilitazione-di-sanitari-e-cittadini-contro-il-genocidio-a-gaza-ecco-il-programma\/"},"wordCount":318,"publisher":{"@id":"https:\/\/progettotouring.it\/radiotouring104\/#organization"},"image":{"@id":"https:\/\/progettotouring.it\/radiotouring104\/2025\/10\/02\/reggio-oggi-giornata-di-mobilitazione-di-sanitari-e-cittadini-contro-il-genocidio-a-gaza-ecco-il-programma\/#primaryimage"},"thumbnailUrl":"https:\/\/progettotouring.it\/radiotouring104\/wp-content\/uploads\/sites\/6\/2025\/08\/Guerra-Medio-Oriente-Striscia-di-Gaza.jpg","keywords":["Coordinamento Pro Palestina Reggino","Genocidio a Gaza","mobilitazione","Ospedale Morelli","Ospedale Riuniti","programma"],"articleSection":["Home","News","Reggio Calabria"],"inLanguage":"it-IT"},{"@type":"WebPage","@id":"https:\/\/progettotouring.it\/radiotouring104\/2025\/10\/02\/reggio-oggi-giornata-di-mobilitazione-di-sanitari-e-cittadini-contro-il-genocidio-a-gaza-ecco-il-programma\/","url":"https:\/\/progettotouring.it\/radiotouring104\/2025\/10\/02\/reggio-oggi-giornata-di-mobilitazione-di-sanitari-e-cittadini-contro-il-genocidio-a-gaza-ecco-il-programma\/","name":"Reggio: oggi mobilitazione contro Genocidio a Gaza","isPartOf":{"@id":"https:\/\/progettotouring.it\/radiotouring104\/#website"},"primaryImageOfPage":{"@id":"https:\/\/progettotouring.it\/radiotouring104\/2025\/10\/02\/reggio-oggi-giornata-di-mobilitazione-di-sanitari-e-cittadini-contro-il-genocidio-a-gaza-ecco-il-programma\/#primaryimage"},"image":{"@id":"https:\/\/progettotouring.it\/radiotouring104\/2025\/10\/02\/reggio-oggi-giornata-di-mobilitazione-di-sanitari-e-cittadini-contro-il-genocidio-a-gaza-ecco-il-programma\/#primaryimage"},"thumbnailUrl":"https:\/\/progettotouring.it\/radiotouring104\/wp-content\/uploads\/sites\/6\/2025\/08\/Guerra-Medio-Oriente-Striscia-di-Gaza.jpg","datePublished":"2025-10-02T08:56:52+00:00","dateModified":"2025-10-02T10:27:36+00:00","description":"Ecco tutti i dettagli del programma di oggi sulla giornata di mobilitazione contro il Genocidio in atto a Gaza","breadcrumb":{"@id":"https:\/\/progettotouring.it\/radiotouring104\/2025\/10\/02\/reggio-oggi-giornata-di-mobilitazione-di-sanitari-e-cittadini-contro-il-genocidio-a-gaza-ecco-il-programma\/#breadcrumb"},"inLanguage":"it-IT","potentialAction":[{"@type":"ReadAction","target":["https:\/\/progettotouring.it\/radiotouring104\/2025\/10\/02\/reggio-oggi-giornata-di-mobilitazione-di-sanitari-e-cittadini-contro-il-genocidio-a-gaza-ecco-il-programma\/"]}]},{"@type":"ImageObject","inLanguage":"it-IT","@id":"https:\/\/progettotouring.it\/radiotouring104\/2025\/10\/02\/reggio-oggi-giornata-di-mobilitazione-di-sanitari-e-cittadini-contro-il-genocidio-a-gaza-ecco-il-programma\/#primaryimage","url":"https:\/\/progettotouring.it\/radiotouring104\/wp-content\/uploads\/sites\/6\/2025\/08\/Guerra-Medio-Oriente-Striscia-di-Gaza.jpg","contentUrl":"https:\/\/progettotouring.it\/radiotouring104\/wp-content\/uploads\/sites\/6\/2025\/08\/Guerra-Medio-Oriente-Striscia-di-Gaza.jpg","width":800,"height":563,"caption":"Palestinians inspect the damage following an Israeli airstrike on the El-Remal aera in Gaza City on October 9, 2023. Israel continued to battle Hamas fighters on October 10 and massed tens of thousands of troops and heavy armour around the Gaza Strip after vowing a massive blow over the Palestinian militants' surprise attack. Photo by Naaman Omar apaimages"},{"@type":"BreadcrumbList","@id":"https:\/\/progettotouring.it\/radiotouring104\/2025\/10\/02\/reggio-oggi-giornata-di-mobilitazione-di-sanitari-e-cittadini-contro-il-genocidio-a-gaza-ecco-il-programma\/#breadcrumb","itemListElement":[{"@type":"ListItem","position":1,"name":"Home","item":"https:\/\/progettotouring.it\/radiotouring104\/"},{"@type":"ListItem","position":2,"name":"Reggio: oggi giornata di mobilitazione di Sanitari e cittadini contro il Genocidio a Gaza. Ecco Il programma"}]},{"@type":"WebSite","@id":"https:\/\/progettotouring.it\/radiotouring104\/#website","url":"https:\/\/progettotouring.it\/radiotouring104\/","name":"Radio Touring 104","description":"La prima radio Reggina","publisher":{"@id":"https:\/\/progettotouring.it\/radiotouring104\/#organization"},"potentialAction":[{"@type":"SearchAction","target":{"@type":"EntryPoint","urlTemplate":"https:\/\/progettotouring.it\/radiotouring104\/?s={search_term_string}"},"query-input":{"@type":"PropertyValueSpecification","valueRequired":true,"valueName":"search_term_string"}}],"inLanguage":"it-IT"},{"@type":"Organization","@id":"https:\/\/progettotouring.it\/radiotouring104\/#organization","name":"Radio Touring 104","url":"https:\/\/progettotouring.it\/radiotouring104\/","logo":{"@type":"ImageObject","inLanguage":"it-IT","@id":"https:\/\/progettotouring.it\/radiotouring104\/#\/schema\/logo\/image\/","url":"https:\/\/progettotouring.it\/radiotouring104\/wp-content\/uploads\/sites\/6\/2022\/02\/cropped-logo-radio-touring-104.png","contentUrl":"https:\/\/progettotouring.it\/radiotouring104\/wp-content\/uploads\/sites\/6\/2022\/02\/cropped-logo-radio-touring-104.png","width":377,"height":182,"caption":"Radio Touring 104"},"image":{"@id":"https:\/\/progettotouring.it\/radiotouring104\/#\/schema\/logo\/image\/"}},{"@type":"Person","@id":"https:\/\/progettotouring.it\/radiotouring104\/#\/schema\/person\/1b3eb3c07c47136bc44c785c543e635f","name":"redazione","image":{"@type":"ImageObject","inLanguage":"it-IT","@id":"https:\/\/secure.gravatar.com\/avatar\/0b31605b49f100769e8b624b3e05de1b73e1692e9568a352f60f53fd072e6e11?s=96&d=mm&r=g","url":"https:\/\/secure.gravatar.com\/avatar\/0b31605b49f100769e8b624b3e05de1b73e1692e9568a352f60f53fd072e6e11?s=96&d=mm&r=g","contentUrl":"https:\/\/secure.gravatar.com\/avatar\/0b31605b49f100769e8b624b3e05de1b73e1692e9568a352f60f53fd072e6e11?s=96&d=mm&r=g","caption":"redazione"},"url":"https:\/\/progettotouring.it\/radiotouring104\/author\/redazione\/"}]}},"jetpack_publicize_connections":[],"jetpack_featured_media_url":"https:\/\/progettotouring.it\/radiotouring104\/wp-content\/uploads\/sites\/6\/2025\/08\/Guerra-Medio-Oriente-Striscia-di-Gaza.jpg","jetpack_sharing_enabled":true,"_links":{"self":[{"href":"https:\/\/progettotouring.it\/radiotouring104\/wp-json\/wp\/v2\/posts\/82631","targetHints":{"allow":["GET"]}}],"collection":[{"href":"https:\/\/progettotouring.it\/radiotouring104\/wp-json\/wp\/v2\/posts"}],"about":[{"href":"https:\/\/progettotouring.it\/radiotouring104\/wp-json\/wp\/v2\/types\/post"}],"author":[{"embeddable":true,"href":"https:\/\/progettotouring.it\/radiotouring104\/wp-json\/wp\/v2\/users\/5"}],"replies":[{"embeddable":true,"href":"https:\/\/progettotouring.it\/radiotouring104\/wp-json\/wp\/v2\/comments?post=82631"}],"version-history":[{"count":1,"href":"https:\/\/progettotouring.it\/radiotouring104\/wp-json\/wp\/v2\/posts\/82631\/revisions"}],"predecessor-version":[{"id":82632,"href":"https:\/\/progettotouring.it\/radiotouring104\/wp-json\/wp\/v2\/posts\/82631\/revisions\/82632"}],"wp:featuredmedia":[{"embeddable":true,"href":"https:\/\/progettotouring.it\/radiotouring104\/wp-json\/wp\/v2\/media\/80326"}],"wp:attachment":[{"href":"https:\/\/progettotouring.it\/radiotouring104\/wp-json\/wp\/v2\/media?parent=82631"}],"wp:term":[{"taxonomy":"category","embeddable":true,"href":"https:\/\/progettotouring.it\/radiotouring104\/wp-json\/wp\/v2\/categories?post=82631"},{"taxonomy":"post_tag","embeddable":true,"href":"https:\/\/progettotouring.it\/radiotouring104\/wp-json\/wp\/v2\/tags?post=82631"}],"curies":[{"name":"wp","href":"https:\/\/api.w.org\/{rel}","templated":true}]}}