{"id":82640,"date":"2025-10-02T11:24:28","date_gmt":"2025-10-02T09:24:28","guid":{"rendered":"https:\/\/progettotouring.it\/radiotouring104\/?p=82640"},"modified":"2025-10-02T12:26:25","modified_gmt":"2025-10-02T10:26:25","slug":"redel-il-ds-meduri-credo-in-questi-ragazzi","status":"publish","type":"post","link":"https:\/\/progettotouring.it\/radiotouring104\/2025\/10\/02\/redel-il-ds-meduri-credo-in-questi-ragazzi\/","title":{"rendered":"Redel, il DS Meduri: &#8220;Credo in questi ragazzi&#8221;"},"content":{"rendered":"<p>Si avvicina il debutto casalingo per la Redel Reggio Calabria ed a fare il punto in casa neroarancio \u00e8 il direttore sportivo Vincenzo Meduri.<\/p>\n<p>Direttore, vittoria del Trofeo Sant\u2019Ambrogio e sconfitta a Brindisi la prima giornata. Il suo pensiero dopo questi primi impegni stagionali?<\/p>\n<p>\u201cLa vittoria del Sant\u2019Ambrogio \u00e8 stato il segnale concreto che il lavoro fatto, l\u2019impegno quotidiano durante gli allenamenti, la fiducia reciproca e la voglia di crescere hanno dato i loro frutti. Il risultato di un atteggiamento positivo che i ragazzi hanno avuto fin dall\u2019inizio, mostrando spirito di sacrificio, determinazione, umilt\u00e0 e mentalit\u00e0 vincente. La sconfitta di Brindisi? Hanno pesato alcune difficolt\u00e0 di natura fisica ed anche l\u2019overtime, in cui la squadra ha perso di lucidit\u00e0\u201d.<\/p>\n<p>Il DS prosegue.<\/p>\n<p>\u201cContro la Dinamo \u00e8 stata una gara intensa; abbiamo giocato a tratti, con poca continuit\u00e0, probabilmente a causa dell\u2019importante lavoro di preparazione fisica, ma anche perch\u00e9 siamo in una fase di rodaggio dei meccanismi di gioco difensivi ed offensivi. Non dimentichiamo neppure che sette decimi del nostro roster sono nuovi. In questo momento stiamo, in parte, pagando il prezzo di una preparazione atletica molto intensa, ma necessaria per affrontare al meglio una stagione lunga e impegnativa. Serve tempo e tenacia, ma la direzione \u00e8 quella giusta. Il gruppo ha talento, ma soprattutto ha forti valori umani. Conosco bene questi ragazzi, la loro mentalit\u00e0, la loro etica professionale. C\u2019\u00e8 fame, voglia di crescere e soprattutto c\u2019\u00e8 una forte identit\u00e0 che sta crescendo allenamento dopo allenamento. Questi sono i motivi che ci portano ad essere fiduciosi\u201d.<\/p>\n<p>Lavoro quotidiano, spirito di sacrificio: archiviata la prima sconfitta, qual \u00e8 l\u2019atteggiamento giusto da mettere in campo contro Molfetta?<\/p>\n<p>\u201cRitengo fondamentale sottolineare i nostri valori, perch\u00e9 il talento da solo non basta, ma ci vuole fatica, dedizione quotidiana ed unione di intenti. Su questa base possiamo costruire qualcosa di importante, nella consapevolezza che la nostra forza non sta\u2019 solo nei singoli giocatori, ma in un gruppo unito, compatto e maturo. Contro Molfetta, mi aspetto una prestazione con un\u2019energia completamente diversa. Vedremo una squadra pi\u00f9 aggressiva, compatta, pronta a lottare su ogni possesso. Vogliamo reagire subito, con lucidit\u00e0, ma anche con quella cattiveria agonistica che deve diventare la nostra firma\u201d.<\/p>\n<p>La gente di Reggio, i tifosi. Alla presentazione della squadra \u00e8 stato decisamente mostrato grande attaccamento ai colori neroarancio\u2026<\/p>\n<p>\u201cUn grazie speciale va ai tifosi, al loro sostegno che ci ha motivati nei momenti chiave e che\u00a0 ci ha fatto sentire il calore di casa. Insieme ai ragazzi lavora, alacremente, un team che ha a cuore questi colori e questa squadra. Vi aspettiamo al PalaCalafiore domenica 5 ottobre\u201d.<\/p>\n<p>Il messaggio ai supporters.<\/p>\n<p>\u201cIl vostro supporto pu\u00f2 fare la differenza. In casa vogliamo costruire una vera roccaforte, in cui ogni squadra che entra deve sentirne la pressione. Abbiamo bisogno di voi, del vostro calore, della vostra voce. Siate il nostro sesto uomo in campo: insieme possiamo costruire qualcosa di grande\u201d.<\/p>\n","protected":false},"excerpt":{"rendered":"<p>Si avvicina il debutto casalingo per la Redel Reggio Calabria ed a fare il punto in casa neroarancio \u00e8 il direttore sportivo Vincenzo Meduri. Direttore, vittoria del Trofeo Sant\u2019Ambrogio e&hellip;<\/p>\n","protected":false},"author":5,"featured_media":82641,"comment_status":"closed","ping_status":"open","sticky":false,"template":"","format":"standard","meta":{"_jetpack_memberships_contains_paid_content":false,"footnotes":"","jetpack_publicize_message":"","jetpack_publicize_feature_enabled":true,"jetpack_social_post_already_shared":true,"jetpack_social_options":{"image_generator_settings":{"template":"highway","default_image_id":0,"font":"","enabled":false},"version":2}},"categories":[196,140,144],"tags":[],"class_list":["post-82640","post","type-post","status-publish","format-standard","has-post-thumbnail","hentry","category-news","category-reggio-calabria","category-sport"],"yoast_head":"<!-- This site is optimized with the Yoast SEO plugin v27.2 - https:\/\/yoast.com\/product\/yoast-seo-wordpress\/ -->\n<title>Redel, il DS Meduri: &quot;Credo in questi ragazzi&quot;<\/title>\n<meta name=\"description\" content=\"Il Ds dei neroarancio Vincenzo Meduri. ha fatto il punto in vista del debutto in Campionato. Ecco le sue impressioni\" \/>\n<meta name=\"robots\" content=\"index, follow, max-snippet:-1, max-image-preview:large, max-video-preview:-1\" \/>\n<link rel=\"canonical\" href=\"https:\/\/progettotouring.it\/radiotouring104\/2025\/10\/02\/redel-il-ds-meduri-credo-in-questi-ragazzi\/\" \/>\n<meta property=\"og:locale\" content=\"it_IT\" \/>\n<meta property=\"og:type\" content=\"article\" \/>\n<meta property=\"og:title\" content=\"Redel, il DS Meduri: &quot;Credo in questi ragazzi&quot;\" \/>\n<meta property=\"og:description\" content=\"Il Ds dei neroarancio Vincenzo Meduri. ha fatto il punto in vista del debutto in Campionato. Ecco le sue impressioni\" \/>\n<meta property=\"og:url\" content=\"https:\/\/progettotouring.it\/radiotouring104\/2025\/10\/02\/redel-il-ds-meduri-credo-in-questi-ragazzi\/\" \/>\n<meta property=\"og:site_name\" content=\"Radio Touring 104\" \/>\n<meta property=\"article:published_time\" content=\"2025-10-02T09:24:28+00:00\" \/>\n<meta property=\"article:modified_time\" content=\"2025-10-02T10:26:25+00:00\" \/>\n<meta property=\"og:image\" content=\"https:\/\/progettotouring.it\/radiotouring104\/wp-content\/uploads\/sites\/6\/2025\/10\/Redel-Viola-Vincenzo-Meduri.jpg\" \/>\n\t<meta property=\"og:image:width\" content=\"1200\" \/>\n\t<meta property=\"og:image:height\" content=\"807\" \/>\n\t<meta property=\"og:image:type\" content=\"image\/jpeg\" \/>\n<meta name=\"author\" content=\"redazione\" \/>\n<meta name=\"twitter:card\" content=\"summary_large_image\" \/>\n<meta name=\"twitter:label1\" content=\"Scritto da\" \/>\n\t<meta name=\"twitter:data1\" content=\"redazione\" \/>\n\t<meta name=\"twitter:label2\" content=\"Tempo di lettura stimato\" \/>\n\t<meta name=\"twitter:data2\" content=\"2 minuti\" \/>\n<script type=\"application\/ld+json\" class=\"yoast-schema-graph\">{\"@context\":\"https:\/\/schema.org\",\"@graph\":[{\"@type\":\"Article\",\"@id\":\"https:\/\/progettotouring.it\/radiotouring104\/2025\/10\/02\/redel-il-ds-meduri-credo-in-questi-ragazzi\/#article\",\"isPartOf\":{\"@id\":\"https:\/\/progettotouring.it\/radiotouring104\/2025\/10\/02\/redel-il-ds-meduri-credo-in-questi-ragazzi\/\"},\"author\":{\"name\":\"redazione\",\"@id\":\"https:\/\/progettotouring.it\/radiotouring104\/#\/schema\/person\/1b3eb3c07c47136bc44c785c543e635f\"},\"headline\":\"Redel, il DS Meduri: &#8220;Credo in questi ragazzi&#8221;\",\"datePublished\":\"2025-10-02T09:24:28+00:00\",\"dateModified\":\"2025-10-02T10:26:25+00:00\",\"mainEntityOfPage\":{\"@id\":\"https:\/\/progettotouring.it\/radiotouring104\/2025\/10\/02\/redel-il-ds-meduri-credo-in-questi-ragazzi\/\"},\"wordCount\":493,\"publisher\":{\"@id\":\"https:\/\/progettotouring.it\/radiotouring104\/#organization\"},\"image\":{\"@id\":\"https:\/\/progettotouring.it\/radiotouring104\/2025\/10\/02\/redel-il-ds-meduri-credo-in-questi-ragazzi\/#primaryimage\"},\"thumbnailUrl\":\"https:\/\/progettotouring.it\/radiotouring104\/wp-content\/uploads\/sites\/6\/2025\/10\/Redel-Viola-Vincenzo-Meduri.jpg\",\"articleSection\":[\"News\",\"Reggio Calabria\",\"Sport\"],\"inLanguage\":\"it-IT\"},{\"@type\":\"WebPage\",\"@id\":\"https:\/\/progettotouring.it\/radiotouring104\/2025\/10\/02\/redel-il-ds-meduri-credo-in-questi-ragazzi\/\",\"url\":\"https:\/\/progettotouring.it\/radiotouring104\/2025\/10\/02\/redel-il-ds-meduri-credo-in-questi-ragazzi\/\",\"name\":\"Redel, il DS Meduri: \\\"Credo in questi ragazzi\\\"\",\"isPartOf\":{\"@id\":\"https:\/\/progettotouring.it\/radiotouring104\/#website\"},\"primaryImageOfPage\":{\"@id\":\"https:\/\/progettotouring.it\/radiotouring104\/2025\/10\/02\/redel-il-ds-meduri-credo-in-questi-ragazzi\/#primaryimage\"},\"image\":{\"@id\":\"https:\/\/progettotouring.it\/radiotouring104\/2025\/10\/02\/redel-il-ds-meduri-credo-in-questi-ragazzi\/#primaryimage\"},\"thumbnailUrl\":\"https:\/\/progettotouring.it\/radiotouring104\/wp-content\/uploads\/sites\/6\/2025\/10\/Redel-Viola-Vincenzo-Meduri.jpg\",\"datePublished\":\"2025-10-02T09:24:28+00:00\",\"dateModified\":\"2025-10-02T10:26:25+00:00\",\"description\":\"Il Ds dei neroarancio Vincenzo Meduri. ha fatto il punto in vista del debutto in Campionato. Ecco le sue impressioni\",\"breadcrumb\":{\"@id\":\"https:\/\/progettotouring.it\/radiotouring104\/2025\/10\/02\/redel-il-ds-meduri-credo-in-questi-ragazzi\/#breadcrumb\"},\"inLanguage\":\"it-IT\",\"potentialAction\":[{\"@type\":\"ReadAction\",\"target\":[\"https:\/\/progettotouring.it\/radiotouring104\/2025\/10\/02\/redel-il-ds-meduri-credo-in-questi-ragazzi\/\"]}]},{\"@type\":\"ImageObject\",\"inLanguage\":\"it-IT\",\"@id\":\"https:\/\/progettotouring.it\/radiotouring104\/2025\/10\/02\/redel-il-ds-meduri-credo-in-questi-ragazzi\/#primaryimage\",\"url\":\"https:\/\/progettotouring.it\/radiotouring104\/wp-content\/uploads\/sites\/6\/2025\/10\/Redel-Viola-Vincenzo-Meduri.jpg\",\"contentUrl\":\"https:\/\/progettotouring.it\/radiotouring104\/wp-content\/uploads\/sites\/6\/2025\/10\/Redel-Viola-Vincenzo-Meduri.jpg\",\"width\":1200,\"height\":807},{\"@type\":\"BreadcrumbList\",\"@id\":\"https:\/\/progettotouring.it\/radiotouring104\/2025\/10\/02\/redel-il-ds-meduri-credo-in-questi-ragazzi\/#breadcrumb\",\"itemListElement\":[{\"@type\":\"ListItem\",\"position\":1,\"name\":\"Home\",\"item\":\"https:\/\/progettotouring.it\/radiotouring104\/\"},{\"@type\":\"ListItem\",\"position\":2,\"name\":\"Redel, il DS Meduri: &#8220;Credo in questi ragazzi&#8221;\"}]},{\"@type\":\"WebSite\",\"@id\":\"https:\/\/progettotouring.it\/radiotouring104\/#website\",\"url\":\"https:\/\/progettotouring.it\/radiotouring104\/\",\"name\":\"Radio Touring 104\",\"description\":\"La prima radio Reggina\",\"publisher\":{\"@id\":\"https:\/\/progettotouring.it\/radiotouring104\/#organization\"},\"potentialAction\":[{\"@type\":\"SearchAction\",\"target\":{\"@type\":\"EntryPoint\",\"urlTemplate\":\"https:\/\/progettotouring.it\/radiotouring104\/?s={search_term_string}\"},\"query-input\":{\"@type\":\"PropertyValueSpecification\",\"valueRequired\":true,\"valueName\":\"search_term_string\"}}],\"inLanguage\":\"it-IT\"},{\"@type\":\"Organization\",\"@id\":\"https:\/\/progettotouring.it\/radiotouring104\/#organization\",\"name\":\"Radio Touring 104\",\"url\":\"https:\/\/progettotouring.it\/radiotouring104\/\",\"logo\":{\"@type\":\"ImageObject\",\"inLanguage\":\"it-IT\",\"@id\":\"https:\/\/progettotouring.it\/radiotouring104\/#\/schema\/logo\/image\/\",\"url\":\"https:\/\/progettotouring.it\/radiotouring104\/wp-content\/uploads\/sites\/6\/2022\/02\/cropped-logo-radio-touring-104.png\",\"contentUrl\":\"https:\/\/progettotouring.it\/radiotouring104\/wp-content\/uploads\/sites\/6\/2022\/02\/cropped-logo-radio-touring-104.png\",\"width\":377,\"height\":182,\"caption\":\"Radio Touring 104\"},\"image\":{\"@id\":\"https:\/\/progettotouring.it\/radiotouring104\/#\/schema\/logo\/image\/\"}},{\"@type\":\"Person\",\"@id\":\"https:\/\/progettotouring.it\/radiotouring104\/#\/schema\/person\/1b3eb3c07c47136bc44c785c543e635f\",\"name\":\"redazione\",\"image\":{\"@type\":\"ImageObject\",\"inLanguage\":\"it-IT\",\"@id\":\"https:\/\/secure.gravatar.com\/avatar\/0b31605b49f100769e8b624b3e05de1b73e1692e9568a352f60f53fd072e6e11?s=96&d=mm&r=g\",\"url\":\"https:\/\/secure.gravatar.com\/avatar\/0b31605b49f100769e8b624b3e05de1b73e1692e9568a352f60f53fd072e6e11?s=96&d=mm&r=g\",\"contentUrl\":\"https:\/\/secure.gravatar.com\/avatar\/0b31605b49f100769e8b624b3e05de1b73e1692e9568a352f60f53fd072e6e11?s=96&d=mm&r=g\",\"caption\":\"redazione\"},\"url\":\"https:\/\/progettotouring.it\/radiotouring104\/author\/redazione\/\"}]}<\/script>\n<!-- \/ Yoast SEO plugin. -->","yoast_head_json":{"title":"Redel, il DS Meduri: \"Credo in questi ragazzi\"","description":"Il Ds dei neroarancio Vincenzo Meduri. ha fatto il punto in vista del debutto in Campionato. Ecco le sue impressioni","robots":{"index":"index","follow":"follow","max-snippet":"max-snippet:-1","max-image-preview":"max-image-preview:large","max-video-preview":"max-video-preview:-1"},"canonical":"https:\/\/progettotouring.it\/radiotouring104\/2025\/10\/02\/redel-il-ds-meduri-credo-in-questi-ragazzi\/","og_locale":"it_IT","og_type":"article","og_title":"Redel, il DS Meduri: \"Credo in questi ragazzi\"","og_description":"Il Ds dei neroarancio Vincenzo Meduri. ha fatto il punto in vista del debutto in Campionato. Ecco le sue impressioni","og_url":"https:\/\/progettotouring.it\/radiotouring104\/2025\/10\/02\/redel-il-ds-meduri-credo-in-questi-ragazzi\/","og_site_name":"Radio Touring 104","article_published_time":"2025-10-02T09:24:28+00:00","article_modified_time":"2025-10-02T10:26:25+00:00","og_image":[{"width":1200,"height":807,"url":"https:\/\/progettotouring.it\/radiotouring104\/wp-content\/uploads\/sites\/6\/2025\/10\/Redel-Viola-Vincenzo-Meduri.jpg","type":"image\/jpeg"}],"author":"redazione","twitter_card":"summary_large_image","twitter_misc":{"Scritto da":"redazione","Tempo di lettura stimato":"2 minuti"},"schema":{"@context":"https:\/\/schema.org","@graph":[{"@type":"Article","@id":"https:\/\/progettotouring.it\/radiotouring104\/2025\/10\/02\/redel-il-ds-meduri-credo-in-questi-ragazzi\/#article","isPartOf":{"@id":"https:\/\/progettotouring.it\/radiotouring104\/2025\/10\/02\/redel-il-ds-meduri-credo-in-questi-ragazzi\/"},"author":{"name":"redazione","@id":"https:\/\/progettotouring.it\/radiotouring104\/#\/schema\/person\/1b3eb3c07c47136bc44c785c543e635f"},"headline":"Redel, il DS Meduri: &#8220;Credo in questi ragazzi&#8221;","datePublished":"2025-10-02T09:24:28+00:00","dateModified":"2025-10-02T10:26:25+00:00","mainEntityOfPage":{"@id":"https:\/\/progettotouring.it\/radiotouring104\/2025\/10\/02\/redel-il-ds-meduri-credo-in-questi-ragazzi\/"},"wordCount":493,"publisher":{"@id":"https:\/\/progettotouring.it\/radiotouring104\/#organization"},"image":{"@id":"https:\/\/progettotouring.it\/radiotouring104\/2025\/10\/02\/redel-il-ds-meduri-credo-in-questi-ragazzi\/#primaryimage"},"thumbnailUrl":"https:\/\/progettotouring.it\/radiotouring104\/wp-content\/uploads\/sites\/6\/2025\/10\/Redel-Viola-Vincenzo-Meduri.jpg","articleSection":["News","Reggio Calabria","Sport"],"inLanguage":"it-IT"},{"@type":"WebPage","@id":"https:\/\/progettotouring.it\/radiotouring104\/2025\/10\/02\/redel-il-ds-meduri-credo-in-questi-ragazzi\/","url":"https:\/\/progettotouring.it\/radiotouring104\/2025\/10\/02\/redel-il-ds-meduri-credo-in-questi-ragazzi\/","name":"Redel, il DS Meduri: \"Credo in questi ragazzi\"","isPartOf":{"@id":"https:\/\/progettotouring.it\/radiotouring104\/#website"},"primaryImageOfPage":{"@id":"https:\/\/progettotouring.it\/radiotouring104\/2025\/10\/02\/redel-il-ds-meduri-credo-in-questi-ragazzi\/#primaryimage"},"image":{"@id":"https:\/\/progettotouring.it\/radiotouring104\/2025\/10\/02\/redel-il-ds-meduri-credo-in-questi-ragazzi\/#primaryimage"},"thumbnailUrl":"https:\/\/progettotouring.it\/radiotouring104\/wp-content\/uploads\/sites\/6\/2025\/10\/Redel-Viola-Vincenzo-Meduri.jpg","datePublished":"2025-10-02T09:24:28+00:00","dateModified":"2025-10-02T10:26:25+00:00","description":"Il Ds dei neroarancio Vincenzo Meduri. ha fatto il punto in vista del debutto in Campionato. Ecco le sue impressioni","breadcrumb":{"@id":"https:\/\/progettotouring.it\/radiotouring104\/2025\/10\/02\/redel-il-ds-meduri-credo-in-questi-ragazzi\/#breadcrumb"},"inLanguage":"it-IT","potentialAction":[{"@type":"ReadAction","target":["https:\/\/progettotouring.it\/radiotouring104\/2025\/10\/02\/redel-il-ds-meduri-credo-in-questi-ragazzi\/"]}]},{"@type":"ImageObject","inLanguage":"it-IT","@id":"https:\/\/progettotouring.it\/radiotouring104\/2025\/10\/02\/redel-il-ds-meduri-credo-in-questi-ragazzi\/#primaryimage","url":"https:\/\/progettotouring.it\/radiotouring104\/wp-content\/uploads\/sites\/6\/2025\/10\/Redel-Viola-Vincenzo-Meduri.jpg","contentUrl":"https:\/\/progettotouring.it\/radiotouring104\/wp-content\/uploads\/sites\/6\/2025\/10\/Redel-Viola-Vincenzo-Meduri.jpg","width":1200,"height":807},{"@type":"BreadcrumbList","@id":"https:\/\/progettotouring.it\/radiotouring104\/2025\/10\/02\/redel-il-ds-meduri-credo-in-questi-ragazzi\/#breadcrumb","itemListElement":[{"@type":"ListItem","position":1,"name":"Home","item":"https:\/\/progettotouring.it\/radiotouring104\/"},{"@type":"ListItem","position":2,"name":"Redel, il DS Meduri: &#8220;Credo in questi ragazzi&#8221;"}]},{"@type":"WebSite","@id":"https:\/\/progettotouring.it\/radiotouring104\/#website","url":"https:\/\/progettotouring.it\/radiotouring104\/","name":"Radio Touring 104","description":"La prima radio Reggina","publisher":{"@id":"https:\/\/progettotouring.it\/radiotouring104\/#organization"},"potentialAction":[{"@type":"SearchAction","target":{"@type":"EntryPoint","urlTemplate":"https:\/\/progettotouring.it\/radiotouring104\/?s={search_term_string}"},"query-input":{"@type":"PropertyValueSpecification","valueRequired":true,"valueName":"search_term_string"}}],"inLanguage":"it-IT"},{"@type":"Organization","@id":"https:\/\/progettotouring.it\/radiotouring104\/#organization","name":"Radio Touring 104","url":"https:\/\/progettotouring.it\/radiotouring104\/","logo":{"@type":"ImageObject","inLanguage":"it-IT","@id":"https:\/\/progettotouring.it\/radiotouring104\/#\/schema\/logo\/image\/","url":"https:\/\/progettotouring.it\/radiotouring104\/wp-content\/uploads\/sites\/6\/2022\/02\/cropped-logo-radio-touring-104.png","contentUrl":"https:\/\/progettotouring.it\/radiotouring104\/wp-content\/uploads\/sites\/6\/2022\/02\/cropped-logo-radio-touring-104.png","width":377,"height":182,"caption":"Radio Touring 104"},"image":{"@id":"https:\/\/progettotouring.it\/radiotouring104\/#\/schema\/logo\/image\/"}},{"@type":"Person","@id":"https:\/\/progettotouring.it\/radiotouring104\/#\/schema\/person\/1b3eb3c07c47136bc44c785c543e635f","name":"redazione","image":{"@type":"ImageObject","inLanguage":"it-IT","@id":"https:\/\/secure.gravatar.com\/avatar\/0b31605b49f100769e8b624b3e05de1b73e1692e9568a352f60f53fd072e6e11?s=96&d=mm&r=g","url":"https:\/\/secure.gravatar.com\/avatar\/0b31605b49f100769e8b624b3e05de1b73e1692e9568a352f60f53fd072e6e11?s=96&d=mm&r=g","contentUrl":"https:\/\/secure.gravatar.com\/avatar\/0b31605b49f100769e8b624b3e05de1b73e1692e9568a352f60f53fd072e6e11?s=96&d=mm&r=g","caption":"redazione"},"url":"https:\/\/progettotouring.it\/radiotouring104\/author\/redazione\/"}]}},"jetpack_publicize_connections":[],"jetpack_featured_media_url":"https:\/\/progettotouring.it\/radiotouring104\/wp-content\/uploads\/sites\/6\/2025\/10\/Redel-Viola-Vincenzo-Meduri.jpg","jetpack_sharing_enabled":true,"_links":{"self":[{"href":"https:\/\/progettotouring.it\/radiotouring104\/wp-json\/wp\/v2\/posts\/82640","targetHints":{"allow":["GET"]}}],"collection":[{"href":"https:\/\/progettotouring.it\/radiotouring104\/wp-json\/wp\/v2\/posts"}],"about":[{"href":"https:\/\/progettotouring.it\/radiotouring104\/wp-json\/wp\/v2\/types\/post"}],"author":[{"embeddable":true,"href":"https:\/\/progettotouring.it\/radiotouring104\/wp-json\/wp\/v2\/users\/5"}],"replies":[{"embeddable":true,"href":"https:\/\/progettotouring.it\/radiotouring104\/wp-json\/wp\/v2\/comments?post=82640"}],"version-history":[{"count":1,"href":"https:\/\/progettotouring.it\/radiotouring104\/wp-json\/wp\/v2\/posts\/82640\/revisions"}],"predecessor-version":[{"id":82642,"href":"https:\/\/progettotouring.it\/radiotouring104\/wp-json\/wp\/v2\/posts\/82640\/revisions\/82642"}],"wp:featuredmedia":[{"embeddable":true,"href":"https:\/\/progettotouring.it\/radiotouring104\/wp-json\/wp\/v2\/media\/82641"}],"wp:attachment":[{"href":"https:\/\/progettotouring.it\/radiotouring104\/wp-json\/wp\/v2\/media?parent=82640"}],"wp:term":[{"taxonomy":"category","embeddable":true,"href":"https:\/\/progettotouring.it\/radiotouring104\/wp-json\/wp\/v2\/categories?post=82640"},{"taxonomy":"post_tag","embeddable":true,"href":"https:\/\/progettotouring.it\/radiotouring104\/wp-json\/wp\/v2\/tags?post=82640"}],"curies":[{"name":"wp","href":"https:\/\/api.w.org\/{rel}","templated":true}]}}