{"id":82651,"date":"2025-10-02T12:06:29","date_gmt":"2025-10-02T10:06:29","guid":{"rendered":"https:\/\/progettotouring.it\/radiotouring104\/?p=82651"},"modified":"2025-10-02T12:26:10","modified_gmt":"2025-10-02T10:26:10","slug":"reggio-princi-incontra-le-forza-dellordine-per-discutere-di-sicurezza","status":"publish","type":"post","link":"https:\/\/progettotouring.it\/radiotouring104\/2025\/10\/02\/reggio-princi-incontra-le-forza-dellordine-per-discutere-di-sicurezza\/","title":{"rendered":"Reggio: Princi incontra le Forza dell&#8217;Ordine per discutere di Sicurezza"},"content":{"rendered":"<p>Si \u00e8 svolto, presso la Sala Convegni dello Sport Village, un incontro tra Stefano Princi, candidato di Fratelli d\u2019Italia alle elezioni regionali con una delegazione di appartenenti delle forze dell&#8217;ordine e militari, nel quale si \u00e8 discusso di tematiche di spicco e di priorit\u00e0 nel contesto della sicurezza<\/p>\n<p>\u00abRicevere il sostegno delle Forze dell\u2019Ordine alla mia candidatura \u00e8 un onore che vivo con grande emozione e senso di responsabilit\u00e0\u00bb \u2013 ha dichiarato Stefano Princi.<\/p>\n<p>\u00abMi sento chiamato a rappresentare una categoria che incarna i valori di dedizione, disciplina e coraggio. La mia azione politica sar\u00e0 orientata a rafforzare il legame tra istituzioni e Forze dell\u2019Ordine. Sono orgoglioso di aver costruito da solo il mio percorso politico: non provengo da una famiglia avvezza al politichese, ma da una realt\u00e0 semplice, radicata nei valori pi\u00f9 autentici, come la lealt\u00e0, la giustizia e l\u2019impegno per il bene comune. Sono gli stessi valori che le Forze dell\u2019Ordine incarnano ogni giorno con il loro lavoro. La mia esperienza nasce dall\u2019ascolto dei cittadini, dal contatto quotidiano con i loro bisogni e dalla volont\u00e0 di trasformare le difficolt\u00e0 in proposte concrete. \u00c8 questo lo spirito che mi ha guidato fin dall\u2019inizio e che continuer\u00e0 ad animare la mia azione politica\u00bb, ha continuato Princi.<\/p>\n<p>\u00abLa vera forza della politica non risiede nei privilegi o nelle appartenenze, ma nella capacit\u00e0 di mettersi al servizio della collettivit\u00e0 con seriet\u00e0, trasparenza e determinazione\u00bb, ha concluso Stefano Princi.<\/p>\n","protected":false},"excerpt":{"rendered":"<p>Si \u00e8 svolto, presso la Sala Convegni dello Sport Village, un incontro tra Stefano Princi, candidato di Fratelli d\u2019Italia alle elezioni regionali con una delegazione di appartenenti delle forze dell&#8217;ordine&hellip;<\/p>\n","protected":false},"author":5,"featured_media":82652,"comment_status":"closed","ping_status":"open","sticky":false,"template":"","format":"standard","meta":{"_jetpack_memberships_contains_paid_content":false,"footnotes":"","jetpack_publicize_message":"","jetpack_publicize_feature_enabled":true,"jetpack_social_post_already_shared":true,"jetpack_social_options":{"image_generator_settings":{"template":"highway","default_image_id":0,"font":"","enabled":false},"version":2}},"categories":[921,196,140],"tags":[26345,2422,3290,5698,1861,25623,40450],"class_list":["post-82651","post","type-post","status-publish","format-standard","has-post-thumbnail","hentry","category-home","category-news","category-reggio-calabria","tag-elezioni-regionali","tag-forze-dellordine","tag-fratelli-ditalia","tag-incontro","tag-sicurezza","tag-sport-village","tag-stefano-princi"],"yoast_head":"<!-- This site is optimized with the Yoast SEO plugin v27.2 - https:\/\/yoast.com\/product\/yoast-seo-wordpress\/ -->\n<title>Reggio: Princi incontra le Forza dell&#039;Ordine per discutere di Sicurezza - Radio Touring 104<\/title>\n<meta name=\"description\" content=\"Svolto, presso lo Sport Village, un incontro tra il candidato al Consiglio Regionale, nelle liste FDI e le F.O. sul tema sicurezza\" \/>\n<meta name=\"robots\" content=\"index, follow, max-snippet:-1, max-image-preview:large, max-video-preview:-1\" \/>\n<link rel=\"canonical\" href=\"https:\/\/progettotouring.it\/radiotouring104\/2025\/10\/02\/reggio-princi-incontra-le-forza-dellordine-per-discutere-di-sicurezza\/\" \/>\n<meta property=\"og:locale\" content=\"it_IT\" \/>\n<meta property=\"og:type\" content=\"article\" \/>\n<meta property=\"og:title\" content=\"Reggio: Princi incontra le Forza dell&#039;Ordine per discutere di Sicurezza - Radio Touring 104\" \/>\n<meta property=\"og:description\" content=\"Svolto, presso lo Sport Village, un incontro tra il candidato al Consiglio Regionale, nelle liste FDI e le F.O. sul tema sicurezza\" \/>\n<meta property=\"og:url\" content=\"https:\/\/progettotouring.it\/radiotouring104\/2025\/10\/02\/reggio-princi-incontra-le-forza-dellordine-per-discutere-di-sicurezza\/\" \/>\n<meta property=\"og:site_name\" content=\"Radio Touring 104\" \/>\n<meta property=\"article:published_time\" content=\"2025-10-02T10:06:29+00:00\" \/>\n<meta property=\"article:modified_time\" content=\"2025-10-02T10:26:10+00:00\" \/>\n<meta property=\"og:image\" content=\"https:\/\/progettotouring.it\/radiotouring104\/wp-content\/uploads\/sites\/6\/2025\/10\/Stefano-Princi-FDI-Sport-Village.gif\" \/>\n\t<meta property=\"og:image:width\" content=\"376\" \/>\n\t<meta property=\"og:image:height\" content=\"378\" \/>\n\t<meta property=\"og:image:type\" content=\"image\/gif\" \/>\n<meta name=\"author\" content=\"redazione\" \/>\n<meta name=\"twitter:card\" content=\"summary_large_image\" \/>\n<meta name=\"twitter:label1\" content=\"Scritto da\" \/>\n\t<meta name=\"twitter:data1\" content=\"redazione\" \/>\n\t<meta name=\"twitter:label2\" content=\"Tempo di lettura stimato\" \/>\n\t<meta name=\"twitter:data2\" content=\"1 minuto\" \/>\n<script type=\"application\/ld+json\" class=\"yoast-schema-graph\">{\"@context\":\"https:\/\/schema.org\",\"@graph\":[{\"@type\":\"Article\",\"@id\":\"https:\/\/progettotouring.it\/radiotouring104\/2025\/10\/02\/reggio-princi-incontra-le-forza-dellordine-per-discutere-di-sicurezza\/#article\",\"isPartOf\":{\"@id\":\"https:\/\/progettotouring.it\/radiotouring104\/2025\/10\/02\/reggio-princi-incontra-le-forza-dellordine-per-discutere-di-sicurezza\/\"},\"author\":{\"name\":\"redazione\",\"@id\":\"https:\/\/progettotouring.it\/radiotouring104\/#\/schema\/person\/1b3eb3c07c47136bc44c785c543e635f\"},\"headline\":\"Reggio: Princi incontra le Forza dell&#8217;Ordine per discutere di Sicurezza\",\"datePublished\":\"2025-10-02T10:06:29+00:00\",\"dateModified\":\"2025-10-02T10:26:10+00:00\",\"mainEntityOfPage\":{\"@id\":\"https:\/\/progettotouring.it\/radiotouring104\/2025\/10\/02\/reggio-princi-incontra-le-forza-dellordine-per-discutere-di-sicurezza\/\"},\"wordCount\":248,\"publisher\":{\"@id\":\"https:\/\/progettotouring.it\/radiotouring104\/#organization\"},\"image\":{\"@id\":\"https:\/\/progettotouring.it\/radiotouring104\/2025\/10\/02\/reggio-princi-incontra-le-forza-dellordine-per-discutere-di-sicurezza\/#primaryimage\"},\"thumbnailUrl\":\"https:\/\/progettotouring.it\/radiotouring104\/wp-content\/uploads\/sites\/6\/2025\/10\/Stefano-Princi-FDI-Sport-Village.gif\",\"keywords\":[\"Elezioni Regionali\",\"Forze dell'Ordine\",\"fratelli d'italia\",\"incontro\",\"sicurezza\",\"sport village\",\"Stefano Princi\"],\"articleSection\":[\"Home\",\"News\",\"Reggio Calabria\"],\"inLanguage\":\"it-IT\"},{\"@type\":\"WebPage\",\"@id\":\"https:\/\/progettotouring.it\/radiotouring104\/2025\/10\/02\/reggio-princi-incontra-le-forza-dellordine-per-discutere-di-sicurezza\/\",\"url\":\"https:\/\/progettotouring.it\/radiotouring104\/2025\/10\/02\/reggio-princi-incontra-le-forza-dellordine-per-discutere-di-sicurezza\/\",\"name\":\"Reggio: Princi incontra le Forza dell'Ordine per discutere di Sicurezza - Radio Touring 104\",\"isPartOf\":{\"@id\":\"https:\/\/progettotouring.it\/radiotouring104\/#website\"},\"primaryImageOfPage\":{\"@id\":\"https:\/\/progettotouring.it\/radiotouring104\/2025\/10\/02\/reggio-princi-incontra-le-forza-dellordine-per-discutere-di-sicurezza\/#primaryimage\"},\"image\":{\"@id\":\"https:\/\/progettotouring.it\/radiotouring104\/2025\/10\/02\/reggio-princi-incontra-le-forza-dellordine-per-discutere-di-sicurezza\/#primaryimage\"},\"thumbnailUrl\":\"https:\/\/progettotouring.it\/radiotouring104\/wp-content\/uploads\/sites\/6\/2025\/10\/Stefano-Princi-FDI-Sport-Village.gif\",\"datePublished\":\"2025-10-02T10:06:29+00:00\",\"dateModified\":\"2025-10-02T10:26:10+00:00\",\"description\":\"Svolto, presso lo Sport Village, un incontro tra il candidato al Consiglio Regionale, nelle liste FDI e le F.O. sul tema sicurezza\",\"breadcrumb\":{\"@id\":\"https:\/\/progettotouring.it\/radiotouring104\/2025\/10\/02\/reggio-princi-incontra-le-forza-dellordine-per-discutere-di-sicurezza\/#breadcrumb\"},\"inLanguage\":\"it-IT\",\"potentialAction\":[{\"@type\":\"ReadAction\",\"target\":[\"https:\/\/progettotouring.it\/radiotouring104\/2025\/10\/02\/reggio-princi-incontra-le-forza-dellordine-per-discutere-di-sicurezza\/\"]}]},{\"@type\":\"ImageObject\",\"inLanguage\":\"it-IT\",\"@id\":\"https:\/\/progettotouring.it\/radiotouring104\/2025\/10\/02\/reggio-princi-incontra-le-forza-dellordine-per-discutere-di-sicurezza\/#primaryimage\",\"url\":\"https:\/\/progettotouring.it\/radiotouring104\/wp-content\/uploads\/sites\/6\/2025\/10\/Stefano-Princi-FDI-Sport-Village.gif\",\"contentUrl\":\"https:\/\/progettotouring.it\/radiotouring104\/wp-content\/uploads\/sites\/6\/2025\/10\/Stefano-Princi-FDI-Sport-Village.gif\",\"width\":376,\"height\":378},{\"@type\":\"BreadcrumbList\",\"@id\":\"https:\/\/progettotouring.it\/radiotouring104\/2025\/10\/02\/reggio-princi-incontra-le-forza-dellordine-per-discutere-di-sicurezza\/#breadcrumb\",\"itemListElement\":[{\"@type\":\"ListItem\",\"position\":1,\"name\":\"Home\",\"item\":\"https:\/\/progettotouring.it\/radiotouring104\/\"},{\"@type\":\"ListItem\",\"position\":2,\"name\":\"Reggio: Princi incontra le Forza dell&#8217;Ordine per discutere di Sicurezza\"}]},{\"@type\":\"WebSite\",\"@id\":\"https:\/\/progettotouring.it\/radiotouring104\/#website\",\"url\":\"https:\/\/progettotouring.it\/radiotouring104\/\",\"name\":\"Radio Touring 104\",\"description\":\"La prima radio Reggina\",\"publisher\":{\"@id\":\"https:\/\/progettotouring.it\/radiotouring104\/#organization\"},\"potentialAction\":[{\"@type\":\"SearchAction\",\"target\":{\"@type\":\"EntryPoint\",\"urlTemplate\":\"https:\/\/progettotouring.it\/radiotouring104\/?s={search_term_string}\"},\"query-input\":{\"@type\":\"PropertyValueSpecification\",\"valueRequired\":true,\"valueName\":\"search_term_string\"}}],\"inLanguage\":\"it-IT\"},{\"@type\":\"Organization\",\"@id\":\"https:\/\/progettotouring.it\/radiotouring104\/#organization\",\"name\":\"Radio Touring 104\",\"url\":\"https:\/\/progettotouring.it\/radiotouring104\/\",\"logo\":{\"@type\":\"ImageObject\",\"inLanguage\":\"it-IT\",\"@id\":\"https:\/\/progettotouring.it\/radiotouring104\/#\/schema\/logo\/image\/\",\"url\":\"https:\/\/progettotouring.it\/radiotouring104\/wp-content\/uploads\/sites\/6\/2022\/02\/cropped-logo-radio-touring-104.png\",\"contentUrl\":\"https:\/\/progettotouring.it\/radiotouring104\/wp-content\/uploads\/sites\/6\/2022\/02\/cropped-logo-radio-touring-104.png\",\"width\":377,\"height\":182,\"caption\":\"Radio Touring 104\"},\"image\":{\"@id\":\"https:\/\/progettotouring.it\/radiotouring104\/#\/schema\/logo\/image\/\"}},{\"@type\":\"Person\",\"@id\":\"https:\/\/progettotouring.it\/radiotouring104\/#\/schema\/person\/1b3eb3c07c47136bc44c785c543e635f\",\"name\":\"redazione\",\"image\":{\"@type\":\"ImageObject\",\"inLanguage\":\"it-IT\",\"@id\":\"https:\/\/secure.gravatar.com\/avatar\/0b31605b49f100769e8b624b3e05de1b73e1692e9568a352f60f53fd072e6e11?s=96&d=mm&r=g\",\"url\":\"https:\/\/secure.gravatar.com\/avatar\/0b31605b49f100769e8b624b3e05de1b73e1692e9568a352f60f53fd072e6e11?s=96&d=mm&r=g\",\"contentUrl\":\"https:\/\/secure.gravatar.com\/avatar\/0b31605b49f100769e8b624b3e05de1b73e1692e9568a352f60f53fd072e6e11?s=96&d=mm&r=g\",\"caption\":\"redazione\"},\"url\":\"https:\/\/progettotouring.it\/radiotouring104\/author\/redazione\/\"}]}<\/script>\n<!-- \/ Yoast SEO plugin. -->","yoast_head_json":{"title":"Reggio: Princi incontra le Forza dell'Ordine per discutere di Sicurezza - Radio Touring 104","description":"Svolto, presso lo Sport Village, un incontro tra il candidato al Consiglio Regionale, nelle liste FDI e le F.O. sul tema sicurezza","robots":{"index":"index","follow":"follow","max-snippet":"max-snippet:-1","max-image-preview":"max-image-preview:large","max-video-preview":"max-video-preview:-1"},"canonical":"https:\/\/progettotouring.it\/radiotouring104\/2025\/10\/02\/reggio-princi-incontra-le-forza-dellordine-per-discutere-di-sicurezza\/","og_locale":"it_IT","og_type":"article","og_title":"Reggio: Princi incontra le Forza dell'Ordine per discutere di Sicurezza - Radio Touring 104","og_description":"Svolto, presso lo Sport Village, un incontro tra il candidato al Consiglio Regionale, nelle liste FDI e le F.O. sul tema sicurezza","og_url":"https:\/\/progettotouring.it\/radiotouring104\/2025\/10\/02\/reggio-princi-incontra-le-forza-dellordine-per-discutere-di-sicurezza\/","og_site_name":"Radio Touring 104","article_published_time":"2025-10-02T10:06:29+00:00","article_modified_time":"2025-10-02T10:26:10+00:00","og_image":[{"width":376,"height":378,"url":"https:\/\/progettotouring.it\/radiotouring104\/wp-content\/uploads\/sites\/6\/2025\/10\/Stefano-Princi-FDI-Sport-Village.gif","type":"image\/gif"}],"author":"redazione","twitter_card":"summary_large_image","twitter_misc":{"Scritto da":"redazione","Tempo di lettura stimato":"1 minuto"},"schema":{"@context":"https:\/\/schema.org","@graph":[{"@type":"Article","@id":"https:\/\/progettotouring.it\/radiotouring104\/2025\/10\/02\/reggio-princi-incontra-le-forza-dellordine-per-discutere-di-sicurezza\/#article","isPartOf":{"@id":"https:\/\/progettotouring.it\/radiotouring104\/2025\/10\/02\/reggio-princi-incontra-le-forza-dellordine-per-discutere-di-sicurezza\/"},"author":{"name":"redazione","@id":"https:\/\/progettotouring.it\/radiotouring104\/#\/schema\/person\/1b3eb3c07c47136bc44c785c543e635f"},"headline":"Reggio: Princi incontra le Forza dell&#8217;Ordine per discutere di Sicurezza","datePublished":"2025-10-02T10:06:29+00:00","dateModified":"2025-10-02T10:26:10+00:00","mainEntityOfPage":{"@id":"https:\/\/progettotouring.it\/radiotouring104\/2025\/10\/02\/reggio-princi-incontra-le-forza-dellordine-per-discutere-di-sicurezza\/"},"wordCount":248,"publisher":{"@id":"https:\/\/progettotouring.it\/radiotouring104\/#organization"},"image":{"@id":"https:\/\/progettotouring.it\/radiotouring104\/2025\/10\/02\/reggio-princi-incontra-le-forza-dellordine-per-discutere-di-sicurezza\/#primaryimage"},"thumbnailUrl":"https:\/\/progettotouring.it\/radiotouring104\/wp-content\/uploads\/sites\/6\/2025\/10\/Stefano-Princi-FDI-Sport-Village.gif","keywords":["Elezioni Regionali","Forze dell'Ordine","fratelli d'italia","incontro","sicurezza","sport village","Stefano Princi"],"articleSection":["Home","News","Reggio Calabria"],"inLanguage":"it-IT"},{"@type":"WebPage","@id":"https:\/\/progettotouring.it\/radiotouring104\/2025\/10\/02\/reggio-princi-incontra-le-forza-dellordine-per-discutere-di-sicurezza\/","url":"https:\/\/progettotouring.it\/radiotouring104\/2025\/10\/02\/reggio-princi-incontra-le-forza-dellordine-per-discutere-di-sicurezza\/","name":"Reggio: Princi incontra le Forza dell'Ordine per discutere di Sicurezza - Radio Touring 104","isPartOf":{"@id":"https:\/\/progettotouring.it\/radiotouring104\/#website"},"primaryImageOfPage":{"@id":"https:\/\/progettotouring.it\/radiotouring104\/2025\/10\/02\/reggio-princi-incontra-le-forza-dellordine-per-discutere-di-sicurezza\/#primaryimage"},"image":{"@id":"https:\/\/progettotouring.it\/radiotouring104\/2025\/10\/02\/reggio-princi-incontra-le-forza-dellordine-per-discutere-di-sicurezza\/#primaryimage"},"thumbnailUrl":"https:\/\/progettotouring.it\/radiotouring104\/wp-content\/uploads\/sites\/6\/2025\/10\/Stefano-Princi-FDI-Sport-Village.gif","datePublished":"2025-10-02T10:06:29+00:00","dateModified":"2025-10-02T10:26:10+00:00","description":"Svolto, presso lo Sport Village, un incontro tra il candidato al Consiglio Regionale, nelle liste FDI e le F.O. sul tema sicurezza","breadcrumb":{"@id":"https:\/\/progettotouring.it\/radiotouring104\/2025\/10\/02\/reggio-princi-incontra-le-forza-dellordine-per-discutere-di-sicurezza\/#breadcrumb"},"inLanguage":"it-IT","potentialAction":[{"@type":"ReadAction","target":["https:\/\/progettotouring.it\/radiotouring104\/2025\/10\/02\/reggio-princi-incontra-le-forza-dellordine-per-discutere-di-sicurezza\/"]}]},{"@type":"ImageObject","inLanguage":"it-IT","@id":"https:\/\/progettotouring.it\/radiotouring104\/2025\/10\/02\/reggio-princi-incontra-le-forza-dellordine-per-discutere-di-sicurezza\/#primaryimage","url":"https:\/\/progettotouring.it\/radiotouring104\/wp-content\/uploads\/sites\/6\/2025\/10\/Stefano-Princi-FDI-Sport-Village.gif","contentUrl":"https:\/\/progettotouring.it\/radiotouring104\/wp-content\/uploads\/sites\/6\/2025\/10\/Stefano-Princi-FDI-Sport-Village.gif","width":376,"height":378},{"@type":"BreadcrumbList","@id":"https:\/\/progettotouring.it\/radiotouring104\/2025\/10\/02\/reggio-princi-incontra-le-forza-dellordine-per-discutere-di-sicurezza\/#breadcrumb","itemListElement":[{"@type":"ListItem","position":1,"name":"Home","item":"https:\/\/progettotouring.it\/radiotouring104\/"},{"@type":"ListItem","position":2,"name":"Reggio: Princi incontra le Forza dell&#8217;Ordine per discutere di Sicurezza"}]},{"@type":"WebSite","@id":"https:\/\/progettotouring.it\/radiotouring104\/#website","url":"https:\/\/progettotouring.it\/radiotouring104\/","name":"Radio Touring 104","description":"La prima radio Reggina","publisher":{"@id":"https:\/\/progettotouring.it\/radiotouring104\/#organization"},"potentialAction":[{"@type":"SearchAction","target":{"@type":"EntryPoint","urlTemplate":"https:\/\/progettotouring.it\/radiotouring104\/?s={search_term_string}"},"query-input":{"@type":"PropertyValueSpecification","valueRequired":true,"valueName":"search_term_string"}}],"inLanguage":"it-IT"},{"@type":"Organization","@id":"https:\/\/progettotouring.it\/radiotouring104\/#organization","name":"Radio Touring 104","url":"https:\/\/progettotouring.it\/radiotouring104\/","logo":{"@type":"ImageObject","inLanguage":"it-IT","@id":"https:\/\/progettotouring.it\/radiotouring104\/#\/schema\/logo\/image\/","url":"https:\/\/progettotouring.it\/radiotouring104\/wp-content\/uploads\/sites\/6\/2022\/02\/cropped-logo-radio-touring-104.png","contentUrl":"https:\/\/progettotouring.it\/radiotouring104\/wp-content\/uploads\/sites\/6\/2022\/02\/cropped-logo-radio-touring-104.png","width":377,"height":182,"caption":"Radio Touring 104"},"image":{"@id":"https:\/\/progettotouring.it\/radiotouring104\/#\/schema\/logo\/image\/"}},{"@type":"Person","@id":"https:\/\/progettotouring.it\/radiotouring104\/#\/schema\/person\/1b3eb3c07c47136bc44c785c543e635f","name":"redazione","image":{"@type":"ImageObject","inLanguage":"it-IT","@id":"https:\/\/secure.gravatar.com\/avatar\/0b31605b49f100769e8b624b3e05de1b73e1692e9568a352f60f53fd072e6e11?s=96&d=mm&r=g","url":"https:\/\/secure.gravatar.com\/avatar\/0b31605b49f100769e8b624b3e05de1b73e1692e9568a352f60f53fd072e6e11?s=96&d=mm&r=g","contentUrl":"https:\/\/secure.gravatar.com\/avatar\/0b31605b49f100769e8b624b3e05de1b73e1692e9568a352f60f53fd072e6e11?s=96&d=mm&r=g","caption":"redazione"},"url":"https:\/\/progettotouring.it\/radiotouring104\/author\/redazione\/"}]}},"jetpack_publicize_connections":[],"jetpack_featured_media_url":"https:\/\/progettotouring.it\/radiotouring104\/wp-content\/uploads\/sites\/6\/2025\/10\/Stefano-Princi-FDI-Sport-Village.gif","jetpack_sharing_enabled":true,"_links":{"self":[{"href":"https:\/\/progettotouring.it\/radiotouring104\/wp-json\/wp\/v2\/posts\/82651","targetHints":{"allow":["GET"]}}],"collection":[{"href":"https:\/\/progettotouring.it\/radiotouring104\/wp-json\/wp\/v2\/posts"}],"about":[{"href":"https:\/\/progettotouring.it\/radiotouring104\/wp-json\/wp\/v2\/types\/post"}],"author":[{"embeddable":true,"href":"https:\/\/progettotouring.it\/radiotouring104\/wp-json\/wp\/v2\/users\/5"}],"replies":[{"embeddable":true,"href":"https:\/\/progettotouring.it\/radiotouring104\/wp-json\/wp\/v2\/comments?post=82651"}],"version-history":[{"count":1,"href":"https:\/\/progettotouring.it\/radiotouring104\/wp-json\/wp\/v2\/posts\/82651\/revisions"}],"predecessor-version":[{"id":82653,"href":"https:\/\/progettotouring.it\/radiotouring104\/wp-json\/wp\/v2\/posts\/82651\/revisions\/82653"}],"wp:featuredmedia":[{"embeddable":true,"href":"https:\/\/progettotouring.it\/radiotouring104\/wp-json\/wp\/v2\/media\/82652"}],"wp:attachment":[{"href":"https:\/\/progettotouring.it\/radiotouring104\/wp-json\/wp\/v2\/media?parent=82651"}],"wp:term":[{"taxonomy":"category","embeddable":true,"href":"https:\/\/progettotouring.it\/radiotouring104\/wp-json\/wp\/v2\/categories?post=82651"},{"taxonomy":"post_tag","embeddable":true,"href":"https:\/\/progettotouring.it\/radiotouring104\/wp-json\/wp\/v2\/tags?post=82651"}],"curies":[{"name":"wp","href":"https:\/\/api.w.org\/{rel}","templated":true}]}}