{"id":82661,"date":"2025-10-02T12:51:08","date_gmt":"2025-10-02T10:51:08","guid":{"rendered":"https:\/\/progettotouring.it\/radiotouring104\/?p=82661"},"modified":"2025-10-02T12:51:22","modified_gmt":"2025-10-02T10:51:22","slug":"montepaone-cz-il-centro-antiviolenza-mondo-rosa-organizza-una-cena-di-solidarieta-in-occasione-della-festa-dei-nonni","status":"publish","type":"post","link":"https:\/\/progettotouring.it\/radiotouring104\/2025\/10\/02\/montepaone-cz-il-centro-antiviolenza-mondo-rosa-organizza-una-cena-di-solidarieta-in-occasione-della-festa-dei-nonni\/","title":{"rendered":"Montepaone (CZ): il Centro Antiviolenza Mondo Rosa organizza una cena di solidariet\u00e0 in occasione della \u201cFesta dei Nonni\u201d"},"content":{"rendered":"<p class=\"xmprfx_MsoNormal\">La solidariet\u00e0 si nutre di gesti semplici, di comunit\u00e0 che si stringono attorno a chi ha pi\u00f9 bisogno. \u00c8 questo lo spirito che animer\u00e0 la \u201c<b>Festa dei Nonni\u201d<\/b>, in programma domani, alle ore 20.00, presso l\u2019<b>Albachiara Hotel Ristorante Residence di Montepaone Lido<\/b>, con la\u00a0<b>Cena Spettacolo Benefica \u201cIn onore dei Nonni\u201d<\/b>.<\/p>\n<p class=\"xmprfx_MsoNormal\">L\u2019iniziativa, ideata dal Dipartimento Lady Chef dell\u2019Associazione Provinciale Cuochi Catanzaro con la collaborazione del Dipartimento Emergenza e Solidariet\u00e0 FIC Calabria \u201cInsieme a Voi\u201d, sar\u00e0 un\u2019occasione per celebrare i nonni e le famiglie ma soprattutto per sostenere una causa importante:\u00a0<b>l\u2019intero ricavato sar\u00e0 devoluto al Centro Antiviolenza Mondo Rosa del Centro Calabrese di Solidariet\u00e0 ETS<\/b>, da anni punto di riferimento per l\u2019ascolto, l\u2019accoglienza e il supporto a donne vittime di violenza e situazioni di fragilit\u00e0.<\/p>\n<p class=\"xmprfx_MsoNormal\">Sul palco si alterneranno il trio musicale\u00a0<i>La storia siamo noi<\/i>\u00a0con Piero Dardano, Daniela Olivo e il chitarrista Sergio Turcomanni (Darca Music) e la comicit\u00e0 di Piero Procopio, in una serata che unir\u00e0 musica, spettacolo e sorrisi.<\/p>\n<p class=\"xmprfx_MsoNormal\">Protagonista sar\u00e0 anche il\u00a0<b>men\u00f9 delle Lady Chef Catanzaro<\/b>, che racconter\u00e0 i sapori della tradizione attraverso piatti pensati per esaltare le radici di una comunit\u00e0 e il legame tra generazioni: dagli antipasti agli\u00a0<i>Mparrettati artigianali<\/i>\u00a0con pomodoro e basilico, fino ai secondi come il polletto del cortile con patate silane e il polpettone agli aromi dell\u2019orto. Gran finale con i dolci delle feste:\u00a0<i>Mbernu con strudel di mele e crumble di avena<\/i>\u00a0e una trilogia di torte. Previsto anche un men\u00f9 dedicato ai bambini e una proposta gluten free su prenotazione.<\/p>\n<p class=\"xmprfx_MsoNormal\">Un ringraziamento speciale va a tutti gli\u00a0<b>sponsor che hanno scelto di sostenere l\u2019iniziativa<\/b>\u00a0e renderla possibile: Foderaro Antonino, Magisa \u2013 Il riso buono di Sibari, Baroni Capoano, Astorino, Migliarese \u2013 Passione per la buona agricoltura, Amedeo Gelato Artigianale, Rummo, San Luca Restaurant, Albachiara Hotel Residence Ristorante, Luna Funghi, FM, Farmacia Ciacci<a href=\"http:\/\/el.ky\/\" target=\"_blank\" rel=\"noopener noreferrer\">\u00a0El.Ky<\/a>. Sas, Raco Ascensori, Notaro Trasporti, Integra \u2013 Consulenti di direzione, Mulinum, Nitidus e Salkubris, Food &amp; Drinks, Pet Point \u2013 Il meglio per i tuoi animali, Globe Office \u2013 L\u2019ufficio a portata di mani, Fotovideando \u2013 Ingegneri d\u2019immagine, L\u2019Arte del Grano \u2013 Artigiani consapevoli, Amaro Numero 5, Artes Lucia, Anpit, 4R Costruzioni \u2013 Passione nel costruire, The Relish, Edil Service Talarico, Elite, Mascaro Security, R Arredamenti, Prospero Complementi Edili, Il Piatto Giusto, McDonald\u2019s, Maddaloni Food Service.<\/p>\n<p class=\"xmprfx_MsoNormal\">Il contributo di partecipazione \u00e8 di\u00a0<b>25 euro per gli adulti e 15 euro per i ragazzi fino a 12 anni<\/b>.<\/p>\n<p class=\"xmprfx_MsoNormal\">La\u00a0<b>Festa dei Nonni 2025<\/b>\u00a0sar\u00e0 dunque molto pi\u00f9 di una cena: sar\u00e0 un\u00a0<b>abbraccio che unisce generazioni e comunit\u00e0<\/b>, trasformando la gioia di stare insieme in un gesto concreto di solidariet\u00e0.<\/p>\n<p class=\"xmprfx_MsoNormal\">Partecipa alla serata speciale cliccando qui: Festa dei nonni:\u00a0<a href=\"https:\/\/www.retedeldono.it\/festa-dei-nonni-un-abbraccio-unire?fbclid=IwZXh0bgNhZW0CMTEAAR5Z8PvqLERKVQ1GeHXeRkqO6bCErjUTUjHxpLNkU8N9fPI_gHYaVCyha91OXA_aem_93tAhMflcGmd092J4DoZIQ\" target=\"_blank\" rel=\"noopener noreferrer\">Festa dei nonni: Un abbraccio per unire | Rete del Dono<\/a><\/p>\n","protected":false},"excerpt":{"rendered":"<p>La solidariet\u00e0 si nutre di gesti semplici, di comunit\u00e0 che si stringono attorno a chi ha pi\u00f9 bisogno. \u00c8 questo lo spirito che animer\u00e0 la \u201cFesta dei Nonni\u201d, in programma&hellip;<\/p>\n","protected":false},"author":5,"featured_media":82662,"comment_status":"closed","ping_status":"open","sticky":false,"template":"","format":"standard","meta":{"_jetpack_memberships_contains_paid_content":false,"footnotes":"","jetpack_publicize_message":"","jetpack_publicize_feature_enabled":true,"jetpack_social_post_already_shared":true,"jetpack_social_options":{"image_generator_settings":{"template":"highway","default_image_id":0,"font":"","enabled":false},"version":2}},"categories":[142,921,196],"tags":[47989,28414,47150,15870],"class_list":["post-82661","post","type-post","status-publish","format-standard","has-post-thumbnail","hentry","category-calabria","category-home","category-news","tag-cena-beneficenza","tag-centro-calabrese-di-solidarieta-ets","tag-festa-dei-nonni","tag-montepaone-catanzaro"],"yoast_head":"<!-- This site is optimized with the Yoast SEO plugin v27.2 - https:\/\/yoast.com\/product\/yoast-seo-wordpress\/ -->\n<title>Montepaone: cena benefica in occasione della &quot;Festa dei Nonni&quot;<\/title>\n<meta name=\"description\" content=\"La cena benefica si svolger\u00e0 domani, alle ore 20.00, presso l\u2019Albachiara Hotel Ristorante Residence di Montepaone Lido\" \/>\n<meta name=\"robots\" content=\"index, follow, max-snippet:-1, max-image-preview:large, max-video-preview:-1\" \/>\n<link rel=\"canonical\" href=\"https:\/\/progettotouring.it\/radiotouring104\/2025\/10\/02\/montepaone-cz-il-centro-antiviolenza-mondo-rosa-organizza-una-cena-di-solidarieta-in-occasione-della-festa-dei-nonni\/\" \/>\n<meta property=\"og:locale\" content=\"it_IT\" \/>\n<meta property=\"og:type\" content=\"article\" \/>\n<meta property=\"og:title\" content=\"Montepaone: cena benefica in occasione della &quot;Festa dei Nonni&quot;\" \/>\n<meta property=\"og:description\" content=\"La cena benefica si svolger\u00e0 domani, alle ore 20.00, presso l\u2019Albachiara Hotel Ristorante Residence di Montepaone Lido\" \/>\n<meta property=\"og:url\" content=\"https:\/\/progettotouring.it\/radiotouring104\/2025\/10\/02\/montepaone-cz-il-centro-antiviolenza-mondo-rosa-organizza-una-cena-di-solidarieta-in-occasione-della-festa-dei-nonni\/\" \/>\n<meta property=\"og:site_name\" content=\"Radio Touring 104\" \/>\n<meta property=\"article:published_time\" content=\"2025-10-02T10:51:08+00:00\" \/>\n<meta property=\"article:modified_time\" content=\"2025-10-02T10:51:22+00:00\" \/>\n<meta property=\"og:image\" content=\"https:\/\/progettotouring.it\/radiotouring104\/wp-content\/uploads\/sites\/6\/2025\/10\/FESTA-DEI-NONNI-Montepaone.jpg\" \/>\n\t<meta property=\"og:image:width\" content=\"1200\" \/>\n\t<meta property=\"og:image:height\" content=\"630\" \/>\n\t<meta property=\"og:image:type\" content=\"image\/jpeg\" \/>\n<meta name=\"author\" content=\"redazione\" \/>\n<meta name=\"twitter:card\" content=\"summary_large_image\" \/>\n<meta name=\"twitter:label1\" content=\"Scritto da\" \/>\n\t<meta name=\"twitter:data1\" content=\"redazione\" \/>\n\t<meta name=\"twitter:label2\" content=\"Tempo di lettura stimato\" \/>\n\t<meta name=\"twitter:data2\" content=\"2 minuti\" \/>\n<script type=\"application\/ld+json\" class=\"yoast-schema-graph\">{\"@context\":\"https:\/\/schema.org\",\"@graph\":[{\"@type\":\"Article\",\"@id\":\"https:\/\/progettotouring.it\/radiotouring104\/2025\/10\/02\/montepaone-cz-il-centro-antiviolenza-mondo-rosa-organizza-una-cena-di-solidarieta-in-occasione-della-festa-dei-nonni\/#article\",\"isPartOf\":{\"@id\":\"https:\/\/progettotouring.it\/radiotouring104\/2025\/10\/02\/montepaone-cz-il-centro-antiviolenza-mondo-rosa-organizza-una-cena-di-solidarieta-in-occasione-della-festa-dei-nonni\/\"},\"author\":{\"name\":\"redazione\",\"@id\":\"https:\/\/progettotouring.it\/radiotouring104\/#\/schema\/person\/1b3eb3c07c47136bc44c785c543e635f\"},\"headline\":\"Montepaone (CZ): il Centro Antiviolenza Mondo Rosa organizza una cena di solidariet\u00e0 in occasione della \u201cFesta dei Nonni\u201d\",\"datePublished\":\"2025-10-02T10:51:08+00:00\",\"dateModified\":\"2025-10-02T10:51:22+00:00\",\"mainEntityOfPage\":{\"@id\":\"https:\/\/progettotouring.it\/radiotouring104\/2025\/10\/02\/montepaone-cz-il-centro-antiviolenza-mondo-rosa-organizza-una-cena-di-solidarieta-in-occasione-della-festa-dei-nonni\/\"},\"wordCount\":471,\"publisher\":{\"@id\":\"https:\/\/progettotouring.it\/radiotouring104\/#organization\"},\"image\":{\"@id\":\"https:\/\/progettotouring.it\/radiotouring104\/2025\/10\/02\/montepaone-cz-il-centro-antiviolenza-mondo-rosa-organizza-una-cena-di-solidarieta-in-occasione-della-festa-dei-nonni\/#primaryimage\"},\"thumbnailUrl\":\"https:\/\/progettotouring.it\/radiotouring104\/wp-content\/uploads\/sites\/6\/2025\/10\/FESTA-DEI-NONNI-Montepaone.jpg\",\"keywords\":[\"Cena beneficenza\",\"Centro Calabrese di Solidariet\u00e0 ETS\",\"Festa dei nonni\",\"Montepaone\u00a0(Catanzaro)\"],\"articleSection\":[\"Calabria\",\"Home\",\"News\"],\"inLanguage\":\"it-IT\"},{\"@type\":\"WebPage\",\"@id\":\"https:\/\/progettotouring.it\/radiotouring104\/2025\/10\/02\/montepaone-cz-il-centro-antiviolenza-mondo-rosa-organizza-una-cena-di-solidarieta-in-occasione-della-festa-dei-nonni\/\",\"url\":\"https:\/\/progettotouring.it\/radiotouring104\/2025\/10\/02\/montepaone-cz-il-centro-antiviolenza-mondo-rosa-organizza-una-cena-di-solidarieta-in-occasione-della-festa-dei-nonni\/\",\"name\":\"Montepaone: cena benefica in occasione della \\\"Festa dei Nonni\\\"\",\"isPartOf\":{\"@id\":\"https:\/\/progettotouring.it\/radiotouring104\/#website\"},\"primaryImageOfPage\":{\"@id\":\"https:\/\/progettotouring.it\/radiotouring104\/2025\/10\/02\/montepaone-cz-il-centro-antiviolenza-mondo-rosa-organizza-una-cena-di-solidarieta-in-occasione-della-festa-dei-nonni\/#primaryimage\"},\"image\":{\"@id\":\"https:\/\/progettotouring.it\/radiotouring104\/2025\/10\/02\/montepaone-cz-il-centro-antiviolenza-mondo-rosa-organizza-una-cena-di-solidarieta-in-occasione-della-festa-dei-nonni\/#primaryimage\"},\"thumbnailUrl\":\"https:\/\/progettotouring.it\/radiotouring104\/wp-content\/uploads\/sites\/6\/2025\/10\/FESTA-DEI-NONNI-Montepaone.jpg\",\"datePublished\":\"2025-10-02T10:51:08+00:00\",\"dateModified\":\"2025-10-02T10:51:22+00:00\",\"description\":\"La cena benefica si svolger\u00e0 domani, alle ore 20.00, presso l\u2019Albachiara Hotel Ristorante Residence di Montepaone Lido\",\"breadcrumb\":{\"@id\":\"https:\/\/progettotouring.it\/radiotouring104\/2025\/10\/02\/montepaone-cz-il-centro-antiviolenza-mondo-rosa-organizza-una-cena-di-solidarieta-in-occasione-della-festa-dei-nonni\/#breadcrumb\"},\"inLanguage\":\"it-IT\",\"potentialAction\":[{\"@type\":\"ReadAction\",\"target\":[\"https:\/\/progettotouring.it\/radiotouring104\/2025\/10\/02\/montepaone-cz-il-centro-antiviolenza-mondo-rosa-organizza-una-cena-di-solidarieta-in-occasione-della-festa-dei-nonni\/\"]}]},{\"@type\":\"ImageObject\",\"inLanguage\":\"it-IT\",\"@id\":\"https:\/\/progettotouring.it\/radiotouring104\/2025\/10\/02\/montepaone-cz-il-centro-antiviolenza-mondo-rosa-organizza-una-cena-di-solidarieta-in-occasione-della-festa-dei-nonni\/#primaryimage\",\"url\":\"https:\/\/progettotouring.it\/radiotouring104\/wp-content\/uploads\/sites\/6\/2025\/10\/FESTA-DEI-NONNI-Montepaone.jpg\",\"contentUrl\":\"https:\/\/progettotouring.it\/radiotouring104\/wp-content\/uploads\/sites\/6\/2025\/10\/FESTA-DEI-NONNI-Montepaone.jpg\",\"width\":1200,\"height\":630},{\"@type\":\"BreadcrumbList\",\"@id\":\"https:\/\/progettotouring.it\/radiotouring104\/2025\/10\/02\/montepaone-cz-il-centro-antiviolenza-mondo-rosa-organizza-una-cena-di-solidarieta-in-occasione-della-festa-dei-nonni\/#breadcrumb\",\"itemListElement\":[{\"@type\":\"ListItem\",\"position\":1,\"name\":\"Home\",\"item\":\"https:\/\/progettotouring.it\/radiotouring104\/\"},{\"@type\":\"ListItem\",\"position\":2,\"name\":\"Montepaone (CZ): il Centro Antiviolenza Mondo Rosa organizza una cena di solidariet\u00e0 in occasione della \u201cFesta dei Nonni\u201d\"}]},{\"@type\":\"WebSite\",\"@id\":\"https:\/\/progettotouring.it\/radiotouring104\/#website\",\"url\":\"https:\/\/progettotouring.it\/radiotouring104\/\",\"name\":\"Radio Touring 104\",\"description\":\"La prima radio Reggina\",\"publisher\":{\"@id\":\"https:\/\/progettotouring.it\/radiotouring104\/#organization\"},\"potentialAction\":[{\"@type\":\"SearchAction\",\"target\":{\"@type\":\"EntryPoint\",\"urlTemplate\":\"https:\/\/progettotouring.it\/radiotouring104\/?s={search_term_string}\"},\"query-input\":{\"@type\":\"PropertyValueSpecification\",\"valueRequired\":true,\"valueName\":\"search_term_string\"}}],\"inLanguage\":\"it-IT\"},{\"@type\":\"Organization\",\"@id\":\"https:\/\/progettotouring.it\/radiotouring104\/#organization\",\"name\":\"Radio Touring 104\",\"url\":\"https:\/\/progettotouring.it\/radiotouring104\/\",\"logo\":{\"@type\":\"ImageObject\",\"inLanguage\":\"it-IT\",\"@id\":\"https:\/\/progettotouring.it\/radiotouring104\/#\/schema\/logo\/image\/\",\"url\":\"https:\/\/progettotouring.it\/radiotouring104\/wp-content\/uploads\/sites\/6\/2022\/02\/cropped-logo-radio-touring-104.png\",\"contentUrl\":\"https:\/\/progettotouring.it\/radiotouring104\/wp-content\/uploads\/sites\/6\/2022\/02\/cropped-logo-radio-touring-104.png\",\"width\":377,\"height\":182,\"caption\":\"Radio Touring 104\"},\"image\":{\"@id\":\"https:\/\/progettotouring.it\/radiotouring104\/#\/schema\/logo\/image\/\"}},{\"@type\":\"Person\",\"@id\":\"https:\/\/progettotouring.it\/radiotouring104\/#\/schema\/person\/1b3eb3c07c47136bc44c785c543e635f\",\"name\":\"redazione\",\"image\":{\"@type\":\"ImageObject\",\"inLanguage\":\"it-IT\",\"@id\":\"https:\/\/secure.gravatar.com\/avatar\/0b31605b49f100769e8b624b3e05de1b73e1692e9568a352f60f53fd072e6e11?s=96&d=mm&r=g\",\"url\":\"https:\/\/secure.gravatar.com\/avatar\/0b31605b49f100769e8b624b3e05de1b73e1692e9568a352f60f53fd072e6e11?s=96&d=mm&r=g\",\"contentUrl\":\"https:\/\/secure.gravatar.com\/avatar\/0b31605b49f100769e8b624b3e05de1b73e1692e9568a352f60f53fd072e6e11?s=96&d=mm&r=g\",\"caption\":\"redazione\"},\"url\":\"https:\/\/progettotouring.it\/radiotouring104\/author\/redazione\/\"}]}<\/script>\n<!-- \/ Yoast SEO plugin. -->","yoast_head_json":{"title":"Montepaone: cena benefica in occasione della \"Festa dei Nonni\"","description":"La cena benefica si svolger\u00e0 domani, alle ore 20.00, presso l\u2019Albachiara Hotel Ristorante Residence di Montepaone Lido","robots":{"index":"index","follow":"follow","max-snippet":"max-snippet:-1","max-image-preview":"max-image-preview:large","max-video-preview":"max-video-preview:-1"},"canonical":"https:\/\/progettotouring.it\/radiotouring104\/2025\/10\/02\/montepaone-cz-il-centro-antiviolenza-mondo-rosa-organizza-una-cena-di-solidarieta-in-occasione-della-festa-dei-nonni\/","og_locale":"it_IT","og_type":"article","og_title":"Montepaone: cena benefica in occasione della \"Festa dei Nonni\"","og_description":"La cena benefica si svolger\u00e0 domani, alle ore 20.00, presso l\u2019Albachiara Hotel Ristorante Residence di Montepaone Lido","og_url":"https:\/\/progettotouring.it\/radiotouring104\/2025\/10\/02\/montepaone-cz-il-centro-antiviolenza-mondo-rosa-organizza-una-cena-di-solidarieta-in-occasione-della-festa-dei-nonni\/","og_site_name":"Radio Touring 104","article_published_time":"2025-10-02T10:51:08+00:00","article_modified_time":"2025-10-02T10:51:22+00:00","og_image":[{"width":1200,"height":630,"url":"https:\/\/progettotouring.it\/radiotouring104\/wp-content\/uploads\/sites\/6\/2025\/10\/FESTA-DEI-NONNI-Montepaone.jpg","type":"image\/jpeg"}],"author":"redazione","twitter_card":"summary_large_image","twitter_misc":{"Scritto da":"redazione","Tempo di lettura stimato":"2 minuti"},"schema":{"@context":"https:\/\/schema.org","@graph":[{"@type":"Article","@id":"https:\/\/progettotouring.it\/radiotouring104\/2025\/10\/02\/montepaone-cz-il-centro-antiviolenza-mondo-rosa-organizza-una-cena-di-solidarieta-in-occasione-della-festa-dei-nonni\/#article","isPartOf":{"@id":"https:\/\/progettotouring.it\/radiotouring104\/2025\/10\/02\/montepaone-cz-il-centro-antiviolenza-mondo-rosa-organizza-una-cena-di-solidarieta-in-occasione-della-festa-dei-nonni\/"},"author":{"name":"redazione","@id":"https:\/\/progettotouring.it\/radiotouring104\/#\/schema\/person\/1b3eb3c07c47136bc44c785c543e635f"},"headline":"Montepaone (CZ): il Centro Antiviolenza Mondo Rosa organizza una cena di solidariet\u00e0 in occasione della \u201cFesta dei Nonni\u201d","datePublished":"2025-10-02T10:51:08+00:00","dateModified":"2025-10-02T10:51:22+00:00","mainEntityOfPage":{"@id":"https:\/\/progettotouring.it\/radiotouring104\/2025\/10\/02\/montepaone-cz-il-centro-antiviolenza-mondo-rosa-organizza-una-cena-di-solidarieta-in-occasione-della-festa-dei-nonni\/"},"wordCount":471,"publisher":{"@id":"https:\/\/progettotouring.it\/radiotouring104\/#organization"},"image":{"@id":"https:\/\/progettotouring.it\/radiotouring104\/2025\/10\/02\/montepaone-cz-il-centro-antiviolenza-mondo-rosa-organizza-una-cena-di-solidarieta-in-occasione-della-festa-dei-nonni\/#primaryimage"},"thumbnailUrl":"https:\/\/progettotouring.it\/radiotouring104\/wp-content\/uploads\/sites\/6\/2025\/10\/FESTA-DEI-NONNI-Montepaone.jpg","keywords":["Cena beneficenza","Centro Calabrese di Solidariet\u00e0 ETS","Festa dei nonni","Montepaone\u00a0(Catanzaro)"],"articleSection":["Calabria","Home","News"],"inLanguage":"it-IT"},{"@type":"WebPage","@id":"https:\/\/progettotouring.it\/radiotouring104\/2025\/10\/02\/montepaone-cz-il-centro-antiviolenza-mondo-rosa-organizza-una-cena-di-solidarieta-in-occasione-della-festa-dei-nonni\/","url":"https:\/\/progettotouring.it\/radiotouring104\/2025\/10\/02\/montepaone-cz-il-centro-antiviolenza-mondo-rosa-organizza-una-cena-di-solidarieta-in-occasione-della-festa-dei-nonni\/","name":"Montepaone: cena benefica in occasione della \"Festa dei Nonni\"","isPartOf":{"@id":"https:\/\/progettotouring.it\/radiotouring104\/#website"},"primaryImageOfPage":{"@id":"https:\/\/progettotouring.it\/radiotouring104\/2025\/10\/02\/montepaone-cz-il-centro-antiviolenza-mondo-rosa-organizza-una-cena-di-solidarieta-in-occasione-della-festa-dei-nonni\/#primaryimage"},"image":{"@id":"https:\/\/progettotouring.it\/radiotouring104\/2025\/10\/02\/montepaone-cz-il-centro-antiviolenza-mondo-rosa-organizza-una-cena-di-solidarieta-in-occasione-della-festa-dei-nonni\/#primaryimage"},"thumbnailUrl":"https:\/\/progettotouring.it\/radiotouring104\/wp-content\/uploads\/sites\/6\/2025\/10\/FESTA-DEI-NONNI-Montepaone.jpg","datePublished":"2025-10-02T10:51:08+00:00","dateModified":"2025-10-02T10:51:22+00:00","description":"La cena benefica si svolger\u00e0 domani, alle ore 20.00, presso l\u2019Albachiara Hotel Ristorante Residence di Montepaone Lido","breadcrumb":{"@id":"https:\/\/progettotouring.it\/radiotouring104\/2025\/10\/02\/montepaone-cz-il-centro-antiviolenza-mondo-rosa-organizza-una-cena-di-solidarieta-in-occasione-della-festa-dei-nonni\/#breadcrumb"},"inLanguage":"it-IT","potentialAction":[{"@type":"ReadAction","target":["https:\/\/progettotouring.it\/radiotouring104\/2025\/10\/02\/montepaone-cz-il-centro-antiviolenza-mondo-rosa-organizza-una-cena-di-solidarieta-in-occasione-della-festa-dei-nonni\/"]}]},{"@type":"ImageObject","inLanguage":"it-IT","@id":"https:\/\/progettotouring.it\/radiotouring104\/2025\/10\/02\/montepaone-cz-il-centro-antiviolenza-mondo-rosa-organizza-una-cena-di-solidarieta-in-occasione-della-festa-dei-nonni\/#primaryimage","url":"https:\/\/progettotouring.it\/radiotouring104\/wp-content\/uploads\/sites\/6\/2025\/10\/FESTA-DEI-NONNI-Montepaone.jpg","contentUrl":"https:\/\/progettotouring.it\/radiotouring104\/wp-content\/uploads\/sites\/6\/2025\/10\/FESTA-DEI-NONNI-Montepaone.jpg","width":1200,"height":630},{"@type":"BreadcrumbList","@id":"https:\/\/progettotouring.it\/radiotouring104\/2025\/10\/02\/montepaone-cz-il-centro-antiviolenza-mondo-rosa-organizza-una-cena-di-solidarieta-in-occasione-della-festa-dei-nonni\/#breadcrumb","itemListElement":[{"@type":"ListItem","position":1,"name":"Home","item":"https:\/\/progettotouring.it\/radiotouring104\/"},{"@type":"ListItem","position":2,"name":"Montepaone (CZ): il Centro Antiviolenza Mondo Rosa organizza una cena di solidariet\u00e0 in occasione della \u201cFesta dei Nonni\u201d"}]},{"@type":"WebSite","@id":"https:\/\/progettotouring.it\/radiotouring104\/#website","url":"https:\/\/progettotouring.it\/radiotouring104\/","name":"Radio Touring 104","description":"La prima radio Reggina","publisher":{"@id":"https:\/\/progettotouring.it\/radiotouring104\/#organization"},"potentialAction":[{"@type":"SearchAction","target":{"@type":"EntryPoint","urlTemplate":"https:\/\/progettotouring.it\/radiotouring104\/?s={search_term_string}"},"query-input":{"@type":"PropertyValueSpecification","valueRequired":true,"valueName":"search_term_string"}}],"inLanguage":"it-IT"},{"@type":"Organization","@id":"https:\/\/progettotouring.it\/radiotouring104\/#organization","name":"Radio Touring 104","url":"https:\/\/progettotouring.it\/radiotouring104\/","logo":{"@type":"ImageObject","inLanguage":"it-IT","@id":"https:\/\/progettotouring.it\/radiotouring104\/#\/schema\/logo\/image\/","url":"https:\/\/progettotouring.it\/radiotouring104\/wp-content\/uploads\/sites\/6\/2022\/02\/cropped-logo-radio-touring-104.png","contentUrl":"https:\/\/progettotouring.it\/radiotouring104\/wp-content\/uploads\/sites\/6\/2022\/02\/cropped-logo-radio-touring-104.png","width":377,"height":182,"caption":"Radio Touring 104"},"image":{"@id":"https:\/\/progettotouring.it\/radiotouring104\/#\/schema\/logo\/image\/"}},{"@type":"Person","@id":"https:\/\/progettotouring.it\/radiotouring104\/#\/schema\/person\/1b3eb3c07c47136bc44c785c543e635f","name":"redazione","image":{"@type":"ImageObject","inLanguage":"it-IT","@id":"https:\/\/secure.gravatar.com\/avatar\/0b31605b49f100769e8b624b3e05de1b73e1692e9568a352f60f53fd072e6e11?s=96&d=mm&r=g","url":"https:\/\/secure.gravatar.com\/avatar\/0b31605b49f100769e8b624b3e05de1b73e1692e9568a352f60f53fd072e6e11?s=96&d=mm&r=g","contentUrl":"https:\/\/secure.gravatar.com\/avatar\/0b31605b49f100769e8b624b3e05de1b73e1692e9568a352f60f53fd072e6e11?s=96&d=mm&r=g","caption":"redazione"},"url":"https:\/\/progettotouring.it\/radiotouring104\/author\/redazione\/"}]}},"jetpack_publicize_connections":[],"jetpack_featured_media_url":"https:\/\/progettotouring.it\/radiotouring104\/wp-content\/uploads\/sites\/6\/2025\/10\/FESTA-DEI-NONNI-Montepaone.jpg","jetpack_sharing_enabled":true,"_links":{"self":[{"href":"https:\/\/progettotouring.it\/radiotouring104\/wp-json\/wp\/v2\/posts\/82661","targetHints":{"allow":["GET"]}}],"collection":[{"href":"https:\/\/progettotouring.it\/radiotouring104\/wp-json\/wp\/v2\/posts"}],"about":[{"href":"https:\/\/progettotouring.it\/radiotouring104\/wp-json\/wp\/v2\/types\/post"}],"author":[{"embeddable":true,"href":"https:\/\/progettotouring.it\/radiotouring104\/wp-json\/wp\/v2\/users\/5"}],"replies":[{"embeddable":true,"href":"https:\/\/progettotouring.it\/radiotouring104\/wp-json\/wp\/v2\/comments?post=82661"}],"version-history":[{"count":1,"href":"https:\/\/progettotouring.it\/radiotouring104\/wp-json\/wp\/v2\/posts\/82661\/revisions"}],"predecessor-version":[{"id":82663,"href":"https:\/\/progettotouring.it\/radiotouring104\/wp-json\/wp\/v2\/posts\/82661\/revisions\/82663"}],"wp:featuredmedia":[{"embeddable":true,"href":"https:\/\/progettotouring.it\/radiotouring104\/wp-json\/wp\/v2\/media\/82662"}],"wp:attachment":[{"href":"https:\/\/progettotouring.it\/radiotouring104\/wp-json\/wp\/v2\/media?parent=82661"}],"wp:term":[{"taxonomy":"category","embeddable":true,"href":"https:\/\/progettotouring.it\/radiotouring104\/wp-json\/wp\/v2\/categories?post=82661"},{"taxonomy":"post_tag","embeddable":true,"href":"https:\/\/progettotouring.it\/radiotouring104\/wp-json\/wp\/v2\/tags?post=82661"}],"curies":[{"name":"wp","href":"https:\/\/api.w.org\/{rel}","templated":true}]}}