{"id":82677,"date":"2025-10-02T22:35:52","date_gmt":"2025-10-02T20:35:52","guid":{"rendered":"https:\/\/progettotouring.it\/radiotouring104\/?p=82677"},"modified":"2025-10-02T22:35:52","modified_gmt":"2025-10-02T20:35:52","slug":"bonifica-italcitrus-al-via-la-progettazione-esecutiva-ed-esecuzione-dei-lavori-di-bonifica-e-recupero-a-verde","status":"publish","type":"post","link":"https:\/\/progettotouring.it\/radiotouring104\/2025\/10\/02\/bonifica-italcitrus-al-via-la-progettazione-esecutiva-ed-esecuzione-dei-lavori-di-bonifica-e-recupero-a-verde\/","title":{"rendered":"Bonifica Italcitrus: al via la progettazione esecutiva ed esecuzione dei lavori di bonifica e recupero a verde"},"content":{"rendered":"<div class=\"h-100 d-flex flex-column container-fluid message-container no-dark-filter pe-3 detail\">\n<div class=\"row message-content\">\n<div class=\"col-12 h-100 d-flex flex-column\">\n<div class=\"card h-100\">\n<div class=\"card-body message-content-body pt-0 d-flex flex-column gap-4 margin-left\">\n<div class=\"message-content-body-text overflow-x-scroll\">\n<div class=\"message-content-text\">\n<div>\n<div class=\"xam_msg_class\">\n<div dir=\"ltr\">\u00ab<em>Entrano nel vivo i lavori di \u201cProgettazione esecutiva ed esecuzione dei lavori di bonifica e recupero a verde dei siti industriali dismessi\u201d dell\u2019ex Italcitrus a Catona\u00bb<\/em>. Cos\u00ec, con una nota stampa, il sindaco Giuseppe Falcomat\u00e0 con il consigliere delegato al Decoro Urbano, Parchi e Giardini, Massimiliano Merenda.<\/div>\n<div dir=\"ltr\">Gli Amministratori preliminarmente hanno ricordato le attivit\u00e0 portate avanti dal vicesindaco e gi\u00e0 assessore all\u2019Ambiente, Paolo Brunetti, che hanno consentito di arrivare alla demolizione dell\u2019ex stabilimento di lavorazione degli agrumi, a cui segue l\u2019opera di bonifica dell\u2019amianto.<br \/>\n<em>\u00abCon questo intervento<\/em> \u2013 dice\u00a0 Falcomat\u00e0 \u2013 <em>trasformiamo un\u2019area simbolo di abbandono e degrado, protagonista anche di vicende giudiziarie, in un luogo vivo, sicuro e fruibile da tutta la comunit\u00e0. Si tratta di un ulteriore passo verso un percorso di rigenerazione urbana che stiamo portando avanti nella nostra idea di citt\u00e0, restituendo ai cittadini spazi di socialit\u00e0, sport e cultura. Si partir\u00e0 con la consegna delle aree e le operazioni propedeutiche, la redazione del piano di lavoro amianto, la rimozione dei rifiuti, la demolizione dei fabbricati e pavimentazioni, per poi proseguire con le opere impiantistiche: sottoservizi, le opere architettoniche con installazione arredi, verde e l\u2019illuminazione. L&#8217;intervento ha l\u2019obiettivo primario di consentire la riconversione dell\u2019area dell\u2019ex Italcitrus, attraverso l\u2019eliminazione, in primis, delle problematiche igienico sanitarie e ambientali connesse alla presenza di materiali in cemento amianto \u00a0e di consentirne la restituzione alla collettivit\u00e0 per finalit\u00e0 sportive-ricreative-culturali\u00bb<\/em>.<br \/>\nIl Consigliere Merenda: \u00ab<em>L\u2019obiettivo \u00e8 duplice:<\/em> <em>da un lato la volont\u00e0 di ripristinare le condizioni di sicurezza e salubrit\u00e0 di un\u2019area che per troppo tempo \u00e8 stata abbandonata, dall\u2019altro restituire ai cittadini un nuovo spazio pubblico ecosostenibile, costruito con soluzioni orientate al risparmio delle risorse naturali e al rispetto dell\u2019ambiente. Il progetto ha seguito tutte le fasi di verifica e validazione previste dalla normativa, fino all\u2019approvazione della progettazione esecutiva avvenuta nel settembre 2025. Si proceder\u00e0 al recupero dei luoghi che saranno adibiti \u00a0a verde sportivo e ricreativo, nell\u2019ottica di sicurezza e incolumit\u00e0 delle persone, di salvaguardia dell&#8217;ambiente e di valorizzazione economico-sociale di beni pubblici\u00bb<\/em>.<br \/>\nL\u2019intervento, gi\u00e0 inserito nella programmazione PON Metro 2014\/2020 e successivamente rifinanziato nell\u2019ambito del PN Metro Plus 2021-2027 per un importo di 1.394.786,98 euro, prevede una serie di attivit\u00e0 fondamentali: la rimozione e lo smaltimento delle coperture in cemento-amianto ancora presenti sugli immobili; la demolizione delle strutture fatiscenti e pericolanti; la pulizia e il livellamento delle aree, con smaltimento dei rifiuti rinvenuti; la riconversione degli spazi a verde pubblico, con funzioni sportive, ricreative e culturali; l\u2019installazione di impianti di illuminazione e irrigazione; la realizzazione di ulteriori opere per migliorare la fruibilit\u00e0 degli spazi, come arredi urbani e giochi per bambini.<\/div>\n<div dir=\"ltr\">I lavori dureranno circa 5 mesi.<\/div>\n<\/div>\n<\/div>\n<\/div>\n<\/div>\n<\/div>\n<div class=\"card-footer message-content-footer pb-3 sticky-bottom z-3 margin-left\">\n<div class=\"aru-button-group\" role=\"group\">\n<div class=\"top-text\">\n<div class=\"aru-button__inner aru-button__inner--md\n\n               \"><\/p>\n<div class=\"aru-button__content aru-button__content--start\"><\/div>\n<\/div>\n<\/div>\n<div class=\"top-text\">\n<div class=\"aru-button__inner aru-button__inner--md\n\n               \"><\/p>\n<div class=\"aru-button__content aru-button__content--start\"><\/div>\n<\/div>\n<\/div>\n<div class=\"top-text\">\n<div class=\"aru-button__inner aru-button__inner--md\n\n               \"><\/p>\n<div class=\"aru-button__content aru-button__content--start\"><\/div>\n<\/div>\n<\/div>\n<\/div>\n<\/div>\n<\/div>\n<\/div>\n<\/div>\n<\/div>\n<div class=\"aru-sheet-modal\">\n<div id=\"sheet\" class=\"sheet\" aria-hidden=\"true\">\n<div class=\"contents\">\n<div class=\"header\">\n<div class=\"drag-bar\"><\/div>\n<div class=\"actions\">\n<div class=\"left\">\n<div class=\"top-text\">\n<div class=\"aru-button__inner aru-button__inner--md\n\n               \"><\/div>\n<\/div>\n<\/div>\n<div class=\"center\">\n<div class=\"modal-sheet-header\">\n<div><\/div>\n<\/div>\n<\/div>\n<div class=\"right\">\n<div class=\"top-text\">\n<div class=\"aru-button__inner aru-button__inner--md\n\n               \"><\/div>\n<\/div>\n<\/div>\n<\/div>\n<\/div>\n<div class=\"body\">\n<div class=\"sheet-start\">\n<div class=\"modal-sheet-body\">\n<div>\n<div class=\"action-group-body d-flex flex-column gap-1 justify-content-center align-content-center\">\n<div class=\"level-one\">\n<div class=\"aru-button-menu__noDropdown left w-100 \">\n<div class=\"top-text\">\n<div class=\"aru-button__inner aru-button__inner--md\n\n               \"><\/p>\n<div class=\"aru-button__content aru-button__content--start\"><\/div>\n<div class=\"\n          aru-button__content aru-button__content--center \n\n          \"><\/div>\n<\/div>\n<\/div>\n<\/div>\n<div class=\"aru-button-menu__noDropdown left w-100 \">\n<div class=\"top-text\">\n<div class=\"aru-button__inner aru-button__inner--md\n\n               \"><\/p>\n<div class=\"\n          aru-button__content aru-button__content--center \n\n          \"><\/div>\n<\/div>\n<\/div>\n<\/div>\n<div class=\"aru-button-menu__noDropdown left w-100 \">\n<div class=\"top-text\">\n<div class=\"aru-button__inner aru-button__inner--md\n\n               \"><\/p>\n<div class=\"\n          aru-button__content aru-button__content--center \n\n          \"><\/div>\n<\/div>\n<\/div>\n<\/div>\n<\/div>\n<\/div>\n<\/div>\n<\/div>\n<\/div>\n<\/div>\n<div class=\"footer\"><\/div>\n<\/div>\n<\/div>\n<\/div>\n<div class=\"as-split-gutter\" role=\"separator\"><\/div>\n","protected":false},"excerpt":{"rendered":"<p>\u00abEntrano nel vivo i lavori di \u201cProgettazione esecutiva ed esecuzione dei lavori di bonifica e recupero a verde dei siti industriali dismessi\u201d dell\u2019ex Italcitrus a Catona\u00bb. Cos\u00ec, con una nota&hellip;<\/p>\n","protected":false},"author":19,"featured_media":82678,"comment_status":"closed","ping_status":"open","sticky":false,"template":"","format":"standard","meta":{"_jetpack_memberships_contains_paid_content":false,"footnotes":"","jetpack_publicize_message":"","jetpack_publicize_feature_enabled":true,"jetpack_social_post_already_shared":true,"jetpack_social_options":{"image_generator_settings":{"template":"highway","default_image_id":0,"font":"","enabled":false},"version":2}},"categories":[921,196,140],"tags":[],"class_list":["post-82677","post","type-post","status-publish","format-standard","has-post-thumbnail","hentry","category-home","category-news","category-reggio-calabria"],"yoast_head":"<!-- This site is optimized with the Yoast SEO plugin v27.2 - https:\/\/yoast.com\/product\/yoast-seo-wordpress\/ -->\n<title>Bonifica Italcitrus: al via la progettazione esecutiva ed esecuzione dei lavori di bonifica e recupero a verde - Radio Touring 104<\/title>\n<meta name=\"description\" content=\"Falcomat\u00e0: \u00abAnche a Catona restituiamo ai cittadini spazi di socialit\u00e0, sport e cultura\u00bb\" \/>\n<meta name=\"robots\" content=\"index, follow, max-snippet:-1, max-image-preview:large, max-video-preview:-1\" \/>\n<link rel=\"canonical\" href=\"https:\/\/progettotouring.it\/radiotouring104\/2025\/10\/02\/bonifica-italcitrus-al-via-la-progettazione-esecutiva-ed-esecuzione-dei-lavori-di-bonifica-e-recupero-a-verde\/\" \/>\n<meta property=\"og:locale\" content=\"it_IT\" \/>\n<meta property=\"og:type\" content=\"article\" \/>\n<meta property=\"og:title\" content=\"Bonifica Italcitrus: al via la progettazione esecutiva ed esecuzione dei lavori di bonifica e recupero a verde - Radio Touring 104\" \/>\n<meta property=\"og:description\" content=\"Falcomat\u00e0: \u00abAnche a Catona restituiamo ai cittadini spazi di socialit\u00e0, sport e cultura\u00bb\" \/>\n<meta property=\"og:url\" content=\"https:\/\/progettotouring.it\/radiotouring104\/2025\/10\/02\/bonifica-italcitrus-al-via-la-progettazione-esecutiva-ed-esecuzione-dei-lavori-di-bonifica-e-recupero-a-verde\/\" \/>\n<meta property=\"og:site_name\" content=\"Radio Touring 104\" \/>\n<meta property=\"article:published_time\" content=\"2025-10-02T20:35:52+00:00\" \/>\n<meta property=\"og:image\" content=\"https:\/\/progettotouring.it\/radiotouring104\/wp-content\/uploads\/sites\/6\/2025\/10\/IMMAGINI-X-SITO-91.jpg\" \/>\n\t<meta property=\"og:image:width\" content=\"2000\" \/>\n\t<meta property=\"og:image:height\" content=\"1545\" \/>\n\t<meta property=\"og:image:type\" content=\"image\/jpeg\" \/>\n<meta name=\"author\" content=\"S L\" \/>\n<meta name=\"twitter:card\" content=\"summary_large_image\" \/>\n<meta name=\"twitter:label1\" content=\"Scritto da\" \/>\n\t<meta name=\"twitter:data1\" content=\"S L\" \/>\n\t<meta name=\"twitter:label2\" content=\"Tempo di lettura stimato\" \/>\n\t<meta name=\"twitter:data2\" content=\"2 minuti\" \/>\n<script type=\"application\/ld+json\" class=\"yoast-schema-graph\">{\"@context\":\"https:\/\/schema.org\",\"@graph\":[{\"@type\":\"Article\",\"@id\":\"https:\/\/progettotouring.it\/radiotouring104\/2025\/10\/02\/bonifica-italcitrus-al-via-la-progettazione-esecutiva-ed-esecuzione-dei-lavori-di-bonifica-e-recupero-a-verde\/#article\",\"isPartOf\":{\"@id\":\"https:\/\/progettotouring.it\/radiotouring104\/2025\/10\/02\/bonifica-italcitrus-al-via-la-progettazione-esecutiva-ed-esecuzione-dei-lavori-di-bonifica-e-recupero-a-verde\/\"},\"author\":{\"name\":\"S L\",\"@id\":\"https:\/\/progettotouring.it\/radiotouring104\/#\/schema\/person\/b9f9c3730b0a78814c9b9f3bfc52c619\"},\"headline\":\"Bonifica Italcitrus: al via la progettazione esecutiva ed esecuzione dei lavori di bonifica e recupero a verde\",\"datePublished\":\"2025-10-02T20:35:52+00:00\",\"mainEntityOfPage\":{\"@id\":\"https:\/\/progettotouring.it\/radiotouring104\/2025\/10\/02\/bonifica-italcitrus-al-via-la-progettazione-esecutiva-ed-esecuzione-dei-lavori-di-bonifica-e-recupero-a-verde\/\"},\"wordCount\":466,\"publisher\":{\"@id\":\"https:\/\/progettotouring.it\/radiotouring104\/#organization\"},\"image\":{\"@id\":\"https:\/\/progettotouring.it\/radiotouring104\/2025\/10\/02\/bonifica-italcitrus-al-via-la-progettazione-esecutiva-ed-esecuzione-dei-lavori-di-bonifica-e-recupero-a-verde\/#primaryimage\"},\"thumbnailUrl\":\"https:\/\/progettotouring.it\/radiotouring104\/wp-content\/uploads\/sites\/6\/2025\/10\/IMMAGINI-X-SITO-91.jpg\",\"articleSection\":[\"Home\",\"News\",\"Reggio Calabria\"],\"inLanguage\":\"it-IT\"},{\"@type\":\"WebPage\",\"@id\":\"https:\/\/progettotouring.it\/radiotouring104\/2025\/10\/02\/bonifica-italcitrus-al-via-la-progettazione-esecutiva-ed-esecuzione-dei-lavori-di-bonifica-e-recupero-a-verde\/\",\"url\":\"https:\/\/progettotouring.it\/radiotouring104\/2025\/10\/02\/bonifica-italcitrus-al-via-la-progettazione-esecutiva-ed-esecuzione-dei-lavori-di-bonifica-e-recupero-a-verde\/\",\"name\":\"Bonifica Italcitrus: al via la progettazione esecutiva ed esecuzione dei lavori di bonifica e recupero a verde - Radio Touring 104\",\"isPartOf\":{\"@id\":\"https:\/\/progettotouring.it\/radiotouring104\/#website\"},\"primaryImageOfPage\":{\"@id\":\"https:\/\/progettotouring.it\/radiotouring104\/2025\/10\/02\/bonifica-italcitrus-al-via-la-progettazione-esecutiva-ed-esecuzione-dei-lavori-di-bonifica-e-recupero-a-verde\/#primaryimage\"},\"image\":{\"@id\":\"https:\/\/progettotouring.it\/radiotouring104\/2025\/10\/02\/bonifica-italcitrus-al-via-la-progettazione-esecutiva-ed-esecuzione-dei-lavori-di-bonifica-e-recupero-a-verde\/#primaryimage\"},\"thumbnailUrl\":\"https:\/\/progettotouring.it\/radiotouring104\/wp-content\/uploads\/sites\/6\/2025\/10\/IMMAGINI-X-SITO-91.jpg\",\"datePublished\":\"2025-10-02T20:35:52+00:00\",\"description\":\"Falcomat\u00e0: \u00abAnche a Catona restituiamo ai cittadini spazi di socialit\u00e0, sport e cultura\u00bb\",\"breadcrumb\":{\"@id\":\"https:\/\/progettotouring.it\/radiotouring104\/2025\/10\/02\/bonifica-italcitrus-al-via-la-progettazione-esecutiva-ed-esecuzione-dei-lavori-di-bonifica-e-recupero-a-verde\/#breadcrumb\"},\"inLanguage\":\"it-IT\",\"potentialAction\":[{\"@type\":\"ReadAction\",\"target\":[\"https:\/\/progettotouring.it\/radiotouring104\/2025\/10\/02\/bonifica-italcitrus-al-via-la-progettazione-esecutiva-ed-esecuzione-dei-lavori-di-bonifica-e-recupero-a-verde\/\"]}]},{\"@type\":\"ImageObject\",\"inLanguage\":\"it-IT\",\"@id\":\"https:\/\/progettotouring.it\/radiotouring104\/2025\/10\/02\/bonifica-italcitrus-al-via-la-progettazione-esecutiva-ed-esecuzione-dei-lavori-di-bonifica-e-recupero-a-verde\/#primaryimage\",\"url\":\"https:\/\/progettotouring.it\/radiotouring104\/wp-content\/uploads\/sites\/6\/2025\/10\/IMMAGINI-X-SITO-91.jpg\",\"contentUrl\":\"https:\/\/progettotouring.it\/radiotouring104\/wp-content\/uploads\/sites\/6\/2025\/10\/IMMAGINI-X-SITO-91.jpg\",\"width\":2000,\"height\":1545},{\"@type\":\"BreadcrumbList\",\"@id\":\"https:\/\/progettotouring.it\/radiotouring104\/2025\/10\/02\/bonifica-italcitrus-al-via-la-progettazione-esecutiva-ed-esecuzione-dei-lavori-di-bonifica-e-recupero-a-verde\/#breadcrumb\",\"itemListElement\":[{\"@type\":\"ListItem\",\"position\":1,\"name\":\"Home\",\"item\":\"https:\/\/progettotouring.it\/radiotouring104\/\"},{\"@type\":\"ListItem\",\"position\":2,\"name\":\"Bonifica Italcitrus: al via la progettazione esecutiva ed esecuzione dei lavori di bonifica e recupero a verde\"}]},{\"@type\":\"WebSite\",\"@id\":\"https:\/\/progettotouring.it\/radiotouring104\/#website\",\"url\":\"https:\/\/progettotouring.it\/radiotouring104\/\",\"name\":\"Radio Touring 104\",\"description\":\"La prima radio Reggina\",\"publisher\":{\"@id\":\"https:\/\/progettotouring.it\/radiotouring104\/#organization\"},\"potentialAction\":[{\"@type\":\"SearchAction\",\"target\":{\"@type\":\"EntryPoint\",\"urlTemplate\":\"https:\/\/progettotouring.it\/radiotouring104\/?s={search_term_string}\"},\"query-input\":{\"@type\":\"PropertyValueSpecification\",\"valueRequired\":true,\"valueName\":\"search_term_string\"}}],\"inLanguage\":\"it-IT\"},{\"@type\":\"Organization\",\"@id\":\"https:\/\/progettotouring.it\/radiotouring104\/#organization\",\"name\":\"Radio Touring 104\",\"url\":\"https:\/\/progettotouring.it\/radiotouring104\/\",\"logo\":{\"@type\":\"ImageObject\",\"inLanguage\":\"it-IT\",\"@id\":\"https:\/\/progettotouring.it\/radiotouring104\/#\/schema\/logo\/image\/\",\"url\":\"https:\/\/progettotouring.it\/radiotouring104\/wp-content\/uploads\/sites\/6\/2022\/02\/cropped-logo-radio-touring-104.png\",\"contentUrl\":\"https:\/\/progettotouring.it\/radiotouring104\/wp-content\/uploads\/sites\/6\/2022\/02\/cropped-logo-radio-touring-104.png\",\"width\":377,\"height\":182,\"caption\":\"Radio Touring 104\"},\"image\":{\"@id\":\"https:\/\/progettotouring.it\/radiotouring104\/#\/schema\/logo\/image\/\"}},{\"@type\":\"Person\",\"@id\":\"https:\/\/progettotouring.it\/radiotouring104\/#\/schema\/person\/b9f9c3730b0a78814c9b9f3bfc52c619\",\"name\":\"S L\",\"image\":{\"@type\":\"ImageObject\",\"inLanguage\":\"it-IT\",\"@id\":\"https:\/\/secure.gravatar.com\/avatar\/652c51789d7030aaed9ff828331360502a68204fe6fb0831bc280515210e16d2?s=96&d=mm&r=g\",\"url\":\"https:\/\/secure.gravatar.com\/avatar\/652c51789d7030aaed9ff828331360502a68204fe6fb0831bc280515210e16d2?s=96&d=mm&r=g\",\"contentUrl\":\"https:\/\/secure.gravatar.com\/avatar\/652c51789d7030aaed9ff828331360502a68204fe6fb0831bc280515210e16d2?s=96&d=mm&r=g\",\"caption\":\"S L\"},\"url\":\"https:\/\/progettotouring.it\/radiotouring104\/author\/slibri\/\"}]}<\/script>\n<!-- \/ Yoast SEO plugin. -->","yoast_head_json":{"title":"Bonifica Italcitrus: al via la progettazione esecutiva ed esecuzione dei lavori di bonifica e recupero a verde - Radio Touring 104","description":"Falcomat\u00e0: \u00abAnche a Catona restituiamo ai cittadini spazi di socialit\u00e0, sport e cultura\u00bb","robots":{"index":"index","follow":"follow","max-snippet":"max-snippet:-1","max-image-preview":"max-image-preview:large","max-video-preview":"max-video-preview:-1"},"canonical":"https:\/\/progettotouring.it\/radiotouring104\/2025\/10\/02\/bonifica-italcitrus-al-via-la-progettazione-esecutiva-ed-esecuzione-dei-lavori-di-bonifica-e-recupero-a-verde\/","og_locale":"it_IT","og_type":"article","og_title":"Bonifica Italcitrus: al via la progettazione esecutiva ed esecuzione dei lavori di bonifica e recupero a verde - Radio Touring 104","og_description":"Falcomat\u00e0: \u00abAnche a Catona restituiamo ai cittadini spazi di socialit\u00e0, sport e cultura\u00bb","og_url":"https:\/\/progettotouring.it\/radiotouring104\/2025\/10\/02\/bonifica-italcitrus-al-via-la-progettazione-esecutiva-ed-esecuzione-dei-lavori-di-bonifica-e-recupero-a-verde\/","og_site_name":"Radio Touring 104","article_published_time":"2025-10-02T20:35:52+00:00","og_image":[{"width":2000,"height":1545,"url":"https:\/\/progettotouring.it\/radiotouring104\/wp-content\/uploads\/sites\/6\/2025\/10\/IMMAGINI-X-SITO-91.jpg","type":"image\/jpeg"}],"author":"S L","twitter_card":"summary_large_image","twitter_misc":{"Scritto da":"S L","Tempo di lettura stimato":"2 minuti"},"schema":{"@context":"https:\/\/schema.org","@graph":[{"@type":"Article","@id":"https:\/\/progettotouring.it\/radiotouring104\/2025\/10\/02\/bonifica-italcitrus-al-via-la-progettazione-esecutiva-ed-esecuzione-dei-lavori-di-bonifica-e-recupero-a-verde\/#article","isPartOf":{"@id":"https:\/\/progettotouring.it\/radiotouring104\/2025\/10\/02\/bonifica-italcitrus-al-via-la-progettazione-esecutiva-ed-esecuzione-dei-lavori-di-bonifica-e-recupero-a-verde\/"},"author":{"name":"S L","@id":"https:\/\/progettotouring.it\/radiotouring104\/#\/schema\/person\/b9f9c3730b0a78814c9b9f3bfc52c619"},"headline":"Bonifica Italcitrus: al via la progettazione esecutiva ed esecuzione dei lavori di bonifica e recupero a verde","datePublished":"2025-10-02T20:35:52+00:00","mainEntityOfPage":{"@id":"https:\/\/progettotouring.it\/radiotouring104\/2025\/10\/02\/bonifica-italcitrus-al-via-la-progettazione-esecutiva-ed-esecuzione-dei-lavori-di-bonifica-e-recupero-a-verde\/"},"wordCount":466,"publisher":{"@id":"https:\/\/progettotouring.it\/radiotouring104\/#organization"},"image":{"@id":"https:\/\/progettotouring.it\/radiotouring104\/2025\/10\/02\/bonifica-italcitrus-al-via-la-progettazione-esecutiva-ed-esecuzione-dei-lavori-di-bonifica-e-recupero-a-verde\/#primaryimage"},"thumbnailUrl":"https:\/\/progettotouring.it\/radiotouring104\/wp-content\/uploads\/sites\/6\/2025\/10\/IMMAGINI-X-SITO-91.jpg","articleSection":["Home","News","Reggio Calabria"],"inLanguage":"it-IT"},{"@type":"WebPage","@id":"https:\/\/progettotouring.it\/radiotouring104\/2025\/10\/02\/bonifica-italcitrus-al-via-la-progettazione-esecutiva-ed-esecuzione-dei-lavori-di-bonifica-e-recupero-a-verde\/","url":"https:\/\/progettotouring.it\/radiotouring104\/2025\/10\/02\/bonifica-italcitrus-al-via-la-progettazione-esecutiva-ed-esecuzione-dei-lavori-di-bonifica-e-recupero-a-verde\/","name":"Bonifica Italcitrus: al via la progettazione esecutiva ed esecuzione dei lavori di bonifica e recupero a verde - Radio Touring 104","isPartOf":{"@id":"https:\/\/progettotouring.it\/radiotouring104\/#website"},"primaryImageOfPage":{"@id":"https:\/\/progettotouring.it\/radiotouring104\/2025\/10\/02\/bonifica-italcitrus-al-via-la-progettazione-esecutiva-ed-esecuzione-dei-lavori-di-bonifica-e-recupero-a-verde\/#primaryimage"},"image":{"@id":"https:\/\/progettotouring.it\/radiotouring104\/2025\/10\/02\/bonifica-italcitrus-al-via-la-progettazione-esecutiva-ed-esecuzione-dei-lavori-di-bonifica-e-recupero-a-verde\/#primaryimage"},"thumbnailUrl":"https:\/\/progettotouring.it\/radiotouring104\/wp-content\/uploads\/sites\/6\/2025\/10\/IMMAGINI-X-SITO-91.jpg","datePublished":"2025-10-02T20:35:52+00:00","description":"Falcomat\u00e0: \u00abAnche a Catona restituiamo ai cittadini spazi di socialit\u00e0, sport e cultura\u00bb","breadcrumb":{"@id":"https:\/\/progettotouring.it\/radiotouring104\/2025\/10\/02\/bonifica-italcitrus-al-via-la-progettazione-esecutiva-ed-esecuzione-dei-lavori-di-bonifica-e-recupero-a-verde\/#breadcrumb"},"inLanguage":"it-IT","potentialAction":[{"@type":"ReadAction","target":["https:\/\/progettotouring.it\/radiotouring104\/2025\/10\/02\/bonifica-italcitrus-al-via-la-progettazione-esecutiva-ed-esecuzione-dei-lavori-di-bonifica-e-recupero-a-verde\/"]}]},{"@type":"ImageObject","inLanguage":"it-IT","@id":"https:\/\/progettotouring.it\/radiotouring104\/2025\/10\/02\/bonifica-italcitrus-al-via-la-progettazione-esecutiva-ed-esecuzione-dei-lavori-di-bonifica-e-recupero-a-verde\/#primaryimage","url":"https:\/\/progettotouring.it\/radiotouring104\/wp-content\/uploads\/sites\/6\/2025\/10\/IMMAGINI-X-SITO-91.jpg","contentUrl":"https:\/\/progettotouring.it\/radiotouring104\/wp-content\/uploads\/sites\/6\/2025\/10\/IMMAGINI-X-SITO-91.jpg","width":2000,"height":1545},{"@type":"BreadcrumbList","@id":"https:\/\/progettotouring.it\/radiotouring104\/2025\/10\/02\/bonifica-italcitrus-al-via-la-progettazione-esecutiva-ed-esecuzione-dei-lavori-di-bonifica-e-recupero-a-verde\/#breadcrumb","itemListElement":[{"@type":"ListItem","position":1,"name":"Home","item":"https:\/\/progettotouring.it\/radiotouring104\/"},{"@type":"ListItem","position":2,"name":"Bonifica Italcitrus: al via la progettazione esecutiva ed esecuzione dei lavori di bonifica e recupero a verde"}]},{"@type":"WebSite","@id":"https:\/\/progettotouring.it\/radiotouring104\/#website","url":"https:\/\/progettotouring.it\/radiotouring104\/","name":"Radio Touring 104","description":"La prima radio Reggina","publisher":{"@id":"https:\/\/progettotouring.it\/radiotouring104\/#organization"},"potentialAction":[{"@type":"SearchAction","target":{"@type":"EntryPoint","urlTemplate":"https:\/\/progettotouring.it\/radiotouring104\/?s={search_term_string}"},"query-input":{"@type":"PropertyValueSpecification","valueRequired":true,"valueName":"search_term_string"}}],"inLanguage":"it-IT"},{"@type":"Organization","@id":"https:\/\/progettotouring.it\/radiotouring104\/#organization","name":"Radio Touring 104","url":"https:\/\/progettotouring.it\/radiotouring104\/","logo":{"@type":"ImageObject","inLanguage":"it-IT","@id":"https:\/\/progettotouring.it\/radiotouring104\/#\/schema\/logo\/image\/","url":"https:\/\/progettotouring.it\/radiotouring104\/wp-content\/uploads\/sites\/6\/2022\/02\/cropped-logo-radio-touring-104.png","contentUrl":"https:\/\/progettotouring.it\/radiotouring104\/wp-content\/uploads\/sites\/6\/2022\/02\/cropped-logo-radio-touring-104.png","width":377,"height":182,"caption":"Radio Touring 104"},"image":{"@id":"https:\/\/progettotouring.it\/radiotouring104\/#\/schema\/logo\/image\/"}},{"@type":"Person","@id":"https:\/\/progettotouring.it\/radiotouring104\/#\/schema\/person\/b9f9c3730b0a78814c9b9f3bfc52c619","name":"S L","image":{"@type":"ImageObject","inLanguage":"it-IT","@id":"https:\/\/secure.gravatar.com\/avatar\/652c51789d7030aaed9ff828331360502a68204fe6fb0831bc280515210e16d2?s=96&d=mm&r=g","url":"https:\/\/secure.gravatar.com\/avatar\/652c51789d7030aaed9ff828331360502a68204fe6fb0831bc280515210e16d2?s=96&d=mm&r=g","contentUrl":"https:\/\/secure.gravatar.com\/avatar\/652c51789d7030aaed9ff828331360502a68204fe6fb0831bc280515210e16d2?s=96&d=mm&r=g","caption":"S L"},"url":"https:\/\/progettotouring.it\/radiotouring104\/author\/slibri\/"}]}},"jetpack_publicize_connections":[],"jetpack_featured_media_url":"https:\/\/progettotouring.it\/radiotouring104\/wp-content\/uploads\/sites\/6\/2025\/10\/IMMAGINI-X-SITO-91.jpg","jetpack_sharing_enabled":true,"_links":{"self":[{"href":"https:\/\/progettotouring.it\/radiotouring104\/wp-json\/wp\/v2\/posts\/82677","targetHints":{"allow":["GET"]}}],"collection":[{"href":"https:\/\/progettotouring.it\/radiotouring104\/wp-json\/wp\/v2\/posts"}],"about":[{"href":"https:\/\/progettotouring.it\/radiotouring104\/wp-json\/wp\/v2\/types\/post"}],"author":[{"embeddable":true,"href":"https:\/\/progettotouring.it\/radiotouring104\/wp-json\/wp\/v2\/users\/19"}],"replies":[{"embeddable":true,"href":"https:\/\/progettotouring.it\/radiotouring104\/wp-json\/wp\/v2\/comments?post=82677"}],"version-history":[{"count":1,"href":"https:\/\/progettotouring.it\/radiotouring104\/wp-json\/wp\/v2\/posts\/82677\/revisions"}],"predecessor-version":[{"id":82679,"href":"https:\/\/progettotouring.it\/radiotouring104\/wp-json\/wp\/v2\/posts\/82677\/revisions\/82679"}],"wp:featuredmedia":[{"embeddable":true,"href":"https:\/\/progettotouring.it\/radiotouring104\/wp-json\/wp\/v2\/media\/82678"}],"wp:attachment":[{"href":"https:\/\/progettotouring.it\/radiotouring104\/wp-json\/wp\/v2\/media?parent=82677"}],"wp:term":[{"taxonomy":"category","embeddable":true,"href":"https:\/\/progettotouring.it\/radiotouring104\/wp-json\/wp\/v2\/categories?post=82677"},{"taxonomy":"post_tag","embeddable":true,"href":"https:\/\/progettotouring.it\/radiotouring104\/wp-json\/wp\/v2\/tags?post=82677"}],"curies":[{"name":"wp","href":"https:\/\/api.w.org\/{rel}","templated":true}]}}