{"id":82690,"date":"2025-10-03T08:59:09","date_gmt":"2025-10-03T06:59:09","guid":{"rendered":"https:\/\/progettotouring.it\/radiotouring104\/?p=82690"},"modified":"2025-10-03T09:02:37","modified_gmt":"2025-10-03T07:02:37","slug":"la-redel-viola-pronta-allesordio-casalingo-contro-molfetta","status":"publish","type":"post","link":"https:\/\/progettotouring.it\/radiotouring104\/2025\/10\/03\/la-redel-viola-pronta-allesordio-casalingo-contro-molfetta\/","title":{"rendered":"La Redel Viola pronta all&#8217;esordio casalingo contro Molfetta"},"content":{"rendered":"<p>Sar\u00e0 la Virtus Molfetta la prima avversaria al Palacalafiore di questa stagione.<\/p>\n<p>Dopo la prima trasferta e la sconfitta di Brindisi Maturata all\u2019overtime, i ragazzi di Giulio Cadeo cercano l\u2019immediato riscatto contro un avversario affrontato nella fase ad orologio della passata stagione. Il 16 febbraio i pugliesi espugnarono il parquet dei reggini che si presero la rivincita il 23 marzo nella gara di ritorno.<\/p>\n<p>Le due squadre hanno cambiato tanto ma Molfetta ha tenuto il suo esperto capitano Sirakov pronto a bombardare i canestri del girone anche in questa stagione; il ventottenne Bolis \u00e8 un altro acquisto di lusso come confermano i 25 punti realizzati nella prima giornata. Daunys \u00e8 un altro giocatore da non sottovalutare dato che ha tanti punti nelle mani; occhio anche alla pericolosit\u00e0 di Favali ed alla giovent\u00f9 di Mezzina e Pieri. Completa la rotazione Senghor mentre ci sono tante aspettive sul giovane playmaker ex Milazzo Quarta.<\/p>\n<p>Molfetta ha due allenatori: Gianluca Gallo ed Ilario Azzolino. Il primo \u00e8 l\u2019head coach, il secondo il senior coach; entrambi lavorano in sinergia per arrivare il pi\u00f9 lontano possibile in questo equilibrato girone.<\/p>\n<p>La Prima giornata, i pugliesi hanno vinto di tre punti una bella gara contro l\u2019ostico Castellaneta.<\/p>\n<p>La Viola conosce la pericolosit\u00e0 dell\u2019avversario e sa che dovr\u00e0 giocare una gara attenta su due lati del campo.<\/p>\n<p>Si attende il pubblico delle grande occasioni in un Palacalafiore che riapre i battenti dopo quasi cinque mesi per una Redel che vuole centrare la prima vittoria in campionato.<\/p>\n","protected":false},"excerpt":{"rendered":"<p>Sar\u00e0 la Virtus Molfetta la prima avversaria al Palacalafiore di questa stagione. Dopo la prima trasferta e la sconfitta di Brindisi Maturata all\u2019overtime, i ragazzi di Giulio Cadeo cercano l\u2019immediato&hellip;<\/p>\n","protected":false},"author":21,"featured_media":59710,"comment_status":"closed","ping_status":"open","sticky":false,"template":"","format":"standard","meta":{"_jetpack_memberships_contains_paid_content":false,"footnotes":"","jetpack_publicize_message":"","jetpack_publicize_feature_enabled":true,"jetpack_social_post_already_shared":true,"jetpack_social_options":{"image_generator_settings":{"template":"highway","default_image_id":0,"font":"","enabled":false},"version":2}},"categories":[196,140,144],"tags":[45582,35752,47990,34365,47991,29323],"class_list":["post-82690","post","type-post","status-publish","format-standard","has-post-thumbnail","hentry","category-news","category-reggio-calabria","category-sport","tag-campionato-2025-26","tag-coach-cadeo","tag-esordio-al-palacalafiore","tag-redel-viola","tag-sconfitta-esterna-contro-brindisi","tag-virtus-molfetta"],"yoast_head":"<!-- This site is optimized with the Yoast SEO plugin v27.2 - https:\/\/yoast.com\/product\/yoast-seo-wordpress\/ -->\n<title>La Redel Viola pronta all&#039;esordio casalingo contro Molfetta<\/title>\n<meta name=\"description\" content=\"Dopo la sconfitta esterna di Brindisi Maturata all\u2019overtime, i ragazzi di coach Cadeo cercano riscatto domani alle 18 al Palacalafiore\" \/>\n<meta name=\"robots\" content=\"index, follow, max-snippet:-1, max-image-preview:large, max-video-preview:-1\" \/>\n<link rel=\"canonical\" href=\"https:\/\/progettotouring.it\/radiotouring104\/2025\/10\/03\/la-redel-viola-pronta-allesordio-casalingo-contro-molfetta\/\" \/>\n<meta property=\"og:locale\" content=\"it_IT\" \/>\n<meta property=\"og:type\" content=\"article\" \/>\n<meta property=\"og:title\" content=\"La Redel Viola pronta all&#039;esordio casalingo contro Molfetta\" \/>\n<meta property=\"og:description\" content=\"Dopo la sconfitta esterna di Brindisi Maturata all\u2019overtime, i ragazzi di coach Cadeo cercano riscatto domani alle 18 al Palacalafiore\" \/>\n<meta property=\"og:url\" content=\"https:\/\/progettotouring.it\/radiotouring104\/2025\/10\/03\/la-redel-viola-pronta-allesordio-casalingo-contro-molfetta\/\" \/>\n<meta property=\"og:site_name\" content=\"Radio Touring 104\" \/>\n<meta property=\"article:published_time\" content=\"2025-10-03T06:59:09+00:00\" \/>\n<meta property=\"article:modified_time\" content=\"2025-10-03T07:02:37+00:00\" \/>\n<meta property=\"og:image\" content=\"https:\/\/progettotouring.it\/radiotouring104\/wp-content\/uploads\/sites\/6\/2024\/10\/coach-cadeo-g.jpg\" \/>\n\t<meta property=\"og:image:width\" content=\"2048\" \/>\n\t<meta property=\"og:image:height\" content=\"1319\" \/>\n\t<meta property=\"og:image:type\" content=\"image\/jpeg\" \/>\n<meta name=\"author\" content=\"Giuseppe Dattola\" \/>\n<meta name=\"twitter:card\" content=\"summary_large_image\" \/>\n<meta name=\"twitter:label1\" content=\"Scritto da\" \/>\n\t<meta name=\"twitter:data1\" content=\"Giuseppe Dattola\" \/>\n\t<meta name=\"twitter:label2\" content=\"Tempo di lettura stimato\" \/>\n\t<meta name=\"twitter:data2\" content=\"1 minuto\" \/>\n<script type=\"application\/ld+json\" class=\"yoast-schema-graph\">{\"@context\":\"https:\/\/schema.org\",\"@graph\":[{\"@type\":\"Article\",\"@id\":\"https:\/\/progettotouring.it\/radiotouring104\/2025\/10\/03\/la-redel-viola-pronta-allesordio-casalingo-contro-molfetta\/#article\",\"isPartOf\":{\"@id\":\"https:\/\/progettotouring.it\/radiotouring104\/2025\/10\/03\/la-redel-viola-pronta-allesordio-casalingo-contro-molfetta\/\"},\"author\":{\"name\":\"Giuseppe Dattola\",\"@id\":\"https:\/\/progettotouring.it\/radiotouring104\/#\/schema\/person\/c0e800756c839eae8c93153858959084\"},\"headline\":\"La Redel Viola pronta all&#8217;esordio casalingo contro Molfetta\",\"datePublished\":\"2025-10-03T06:59:09+00:00\",\"dateModified\":\"2025-10-03T07:02:37+00:00\",\"mainEntityOfPage\":{\"@id\":\"https:\/\/progettotouring.it\/radiotouring104\/2025\/10\/03\/la-redel-viola-pronta-allesordio-casalingo-contro-molfetta\/\"},\"wordCount\":255,\"publisher\":{\"@id\":\"https:\/\/progettotouring.it\/radiotouring104\/#organization\"},\"image\":{\"@id\":\"https:\/\/progettotouring.it\/radiotouring104\/2025\/10\/03\/la-redel-viola-pronta-allesordio-casalingo-contro-molfetta\/#primaryimage\"},\"thumbnailUrl\":\"https:\/\/progettotouring.it\/radiotouring104\/wp-content\/uploads\/sites\/6\/2024\/10\/coach-cadeo-g.jpg\",\"keywords\":[\"campionato 2025\/26\",\"Coach Cadeo\",\"esordio al palacalafiore\",\"Redel Viola\",\"sconfitta esterna contro Brindisi\",\"Virtus Molfetta\"],\"articleSection\":[\"News\",\"Reggio Calabria\",\"Sport\"],\"inLanguage\":\"it-IT\"},{\"@type\":\"WebPage\",\"@id\":\"https:\/\/progettotouring.it\/radiotouring104\/2025\/10\/03\/la-redel-viola-pronta-allesordio-casalingo-contro-molfetta\/\",\"url\":\"https:\/\/progettotouring.it\/radiotouring104\/2025\/10\/03\/la-redel-viola-pronta-allesordio-casalingo-contro-molfetta\/\",\"name\":\"La Redel Viola pronta all'esordio casalingo contro Molfetta\",\"isPartOf\":{\"@id\":\"https:\/\/progettotouring.it\/radiotouring104\/#website\"},\"primaryImageOfPage\":{\"@id\":\"https:\/\/progettotouring.it\/radiotouring104\/2025\/10\/03\/la-redel-viola-pronta-allesordio-casalingo-contro-molfetta\/#primaryimage\"},\"image\":{\"@id\":\"https:\/\/progettotouring.it\/radiotouring104\/2025\/10\/03\/la-redel-viola-pronta-allesordio-casalingo-contro-molfetta\/#primaryimage\"},\"thumbnailUrl\":\"https:\/\/progettotouring.it\/radiotouring104\/wp-content\/uploads\/sites\/6\/2024\/10\/coach-cadeo-g.jpg\",\"datePublished\":\"2025-10-03T06:59:09+00:00\",\"dateModified\":\"2025-10-03T07:02:37+00:00\",\"description\":\"Dopo la sconfitta esterna di Brindisi Maturata all\u2019overtime, i ragazzi di coach Cadeo cercano riscatto domani alle 18 al Palacalafiore\",\"breadcrumb\":{\"@id\":\"https:\/\/progettotouring.it\/radiotouring104\/2025\/10\/03\/la-redel-viola-pronta-allesordio-casalingo-contro-molfetta\/#breadcrumb\"},\"inLanguage\":\"it-IT\",\"potentialAction\":[{\"@type\":\"ReadAction\",\"target\":[\"https:\/\/progettotouring.it\/radiotouring104\/2025\/10\/03\/la-redel-viola-pronta-allesordio-casalingo-contro-molfetta\/\"]}]},{\"@type\":\"ImageObject\",\"inLanguage\":\"it-IT\",\"@id\":\"https:\/\/progettotouring.it\/radiotouring104\/2025\/10\/03\/la-redel-viola-pronta-allesordio-casalingo-contro-molfetta\/#primaryimage\",\"url\":\"https:\/\/progettotouring.it\/radiotouring104\/wp-content\/uploads\/sites\/6\/2024\/10\/coach-cadeo-g.jpg\",\"contentUrl\":\"https:\/\/progettotouring.it\/radiotouring104\/wp-content\/uploads\/sites\/6\/2024\/10\/coach-cadeo-g.jpg\",\"width\":2048,\"height\":1319},{\"@type\":\"BreadcrumbList\",\"@id\":\"https:\/\/progettotouring.it\/radiotouring104\/2025\/10\/03\/la-redel-viola-pronta-allesordio-casalingo-contro-molfetta\/#breadcrumb\",\"itemListElement\":[{\"@type\":\"ListItem\",\"position\":1,\"name\":\"Home\",\"item\":\"https:\/\/progettotouring.it\/radiotouring104\/\"},{\"@type\":\"ListItem\",\"position\":2,\"name\":\"La Redel Viola pronta all&#8217;esordio casalingo contro Molfetta\"}]},{\"@type\":\"WebSite\",\"@id\":\"https:\/\/progettotouring.it\/radiotouring104\/#website\",\"url\":\"https:\/\/progettotouring.it\/radiotouring104\/\",\"name\":\"Radio Touring 104\",\"description\":\"La prima radio Reggina\",\"publisher\":{\"@id\":\"https:\/\/progettotouring.it\/radiotouring104\/#organization\"},\"potentialAction\":[{\"@type\":\"SearchAction\",\"target\":{\"@type\":\"EntryPoint\",\"urlTemplate\":\"https:\/\/progettotouring.it\/radiotouring104\/?s={search_term_string}\"},\"query-input\":{\"@type\":\"PropertyValueSpecification\",\"valueRequired\":true,\"valueName\":\"search_term_string\"}}],\"inLanguage\":\"it-IT\"},{\"@type\":\"Organization\",\"@id\":\"https:\/\/progettotouring.it\/radiotouring104\/#organization\",\"name\":\"Radio Touring 104\",\"url\":\"https:\/\/progettotouring.it\/radiotouring104\/\",\"logo\":{\"@type\":\"ImageObject\",\"inLanguage\":\"it-IT\",\"@id\":\"https:\/\/progettotouring.it\/radiotouring104\/#\/schema\/logo\/image\/\",\"url\":\"https:\/\/progettotouring.it\/radiotouring104\/wp-content\/uploads\/sites\/6\/2022\/02\/cropped-logo-radio-touring-104.png\",\"contentUrl\":\"https:\/\/progettotouring.it\/radiotouring104\/wp-content\/uploads\/sites\/6\/2022\/02\/cropped-logo-radio-touring-104.png\",\"width\":377,\"height\":182,\"caption\":\"Radio Touring 104\"},\"image\":{\"@id\":\"https:\/\/progettotouring.it\/radiotouring104\/#\/schema\/logo\/image\/\"}},{\"@type\":\"Person\",\"@id\":\"https:\/\/progettotouring.it\/radiotouring104\/#\/schema\/person\/c0e800756c839eae8c93153858959084\",\"name\":\"Giuseppe Dattola\",\"image\":{\"@type\":\"ImageObject\",\"inLanguage\":\"it-IT\",\"@id\":\"https:\/\/secure.gravatar.com\/avatar\/c5771b35d04c75debcca6c29ddd4741e6a8276b8c8f1598b29c8fba52c35e758?s=96&d=mm&r=g\",\"url\":\"https:\/\/secure.gravatar.com\/avatar\/c5771b35d04c75debcca6c29ddd4741e6a8276b8c8f1598b29c8fba52c35e758?s=96&d=mm&r=g\",\"contentUrl\":\"https:\/\/secure.gravatar.com\/avatar\/c5771b35d04c75debcca6c29ddd4741e6a8276b8c8f1598b29c8fba52c35e758?s=96&d=mm&r=g\",\"caption\":\"Giuseppe Dattola\"},\"url\":\"https:\/\/progettotouring.it\/radiotouring104\/author\/gdattola\/\"}]}<\/script>\n<!-- \/ Yoast SEO plugin. -->","yoast_head_json":{"title":"La Redel Viola pronta all'esordio casalingo contro Molfetta","description":"Dopo la sconfitta esterna di Brindisi Maturata all\u2019overtime, i ragazzi di coach Cadeo cercano riscatto domani alle 18 al Palacalafiore","robots":{"index":"index","follow":"follow","max-snippet":"max-snippet:-1","max-image-preview":"max-image-preview:large","max-video-preview":"max-video-preview:-1"},"canonical":"https:\/\/progettotouring.it\/radiotouring104\/2025\/10\/03\/la-redel-viola-pronta-allesordio-casalingo-contro-molfetta\/","og_locale":"it_IT","og_type":"article","og_title":"La Redel Viola pronta all'esordio casalingo contro Molfetta","og_description":"Dopo la sconfitta esterna di Brindisi Maturata all\u2019overtime, i ragazzi di coach Cadeo cercano riscatto domani alle 18 al Palacalafiore","og_url":"https:\/\/progettotouring.it\/radiotouring104\/2025\/10\/03\/la-redel-viola-pronta-allesordio-casalingo-contro-molfetta\/","og_site_name":"Radio Touring 104","article_published_time":"2025-10-03T06:59:09+00:00","article_modified_time":"2025-10-03T07:02:37+00:00","og_image":[{"width":2048,"height":1319,"url":"https:\/\/progettotouring.it\/radiotouring104\/wp-content\/uploads\/sites\/6\/2024\/10\/coach-cadeo-g.jpg","type":"image\/jpeg"}],"author":"Giuseppe Dattola","twitter_card":"summary_large_image","twitter_misc":{"Scritto da":"Giuseppe Dattola","Tempo di lettura stimato":"1 minuto"},"schema":{"@context":"https:\/\/schema.org","@graph":[{"@type":"Article","@id":"https:\/\/progettotouring.it\/radiotouring104\/2025\/10\/03\/la-redel-viola-pronta-allesordio-casalingo-contro-molfetta\/#article","isPartOf":{"@id":"https:\/\/progettotouring.it\/radiotouring104\/2025\/10\/03\/la-redel-viola-pronta-allesordio-casalingo-contro-molfetta\/"},"author":{"name":"Giuseppe Dattola","@id":"https:\/\/progettotouring.it\/radiotouring104\/#\/schema\/person\/c0e800756c839eae8c93153858959084"},"headline":"La Redel Viola pronta all&#8217;esordio casalingo contro Molfetta","datePublished":"2025-10-03T06:59:09+00:00","dateModified":"2025-10-03T07:02:37+00:00","mainEntityOfPage":{"@id":"https:\/\/progettotouring.it\/radiotouring104\/2025\/10\/03\/la-redel-viola-pronta-allesordio-casalingo-contro-molfetta\/"},"wordCount":255,"publisher":{"@id":"https:\/\/progettotouring.it\/radiotouring104\/#organization"},"image":{"@id":"https:\/\/progettotouring.it\/radiotouring104\/2025\/10\/03\/la-redel-viola-pronta-allesordio-casalingo-contro-molfetta\/#primaryimage"},"thumbnailUrl":"https:\/\/progettotouring.it\/radiotouring104\/wp-content\/uploads\/sites\/6\/2024\/10\/coach-cadeo-g.jpg","keywords":["campionato 2025\/26","Coach Cadeo","esordio al palacalafiore","Redel Viola","sconfitta esterna contro Brindisi","Virtus Molfetta"],"articleSection":["News","Reggio Calabria","Sport"],"inLanguage":"it-IT"},{"@type":"WebPage","@id":"https:\/\/progettotouring.it\/radiotouring104\/2025\/10\/03\/la-redel-viola-pronta-allesordio-casalingo-contro-molfetta\/","url":"https:\/\/progettotouring.it\/radiotouring104\/2025\/10\/03\/la-redel-viola-pronta-allesordio-casalingo-contro-molfetta\/","name":"La Redel Viola pronta all'esordio casalingo contro Molfetta","isPartOf":{"@id":"https:\/\/progettotouring.it\/radiotouring104\/#website"},"primaryImageOfPage":{"@id":"https:\/\/progettotouring.it\/radiotouring104\/2025\/10\/03\/la-redel-viola-pronta-allesordio-casalingo-contro-molfetta\/#primaryimage"},"image":{"@id":"https:\/\/progettotouring.it\/radiotouring104\/2025\/10\/03\/la-redel-viola-pronta-allesordio-casalingo-contro-molfetta\/#primaryimage"},"thumbnailUrl":"https:\/\/progettotouring.it\/radiotouring104\/wp-content\/uploads\/sites\/6\/2024\/10\/coach-cadeo-g.jpg","datePublished":"2025-10-03T06:59:09+00:00","dateModified":"2025-10-03T07:02:37+00:00","description":"Dopo la sconfitta esterna di Brindisi Maturata all\u2019overtime, i ragazzi di coach Cadeo cercano riscatto domani alle 18 al Palacalafiore","breadcrumb":{"@id":"https:\/\/progettotouring.it\/radiotouring104\/2025\/10\/03\/la-redel-viola-pronta-allesordio-casalingo-contro-molfetta\/#breadcrumb"},"inLanguage":"it-IT","potentialAction":[{"@type":"ReadAction","target":["https:\/\/progettotouring.it\/radiotouring104\/2025\/10\/03\/la-redel-viola-pronta-allesordio-casalingo-contro-molfetta\/"]}]},{"@type":"ImageObject","inLanguage":"it-IT","@id":"https:\/\/progettotouring.it\/radiotouring104\/2025\/10\/03\/la-redel-viola-pronta-allesordio-casalingo-contro-molfetta\/#primaryimage","url":"https:\/\/progettotouring.it\/radiotouring104\/wp-content\/uploads\/sites\/6\/2024\/10\/coach-cadeo-g.jpg","contentUrl":"https:\/\/progettotouring.it\/radiotouring104\/wp-content\/uploads\/sites\/6\/2024\/10\/coach-cadeo-g.jpg","width":2048,"height":1319},{"@type":"BreadcrumbList","@id":"https:\/\/progettotouring.it\/radiotouring104\/2025\/10\/03\/la-redel-viola-pronta-allesordio-casalingo-contro-molfetta\/#breadcrumb","itemListElement":[{"@type":"ListItem","position":1,"name":"Home","item":"https:\/\/progettotouring.it\/radiotouring104\/"},{"@type":"ListItem","position":2,"name":"La Redel Viola pronta all&#8217;esordio casalingo contro Molfetta"}]},{"@type":"WebSite","@id":"https:\/\/progettotouring.it\/radiotouring104\/#website","url":"https:\/\/progettotouring.it\/radiotouring104\/","name":"Radio Touring 104","description":"La prima radio Reggina","publisher":{"@id":"https:\/\/progettotouring.it\/radiotouring104\/#organization"},"potentialAction":[{"@type":"SearchAction","target":{"@type":"EntryPoint","urlTemplate":"https:\/\/progettotouring.it\/radiotouring104\/?s={search_term_string}"},"query-input":{"@type":"PropertyValueSpecification","valueRequired":true,"valueName":"search_term_string"}}],"inLanguage":"it-IT"},{"@type":"Organization","@id":"https:\/\/progettotouring.it\/radiotouring104\/#organization","name":"Radio Touring 104","url":"https:\/\/progettotouring.it\/radiotouring104\/","logo":{"@type":"ImageObject","inLanguage":"it-IT","@id":"https:\/\/progettotouring.it\/radiotouring104\/#\/schema\/logo\/image\/","url":"https:\/\/progettotouring.it\/radiotouring104\/wp-content\/uploads\/sites\/6\/2022\/02\/cropped-logo-radio-touring-104.png","contentUrl":"https:\/\/progettotouring.it\/radiotouring104\/wp-content\/uploads\/sites\/6\/2022\/02\/cropped-logo-radio-touring-104.png","width":377,"height":182,"caption":"Radio Touring 104"},"image":{"@id":"https:\/\/progettotouring.it\/radiotouring104\/#\/schema\/logo\/image\/"}},{"@type":"Person","@id":"https:\/\/progettotouring.it\/radiotouring104\/#\/schema\/person\/c0e800756c839eae8c93153858959084","name":"Giuseppe Dattola","image":{"@type":"ImageObject","inLanguage":"it-IT","@id":"https:\/\/secure.gravatar.com\/avatar\/c5771b35d04c75debcca6c29ddd4741e6a8276b8c8f1598b29c8fba52c35e758?s=96&d=mm&r=g","url":"https:\/\/secure.gravatar.com\/avatar\/c5771b35d04c75debcca6c29ddd4741e6a8276b8c8f1598b29c8fba52c35e758?s=96&d=mm&r=g","contentUrl":"https:\/\/secure.gravatar.com\/avatar\/c5771b35d04c75debcca6c29ddd4741e6a8276b8c8f1598b29c8fba52c35e758?s=96&d=mm&r=g","caption":"Giuseppe Dattola"},"url":"https:\/\/progettotouring.it\/radiotouring104\/author\/gdattola\/"}]}},"jetpack_publicize_connections":[],"jetpack_featured_media_url":"https:\/\/progettotouring.it\/radiotouring104\/wp-content\/uploads\/sites\/6\/2024\/10\/coach-cadeo-g.jpg","jetpack_sharing_enabled":true,"_links":{"self":[{"href":"https:\/\/progettotouring.it\/radiotouring104\/wp-json\/wp\/v2\/posts\/82690","targetHints":{"allow":["GET"]}}],"collection":[{"href":"https:\/\/progettotouring.it\/radiotouring104\/wp-json\/wp\/v2\/posts"}],"about":[{"href":"https:\/\/progettotouring.it\/radiotouring104\/wp-json\/wp\/v2\/types\/post"}],"author":[{"embeddable":true,"href":"https:\/\/progettotouring.it\/radiotouring104\/wp-json\/wp\/v2\/users\/21"}],"replies":[{"embeddable":true,"href":"https:\/\/progettotouring.it\/radiotouring104\/wp-json\/wp\/v2\/comments?post=82690"}],"version-history":[{"count":2,"href":"https:\/\/progettotouring.it\/radiotouring104\/wp-json\/wp\/v2\/posts\/82690\/revisions"}],"predecessor-version":[{"id":82692,"href":"https:\/\/progettotouring.it\/radiotouring104\/wp-json\/wp\/v2\/posts\/82690\/revisions\/82692"}],"wp:featuredmedia":[{"embeddable":true,"href":"https:\/\/progettotouring.it\/radiotouring104\/wp-json\/wp\/v2\/media\/59710"}],"wp:attachment":[{"href":"https:\/\/progettotouring.it\/radiotouring104\/wp-json\/wp\/v2\/media?parent=82690"}],"wp:term":[{"taxonomy":"category","embeddable":true,"href":"https:\/\/progettotouring.it\/radiotouring104\/wp-json\/wp\/v2\/categories?post=82690"},{"taxonomy":"post_tag","embeddable":true,"href":"https:\/\/progettotouring.it\/radiotouring104\/wp-json\/wp\/v2\/tags?post=82690"}],"curies":[{"name":"wp","href":"https:\/\/api.w.org\/{rel}","templated":true}]}}