{"id":82693,"date":"2025-10-03T09:09:30","date_gmt":"2025-10-03T07:09:30","guid":{"rendered":"https:\/\/progettotouring.it\/radiotouring104\/?p=82693"},"modified":"2025-10-03T12:34:43","modified_gmt":"2025-10-03T10:34:43","slug":"domotek-saitta-gruppo-eccezionale-il-palacalafiore-e-bellissimo","status":"publish","type":"post","link":"https:\/\/progettotouring.it\/radiotouring104\/2025\/10\/03\/domotek-saitta-gruppo-eccezionale-il-palacalafiore-e-bellissimo\/","title":{"rendered":"Domotek, Saitta: \u201cGruppo eccezionale, il Palacalafiore \u00e8 bellissimo\u201d"},"content":{"rendered":"<p>Si avvicina l\u2019appuntamento con il nuovo test amichevole della Domotek. Sabato 4 ottobre, con un orario insolito alle 14:30, la squadra amaranto scender\u00e0 in campo al Palacalafiore per affrontare il Modica, formazione di pari categoria, in un\u2019altra utile verifica in vista dell\u2019imminente campionato.<\/p>\n<p>A tracciare un primo bilancio della preparazione \u00e8 il palleggiatore Davide Saitta, voce esperta e forte dello spogliatoio. Dopo l\u2019esperienza in Sardegna nel Memorial Cois, il team allenato da mister Polimeni prosegue il suo rodaggio.<\/p>\n<p>Il processo di crescita: \u201cIl campo ci ha detto che dobbiamo stare ancora tanto in campo\u201d<br \/>\n\u201cSe non erro siamo all\u2019inizio della quarta settimana di preparazione \u2013 ha spiegato Saitta \u2013 e quindi era importante per noi confrontarci sul campo con altre formazioni del nostro stesso livello. Il campo ci ha detto che dobbiamo stare tanto in campo ancora; l\u2019amichevole contro una squadra difficile come la Sarroch ci ha mostrato situazioni su cui bisogna lavorare e altre che invece devono essere i nostri punti di forza\u201d.<\/p>\n<p>La forza del gruppo: \u201cRagazzi eccezionali dentro e fuori dal campo\u201d<br \/>\nUn aspetto su cui la Domotek sta puntando molto \u00e8 la coesione, cementificata anche dalla recente trasferta. \u201cSiamo stati insieme 24 ore su 24 \u2013 ha raccontato Saitta \u2013 \u00e8 stata un\u2019occasione per conoscerci e fare ancora di pi\u00f9 gruppo. La mia prima impressione \u00e8 che sia un gruppo di ragazzi eccezionali sia dentro che fuori dal campo. Questo deve essere un nostro punto di forza\u201d.<\/p>\n<p>Il fascino del Palacalafiore: \u201cUn piacere giocare qui\u201d<br \/>\nL\u2019appuntamento di sabato sar\u00e0 anche l\u2019occasione per rivedere la Domotek nella sua casa. Saitta, che vanta una carriera tra Italia e estero, non ha dubbi sul valore dell\u2019impianto reggino: \u201cBellissimo. Ci ho giocato nel 2019-2020 in Superlega, l\u2019anno in cui ci siamo fermati per il Covid. Ho visto che sono state fatte delle migliorie, \u00e8 veramente un piacere giocare qua. Se sar\u00e0 pieno di gente, per noi sar\u00e0 un piacere ancora maggiore\u201d.<\/p>\n<p>Un altro passo importante, quindi, per una squadra che vuole presentarsi al via del campionato con i giusti meccanismi e la giusta energia. L\u2019invito ai tifosi \u00e8 quello di non mancare sabato pomeriggio al Palacalafiore per sostenere la Domotek in questo nuovo test.<\/p>\n","protected":false},"excerpt":{"rendered":"<p>Si avvicina l\u2019appuntamento con il nuovo test amichevole della Domotek. Sabato 4 ottobre, con un orario insolito alle 14:30, la squadra amaranto scender\u00e0 in campo al Palacalafiore per affrontare il&hellip;<\/p>\n","protected":false},"author":5,"featured_media":82694,"comment_status":"closed","ping_status":"open","sticky":false,"template":"","format":"standard","meta":{"_jetpack_memberships_contains_paid_content":false,"footnotes":"","jetpack_publicize_message":"","jetpack_publicize_feature_enabled":true,"jetpack_social_post_already_shared":true,"jetpack_social_options":{"image_generator_settings":{"template":"highway","default_image_id":0,"font":"","enabled":false},"version":2}},"categories":[196,140,144],"tags":[6012,47448,26780,36288,384,47449],"class_list":["post-82693","post","type-post","status-publish","format-standard","has-post-thumbnail","hentry","category-news","category-reggio-calabria","category-sport","tag-amichevole","tag-davide-saitta","tag-domotek-volley-reggio-calabria","tag-modica","tag-palacalafiore","tag-palleggiatore"],"yoast_head":"<!-- This site is optimized with the Yoast SEO plugin v27.2 - https:\/\/yoast.com\/product\/yoast-seo-wordpress\/ -->\n<title>Domotek, Saitta: \u201cGruppo eccezionale, il Palacalafiore \u00e8 bellissimo\u201d<\/title>\n<meta name=\"description\" content=\"Ecco le dichiarazioni del palleggiatore amaranto sulla preparazione e l&#039;amichevole in programma oggi, alle 14:30 al Palacalafiore\" \/>\n<meta name=\"robots\" content=\"index, follow, max-snippet:-1, max-image-preview:large, max-video-preview:-1\" \/>\n<link rel=\"canonical\" href=\"https:\/\/progettotouring.it\/radiotouring104\/2025\/10\/03\/domotek-saitta-gruppo-eccezionale-il-palacalafiore-e-bellissimo\/\" \/>\n<meta property=\"og:locale\" content=\"it_IT\" \/>\n<meta property=\"og:type\" content=\"article\" \/>\n<meta property=\"og:title\" content=\"Domotek, Saitta: \u201cGruppo eccezionale, il Palacalafiore \u00e8 bellissimo\u201d\" \/>\n<meta property=\"og:description\" content=\"Ecco le dichiarazioni del palleggiatore amaranto sulla preparazione e l&#039;amichevole in programma oggi, alle 14:30 al Palacalafiore\" \/>\n<meta property=\"og:url\" content=\"https:\/\/progettotouring.it\/radiotouring104\/2025\/10\/03\/domotek-saitta-gruppo-eccezionale-il-palacalafiore-e-bellissimo\/\" \/>\n<meta property=\"og:site_name\" content=\"Radio Touring 104\" \/>\n<meta property=\"article:published_time\" content=\"2025-10-03T07:09:30+00:00\" \/>\n<meta property=\"article:modified_time\" content=\"2025-10-03T10:34:43+00:00\" \/>\n<meta property=\"og:image\" content=\"https:\/\/progettotouring.it\/radiotouring104\/wp-content\/uploads\/sites\/6\/2025\/10\/Saitta-Domotek.gif\" \/>\n\t<meta property=\"og:image:width\" content=\"668\" \/>\n\t<meta property=\"og:image:height\" content=\"422\" \/>\n\t<meta property=\"og:image:type\" content=\"image\/gif\" \/>\n<meta name=\"author\" content=\"redazione\" \/>\n<meta name=\"twitter:card\" content=\"summary_large_image\" \/>\n<meta name=\"twitter:label1\" content=\"Scritto da\" \/>\n\t<meta name=\"twitter:data1\" content=\"redazione\" \/>\n\t<meta name=\"twitter:label2\" content=\"Tempo di lettura stimato\" \/>\n\t<meta name=\"twitter:data2\" content=\"2 minuti\" \/>\n<script type=\"application\/ld+json\" class=\"yoast-schema-graph\">{\"@context\":\"https:\/\/schema.org\",\"@graph\":[{\"@type\":\"Article\",\"@id\":\"https:\/\/progettotouring.it\/radiotouring104\/2025\/10\/03\/domotek-saitta-gruppo-eccezionale-il-palacalafiore-e-bellissimo\/#article\",\"isPartOf\":{\"@id\":\"https:\/\/progettotouring.it\/radiotouring104\/2025\/10\/03\/domotek-saitta-gruppo-eccezionale-il-palacalafiore-e-bellissimo\/\"},\"author\":{\"name\":\"redazione\",\"@id\":\"https:\/\/progettotouring.it\/radiotouring104\/#\/schema\/person\/1b3eb3c07c47136bc44c785c543e635f\"},\"headline\":\"Domotek, Saitta: \u201cGruppo eccezionale, il Palacalafiore \u00e8 bellissimo\u201d\",\"datePublished\":\"2025-10-03T07:09:30+00:00\",\"dateModified\":\"2025-10-03T10:34:43+00:00\",\"mainEntityOfPage\":{\"@id\":\"https:\/\/progettotouring.it\/radiotouring104\/2025\/10\/03\/domotek-saitta-gruppo-eccezionale-il-palacalafiore-e-bellissimo\/\"},\"wordCount\":369,\"publisher\":{\"@id\":\"https:\/\/progettotouring.it\/radiotouring104\/#organization\"},\"image\":{\"@id\":\"https:\/\/progettotouring.it\/radiotouring104\/2025\/10\/03\/domotek-saitta-gruppo-eccezionale-il-palacalafiore-e-bellissimo\/#primaryimage\"},\"thumbnailUrl\":\"https:\/\/progettotouring.it\/radiotouring104\/wp-content\/uploads\/sites\/6\/2025\/10\/Saitta-Domotek.gif\",\"keywords\":[\"amichevole\",\"Davide Saitta\",\"Domotek Volley Reggio Calabria\",\"Modica\",\"Palacalafiore\",\"palleggiatore\"],\"articleSection\":[\"News\",\"Reggio Calabria\",\"Sport\"],\"inLanguage\":\"it-IT\"},{\"@type\":\"WebPage\",\"@id\":\"https:\/\/progettotouring.it\/radiotouring104\/2025\/10\/03\/domotek-saitta-gruppo-eccezionale-il-palacalafiore-e-bellissimo\/\",\"url\":\"https:\/\/progettotouring.it\/radiotouring104\/2025\/10\/03\/domotek-saitta-gruppo-eccezionale-il-palacalafiore-e-bellissimo\/\",\"name\":\"Domotek, Saitta: \u201cGruppo eccezionale, il Palacalafiore \u00e8 bellissimo\u201d\",\"isPartOf\":{\"@id\":\"https:\/\/progettotouring.it\/radiotouring104\/#website\"},\"primaryImageOfPage\":{\"@id\":\"https:\/\/progettotouring.it\/radiotouring104\/2025\/10\/03\/domotek-saitta-gruppo-eccezionale-il-palacalafiore-e-bellissimo\/#primaryimage\"},\"image\":{\"@id\":\"https:\/\/progettotouring.it\/radiotouring104\/2025\/10\/03\/domotek-saitta-gruppo-eccezionale-il-palacalafiore-e-bellissimo\/#primaryimage\"},\"thumbnailUrl\":\"https:\/\/progettotouring.it\/radiotouring104\/wp-content\/uploads\/sites\/6\/2025\/10\/Saitta-Domotek.gif\",\"datePublished\":\"2025-10-03T07:09:30+00:00\",\"dateModified\":\"2025-10-03T10:34:43+00:00\",\"description\":\"Ecco le dichiarazioni del palleggiatore amaranto sulla preparazione e l'amichevole in programma oggi, alle 14:30 al Palacalafiore\",\"breadcrumb\":{\"@id\":\"https:\/\/progettotouring.it\/radiotouring104\/2025\/10\/03\/domotek-saitta-gruppo-eccezionale-il-palacalafiore-e-bellissimo\/#breadcrumb\"},\"inLanguage\":\"it-IT\",\"potentialAction\":[{\"@type\":\"ReadAction\",\"target\":[\"https:\/\/progettotouring.it\/radiotouring104\/2025\/10\/03\/domotek-saitta-gruppo-eccezionale-il-palacalafiore-e-bellissimo\/\"]}]},{\"@type\":\"ImageObject\",\"inLanguage\":\"it-IT\",\"@id\":\"https:\/\/progettotouring.it\/radiotouring104\/2025\/10\/03\/domotek-saitta-gruppo-eccezionale-il-palacalafiore-e-bellissimo\/#primaryimage\",\"url\":\"https:\/\/progettotouring.it\/radiotouring104\/wp-content\/uploads\/sites\/6\/2025\/10\/Saitta-Domotek.gif\",\"contentUrl\":\"https:\/\/progettotouring.it\/radiotouring104\/wp-content\/uploads\/sites\/6\/2025\/10\/Saitta-Domotek.gif\",\"width\":668,\"height\":422},{\"@type\":\"BreadcrumbList\",\"@id\":\"https:\/\/progettotouring.it\/radiotouring104\/2025\/10\/03\/domotek-saitta-gruppo-eccezionale-il-palacalafiore-e-bellissimo\/#breadcrumb\",\"itemListElement\":[{\"@type\":\"ListItem\",\"position\":1,\"name\":\"Home\",\"item\":\"https:\/\/progettotouring.it\/radiotouring104\/\"},{\"@type\":\"ListItem\",\"position\":2,\"name\":\"Domotek, Saitta: \u201cGruppo eccezionale, il Palacalafiore \u00e8 bellissimo\u201d\"}]},{\"@type\":\"WebSite\",\"@id\":\"https:\/\/progettotouring.it\/radiotouring104\/#website\",\"url\":\"https:\/\/progettotouring.it\/radiotouring104\/\",\"name\":\"Radio Touring 104\",\"description\":\"La prima radio Reggina\",\"publisher\":{\"@id\":\"https:\/\/progettotouring.it\/radiotouring104\/#organization\"},\"potentialAction\":[{\"@type\":\"SearchAction\",\"target\":{\"@type\":\"EntryPoint\",\"urlTemplate\":\"https:\/\/progettotouring.it\/radiotouring104\/?s={search_term_string}\"},\"query-input\":{\"@type\":\"PropertyValueSpecification\",\"valueRequired\":true,\"valueName\":\"search_term_string\"}}],\"inLanguage\":\"it-IT\"},{\"@type\":\"Organization\",\"@id\":\"https:\/\/progettotouring.it\/radiotouring104\/#organization\",\"name\":\"Radio Touring 104\",\"url\":\"https:\/\/progettotouring.it\/radiotouring104\/\",\"logo\":{\"@type\":\"ImageObject\",\"inLanguage\":\"it-IT\",\"@id\":\"https:\/\/progettotouring.it\/radiotouring104\/#\/schema\/logo\/image\/\",\"url\":\"https:\/\/progettotouring.it\/radiotouring104\/wp-content\/uploads\/sites\/6\/2022\/02\/cropped-logo-radio-touring-104.png\",\"contentUrl\":\"https:\/\/progettotouring.it\/radiotouring104\/wp-content\/uploads\/sites\/6\/2022\/02\/cropped-logo-radio-touring-104.png\",\"width\":377,\"height\":182,\"caption\":\"Radio Touring 104\"},\"image\":{\"@id\":\"https:\/\/progettotouring.it\/radiotouring104\/#\/schema\/logo\/image\/\"}},{\"@type\":\"Person\",\"@id\":\"https:\/\/progettotouring.it\/radiotouring104\/#\/schema\/person\/1b3eb3c07c47136bc44c785c543e635f\",\"name\":\"redazione\",\"image\":{\"@type\":\"ImageObject\",\"inLanguage\":\"it-IT\",\"@id\":\"https:\/\/secure.gravatar.com\/avatar\/0b31605b49f100769e8b624b3e05de1b73e1692e9568a352f60f53fd072e6e11?s=96&d=mm&r=g\",\"url\":\"https:\/\/secure.gravatar.com\/avatar\/0b31605b49f100769e8b624b3e05de1b73e1692e9568a352f60f53fd072e6e11?s=96&d=mm&r=g\",\"contentUrl\":\"https:\/\/secure.gravatar.com\/avatar\/0b31605b49f100769e8b624b3e05de1b73e1692e9568a352f60f53fd072e6e11?s=96&d=mm&r=g\",\"caption\":\"redazione\"},\"url\":\"https:\/\/progettotouring.it\/radiotouring104\/author\/redazione\/\"}]}<\/script>\n<!-- \/ Yoast SEO plugin. -->","yoast_head_json":{"title":"Domotek, Saitta: \u201cGruppo eccezionale, il Palacalafiore \u00e8 bellissimo\u201d","description":"Ecco le dichiarazioni del palleggiatore amaranto sulla preparazione e l'amichevole in programma oggi, alle 14:30 al Palacalafiore","robots":{"index":"index","follow":"follow","max-snippet":"max-snippet:-1","max-image-preview":"max-image-preview:large","max-video-preview":"max-video-preview:-1"},"canonical":"https:\/\/progettotouring.it\/radiotouring104\/2025\/10\/03\/domotek-saitta-gruppo-eccezionale-il-palacalafiore-e-bellissimo\/","og_locale":"it_IT","og_type":"article","og_title":"Domotek, Saitta: \u201cGruppo eccezionale, il Palacalafiore \u00e8 bellissimo\u201d","og_description":"Ecco le dichiarazioni del palleggiatore amaranto sulla preparazione e l'amichevole in programma oggi, alle 14:30 al Palacalafiore","og_url":"https:\/\/progettotouring.it\/radiotouring104\/2025\/10\/03\/domotek-saitta-gruppo-eccezionale-il-palacalafiore-e-bellissimo\/","og_site_name":"Radio Touring 104","article_published_time":"2025-10-03T07:09:30+00:00","article_modified_time":"2025-10-03T10:34:43+00:00","og_image":[{"width":668,"height":422,"url":"https:\/\/progettotouring.it\/radiotouring104\/wp-content\/uploads\/sites\/6\/2025\/10\/Saitta-Domotek.gif","type":"image\/gif"}],"author":"redazione","twitter_card":"summary_large_image","twitter_misc":{"Scritto da":"redazione","Tempo di lettura stimato":"2 minuti"},"schema":{"@context":"https:\/\/schema.org","@graph":[{"@type":"Article","@id":"https:\/\/progettotouring.it\/radiotouring104\/2025\/10\/03\/domotek-saitta-gruppo-eccezionale-il-palacalafiore-e-bellissimo\/#article","isPartOf":{"@id":"https:\/\/progettotouring.it\/radiotouring104\/2025\/10\/03\/domotek-saitta-gruppo-eccezionale-il-palacalafiore-e-bellissimo\/"},"author":{"name":"redazione","@id":"https:\/\/progettotouring.it\/radiotouring104\/#\/schema\/person\/1b3eb3c07c47136bc44c785c543e635f"},"headline":"Domotek, Saitta: \u201cGruppo eccezionale, il Palacalafiore \u00e8 bellissimo\u201d","datePublished":"2025-10-03T07:09:30+00:00","dateModified":"2025-10-03T10:34:43+00:00","mainEntityOfPage":{"@id":"https:\/\/progettotouring.it\/radiotouring104\/2025\/10\/03\/domotek-saitta-gruppo-eccezionale-il-palacalafiore-e-bellissimo\/"},"wordCount":369,"publisher":{"@id":"https:\/\/progettotouring.it\/radiotouring104\/#organization"},"image":{"@id":"https:\/\/progettotouring.it\/radiotouring104\/2025\/10\/03\/domotek-saitta-gruppo-eccezionale-il-palacalafiore-e-bellissimo\/#primaryimage"},"thumbnailUrl":"https:\/\/progettotouring.it\/radiotouring104\/wp-content\/uploads\/sites\/6\/2025\/10\/Saitta-Domotek.gif","keywords":["amichevole","Davide Saitta","Domotek Volley Reggio Calabria","Modica","Palacalafiore","palleggiatore"],"articleSection":["News","Reggio Calabria","Sport"],"inLanguage":"it-IT"},{"@type":"WebPage","@id":"https:\/\/progettotouring.it\/radiotouring104\/2025\/10\/03\/domotek-saitta-gruppo-eccezionale-il-palacalafiore-e-bellissimo\/","url":"https:\/\/progettotouring.it\/radiotouring104\/2025\/10\/03\/domotek-saitta-gruppo-eccezionale-il-palacalafiore-e-bellissimo\/","name":"Domotek, Saitta: \u201cGruppo eccezionale, il Palacalafiore \u00e8 bellissimo\u201d","isPartOf":{"@id":"https:\/\/progettotouring.it\/radiotouring104\/#website"},"primaryImageOfPage":{"@id":"https:\/\/progettotouring.it\/radiotouring104\/2025\/10\/03\/domotek-saitta-gruppo-eccezionale-il-palacalafiore-e-bellissimo\/#primaryimage"},"image":{"@id":"https:\/\/progettotouring.it\/radiotouring104\/2025\/10\/03\/domotek-saitta-gruppo-eccezionale-il-palacalafiore-e-bellissimo\/#primaryimage"},"thumbnailUrl":"https:\/\/progettotouring.it\/radiotouring104\/wp-content\/uploads\/sites\/6\/2025\/10\/Saitta-Domotek.gif","datePublished":"2025-10-03T07:09:30+00:00","dateModified":"2025-10-03T10:34:43+00:00","description":"Ecco le dichiarazioni del palleggiatore amaranto sulla preparazione e l'amichevole in programma oggi, alle 14:30 al Palacalafiore","breadcrumb":{"@id":"https:\/\/progettotouring.it\/radiotouring104\/2025\/10\/03\/domotek-saitta-gruppo-eccezionale-il-palacalafiore-e-bellissimo\/#breadcrumb"},"inLanguage":"it-IT","potentialAction":[{"@type":"ReadAction","target":["https:\/\/progettotouring.it\/radiotouring104\/2025\/10\/03\/domotek-saitta-gruppo-eccezionale-il-palacalafiore-e-bellissimo\/"]}]},{"@type":"ImageObject","inLanguage":"it-IT","@id":"https:\/\/progettotouring.it\/radiotouring104\/2025\/10\/03\/domotek-saitta-gruppo-eccezionale-il-palacalafiore-e-bellissimo\/#primaryimage","url":"https:\/\/progettotouring.it\/radiotouring104\/wp-content\/uploads\/sites\/6\/2025\/10\/Saitta-Domotek.gif","contentUrl":"https:\/\/progettotouring.it\/radiotouring104\/wp-content\/uploads\/sites\/6\/2025\/10\/Saitta-Domotek.gif","width":668,"height":422},{"@type":"BreadcrumbList","@id":"https:\/\/progettotouring.it\/radiotouring104\/2025\/10\/03\/domotek-saitta-gruppo-eccezionale-il-palacalafiore-e-bellissimo\/#breadcrumb","itemListElement":[{"@type":"ListItem","position":1,"name":"Home","item":"https:\/\/progettotouring.it\/radiotouring104\/"},{"@type":"ListItem","position":2,"name":"Domotek, Saitta: \u201cGruppo eccezionale, il Palacalafiore \u00e8 bellissimo\u201d"}]},{"@type":"WebSite","@id":"https:\/\/progettotouring.it\/radiotouring104\/#website","url":"https:\/\/progettotouring.it\/radiotouring104\/","name":"Radio Touring 104","description":"La prima radio Reggina","publisher":{"@id":"https:\/\/progettotouring.it\/radiotouring104\/#organization"},"potentialAction":[{"@type":"SearchAction","target":{"@type":"EntryPoint","urlTemplate":"https:\/\/progettotouring.it\/radiotouring104\/?s={search_term_string}"},"query-input":{"@type":"PropertyValueSpecification","valueRequired":true,"valueName":"search_term_string"}}],"inLanguage":"it-IT"},{"@type":"Organization","@id":"https:\/\/progettotouring.it\/radiotouring104\/#organization","name":"Radio Touring 104","url":"https:\/\/progettotouring.it\/radiotouring104\/","logo":{"@type":"ImageObject","inLanguage":"it-IT","@id":"https:\/\/progettotouring.it\/radiotouring104\/#\/schema\/logo\/image\/","url":"https:\/\/progettotouring.it\/radiotouring104\/wp-content\/uploads\/sites\/6\/2022\/02\/cropped-logo-radio-touring-104.png","contentUrl":"https:\/\/progettotouring.it\/radiotouring104\/wp-content\/uploads\/sites\/6\/2022\/02\/cropped-logo-radio-touring-104.png","width":377,"height":182,"caption":"Radio Touring 104"},"image":{"@id":"https:\/\/progettotouring.it\/radiotouring104\/#\/schema\/logo\/image\/"}},{"@type":"Person","@id":"https:\/\/progettotouring.it\/radiotouring104\/#\/schema\/person\/1b3eb3c07c47136bc44c785c543e635f","name":"redazione","image":{"@type":"ImageObject","inLanguage":"it-IT","@id":"https:\/\/secure.gravatar.com\/avatar\/0b31605b49f100769e8b624b3e05de1b73e1692e9568a352f60f53fd072e6e11?s=96&d=mm&r=g","url":"https:\/\/secure.gravatar.com\/avatar\/0b31605b49f100769e8b624b3e05de1b73e1692e9568a352f60f53fd072e6e11?s=96&d=mm&r=g","contentUrl":"https:\/\/secure.gravatar.com\/avatar\/0b31605b49f100769e8b624b3e05de1b73e1692e9568a352f60f53fd072e6e11?s=96&d=mm&r=g","caption":"redazione"},"url":"https:\/\/progettotouring.it\/radiotouring104\/author\/redazione\/"}]}},"jetpack_publicize_connections":[],"jetpack_featured_media_url":"https:\/\/progettotouring.it\/radiotouring104\/wp-content\/uploads\/sites\/6\/2025\/10\/Saitta-Domotek.gif","jetpack_sharing_enabled":true,"_links":{"self":[{"href":"https:\/\/progettotouring.it\/radiotouring104\/wp-json\/wp\/v2\/posts\/82693","targetHints":{"allow":["GET"]}}],"collection":[{"href":"https:\/\/progettotouring.it\/radiotouring104\/wp-json\/wp\/v2\/posts"}],"about":[{"href":"https:\/\/progettotouring.it\/radiotouring104\/wp-json\/wp\/v2\/types\/post"}],"author":[{"embeddable":true,"href":"https:\/\/progettotouring.it\/radiotouring104\/wp-json\/wp\/v2\/users\/5"}],"replies":[{"embeddable":true,"href":"https:\/\/progettotouring.it\/radiotouring104\/wp-json\/wp\/v2\/comments?post=82693"}],"version-history":[{"count":1,"href":"https:\/\/progettotouring.it\/radiotouring104\/wp-json\/wp\/v2\/posts\/82693\/revisions"}],"predecessor-version":[{"id":82695,"href":"https:\/\/progettotouring.it\/radiotouring104\/wp-json\/wp\/v2\/posts\/82693\/revisions\/82695"}],"wp:featuredmedia":[{"embeddable":true,"href":"https:\/\/progettotouring.it\/radiotouring104\/wp-json\/wp\/v2\/media\/82694"}],"wp:attachment":[{"href":"https:\/\/progettotouring.it\/radiotouring104\/wp-json\/wp\/v2\/media?parent=82693"}],"wp:term":[{"taxonomy":"category","embeddable":true,"href":"https:\/\/progettotouring.it\/radiotouring104\/wp-json\/wp\/v2\/categories?post=82693"},{"taxonomy":"post_tag","embeddable":true,"href":"https:\/\/progettotouring.it\/radiotouring104\/wp-json\/wp\/v2\/tags?post=82693"}],"curies":[{"name":"wp","href":"https:\/\/api.w.org\/{rel}","templated":true}]}}