{"id":82696,"date":"2025-10-03T09:23:05","date_gmt":"2025-10-03T07:23:05","guid":{"rendered":"https:\/\/progettotouring.it\/radiotouring104\/?p=82696"},"modified":"2025-10-03T12:34:26","modified_gmt":"2025-10-03T10:34:26","slug":"in-campo-tutti-i-colori-della-pace-successo-per-il-festival-del-csi-di-reggio","status":"publish","type":"post","link":"https:\/\/progettotouring.it\/radiotouring104\/2025\/10\/03\/in-campo-tutti-i-colori-della-pace-successo-per-il-festival-del-csi-di-reggio\/","title":{"rendered":"In campo tutti i colori della Pace: successo per il Festival del CSI di Reggio"},"content":{"rendered":"<div dir=\"auto\">Dal 21 al 29 Settembre, l\u2019esperienza sul campo del Csi, ha colorato il territorio reggino con le tinte vivaci del gioco e del divertimento, ma anche disegnato, con contorni netti, progetti e prospettive. Il Festival Nazionale dello Sport di Cittadinanza<i>\u00a0\u201cTutta un\u2019altra partita\u201d<\/i>, grazie a una rete che ha visto partecipare non solo i ragazzi dei quartieri coinvolti, ma intere famiglie, istituzioni, associazioni e numerose realt\u00e0 del territorio Metropolitano di Reggio Calabria, ha caratterizzato un&#8217;intera settimana attraverso laboratori, attivit\u00e0, giochi, feste polisportive e workshop. Il Festival, organizzato in occasione della\u00a0<b>Giornata Internazionale della Pace<\/b>, ha esaltato ancora di pi\u00f9 il percorso di partecipazione, inclusione e rigenerazione urbana e sociale, sviluppato in questi anni dal Comitato Csi di Reggio Calabria.<\/div>\n<div dir=\"auto\"><\/div>\n<div dir=\"auto\">Come missione anche quella di colorare e dare nuova vita a piazzette, vicoli, sottoscala e &#8220;strade pattumiera&#8221;, attraverso il gioco e lo sport, un obiettivo concreto che vede impegnato il Csi gi\u00e0 da diversi anni nei quartieri pi\u00f9 difficili della citt\u00e0, come ad esempio quello di Arghill\u00e0 Nord, dove, grazie anche all\u2019impegno e lungimiranza del Garante Metropolitano dell\u2019Infanzia e dell\u2019Adolescenza dott. Emanuele Mattia, \u00e8 stato aperto il nuovo anno della Polisportiva Arghill\u00e0 a Colori, esperienza sportiva ed educativa, diretta da Francesco Paviglianiti e dai volontari Csi che da 8 anni caratterizza il percorso di tanti bambini e ragazzi tra i 5 e i 18 anni, residenti nel fragilissimo quartiere cittadino. L&#8217;amichevole con la societ\u00e0 sportiva Sacri Cuori di Catona e la presenza di Medici del Mondo, ha reso ancora di pi\u00f9 il campetto di Modenelle, uno spazio di scoperta, speranza e partecipazione.<\/div>\n<div dir=\"auto\"><\/div>\n<div dir=\"auto\">Da questo Festival, vera fucina di buoni propositi e percorsi significativi, nasce anche l&#8217;iniziativa <i>&#8220;Super Santos: Giocare \u00e8 un Diritto!&#8221;,\u00a0<\/i>che ha previsto la presentazione del Protocollo tra Csi Reggio Calabria e Dipartimento Digies dell\u2019Universit\u00e0 Mediterranea di Reggio Calabria. L&#8217;accordo prevede un percorso culturale e sociale che coinvolger\u00e0 gli studenti di scienze motorie per i tirocini formativi e di scienze dell&#8217;educazione e formazione per il Laboratorio di Educativa Sportiva di Strada, primissima esperienza di questo tipo in Italia. Proprio il valore della rete educativa \u00e8 stato il filo rosso che ha legato e messo insieme ogni attivit\u00e0 e idea promossa durante il Festival. Associazioni, famiglie, istituzioni, scuole e universit\u00e0 in campo per rafforzare e garantire diritti, opportunit\u00e0 e giustizia. Il PalaColorCsi di Pellaro, avamposto educativo del Csi, ha ospitato un allenamento, guidato da Armando Russo, insolito per tanti ragazzi dell&#8217;Associazione Sportiva Basket Pellaro. Giocare a piedi nudi e unire le mani come segno di pace, rispetto e giustizia, i particolari di un&#8217;esperienza straordinaria, di una partitella importante e di una scelta di pace che ha visto i bambini assoluti protagonisti nello spogliatoio e in campo. Proprio dai pi\u00f9 piccoli, un grande segnale per gli adulti e per tutto il mondo dello sport.<\/div>\n<div dir=\"auto\"><\/div>\n<div dir=\"auto\">Accolto con entusiasmo dai ragazzi della Comunit\u00e0 del <a href=\"http:\/\/ce.re.so\/\" target=\"_blank\" rel=\"noopener noreferrer\">Ce.Re.So<\/a>.,\u00a0 significativo e segno speranza \u00e8 stato il Torneo di Dama al Parco della Mondialit\u00e0 di Gallico. Grazie alla grande disponibilit\u00e0 e partecipazione dell&#8217;associazione Il Bianco ed il Nero e la Federazione Dama Calabria, famiglie, ragazzi e gli ospiti del Centro, hanno sperimento i grandi valori e la bellezza della Dama, disciplina che mette sul tavolo segni e percorsi importanti per le persone ed il gruppo. Collaborazione, inclusione, problem solving, strategie gli elementi sviluppati durante il laboratorio guidato sapientemente da Antonino Cilione, presidente della Federazione Dama Calabria.<\/div>\n<div dir=\"auto\"><\/div>\n<div dir=\"auto\">A chiudere la settimana, il partecipatissimo Torneo\u00a0 PADEL fir CHILDREN al Centro Sportivo Mirabella. Una manifestazione di Padel ( maschile e misto) legata alla raccolta fondi per acquistare un evidenziatore di vene per il reparto di pediatria del GOM. A guidare questo straordinario progetto di solidariet\u00e0 e sport, tantissimi atleti, il referente Padel\u00a0 Csi Reggio Angelo Scordino, il vice presidente Provinciale Csi Francesco Caridi ed il Garante Metropolitano Emanuele Mattia. Cittadinanza, inclusione, educazione, partecipazione e rigenerazione i punti cardine del progetto sportivo e culturale proposto dal Csi a Reggio Calabria ormai da diversi anni. Esperienze sul campo tra i pi\u00f9 piccoli e fragili, rigenerazione urbana e sociale, inclusione come il percorso per minori e adulti in messa alla prova, fanno della prostata Csi, un&#8217;esperienza che punta a promuovere percorsi educativi, generare pace, giustizia e speranza, attraverso lo sport ed il gioco.<\/div>\n<div dir=\"auto\"><\/div>\n<div dir=\"auto\">Il Festival, ancora una volta, ha ribadito che il Csi Reggio Calabria ha scelto di giocare tutta un&#8217;altra partita, rafforzando e promuovendo l\u2019idea dello sport come importante agenzia educativa e, insieme al gioco, straordinario veicolo di valori, promozione sociale e cambiamento. Il Festival Csi \u00e8 stato patrocinato dal Comune di Reggio Calabria e dall&#8217; Istituto Interregionale delle Nazioni Unite per la ricerca sul crimine e la giustizia (UNICRI).<\/div>\n","protected":false},"excerpt":{"rendered":"<p>Dal 21 al 29 Settembre, l\u2019esperienza sul campo del Csi, ha colorato il territorio reggino con le tinte vivaci del gioco e del divertimento, ma anche disegnato, con contorni netti,&hellip;<\/p>\n","protected":false},"author":5,"featured_media":82697,"comment_status":"closed","ping_status":"open","sticky":false,"template":"","format":"standard","meta":{"_jetpack_memberships_contains_paid_content":false,"footnotes":"","jetpack_publicize_message":"","jetpack_publicize_feature_enabled":true,"jetpack_social_post_already_shared":true,"jetpack_social_options":{"image_generator_settings":{"template":"highway","default_image_id":0,"font":"","enabled":false},"version":2}},"categories":[196,140,144],"tags":[818,6162,46700,2426,820,4332,46714,417,47992,454],"class_list":["post-82696","post","type-post","status-publish","format-standard","has-post-thumbnail","hentry","category-news","category-reggio-calabria","category-sport","tag-associazioni","tag-csi-reggio-calabria","tag-divertimento","tag-festival","tag-istituzioni","tag-laboratori","tag-quartieri","tag-sport","tag-tutti-i-colori-della-pace","tag-workshop"],"yoast_head":"<!-- This site is optimized with the Yoast SEO plugin v27.2 - https:\/\/yoast.com\/product\/yoast-seo-wordpress\/ -->\n<title>In campo tutti i colori della Pace: successo per il Festival CSI RC<\/title>\n<meta name=\"description\" content=\"Successo per Il festival, svolto dal 21 al 29 settembre, che ha coinvolto istituzioni, famiglie ed associazioni nel gioco e divertimento\" \/>\n<meta name=\"robots\" content=\"index, follow, max-snippet:-1, max-image-preview:large, max-video-preview:-1\" \/>\n<link rel=\"canonical\" href=\"https:\/\/progettotouring.it\/radiotouring104\/2025\/10\/03\/in-campo-tutti-i-colori-della-pace-successo-per-il-festival-del-csi-di-reggio\/\" \/>\n<meta property=\"og:locale\" content=\"it_IT\" \/>\n<meta property=\"og:type\" content=\"article\" \/>\n<meta property=\"og:title\" content=\"In campo tutti i colori della Pace: successo per il Festival CSI RC\" \/>\n<meta property=\"og:description\" content=\"Successo per Il festival, svolto dal 21 al 29 settembre, che ha coinvolto istituzioni, famiglie ed associazioni nel gioco e divertimento\" \/>\n<meta property=\"og:url\" content=\"https:\/\/progettotouring.it\/radiotouring104\/2025\/10\/03\/in-campo-tutti-i-colori-della-pace-successo-per-il-festival-del-csi-di-reggio\/\" \/>\n<meta property=\"og:site_name\" content=\"Radio Touring 104\" \/>\n<meta property=\"article:published_time\" content=\"2025-10-03T07:23:05+00:00\" \/>\n<meta property=\"article:modified_time\" content=\"2025-10-03T10:34:26+00:00\" \/>\n<meta property=\"og:image\" content=\"https:\/\/progettotouring.it\/radiotouring104\/wp-content\/uploads\/sites\/6\/2025\/10\/Festival-COLORI-DELLA-PACE-CSI-REGGIO-.jpg\" \/>\n\t<meta property=\"og:image:width\" content=\"1600\" \/>\n\t<meta property=\"og:image:height\" content=\"1105\" \/>\n\t<meta property=\"og:image:type\" content=\"image\/jpeg\" \/>\n<meta name=\"author\" content=\"redazione\" \/>\n<meta name=\"twitter:card\" content=\"summary_large_image\" \/>\n<meta name=\"twitter:label1\" content=\"Scritto da\" \/>\n\t<meta name=\"twitter:data1\" content=\"redazione\" \/>\n\t<meta name=\"twitter:label2\" content=\"Tempo di lettura stimato\" \/>\n\t<meta name=\"twitter:data2\" content=\"4 minuti\" \/>\n<script type=\"application\/ld+json\" class=\"yoast-schema-graph\">{\"@context\":\"https:\/\/schema.org\",\"@graph\":[{\"@type\":\"Article\",\"@id\":\"https:\/\/progettotouring.it\/radiotouring104\/2025\/10\/03\/in-campo-tutti-i-colori-della-pace-successo-per-il-festival-del-csi-di-reggio\/#article\",\"isPartOf\":{\"@id\":\"https:\/\/progettotouring.it\/radiotouring104\/2025\/10\/03\/in-campo-tutti-i-colori-della-pace-successo-per-il-festival-del-csi-di-reggio\/\"},\"author\":{\"name\":\"redazione\",\"@id\":\"https:\/\/progettotouring.it\/radiotouring104\/#\/schema\/person\/1b3eb3c07c47136bc44c785c543e635f\"},\"headline\":\"In campo tutti i colori della Pace: successo per il Festival del CSI di Reggio\",\"datePublished\":\"2025-10-03T07:23:05+00:00\",\"dateModified\":\"2025-10-03T10:34:26+00:00\",\"mainEntityOfPage\":{\"@id\":\"https:\/\/progettotouring.it\/radiotouring104\/2025\/10\/03\/in-campo-tutti-i-colori-della-pace-successo-per-il-festival-del-csi-di-reggio\/\"},\"wordCount\":780,\"publisher\":{\"@id\":\"https:\/\/progettotouring.it\/radiotouring104\/#organization\"},\"image\":{\"@id\":\"https:\/\/progettotouring.it\/radiotouring104\/2025\/10\/03\/in-campo-tutti-i-colori-della-pace-successo-per-il-festival-del-csi-di-reggio\/#primaryimage\"},\"thumbnailUrl\":\"https:\/\/progettotouring.it\/radiotouring104\/wp-content\/uploads\/sites\/6\/2025\/10\/Festival-COLORI-DELLA-PACE-CSI-REGGIO-.jpg\",\"keywords\":[\"associazioni\",\"CSI Reggio Calabria\",\"divertimento\",\"Festival\",\"istituzioni\",\"laboratori\",\"quartieri\",\"sport\",\"tutti i colori della pace\",\"workshop\"],\"articleSection\":[\"News\",\"Reggio Calabria\",\"Sport\"],\"inLanguage\":\"it-IT\"},{\"@type\":\"WebPage\",\"@id\":\"https:\/\/progettotouring.it\/radiotouring104\/2025\/10\/03\/in-campo-tutti-i-colori-della-pace-successo-per-il-festival-del-csi-di-reggio\/\",\"url\":\"https:\/\/progettotouring.it\/radiotouring104\/2025\/10\/03\/in-campo-tutti-i-colori-della-pace-successo-per-il-festival-del-csi-di-reggio\/\",\"name\":\"In campo tutti i colori della Pace: successo per il Festival CSI RC\",\"isPartOf\":{\"@id\":\"https:\/\/progettotouring.it\/radiotouring104\/#website\"},\"primaryImageOfPage\":{\"@id\":\"https:\/\/progettotouring.it\/radiotouring104\/2025\/10\/03\/in-campo-tutti-i-colori-della-pace-successo-per-il-festival-del-csi-di-reggio\/#primaryimage\"},\"image\":{\"@id\":\"https:\/\/progettotouring.it\/radiotouring104\/2025\/10\/03\/in-campo-tutti-i-colori-della-pace-successo-per-il-festival-del-csi-di-reggio\/#primaryimage\"},\"thumbnailUrl\":\"https:\/\/progettotouring.it\/radiotouring104\/wp-content\/uploads\/sites\/6\/2025\/10\/Festival-COLORI-DELLA-PACE-CSI-REGGIO-.jpg\",\"datePublished\":\"2025-10-03T07:23:05+00:00\",\"dateModified\":\"2025-10-03T10:34:26+00:00\",\"description\":\"Successo per Il festival, svolto dal 21 al 29 settembre, che ha coinvolto istituzioni, famiglie ed associazioni nel gioco e divertimento\",\"breadcrumb\":{\"@id\":\"https:\/\/progettotouring.it\/radiotouring104\/2025\/10\/03\/in-campo-tutti-i-colori-della-pace-successo-per-il-festival-del-csi-di-reggio\/#breadcrumb\"},\"inLanguage\":\"it-IT\",\"potentialAction\":[{\"@type\":\"ReadAction\",\"target\":[\"https:\/\/progettotouring.it\/radiotouring104\/2025\/10\/03\/in-campo-tutti-i-colori-della-pace-successo-per-il-festival-del-csi-di-reggio\/\"]}]},{\"@type\":\"ImageObject\",\"inLanguage\":\"it-IT\",\"@id\":\"https:\/\/progettotouring.it\/radiotouring104\/2025\/10\/03\/in-campo-tutti-i-colori-della-pace-successo-per-il-festival-del-csi-di-reggio\/#primaryimage\",\"url\":\"https:\/\/progettotouring.it\/radiotouring104\/wp-content\/uploads\/sites\/6\/2025\/10\/Festival-COLORI-DELLA-PACE-CSI-REGGIO-.jpg\",\"contentUrl\":\"https:\/\/progettotouring.it\/radiotouring104\/wp-content\/uploads\/sites\/6\/2025\/10\/Festival-COLORI-DELLA-PACE-CSI-REGGIO-.jpg\",\"width\":1600,\"height\":1105},{\"@type\":\"BreadcrumbList\",\"@id\":\"https:\/\/progettotouring.it\/radiotouring104\/2025\/10\/03\/in-campo-tutti-i-colori-della-pace-successo-per-il-festival-del-csi-di-reggio\/#breadcrumb\",\"itemListElement\":[{\"@type\":\"ListItem\",\"position\":1,\"name\":\"Home\",\"item\":\"https:\/\/progettotouring.it\/radiotouring104\/\"},{\"@type\":\"ListItem\",\"position\":2,\"name\":\"In campo tutti i colori della Pace: successo per il Festival del CSI di Reggio\"}]},{\"@type\":\"WebSite\",\"@id\":\"https:\/\/progettotouring.it\/radiotouring104\/#website\",\"url\":\"https:\/\/progettotouring.it\/radiotouring104\/\",\"name\":\"Radio Touring 104\",\"description\":\"La prima radio Reggina\",\"publisher\":{\"@id\":\"https:\/\/progettotouring.it\/radiotouring104\/#organization\"},\"potentialAction\":[{\"@type\":\"SearchAction\",\"target\":{\"@type\":\"EntryPoint\",\"urlTemplate\":\"https:\/\/progettotouring.it\/radiotouring104\/?s={search_term_string}\"},\"query-input\":{\"@type\":\"PropertyValueSpecification\",\"valueRequired\":true,\"valueName\":\"search_term_string\"}}],\"inLanguage\":\"it-IT\"},{\"@type\":\"Organization\",\"@id\":\"https:\/\/progettotouring.it\/radiotouring104\/#organization\",\"name\":\"Radio Touring 104\",\"url\":\"https:\/\/progettotouring.it\/radiotouring104\/\",\"logo\":{\"@type\":\"ImageObject\",\"inLanguage\":\"it-IT\",\"@id\":\"https:\/\/progettotouring.it\/radiotouring104\/#\/schema\/logo\/image\/\",\"url\":\"https:\/\/progettotouring.it\/radiotouring104\/wp-content\/uploads\/sites\/6\/2022\/02\/cropped-logo-radio-touring-104.png\",\"contentUrl\":\"https:\/\/progettotouring.it\/radiotouring104\/wp-content\/uploads\/sites\/6\/2022\/02\/cropped-logo-radio-touring-104.png\",\"width\":377,\"height\":182,\"caption\":\"Radio Touring 104\"},\"image\":{\"@id\":\"https:\/\/progettotouring.it\/radiotouring104\/#\/schema\/logo\/image\/\"}},{\"@type\":\"Person\",\"@id\":\"https:\/\/progettotouring.it\/radiotouring104\/#\/schema\/person\/1b3eb3c07c47136bc44c785c543e635f\",\"name\":\"redazione\",\"image\":{\"@type\":\"ImageObject\",\"inLanguage\":\"it-IT\",\"@id\":\"https:\/\/secure.gravatar.com\/avatar\/0b31605b49f100769e8b624b3e05de1b73e1692e9568a352f60f53fd072e6e11?s=96&d=mm&r=g\",\"url\":\"https:\/\/secure.gravatar.com\/avatar\/0b31605b49f100769e8b624b3e05de1b73e1692e9568a352f60f53fd072e6e11?s=96&d=mm&r=g\",\"contentUrl\":\"https:\/\/secure.gravatar.com\/avatar\/0b31605b49f100769e8b624b3e05de1b73e1692e9568a352f60f53fd072e6e11?s=96&d=mm&r=g\",\"caption\":\"redazione\"},\"url\":\"https:\/\/progettotouring.it\/radiotouring104\/author\/redazione\/\"}]}<\/script>\n<!-- \/ Yoast SEO plugin. -->","yoast_head_json":{"title":"In campo tutti i colori della Pace: successo per il Festival CSI RC","description":"Successo per Il festival, svolto dal 21 al 29 settembre, che ha coinvolto istituzioni, famiglie ed associazioni nel gioco e divertimento","robots":{"index":"index","follow":"follow","max-snippet":"max-snippet:-1","max-image-preview":"max-image-preview:large","max-video-preview":"max-video-preview:-1"},"canonical":"https:\/\/progettotouring.it\/radiotouring104\/2025\/10\/03\/in-campo-tutti-i-colori-della-pace-successo-per-il-festival-del-csi-di-reggio\/","og_locale":"it_IT","og_type":"article","og_title":"In campo tutti i colori della Pace: successo per il Festival CSI RC","og_description":"Successo per Il festival, svolto dal 21 al 29 settembre, che ha coinvolto istituzioni, famiglie ed associazioni nel gioco e divertimento","og_url":"https:\/\/progettotouring.it\/radiotouring104\/2025\/10\/03\/in-campo-tutti-i-colori-della-pace-successo-per-il-festival-del-csi-di-reggio\/","og_site_name":"Radio Touring 104","article_published_time":"2025-10-03T07:23:05+00:00","article_modified_time":"2025-10-03T10:34:26+00:00","og_image":[{"width":1600,"height":1105,"url":"https:\/\/progettotouring.it\/radiotouring104\/wp-content\/uploads\/sites\/6\/2025\/10\/Festival-COLORI-DELLA-PACE-CSI-REGGIO-.jpg","type":"image\/jpeg"}],"author":"redazione","twitter_card":"summary_large_image","twitter_misc":{"Scritto da":"redazione","Tempo di lettura stimato":"4 minuti"},"schema":{"@context":"https:\/\/schema.org","@graph":[{"@type":"Article","@id":"https:\/\/progettotouring.it\/radiotouring104\/2025\/10\/03\/in-campo-tutti-i-colori-della-pace-successo-per-il-festival-del-csi-di-reggio\/#article","isPartOf":{"@id":"https:\/\/progettotouring.it\/radiotouring104\/2025\/10\/03\/in-campo-tutti-i-colori-della-pace-successo-per-il-festival-del-csi-di-reggio\/"},"author":{"name":"redazione","@id":"https:\/\/progettotouring.it\/radiotouring104\/#\/schema\/person\/1b3eb3c07c47136bc44c785c543e635f"},"headline":"In campo tutti i colori della Pace: successo per il Festival del CSI di Reggio","datePublished":"2025-10-03T07:23:05+00:00","dateModified":"2025-10-03T10:34:26+00:00","mainEntityOfPage":{"@id":"https:\/\/progettotouring.it\/radiotouring104\/2025\/10\/03\/in-campo-tutti-i-colori-della-pace-successo-per-il-festival-del-csi-di-reggio\/"},"wordCount":780,"publisher":{"@id":"https:\/\/progettotouring.it\/radiotouring104\/#organization"},"image":{"@id":"https:\/\/progettotouring.it\/radiotouring104\/2025\/10\/03\/in-campo-tutti-i-colori-della-pace-successo-per-il-festival-del-csi-di-reggio\/#primaryimage"},"thumbnailUrl":"https:\/\/progettotouring.it\/radiotouring104\/wp-content\/uploads\/sites\/6\/2025\/10\/Festival-COLORI-DELLA-PACE-CSI-REGGIO-.jpg","keywords":["associazioni","CSI Reggio Calabria","divertimento","Festival","istituzioni","laboratori","quartieri","sport","tutti i colori della pace","workshop"],"articleSection":["News","Reggio Calabria","Sport"],"inLanguage":"it-IT"},{"@type":"WebPage","@id":"https:\/\/progettotouring.it\/radiotouring104\/2025\/10\/03\/in-campo-tutti-i-colori-della-pace-successo-per-il-festival-del-csi-di-reggio\/","url":"https:\/\/progettotouring.it\/radiotouring104\/2025\/10\/03\/in-campo-tutti-i-colori-della-pace-successo-per-il-festival-del-csi-di-reggio\/","name":"In campo tutti i colori della Pace: successo per il Festival CSI RC","isPartOf":{"@id":"https:\/\/progettotouring.it\/radiotouring104\/#website"},"primaryImageOfPage":{"@id":"https:\/\/progettotouring.it\/radiotouring104\/2025\/10\/03\/in-campo-tutti-i-colori-della-pace-successo-per-il-festival-del-csi-di-reggio\/#primaryimage"},"image":{"@id":"https:\/\/progettotouring.it\/radiotouring104\/2025\/10\/03\/in-campo-tutti-i-colori-della-pace-successo-per-il-festival-del-csi-di-reggio\/#primaryimage"},"thumbnailUrl":"https:\/\/progettotouring.it\/radiotouring104\/wp-content\/uploads\/sites\/6\/2025\/10\/Festival-COLORI-DELLA-PACE-CSI-REGGIO-.jpg","datePublished":"2025-10-03T07:23:05+00:00","dateModified":"2025-10-03T10:34:26+00:00","description":"Successo per Il festival, svolto dal 21 al 29 settembre, che ha coinvolto istituzioni, famiglie ed associazioni nel gioco e divertimento","breadcrumb":{"@id":"https:\/\/progettotouring.it\/radiotouring104\/2025\/10\/03\/in-campo-tutti-i-colori-della-pace-successo-per-il-festival-del-csi-di-reggio\/#breadcrumb"},"inLanguage":"it-IT","potentialAction":[{"@type":"ReadAction","target":["https:\/\/progettotouring.it\/radiotouring104\/2025\/10\/03\/in-campo-tutti-i-colori-della-pace-successo-per-il-festival-del-csi-di-reggio\/"]}]},{"@type":"ImageObject","inLanguage":"it-IT","@id":"https:\/\/progettotouring.it\/radiotouring104\/2025\/10\/03\/in-campo-tutti-i-colori-della-pace-successo-per-il-festival-del-csi-di-reggio\/#primaryimage","url":"https:\/\/progettotouring.it\/radiotouring104\/wp-content\/uploads\/sites\/6\/2025\/10\/Festival-COLORI-DELLA-PACE-CSI-REGGIO-.jpg","contentUrl":"https:\/\/progettotouring.it\/radiotouring104\/wp-content\/uploads\/sites\/6\/2025\/10\/Festival-COLORI-DELLA-PACE-CSI-REGGIO-.jpg","width":1600,"height":1105},{"@type":"BreadcrumbList","@id":"https:\/\/progettotouring.it\/radiotouring104\/2025\/10\/03\/in-campo-tutti-i-colori-della-pace-successo-per-il-festival-del-csi-di-reggio\/#breadcrumb","itemListElement":[{"@type":"ListItem","position":1,"name":"Home","item":"https:\/\/progettotouring.it\/radiotouring104\/"},{"@type":"ListItem","position":2,"name":"In campo tutti i colori della Pace: successo per il Festival del CSI di Reggio"}]},{"@type":"WebSite","@id":"https:\/\/progettotouring.it\/radiotouring104\/#website","url":"https:\/\/progettotouring.it\/radiotouring104\/","name":"Radio Touring 104","description":"La prima radio Reggina","publisher":{"@id":"https:\/\/progettotouring.it\/radiotouring104\/#organization"},"potentialAction":[{"@type":"SearchAction","target":{"@type":"EntryPoint","urlTemplate":"https:\/\/progettotouring.it\/radiotouring104\/?s={search_term_string}"},"query-input":{"@type":"PropertyValueSpecification","valueRequired":true,"valueName":"search_term_string"}}],"inLanguage":"it-IT"},{"@type":"Organization","@id":"https:\/\/progettotouring.it\/radiotouring104\/#organization","name":"Radio Touring 104","url":"https:\/\/progettotouring.it\/radiotouring104\/","logo":{"@type":"ImageObject","inLanguage":"it-IT","@id":"https:\/\/progettotouring.it\/radiotouring104\/#\/schema\/logo\/image\/","url":"https:\/\/progettotouring.it\/radiotouring104\/wp-content\/uploads\/sites\/6\/2022\/02\/cropped-logo-radio-touring-104.png","contentUrl":"https:\/\/progettotouring.it\/radiotouring104\/wp-content\/uploads\/sites\/6\/2022\/02\/cropped-logo-radio-touring-104.png","width":377,"height":182,"caption":"Radio Touring 104"},"image":{"@id":"https:\/\/progettotouring.it\/radiotouring104\/#\/schema\/logo\/image\/"}},{"@type":"Person","@id":"https:\/\/progettotouring.it\/radiotouring104\/#\/schema\/person\/1b3eb3c07c47136bc44c785c543e635f","name":"redazione","image":{"@type":"ImageObject","inLanguage":"it-IT","@id":"https:\/\/secure.gravatar.com\/avatar\/0b31605b49f100769e8b624b3e05de1b73e1692e9568a352f60f53fd072e6e11?s=96&d=mm&r=g","url":"https:\/\/secure.gravatar.com\/avatar\/0b31605b49f100769e8b624b3e05de1b73e1692e9568a352f60f53fd072e6e11?s=96&d=mm&r=g","contentUrl":"https:\/\/secure.gravatar.com\/avatar\/0b31605b49f100769e8b624b3e05de1b73e1692e9568a352f60f53fd072e6e11?s=96&d=mm&r=g","caption":"redazione"},"url":"https:\/\/progettotouring.it\/radiotouring104\/author\/redazione\/"}]}},"jetpack_publicize_connections":[],"jetpack_featured_media_url":"https:\/\/progettotouring.it\/radiotouring104\/wp-content\/uploads\/sites\/6\/2025\/10\/Festival-COLORI-DELLA-PACE-CSI-REGGIO-.jpg","jetpack_sharing_enabled":true,"_links":{"self":[{"href":"https:\/\/progettotouring.it\/radiotouring104\/wp-json\/wp\/v2\/posts\/82696","targetHints":{"allow":["GET"]}}],"collection":[{"href":"https:\/\/progettotouring.it\/radiotouring104\/wp-json\/wp\/v2\/posts"}],"about":[{"href":"https:\/\/progettotouring.it\/radiotouring104\/wp-json\/wp\/v2\/types\/post"}],"author":[{"embeddable":true,"href":"https:\/\/progettotouring.it\/radiotouring104\/wp-json\/wp\/v2\/users\/5"}],"replies":[{"embeddable":true,"href":"https:\/\/progettotouring.it\/radiotouring104\/wp-json\/wp\/v2\/comments?post=82696"}],"version-history":[{"count":1,"href":"https:\/\/progettotouring.it\/radiotouring104\/wp-json\/wp\/v2\/posts\/82696\/revisions"}],"predecessor-version":[{"id":82698,"href":"https:\/\/progettotouring.it\/radiotouring104\/wp-json\/wp\/v2\/posts\/82696\/revisions\/82698"}],"wp:featuredmedia":[{"embeddable":true,"href":"https:\/\/progettotouring.it\/radiotouring104\/wp-json\/wp\/v2\/media\/82697"}],"wp:attachment":[{"href":"https:\/\/progettotouring.it\/radiotouring104\/wp-json\/wp\/v2\/media?parent=82696"}],"wp:term":[{"taxonomy":"category","embeddable":true,"href":"https:\/\/progettotouring.it\/radiotouring104\/wp-json\/wp\/v2\/categories?post=82696"},{"taxonomy":"post_tag","embeddable":true,"href":"https:\/\/progettotouring.it\/radiotouring104\/wp-json\/wp\/v2\/tags?post=82696"}],"curies":[{"name":"wp","href":"https:\/\/api.w.org\/{rel}","templated":true}]}}