{"id":82699,"date":"2025-10-03T09:37:22","date_gmt":"2025-10-03T07:37:22","guid":{"rendered":"https:\/\/progettotouring.it\/radiotouring104\/?p=82699"},"modified":"2025-10-03T12:34:19","modified_gmt":"2025-10-03T10:34:19","slug":"sanita-calabria-pazzano-la-regione-ha-bisogno-di-cura","status":"publish","type":"post","link":"https:\/\/progettotouring.it\/radiotouring104\/2025\/10\/03\/sanita-calabria-pazzano-la-regione-ha-bisogno-di-cura\/","title":{"rendered":"Sanit\u00e0 Calabria, Pazzano &#8220;La Regione ha bisogno di cura\u201d"},"content":{"rendered":"<p>Tramite un comunicato, il candidato al Consiglio Regionale nella lista \u201cTridico Presidente\u201d e leader del Movimento Politico reggino &#8220;La Strada&#8221;, Saverio Pazzano, si impegna a portare in Consiglio il grave problema della Sanit\u00e0 Pubblica<b>: <\/b><em>&#8220;In Calabria sempre pi\u00f9 persone rinunciano a curarsi. Lo fanno perch\u00e9 le liste d\u2019attesa sono troppo lunghe, perch\u00e9 i costi per accedere al privato sono insostenibili, perch\u00e9 nel loro paese o nel loro quartiere non c\u2019\u00e8 pi\u00f9 niente. La sanit\u00e0 pubblica, in questi anni, \u00e8 stata progressivamente smantellata. Le responsabilit\u00e0 politiche sono chiare: l\u2019amministrazione Occhiuto ha accelerato la desertificazione sanitaria, lasciando intere comunit\u00e0 \u2014 soprattutto nelle aree interne \u2014 senza presidi, senza continuit\u00e0 assistenziale, senza futuro.<\/em><\/p>\n<p><em>In una regione dove oltre un terzo della popolazione ha pi\u00f9 di 60 anni, dove le malattie croniche e oncologiche sono in aumento, dove i pazienti spesso ricevono diagnosi tardive e cure incomplete, \u00e8 inaccettabile che la risposta istituzionale sia stata il taglio dei servizi pubblici e il favoritismo verso il settore privato.<\/em><\/p>\n<p><em>Rigenerare la sanit\u00e0 pubblica in Calabria \u00e8 una questione di giustizia sociale, di diritti costituzionali, di dignit\u00e0. Non si tratta solo di costruire nuovi ospedali, ma di ricostruire la fiducia tra cittadini e istituzioni, a partire dal territorio.<\/em><\/p>\n<p><em>Gli strumenti per farlo esisterebbero: guardie mediche potenziate e operative, non abbandonate; case di Comunit\u00e0 che siano vere strutture di prevenzione, assistenza e accompagnamento; AFT (Aggregazioni funzionali territoriali) capaci di gestire i bisogni quotidiani di salute; ospedali di comunit\u00e0 da realizzare subito come anello tra territorio e ospedale; assistenza domiciliare e cure palliative precoci per accompagnare con dignit\u00e0 chi convive con malattie croniche o terminali<\/em><\/p>\n<p><em>Oggi in Calabria solo il 17% del fabbisogno di cure palliative \u00e8 coperto. Troppi cittadini sono lasciati soli nei momenti pi\u00f9 difficili. Troppi devono scegliere tra curarsi o pagare una bolletta. \u00c8 una condizione indegna di una regione che fa parte di uno Stato democratico.<\/em><\/p>\n<p><em>Come candidato al Consiglio Regionale nella lista \u201cTridico Presidente\u201d, mi impegno con chiarezza: a difendere e rilanciare la sanit\u00e0 pubblica; a pretendere una sanit\u00e0 di prossimit\u00e0, capillare, accessibile, integrata con il territorio; a investire nelle aree interne, nei piccoli comuni, nei luoghi dimenticati dalla politica regionale di questi anni; a garantire il diritto alla salute per tutti, non solo per chi pu\u00f2 permetterselo.<\/em><\/p>\n<p><em>La salute non \u00e8 un privilegio. \u00c8 un diritto. E la sanit\u00e0 pubblica \u00e8 l\u2019unico strumento in grado di garantirlo a tutti, ovunque.<\/em><\/p>\n<p><em>La Calabria ha bisogno di cura, di giustizia, di una nuova direzione. Io ci metto la faccia, l\u2019impegno, la lotta.&#8221;, scrive nel comunicato Saverio Pazzano.<\/em><\/p>\n","protected":false},"excerpt":{"rendered":"<p>Tramite un comunicato, il candidato al Consiglio Regionale nella lista \u201cTridico Presidente\u201d e leader del Movimento Politico reggino &#8220;La Strada&#8221;, Saverio Pazzano, si impegna a portare in Consiglio il grave&hellip;<\/p>\n","protected":false},"author":5,"featured_media":81951,"comment_status":"closed","ping_status":"open","sticky":false,"template":"","format":"standard","meta":{"_jetpack_memberships_contains_paid_content":false,"footnotes":"","jetpack_publicize_message":"","jetpack_publicize_feature_enabled":true,"jetpack_social_post_already_shared":true,"jetpack_social_options":{"image_generator_settings":{"template":"highway","default_image_id":0,"font":"","enabled":false},"version":2}},"categories":[921,196,140],"tags":[47995,26345,47994,47993,35090,1037],"class_list":["post-82699","post","type-post","status-publish","format-standard","has-post-thumbnail","hentry","category-home","category-news","category-reggio-calabria","tag-calabresi-vanno-fuori-a-curarsi","tag-elezioni-regionali","tag-la-regione-ha-bisogno-di-cura","tag-sanita-pubblica","tag-sanita-territoriale","tag-saverio-pazzano"],"yoast_head":"<!-- This site is optimized with the Yoast SEO plugin v27.2 - https:\/\/yoast.com\/product\/yoast-seo-wordpress\/ -->\n<title>Sanit\u00e0 Calabria, Pazzano &quot;La Regione ha bisogno di cura\u201d<\/title>\n<meta name=\"description\" content=\"&quot;Come candidato a Consigliere, mi impegno a pretendere una sanit\u00e0 di prossimit\u00e0, capillare, accessibile&quot;, scrive Pazzano\" \/>\n<meta name=\"robots\" content=\"index, follow, max-snippet:-1, max-image-preview:large, max-video-preview:-1\" \/>\n<link rel=\"canonical\" href=\"https:\/\/progettotouring.it\/radiotouring104\/2025\/10\/03\/sanita-calabria-pazzano-la-regione-ha-bisogno-di-cura\/\" \/>\n<meta property=\"og:locale\" content=\"it_IT\" \/>\n<meta property=\"og:type\" content=\"article\" \/>\n<meta property=\"og:title\" content=\"Sanit\u00e0 Calabria, Pazzano &quot;La Regione ha bisogno di cura\u201d\" \/>\n<meta property=\"og:description\" content=\"&quot;Come candidato a Consigliere, mi impegno a pretendere una sanit\u00e0 di prossimit\u00e0, capillare, accessibile&quot;, scrive Pazzano\" \/>\n<meta property=\"og:url\" content=\"https:\/\/progettotouring.it\/radiotouring104\/2025\/10\/03\/sanita-calabria-pazzano-la-regione-ha-bisogno-di-cura\/\" \/>\n<meta property=\"og:site_name\" content=\"Radio Touring 104\" \/>\n<meta property=\"article:published_time\" content=\"2025-10-03T07:37:22+00:00\" \/>\n<meta property=\"article:modified_time\" content=\"2025-10-03T10:34:19+00:00\" \/>\n<meta property=\"og:image\" content=\"https:\/\/progettotouring.it\/radiotouring104\/wp-content\/uploads\/sites\/6\/2025\/09\/Saverio-Pazzano-REGIONALI.jpg\" \/>\n\t<meta property=\"og:image:width\" content=\"709\" \/>\n\t<meta property=\"og:image:height\" content=\"945\" \/>\n\t<meta property=\"og:image:type\" content=\"image\/jpeg\" \/>\n<meta name=\"author\" content=\"redazione\" \/>\n<meta name=\"twitter:card\" content=\"summary_large_image\" \/>\n<meta name=\"twitter:label1\" content=\"Scritto da\" \/>\n\t<meta name=\"twitter:data1\" content=\"redazione\" \/>\n\t<meta name=\"twitter:label2\" content=\"Tempo di lettura stimato\" \/>\n\t<meta name=\"twitter:data2\" content=\"2 minuti\" \/>\n<script type=\"application\/ld+json\" class=\"yoast-schema-graph\">{\"@context\":\"https:\/\/schema.org\",\"@graph\":[{\"@type\":\"Article\",\"@id\":\"https:\/\/progettotouring.it\/radiotouring104\/2025\/10\/03\/sanita-calabria-pazzano-la-regione-ha-bisogno-di-cura\/#article\",\"isPartOf\":{\"@id\":\"https:\/\/progettotouring.it\/radiotouring104\/2025\/10\/03\/sanita-calabria-pazzano-la-regione-ha-bisogno-di-cura\/\"},\"author\":{\"name\":\"redazione\",\"@id\":\"https:\/\/progettotouring.it\/radiotouring104\/#\/schema\/person\/1b3eb3c07c47136bc44c785c543e635f\"},\"headline\":\"Sanit\u00e0 Calabria, Pazzano &#8220;La Regione ha bisogno di cura\u201d\",\"datePublished\":\"2025-10-03T07:37:22+00:00\",\"dateModified\":\"2025-10-03T10:34:19+00:00\",\"mainEntityOfPage\":{\"@id\":\"https:\/\/progettotouring.it\/radiotouring104\/2025\/10\/03\/sanita-calabria-pazzano-la-regione-ha-bisogno-di-cura\/\"},\"wordCount\":423,\"publisher\":{\"@id\":\"https:\/\/progettotouring.it\/radiotouring104\/#organization\"},\"image\":{\"@id\":\"https:\/\/progettotouring.it\/radiotouring104\/2025\/10\/03\/sanita-calabria-pazzano-la-regione-ha-bisogno-di-cura\/#primaryimage\"},\"thumbnailUrl\":\"https:\/\/progettotouring.it\/radiotouring104\/wp-content\/uploads\/sites\/6\/2025\/09\/Saverio-Pazzano-REGIONALI.jpg\",\"keywords\":[\"calabresi vanno fuori a curarsi\",\"Elezioni Regionali\",\"La Regione ha bisogno di cura\",\"Sanit\u00e0 Pubblica\",\"Sanit\u00e0 territoriale\",\"saverio pazzano\"],\"articleSection\":[\"Home\",\"News\",\"Reggio Calabria\"],\"inLanguage\":\"it-IT\"},{\"@type\":\"WebPage\",\"@id\":\"https:\/\/progettotouring.it\/radiotouring104\/2025\/10\/03\/sanita-calabria-pazzano-la-regione-ha-bisogno-di-cura\/\",\"url\":\"https:\/\/progettotouring.it\/radiotouring104\/2025\/10\/03\/sanita-calabria-pazzano-la-regione-ha-bisogno-di-cura\/\",\"name\":\"Sanit\u00e0 Calabria, Pazzano \\\"La Regione ha bisogno di cura\u201d\",\"isPartOf\":{\"@id\":\"https:\/\/progettotouring.it\/radiotouring104\/#website\"},\"primaryImageOfPage\":{\"@id\":\"https:\/\/progettotouring.it\/radiotouring104\/2025\/10\/03\/sanita-calabria-pazzano-la-regione-ha-bisogno-di-cura\/#primaryimage\"},\"image\":{\"@id\":\"https:\/\/progettotouring.it\/radiotouring104\/2025\/10\/03\/sanita-calabria-pazzano-la-regione-ha-bisogno-di-cura\/#primaryimage\"},\"thumbnailUrl\":\"https:\/\/progettotouring.it\/radiotouring104\/wp-content\/uploads\/sites\/6\/2025\/09\/Saverio-Pazzano-REGIONALI.jpg\",\"datePublished\":\"2025-10-03T07:37:22+00:00\",\"dateModified\":\"2025-10-03T10:34:19+00:00\",\"description\":\"\\\"Come candidato a Consigliere, mi impegno a pretendere una sanit\u00e0 di prossimit\u00e0, capillare, accessibile\\\", scrive Pazzano\",\"breadcrumb\":{\"@id\":\"https:\/\/progettotouring.it\/radiotouring104\/2025\/10\/03\/sanita-calabria-pazzano-la-regione-ha-bisogno-di-cura\/#breadcrumb\"},\"inLanguage\":\"it-IT\",\"potentialAction\":[{\"@type\":\"ReadAction\",\"target\":[\"https:\/\/progettotouring.it\/radiotouring104\/2025\/10\/03\/sanita-calabria-pazzano-la-regione-ha-bisogno-di-cura\/\"]}]},{\"@type\":\"ImageObject\",\"inLanguage\":\"it-IT\",\"@id\":\"https:\/\/progettotouring.it\/radiotouring104\/2025\/10\/03\/sanita-calabria-pazzano-la-regione-ha-bisogno-di-cura\/#primaryimage\",\"url\":\"https:\/\/progettotouring.it\/radiotouring104\/wp-content\/uploads\/sites\/6\/2025\/09\/Saverio-Pazzano-REGIONALI.jpg\",\"contentUrl\":\"https:\/\/progettotouring.it\/radiotouring104\/wp-content\/uploads\/sites\/6\/2025\/09\/Saverio-Pazzano-REGIONALI.jpg\",\"width\":709,\"height\":945},{\"@type\":\"BreadcrumbList\",\"@id\":\"https:\/\/progettotouring.it\/radiotouring104\/2025\/10\/03\/sanita-calabria-pazzano-la-regione-ha-bisogno-di-cura\/#breadcrumb\",\"itemListElement\":[{\"@type\":\"ListItem\",\"position\":1,\"name\":\"Home\",\"item\":\"https:\/\/progettotouring.it\/radiotouring104\/\"},{\"@type\":\"ListItem\",\"position\":2,\"name\":\"Sanit\u00e0 Calabria, Pazzano &#8220;La Regione ha bisogno di cura\u201d\"}]},{\"@type\":\"WebSite\",\"@id\":\"https:\/\/progettotouring.it\/radiotouring104\/#website\",\"url\":\"https:\/\/progettotouring.it\/radiotouring104\/\",\"name\":\"Radio Touring 104\",\"description\":\"La prima radio Reggina\",\"publisher\":{\"@id\":\"https:\/\/progettotouring.it\/radiotouring104\/#organization\"},\"potentialAction\":[{\"@type\":\"SearchAction\",\"target\":{\"@type\":\"EntryPoint\",\"urlTemplate\":\"https:\/\/progettotouring.it\/radiotouring104\/?s={search_term_string}\"},\"query-input\":{\"@type\":\"PropertyValueSpecification\",\"valueRequired\":true,\"valueName\":\"search_term_string\"}}],\"inLanguage\":\"it-IT\"},{\"@type\":\"Organization\",\"@id\":\"https:\/\/progettotouring.it\/radiotouring104\/#organization\",\"name\":\"Radio Touring 104\",\"url\":\"https:\/\/progettotouring.it\/radiotouring104\/\",\"logo\":{\"@type\":\"ImageObject\",\"inLanguage\":\"it-IT\",\"@id\":\"https:\/\/progettotouring.it\/radiotouring104\/#\/schema\/logo\/image\/\",\"url\":\"https:\/\/progettotouring.it\/radiotouring104\/wp-content\/uploads\/sites\/6\/2022\/02\/cropped-logo-radio-touring-104.png\",\"contentUrl\":\"https:\/\/progettotouring.it\/radiotouring104\/wp-content\/uploads\/sites\/6\/2022\/02\/cropped-logo-radio-touring-104.png\",\"width\":377,\"height\":182,\"caption\":\"Radio Touring 104\"},\"image\":{\"@id\":\"https:\/\/progettotouring.it\/radiotouring104\/#\/schema\/logo\/image\/\"}},{\"@type\":\"Person\",\"@id\":\"https:\/\/progettotouring.it\/radiotouring104\/#\/schema\/person\/1b3eb3c07c47136bc44c785c543e635f\",\"name\":\"redazione\",\"image\":{\"@type\":\"ImageObject\",\"inLanguage\":\"it-IT\",\"@id\":\"https:\/\/secure.gravatar.com\/avatar\/0b31605b49f100769e8b624b3e05de1b73e1692e9568a352f60f53fd072e6e11?s=96&d=mm&r=g\",\"url\":\"https:\/\/secure.gravatar.com\/avatar\/0b31605b49f100769e8b624b3e05de1b73e1692e9568a352f60f53fd072e6e11?s=96&d=mm&r=g\",\"contentUrl\":\"https:\/\/secure.gravatar.com\/avatar\/0b31605b49f100769e8b624b3e05de1b73e1692e9568a352f60f53fd072e6e11?s=96&d=mm&r=g\",\"caption\":\"redazione\"},\"url\":\"https:\/\/progettotouring.it\/radiotouring104\/author\/redazione\/\"}]}<\/script>\n<!-- \/ Yoast SEO plugin. -->","yoast_head_json":{"title":"Sanit\u00e0 Calabria, Pazzano \"La Regione ha bisogno di cura\u201d","description":"\"Come candidato a Consigliere, mi impegno a pretendere una sanit\u00e0 di prossimit\u00e0, capillare, accessibile\", scrive Pazzano","robots":{"index":"index","follow":"follow","max-snippet":"max-snippet:-1","max-image-preview":"max-image-preview:large","max-video-preview":"max-video-preview:-1"},"canonical":"https:\/\/progettotouring.it\/radiotouring104\/2025\/10\/03\/sanita-calabria-pazzano-la-regione-ha-bisogno-di-cura\/","og_locale":"it_IT","og_type":"article","og_title":"Sanit\u00e0 Calabria, Pazzano \"La Regione ha bisogno di cura\u201d","og_description":"\"Come candidato a Consigliere, mi impegno a pretendere una sanit\u00e0 di prossimit\u00e0, capillare, accessibile\", scrive Pazzano","og_url":"https:\/\/progettotouring.it\/radiotouring104\/2025\/10\/03\/sanita-calabria-pazzano-la-regione-ha-bisogno-di-cura\/","og_site_name":"Radio Touring 104","article_published_time":"2025-10-03T07:37:22+00:00","article_modified_time":"2025-10-03T10:34:19+00:00","og_image":[{"width":709,"height":945,"url":"https:\/\/progettotouring.it\/radiotouring104\/wp-content\/uploads\/sites\/6\/2025\/09\/Saverio-Pazzano-REGIONALI.jpg","type":"image\/jpeg"}],"author":"redazione","twitter_card":"summary_large_image","twitter_misc":{"Scritto da":"redazione","Tempo di lettura stimato":"2 minuti"},"schema":{"@context":"https:\/\/schema.org","@graph":[{"@type":"Article","@id":"https:\/\/progettotouring.it\/radiotouring104\/2025\/10\/03\/sanita-calabria-pazzano-la-regione-ha-bisogno-di-cura\/#article","isPartOf":{"@id":"https:\/\/progettotouring.it\/radiotouring104\/2025\/10\/03\/sanita-calabria-pazzano-la-regione-ha-bisogno-di-cura\/"},"author":{"name":"redazione","@id":"https:\/\/progettotouring.it\/radiotouring104\/#\/schema\/person\/1b3eb3c07c47136bc44c785c543e635f"},"headline":"Sanit\u00e0 Calabria, Pazzano &#8220;La Regione ha bisogno di cura\u201d","datePublished":"2025-10-03T07:37:22+00:00","dateModified":"2025-10-03T10:34:19+00:00","mainEntityOfPage":{"@id":"https:\/\/progettotouring.it\/radiotouring104\/2025\/10\/03\/sanita-calabria-pazzano-la-regione-ha-bisogno-di-cura\/"},"wordCount":423,"publisher":{"@id":"https:\/\/progettotouring.it\/radiotouring104\/#organization"},"image":{"@id":"https:\/\/progettotouring.it\/radiotouring104\/2025\/10\/03\/sanita-calabria-pazzano-la-regione-ha-bisogno-di-cura\/#primaryimage"},"thumbnailUrl":"https:\/\/progettotouring.it\/radiotouring104\/wp-content\/uploads\/sites\/6\/2025\/09\/Saverio-Pazzano-REGIONALI.jpg","keywords":["calabresi vanno fuori a curarsi","Elezioni Regionali","La Regione ha bisogno di cura","Sanit\u00e0 Pubblica","Sanit\u00e0 territoriale","saverio pazzano"],"articleSection":["Home","News","Reggio Calabria"],"inLanguage":"it-IT"},{"@type":"WebPage","@id":"https:\/\/progettotouring.it\/radiotouring104\/2025\/10\/03\/sanita-calabria-pazzano-la-regione-ha-bisogno-di-cura\/","url":"https:\/\/progettotouring.it\/radiotouring104\/2025\/10\/03\/sanita-calabria-pazzano-la-regione-ha-bisogno-di-cura\/","name":"Sanit\u00e0 Calabria, Pazzano \"La Regione ha bisogno di cura\u201d","isPartOf":{"@id":"https:\/\/progettotouring.it\/radiotouring104\/#website"},"primaryImageOfPage":{"@id":"https:\/\/progettotouring.it\/radiotouring104\/2025\/10\/03\/sanita-calabria-pazzano-la-regione-ha-bisogno-di-cura\/#primaryimage"},"image":{"@id":"https:\/\/progettotouring.it\/radiotouring104\/2025\/10\/03\/sanita-calabria-pazzano-la-regione-ha-bisogno-di-cura\/#primaryimage"},"thumbnailUrl":"https:\/\/progettotouring.it\/radiotouring104\/wp-content\/uploads\/sites\/6\/2025\/09\/Saverio-Pazzano-REGIONALI.jpg","datePublished":"2025-10-03T07:37:22+00:00","dateModified":"2025-10-03T10:34:19+00:00","description":"\"Come candidato a Consigliere, mi impegno a pretendere una sanit\u00e0 di prossimit\u00e0, capillare, accessibile\", scrive Pazzano","breadcrumb":{"@id":"https:\/\/progettotouring.it\/radiotouring104\/2025\/10\/03\/sanita-calabria-pazzano-la-regione-ha-bisogno-di-cura\/#breadcrumb"},"inLanguage":"it-IT","potentialAction":[{"@type":"ReadAction","target":["https:\/\/progettotouring.it\/radiotouring104\/2025\/10\/03\/sanita-calabria-pazzano-la-regione-ha-bisogno-di-cura\/"]}]},{"@type":"ImageObject","inLanguage":"it-IT","@id":"https:\/\/progettotouring.it\/radiotouring104\/2025\/10\/03\/sanita-calabria-pazzano-la-regione-ha-bisogno-di-cura\/#primaryimage","url":"https:\/\/progettotouring.it\/radiotouring104\/wp-content\/uploads\/sites\/6\/2025\/09\/Saverio-Pazzano-REGIONALI.jpg","contentUrl":"https:\/\/progettotouring.it\/radiotouring104\/wp-content\/uploads\/sites\/6\/2025\/09\/Saverio-Pazzano-REGIONALI.jpg","width":709,"height":945},{"@type":"BreadcrumbList","@id":"https:\/\/progettotouring.it\/radiotouring104\/2025\/10\/03\/sanita-calabria-pazzano-la-regione-ha-bisogno-di-cura\/#breadcrumb","itemListElement":[{"@type":"ListItem","position":1,"name":"Home","item":"https:\/\/progettotouring.it\/radiotouring104\/"},{"@type":"ListItem","position":2,"name":"Sanit\u00e0 Calabria, Pazzano &#8220;La Regione ha bisogno di cura\u201d"}]},{"@type":"WebSite","@id":"https:\/\/progettotouring.it\/radiotouring104\/#website","url":"https:\/\/progettotouring.it\/radiotouring104\/","name":"Radio Touring 104","description":"La prima radio Reggina","publisher":{"@id":"https:\/\/progettotouring.it\/radiotouring104\/#organization"},"potentialAction":[{"@type":"SearchAction","target":{"@type":"EntryPoint","urlTemplate":"https:\/\/progettotouring.it\/radiotouring104\/?s={search_term_string}"},"query-input":{"@type":"PropertyValueSpecification","valueRequired":true,"valueName":"search_term_string"}}],"inLanguage":"it-IT"},{"@type":"Organization","@id":"https:\/\/progettotouring.it\/radiotouring104\/#organization","name":"Radio Touring 104","url":"https:\/\/progettotouring.it\/radiotouring104\/","logo":{"@type":"ImageObject","inLanguage":"it-IT","@id":"https:\/\/progettotouring.it\/radiotouring104\/#\/schema\/logo\/image\/","url":"https:\/\/progettotouring.it\/radiotouring104\/wp-content\/uploads\/sites\/6\/2022\/02\/cropped-logo-radio-touring-104.png","contentUrl":"https:\/\/progettotouring.it\/radiotouring104\/wp-content\/uploads\/sites\/6\/2022\/02\/cropped-logo-radio-touring-104.png","width":377,"height":182,"caption":"Radio Touring 104"},"image":{"@id":"https:\/\/progettotouring.it\/radiotouring104\/#\/schema\/logo\/image\/"}},{"@type":"Person","@id":"https:\/\/progettotouring.it\/radiotouring104\/#\/schema\/person\/1b3eb3c07c47136bc44c785c543e635f","name":"redazione","image":{"@type":"ImageObject","inLanguage":"it-IT","@id":"https:\/\/secure.gravatar.com\/avatar\/0b31605b49f100769e8b624b3e05de1b73e1692e9568a352f60f53fd072e6e11?s=96&d=mm&r=g","url":"https:\/\/secure.gravatar.com\/avatar\/0b31605b49f100769e8b624b3e05de1b73e1692e9568a352f60f53fd072e6e11?s=96&d=mm&r=g","contentUrl":"https:\/\/secure.gravatar.com\/avatar\/0b31605b49f100769e8b624b3e05de1b73e1692e9568a352f60f53fd072e6e11?s=96&d=mm&r=g","caption":"redazione"},"url":"https:\/\/progettotouring.it\/radiotouring104\/author\/redazione\/"}]}},"jetpack_publicize_connections":[],"jetpack_featured_media_url":"https:\/\/progettotouring.it\/radiotouring104\/wp-content\/uploads\/sites\/6\/2025\/09\/Saverio-Pazzano-REGIONALI.jpg","jetpack_sharing_enabled":true,"_links":{"self":[{"href":"https:\/\/progettotouring.it\/radiotouring104\/wp-json\/wp\/v2\/posts\/82699","targetHints":{"allow":["GET"]}}],"collection":[{"href":"https:\/\/progettotouring.it\/radiotouring104\/wp-json\/wp\/v2\/posts"}],"about":[{"href":"https:\/\/progettotouring.it\/radiotouring104\/wp-json\/wp\/v2\/types\/post"}],"author":[{"embeddable":true,"href":"https:\/\/progettotouring.it\/radiotouring104\/wp-json\/wp\/v2\/users\/5"}],"replies":[{"embeddable":true,"href":"https:\/\/progettotouring.it\/radiotouring104\/wp-json\/wp\/v2\/comments?post=82699"}],"version-history":[{"count":1,"href":"https:\/\/progettotouring.it\/radiotouring104\/wp-json\/wp\/v2\/posts\/82699\/revisions"}],"predecessor-version":[{"id":82700,"href":"https:\/\/progettotouring.it\/radiotouring104\/wp-json\/wp\/v2\/posts\/82699\/revisions\/82700"}],"wp:featuredmedia":[{"embeddable":true,"href":"https:\/\/progettotouring.it\/radiotouring104\/wp-json\/wp\/v2\/media\/81951"}],"wp:attachment":[{"href":"https:\/\/progettotouring.it\/radiotouring104\/wp-json\/wp\/v2\/media?parent=82699"}],"wp:term":[{"taxonomy":"category","embeddable":true,"href":"https:\/\/progettotouring.it\/radiotouring104\/wp-json\/wp\/v2\/categories?post=82699"},{"taxonomy":"post_tag","embeddable":true,"href":"https:\/\/progettotouring.it\/radiotouring104\/wp-json\/wp\/v2\/tags?post=82699"}],"curies":[{"name":"wp","href":"https:\/\/api.w.org\/{rel}","templated":true}]}}