{"id":82701,"date":"2025-10-03T09:53:51","date_gmt":"2025-10-03T07:53:51","guid":{"rendered":"https:\/\/progettotouring.it\/radiotouring104\/?p=82701"},"modified":"2025-10-03T12:34:14","modified_gmt":"2025-10-03T10:34:14","slug":"reggio-conte-chiude-a-piazza-duomo-la-campagna-elettorale-di-tridico","status":"publish","type":"post","link":"https:\/\/progettotouring.it\/radiotouring104\/2025\/10\/03\/reggio-conte-chiude-a-piazza-duomo-la-campagna-elettorale-di-tridico\/","title":{"rendered":"Reggio: Conte chiude a Piazza Duomo la campagna elettorale di Tridico"},"content":{"rendered":"<p>Il leader del Movimento 5 Stelle, Giuseppe Conte, ha chiuso la campagna elettorale in supporto al candidato a Presidente della Regione Calabria per il Campo Largo, Pasquale Tridico, presenziando al comizio finale, tenutosi a Piazza Duomo.<\/p>\n<p>&#8220;Parlo molto francamente. Occhiuto, con una furbata contro la democrazia, sta chiedendo un plebiscito perch\u00e9 \u00e8 andato in difficolt\u00e0 rispetto alle inchieste in corso. Ha capito che la cosa si \u00e8 messa molto male e ha giocato d&#8217;anticipo, quindi con un vantaggio competitivo. Noi stiamo facendo una rincorsa, \u00e8 inutile girarci intorno, ma una rincorsa sull&#8217;onda di un moto popolare. Confidiamo, ovviamente, sino all&#8217;ultimo di poterla spuntare. Ma \u00e8 chiaro che lui pensa di essere partito in vantaggio perch\u00e9 senn\u00f2 non chiedeva il voto dei cittadini in modo cos\u00ec anticipato&#8221;. Lo ha detto il leader dei 5 Stelle Giuseppe Conte stasera a Reggio Calabria ad una iniziativa a sostegno del candidato progressista alla presidenza della Regione Calabria Pasquale Tridico.<\/p>\n<p>&#8220;L&#8217;inchiesta che lo riguardaterminer\u00e0 a dicembre quindi sapremo se ci sar\u00e0 un rinvio a giudizio e conosceremo, cosa che lui non ci ha voluto dire ancora, quali sono gli elementi concreti che gli sono stati contestati. Tra l&#8217;altro non \u00e8 molto corretto per un amministratore pubblico non dichiarare in modo trasparente le contestazioni che gli sono state fatte durante l&#8217;interrogatorio, per chiarire di fronte ai cittadini. C&#8217;\u00e8 un principio di responsabilit\u00e0, di etica pubblica che lui non ha rispettato con questa grande furbizia. Adesso chiede un plebiscito al buio ai cittadini da una posizione di vantaggio, \u00e8 il presidente uscente e pensava trovarci impreparati ma non lo siamo stati affatto perch\u00e9 qui non c&#8217;\u00e8 solo un candidato. Pasquale Tridico \u00e8 una persona competente, seria. In poco tempo \u00e8 stata messa su una coalizione vastissima come mai nel recente passato, con misure concrete, precise, a tutela della comunit\u00e0 calabrese, dei giovani che fissano fuori la loro residenza, infrastrutture. Tante misure, e penso anche ai quattro poli tecnologici per cercare di creare un tessuto, una spirale virtuosa tra universit\u00e0, centri di ricerca, tutela delle imprese e crescita del sistema produttivo. Di questo ha bisogno la Calabria, non di assistenzialismo e non di clientelismo&#8221;, ha concluso il leader del Movimento 5 Stelle, Giuseppe Conte.<\/p>\n","protected":false},"excerpt":{"rendered":"<p>Il leader del Movimento 5 Stelle, Giuseppe Conte, ha chiuso la campagna elettorale in supporto al candidato a Presidente della Regione Calabria per il Campo Largo, Pasquale Tridico, presenziando al&hellip;<\/p>\n","protected":false},"author":5,"featured_media":82702,"comment_status":"closed","ping_status":"open","sticky":false,"template":"","format":"standard","meta":{"_jetpack_memberships_contains_paid_content":false,"footnotes":"","jetpack_publicize_message":"","jetpack_publicize_feature_enabled":true,"jetpack_social_post_already_shared":true,"jetpack_social_options":{"image_generator_settings":{"template":"highway","default_image_id":0,"font":"","enabled":false},"version":2}},"categories":[921,150,196,140],"tags":[47996,47533,46972,32559,498],"class_list":["post-82701","post","type-post","status-publish","format-standard","has-post-thumbnail","hentry","category-home","category-in-primo-piano","category-news","category-reggio-calabria","tag-comizio-conclusivo","tag-conte-giuseppe","tag-elezioni-regionali-calabria","tag-pasquale-tridico","tag-piazza-duomo"],"yoast_head":"<!-- This site is optimized with the Yoast SEO plugin v27.2 - https:\/\/yoast.com\/product\/yoast-seo-wordpress\/ -->\n<title>Reggio: Conte chiude la campagna elettorale di Tridico<\/title>\n<meta name=\"description\" content=\"&quot;E&#039; partito in vantaggio, ma nostre proposte serie e concrete&quot;, dichiara nel comizio conclusivo a supporto di Tridico, il leader dei 5S\" \/>\n<meta name=\"robots\" content=\"index, follow, max-snippet:-1, max-image-preview:large, max-video-preview:-1\" \/>\n<link rel=\"canonical\" href=\"https:\/\/progettotouring.it\/radiotouring104\/2025\/10\/03\/reggio-conte-chiude-a-piazza-duomo-la-campagna-elettorale-di-tridico\/\" \/>\n<meta property=\"og:locale\" content=\"it_IT\" \/>\n<meta property=\"og:type\" content=\"article\" \/>\n<meta property=\"og:title\" content=\"Reggio: Conte chiude la campagna elettorale di Tridico\" \/>\n<meta property=\"og:description\" content=\"&quot;E&#039; partito in vantaggio, ma nostre proposte serie e concrete&quot;, dichiara nel comizio conclusivo a supporto di Tridico, il leader dei 5S\" \/>\n<meta property=\"og:url\" content=\"https:\/\/progettotouring.it\/radiotouring104\/2025\/10\/03\/reggio-conte-chiude-a-piazza-duomo-la-campagna-elettorale-di-tridico\/\" \/>\n<meta property=\"og:site_name\" content=\"Radio Touring 104\" \/>\n<meta property=\"article:published_time\" content=\"2025-10-03T07:53:51+00:00\" \/>\n<meta property=\"article:modified_time\" content=\"2025-10-03T10:34:14+00:00\" \/>\n<meta property=\"og:image\" content=\"https:\/\/progettotouring.it\/radiotouring104\/wp-content\/uploads\/sites\/6\/2025\/10\/WhatsApp-Image-2025-10-03-at-09.43.25.jpeg\" \/>\n\t<meta property=\"og:image:width\" content=\"1600\" \/>\n\t<meta property=\"og:image:height\" content=\"900\" \/>\n\t<meta property=\"og:image:type\" content=\"image\/jpeg\" \/>\n<meta name=\"author\" content=\"redazione\" \/>\n<meta name=\"twitter:card\" content=\"summary_large_image\" \/>\n<meta name=\"twitter:label1\" content=\"Scritto da\" \/>\n\t<meta name=\"twitter:data1\" content=\"redazione\" \/>\n\t<meta name=\"twitter:label2\" content=\"Tempo di lettura stimato\" \/>\n\t<meta name=\"twitter:data2\" content=\"2 minuti\" \/>\n<script type=\"application\/ld+json\" class=\"yoast-schema-graph\">{\"@context\":\"https:\/\/schema.org\",\"@graph\":[{\"@type\":\"Article\",\"@id\":\"https:\/\/progettotouring.it\/radiotouring104\/2025\/10\/03\/reggio-conte-chiude-a-piazza-duomo-la-campagna-elettorale-di-tridico\/#article\",\"isPartOf\":{\"@id\":\"https:\/\/progettotouring.it\/radiotouring104\/2025\/10\/03\/reggio-conte-chiude-a-piazza-duomo-la-campagna-elettorale-di-tridico\/\"},\"author\":{\"name\":\"redazione\",\"@id\":\"https:\/\/progettotouring.it\/radiotouring104\/#\/schema\/person\/1b3eb3c07c47136bc44c785c543e635f\"},\"headline\":\"Reggio: Conte chiude a Piazza Duomo la campagna elettorale di Tridico\",\"datePublished\":\"2025-10-03T07:53:51+00:00\",\"dateModified\":\"2025-10-03T10:34:14+00:00\",\"mainEntityOfPage\":{\"@id\":\"https:\/\/progettotouring.it\/radiotouring104\/2025\/10\/03\/reggio-conte-chiude-a-piazza-duomo-la-campagna-elettorale-di-tridico\/\"},\"wordCount\":366,\"publisher\":{\"@id\":\"https:\/\/progettotouring.it\/radiotouring104\/#organization\"},\"image\":{\"@id\":\"https:\/\/progettotouring.it\/radiotouring104\/2025\/10\/03\/reggio-conte-chiude-a-piazza-duomo-la-campagna-elettorale-di-tridico\/#primaryimage\"},\"thumbnailUrl\":\"https:\/\/progettotouring.it\/radiotouring104\/wp-content\/uploads\/sites\/6\/2025\/10\/WhatsApp-Image-2025-10-03-at-09.43.25.jpeg\",\"keywords\":[\"comizio conclusivo\",\"Conte Giuseppe\",\"elezioni regionali calabria\",\"Pasquale Tridico\",\"Piazza Duomo\"],\"articleSection\":[\"Home\",\"In primo piano\",\"News\",\"Reggio Calabria\"],\"inLanguage\":\"it-IT\"},{\"@type\":\"WebPage\",\"@id\":\"https:\/\/progettotouring.it\/radiotouring104\/2025\/10\/03\/reggio-conte-chiude-a-piazza-duomo-la-campagna-elettorale-di-tridico\/\",\"url\":\"https:\/\/progettotouring.it\/radiotouring104\/2025\/10\/03\/reggio-conte-chiude-a-piazza-duomo-la-campagna-elettorale-di-tridico\/\",\"name\":\"Reggio: Conte chiude la campagna elettorale di Tridico\",\"isPartOf\":{\"@id\":\"https:\/\/progettotouring.it\/radiotouring104\/#website\"},\"primaryImageOfPage\":{\"@id\":\"https:\/\/progettotouring.it\/radiotouring104\/2025\/10\/03\/reggio-conte-chiude-a-piazza-duomo-la-campagna-elettorale-di-tridico\/#primaryimage\"},\"image\":{\"@id\":\"https:\/\/progettotouring.it\/radiotouring104\/2025\/10\/03\/reggio-conte-chiude-a-piazza-duomo-la-campagna-elettorale-di-tridico\/#primaryimage\"},\"thumbnailUrl\":\"https:\/\/progettotouring.it\/radiotouring104\/wp-content\/uploads\/sites\/6\/2025\/10\/WhatsApp-Image-2025-10-03-at-09.43.25.jpeg\",\"datePublished\":\"2025-10-03T07:53:51+00:00\",\"dateModified\":\"2025-10-03T10:34:14+00:00\",\"description\":\"\\\"E' partito in vantaggio, ma nostre proposte serie e concrete\\\", dichiara nel comizio conclusivo a supporto di Tridico, il leader dei 5S\",\"breadcrumb\":{\"@id\":\"https:\/\/progettotouring.it\/radiotouring104\/2025\/10\/03\/reggio-conte-chiude-a-piazza-duomo-la-campagna-elettorale-di-tridico\/#breadcrumb\"},\"inLanguage\":\"it-IT\",\"potentialAction\":[{\"@type\":\"ReadAction\",\"target\":[\"https:\/\/progettotouring.it\/radiotouring104\/2025\/10\/03\/reggio-conte-chiude-a-piazza-duomo-la-campagna-elettorale-di-tridico\/\"]}]},{\"@type\":\"ImageObject\",\"inLanguage\":\"it-IT\",\"@id\":\"https:\/\/progettotouring.it\/radiotouring104\/2025\/10\/03\/reggio-conte-chiude-a-piazza-duomo-la-campagna-elettorale-di-tridico\/#primaryimage\",\"url\":\"https:\/\/progettotouring.it\/radiotouring104\/wp-content\/uploads\/sites\/6\/2025\/10\/WhatsApp-Image-2025-10-03-at-09.43.25.jpeg\",\"contentUrl\":\"https:\/\/progettotouring.it\/radiotouring104\/wp-content\/uploads\/sites\/6\/2025\/10\/WhatsApp-Image-2025-10-03-at-09.43.25.jpeg\",\"width\":1600,\"height\":900},{\"@type\":\"BreadcrumbList\",\"@id\":\"https:\/\/progettotouring.it\/radiotouring104\/2025\/10\/03\/reggio-conte-chiude-a-piazza-duomo-la-campagna-elettorale-di-tridico\/#breadcrumb\",\"itemListElement\":[{\"@type\":\"ListItem\",\"position\":1,\"name\":\"Home\",\"item\":\"https:\/\/progettotouring.it\/radiotouring104\/\"},{\"@type\":\"ListItem\",\"position\":2,\"name\":\"Reggio: Conte chiude a Piazza Duomo la campagna elettorale di Tridico\"}]},{\"@type\":\"WebSite\",\"@id\":\"https:\/\/progettotouring.it\/radiotouring104\/#website\",\"url\":\"https:\/\/progettotouring.it\/radiotouring104\/\",\"name\":\"Radio Touring 104\",\"description\":\"La prima radio Reggina\",\"publisher\":{\"@id\":\"https:\/\/progettotouring.it\/radiotouring104\/#organization\"},\"potentialAction\":[{\"@type\":\"SearchAction\",\"target\":{\"@type\":\"EntryPoint\",\"urlTemplate\":\"https:\/\/progettotouring.it\/radiotouring104\/?s={search_term_string}\"},\"query-input\":{\"@type\":\"PropertyValueSpecification\",\"valueRequired\":true,\"valueName\":\"search_term_string\"}}],\"inLanguage\":\"it-IT\"},{\"@type\":\"Organization\",\"@id\":\"https:\/\/progettotouring.it\/radiotouring104\/#organization\",\"name\":\"Radio Touring 104\",\"url\":\"https:\/\/progettotouring.it\/radiotouring104\/\",\"logo\":{\"@type\":\"ImageObject\",\"inLanguage\":\"it-IT\",\"@id\":\"https:\/\/progettotouring.it\/radiotouring104\/#\/schema\/logo\/image\/\",\"url\":\"https:\/\/progettotouring.it\/radiotouring104\/wp-content\/uploads\/sites\/6\/2022\/02\/cropped-logo-radio-touring-104.png\",\"contentUrl\":\"https:\/\/progettotouring.it\/radiotouring104\/wp-content\/uploads\/sites\/6\/2022\/02\/cropped-logo-radio-touring-104.png\",\"width\":377,\"height\":182,\"caption\":\"Radio Touring 104\"},\"image\":{\"@id\":\"https:\/\/progettotouring.it\/radiotouring104\/#\/schema\/logo\/image\/\"}},{\"@type\":\"Person\",\"@id\":\"https:\/\/progettotouring.it\/radiotouring104\/#\/schema\/person\/1b3eb3c07c47136bc44c785c543e635f\",\"name\":\"redazione\",\"image\":{\"@type\":\"ImageObject\",\"inLanguage\":\"it-IT\",\"@id\":\"https:\/\/secure.gravatar.com\/avatar\/0b31605b49f100769e8b624b3e05de1b73e1692e9568a352f60f53fd072e6e11?s=96&d=mm&r=g\",\"url\":\"https:\/\/secure.gravatar.com\/avatar\/0b31605b49f100769e8b624b3e05de1b73e1692e9568a352f60f53fd072e6e11?s=96&d=mm&r=g\",\"contentUrl\":\"https:\/\/secure.gravatar.com\/avatar\/0b31605b49f100769e8b624b3e05de1b73e1692e9568a352f60f53fd072e6e11?s=96&d=mm&r=g\",\"caption\":\"redazione\"},\"url\":\"https:\/\/progettotouring.it\/radiotouring104\/author\/redazione\/\"}]}<\/script>\n<!-- \/ Yoast SEO plugin. -->","yoast_head_json":{"title":"Reggio: Conte chiude la campagna elettorale di Tridico","description":"\"E' partito in vantaggio, ma nostre proposte serie e concrete\", dichiara nel comizio conclusivo a supporto di Tridico, il leader dei 5S","robots":{"index":"index","follow":"follow","max-snippet":"max-snippet:-1","max-image-preview":"max-image-preview:large","max-video-preview":"max-video-preview:-1"},"canonical":"https:\/\/progettotouring.it\/radiotouring104\/2025\/10\/03\/reggio-conte-chiude-a-piazza-duomo-la-campagna-elettorale-di-tridico\/","og_locale":"it_IT","og_type":"article","og_title":"Reggio: Conte chiude la campagna elettorale di Tridico","og_description":"\"E' partito in vantaggio, ma nostre proposte serie e concrete\", dichiara nel comizio conclusivo a supporto di Tridico, il leader dei 5S","og_url":"https:\/\/progettotouring.it\/radiotouring104\/2025\/10\/03\/reggio-conte-chiude-a-piazza-duomo-la-campagna-elettorale-di-tridico\/","og_site_name":"Radio Touring 104","article_published_time":"2025-10-03T07:53:51+00:00","article_modified_time":"2025-10-03T10:34:14+00:00","og_image":[{"width":1600,"height":900,"url":"https:\/\/progettotouring.it\/radiotouring104\/wp-content\/uploads\/sites\/6\/2025\/10\/WhatsApp-Image-2025-10-03-at-09.43.25.jpeg","type":"image\/jpeg"}],"author":"redazione","twitter_card":"summary_large_image","twitter_misc":{"Scritto da":"redazione","Tempo di lettura stimato":"2 minuti"},"schema":{"@context":"https:\/\/schema.org","@graph":[{"@type":"Article","@id":"https:\/\/progettotouring.it\/radiotouring104\/2025\/10\/03\/reggio-conte-chiude-a-piazza-duomo-la-campagna-elettorale-di-tridico\/#article","isPartOf":{"@id":"https:\/\/progettotouring.it\/radiotouring104\/2025\/10\/03\/reggio-conte-chiude-a-piazza-duomo-la-campagna-elettorale-di-tridico\/"},"author":{"name":"redazione","@id":"https:\/\/progettotouring.it\/radiotouring104\/#\/schema\/person\/1b3eb3c07c47136bc44c785c543e635f"},"headline":"Reggio: Conte chiude a Piazza Duomo la campagna elettorale di Tridico","datePublished":"2025-10-03T07:53:51+00:00","dateModified":"2025-10-03T10:34:14+00:00","mainEntityOfPage":{"@id":"https:\/\/progettotouring.it\/radiotouring104\/2025\/10\/03\/reggio-conte-chiude-a-piazza-duomo-la-campagna-elettorale-di-tridico\/"},"wordCount":366,"publisher":{"@id":"https:\/\/progettotouring.it\/radiotouring104\/#organization"},"image":{"@id":"https:\/\/progettotouring.it\/radiotouring104\/2025\/10\/03\/reggio-conte-chiude-a-piazza-duomo-la-campagna-elettorale-di-tridico\/#primaryimage"},"thumbnailUrl":"https:\/\/progettotouring.it\/radiotouring104\/wp-content\/uploads\/sites\/6\/2025\/10\/WhatsApp-Image-2025-10-03-at-09.43.25.jpeg","keywords":["comizio conclusivo","Conte Giuseppe","elezioni regionali calabria","Pasquale Tridico","Piazza Duomo"],"articleSection":["Home","In primo piano","News","Reggio Calabria"],"inLanguage":"it-IT"},{"@type":"WebPage","@id":"https:\/\/progettotouring.it\/radiotouring104\/2025\/10\/03\/reggio-conte-chiude-a-piazza-duomo-la-campagna-elettorale-di-tridico\/","url":"https:\/\/progettotouring.it\/radiotouring104\/2025\/10\/03\/reggio-conte-chiude-a-piazza-duomo-la-campagna-elettorale-di-tridico\/","name":"Reggio: Conte chiude la campagna elettorale di Tridico","isPartOf":{"@id":"https:\/\/progettotouring.it\/radiotouring104\/#website"},"primaryImageOfPage":{"@id":"https:\/\/progettotouring.it\/radiotouring104\/2025\/10\/03\/reggio-conte-chiude-a-piazza-duomo-la-campagna-elettorale-di-tridico\/#primaryimage"},"image":{"@id":"https:\/\/progettotouring.it\/radiotouring104\/2025\/10\/03\/reggio-conte-chiude-a-piazza-duomo-la-campagna-elettorale-di-tridico\/#primaryimage"},"thumbnailUrl":"https:\/\/progettotouring.it\/radiotouring104\/wp-content\/uploads\/sites\/6\/2025\/10\/WhatsApp-Image-2025-10-03-at-09.43.25.jpeg","datePublished":"2025-10-03T07:53:51+00:00","dateModified":"2025-10-03T10:34:14+00:00","description":"\"E' partito in vantaggio, ma nostre proposte serie e concrete\", dichiara nel comizio conclusivo a supporto di Tridico, il leader dei 5S","breadcrumb":{"@id":"https:\/\/progettotouring.it\/radiotouring104\/2025\/10\/03\/reggio-conte-chiude-a-piazza-duomo-la-campagna-elettorale-di-tridico\/#breadcrumb"},"inLanguage":"it-IT","potentialAction":[{"@type":"ReadAction","target":["https:\/\/progettotouring.it\/radiotouring104\/2025\/10\/03\/reggio-conte-chiude-a-piazza-duomo-la-campagna-elettorale-di-tridico\/"]}]},{"@type":"ImageObject","inLanguage":"it-IT","@id":"https:\/\/progettotouring.it\/radiotouring104\/2025\/10\/03\/reggio-conte-chiude-a-piazza-duomo-la-campagna-elettorale-di-tridico\/#primaryimage","url":"https:\/\/progettotouring.it\/radiotouring104\/wp-content\/uploads\/sites\/6\/2025\/10\/WhatsApp-Image-2025-10-03-at-09.43.25.jpeg","contentUrl":"https:\/\/progettotouring.it\/radiotouring104\/wp-content\/uploads\/sites\/6\/2025\/10\/WhatsApp-Image-2025-10-03-at-09.43.25.jpeg","width":1600,"height":900},{"@type":"BreadcrumbList","@id":"https:\/\/progettotouring.it\/radiotouring104\/2025\/10\/03\/reggio-conte-chiude-a-piazza-duomo-la-campagna-elettorale-di-tridico\/#breadcrumb","itemListElement":[{"@type":"ListItem","position":1,"name":"Home","item":"https:\/\/progettotouring.it\/radiotouring104\/"},{"@type":"ListItem","position":2,"name":"Reggio: Conte chiude a Piazza Duomo la campagna elettorale di Tridico"}]},{"@type":"WebSite","@id":"https:\/\/progettotouring.it\/radiotouring104\/#website","url":"https:\/\/progettotouring.it\/radiotouring104\/","name":"Radio Touring 104","description":"La prima radio Reggina","publisher":{"@id":"https:\/\/progettotouring.it\/radiotouring104\/#organization"},"potentialAction":[{"@type":"SearchAction","target":{"@type":"EntryPoint","urlTemplate":"https:\/\/progettotouring.it\/radiotouring104\/?s={search_term_string}"},"query-input":{"@type":"PropertyValueSpecification","valueRequired":true,"valueName":"search_term_string"}}],"inLanguage":"it-IT"},{"@type":"Organization","@id":"https:\/\/progettotouring.it\/radiotouring104\/#organization","name":"Radio Touring 104","url":"https:\/\/progettotouring.it\/radiotouring104\/","logo":{"@type":"ImageObject","inLanguage":"it-IT","@id":"https:\/\/progettotouring.it\/radiotouring104\/#\/schema\/logo\/image\/","url":"https:\/\/progettotouring.it\/radiotouring104\/wp-content\/uploads\/sites\/6\/2022\/02\/cropped-logo-radio-touring-104.png","contentUrl":"https:\/\/progettotouring.it\/radiotouring104\/wp-content\/uploads\/sites\/6\/2022\/02\/cropped-logo-radio-touring-104.png","width":377,"height":182,"caption":"Radio Touring 104"},"image":{"@id":"https:\/\/progettotouring.it\/radiotouring104\/#\/schema\/logo\/image\/"}},{"@type":"Person","@id":"https:\/\/progettotouring.it\/radiotouring104\/#\/schema\/person\/1b3eb3c07c47136bc44c785c543e635f","name":"redazione","image":{"@type":"ImageObject","inLanguage":"it-IT","@id":"https:\/\/secure.gravatar.com\/avatar\/0b31605b49f100769e8b624b3e05de1b73e1692e9568a352f60f53fd072e6e11?s=96&d=mm&r=g","url":"https:\/\/secure.gravatar.com\/avatar\/0b31605b49f100769e8b624b3e05de1b73e1692e9568a352f60f53fd072e6e11?s=96&d=mm&r=g","contentUrl":"https:\/\/secure.gravatar.com\/avatar\/0b31605b49f100769e8b624b3e05de1b73e1692e9568a352f60f53fd072e6e11?s=96&d=mm&r=g","caption":"redazione"},"url":"https:\/\/progettotouring.it\/radiotouring104\/author\/redazione\/"}]}},"jetpack_publicize_connections":[],"jetpack_featured_media_url":"https:\/\/progettotouring.it\/radiotouring104\/wp-content\/uploads\/sites\/6\/2025\/10\/WhatsApp-Image-2025-10-03-at-09.43.25.jpeg","jetpack_sharing_enabled":true,"_links":{"self":[{"href":"https:\/\/progettotouring.it\/radiotouring104\/wp-json\/wp\/v2\/posts\/82701","targetHints":{"allow":["GET"]}}],"collection":[{"href":"https:\/\/progettotouring.it\/radiotouring104\/wp-json\/wp\/v2\/posts"}],"about":[{"href":"https:\/\/progettotouring.it\/radiotouring104\/wp-json\/wp\/v2\/types\/post"}],"author":[{"embeddable":true,"href":"https:\/\/progettotouring.it\/radiotouring104\/wp-json\/wp\/v2\/users\/5"}],"replies":[{"embeddable":true,"href":"https:\/\/progettotouring.it\/radiotouring104\/wp-json\/wp\/v2\/comments?post=82701"}],"version-history":[{"count":1,"href":"https:\/\/progettotouring.it\/radiotouring104\/wp-json\/wp\/v2\/posts\/82701\/revisions"}],"predecessor-version":[{"id":82703,"href":"https:\/\/progettotouring.it\/radiotouring104\/wp-json\/wp\/v2\/posts\/82701\/revisions\/82703"}],"wp:featuredmedia":[{"embeddable":true,"href":"https:\/\/progettotouring.it\/radiotouring104\/wp-json\/wp\/v2\/media\/82702"}],"wp:attachment":[{"href":"https:\/\/progettotouring.it\/radiotouring104\/wp-json\/wp\/v2\/media?parent=82701"}],"wp:term":[{"taxonomy":"category","embeddable":true,"href":"https:\/\/progettotouring.it\/radiotouring104\/wp-json\/wp\/v2\/categories?post=82701"},{"taxonomy":"post_tag","embeddable":true,"href":"https:\/\/progettotouring.it\/radiotouring104\/wp-json\/wp\/v2\/tags?post=82701"}],"curies":[{"name":"wp","href":"https:\/\/api.w.org\/{rel}","templated":true}]}}