{"id":82731,"date":"2025-10-03T11:45:49","date_gmt":"2025-10-03T09:45:49","guid":{"rendered":"https:\/\/progettotouring.it\/radiotouring104\/?p=82731"},"modified":"2025-10-03T12:33:16","modified_gmt":"2025-10-03T10:33:16","slug":"catanzaro-la-fondazione-la-fondazione-ra-gi-riceve-il-premio-internazionale-guido-dorso-2025","status":"publish","type":"post","link":"https:\/\/progettotouring.it\/radiotouring104\/2025\/10\/03\/catanzaro-la-fondazione-la-fondazione-ra-gi-riceve-il-premio-internazionale-guido-dorso-2025\/","title":{"rendered":"Catanzaro: la Fondazione la Fondazione Ra.Gi. riceve il Premio Internazionale \u201cGuido Dorso\u201d 2025"},"content":{"rendered":"<p>Proprio mentre il governo regionale vive una fase di cambiamento, un importante riconoscimento nazionale giunge in Calabria: la Fondazione Ra.Gi. di Catanzaro, guidata dalla presidente Elena Sodano, \u00e8 stata scelta per ricevere il Premio Internazionale \u201cGuido Dorso\u201d 2025, Sezione Terzo Settore.<\/p>\n<p>La cerimonia di premiazione si terr\u00e0 gioved\u00ec 9 ottobre, alle ore 16, a Roma, nella Sala Zuccari di Palazzo Giustiniani, presso il Senato della Repubblica. Il Premio Dorso, giunto alla 46\u00b0 edizione e posto sotto l\u2019Alto Patronato del Presidente della Repubblica con il patrocinio del Senato della Repubblica, del Consiglio Nazionale delle Ricerche e dell\u2019Universit\u00e0 degli Studi di Napoli \u201cFederico II\u201d, negli anni ha premiato personalit\u00e0 di assoluto rilievo come i Premi Nobel Renato Dulbecco e Franco Modigliani, ma anche i Presidenti della Repubblica Giovanni Leone e Giorgio Napolitano.<\/p>\n<p>Tale riconoscimento di altissimo prestigio attribuisce il titolo di \u201cAmbasciatori del Mezzogiorno\u201d a coloro che, attraverso ricerca, cultura, impegno sociale e civile, contribuiscono al progresso del Sud e alla crescita del Paese. Quest\u2019anno, a ricevere questo titolo sar\u00e0 Elena Sodano, portando con s\u00e9 l\u2019esperienza e la visione della Fondazione Ra.Gi., riconosciuta per il suo straordinario lavoro al fianco di persone con demenza e delle loro famiglie e per la capacit\u00e0 di umanizzare la cura e trasformare la fragilit\u00e0 in forza comunitaria e valore sociale.<\/p>\n<p>A conferirle il premio sar\u00e0 la Commissione giudicatrice, presieduta da figure di grande autorevolezza istituzionale e scientifica, tra cui Orazio Abbamonte, Presidente della Fondazione Banco di Napoli, Andrea Lenzi, Presidente del Consiglio Nazionale delle Ricerche, Matteo Lorito, Rettore dell\u2019Universit\u00e0 degli Studi di Napoli \u201cFederico II\u201d, Luigi Sbarra, Sottosegretario alla Presidenza del Consiglio con delega al Sud, Nicola Squitieri, Presidente della Fondazione \u201cGuido Dorso\u201d. Tra l\u2019altro, la segreteria \u00e8 affidata a Francesco Saverio Coppola, esperto Internazionale di Economia e Finanza, che ha fatto visita a CasaPaese, sede e cuore pulsante delle attivit\u00e0 della Fondazione Ra.Gi., per conoscere da vicino la meravigliosa realt\u00e0 che ha saputo restituire dignit\u00e0 e speranza a tante persone colpite da demenza e alle rispettive famiglie.<\/p>\n<p>\u201cAccogliamo con profonda gratitudine questo riconoscimento &#8211; dichiara la presidente Sodano &#8211; Il Premio Dorso rappresenta non solo un grande onore, ma anche un incoraggiamento a continuare il nostro lavoro con ancora pi\u00f9 determinazione e responsabilit\u00e0. Nel nostro piccolo, cerchiamo di portare avanti la nostra <em>rivoluzione gentile<\/em> che richiama la <em>rivoluzione meridionale<\/em>, messa in atto e raccontata da Dorso, avvocato, giornalista e politico, mirando al superamento del tradizionale immobilismo e della subordinazione del Mezzogiorno. Ringraziamo di cuore chi ci ha segnalati, la Fondazione Banco di Napoli e la Commissione giudicatrice per aver riconosciuto nel nostro impegno un contributo concreto alla crescita sociale e culturale del Mezzogiorno e dell\u2019Italia tutta\u201d.<\/p>\n<p>Ad accompagnare il conferimento sar\u00e0 la Targa di rappresentanza del Presidente della Repubblica, segno dell\u2019alto valore istituzionale e culturale di un premio che negli anni ha saputo unire memoria, impegno e visione.<\/p>\n<p>Con quest\u2019assegnazione, la Fondazione Ra.Gi. entra nell\u2019albo d\u2019oro di un riconoscimento che da quasi mezzo secolo celebra chi sa interpretare con coraggio, etica e innovazione il futuro del Sud e del Paese.<\/p>\n","protected":false},"excerpt":{"rendered":"<p>Proprio mentre il governo regionale vive una fase di cambiamento, un importante riconoscimento nazionale giunge in Calabria: la Fondazione Ra.Gi. di Catanzaro, guidata dalla presidente Elena Sodano, \u00e8 stata scelta&hellip;<\/p>\n","protected":false},"author":5,"featured_media":82732,"comment_status":"closed","ping_status":"open","sticky":false,"template":"","format":"standard","meta":{"_jetpack_memberships_contains_paid_content":false,"footnotes":"","jetpack_publicize_message":"","jetpack_publicize_feature_enabled":true,"jetpack_social_post_already_shared":true,"jetpack_social_options":{"image_generator_settings":{"template":"highway","default_image_id":0,"font":"","enabled":false},"version":2}},"categories":[142,921,196],"tags":[43055,46583,48015,3313],"class_list":["post-82731","post","type-post","status-publish","format-standard","has-post-thumbnail","hentry","category-calabria","category-home","category-news","tag-elena-sodano","tag-fondazione-ra-gi","tag-premio-internazionale-guido-dorso-2025","tag-terzo-settore"],"yoast_head":"<!-- This site is optimized with the Yoast SEO plugin v27.2 - https:\/\/yoast.com\/product\/yoast-seo-wordpress\/ -->\n<title>Catanzaro: la Fondazione la Fondazione Ra.Gi. riceve il Premio Internazionale \u201cGuido Dorso\u201d 2025 - Radio Touring 104<\/title>\n<meta name=\"description\" content=\"La Fondazione guidata da Elena Sodano, ha ricevuto il ticonoscimento nazionale, per la categoria Terzo Settore\" \/>\n<meta name=\"robots\" content=\"index, follow, max-snippet:-1, max-image-preview:large, max-video-preview:-1\" \/>\n<link rel=\"canonical\" href=\"https:\/\/progettotouring.it\/radiotouring104\/2025\/10\/03\/catanzaro-la-fondazione-la-fondazione-ra-gi-riceve-il-premio-internazionale-guido-dorso-2025\/\" \/>\n<meta property=\"og:locale\" content=\"it_IT\" \/>\n<meta property=\"og:type\" content=\"article\" \/>\n<meta property=\"og:title\" content=\"Catanzaro: la Fondazione la Fondazione Ra.Gi. riceve il Premio Internazionale \u201cGuido Dorso\u201d 2025 - Radio Touring 104\" \/>\n<meta property=\"og:description\" content=\"La Fondazione guidata da Elena Sodano, ha ricevuto il ticonoscimento nazionale, per la categoria Terzo Settore\" \/>\n<meta property=\"og:url\" content=\"https:\/\/progettotouring.it\/radiotouring104\/2025\/10\/03\/catanzaro-la-fondazione-la-fondazione-ra-gi-riceve-il-premio-internazionale-guido-dorso-2025\/\" \/>\n<meta property=\"og:site_name\" content=\"Radio Touring 104\" \/>\n<meta property=\"article:published_time\" content=\"2025-10-03T09:45:49+00:00\" \/>\n<meta property=\"article:modified_time\" content=\"2025-10-03T10:33:16+00:00\" \/>\n<meta property=\"og:image\" content=\"https:\/\/progettotouring.it\/radiotouring104\/wp-content\/uploads\/sites\/6\/2025\/10\/Elena-Sodano.jpg\" \/>\n\t<meta property=\"og:image:width\" content=\"1262\" \/>\n\t<meta property=\"og:image:height\" content=\"1218\" \/>\n\t<meta property=\"og:image:type\" content=\"image\/jpeg\" \/>\n<meta name=\"author\" content=\"redazione\" \/>\n<meta name=\"twitter:card\" content=\"summary_large_image\" \/>\n<meta name=\"twitter:label1\" content=\"Scritto da\" \/>\n\t<meta name=\"twitter:data1\" content=\"redazione\" \/>\n\t<meta name=\"twitter:label2\" content=\"Tempo di lettura stimato\" \/>\n\t<meta name=\"twitter:data2\" content=\"3 minuti\" \/>\n<script type=\"application\/ld+json\" class=\"yoast-schema-graph\">{\"@context\":\"https:\/\/schema.org\",\"@graph\":[{\"@type\":\"Article\",\"@id\":\"https:\/\/progettotouring.it\/radiotouring104\/2025\/10\/03\/catanzaro-la-fondazione-la-fondazione-ra-gi-riceve-il-premio-internazionale-guido-dorso-2025\/#article\",\"isPartOf\":{\"@id\":\"https:\/\/progettotouring.it\/radiotouring104\/2025\/10\/03\/catanzaro-la-fondazione-la-fondazione-ra-gi-riceve-il-premio-internazionale-guido-dorso-2025\/\"},\"author\":{\"name\":\"redazione\",\"@id\":\"https:\/\/progettotouring.it\/radiotouring104\/#\/schema\/person\/1b3eb3c07c47136bc44c785c543e635f\"},\"headline\":\"Catanzaro: la Fondazione la Fondazione Ra.Gi. riceve il Premio Internazionale \u201cGuido Dorso\u201d 2025\",\"datePublished\":\"2025-10-03T09:45:49+00:00\",\"dateModified\":\"2025-10-03T10:33:16+00:00\",\"mainEntityOfPage\":{\"@id\":\"https:\/\/progettotouring.it\/radiotouring104\/2025\/10\/03\/catanzaro-la-fondazione-la-fondazione-ra-gi-riceve-il-premio-internazionale-guido-dorso-2025\/\"},\"wordCount\":527,\"publisher\":{\"@id\":\"https:\/\/progettotouring.it\/radiotouring104\/#organization\"},\"image\":{\"@id\":\"https:\/\/progettotouring.it\/radiotouring104\/2025\/10\/03\/catanzaro-la-fondazione-la-fondazione-ra-gi-riceve-il-premio-internazionale-guido-dorso-2025\/#primaryimage\"},\"thumbnailUrl\":\"https:\/\/progettotouring.it\/radiotouring104\/wp-content\/uploads\/sites\/6\/2025\/10\/Elena-Sodano.jpg\",\"keywords\":[\"Elena Sodano\",\"Fondazione Ra.Gi.\",\"Premio Internazionale \u201cGuido Dorso\u201d 2025\",\"Terzo settore\"],\"articleSection\":[\"Calabria\",\"Home\",\"News\"],\"inLanguage\":\"it-IT\"},{\"@type\":\"WebPage\",\"@id\":\"https:\/\/progettotouring.it\/radiotouring104\/2025\/10\/03\/catanzaro-la-fondazione-la-fondazione-ra-gi-riceve-il-premio-internazionale-guido-dorso-2025\/\",\"url\":\"https:\/\/progettotouring.it\/radiotouring104\/2025\/10\/03\/catanzaro-la-fondazione-la-fondazione-ra-gi-riceve-il-premio-internazionale-guido-dorso-2025\/\",\"name\":\"Catanzaro: la Fondazione la Fondazione Ra.Gi. riceve il Premio Internazionale \u201cGuido Dorso\u201d 2025 - Radio Touring 104\",\"isPartOf\":{\"@id\":\"https:\/\/progettotouring.it\/radiotouring104\/#website\"},\"primaryImageOfPage\":{\"@id\":\"https:\/\/progettotouring.it\/radiotouring104\/2025\/10\/03\/catanzaro-la-fondazione-la-fondazione-ra-gi-riceve-il-premio-internazionale-guido-dorso-2025\/#primaryimage\"},\"image\":{\"@id\":\"https:\/\/progettotouring.it\/radiotouring104\/2025\/10\/03\/catanzaro-la-fondazione-la-fondazione-ra-gi-riceve-il-premio-internazionale-guido-dorso-2025\/#primaryimage\"},\"thumbnailUrl\":\"https:\/\/progettotouring.it\/radiotouring104\/wp-content\/uploads\/sites\/6\/2025\/10\/Elena-Sodano.jpg\",\"datePublished\":\"2025-10-03T09:45:49+00:00\",\"dateModified\":\"2025-10-03T10:33:16+00:00\",\"description\":\"La Fondazione guidata da Elena Sodano, ha ricevuto il ticonoscimento nazionale, per la categoria Terzo Settore\",\"breadcrumb\":{\"@id\":\"https:\/\/progettotouring.it\/radiotouring104\/2025\/10\/03\/catanzaro-la-fondazione-la-fondazione-ra-gi-riceve-il-premio-internazionale-guido-dorso-2025\/#breadcrumb\"},\"inLanguage\":\"it-IT\",\"potentialAction\":[{\"@type\":\"ReadAction\",\"target\":[\"https:\/\/progettotouring.it\/radiotouring104\/2025\/10\/03\/catanzaro-la-fondazione-la-fondazione-ra-gi-riceve-il-premio-internazionale-guido-dorso-2025\/\"]}]},{\"@type\":\"ImageObject\",\"inLanguage\":\"it-IT\",\"@id\":\"https:\/\/progettotouring.it\/radiotouring104\/2025\/10\/03\/catanzaro-la-fondazione-la-fondazione-ra-gi-riceve-il-premio-internazionale-guido-dorso-2025\/#primaryimage\",\"url\":\"https:\/\/progettotouring.it\/radiotouring104\/wp-content\/uploads\/sites\/6\/2025\/10\/Elena-Sodano.jpg\",\"contentUrl\":\"https:\/\/progettotouring.it\/radiotouring104\/wp-content\/uploads\/sites\/6\/2025\/10\/Elena-Sodano.jpg\",\"width\":1262,\"height\":1218},{\"@type\":\"BreadcrumbList\",\"@id\":\"https:\/\/progettotouring.it\/radiotouring104\/2025\/10\/03\/catanzaro-la-fondazione-la-fondazione-ra-gi-riceve-il-premio-internazionale-guido-dorso-2025\/#breadcrumb\",\"itemListElement\":[{\"@type\":\"ListItem\",\"position\":1,\"name\":\"Home\",\"item\":\"https:\/\/progettotouring.it\/radiotouring104\/\"},{\"@type\":\"ListItem\",\"position\":2,\"name\":\"Catanzaro: la Fondazione la Fondazione Ra.Gi. riceve il Premio Internazionale \u201cGuido Dorso\u201d 2025\"}]},{\"@type\":\"WebSite\",\"@id\":\"https:\/\/progettotouring.it\/radiotouring104\/#website\",\"url\":\"https:\/\/progettotouring.it\/radiotouring104\/\",\"name\":\"Radio Touring 104\",\"description\":\"La prima radio Reggina\",\"publisher\":{\"@id\":\"https:\/\/progettotouring.it\/radiotouring104\/#organization\"},\"potentialAction\":[{\"@type\":\"SearchAction\",\"target\":{\"@type\":\"EntryPoint\",\"urlTemplate\":\"https:\/\/progettotouring.it\/radiotouring104\/?s={search_term_string}\"},\"query-input\":{\"@type\":\"PropertyValueSpecification\",\"valueRequired\":true,\"valueName\":\"search_term_string\"}}],\"inLanguage\":\"it-IT\"},{\"@type\":\"Organization\",\"@id\":\"https:\/\/progettotouring.it\/radiotouring104\/#organization\",\"name\":\"Radio Touring 104\",\"url\":\"https:\/\/progettotouring.it\/radiotouring104\/\",\"logo\":{\"@type\":\"ImageObject\",\"inLanguage\":\"it-IT\",\"@id\":\"https:\/\/progettotouring.it\/radiotouring104\/#\/schema\/logo\/image\/\",\"url\":\"https:\/\/progettotouring.it\/radiotouring104\/wp-content\/uploads\/sites\/6\/2022\/02\/cropped-logo-radio-touring-104.png\",\"contentUrl\":\"https:\/\/progettotouring.it\/radiotouring104\/wp-content\/uploads\/sites\/6\/2022\/02\/cropped-logo-radio-touring-104.png\",\"width\":377,\"height\":182,\"caption\":\"Radio Touring 104\"},\"image\":{\"@id\":\"https:\/\/progettotouring.it\/radiotouring104\/#\/schema\/logo\/image\/\"}},{\"@type\":\"Person\",\"@id\":\"https:\/\/progettotouring.it\/radiotouring104\/#\/schema\/person\/1b3eb3c07c47136bc44c785c543e635f\",\"name\":\"redazione\",\"image\":{\"@type\":\"ImageObject\",\"inLanguage\":\"it-IT\",\"@id\":\"https:\/\/secure.gravatar.com\/avatar\/0b31605b49f100769e8b624b3e05de1b73e1692e9568a352f60f53fd072e6e11?s=96&d=mm&r=g\",\"url\":\"https:\/\/secure.gravatar.com\/avatar\/0b31605b49f100769e8b624b3e05de1b73e1692e9568a352f60f53fd072e6e11?s=96&d=mm&r=g\",\"contentUrl\":\"https:\/\/secure.gravatar.com\/avatar\/0b31605b49f100769e8b624b3e05de1b73e1692e9568a352f60f53fd072e6e11?s=96&d=mm&r=g\",\"caption\":\"redazione\"},\"url\":\"https:\/\/progettotouring.it\/radiotouring104\/author\/redazione\/\"}]}<\/script>\n<!-- \/ Yoast SEO plugin. -->","yoast_head_json":{"title":"Catanzaro: la Fondazione la Fondazione Ra.Gi. riceve il Premio Internazionale \u201cGuido Dorso\u201d 2025 - Radio Touring 104","description":"La Fondazione guidata da Elena Sodano, ha ricevuto il ticonoscimento nazionale, per la categoria Terzo Settore","robots":{"index":"index","follow":"follow","max-snippet":"max-snippet:-1","max-image-preview":"max-image-preview:large","max-video-preview":"max-video-preview:-1"},"canonical":"https:\/\/progettotouring.it\/radiotouring104\/2025\/10\/03\/catanzaro-la-fondazione-la-fondazione-ra-gi-riceve-il-premio-internazionale-guido-dorso-2025\/","og_locale":"it_IT","og_type":"article","og_title":"Catanzaro: la Fondazione la Fondazione Ra.Gi. riceve il Premio Internazionale \u201cGuido Dorso\u201d 2025 - Radio Touring 104","og_description":"La Fondazione guidata da Elena Sodano, ha ricevuto il ticonoscimento nazionale, per la categoria Terzo Settore","og_url":"https:\/\/progettotouring.it\/radiotouring104\/2025\/10\/03\/catanzaro-la-fondazione-la-fondazione-ra-gi-riceve-il-premio-internazionale-guido-dorso-2025\/","og_site_name":"Radio Touring 104","article_published_time":"2025-10-03T09:45:49+00:00","article_modified_time":"2025-10-03T10:33:16+00:00","og_image":[{"width":1262,"height":1218,"url":"https:\/\/progettotouring.it\/radiotouring104\/wp-content\/uploads\/sites\/6\/2025\/10\/Elena-Sodano.jpg","type":"image\/jpeg"}],"author":"redazione","twitter_card":"summary_large_image","twitter_misc":{"Scritto da":"redazione","Tempo di lettura stimato":"3 minuti"},"schema":{"@context":"https:\/\/schema.org","@graph":[{"@type":"Article","@id":"https:\/\/progettotouring.it\/radiotouring104\/2025\/10\/03\/catanzaro-la-fondazione-la-fondazione-ra-gi-riceve-il-premio-internazionale-guido-dorso-2025\/#article","isPartOf":{"@id":"https:\/\/progettotouring.it\/radiotouring104\/2025\/10\/03\/catanzaro-la-fondazione-la-fondazione-ra-gi-riceve-il-premio-internazionale-guido-dorso-2025\/"},"author":{"name":"redazione","@id":"https:\/\/progettotouring.it\/radiotouring104\/#\/schema\/person\/1b3eb3c07c47136bc44c785c543e635f"},"headline":"Catanzaro: la Fondazione la Fondazione Ra.Gi. riceve il Premio Internazionale \u201cGuido Dorso\u201d 2025","datePublished":"2025-10-03T09:45:49+00:00","dateModified":"2025-10-03T10:33:16+00:00","mainEntityOfPage":{"@id":"https:\/\/progettotouring.it\/radiotouring104\/2025\/10\/03\/catanzaro-la-fondazione-la-fondazione-ra-gi-riceve-il-premio-internazionale-guido-dorso-2025\/"},"wordCount":527,"publisher":{"@id":"https:\/\/progettotouring.it\/radiotouring104\/#organization"},"image":{"@id":"https:\/\/progettotouring.it\/radiotouring104\/2025\/10\/03\/catanzaro-la-fondazione-la-fondazione-ra-gi-riceve-il-premio-internazionale-guido-dorso-2025\/#primaryimage"},"thumbnailUrl":"https:\/\/progettotouring.it\/radiotouring104\/wp-content\/uploads\/sites\/6\/2025\/10\/Elena-Sodano.jpg","keywords":["Elena Sodano","Fondazione Ra.Gi.","Premio Internazionale \u201cGuido Dorso\u201d 2025","Terzo settore"],"articleSection":["Calabria","Home","News"],"inLanguage":"it-IT"},{"@type":"WebPage","@id":"https:\/\/progettotouring.it\/radiotouring104\/2025\/10\/03\/catanzaro-la-fondazione-la-fondazione-ra-gi-riceve-il-premio-internazionale-guido-dorso-2025\/","url":"https:\/\/progettotouring.it\/radiotouring104\/2025\/10\/03\/catanzaro-la-fondazione-la-fondazione-ra-gi-riceve-il-premio-internazionale-guido-dorso-2025\/","name":"Catanzaro: la Fondazione la Fondazione Ra.Gi. riceve il Premio Internazionale \u201cGuido Dorso\u201d 2025 - Radio Touring 104","isPartOf":{"@id":"https:\/\/progettotouring.it\/radiotouring104\/#website"},"primaryImageOfPage":{"@id":"https:\/\/progettotouring.it\/radiotouring104\/2025\/10\/03\/catanzaro-la-fondazione-la-fondazione-ra-gi-riceve-il-premio-internazionale-guido-dorso-2025\/#primaryimage"},"image":{"@id":"https:\/\/progettotouring.it\/radiotouring104\/2025\/10\/03\/catanzaro-la-fondazione-la-fondazione-ra-gi-riceve-il-premio-internazionale-guido-dorso-2025\/#primaryimage"},"thumbnailUrl":"https:\/\/progettotouring.it\/radiotouring104\/wp-content\/uploads\/sites\/6\/2025\/10\/Elena-Sodano.jpg","datePublished":"2025-10-03T09:45:49+00:00","dateModified":"2025-10-03T10:33:16+00:00","description":"La Fondazione guidata da Elena Sodano, ha ricevuto il ticonoscimento nazionale, per la categoria Terzo Settore","breadcrumb":{"@id":"https:\/\/progettotouring.it\/radiotouring104\/2025\/10\/03\/catanzaro-la-fondazione-la-fondazione-ra-gi-riceve-il-premio-internazionale-guido-dorso-2025\/#breadcrumb"},"inLanguage":"it-IT","potentialAction":[{"@type":"ReadAction","target":["https:\/\/progettotouring.it\/radiotouring104\/2025\/10\/03\/catanzaro-la-fondazione-la-fondazione-ra-gi-riceve-il-premio-internazionale-guido-dorso-2025\/"]}]},{"@type":"ImageObject","inLanguage":"it-IT","@id":"https:\/\/progettotouring.it\/radiotouring104\/2025\/10\/03\/catanzaro-la-fondazione-la-fondazione-ra-gi-riceve-il-premio-internazionale-guido-dorso-2025\/#primaryimage","url":"https:\/\/progettotouring.it\/radiotouring104\/wp-content\/uploads\/sites\/6\/2025\/10\/Elena-Sodano.jpg","contentUrl":"https:\/\/progettotouring.it\/radiotouring104\/wp-content\/uploads\/sites\/6\/2025\/10\/Elena-Sodano.jpg","width":1262,"height":1218},{"@type":"BreadcrumbList","@id":"https:\/\/progettotouring.it\/radiotouring104\/2025\/10\/03\/catanzaro-la-fondazione-la-fondazione-ra-gi-riceve-il-premio-internazionale-guido-dorso-2025\/#breadcrumb","itemListElement":[{"@type":"ListItem","position":1,"name":"Home","item":"https:\/\/progettotouring.it\/radiotouring104\/"},{"@type":"ListItem","position":2,"name":"Catanzaro: la Fondazione la Fondazione Ra.Gi. riceve il Premio Internazionale \u201cGuido Dorso\u201d 2025"}]},{"@type":"WebSite","@id":"https:\/\/progettotouring.it\/radiotouring104\/#website","url":"https:\/\/progettotouring.it\/radiotouring104\/","name":"Radio Touring 104","description":"La prima radio Reggina","publisher":{"@id":"https:\/\/progettotouring.it\/radiotouring104\/#organization"},"potentialAction":[{"@type":"SearchAction","target":{"@type":"EntryPoint","urlTemplate":"https:\/\/progettotouring.it\/radiotouring104\/?s={search_term_string}"},"query-input":{"@type":"PropertyValueSpecification","valueRequired":true,"valueName":"search_term_string"}}],"inLanguage":"it-IT"},{"@type":"Organization","@id":"https:\/\/progettotouring.it\/radiotouring104\/#organization","name":"Radio Touring 104","url":"https:\/\/progettotouring.it\/radiotouring104\/","logo":{"@type":"ImageObject","inLanguage":"it-IT","@id":"https:\/\/progettotouring.it\/radiotouring104\/#\/schema\/logo\/image\/","url":"https:\/\/progettotouring.it\/radiotouring104\/wp-content\/uploads\/sites\/6\/2022\/02\/cropped-logo-radio-touring-104.png","contentUrl":"https:\/\/progettotouring.it\/radiotouring104\/wp-content\/uploads\/sites\/6\/2022\/02\/cropped-logo-radio-touring-104.png","width":377,"height":182,"caption":"Radio Touring 104"},"image":{"@id":"https:\/\/progettotouring.it\/radiotouring104\/#\/schema\/logo\/image\/"}},{"@type":"Person","@id":"https:\/\/progettotouring.it\/radiotouring104\/#\/schema\/person\/1b3eb3c07c47136bc44c785c543e635f","name":"redazione","image":{"@type":"ImageObject","inLanguage":"it-IT","@id":"https:\/\/secure.gravatar.com\/avatar\/0b31605b49f100769e8b624b3e05de1b73e1692e9568a352f60f53fd072e6e11?s=96&d=mm&r=g","url":"https:\/\/secure.gravatar.com\/avatar\/0b31605b49f100769e8b624b3e05de1b73e1692e9568a352f60f53fd072e6e11?s=96&d=mm&r=g","contentUrl":"https:\/\/secure.gravatar.com\/avatar\/0b31605b49f100769e8b624b3e05de1b73e1692e9568a352f60f53fd072e6e11?s=96&d=mm&r=g","caption":"redazione"},"url":"https:\/\/progettotouring.it\/radiotouring104\/author\/redazione\/"}]}},"jetpack_publicize_connections":[],"jetpack_featured_media_url":"https:\/\/progettotouring.it\/radiotouring104\/wp-content\/uploads\/sites\/6\/2025\/10\/Elena-Sodano.jpg","jetpack_sharing_enabled":true,"_links":{"self":[{"href":"https:\/\/progettotouring.it\/radiotouring104\/wp-json\/wp\/v2\/posts\/82731","targetHints":{"allow":["GET"]}}],"collection":[{"href":"https:\/\/progettotouring.it\/radiotouring104\/wp-json\/wp\/v2\/posts"}],"about":[{"href":"https:\/\/progettotouring.it\/radiotouring104\/wp-json\/wp\/v2\/types\/post"}],"author":[{"embeddable":true,"href":"https:\/\/progettotouring.it\/radiotouring104\/wp-json\/wp\/v2\/users\/5"}],"replies":[{"embeddable":true,"href":"https:\/\/progettotouring.it\/radiotouring104\/wp-json\/wp\/v2\/comments?post=82731"}],"version-history":[{"count":1,"href":"https:\/\/progettotouring.it\/radiotouring104\/wp-json\/wp\/v2\/posts\/82731\/revisions"}],"predecessor-version":[{"id":82733,"href":"https:\/\/progettotouring.it\/radiotouring104\/wp-json\/wp\/v2\/posts\/82731\/revisions\/82733"}],"wp:featuredmedia":[{"embeddable":true,"href":"https:\/\/progettotouring.it\/radiotouring104\/wp-json\/wp\/v2\/media\/82732"}],"wp:attachment":[{"href":"https:\/\/progettotouring.it\/radiotouring104\/wp-json\/wp\/v2\/media?parent=82731"}],"wp:term":[{"taxonomy":"category","embeddable":true,"href":"https:\/\/progettotouring.it\/radiotouring104\/wp-json\/wp\/v2\/categories?post=82731"},{"taxonomy":"post_tag","embeddable":true,"href":"https:\/\/progettotouring.it\/radiotouring104\/wp-json\/wp\/v2\/tags?post=82731"}],"curies":[{"name":"wp","href":"https:\/\/api.w.org\/{rel}","templated":true}]}}