{"id":82734,"date":"2025-10-03T11:57:08","date_gmt":"2025-10-03T09:57:08","guid":{"rendered":"https:\/\/progettotouring.it\/radiotouring104\/?p=82734"},"modified":"2025-10-03T12:33:11","modified_gmt":"2025-10-03T10:33:11","slug":"reggio-villa-san-giuseppe-si-prepara-allinaugurazione-del-nuovo-parco-giardino","status":"publish","type":"post","link":"https:\/\/progettotouring.it\/radiotouring104\/2025\/10\/03\/reggio-villa-san-giuseppe-si-prepara-allinaugurazione-del-nuovo-parco-giardino\/","title":{"rendered":"Reggio: Villa San Giuseppe si prepara all&#8217;inaugurazione del nuovo Parco Giardino"},"content":{"rendered":"<p><strong>Villa San Giuseppe inaugura il nuovo Parco Giardino dedicato a San Carlo Acutis<\/strong> &#8211; <strong>12 ottobre 2025 \u2013 Ore 16.00<\/strong><\/p>\n<p>L\u2019Associazione <em>Amici di Villa San Giuseppe<\/em> \u00e8 lieta di annunciare un evento che segna una tappa importante per la comunit\u00e0: l\u2019inaugurazione del nuovo <strong>Parco Giardino<\/strong>, realizzato sotto Piazza Umberto I e intitolato a <strong>San Carlo Acutis<\/strong>, giovane beato della Chiesa cattolica e simbolo universale di fede, speranza e amore verso gli altri.<\/p>\n<p>Alla cerimonia che si terr\u00e0 Domenica 12 Ottobre 2025 alle ore 16, prenderanno parte <strong>Autorit\u00e0 Religiose, Civili e Militari<\/strong>, insieme a tutta la comunit\u00e0 di <strong>Villa San Giuseppe<\/strong> e della <strong>Vallata del Gallico<\/strong>, in un clima di festa e condivisione. Sar\u00e0 un momento collettivo di gioia, memoria e crescita, in cui il territorio conferma la propria vivacit\u00e0 e la capacit\u00e0 di unirsi attorno a valori autentici.<\/p>\n<p>&nbsp;<\/p>\n<p><strong>Chi era San Carlo Acutis<\/strong><\/p>\n<p>Carlo Acutis (2001\u20132016) \u00e8 stato un adolescente milanese che, con la sua straordinaria passione per l\u2019informatica, seppe trasformare il digitale in uno strumento di evangelizzazione, realizzando un sito dedicato ai miracoli eucaristici. Beatificato nel 2020, \u00e8 oggi considerato un modello per i giovani: un ragazzo che ha vissuto la quotidianit\u00e0 con entusiasmo, mettendo al centro <strong>la fede, la solidariet\u00e0 e l\u2019attenzione verso gli ultimi<\/strong>.<\/p>\n<p><strong>Un ringraziamento speciale<\/strong><\/p>\n<p>L\u2019Associazione <em>Amici di Villa San Giuseppe<\/em> esprime profonda gratitudine alla <strong>Commissione Toponomastica<\/strong> e all\u2019<strong>Amministrazione comunale di Reggio Calabria<\/strong> per aver accolto la proposta di intitolazione, riconoscendo cos\u00ec il valore di una scelta che guarda al futuro con speranza.<\/p>\n<p><strong>\u00a0<\/strong><\/p>\n<p><strong>Il significato della scelta<\/strong><\/p>\n<p>Intitolare il Parco Giardino a San Carlo Acutis non \u00e8 solo un gesto simbolico, ma una testimonianza concreta del desiderio di valorizzare i giovani, protagonisti del domani.<br \/>\nVilla San Giuseppe \u00e8 una comunit\u00e0 viva, animata da ragazzi e ragazze che rappresentano la forza e la ricchezza del territorio. Questo spazio verde diventer\u00e0 per loro un luogo di incontro e di crescita, un punto di riferimento positivo e un invito a coltivare i propri talenti con <strong>generosit\u00e0, responsabilit\u00e0 e apertura verso gli altri<\/strong>.<\/p>\n<p>Con questa iniziativa, l\u2019Associazione Amici di Villa San Giuseppe intende rafforzare il legame tra <strong>memoria, fede e comunit\u00e0<\/strong>, creando un luogo che appartiene a tutti e che custodisce l\u2019anima viva di Villa San Giuseppe.<\/p>\n","protected":false},"excerpt":{"rendered":"<p>Villa San Giuseppe inaugura il nuovo Parco Giardino dedicato a San Carlo Acutis &#8211; 12 ottobre 2025 \u2013 Ore 16.00 L\u2019Associazione Amici di Villa San Giuseppe \u00e8 lieta di annunciare&hellip;<\/p>\n","protected":false},"author":5,"featured_media":82736,"comment_status":"closed","ping_status":"open","sticky":false,"template":"","format":"standard","meta":{"_jetpack_memberships_contains_paid_content":false,"footnotes":"","jetpack_publicize_message":"","jetpack_publicize_feature_enabled":true,"jetpack_social_post_already_shared":true,"jetpack_social_options":{"image_generator_settings":{"template":"highway","default_image_id":0,"font":"","enabled":false},"version":2}},"categories":[921,196,140],"tags":[30216,30054,3121,48016,48017],"class_list":["post-82734","post","type-post","status-publish","format-standard","has-post-thumbnail","hentry","category-home","category-news","category-reggio-calabria","tag-amici-di-villa-san-giuseppe","tag-associazione-amici-di-villa-san-giuseppe","tag-inaugurazione","tag-nuovo-parco-giardino","tag-san-carlo-acutis"],"yoast_head":"<!-- This site is optimized with the Yoast SEO plugin v27.2 - https:\/\/yoast.com\/product\/yoast-seo-wordpress\/ -->\n<title>Villa S. Giuseppe si prepara all&#039;inaugurazione del Parco Giardino<\/title>\n<meta name=\"description\" content=\"L&#039;Associazione &quot;Amici Villa San Giuseppe&quot; rende noto che l&#039;inaugurazione del Parco si svolger\u00e0 il 12 ottobre, alle 16:00\" \/>\n<meta name=\"robots\" content=\"index, follow, max-snippet:-1, max-image-preview:large, max-video-preview:-1\" \/>\n<link rel=\"canonical\" href=\"https:\/\/progettotouring.it\/radiotouring104\/2025\/10\/03\/reggio-villa-san-giuseppe-si-prepara-allinaugurazione-del-nuovo-parco-giardino\/\" \/>\n<meta property=\"og:locale\" content=\"it_IT\" \/>\n<meta property=\"og:type\" content=\"article\" \/>\n<meta property=\"og:title\" content=\"Villa S. Giuseppe si prepara all&#039;inaugurazione del Parco Giardino\" \/>\n<meta property=\"og:description\" content=\"L&#039;Associazione &quot;Amici Villa San Giuseppe&quot; rende noto che l&#039;inaugurazione del Parco si svolger\u00e0 il 12 ottobre, alle 16:00\" \/>\n<meta property=\"og:url\" content=\"https:\/\/progettotouring.it\/radiotouring104\/2025\/10\/03\/reggio-villa-san-giuseppe-si-prepara-allinaugurazione-del-nuovo-parco-giardino\/\" \/>\n<meta property=\"og:site_name\" content=\"Radio Touring 104\" \/>\n<meta property=\"article:published_time\" content=\"2025-10-03T09:57:08+00:00\" \/>\n<meta property=\"article:modified_time\" content=\"2025-10-03T10:33:11+00:00\" \/>\n<meta property=\"og:image\" content=\"https:\/\/progettotouring.it\/radiotouring104\/wp-content\/uploads\/sites\/6\/2025\/10\/Inaugurazione-Nuovo-Parco-Giardino-Villa-San-Giuseppe.gif\" \/>\n\t<meta property=\"og:image:width\" content=\"256\" \/>\n\t<meta property=\"og:image:height\" content=\"250\" \/>\n\t<meta property=\"og:image:type\" content=\"image\/gif\" \/>\n<meta name=\"author\" content=\"redazione\" \/>\n<meta name=\"twitter:card\" content=\"summary_large_image\" \/>\n<meta name=\"twitter:label1\" content=\"Scritto da\" \/>\n\t<meta name=\"twitter:data1\" content=\"redazione\" \/>\n\t<meta name=\"twitter:label2\" content=\"Tempo di lettura stimato\" \/>\n\t<meta name=\"twitter:data2\" content=\"2 minuti\" \/>\n<script type=\"application\/ld+json\" class=\"yoast-schema-graph\">{\"@context\":\"https:\/\/schema.org\",\"@graph\":[{\"@type\":\"Article\",\"@id\":\"https:\/\/progettotouring.it\/radiotouring104\/2025\/10\/03\/reggio-villa-san-giuseppe-si-prepara-allinaugurazione-del-nuovo-parco-giardino\/#article\",\"isPartOf\":{\"@id\":\"https:\/\/progettotouring.it\/radiotouring104\/2025\/10\/03\/reggio-villa-san-giuseppe-si-prepara-allinaugurazione-del-nuovo-parco-giardino\/\"},\"author\":{\"name\":\"redazione\",\"@id\":\"https:\/\/progettotouring.it\/radiotouring104\/#\/schema\/person\/1b3eb3c07c47136bc44c785c543e635f\"},\"headline\":\"Reggio: Villa San Giuseppe si prepara all&#8217;inaugurazione del nuovo Parco Giardino\",\"datePublished\":\"2025-10-03T09:57:08+00:00\",\"dateModified\":\"2025-10-03T10:33:11+00:00\",\"mainEntityOfPage\":{\"@id\":\"https:\/\/progettotouring.it\/radiotouring104\/2025\/10\/03\/reggio-villa-san-giuseppe-si-prepara-allinaugurazione-del-nuovo-parco-giardino\/\"},\"wordCount\":374,\"publisher\":{\"@id\":\"https:\/\/progettotouring.it\/radiotouring104\/#organization\"},\"image\":{\"@id\":\"https:\/\/progettotouring.it\/radiotouring104\/2025\/10\/03\/reggio-villa-san-giuseppe-si-prepara-allinaugurazione-del-nuovo-parco-giardino\/#primaryimage\"},\"thumbnailUrl\":\"https:\/\/progettotouring.it\/radiotouring104\/wp-content\/uploads\/sites\/6\/2025\/10\/Inaugurazione-Nuovo-Parco-Giardino-Villa-San-Giuseppe.gif\",\"keywords\":[\"Amici di Villa San Giuseppe\",\"Associazione \u201cAmici di Villa San Giuseppe\",\"inaugurazione\",\"nuovo Parco Giardino\",\"San Carlo Acutis\"],\"articleSection\":[\"Home\",\"News\",\"Reggio Calabria\"],\"inLanguage\":\"it-IT\"},{\"@type\":\"WebPage\",\"@id\":\"https:\/\/progettotouring.it\/radiotouring104\/2025\/10\/03\/reggio-villa-san-giuseppe-si-prepara-allinaugurazione-del-nuovo-parco-giardino\/\",\"url\":\"https:\/\/progettotouring.it\/radiotouring104\/2025\/10\/03\/reggio-villa-san-giuseppe-si-prepara-allinaugurazione-del-nuovo-parco-giardino\/\",\"name\":\"Villa S. Giuseppe si prepara all'inaugurazione del Parco Giardino\",\"isPartOf\":{\"@id\":\"https:\/\/progettotouring.it\/radiotouring104\/#website\"},\"primaryImageOfPage\":{\"@id\":\"https:\/\/progettotouring.it\/radiotouring104\/2025\/10\/03\/reggio-villa-san-giuseppe-si-prepara-allinaugurazione-del-nuovo-parco-giardino\/#primaryimage\"},\"image\":{\"@id\":\"https:\/\/progettotouring.it\/radiotouring104\/2025\/10\/03\/reggio-villa-san-giuseppe-si-prepara-allinaugurazione-del-nuovo-parco-giardino\/#primaryimage\"},\"thumbnailUrl\":\"https:\/\/progettotouring.it\/radiotouring104\/wp-content\/uploads\/sites\/6\/2025\/10\/Inaugurazione-Nuovo-Parco-Giardino-Villa-San-Giuseppe.gif\",\"datePublished\":\"2025-10-03T09:57:08+00:00\",\"dateModified\":\"2025-10-03T10:33:11+00:00\",\"description\":\"L'Associazione \\\"Amici Villa San Giuseppe\\\" rende noto che l'inaugurazione del Parco si svolger\u00e0 il 12 ottobre, alle 16:00\",\"breadcrumb\":{\"@id\":\"https:\/\/progettotouring.it\/radiotouring104\/2025\/10\/03\/reggio-villa-san-giuseppe-si-prepara-allinaugurazione-del-nuovo-parco-giardino\/#breadcrumb\"},\"inLanguage\":\"it-IT\",\"potentialAction\":[{\"@type\":\"ReadAction\",\"target\":[\"https:\/\/progettotouring.it\/radiotouring104\/2025\/10\/03\/reggio-villa-san-giuseppe-si-prepara-allinaugurazione-del-nuovo-parco-giardino\/\"]}]},{\"@type\":\"ImageObject\",\"inLanguage\":\"it-IT\",\"@id\":\"https:\/\/progettotouring.it\/radiotouring104\/2025\/10\/03\/reggio-villa-san-giuseppe-si-prepara-allinaugurazione-del-nuovo-parco-giardino\/#primaryimage\",\"url\":\"https:\/\/progettotouring.it\/radiotouring104\/wp-content\/uploads\/sites\/6\/2025\/10\/Inaugurazione-Nuovo-Parco-Giardino-Villa-San-Giuseppe.gif\",\"contentUrl\":\"https:\/\/progettotouring.it\/radiotouring104\/wp-content\/uploads\/sites\/6\/2025\/10\/Inaugurazione-Nuovo-Parco-Giardino-Villa-San-Giuseppe.gif\",\"width\":256,\"height\":250},{\"@type\":\"BreadcrumbList\",\"@id\":\"https:\/\/progettotouring.it\/radiotouring104\/2025\/10\/03\/reggio-villa-san-giuseppe-si-prepara-allinaugurazione-del-nuovo-parco-giardino\/#breadcrumb\",\"itemListElement\":[{\"@type\":\"ListItem\",\"position\":1,\"name\":\"Home\",\"item\":\"https:\/\/progettotouring.it\/radiotouring104\/\"},{\"@type\":\"ListItem\",\"position\":2,\"name\":\"Reggio: Villa San Giuseppe si prepara all&#8217;inaugurazione del nuovo Parco Giardino\"}]},{\"@type\":\"WebSite\",\"@id\":\"https:\/\/progettotouring.it\/radiotouring104\/#website\",\"url\":\"https:\/\/progettotouring.it\/radiotouring104\/\",\"name\":\"Radio Touring 104\",\"description\":\"La prima radio Reggina\",\"publisher\":{\"@id\":\"https:\/\/progettotouring.it\/radiotouring104\/#organization\"},\"potentialAction\":[{\"@type\":\"SearchAction\",\"target\":{\"@type\":\"EntryPoint\",\"urlTemplate\":\"https:\/\/progettotouring.it\/radiotouring104\/?s={search_term_string}\"},\"query-input\":{\"@type\":\"PropertyValueSpecification\",\"valueRequired\":true,\"valueName\":\"search_term_string\"}}],\"inLanguage\":\"it-IT\"},{\"@type\":\"Organization\",\"@id\":\"https:\/\/progettotouring.it\/radiotouring104\/#organization\",\"name\":\"Radio Touring 104\",\"url\":\"https:\/\/progettotouring.it\/radiotouring104\/\",\"logo\":{\"@type\":\"ImageObject\",\"inLanguage\":\"it-IT\",\"@id\":\"https:\/\/progettotouring.it\/radiotouring104\/#\/schema\/logo\/image\/\",\"url\":\"https:\/\/progettotouring.it\/radiotouring104\/wp-content\/uploads\/sites\/6\/2022\/02\/cropped-logo-radio-touring-104.png\",\"contentUrl\":\"https:\/\/progettotouring.it\/radiotouring104\/wp-content\/uploads\/sites\/6\/2022\/02\/cropped-logo-radio-touring-104.png\",\"width\":377,\"height\":182,\"caption\":\"Radio Touring 104\"},\"image\":{\"@id\":\"https:\/\/progettotouring.it\/radiotouring104\/#\/schema\/logo\/image\/\"}},{\"@type\":\"Person\",\"@id\":\"https:\/\/progettotouring.it\/radiotouring104\/#\/schema\/person\/1b3eb3c07c47136bc44c785c543e635f\",\"name\":\"redazione\",\"image\":{\"@type\":\"ImageObject\",\"inLanguage\":\"it-IT\",\"@id\":\"https:\/\/secure.gravatar.com\/avatar\/0b31605b49f100769e8b624b3e05de1b73e1692e9568a352f60f53fd072e6e11?s=96&d=mm&r=g\",\"url\":\"https:\/\/secure.gravatar.com\/avatar\/0b31605b49f100769e8b624b3e05de1b73e1692e9568a352f60f53fd072e6e11?s=96&d=mm&r=g\",\"contentUrl\":\"https:\/\/secure.gravatar.com\/avatar\/0b31605b49f100769e8b624b3e05de1b73e1692e9568a352f60f53fd072e6e11?s=96&d=mm&r=g\",\"caption\":\"redazione\"},\"url\":\"https:\/\/progettotouring.it\/radiotouring104\/author\/redazione\/\"}]}<\/script>\n<!-- \/ Yoast SEO plugin. -->","yoast_head_json":{"title":"Villa S. Giuseppe si prepara all'inaugurazione del Parco Giardino","description":"L'Associazione \"Amici Villa San Giuseppe\" rende noto che l'inaugurazione del Parco si svolger\u00e0 il 12 ottobre, alle 16:00","robots":{"index":"index","follow":"follow","max-snippet":"max-snippet:-1","max-image-preview":"max-image-preview:large","max-video-preview":"max-video-preview:-1"},"canonical":"https:\/\/progettotouring.it\/radiotouring104\/2025\/10\/03\/reggio-villa-san-giuseppe-si-prepara-allinaugurazione-del-nuovo-parco-giardino\/","og_locale":"it_IT","og_type":"article","og_title":"Villa S. Giuseppe si prepara all'inaugurazione del Parco Giardino","og_description":"L'Associazione \"Amici Villa San Giuseppe\" rende noto che l'inaugurazione del Parco si svolger\u00e0 il 12 ottobre, alle 16:00","og_url":"https:\/\/progettotouring.it\/radiotouring104\/2025\/10\/03\/reggio-villa-san-giuseppe-si-prepara-allinaugurazione-del-nuovo-parco-giardino\/","og_site_name":"Radio Touring 104","article_published_time":"2025-10-03T09:57:08+00:00","article_modified_time":"2025-10-03T10:33:11+00:00","og_image":[{"width":256,"height":250,"url":"https:\/\/progettotouring.it\/radiotouring104\/wp-content\/uploads\/sites\/6\/2025\/10\/Inaugurazione-Nuovo-Parco-Giardino-Villa-San-Giuseppe.gif","type":"image\/gif"}],"author":"redazione","twitter_card":"summary_large_image","twitter_misc":{"Scritto da":"redazione","Tempo di lettura stimato":"2 minuti"},"schema":{"@context":"https:\/\/schema.org","@graph":[{"@type":"Article","@id":"https:\/\/progettotouring.it\/radiotouring104\/2025\/10\/03\/reggio-villa-san-giuseppe-si-prepara-allinaugurazione-del-nuovo-parco-giardino\/#article","isPartOf":{"@id":"https:\/\/progettotouring.it\/radiotouring104\/2025\/10\/03\/reggio-villa-san-giuseppe-si-prepara-allinaugurazione-del-nuovo-parco-giardino\/"},"author":{"name":"redazione","@id":"https:\/\/progettotouring.it\/radiotouring104\/#\/schema\/person\/1b3eb3c07c47136bc44c785c543e635f"},"headline":"Reggio: Villa San Giuseppe si prepara all&#8217;inaugurazione del nuovo Parco Giardino","datePublished":"2025-10-03T09:57:08+00:00","dateModified":"2025-10-03T10:33:11+00:00","mainEntityOfPage":{"@id":"https:\/\/progettotouring.it\/radiotouring104\/2025\/10\/03\/reggio-villa-san-giuseppe-si-prepara-allinaugurazione-del-nuovo-parco-giardino\/"},"wordCount":374,"publisher":{"@id":"https:\/\/progettotouring.it\/radiotouring104\/#organization"},"image":{"@id":"https:\/\/progettotouring.it\/radiotouring104\/2025\/10\/03\/reggio-villa-san-giuseppe-si-prepara-allinaugurazione-del-nuovo-parco-giardino\/#primaryimage"},"thumbnailUrl":"https:\/\/progettotouring.it\/radiotouring104\/wp-content\/uploads\/sites\/6\/2025\/10\/Inaugurazione-Nuovo-Parco-Giardino-Villa-San-Giuseppe.gif","keywords":["Amici di Villa San Giuseppe","Associazione \u201cAmici di Villa San Giuseppe","inaugurazione","nuovo Parco Giardino","San Carlo Acutis"],"articleSection":["Home","News","Reggio Calabria"],"inLanguage":"it-IT"},{"@type":"WebPage","@id":"https:\/\/progettotouring.it\/radiotouring104\/2025\/10\/03\/reggio-villa-san-giuseppe-si-prepara-allinaugurazione-del-nuovo-parco-giardino\/","url":"https:\/\/progettotouring.it\/radiotouring104\/2025\/10\/03\/reggio-villa-san-giuseppe-si-prepara-allinaugurazione-del-nuovo-parco-giardino\/","name":"Villa S. Giuseppe si prepara all'inaugurazione del Parco Giardino","isPartOf":{"@id":"https:\/\/progettotouring.it\/radiotouring104\/#website"},"primaryImageOfPage":{"@id":"https:\/\/progettotouring.it\/radiotouring104\/2025\/10\/03\/reggio-villa-san-giuseppe-si-prepara-allinaugurazione-del-nuovo-parco-giardino\/#primaryimage"},"image":{"@id":"https:\/\/progettotouring.it\/radiotouring104\/2025\/10\/03\/reggio-villa-san-giuseppe-si-prepara-allinaugurazione-del-nuovo-parco-giardino\/#primaryimage"},"thumbnailUrl":"https:\/\/progettotouring.it\/radiotouring104\/wp-content\/uploads\/sites\/6\/2025\/10\/Inaugurazione-Nuovo-Parco-Giardino-Villa-San-Giuseppe.gif","datePublished":"2025-10-03T09:57:08+00:00","dateModified":"2025-10-03T10:33:11+00:00","description":"L'Associazione \"Amici Villa San Giuseppe\" rende noto che l'inaugurazione del Parco si svolger\u00e0 il 12 ottobre, alle 16:00","breadcrumb":{"@id":"https:\/\/progettotouring.it\/radiotouring104\/2025\/10\/03\/reggio-villa-san-giuseppe-si-prepara-allinaugurazione-del-nuovo-parco-giardino\/#breadcrumb"},"inLanguage":"it-IT","potentialAction":[{"@type":"ReadAction","target":["https:\/\/progettotouring.it\/radiotouring104\/2025\/10\/03\/reggio-villa-san-giuseppe-si-prepara-allinaugurazione-del-nuovo-parco-giardino\/"]}]},{"@type":"ImageObject","inLanguage":"it-IT","@id":"https:\/\/progettotouring.it\/radiotouring104\/2025\/10\/03\/reggio-villa-san-giuseppe-si-prepara-allinaugurazione-del-nuovo-parco-giardino\/#primaryimage","url":"https:\/\/progettotouring.it\/radiotouring104\/wp-content\/uploads\/sites\/6\/2025\/10\/Inaugurazione-Nuovo-Parco-Giardino-Villa-San-Giuseppe.gif","contentUrl":"https:\/\/progettotouring.it\/radiotouring104\/wp-content\/uploads\/sites\/6\/2025\/10\/Inaugurazione-Nuovo-Parco-Giardino-Villa-San-Giuseppe.gif","width":256,"height":250},{"@type":"BreadcrumbList","@id":"https:\/\/progettotouring.it\/radiotouring104\/2025\/10\/03\/reggio-villa-san-giuseppe-si-prepara-allinaugurazione-del-nuovo-parco-giardino\/#breadcrumb","itemListElement":[{"@type":"ListItem","position":1,"name":"Home","item":"https:\/\/progettotouring.it\/radiotouring104\/"},{"@type":"ListItem","position":2,"name":"Reggio: Villa San Giuseppe si prepara all&#8217;inaugurazione del nuovo Parco Giardino"}]},{"@type":"WebSite","@id":"https:\/\/progettotouring.it\/radiotouring104\/#website","url":"https:\/\/progettotouring.it\/radiotouring104\/","name":"Radio Touring 104","description":"La prima radio Reggina","publisher":{"@id":"https:\/\/progettotouring.it\/radiotouring104\/#organization"},"potentialAction":[{"@type":"SearchAction","target":{"@type":"EntryPoint","urlTemplate":"https:\/\/progettotouring.it\/radiotouring104\/?s={search_term_string}"},"query-input":{"@type":"PropertyValueSpecification","valueRequired":true,"valueName":"search_term_string"}}],"inLanguage":"it-IT"},{"@type":"Organization","@id":"https:\/\/progettotouring.it\/radiotouring104\/#organization","name":"Radio Touring 104","url":"https:\/\/progettotouring.it\/radiotouring104\/","logo":{"@type":"ImageObject","inLanguage":"it-IT","@id":"https:\/\/progettotouring.it\/radiotouring104\/#\/schema\/logo\/image\/","url":"https:\/\/progettotouring.it\/radiotouring104\/wp-content\/uploads\/sites\/6\/2022\/02\/cropped-logo-radio-touring-104.png","contentUrl":"https:\/\/progettotouring.it\/radiotouring104\/wp-content\/uploads\/sites\/6\/2022\/02\/cropped-logo-radio-touring-104.png","width":377,"height":182,"caption":"Radio Touring 104"},"image":{"@id":"https:\/\/progettotouring.it\/radiotouring104\/#\/schema\/logo\/image\/"}},{"@type":"Person","@id":"https:\/\/progettotouring.it\/radiotouring104\/#\/schema\/person\/1b3eb3c07c47136bc44c785c543e635f","name":"redazione","image":{"@type":"ImageObject","inLanguage":"it-IT","@id":"https:\/\/secure.gravatar.com\/avatar\/0b31605b49f100769e8b624b3e05de1b73e1692e9568a352f60f53fd072e6e11?s=96&d=mm&r=g","url":"https:\/\/secure.gravatar.com\/avatar\/0b31605b49f100769e8b624b3e05de1b73e1692e9568a352f60f53fd072e6e11?s=96&d=mm&r=g","contentUrl":"https:\/\/secure.gravatar.com\/avatar\/0b31605b49f100769e8b624b3e05de1b73e1692e9568a352f60f53fd072e6e11?s=96&d=mm&r=g","caption":"redazione"},"url":"https:\/\/progettotouring.it\/radiotouring104\/author\/redazione\/"}]}},"jetpack_publicize_connections":[],"jetpack_featured_media_url":"https:\/\/progettotouring.it\/radiotouring104\/wp-content\/uploads\/sites\/6\/2025\/10\/Inaugurazione-Nuovo-Parco-Giardino-Villa-San-Giuseppe.gif","jetpack_sharing_enabled":true,"_links":{"self":[{"href":"https:\/\/progettotouring.it\/radiotouring104\/wp-json\/wp\/v2\/posts\/82734","targetHints":{"allow":["GET"]}}],"collection":[{"href":"https:\/\/progettotouring.it\/radiotouring104\/wp-json\/wp\/v2\/posts"}],"about":[{"href":"https:\/\/progettotouring.it\/radiotouring104\/wp-json\/wp\/v2\/types\/post"}],"author":[{"embeddable":true,"href":"https:\/\/progettotouring.it\/radiotouring104\/wp-json\/wp\/v2\/users\/5"}],"replies":[{"embeddable":true,"href":"https:\/\/progettotouring.it\/radiotouring104\/wp-json\/wp\/v2\/comments?post=82734"}],"version-history":[{"count":1,"href":"https:\/\/progettotouring.it\/radiotouring104\/wp-json\/wp\/v2\/posts\/82734\/revisions"}],"predecessor-version":[{"id":82737,"href":"https:\/\/progettotouring.it\/radiotouring104\/wp-json\/wp\/v2\/posts\/82734\/revisions\/82737"}],"wp:featuredmedia":[{"embeddable":true,"href":"https:\/\/progettotouring.it\/radiotouring104\/wp-json\/wp\/v2\/media\/82736"}],"wp:attachment":[{"href":"https:\/\/progettotouring.it\/radiotouring104\/wp-json\/wp\/v2\/media?parent=82734"}],"wp:term":[{"taxonomy":"category","embeddable":true,"href":"https:\/\/progettotouring.it\/radiotouring104\/wp-json\/wp\/v2\/categories?post=82734"},{"taxonomy":"post_tag","embeddable":true,"href":"https:\/\/progettotouring.it\/radiotouring104\/wp-json\/wp\/v2\/tags?post=82734"}],"curies":[{"name":"wp","href":"https:\/\/api.w.org\/{rel}","templated":true}]}}