{"id":82738,"date":"2025-10-03T12:07:46","date_gmt":"2025-10-03T10:07:46","guid":{"rendered":"https:\/\/progettotouring.it\/radiotouring104\/?p=82738"},"modified":"2025-10-03T12:33:03","modified_gmt":"2025-10-03T10:33:03","slug":"violenza-di-genere-appello-della-cadic-ai-candidati-alla-presidenza-della-regione","status":"publish","type":"post","link":"https:\/\/progettotouring.it\/radiotouring104\/2025\/10\/03\/violenza-di-genere-appello-della-cadic-ai-candidati-alla-presidenza-della-regione\/","title":{"rendered":"Violenza di Genere: appello della CADIC ai candidati alla Presidenza della Regione"},"content":{"rendered":"<p>Il Coordinamento Antiviolenza Donne Insieme Calabria (CADIC) pone all\u2019attenzione dei candidati alla Presidenza della Regione Calabria il seguente manifesto\/appello. &#8220;<em>In Calabria il fenomeno della violenza maschile sulle donne \u00e8 di notevole dimensione.\u00a0 Nel 2024 le donne vittime di violenza di genere sono state oltre 1600; negli ultimi anni sono state 5 le donne in Calabria vittime di femminicidio, a cui bisogna aggiungere altre donne uccise per le quali la giustizia non ha individuato ancora un colpevole. La Calabria, sempre nell\u2019anno 2024, si colloca al 5\u00b0 posto tra le altre regioni per i reati di Stalking, con un\u2019incidenza del 40,17 (media Nazionale 33,64); per i reati di Maltrattamenti contro familiari all\u20198\u00b0 posto con un\u2019incidenza del 45,54 (media Nazionale 46,41); per i reati di Violenze Sessuali al 19\u00b0 posto con un\u2019incidenza del 6,51 (media Nazionale 10,88).<\/em><\/p>\n<p><em>Possiamo calcolare che ogni giorno, per tutti i giorni dell\u2019anno, almeno 4 donne sporgono denuncia per le violenze che subiscono.<\/em><\/p>\n<p><em>A fronte di tale rilevante dimensione del fenomeno, <strong>il territorio calabrese ha servizi antiviolenza strutturalmente fragili e presenti a macchia di leopardo<\/strong>. In alcune aree i Centri Antiviolenza sono addirittura completamente assenti. Inoltre, i Centri Antiviolenza e le Case rifugio esistenti sono in situazioni di precariet\u00e0 per fondi insufficienti e vincolati al metodo inadeguato della progettualit\u00e0 annuale e delle rette.<\/em><\/p>\n<p><em>La precedente legislatura regionale, ha approvato la nuova legge n.34 del 25 giugno 2025 \u201cNorme per il contrasto del fenomeno della violenza di genere\u201d. E\u2019 stato un traguardo importante, che ha consentito alla nostra regione di aggiornare ed adeguare la vecchia normativa alle ultime disposizioni nazionali ed internazionali, prima fra tutte la Convenzione di Istanbul.<\/em><\/p>\n<p><em>Pur riconoscendo questo merito al precedente Consiglio Regionale, rileviamo che \u00e8 rimasta non risolta la questione della sostenibilit\u00e0 finanziaria dei Centri Antiviolenza e delle Case Rifugio.<\/em><\/p>\n<p><em><strong>I Centri Antiviolenza sono il perno del contrasto alla violenza di genere<\/strong> ed il punto di riferimento specializzato per le donne che subiscono violenze. <strong>Le Case Rifugio sono luoghi che assicurano sicurezza e protezione<\/strong> alle donne ed ai loro figli, in fuga da situazioni ad alto rischio e di elevata pericolosit\u00e0. Ad essi in Calabria si rivolgono annualmente migliaia di donne.<\/em><\/p>\n<p><em>Nei nostri Centri antiviolenza quotidianamente si erogano servizi psicologici, educativi, sociali di alta qualit\u00e0 e si garantisce la tutela legale.<\/em><\/p>\n<p><em>Le donne e le professioniste dei Centri Antiviolenza e delle Case Rifugio calabresi hanno costruito negli anni un considerevole patrimonio di esperienza e di conoscenze, sperimentano metodologie e pratiche di accoglienza tra le pi\u00f9 efficaci in Italia. Ma non ottengono le risorse economiche di cui hanno bisogno.<\/em><\/p>\n<p><em><strong>Non possiamo rimanere in questa situaizone, riteniamo che vada riconosciuta ai Centri Antiviolenza ed alle Case Rifugio la qualificata ed importante funzione sociale e culturale che svolgono ed un tetto minimo di finanziamento, vincolato ad una programmazione e ad un Piano Regionale pluriennale degli interventi.<\/strong><\/em><\/p>\n<p><em>Non abbiamo bisogno di retorica ma di fatti concreti.<\/em><\/p>\n<p><em>A tal fine, facciamo appello ai candidati alle prossime elezioni regionali di assumere l\u2019impegno per l\u2019implementazione della nuova legge regionale n.34 del 2025 e per come la stessa legge dispone all\u2019articolo 15 \u201c<strong>predisporre adeguate coperture finanziarie e ad assegnarle con continuit\u00e0 e tempestivit\u00e0 affinch\u00e9 i CAV e le Case rifugio siano in condizione di operare sulla base dei requisiti e criteri previsti dalla presente legge<\/strong>\u201d., si legge nell&#8217;appello del Coordinamento Antiviolenza Donne Insieme Calabria (CADIC) ai candidati alla Presidenza della Regione Calabria.<\/em><\/p>\n","protected":false},"excerpt":{"rendered":"<p>Il Coordinamento Antiviolenza Donne Insieme Calabria (CADIC) pone all\u2019attenzione dei candidati alla Presidenza della Regione Calabria il seguente manifesto\/appello. &#8220;In Calabria il fenomeno della violenza maschile sulle donne \u00e8 di&hellip;<\/p>\n","protected":false},"author":5,"featured_media":13773,"comment_status":"closed","ping_status":"open","sticky":false,"template":"","format":"standard","meta":{"_jetpack_memberships_contains_paid_content":false,"footnotes":"","jetpack_publicize_message":"","jetpack_publicize_feature_enabled":true,"jetpack_social_post_already_shared":true,"jetpack_social_options":{"image_generator_settings":{"template":"highway","default_image_id":0,"font":"","enabled":false},"version":2}},"categories":[142,921,196],"tags":[5689,48019,48018,26345],"class_list":["post-82738","post","type-post","status-publish","format-standard","has-post-thumbnail","hentry","category-calabria","category-home","category-news","tag-appello","tag-candidati-alla-presidenza-della-regione-calabria","tag-coordinamento-antiviolenza-donne-insieme-calabria-cadic","tag-elezioni-regionali"],"yoast_head":"<!-- This site is optimized with the Yoast SEO plugin v27.2 - https:\/\/yoast.com\/product\/yoast-seo-wordpress\/ -->\n<title>Violenza di Genere: appello della CADIC ai candidati Presidenti<\/title>\n<meta name=\"description\" content=\"Pubblichiamo l&#039;appello della CADIC sulla violenza di genere, ai candidati alla Presidenza della Regione Calabria\" \/>\n<meta name=\"robots\" content=\"index, follow, max-snippet:-1, max-image-preview:large, max-video-preview:-1\" \/>\n<link rel=\"canonical\" href=\"https:\/\/progettotouring.it\/radiotouring104\/2025\/10\/03\/violenza-di-genere-appello-della-cadic-ai-candidati-alla-presidenza-della-regione\/\" \/>\n<meta property=\"og:locale\" content=\"it_IT\" \/>\n<meta property=\"og:type\" content=\"article\" \/>\n<meta property=\"og:title\" content=\"Violenza di Genere: appello della CADIC ai candidati Presidenti\" \/>\n<meta property=\"og:description\" content=\"Pubblichiamo l&#039;appello della CADIC sulla violenza di genere, ai candidati alla Presidenza della Regione Calabria\" \/>\n<meta property=\"og:url\" content=\"https:\/\/progettotouring.it\/radiotouring104\/2025\/10\/03\/violenza-di-genere-appello-della-cadic-ai-candidati-alla-presidenza-della-regione\/\" \/>\n<meta property=\"og:site_name\" content=\"Radio Touring 104\" \/>\n<meta property=\"article:published_time\" content=\"2025-10-03T10:07:46+00:00\" \/>\n<meta property=\"article:modified_time\" content=\"2025-10-03T10:33:03+00:00\" \/>\n<meta property=\"og:image\" content=\"https:\/\/progettotouring.it\/radiotouring104\/wp-content\/uploads\/sites\/6\/2022\/12\/violenza-donne.jpg\" \/>\n\t<meta property=\"og:image:width\" content=\"1000\" \/>\n\t<meta property=\"og:image:height\" content=\"664\" \/>\n\t<meta property=\"og:image:type\" content=\"image\/jpeg\" \/>\n<meta name=\"author\" content=\"redazione\" \/>\n<meta name=\"twitter:card\" content=\"summary_large_image\" \/>\n<meta name=\"twitter:label1\" content=\"Scritto da\" \/>\n\t<meta name=\"twitter:data1\" content=\"redazione\" \/>\n\t<meta name=\"twitter:label2\" content=\"Tempo di lettura stimato\" \/>\n\t<meta name=\"twitter:data2\" content=\"3 minuti\" \/>\n<script type=\"application\/ld+json\" class=\"yoast-schema-graph\">{\"@context\":\"https:\/\/schema.org\",\"@graph\":[{\"@type\":\"Article\",\"@id\":\"https:\/\/progettotouring.it\/radiotouring104\/2025\/10\/03\/violenza-di-genere-appello-della-cadic-ai-candidati-alla-presidenza-della-regione\/#article\",\"isPartOf\":{\"@id\":\"https:\/\/progettotouring.it\/radiotouring104\/2025\/10\/03\/violenza-di-genere-appello-della-cadic-ai-candidati-alla-presidenza-della-regione\/\"},\"author\":{\"name\":\"redazione\",\"@id\":\"https:\/\/progettotouring.it\/radiotouring104\/#\/schema\/person\/1b3eb3c07c47136bc44c785c543e635f\"},\"headline\":\"Violenza di Genere: appello della CADIC ai candidati alla Presidenza della Regione\",\"datePublished\":\"2025-10-03T10:07:46+00:00\",\"dateModified\":\"2025-10-03T10:33:03+00:00\",\"mainEntityOfPage\":{\"@id\":\"https:\/\/progettotouring.it\/radiotouring104\/2025\/10\/03\/violenza-di-genere-appello-della-cadic-ai-candidati-alla-presidenza-della-regione\/\"},\"wordCount\":562,\"publisher\":{\"@id\":\"https:\/\/progettotouring.it\/radiotouring104\/#organization\"},\"image\":{\"@id\":\"https:\/\/progettotouring.it\/radiotouring104\/2025\/10\/03\/violenza-di-genere-appello-della-cadic-ai-candidati-alla-presidenza-della-regione\/#primaryimage\"},\"thumbnailUrl\":\"https:\/\/progettotouring.it\/radiotouring104\/wp-content\/uploads\/sites\/6\/2022\/12\/violenza-donne.jpg\",\"keywords\":[\"appello\",\"candidati alla Presidenza della Regione Calabria.\",\"Coordinamento Antiviolenza Donne Insieme Calabria (CADIC)\",\"Elezioni Regionali\"],\"articleSection\":[\"Calabria\",\"Home\",\"News\"],\"inLanguage\":\"it-IT\"},{\"@type\":\"WebPage\",\"@id\":\"https:\/\/progettotouring.it\/radiotouring104\/2025\/10\/03\/violenza-di-genere-appello-della-cadic-ai-candidati-alla-presidenza-della-regione\/\",\"url\":\"https:\/\/progettotouring.it\/radiotouring104\/2025\/10\/03\/violenza-di-genere-appello-della-cadic-ai-candidati-alla-presidenza-della-regione\/\",\"name\":\"Violenza di Genere: appello della CADIC ai candidati Presidenti\",\"isPartOf\":{\"@id\":\"https:\/\/progettotouring.it\/radiotouring104\/#website\"},\"primaryImageOfPage\":{\"@id\":\"https:\/\/progettotouring.it\/radiotouring104\/2025\/10\/03\/violenza-di-genere-appello-della-cadic-ai-candidati-alla-presidenza-della-regione\/#primaryimage\"},\"image\":{\"@id\":\"https:\/\/progettotouring.it\/radiotouring104\/2025\/10\/03\/violenza-di-genere-appello-della-cadic-ai-candidati-alla-presidenza-della-regione\/#primaryimage\"},\"thumbnailUrl\":\"https:\/\/progettotouring.it\/radiotouring104\/wp-content\/uploads\/sites\/6\/2022\/12\/violenza-donne.jpg\",\"datePublished\":\"2025-10-03T10:07:46+00:00\",\"dateModified\":\"2025-10-03T10:33:03+00:00\",\"description\":\"Pubblichiamo l'appello della CADIC sulla violenza di genere, ai candidati alla Presidenza della Regione Calabria\",\"breadcrumb\":{\"@id\":\"https:\/\/progettotouring.it\/radiotouring104\/2025\/10\/03\/violenza-di-genere-appello-della-cadic-ai-candidati-alla-presidenza-della-regione\/#breadcrumb\"},\"inLanguage\":\"it-IT\",\"potentialAction\":[{\"@type\":\"ReadAction\",\"target\":[\"https:\/\/progettotouring.it\/radiotouring104\/2025\/10\/03\/violenza-di-genere-appello-della-cadic-ai-candidati-alla-presidenza-della-regione\/\"]}]},{\"@type\":\"ImageObject\",\"inLanguage\":\"it-IT\",\"@id\":\"https:\/\/progettotouring.it\/radiotouring104\/2025\/10\/03\/violenza-di-genere-appello-della-cadic-ai-candidati-alla-presidenza-della-regione\/#primaryimage\",\"url\":\"https:\/\/progettotouring.it\/radiotouring104\/wp-content\/uploads\/sites\/6\/2022\/12\/violenza-donne.jpg\",\"contentUrl\":\"https:\/\/progettotouring.it\/radiotouring104\/wp-content\/uploads\/sites\/6\/2022\/12\/violenza-donne.jpg\",\"width\":1000,\"height\":664},{\"@type\":\"BreadcrumbList\",\"@id\":\"https:\/\/progettotouring.it\/radiotouring104\/2025\/10\/03\/violenza-di-genere-appello-della-cadic-ai-candidati-alla-presidenza-della-regione\/#breadcrumb\",\"itemListElement\":[{\"@type\":\"ListItem\",\"position\":1,\"name\":\"Home\",\"item\":\"https:\/\/progettotouring.it\/radiotouring104\/\"},{\"@type\":\"ListItem\",\"position\":2,\"name\":\"Violenza di Genere: appello della CADIC ai candidati alla Presidenza della Regione\"}]},{\"@type\":\"WebSite\",\"@id\":\"https:\/\/progettotouring.it\/radiotouring104\/#website\",\"url\":\"https:\/\/progettotouring.it\/radiotouring104\/\",\"name\":\"Radio Touring 104\",\"description\":\"La prima radio Reggina\",\"publisher\":{\"@id\":\"https:\/\/progettotouring.it\/radiotouring104\/#organization\"},\"potentialAction\":[{\"@type\":\"SearchAction\",\"target\":{\"@type\":\"EntryPoint\",\"urlTemplate\":\"https:\/\/progettotouring.it\/radiotouring104\/?s={search_term_string}\"},\"query-input\":{\"@type\":\"PropertyValueSpecification\",\"valueRequired\":true,\"valueName\":\"search_term_string\"}}],\"inLanguage\":\"it-IT\"},{\"@type\":\"Organization\",\"@id\":\"https:\/\/progettotouring.it\/radiotouring104\/#organization\",\"name\":\"Radio Touring 104\",\"url\":\"https:\/\/progettotouring.it\/radiotouring104\/\",\"logo\":{\"@type\":\"ImageObject\",\"inLanguage\":\"it-IT\",\"@id\":\"https:\/\/progettotouring.it\/radiotouring104\/#\/schema\/logo\/image\/\",\"url\":\"https:\/\/progettotouring.it\/radiotouring104\/wp-content\/uploads\/sites\/6\/2022\/02\/cropped-logo-radio-touring-104.png\",\"contentUrl\":\"https:\/\/progettotouring.it\/radiotouring104\/wp-content\/uploads\/sites\/6\/2022\/02\/cropped-logo-radio-touring-104.png\",\"width\":377,\"height\":182,\"caption\":\"Radio Touring 104\"},\"image\":{\"@id\":\"https:\/\/progettotouring.it\/radiotouring104\/#\/schema\/logo\/image\/\"}},{\"@type\":\"Person\",\"@id\":\"https:\/\/progettotouring.it\/radiotouring104\/#\/schema\/person\/1b3eb3c07c47136bc44c785c543e635f\",\"name\":\"redazione\",\"image\":{\"@type\":\"ImageObject\",\"inLanguage\":\"it-IT\",\"@id\":\"https:\/\/secure.gravatar.com\/avatar\/0b31605b49f100769e8b624b3e05de1b73e1692e9568a352f60f53fd072e6e11?s=96&d=mm&r=g\",\"url\":\"https:\/\/secure.gravatar.com\/avatar\/0b31605b49f100769e8b624b3e05de1b73e1692e9568a352f60f53fd072e6e11?s=96&d=mm&r=g\",\"contentUrl\":\"https:\/\/secure.gravatar.com\/avatar\/0b31605b49f100769e8b624b3e05de1b73e1692e9568a352f60f53fd072e6e11?s=96&d=mm&r=g\",\"caption\":\"redazione\"},\"url\":\"https:\/\/progettotouring.it\/radiotouring104\/author\/redazione\/\"}]}<\/script>\n<!-- \/ Yoast SEO plugin. -->","yoast_head_json":{"title":"Violenza di Genere: appello della CADIC ai candidati Presidenti","description":"Pubblichiamo l'appello della CADIC sulla violenza di genere, ai candidati alla Presidenza della Regione Calabria","robots":{"index":"index","follow":"follow","max-snippet":"max-snippet:-1","max-image-preview":"max-image-preview:large","max-video-preview":"max-video-preview:-1"},"canonical":"https:\/\/progettotouring.it\/radiotouring104\/2025\/10\/03\/violenza-di-genere-appello-della-cadic-ai-candidati-alla-presidenza-della-regione\/","og_locale":"it_IT","og_type":"article","og_title":"Violenza di Genere: appello della CADIC ai candidati Presidenti","og_description":"Pubblichiamo l'appello della CADIC sulla violenza di genere, ai candidati alla Presidenza della Regione Calabria","og_url":"https:\/\/progettotouring.it\/radiotouring104\/2025\/10\/03\/violenza-di-genere-appello-della-cadic-ai-candidati-alla-presidenza-della-regione\/","og_site_name":"Radio Touring 104","article_published_time":"2025-10-03T10:07:46+00:00","article_modified_time":"2025-10-03T10:33:03+00:00","og_image":[{"width":1000,"height":664,"url":"https:\/\/progettotouring.it\/radiotouring104\/wp-content\/uploads\/sites\/6\/2022\/12\/violenza-donne.jpg","type":"image\/jpeg"}],"author":"redazione","twitter_card":"summary_large_image","twitter_misc":{"Scritto da":"redazione","Tempo di lettura stimato":"3 minuti"},"schema":{"@context":"https:\/\/schema.org","@graph":[{"@type":"Article","@id":"https:\/\/progettotouring.it\/radiotouring104\/2025\/10\/03\/violenza-di-genere-appello-della-cadic-ai-candidati-alla-presidenza-della-regione\/#article","isPartOf":{"@id":"https:\/\/progettotouring.it\/radiotouring104\/2025\/10\/03\/violenza-di-genere-appello-della-cadic-ai-candidati-alla-presidenza-della-regione\/"},"author":{"name":"redazione","@id":"https:\/\/progettotouring.it\/radiotouring104\/#\/schema\/person\/1b3eb3c07c47136bc44c785c543e635f"},"headline":"Violenza di Genere: appello della CADIC ai candidati alla Presidenza della Regione","datePublished":"2025-10-03T10:07:46+00:00","dateModified":"2025-10-03T10:33:03+00:00","mainEntityOfPage":{"@id":"https:\/\/progettotouring.it\/radiotouring104\/2025\/10\/03\/violenza-di-genere-appello-della-cadic-ai-candidati-alla-presidenza-della-regione\/"},"wordCount":562,"publisher":{"@id":"https:\/\/progettotouring.it\/radiotouring104\/#organization"},"image":{"@id":"https:\/\/progettotouring.it\/radiotouring104\/2025\/10\/03\/violenza-di-genere-appello-della-cadic-ai-candidati-alla-presidenza-della-regione\/#primaryimage"},"thumbnailUrl":"https:\/\/progettotouring.it\/radiotouring104\/wp-content\/uploads\/sites\/6\/2022\/12\/violenza-donne.jpg","keywords":["appello","candidati alla Presidenza della Regione Calabria.","Coordinamento Antiviolenza Donne Insieme Calabria (CADIC)","Elezioni Regionali"],"articleSection":["Calabria","Home","News"],"inLanguage":"it-IT"},{"@type":"WebPage","@id":"https:\/\/progettotouring.it\/radiotouring104\/2025\/10\/03\/violenza-di-genere-appello-della-cadic-ai-candidati-alla-presidenza-della-regione\/","url":"https:\/\/progettotouring.it\/radiotouring104\/2025\/10\/03\/violenza-di-genere-appello-della-cadic-ai-candidati-alla-presidenza-della-regione\/","name":"Violenza di Genere: appello della CADIC ai candidati Presidenti","isPartOf":{"@id":"https:\/\/progettotouring.it\/radiotouring104\/#website"},"primaryImageOfPage":{"@id":"https:\/\/progettotouring.it\/radiotouring104\/2025\/10\/03\/violenza-di-genere-appello-della-cadic-ai-candidati-alla-presidenza-della-regione\/#primaryimage"},"image":{"@id":"https:\/\/progettotouring.it\/radiotouring104\/2025\/10\/03\/violenza-di-genere-appello-della-cadic-ai-candidati-alla-presidenza-della-regione\/#primaryimage"},"thumbnailUrl":"https:\/\/progettotouring.it\/radiotouring104\/wp-content\/uploads\/sites\/6\/2022\/12\/violenza-donne.jpg","datePublished":"2025-10-03T10:07:46+00:00","dateModified":"2025-10-03T10:33:03+00:00","description":"Pubblichiamo l'appello della CADIC sulla violenza di genere, ai candidati alla Presidenza della Regione Calabria","breadcrumb":{"@id":"https:\/\/progettotouring.it\/radiotouring104\/2025\/10\/03\/violenza-di-genere-appello-della-cadic-ai-candidati-alla-presidenza-della-regione\/#breadcrumb"},"inLanguage":"it-IT","potentialAction":[{"@type":"ReadAction","target":["https:\/\/progettotouring.it\/radiotouring104\/2025\/10\/03\/violenza-di-genere-appello-della-cadic-ai-candidati-alla-presidenza-della-regione\/"]}]},{"@type":"ImageObject","inLanguage":"it-IT","@id":"https:\/\/progettotouring.it\/radiotouring104\/2025\/10\/03\/violenza-di-genere-appello-della-cadic-ai-candidati-alla-presidenza-della-regione\/#primaryimage","url":"https:\/\/progettotouring.it\/radiotouring104\/wp-content\/uploads\/sites\/6\/2022\/12\/violenza-donne.jpg","contentUrl":"https:\/\/progettotouring.it\/radiotouring104\/wp-content\/uploads\/sites\/6\/2022\/12\/violenza-donne.jpg","width":1000,"height":664},{"@type":"BreadcrumbList","@id":"https:\/\/progettotouring.it\/radiotouring104\/2025\/10\/03\/violenza-di-genere-appello-della-cadic-ai-candidati-alla-presidenza-della-regione\/#breadcrumb","itemListElement":[{"@type":"ListItem","position":1,"name":"Home","item":"https:\/\/progettotouring.it\/radiotouring104\/"},{"@type":"ListItem","position":2,"name":"Violenza di Genere: appello della CADIC ai candidati alla Presidenza della Regione"}]},{"@type":"WebSite","@id":"https:\/\/progettotouring.it\/radiotouring104\/#website","url":"https:\/\/progettotouring.it\/radiotouring104\/","name":"Radio Touring 104","description":"La prima radio Reggina","publisher":{"@id":"https:\/\/progettotouring.it\/radiotouring104\/#organization"},"potentialAction":[{"@type":"SearchAction","target":{"@type":"EntryPoint","urlTemplate":"https:\/\/progettotouring.it\/radiotouring104\/?s={search_term_string}"},"query-input":{"@type":"PropertyValueSpecification","valueRequired":true,"valueName":"search_term_string"}}],"inLanguage":"it-IT"},{"@type":"Organization","@id":"https:\/\/progettotouring.it\/radiotouring104\/#organization","name":"Radio Touring 104","url":"https:\/\/progettotouring.it\/radiotouring104\/","logo":{"@type":"ImageObject","inLanguage":"it-IT","@id":"https:\/\/progettotouring.it\/radiotouring104\/#\/schema\/logo\/image\/","url":"https:\/\/progettotouring.it\/radiotouring104\/wp-content\/uploads\/sites\/6\/2022\/02\/cropped-logo-radio-touring-104.png","contentUrl":"https:\/\/progettotouring.it\/radiotouring104\/wp-content\/uploads\/sites\/6\/2022\/02\/cropped-logo-radio-touring-104.png","width":377,"height":182,"caption":"Radio Touring 104"},"image":{"@id":"https:\/\/progettotouring.it\/radiotouring104\/#\/schema\/logo\/image\/"}},{"@type":"Person","@id":"https:\/\/progettotouring.it\/radiotouring104\/#\/schema\/person\/1b3eb3c07c47136bc44c785c543e635f","name":"redazione","image":{"@type":"ImageObject","inLanguage":"it-IT","@id":"https:\/\/secure.gravatar.com\/avatar\/0b31605b49f100769e8b624b3e05de1b73e1692e9568a352f60f53fd072e6e11?s=96&d=mm&r=g","url":"https:\/\/secure.gravatar.com\/avatar\/0b31605b49f100769e8b624b3e05de1b73e1692e9568a352f60f53fd072e6e11?s=96&d=mm&r=g","contentUrl":"https:\/\/secure.gravatar.com\/avatar\/0b31605b49f100769e8b624b3e05de1b73e1692e9568a352f60f53fd072e6e11?s=96&d=mm&r=g","caption":"redazione"},"url":"https:\/\/progettotouring.it\/radiotouring104\/author\/redazione\/"}]}},"jetpack_publicize_connections":[],"jetpack_featured_media_url":"https:\/\/progettotouring.it\/radiotouring104\/wp-content\/uploads\/sites\/6\/2022\/12\/violenza-donne.jpg","jetpack_sharing_enabled":true,"_links":{"self":[{"href":"https:\/\/progettotouring.it\/radiotouring104\/wp-json\/wp\/v2\/posts\/82738","targetHints":{"allow":["GET"]}}],"collection":[{"href":"https:\/\/progettotouring.it\/radiotouring104\/wp-json\/wp\/v2\/posts"}],"about":[{"href":"https:\/\/progettotouring.it\/radiotouring104\/wp-json\/wp\/v2\/types\/post"}],"author":[{"embeddable":true,"href":"https:\/\/progettotouring.it\/radiotouring104\/wp-json\/wp\/v2\/users\/5"}],"replies":[{"embeddable":true,"href":"https:\/\/progettotouring.it\/radiotouring104\/wp-json\/wp\/v2\/comments?post=82738"}],"version-history":[{"count":1,"href":"https:\/\/progettotouring.it\/radiotouring104\/wp-json\/wp\/v2\/posts\/82738\/revisions"}],"predecessor-version":[{"id":82739,"href":"https:\/\/progettotouring.it\/radiotouring104\/wp-json\/wp\/v2\/posts\/82738\/revisions\/82739"}],"wp:featuredmedia":[{"embeddable":true,"href":"https:\/\/progettotouring.it\/radiotouring104\/wp-json\/wp\/v2\/media\/13773"}],"wp:attachment":[{"href":"https:\/\/progettotouring.it\/radiotouring104\/wp-json\/wp\/v2\/media?parent=82738"}],"wp:term":[{"taxonomy":"category","embeddable":true,"href":"https:\/\/progettotouring.it\/radiotouring104\/wp-json\/wp\/v2\/categories?post=82738"},{"taxonomy":"post_tag","embeddable":true,"href":"https:\/\/progettotouring.it\/radiotouring104\/wp-json\/wp\/v2\/tags?post=82738"}],"curies":[{"name":"wp","href":"https:\/\/api.w.org\/{rel}","templated":true}]}}