{"id":8303,"date":"2022-07-22T17:15:43","date_gmt":"2022-07-22T15:15:43","guid":{"rendered":"https:\/\/progettotouring.it\/radiotouring104\/?p=8303"},"modified":"2022-07-22T17:15:43","modified_gmt":"2022-07-22T15:15:43","slug":"reggio-calabria-prende-vita-il-nuovo-centro-per-il-sociale","status":"publish","type":"post","link":"https:\/\/progettotouring.it\/radiotouring104\/2022\/07\/22\/reggio-calabria-prende-vita-il-nuovo-centro-per-il-sociale\/","title":{"rendered":"Reggio Calabria, prende vita il nuovo centro per il sociale"},"content":{"rendered":"<div style=\"text-align: justify\">\u00c8 stato inaugurato questa mattina dal Consorzio Macram\u00e8, l\u2019immobile confiscato alla &#8216;ndrangheta nel centro storico di Reggio Calabria (Via Possidonea 53\/A) e ristrutturato nell\u2019ambito del progetto Impronte a Sud \u2013 Welfare Lab grazie al sostegno di Fondazione Con il Sud e Fondazione Peppino Vismara. L&#8217;immobile, un antico palazzo anni \u201930 stile liberty, \u00e8 stato assegnato dalla Citt\u00e0 Metropolitana di Reggio Calabria al Consorzio Macram\u00e8 nel 2017. Oggi al termine di un complesso iter burocratico e dopo il completamento dei lavori di riqualificazione, l&#8217;immobile viene restituito alla collettivit\u00e0 nell&#8217;ambito di un progetto (&#8220;Impronte a Sud&#8221;) destinato ad offrire servizi alle fasce pi\u00f9 fragili della popolazione oltre che un punto di riferimento di prossimit\u00e0 per il Terzo settore e per le emergenze sociali. Presenti tra gli altri alla cerimonia del taglio del nastro Carmelo Versace sindaco facente funzioni della Citt\u00e0 Metropolitana di Reggio Calabria, Giuggi Palmenta, assessora comunale alla Legalit\u00e0, Carlo Borgomeo, presidente di Fondazione CON IL SUD, Giancarlo Rafele presidente del Consorzio Macram\u00e8 e don Ennio Stamile, coordinatore Libera Calabria.<\/p>\n<p>&#8220;Oggi \u00e8 una bellissima giornata segnata dall\u2019ennesima pagina di buona amministrazione e di virtuosa gestione di un settore delicato e fondamentale come quello dei beni confiscati\u201d, ha detto nel corso del suo intervento il Sindaco metropolitano f.f. Versace, evidenziando la centralit\u00e0 di \u201cun percorso certamente non semplice ma che oggi restituisce alla nostra comunit\u00e0 un luogo rigenerato e un presidio per il tessuto sociale e il mondo del Terzo settore. La Citt\u00e0 metropolitana sta compiendo sul terreno dei patrimoni sottratti alla criminalit\u00e0 un lavoro incessante e attento, frutto di una precisa scelta di indirizzo politico adottata dal Sindaco Giuseppe Falcomat\u00e0 gi\u00e0 nel suo primo mandato e che oggi va avanti con grande determinazione. L\u2019amministrazione metropolitana ha affidato questo bene, nel cuore del centro storico di Reggio Calabria, nella consapevolezza che sarebbe sorto qualcosa di bello, positivo e soprattutto utile. Cos\u00ec \u00e8 stato grazie alla progettualit\u00e0 e allo straordinario impegno profuso da Macram\u00e8 in collaborazione con Fondazione Con il Sud e Fondazione Peppino Vismara. E oggi \u00e8 anche l\u2019occasione giusta \u2013 ha poi concluso Versace \u2013 per sottolineare le criticit\u00e0 anche ancora insistono sul fronte delle normative in materia di beni confiscati, ricordando che \u00e8 troppo lungo il lasso di tempo che passa tra la consegna di un bene alle istituzioni e l\u2019effettiva operativit\u00e0 degli immobili stessi. Un problema concreto di cui la politica deve farsi carico al pi\u00f9 presto\u201d.<\/p>\n<p>Soddisfazione \u00e8 stata espressa anche dall\u2019assessora Palmenta, \u201cper un progetto che vede la luce e che entra a pieno titolo nel quadro dei servizi rivolti alle fasce pi\u00f9 fragili della popolazione. La legge 109 del 96 \u00e8 qualcosa di meraviglioso, una strada tracciata grazie a Libera e che rimarca l\u2019importanza di restituire i beni confiscati alla comunit\u00e0 non solo quale momento per creare servizi e opportunit\u00e0 per i nostri giovani ma anche come segnale, fortissimo, rivolto alle coscienze e all\u2019intera cittadinanza che pu\u00f2 cos\u00ec toccare con mano, concretamente, la presenza e l\u2019incidenza dello Stato\u201d.<\/p><\/div>\n<div style=\"text-align: justify\"><\/div>\n<div style=\"text-align: justify\"><\/div>\n<div><\/div>\n","protected":false},"excerpt":{"rendered":"<p>\u00c8 stato inaugurato questa mattina dal Consorzio Macram\u00e8, l\u2019immobile confiscato alla &#8216;ndrangheta nel centro storico di Reggio Calabria (Via Possidonea 53\/A) e ristrutturato nell\u2019ambito del progetto Impronte a Sud \u2013&hellip;<\/p>\n","protected":false},"author":10,"featured_media":8304,"comment_status":"open","ping_status":"open","sticky":false,"template":"","format":"standard","meta":{"_jetpack_memberships_contains_paid_content":false,"footnotes":"","jetpack_publicize_message":"","jetpack_publicize_feature_enabled":true,"jetpack_social_post_already_shared":false,"jetpack_social_options":{"image_generator_settings":{"template":"highway","default_image_id":0,"font":"","enabled":false},"version":2}},"categories":[921,196,140],"tags":[3689,239,563,3742,3690,1524,236],"class_list":["post-8303","post","type-post","status-publish","format-standard","has-post-thumbnail","hentry","category-home","category-news","category-reggio-calabria","tag-carlo-borgomeo","tag-carmelo-versace","tag-citta-metropolitana-di-reggio-calabria","tag-ennio-stamile","tag-giancarlo-rafele","tag-giuggi-palmenta","tag-reggio-calabria"],"yoast_head":"<!-- This site is optimized with the Yoast SEO plugin v27.2 - https:\/\/yoast.com\/product\/yoast-seo-wordpress\/ -->\n<title>Reggio Calabria, prende vita il nuovo centro per il sociale<\/title>\n<meta name=\"description\" content=\"Inaugurata questa mattina la rete di servizi del Terzo settore attivati nell&#039;immobile confiscato alla &#039;ndrangheta e assegnato dalla Citt\u00e0 metropolitana di Reggio Calabria al Consorzio Macram\u00e8. Presente anche l\u2019assessora comunale alla Legalit\u00e0, Giuggi Palmenta\" \/>\n<meta name=\"robots\" content=\"index, follow, max-snippet:-1, max-image-preview:large, max-video-preview:-1\" \/>\n<link rel=\"canonical\" href=\"https:\/\/progettotouring.it\/radiotouring104\/2022\/07\/22\/reggio-calabria-prende-vita-il-nuovo-centro-per-il-sociale\/\" \/>\n<meta property=\"og:locale\" content=\"it_IT\" \/>\n<meta property=\"og:type\" content=\"article\" \/>\n<meta property=\"og:title\" content=\"Reggio Calabria, prende vita il nuovo centro per il sociale\" \/>\n<meta property=\"og:description\" content=\"Inaugurata questa mattina la rete di servizi del Terzo settore attivati nell&#039;immobile confiscato alla &#039;ndrangheta e assegnato dalla Citt\u00e0 metropolitana di Reggio Calabria al Consorzio Macram\u00e8. Presente anche l\u2019assessora comunale alla Legalit\u00e0, Giuggi Palmenta\" \/>\n<meta property=\"og:url\" content=\"https:\/\/progettotouring.it\/radiotouring104\/2022\/07\/22\/reggio-calabria-prende-vita-il-nuovo-centro-per-il-sociale\/\" \/>\n<meta property=\"og:site_name\" content=\"Radio Touring 104\" \/>\n<meta property=\"article:published_time\" content=\"2022-07-22T15:15:43+00:00\" \/>\n<meta property=\"og:image\" content=\"https:\/\/progettotouring.it\/radiotouring104\/wp-content\/uploads\/sites\/6\/2022\/07\/bene-confiscato-macrame-1.jpeg\" \/>\n\t<meta property=\"og:image:width\" content=\"1640\" \/>\n\t<meta property=\"og:image:height\" content=\"738\" \/>\n\t<meta property=\"og:image:type\" content=\"image\/jpeg\" \/>\n<meta name=\"author\" content=\"Paolo Frascati\" \/>\n<meta name=\"twitter:card\" content=\"summary_large_image\" \/>\n<meta name=\"twitter:label1\" content=\"Scritto da\" \/>\n\t<meta name=\"twitter:data1\" content=\"Paolo Frascati\" \/>\n\t<meta name=\"twitter:label2\" content=\"Tempo di lettura stimato\" \/>\n\t<meta name=\"twitter:data2\" content=\"2 minuti\" \/>\n<script type=\"application\/ld+json\" class=\"yoast-schema-graph\">{\"@context\":\"https:\/\/schema.org\",\"@graph\":[{\"@type\":\"Article\",\"@id\":\"https:\/\/progettotouring.it\/radiotouring104\/2022\/07\/22\/reggio-calabria-prende-vita-il-nuovo-centro-per-il-sociale\/#article\",\"isPartOf\":{\"@id\":\"https:\/\/progettotouring.it\/radiotouring104\/2022\/07\/22\/reggio-calabria-prende-vita-il-nuovo-centro-per-il-sociale\/\"},\"author\":{\"name\":\"Paolo Frascati\",\"@id\":\"https:\/\/progettotouring.it\/radiotouring104\/#\/schema\/person\/f0ca1b839e26c1b921f796a3458a8574\"},\"headline\":\"Reggio Calabria, prende vita il nuovo centro per il sociale\",\"datePublished\":\"2022-07-22T15:15:43+00:00\",\"mainEntityOfPage\":{\"@id\":\"https:\/\/progettotouring.it\/radiotouring104\/2022\/07\/22\/reggio-calabria-prende-vita-il-nuovo-centro-per-il-sociale\/\"},\"wordCount\":498,\"commentCount\":0,\"publisher\":{\"@id\":\"https:\/\/progettotouring.it\/radiotouring104\/#organization\"},\"image\":{\"@id\":\"https:\/\/progettotouring.it\/radiotouring104\/2022\/07\/22\/reggio-calabria-prende-vita-il-nuovo-centro-per-il-sociale\/#primaryimage\"},\"thumbnailUrl\":\"https:\/\/progettotouring.it\/radiotouring104\/wp-content\/uploads\/sites\/6\/2022\/07\/bene-confiscato-macrame-1.jpeg\",\"keywords\":[\"carlo borgomeo\",\"carmelo versace\",\"Citt\u00e0 Metropolitana di Reggio Calabria\",\"Ennio Stamile\",\"giancarlo rafele\",\"Giuggi Palmenta\",\"reggio calabria\"],\"articleSection\":[\"Home\",\"News\",\"Reggio Calabria\"],\"inLanguage\":\"it-IT\",\"potentialAction\":[{\"@type\":\"CommentAction\",\"name\":\"Comment\",\"target\":[\"https:\/\/progettotouring.it\/radiotouring104\/2022\/07\/22\/reggio-calabria-prende-vita-il-nuovo-centro-per-il-sociale\/#respond\"]}]},{\"@type\":\"WebPage\",\"@id\":\"https:\/\/progettotouring.it\/radiotouring104\/2022\/07\/22\/reggio-calabria-prende-vita-il-nuovo-centro-per-il-sociale\/\",\"url\":\"https:\/\/progettotouring.it\/radiotouring104\/2022\/07\/22\/reggio-calabria-prende-vita-il-nuovo-centro-per-il-sociale\/\",\"name\":\"Reggio Calabria, prende vita il nuovo centro per il sociale\",\"isPartOf\":{\"@id\":\"https:\/\/progettotouring.it\/radiotouring104\/#website\"},\"primaryImageOfPage\":{\"@id\":\"https:\/\/progettotouring.it\/radiotouring104\/2022\/07\/22\/reggio-calabria-prende-vita-il-nuovo-centro-per-il-sociale\/#primaryimage\"},\"image\":{\"@id\":\"https:\/\/progettotouring.it\/radiotouring104\/2022\/07\/22\/reggio-calabria-prende-vita-il-nuovo-centro-per-il-sociale\/#primaryimage\"},\"thumbnailUrl\":\"https:\/\/progettotouring.it\/radiotouring104\/wp-content\/uploads\/sites\/6\/2022\/07\/bene-confiscato-macrame-1.jpeg\",\"datePublished\":\"2022-07-22T15:15:43+00:00\",\"description\":\"Inaugurata questa mattina la rete di servizi del Terzo settore attivati nell'immobile confiscato alla 'ndrangheta e assegnato dalla Citt\u00e0 metropolitana di Reggio Calabria al Consorzio Macram\u00e8. Presente anche l\u2019assessora comunale alla Legalit\u00e0, Giuggi Palmenta\",\"breadcrumb\":{\"@id\":\"https:\/\/progettotouring.it\/radiotouring104\/2022\/07\/22\/reggio-calabria-prende-vita-il-nuovo-centro-per-il-sociale\/#breadcrumb\"},\"inLanguage\":\"it-IT\",\"potentialAction\":[{\"@type\":\"ReadAction\",\"target\":[\"https:\/\/progettotouring.it\/radiotouring104\/2022\/07\/22\/reggio-calabria-prende-vita-il-nuovo-centro-per-il-sociale\/\"]}]},{\"@type\":\"ImageObject\",\"inLanguage\":\"it-IT\",\"@id\":\"https:\/\/progettotouring.it\/radiotouring104\/2022\/07\/22\/reggio-calabria-prende-vita-il-nuovo-centro-per-il-sociale\/#primaryimage\",\"url\":\"https:\/\/progettotouring.it\/radiotouring104\/wp-content\/uploads\/sites\/6\/2022\/07\/bene-confiscato-macrame-1.jpeg\",\"contentUrl\":\"https:\/\/progettotouring.it\/radiotouring104\/wp-content\/uploads\/sites\/6\/2022\/07\/bene-confiscato-macrame-1.jpeg\",\"width\":1640,\"height\":738},{\"@type\":\"BreadcrumbList\",\"@id\":\"https:\/\/progettotouring.it\/radiotouring104\/2022\/07\/22\/reggio-calabria-prende-vita-il-nuovo-centro-per-il-sociale\/#breadcrumb\",\"itemListElement\":[{\"@type\":\"ListItem\",\"position\":1,\"name\":\"Home\",\"item\":\"https:\/\/progettotouring.it\/radiotouring104\/\"},{\"@type\":\"ListItem\",\"position\":2,\"name\":\"Reggio Calabria, prende vita il nuovo centro per il sociale\"}]},{\"@type\":\"WebSite\",\"@id\":\"https:\/\/progettotouring.it\/radiotouring104\/#website\",\"url\":\"https:\/\/progettotouring.it\/radiotouring104\/\",\"name\":\"Radio Touring 104\",\"description\":\"La prima radio Reggina\",\"publisher\":{\"@id\":\"https:\/\/progettotouring.it\/radiotouring104\/#organization\"},\"potentialAction\":[{\"@type\":\"SearchAction\",\"target\":{\"@type\":\"EntryPoint\",\"urlTemplate\":\"https:\/\/progettotouring.it\/radiotouring104\/?s={search_term_string}\"},\"query-input\":{\"@type\":\"PropertyValueSpecification\",\"valueRequired\":true,\"valueName\":\"search_term_string\"}}],\"inLanguage\":\"it-IT\"},{\"@type\":\"Organization\",\"@id\":\"https:\/\/progettotouring.it\/radiotouring104\/#organization\",\"name\":\"Radio Touring 104\",\"url\":\"https:\/\/progettotouring.it\/radiotouring104\/\",\"logo\":{\"@type\":\"ImageObject\",\"inLanguage\":\"it-IT\",\"@id\":\"https:\/\/progettotouring.it\/radiotouring104\/#\/schema\/logo\/image\/\",\"url\":\"https:\/\/progettotouring.it\/radiotouring104\/wp-content\/uploads\/sites\/6\/2022\/02\/cropped-logo-radio-touring-104.png\",\"contentUrl\":\"https:\/\/progettotouring.it\/radiotouring104\/wp-content\/uploads\/sites\/6\/2022\/02\/cropped-logo-radio-touring-104.png\",\"width\":377,\"height\":182,\"caption\":\"Radio Touring 104\"},\"image\":{\"@id\":\"https:\/\/progettotouring.it\/radiotouring104\/#\/schema\/logo\/image\/\"}},{\"@type\":\"Person\",\"@id\":\"https:\/\/progettotouring.it\/radiotouring104\/#\/schema\/person\/f0ca1b839e26c1b921f796a3458a8574\",\"name\":\"Paolo Frascati\",\"image\":{\"@type\":\"ImageObject\",\"inLanguage\":\"it-IT\",\"@id\":\"https:\/\/secure.gravatar.com\/avatar\/acad0e44d6a6c69de2c2c1bf6aba094792ac51f1833e9c8a3760ba270d70b909?s=96&d=mm&r=g\",\"url\":\"https:\/\/secure.gravatar.com\/avatar\/acad0e44d6a6c69de2c2c1bf6aba094792ac51f1833e9c8a3760ba270d70b909?s=96&d=mm&r=g\",\"contentUrl\":\"https:\/\/secure.gravatar.com\/avatar\/acad0e44d6a6c69de2c2c1bf6aba094792ac51f1833e9c8a3760ba270d70b909?s=96&d=mm&r=g\",\"caption\":\"Paolo Frascati\"},\"url\":\"https:\/\/progettotouring.it\/radiotouring104\/author\/paolofrascati\/\"}]}<\/script>\n<!-- \/ Yoast SEO plugin. -->","yoast_head_json":{"title":"Reggio Calabria, prende vita il nuovo centro per il sociale","description":"Inaugurata questa mattina la rete di servizi del Terzo settore attivati nell'immobile confiscato alla 'ndrangheta e assegnato dalla Citt\u00e0 metropolitana di Reggio Calabria al Consorzio Macram\u00e8. Presente anche l\u2019assessora comunale alla Legalit\u00e0, Giuggi Palmenta","robots":{"index":"index","follow":"follow","max-snippet":"max-snippet:-1","max-image-preview":"max-image-preview:large","max-video-preview":"max-video-preview:-1"},"canonical":"https:\/\/progettotouring.it\/radiotouring104\/2022\/07\/22\/reggio-calabria-prende-vita-il-nuovo-centro-per-il-sociale\/","og_locale":"it_IT","og_type":"article","og_title":"Reggio Calabria, prende vita il nuovo centro per il sociale","og_description":"Inaugurata questa mattina la rete di servizi del Terzo settore attivati nell'immobile confiscato alla 'ndrangheta e assegnato dalla Citt\u00e0 metropolitana di Reggio Calabria al Consorzio Macram\u00e8. Presente anche l\u2019assessora comunale alla Legalit\u00e0, Giuggi Palmenta","og_url":"https:\/\/progettotouring.it\/radiotouring104\/2022\/07\/22\/reggio-calabria-prende-vita-il-nuovo-centro-per-il-sociale\/","og_site_name":"Radio Touring 104","article_published_time":"2022-07-22T15:15:43+00:00","og_image":[{"width":1640,"height":738,"url":"https:\/\/progettotouring.it\/radiotouring104\/wp-content\/uploads\/sites\/6\/2022\/07\/bene-confiscato-macrame-1.jpeg","type":"image\/jpeg"}],"author":"Paolo Frascati","twitter_card":"summary_large_image","twitter_misc":{"Scritto da":"Paolo Frascati","Tempo di lettura stimato":"2 minuti"},"schema":{"@context":"https:\/\/schema.org","@graph":[{"@type":"Article","@id":"https:\/\/progettotouring.it\/radiotouring104\/2022\/07\/22\/reggio-calabria-prende-vita-il-nuovo-centro-per-il-sociale\/#article","isPartOf":{"@id":"https:\/\/progettotouring.it\/radiotouring104\/2022\/07\/22\/reggio-calabria-prende-vita-il-nuovo-centro-per-il-sociale\/"},"author":{"name":"Paolo Frascati","@id":"https:\/\/progettotouring.it\/radiotouring104\/#\/schema\/person\/f0ca1b839e26c1b921f796a3458a8574"},"headline":"Reggio Calabria, prende vita il nuovo centro per il sociale","datePublished":"2022-07-22T15:15:43+00:00","mainEntityOfPage":{"@id":"https:\/\/progettotouring.it\/radiotouring104\/2022\/07\/22\/reggio-calabria-prende-vita-il-nuovo-centro-per-il-sociale\/"},"wordCount":498,"commentCount":0,"publisher":{"@id":"https:\/\/progettotouring.it\/radiotouring104\/#organization"},"image":{"@id":"https:\/\/progettotouring.it\/radiotouring104\/2022\/07\/22\/reggio-calabria-prende-vita-il-nuovo-centro-per-il-sociale\/#primaryimage"},"thumbnailUrl":"https:\/\/progettotouring.it\/radiotouring104\/wp-content\/uploads\/sites\/6\/2022\/07\/bene-confiscato-macrame-1.jpeg","keywords":["carlo borgomeo","carmelo versace","Citt\u00e0 Metropolitana di Reggio Calabria","Ennio Stamile","giancarlo rafele","Giuggi Palmenta","reggio calabria"],"articleSection":["Home","News","Reggio Calabria"],"inLanguage":"it-IT","potentialAction":[{"@type":"CommentAction","name":"Comment","target":["https:\/\/progettotouring.it\/radiotouring104\/2022\/07\/22\/reggio-calabria-prende-vita-il-nuovo-centro-per-il-sociale\/#respond"]}]},{"@type":"WebPage","@id":"https:\/\/progettotouring.it\/radiotouring104\/2022\/07\/22\/reggio-calabria-prende-vita-il-nuovo-centro-per-il-sociale\/","url":"https:\/\/progettotouring.it\/radiotouring104\/2022\/07\/22\/reggio-calabria-prende-vita-il-nuovo-centro-per-il-sociale\/","name":"Reggio Calabria, prende vita il nuovo centro per il sociale","isPartOf":{"@id":"https:\/\/progettotouring.it\/radiotouring104\/#website"},"primaryImageOfPage":{"@id":"https:\/\/progettotouring.it\/radiotouring104\/2022\/07\/22\/reggio-calabria-prende-vita-il-nuovo-centro-per-il-sociale\/#primaryimage"},"image":{"@id":"https:\/\/progettotouring.it\/radiotouring104\/2022\/07\/22\/reggio-calabria-prende-vita-il-nuovo-centro-per-il-sociale\/#primaryimage"},"thumbnailUrl":"https:\/\/progettotouring.it\/radiotouring104\/wp-content\/uploads\/sites\/6\/2022\/07\/bene-confiscato-macrame-1.jpeg","datePublished":"2022-07-22T15:15:43+00:00","description":"Inaugurata questa mattina la rete di servizi del Terzo settore attivati nell'immobile confiscato alla 'ndrangheta e assegnato dalla Citt\u00e0 metropolitana di Reggio Calabria al Consorzio Macram\u00e8. Presente anche l\u2019assessora comunale alla Legalit\u00e0, Giuggi Palmenta","breadcrumb":{"@id":"https:\/\/progettotouring.it\/radiotouring104\/2022\/07\/22\/reggio-calabria-prende-vita-il-nuovo-centro-per-il-sociale\/#breadcrumb"},"inLanguage":"it-IT","potentialAction":[{"@type":"ReadAction","target":["https:\/\/progettotouring.it\/radiotouring104\/2022\/07\/22\/reggio-calabria-prende-vita-il-nuovo-centro-per-il-sociale\/"]}]},{"@type":"ImageObject","inLanguage":"it-IT","@id":"https:\/\/progettotouring.it\/radiotouring104\/2022\/07\/22\/reggio-calabria-prende-vita-il-nuovo-centro-per-il-sociale\/#primaryimage","url":"https:\/\/progettotouring.it\/radiotouring104\/wp-content\/uploads\/sites\/6\/2022\/07\/bene-confiscato-macrame-1.jpeg","contentUrl":"https:\/\/progettotouring.it\/radiotouring104\/wp-content\/uploads\/sites\/6\/2022\/07\/bene-confiscato-macrame-1.jpeg","width":1640,"height":738},{"@type":"BreadcrumbList","@id":"https:\/\/progettotouring.it\/radiotouring104\/2022\/07\/22\/reggio-calabria-prende-vita-il-nuovo-centro-per-il-sociale\/#breadcrumb","itemListElement":[{"@type":"ListItem","position":1,"name":"Home","item":"https:\/\/progettotouring.it\/radiotouring104\/"},{"@type":"ListItem","position":2,"name":"Reggio Calabria, prende vita il nuovo centro per il sociale"}]},{"@type":"WebSite","@id":"https:\/\/progettotouring.it\/radiotouring104\/#website","url":"https:\/\/progettotouring.it\/radiotouring104\/","name":"Radio Touring 104","description":"La prima radio Reggina","publisher":{"@id":"https:\/\/progettotouring.it\/radiotouring104\/#organization"},"potentialAction":[{"@type":"SearchAction","target":{"@type":"EntryPoint","urlTemplate":"https:\/\/progettotouring.it\/radiotouring104\/?s={search_term_string}"},"query-input":{"@type":"PropertyValueSpecification","valueRequired":true,"valueName":"search_term_string"}}],"inLanguage":"it-IT"},{"@type":"Organization","@id":"https:\/\/progettotouring.it\/radiotouring104\/#organization","name":"Radio Touring 104","url":"https:\/\/progettotouring.it\/radiotouring104\/","logo":{"@type":"ImageObject","inLanguage":"it-IT","@id":"https:\/\/progettotouring.it\/radiotouring104\/#\/schema\/logo\/image\/","url":"https:\/\/progettotouring.it\/radiotouring104\/wp-content\/uploads\/sites\/6\/2022\/02\/cropped-logo-radio-touring-104.png","contentUrl":"https:\/\/progettotouring.it\/radiotouring104\/wp-content\/uploads\/sites\/6\/2022\/02\/cropped-logo-radio-touring-104.png","width":377,"height":182,"caption":"Radio Touring 104"},"image":{"@id":"https:\/\/progettotouring.it\/radiotouring104\/#\/schema\/logo\/image\/"}},{"@type":"Person","@id":"https:\/\/progettotouring.it\/radiotouring104\/#\/schema\/person\/f0ca1b839e26c1b921f796a3458a8574","name":"Paolo Frascati","image":{"@type":"ImageObject","inLanguage":"it-IT","@id":"https:\/\/secure.gravatar.com\/avatar\/acad0e44d6a6c69de2c2c1bf6aba094792ac51f1833e9c8a3760ba270d70b909?s=96&d=mm&r=g","url":"https:\/\/secure.gravatar.com\/avatar\/acad0e44d6a6c69de2c2c1bf6aba094792ac51f1833e9c8a3760ba270d70b909?s=96&d=mm&r=g","contentUrl":"https:\/\/secure.gravatar.com\/avatar\/acad0e44d6a6c69de2c2c1bf6aba094792ac51f1833e9c8a3760ba270d70b909?s=96&d=mm&r=g","caption":"Paolo Frascati"},"url":"https:\/\/progettotouring.it\/radiotouring104\/author\/paolofrascati\/"}]}},"jetpack_publicize_connections":[],"jetpack_featured_media_url":"https:\/\/progettotouring.it\/radiotouring104\/wp-content\/uploads\/sites\/6\/2022\/07\/bene-confiscato-macrame-1.jpeg","jetpack_sharing_enabled":true,"_links":{"self":[{"href":"https:\/\/progettotouring.it\/radiotouring104\/wp-json\/wp\/v2\/posts\/8303","targetHints":{"allow":["GET"]}}],"collection":[{"href":"https:\/\/progettotouring.it\/radiotouring104\/wp-json\/wp\/v2\/posts"}],"about":[{"href":"https:\/\/progettotouring.it\/radiotouring104\/wp-json\/wp\/v2\/types\/post"}],"author":[{"embeddable":true,"href":"https:\/\/progettotouring.it\/radiotouring104\/wp-json\/wp\/v2\/users\/10"}],"replies":[{"embeddable":true,"href":"https:\/\/progettotouring.it\/radiotouring104\/wp-json\/wp\/v2\/comments?post=8303"}],"version-history":[{"count":1,"href":"https:\/\/progettotouring.it\/radiotouring104\/wp-json\/wp\/v2\/posts\/8303\/revisions"}],"predecessor-version":[{"id":8305,"href":"https:\/\/progettotouring.it\/radiotouring104\/wp-json\/wp\/v2\/posts\/8303\/revisions\/8305"}],"wp:featuredmedia":[{"embeddable":true,"href":"https:\/\/progettotouring.it\/radiotouring104\/wp-json\/wp\/v2\/media\/8304"}],"wp:attachment":[{"href":"https:\/\/progettotouring.it\/radiotouring104\/wp-json\/wp\/v2\/media?parent=8303"}],"wp:term":[{"taxonomy":"category","embeddable":true,"href":"https:\/\/progettotouring.it\/radiotouring104\/wp-json\/wp\/v2\/categories?post=8303"},{"taxonomy":"post_tag","embeddable":true,"href":"https:\/\/progettotouring.it\/radiotouring104\/wp-json\/wp\/v2\/tags?post=8303"}],"curies":[{"name":"wp","href":"https:\/\/api.w.org\/{rel}","templated":true}]}}