{"id":83433,"date":"2025-10-07T11:40:04","date_gmt":"2025-10-07T09:40:04","guid":{"rendered":"https:\/\/progettotouring.it\/radiotouring104\/?p=83433"},"modified":"2025-10-07T11:40:19","modified_gmt":"2025-10-07T09:40:19","slug":"regionali-da-reggio-calabria-7-eletti-in-consiglio-cirillo-il-piu-votato-falcomata-strappa-il-pass-per-palazzo-campanella","status":"publish","type":"post","link":"https:\/\/progettotouring.it\/radiotouring104\/2025\/10\/07\/regionali-da-reggio-calabria-7-eletti-in-consiglio-cirillo-il-piu-votato-falcomata-strappa-il-pass-per-palazzo-campanella\/","title":{"rendered":"Regionali, da Reggio Calabria 7 eletti in Consiglio: Cirillo il pi\u00f9 votato, Falcomat\u00e0 strappa il pass per Palazzo Campanella"},"content":{"rendered":"<p style=\"text-align: justify;\"><em><strong>Fonte dati<\/strong>: <a href=\"https:\/\/elezioni.interno.gov.it\/\" target=\"_blank\" rel=\"noopener\">https:\/\/elezioni.interno.gov.it\/<\/a><\/em><\/p>\n<p style=\"text-align: justify;\">Un&#8217;unica provincia per un&#8217;intera circoscrizione: il parterre elettorale di Reggio Calabria ha rappresentato l&#8217;intera <strong>Circoscrizione Sud<\/strong> alle e<strong>lezioni regionali 2025<\/strong> per la <strong>Calabria<\/strong>. La tornata elettorale, ricordiamo, \u00e8 stata resa necessaria dalle dimissioni dell&#8217;ormai rieletto presidente <strong>Roberto Occhiuto <\/strong>che, a seguito delle indagini che l&#8217;hanno visto coinvolto, ha deciso di azzerare la configurazione politica dell&#8217;Ente regionale, ripartendo da zero qualora i cittadini avessero riconfermato il suo ruolo. E cos\u00ec \u00e8 stato. Vittoria schiacciante contro l&#8217;avversario di centrosinistra<strong> Pasquale Tridico<\/strong>, che non ha convinto del tutto i calabresi, Occhiuto ha raggiunto risultati importanti in ogni circoscrizione, mantenendo il trend pressoch\u00e9 invariato in ciascuna di esse.<\/p>\n<p style=\"text-align: justify;\">Ricordiamo la composizione delle tre circoscrizioni:<br \/>\n<strong>Circoscrizione Sud<\/strong> &#8211; Provincia di Reggio Calabria (676 sezioni)<br \/>\n<strong>Circoscrizione Centro<\/strong> &#8211; Provincia di Vibo Valentia, Catanzaro e Crotone (848 sezioni)<br \/>\n<strong>Circoscrizione Nord<\/strong> &#8211; Provincia di Cosenza (882 sezioni)<\/p>\n<h3 style=\"text-align: justify;\">Elezioni regionali 2025: l&#8217;affluenza alle urne nella Circoscrizione Sud<\/h3>\n<p style=\"text-align: justify;\">Con la chiusura dei seggi alle 15 di ieri, luned\u00ec 06 ottobre, \u00e8 iniziato lo spoglio dei voti all&#8217;interno delle<strong> 676 sezioni dell&#8217;area metropolitana di Reggio Calabria<\/strong>. L&#8217;affluenza ha segnato un<strong> 44,94%,<\/strong> quasi pari (leggermente superiore) a quella del 2021 (44,64%).<br \/>\nNel panorama reggino, tuttavia, ci sono stati <strong>casi di grande affluenza alle urne in alcuni Comuni<\/strong> che vale la pena riportare:<\/p>\n<p style=\"text-align: justify;\"><strong>Laganadi<\/strong> conquista il primo posto con il<strong> 67,47%;<\/strong> segue <strong>Sant&#8217;Alessio d&#8217;Aspromonte <\/strong>con il <strong>56,91%<\/strong> e <strong>Campo Calabro e Cardet<\/strong>o pressoch\u00e9 allo stessa percentuale (<strong>55,69% e 55,68%<\/strong>).<br \/>\nAncora, <strong>Motta San Giovanni<\/strong> segna un <strong>54,18%<\/strong>, <strong>Locri<\/strong> il <strong>52,65%<\/strong>. Risultati simili per<strong> Santo Stefano in Aspromonte<\/strong> (<strong>52,54%<\/strong>) e per il <strong>comune di Reggio Calabria<\/strong> (<strong>52,49%<\/strong>). Chiude, superando appena la soglia del 50%, <strong>Palmi<\/strong> (<strong>50,04%<\/strong>).<\/p>\n<h3 style=\"text-align: justify;\">Calabria: la ripartizione dei voti della Circoscrizione Sud per le Regionali 2025<\/h3>\n<p style=\"text-align: justify;\">Come da premessa, nelle tre circoscrizioni calabresi il trend di voto \u00e8 stato coerente e pressoch\u00e9 simile, ma \u00e8 proprio a <strong>Reggio Calabria<\/strong> che il neo Presidente Roberto Occhiuto ha raccolto<strong> il dato pi\u00f9 sostanzioso<\/strong>: la <strong>coalizione di centrodestra,<\/strong> infatti, ha raggiunto il <strong>65,53% di preferenze, <\/strong>superando anche Cosenza, citt\u00e0 natale di Occhiuto (Circoscrizione Centro: 56,71% &#8211; Circoscrizione Nord: 51,70%).<\/p>\n<p style=\"text-align: justify;\">Per il<strong> centrosinistra,<\/strong> i reggini hanno espresso una pur sempre rispettabile <strong>preferenza del 33,57%<\/strong> (Circoscrizione Centro: 42,30% &#8211; Circoscrizione Nord: 47,20%), mentre non \u00e8 riuscita ad arrivare nemmeno all&#8217;1%, fermandosi allo 0,91%, l&#8217;influenza del terzo candidato governatore <strong>Francesco Toscano<\/strong>, <strong>nonostante i natali reggini<\/strong> (1979, Gioia Tauro). Riguardo le altre due circoscrizioni, Toscano ha raggiunto l&#8217;1,04% nella Circoscrizione Nord e l&#8217;1% nella Circoscrizione Centro.<\/p>\n<h3 style=\"text-align: justify;\">Regionali Calabria 2025, i voti alle liste di cdx nella Circoscrizione Sud<\/h3>\n<p style=\"text-align: justify;\">Per quanto riguarda il dettaglio dei voti alle singole liste delle tre coalizioni, \u00e8 verso <strong>Forza Italia<\/strong> che i reggini hanno orientato le proprie preferenze. Il partito dell&#8217;<strong>Eurodeputata Giusi Princi<\/strong> e del <strong>Deputato Francesco Cannizzaro<\/strong>, ha raccolto da solo il<strong> 19,96% delle preferenze, <\/strong>vedendo eletti in Consiglio Regionale i due candidati pi\u00f9 votati:<strong> Salvatore Cirillo (19.225 voti) e Domenico Giannetta (10.452 voti). <\/strong>Stacco netto sul terzo candidato pi\u00f9 votato, <strong>Concetta Scarcella<\/strong>, che con &#8220;soli&#8221; 6.881 voti non riesce ad aggiudicarsi il seggio.<strong> Cirillo<\/strong> era gi\u00e0 segretario \u2013 questore del Consiglio regionale della Calabria e Componente Prima Commissione &#8211; Affari istituzionali, affari generali e normativa elettorale.<\/p>\n<p style=\"text-align: justify;\">Secondo partito per preferenze sul territorio di Reggio Calabria, \u00e8 una parzialmente inattesa <strong>Lega Salvini<\/strong>. Evidentemente, il c<strong>omizio tenuto dal Vicepremier a Piazza De Nava <\/strong>l&#8217;ultima sera di campagna elettorale ha convinto l&#8217;elettorato locale, nonostante le composte rimostranze. Con il <strong>14,01% di preferenze complessive<\/strong>, la Lega manda cos\u00ec in Consiglio il reggino <strong>Giuseppe Mattiani (12.619 voti)<\/strong> che supera di molto il secondo candidato per voti<strong> Francesco Sarica (7.180).<\/strong><\/p>\n<p style=\"text-align: justify;\">Terzo partito pi\u00f9 votato, <strong>Fratelli d&#8217;Italia &#8211; Giorgia Meloni,<\/strong> che con il <strong>13,74%<\/strong> manda in Consiglio il candidato<strong> Giovanni Calabrese (11.351 voti).\u00a0<\/strong><\/p>\n<p style=\"text-align: justify;\">Segue la lista <strong>Occhiuto Presidente<\/strong> con un vicinissimo 13,46% di preferenze, che manda in Consiglio il candidato <strong>Giacomo Pietro Crin\u00f2 (9036 voti).<\/strong><\/p>\n<p style=\"text-align: justify;\"><strong>Nessun candidato eletto<\/strong> da Reggio Calabria per tutte le altre liste: <strong>Noi Moderati (2,20%)<\/strong>, <strong>Democrazia Cristiana Unione di Centro (1,50%)<\/strong>, <strong>Forza Azzurri (0,54%)<\/strong> e <strong>Sud Chiama Nord (0,27%).\u00a0<\/strong><\/p>\n<h3 style=\"text-align: justify;\">Regionali Calabria 2025, i voti alle liste di csx nella Circoscrizione Sud<\/h3>\n<p style=\"text-align: justify;\">Come abbiamo visto, <strong>la sinistra,<\/strong> al contrario, segna il<strong> dato di preferenze pi\u00f9 basso<\/strong> dell&#8217;intera regione proprio<strong> a Reggio Calabria, <\/strong>nonostante sia la coalizione deputata all<strong>&#8216;Amministrazione Comunale.<br \/>\n<\/strong>Nel dettaglio, \u00e8 il <strong>Partito Democratico\u00a0<\/strong>del sindaco <strong>Giuseppe Falcomat\u00e0<\/strong> a raggiungere il maggior numero di preferenze (15,90%). La nostra fascia tricolore uscente strappa un posto in Consiglio regionale con <strong>10.341 voti<\/strong>, ma \u00e8 un altro candidato del PD a conquistare il primato di preferenze per il partito: <strong>Giuseppe Ranuccio,<\/strong> attualmente <strong>Sindaco di Palmi e consigliere metropolitano<\/strong> con delega a Bilancio e Turismo. Con <strong>10.638 voti,<\/strong> anche Ranuccio \u00e8 perci\u00f2 atteso a Palazzo Campanella.<\/p>\n<p style=\"text-align: justify;\"><strong>Nessun altro eletto in Consiglio<\/strong> per la coalizione di centrosinistra, le cui ulteriori liste nel reggino hanno raggiunto questi risultati: <strong>Democratici Progressisti &#8211; 5,50%<\/strong>, <strong>Alleanza Verdi e Sinistra &#8211; 3,93%,<\/strong> <strong>Tridico Presidente &#8211; 3,87%<\/strong>, <strong>Movimento 5 stelle 2050 &#8211; 3,11%<\/strong> e <strong>Casa Riformista Italia Viva &#8211; 1,20%<\/strong>.<\/p>\n<h3 style=\"text-align: justify;\">La Circoscrizione Sud non premia la candidatura di Francesco Toscano<\/h3>\n<p style=\"text-align: justify;\">Per quanto riguarda infine<strong> Francesco Toscano,<\/strong> come detto, le preferenze a<strong> Democrazia Sovrana Popolare<\/strong> non hanno raggiunto che lo<strong> 0,91%<\/strong>, ed \u00e8 proprio il candidato Governatore a raccogliere il maggior numero di voti: appena <strong>369,<\/strong> decisamente insufficienti per superare lo sbarramento.<\/p>\n<h3>Gli eletti reggini al Consiglio Regionale della Calabria<\/h3>\n<p>Ricapitolando, per Reggio Calabria (Circoscrizione Sud) prenderanno posto a Palazzo Campanella:<\/p>\n<p><strong>Salvatore Cirillo &#8211; Domenico Giannetta (FI)<\/strong><br \/>\n<strong>Giuseppe Mattiani (Lega)<\/strong><br \/>\n<strong>Giovanni Calabrese (FdI)<\/strong><br \/>\n<strong>Giacomo Pietro Crin\u00f2 (Occhiuto Presidente)<br \/>\n<\/strong><\/p>\n<p><strong>Giuseppe Ranuccio &#8211; Giuseppe Falcomat\u00e0 (PD)<\/strong><\/p>\n","protected":false},"excerpt":{"rendered":"<p>Fonte dati: https:\/\/elezioni.interno.gov.it\/ Un&#8217;unica provincia per un&#8217;intera circoscrizione: il parterre elettorale di Reggio Calabria ha rappresentato l&#8217;intera Circoscrizione Sud alle elezioni regionali 2025 per la Calabria. La tornata elettorale, ricordiamo,&hellip;<\/p>\n","protected":false},"author":1,"featured_media":83461,"comment_status":"closed","ping_status":"open","sticky":false,"template":"","format":"standard","meta":{"_jetpack_memberships_contains_paid_content":false,"footnotes":"","jetpack_publicize_message":"","jetpack_publicize_feature_enabled":true,"jetpack_social_post_already_shared":true,"jetpack_social_options":{"image_generator_settings":{"template":"highway","default_image_id":0,"font":"","enabled":false},"version":2}},"categories":[142,921,150,196,140],"tags":[],"class_list":["post-83433","post","type-post","status-publish","format-standard","has-post-thumbnail","hentry","category-calabria","category-home","category-in-primo-piano","category-news","category-reggio-calabria"],"yoast_head":"<!-- This site is optimized with the Yoast SEO plugin v27.2 - https:\/\/yoast.com\/product\/yoast-seo-wordpress\/ -->\n<title>Regionali: a RC Cirillo il pi\u00f9 votato, Falcomat\u00e0 strappa il pass per il Consiglio<\/title>\n<meta name=\"description\" content=\"Il dettaglio sul voto alle Regionali 2025 per la Circoscrizione Sud, relativa alla Provincia di Reggio Calabria\" \/>\n<meta name=\"robots\" content=\"index, follow, max-snippet:-1, max-image-preview:large, max-video-preview:-1\" \/>\n<link rel=\"canonical\" href=\"https:\/\/progettotouring.it\/radiotouring104\/2025\/10\/07\/regionali-da-reggio-calabria-7-eletti-in-consiglio-cirillo-il-piu-votato-falcomata-strappa-il-pass-per-palazzo-campanella\/\" \/>\n<meta property=\"og:locale\" content=\"it_IT\" \/>\n<meta property=\"og:type\" content=\"article\" \/>\n<meta property=\"og:title\" content=\"Regionali: a RC Cirillo il pi\u00f9 votato, Falcomat\u00e0 strappa il pass per il Consiglio\" \/>\n<meta property=\"og:description\" content=\"Il dettaglio sul voto alle Regionali 2025 per la Circoscrizione Sud, relativa alla Provincia di Reggio Calabria\" \/>\n<meta property=\"og:url\" content=\"https:\/\/progettotouring.it\/radiotouring104\/2025\/10\/07\/regionali-da-reggio-calabria-7-eletti-in-consiglio-cirillo-il-piu-votato-falcomata-strappa-il-pass-per-palazzo-campanella\/\" \/>\n<meta property=\"og:site_name\" content=\"Radio Touring 104\" \/>\n<meta property=\"article:published_time\" content=\"2025-10-07T09:40:04+00:00\" \/>\n<meta property=\"article:modified_time\" content=\"2025-10-07T09:40:19+00:00\" \/>\n<meta property=\"og:image\" content=\"https:\/\/progettotouring.it\/radiotouring104\/wp-content\/uploads\/sites\/6\/2025\/10\/elezioni-regionali-reggio-calabria.jpg\" \/>\n\t<meta property=\"og:image:width\" content=\"1920\" \/>\n\t<meta property=\"og:image:height\" content=\"1080\" \/>\n\t<meta property=\"og:image:type\" content=\"image\/jpeg\" \/>\n<meta name=\"author\" content=\"Chiara Cucinotta\" \/>\n<meta name=\"twitter:card\" content=\"summary_large_image\" \/>\n<meta name=\"twitter:label1\" content=\"Scritto da\" \/>\n\t<meta name=\"twitter:data1\" content=\"Chiara Cucinotta\" \/>\n\t<meta name=\"twitter:label2\" content=\"Tempo di lettura stimato\" \/>\n\t<meta name=\"twitter:data2\" content=\"4 minuti\" \/>\n<script type=\"application\/ld+json\" class=\"yoast-schema-graph\">{\"@context\":\"https:\/\/schema.org\",\"@graph\":[{\"@type\":\"Article\",\"@id\":\"https:\/\/progettotouring.it\/radiotouring104\/2025\/10\/07\/regionali-da-reggio-calabria-7-eletti-in-consiglio-cirillo-il-piu-votato-falcomata-strappa-il-pass-per-palazzo-campanella\/#article\",\"isPartOf\":{\"@id\":\"https:\/\/progettotouring.it\/radiotouring104\/2025\/10\/07\/regionali-da-reggio-calabria-7-eletti-in-consiglio-cirillo-il-piu-votato-falcomata-strappa-il-pass-per-palazzo-campanella\/\"},\"author\":{\"name\":\"Chiara Cucinotta\",\"@id\":\"https:\/\/progettotouring.it\/radiotouring104\/#\/schema\/person\/f01f189b71df20dcfc0890eea7e67a0e\"},\"headline\":\"Regionali, da Reggio Calabria 7 eletti in Consiglio: Cirillo il pi\u00f9 votato, Falcomat\u00e0 strappa il pass per Palazzo Campanella\",\"datePublished\":\"2025-10-07T09:40:04+00:00\",\"dateModified\":\"2025-10-07T09:40:19+00:00\",\"mainEntityOfPage\":{\"@id\":\"https:\/\/progettotouring.it\/radiotouring104\/2025\/10\/07\/regionali-da-reggio-calabria-7-eletti-in-consiglio-cirillo-il-piu-votato-falcomata-strappa-il-pass-per-palazzo-campanella\/\"},\"wordCount\":869,\"publisher\":{\"@id\":\"https:\/\/progettotouring.it\/radiotouring104\/#organization\"},\"image\":{\"@id\":\"https:\/\/progettotouring.it\/radiotouring104\/2025\/10\/07\/regionali-da-reggio-calabria-7-eletti-in-consiglio-cirillo-il-piu-votato-falcomata-strappa-il-pass-per-palazzo-campanella\/#primaryimage\"},\"thumbnailUrl\":\"https:\/\/progettotouring.it\/radiotouring104\/wp-content\/uploads\/sites\/6\/2025\/10\/elezioni-regionali-reggio-calabria.jpg\",\"articleSection\":[\"Calabria\",\"Home\",\"In primo piano\",\"News\",\"Reggio Calabria\"],\"inLanguage\":\"it-IT\"},{\"@type\":\"WebPage\",\"@id\":\"https:\/\/progettotouring.it\/radiotouring104\/2025\/10\/07\/regionali-da-reggio-calabria-7-eletti-in-consiglio-cirillo-il-piu-votato-falcomata-strappa-il-pass-per-palazzo-campanella\/\",\"url\":\"https:\/\/progettotouring.it\/radiotouring104\/2025\/10\/07\/regionali-da-reggio-calabria-7-eletti-in-consiglio-cirillo-il-piu-votato-falcomata-strappa-il-pass-per-palazzo-campanella\/\",\"name\":\"Regionali: a RC Cirillo il pi\u00f9 votato, Falcomat\u00e0 strappa il pass per il Consiglio\",\"isPartOf\":{\"@id\":\"https:\/\/progettotouring.it\/radiotouring104\/#website\"},\"primaryImageOfPage\":{\"@id\":\"https:\/\/progettotouring.it\/radiotouring104\/2025\/10\/07\/regionali-da-reggio-calabria-7-eletti-in-consiglio-cirillo-il-piu-votato-falcomata-strappa-il-pass-per-palazzo-campanella\/#primaryimage\"},\"image\":{\"@id\":\"https:\/\/progettotouring.it\/radiotouring104\/2025\/10\/07\/regionali-da-reggio-calabria-7-eletti-in-consiglio-cirillo-il-piu-votato-falcomata-strappa-il-pass-per-palazzo-campanella\/#primaryimage\"},\"thumbnailUrl\":\"https:\/\/progettotouring.it\/radiotouring104\/wp-content\/uploads\/sites\/6\/2025\/10\/elezioni-regionali-reggio-calabria.jpg\",\"datePublished\":\"2025-10-07T09:40:04+00:00\",\"dateModified\":\"2025-10-07T09:40:19+00:00\",\"description\":\"Il dettaglio sul voto alle Regionali 2025 per la Circoscrizione Sud, relativa alla Provincia di Reggio Calabria\",\"breadcrumb\":{\"@id\":\"https:\/\/progettotouring.it\/radiotouring104\/2025\/10\/07\/regionali-da-reggio-calabria-7-eletti-in-consiglio-cirillo-il-piu-votato-falcomata-strappa-il-pass-per-palazzo-campanella\/#breadcrumb\"},\"inLanguage\":\"it-IT\",\"potentialAction\":[{\"@type\":\"ReadAction\",\"target\":[\"https:\/\/progettotouring.it\/radiotouring104\/2025\/10\/07\/regionali-da-reggio-calabria-7-eletti-in-consiglio-cirillo-il-piu-votato-falcomata-strappa-il-pass-per-palazzo-campanella\/\"]}]},{\"@type\":\"ImageObject\",\"inLanguage\":\"it-IT\",\"@id\":\"https:\/\/progettotouring.it\/radiotouring104\/2025\/10\/07\/regionali-da-reggio-calabria-7-eletti-in-consiglio-cirillo-il-piu-votato-falcomata-strappa-il-pass-per-palazzo-campanella\/#primaryimage\",\"url\":\"https:\/\/progettotouring.it\/radiotouring104\/wp-content\/uploads\/sites\/6\/2025\/10\/elezioni-regionali-reggio-calabria.jpg\",\"contentUrl\":\"https:\/\/progettotouring.it\/radiotouring104\/wp-content\/uploads\/sites\/6\/2025\/10\/elezioni-regionali-reggio-calabria.jpg\",\"width\":1920,\"height\":1080},{\"@type\":\"BreadcrumbList\",\"@id\":\"https:\/\/progettotouring.it\/radiotouring104\/2025\/10\/07\/regionali-da-reggio-calabria-7-eletti-in-consiglio-cirillo-il-piu-votato-falcomata-strappa-il-pass-per-palazzo-campanella\/#breadcrumb\",\"itemListElement\":[{\"@type\":\"ListItem\",\"position\":1,\"name\":\"Home\",\"item\":\"https:\/\/progettotouring.it\/radiotouring104\/\"},{\"@type\":\"ListItem\",\"position\":2,\"name\":\"Regionali, da Reggio Calabria 7 eletti in Consiglio: Cirillo il pi\u00f9 votato, Falcomat\u00e0 strappa il pass per Palazzo Campanella\"}]},{\"@type\":\"WebSite\",\"@id\":\"https:\/\/progettotouring.it\/radiotouring104\/#website\",\"url\":\"https:\/\/progettotouring.it\/radiotouring104\/\",\"name\":\"Radio Touring 104\",\"description\":\"La prima radio Reggina\",\"publisher\":{\"@id\":\"https:\/\/progettotouring.it\/radiotouring104\/#organization\"},\"potentialAction\":[{\"@type\":\"SearchAction\",\"target\":{\"@type\":\"EntryPoint\",\"urlTemplate\":\"https:\/\/progettotouring.it\/radiotouring104\/?s={search_term_string}\"},\"query-input\":{\"@type\":\"PropertyValueSpecification\",\"valueRequired\":true,\"valueName\":\"search_term_string\"}}],\"inLanguage\":\"it-IT\"},{\"@type\":\"Organization\",\"@id\":\"https:\/\/progettotouring.it\/radiotouring104\/#organization\",\"name\":\"Radio Touring 104\",\"url\":\"https:\/\/progettotouring.it\/radiotouring104\/\",\"logo\":{\"@type\":\"ImageObject\",\"inLanguage\":\"it-IT\",\"@id\":\"https:\/\/progettotouring.it\/radiotouring104\/#\/schema\/logo\/image\/\",\"url\":\"https:\/\/progettotouring.it\/radiotouring104\/wp-content\/uploads\/sites\/6\/2022\/02\/cropped-logo-radio-touring-104.png\",\"contentUrl\":\"https:\/\/progettotouring.it\/radiotouring104\/wp-content\/uploads\/sites\/6\/2022\/02\/cropped-logo-radio-touring-104.png\",\"width\":377,\"height\":182,\"caption\":\"Radio Touring 104\"},\"image\":{\"@id\":\"https:\/\/progettotouring.it\/radiotouring104\/#\/schema\/logo\/image\/\"}},{\"@type\":\"Person\",\"@id\":\"https:\/\/progettotouring.it\/radiotouring104\/#\/schema\/person\/f01f189b71df20dcfc0890eea7e67a0e\",\"name\":\"Chiara Cucinotta\",\"image\":{\"@type\":\"ImageObject\",\"inLanguage\":\"it-IT\",\"@id\":\"https:\/\/secure.gravatar.com\/avatar\/efe17e5613fdef9b05741a23cd4ef4e9b1c39955d8fe11176cb1da3641c96104?s=96&d=mm&r=g\",\"url\":\"https:\/\/secure.gravatar.com\/avatar\/efe17e5613fdef9b05741a23cd4ef4e9b1c39955d8fe11176cb1da3641c96104?s=96&d=mm&r=g\",\"contentUrl\":\"https:\/\/secure.gravatar.com\/avatar\/efe17e5613fdef9b05741a23cd4ef4e9b1c39955d8fe11176cb1da3641c96104?s=96&d=mm&r=g\",\"caption\":\"Chiara Cucinotta\"},\"sameAs\":[\"https:\/\/progettotouring.it\"],\"url\":\"https:\/\/progettotouring.it\/radiotouring104\/author\/auranex\/\"}]}<\/script>\n<!-- \/ Yoast SEO plugin. -->","yoast_head_json":{"title":"Regionali: a RC Cirillo il pi\u00f9 votato, Falcomat\u00e0 strappa il pass per il Consiglio","description":"Il dettaglio sul voto alle Regionali 2025 per la Circoscrizione Sud, relativa alla Provincia di Reggio Calabria","robots":{"index":"index","follow":"follow","max-snippet":"max-snippet:-1","max-image-preview":"max-image-preview:large","max-video-preview":"max-video-preview:-1"},"canonical":"https:\/\/progettotouring.it\/radiotouring104\/2025\/10\/07\/regionali-da-reggio-calabria-7-eletti-in-consiglio-cirillo-il-piu-votato-falcomata-strappa-il-pass-per-palazzo-campanella\/","og_locale":"it_IT","og_type":"article","og_title":"Regionali: a RC Cirillo il pi\u00f9 votato, Falcomat\u00e0 strappa il pass per il Consiglio","og_description":"Il dettaglio sul voto alle Regionali 2025 per la Circoscrizione Sud, relativa alla Provincia di Reggio Calabria","og_url":"https:\/\/progettotouring.it\/radiotouring104\/2025\/10\/07\/regionali-da-reggio-calabria-7-eletti-in-consiglio-cirillo-il-piu-votato-falcomata-strappa-il-pass-per-palazzo-campanella\/","og_site_name":"Radio Touring 104","article_published_time":"2025-10-07T09:40:04+00:00","article_modified_time":"2025-10-07T09:40:19+00:00","og_image":[{"width":1920,"height":1080,"url":"https:\/\/progettotouring.it\/radiotouring104\/wp-content\/uploads\/sites\/6\/2025\/10\/elezioni-regionali-reggio-calabria.jpg","type":"image\/jpeg"}],"author":"Chiara Cucinotta","twitter_card":"summary_large_image","twitter_misc":{"Scritto da":"Chiara Cucinotta","Tempo di lettura stimato":"4 minuti"},"schema":{"@context":"https:\/\/schema.org","@graph":[{"@type":"Article","@id":"https:\/\/progettotouring.it\/radiotouring104\/2025\/10\/07\/regionali-da-reggio-calabria-7-eletti-in-consiglio-cirillo-il-piu-votato-falcomata-strappa-il-pass-per-palazzo-campanella\/#article","isPartOf":{"@id":"https:\/\/progettotouring.it\/radiotouring104\/2025\/10\/07\/regionali-da-reggio-calabria-7-eletti-in-consiglio-cirillo-il-piu-votato-falcomata-strappa-il-pass-per-palazzo-campanella\/"},"author":{"name":"Chiara Cucinotta","@id":"https:\/\/progettotouring.it\/radiotouring104\/#\/schema\/person\/f01f189b71df20dcfc0890eea7e67a0e"},"headline":"Regionali, da Reggio Calabria 7 eletti in Consiglio: Cirillo il pi\u00f9 votato, Falcomat\u00e0 strappa il pass per Palazzo Campanella","datePublished":"2025-10-07T09:40:04+00:00","dateModified":"2025-10-07T09:40:19+00:00","mainEntityOfPage":{"@id":"https:\/\/progettotouring.it\/radiotouring104\/2025\/10\/07\/regionali-da-reggio-calabria-7-eletti-in-consiglio-cirillo-il-piu-votato-falcomata-strappa-il-pass-per-palazzo-campanella\/"},"wordCount":869,"publisher":{"@id":"https:\/\/progettotouring.it\/radiotouring104\/#organization"},"image":{"@id":"https:\/\/progettotouring.it\/radiotouring104\/2025\/10\/07\/regionali-da-reggio-calabria-7-eletti-in-consiglio-cirillo-il-piu-votato-falcomata-strappa-il-pass-per-palazzo-campanella\/#primaryimage"},"thumbnailUrl":"https:\/\/progettotouring.it\/radiotouring104\/wp-content\/uploads\/sites\/6\/2025\/10\/elezioni-regionali-reggio-calabria.jpg","articleSection":["Calabria","Home","In primo piano","News","Reggio Calabria"],"inLanguage":"it-IT"},{"@type":"WebPage","@id":"https:\/\/progettotouring.it\/radiotouring104\/2025\/10\/07\/regionali-da-reggio-calabria-7-eletti-in-consiglio-cirillo-il-piu-votato-falcomata-strappa-il-pass-per-palazzo-campanella\/","url":"https:\/\/progettotouring.it\/radiotouring104\/2025\/10\/07\/regionali-da-reggio-calabria-7-eletti-in-consiglio-cirillo-il-piu-votato-falcomata-strappa-il-pass-per-palazzo-campanella\/","name":"Regionali: a RC Cirillo il pi\u00f9 votato, Falcomat\u00e0 strappa il pass per il Consiglio","isPartOf":{"@id":"https:\/\/progettotouring.it\/radiotouring104\/#website"},"primaryImageOfPage":{"@id":"https:\/\/progettotouring.it\/radiotouring104\/2025\/10\/07\/regionali-da-reggio-calabria-7-eletti-in-consiglio-cirillo-il-piu-votato-falcomata-strappa-il-pass-per-palazzo-campanella\/#primaryimage"},"image":{"@id":"https:\/\/progettotouring.it\/radiotouring104\/2025\/10\/07\/regionali-da-reggio-calabria-7-eletti-in-consiglio-cirillo-il-piu-votato-falcomata-strappa-il-pass-per-palazzo-campanella\/#primaryimage"},"thumbnailUrl":"https:\/\/progettotouring.it\/radiotouring104\/wp-content\/uploads\/sites\/6\/2025\/10\/elezioni-regionali-reggio-calabria.jpg","datePublished":"2025-10-07T09:40:04+00:00","dateModified":"2025-10-07T09:40:19+00:00","description":"Il dettaglio sul voto alle Regionali 2025 per la Circoscrizione Sud, relativa alla Provincia di Reggio Calabria","breadcrumb":{"@id":"https:\/\/progettotouring.it\/radiotouring104\/2025\/10\/07\/regionali-da-reggio-calabria-7-eletti-in-consiglio-cirillo-il-piu-votato-falcomata-strappa-il-pass-per-palazzo-campanella\/#breadcrumb"},"inLanguage":"it-IT","potentialAction":[{"@type":"ReadAction","target":["https:\/\/progettotouring.it\/radiotouring104\/2025\/10\/07\/regionali-da-reggio-calabria-7-eletti-in-consiglio-cirillo-il-piu-votato-falcomata-strappa-il-pass-per-palazzo-campanella\/"]}]},{"@type":"ImageObject","inLanguage":"it-IT","@id":"https:\/\/progettotouring.it\/radiotouring104\/2025\/10\/07\/regionali-da-reggio-calabria-7-eletti-in-consiglio-cirillo-il-piu-votato-falcomata-strappa-il-pass-per-palazzo-campanella\/#primaryimage","url":"https:\/\/progettotouring.it\/radiotouring104\/wp-content\/uploads\/sites\/6\/2025\/10\/elezioni-regionali-reggio-calabria.jpg","contentUrl":"https:\/\/progettotouring.it\/radiotouring104\/wp-content\/uploads\/sites\/6\/2025\/10\/elezioni-regionali-reggio-calabria.jpg","width":1920,"height":1080},{"@type":"BreadcrumbList","@id":"https:\/\/progettotouring.it\/radiotouring104\/2025\/10\/07\/regionali-da-reggio-calabria-7-eletti-in-consiglio-cirillo-il-piu-votato-falcomata-strappa-il-pass-per-palazzo-campanella\/#breadcrumb","itemListElement":[{"@type":"ListItem","position":1,"name":"Home","item":"https:\/\/progettotouring.it\/radiotouring104\/"},{"@type":"ListItem","position":2,"name":"Regionali, da Reggio Calabria 7 eletti in Consiglio: Cirillo il pi\u00f9 votato, Falcomat\u00e0 strappa il pass per Palazzo Campanella"}]},{"@type":"WebSite","@id":"https:\/\/progettotouring.it\/radiotouring104\/#website","url":"https:\/\/progettotouring.it\/radiotouring104\/","name":"Radio Touring 104","description":"La prima radio Reggina","publisher":{"@id":"https:\/\/progettotouring.it\/radiotouring104\/#organization"},"potentialAction":[{"@type":"SearchAction","target":{"@type":"EntryPoint","urlTemplate":"https:\/\/progettotouring.it\/radiotouring104\/?s={search_term_string}"},"query-input":{"@type":"PropertyValueSpecification","valueRequired":true,"valueName":"search_term_string"}}],"inLanguage":"it-IT"},{"@type":"Organization","@id":"https:\/\/progettotouring.it\/radiotouring104\/#organization","name":"Radio Touring 104","url":"https:\/\/progettotouring.it\/radiotouring104\/","logo":{"@type":"ImageObject","inLanguage":"it-IT","@id":"https:\/\/progettotouring.it\/radiotouring104\/#\/schema\/logo\/image\/","url":"https:\/\/progettotouring.it\/radiotouring104\/wp-content\/uploads\/sites\/6\/2022\/02\/cropped-logo-radio-touring-104.png","contentUrl":"https:\/\/progettotouring.it\/radiotouring104\/wp-content\/uploads\/sites\/6\/2022\/02\/cropped-logo-radio-touring-104.png","width":377,"height":182,"caption":"Radio Touring 104"},"image":{"@id":"https:\/\/progettotouring.it\/radiotouring104\/#\/schema\/logo\/image\/"}},{"@type":"Person","@id":"https:\/\/progettotouring.it\/radiotouring104\/#\/schema\/person\/f01f189b71df20dcfc0890eea7e67a0e","name":"Chiara Cucinotta","image":{"@type":"ImageObject","inLanguage":"it-IT","@id":"https:\/\/secure.gravatar.com\/avatar\/efe17e5613fdef9b05741a23cd4ef4e9b1c39955d8fe11176cb1da3641c96104?s=96&d=mm&r=g","url":"https:\/\/secure.gravatar.com\/avatar\/efe17e5613fdef9b05741a23cd4ef4e9b1c39955d8fe11176cb1da3641c96104?s=96&d=mm&r=g","contentUrl":"https:\/\/secure.gravatar.com\/avatar\/efe17e5613fdef9b05741a23cd4ef4e9b1c39955d8fe11176cb1da3641c96104?s=96&d=mm&r=g","caption":"Chiara Cucinotta"},"sameAs":["https:\/\/progettotouring.it"],"url":"https:\/\/progettotouring.it\/radiotouring104\/author\/auranex\/"}]}},"jetpack_publicize_connections":[],"jetpack_featured_media_url":"https:\/\/progettotouring.it\/radiotouring104\/wp-content\/uploads\/sites\/6\/2025\/10\/elezioni-regionali-reggio-calabria.jpg","jetpack_sharing_enabled":true,"_links":{"self":[{"href":"https:\/\/progettotouring.it\/radiotouring104\/wp-json\/wp\/v2\/posts\/83433","targetHints":{"allow":["GET"]}}],"collection":[{"href":"https:\/\/progettotouring.it\/radiotouring104\/wp-json\/wp\/v2\/posts"}],"about":[{"href":"https:\/\/progettotouring.it\/radiotouring104\/wp-json\/wp\/v2\/types\/post"}],"author":[{"embeddable":true,"href":"https:\/\/progettotouring.it\/radiotouring104\/wp-json\/wp\/v2\/users\/1"}],"replies":[{"embeddable":true,"href":"https:\/\/progettotouring.it\/radiotouring104\/wp-json\/wp\/v2\/comments?post=83433"}],"version-history":[{"count":4,"href":"https:\/\/progettotouring.it\/radiotouring104\/wp-json\/wp\/v2\/posts\/83433\/revisions"}],"predecessor-version":[{"id":83464,"href":"https:\/\/progettotouring.it\/radiotouring104\/wp-json\/wp\/v2\/posts\/83433\/revisions\/83464"}],"wp:featuredmedia":[{"embeddable":true,"href":"https:\/\/progettotouring.it\/radiotouring104\/wp-json\/wp\/v2\/media\/83461"}],"wp:attachment":[{"href":"https:\/\/progettotouring.it\/radiotouring104\/wp-json\/wp\/v2\/media?parent=83433"}],"wp:term":[{"taxonomy":"category","embeddable":true,"href":"https:\/\/progettotouring.it\/radiotouring104\/wp-json\/wp\/v2\/categories?post=83433"},{"taxonomy":"post_tag","embeddable":true,"href":"https:\/\/progettotouring.it\/radiotouring104\/wp-json\/wp\/v2\/tags?post=83433"}],"curies":[{"name":"wp","href":"https:\/\/api.w.org\/{rel}","templated":true}]}}