{"id":83449,"date":"2025-10-07T11:14:57","date_gmt":"2025-10-07T09:14:57","guid":{"rendered":"https:\/\/progettotouring.it\/radiotouring104\/?p=83449"},"modified":"2025-10-07T12:34:42","modified_gmt":"2025-10-07T10:34:42","slug":"domotek-volley-ciaramita-qui-clima-familiare","status":"publish","type":"post","link":"https:\/\/progettotouring.it\/radiotouring104\/2025\/10\/07\/domotek-volley-ciaramita-qui-clima-familiare\/","title":{"rendered":"Domotek Volley, Ciaramita: &#8220;Qui clima familiare&#8221;"},"content":{"rendered":"<div class=\"msg-view-text-cnt\">\n<div class=\"xam_msg_class\">\n<div dir=\"ltr\">\n<p>Il giocatore classe 2002, dopo l&#8217;amichevole contro l\u2019Avimecc Modica e il torneo in Sardegna, si mostra entusiasta dell&#8217;ambiente amaranto e lancia l&#8217;appello ai tifosi per il debutto in casa del 2 novembre.<\/p>\n<p>\u201cUna gran bella amichevole, che test \u00e8 stato? Partiamo da qui\u201d. Francesco Ciaramita, giovane centrale della Domotek Volley, non ha dubbi nel definire il recente test match un \u201cgrande punto di partenza\u201d per la squadra. Intervistato dopo l&#8217;ultimo impegno pre-stagionale, il giocatore traccia un primo bilancio positivo della preparazione.<\/p>\n<p>\u201cE\u2019 tutto molto importante, sicuramente per capire pure a livello fisico come siamo e cosa possiamo ancora dare\u201d, spiega Ciaramita. \u201cMa \u00e8 sicuramente un grande punto di partenza\u201d.<\/p>\n<p>L&#8217;aspetto che pi\u00f9 colpisce il giovane atleta, nato a Milano ma cresciuto a Erice, nel trapanese, \u00e8 l&#8217;ambiente che si \u00e8 creato nello spogliatoio amaranto. Alla domanda Come va? \u201cBenissimo! C&#8217;\u00e8 proprio un clima familiare, familiare pure. Eh, il clima \u00e8 bello, solare, sereno, infatti si pu\u00f2 notare pure da come giochiamo. Siamo abbastanza incoraggianti\u201d.<\/p>\n<p>Un&#8217;atmosfera positiva che ha accompagnato la squadra anche durante la trasferta in Sardegna, un&#8217;esperienza che Ciaramita ricorda con grande piacere: \u201cBello. E\u2019 stata la prima volta andare in Sardegna, prima volta pure a partecipare a un torneo cos\u00ec importante&#8230; vedere anche altre squadre molto forti, \u00e8 stato molto coinvolgente, insomma\u201d.<\/p>\n<p>L&#8217;entusiasmo per il progetto Domotek sta gi\u00e0 cominciando a contagiare la citt\u00e0, come dimostra la crescente affluenza di pubblico al PalaCalafiore per seguire le amichevoli. \u201cSperiamo che ci sia ancora pi\u00f9 affluenza nelle prossime amichevoli e soprattutto alla prima in casa\u201d.<br \/>\nE sul debutto in casa al PalaCalafiore, in programma il 2 novembre, il centrale classe 2002 non nasconde l&#8217;emozione e l&#8217;attesa: \u201cNon vedo l&#8217;ora. Non vedo l&#8217;ora di vedere questo palazzetto pieno. L&#8217;impatto \u00e8 abbastanza importante per tutti, ma anche me pure perch\u00e9 sar\u00e0 la prima volta in questa categoria. Sar\u00e0 bello, un bell&#8217;impatto viverla\u201d.<\/p>\n<\/div>\n<\/div>\n<\/div>\n<div class=\"msg-view-attach-preview\">\n<div id=\"uiLogic_webmail__view_AttachmentsImageBlock_7\" class=\"attachmentsBlock\" role=\"group\"><\/div>\n<\/div>\n","protected":false},"excerpt":{"rendered":"<p>Il giocatore classe 2002, dopo l&#8217;amichevole contro l\u2019Avimecc Modica e il torneo in Sardegna, si mostra entusiasta dell&#8217;ambiente amaranto e lancia l&#8217;appello ai tifosi per il debutto in casa del&hellip;<\/p>\n","protected":false},"author":5,"featured_media":83450,"comment_status":"closed","ping_status":"open","sticky":false,"template":"","format":"standard","meta":{"_jetpack_memberships_contains_paid_content":false,"footnotes":"","jetpack_publicize_message":"","jetpack_publicize_feature_enabled":true,"jetpack_social_post_already_shared":true,"jetpack_social_options":{"image_generator_settings":{"template":"highway","default_image_id":0,"font":"","enabled":false},"version":2}},"categories":[196,140,144],"tags":[48097,48096,26758,48095],"class_list":["post-83449","post","type-post","status-publish","format-standard","has-post-thumbnail","hentry","category-news","category-reggio-calabria","category-sport","tag-amichevole-contro-lavimecc-modica","tag-centrale-ceramita","tag-domotek-volley","tag-qui-clima-familiare"],"yoast_head":"<!-- This site is optimized with the Yoast SEO plugin v27.2 - https:\/\/yoast.com\/product\/yoast-seo-wordpress\/ -->\n<title>Domotek Volley, Ciaramita: &quot;Qui clima familiare&quot;<\/title>\n<meta name=\"description\" content=\"&quot;Non vedo l&#039;ora di vedere il PalaCalafiore pieno&quot;, dichiara il giovane centrale amaranto, dopo l&#039;amichevole contro l\u2019Avimecc Modica\" \/>\n<meta name=\"robots\" content=\"index, follow, max-snippet:-1, max-image-preview:large, max-video-preview:-1\" \/>\n<link rel=\"canonical\" href=\"https:\/\/progettotouring.it\/radiotouring104\/2025\/10\/07\/domotek-volley-ciaramita-qui-clima-familiare\/\" \/>\n<meta property=\"og:locale\" content=\"it_IT\" \/>\n<meta property=\"og:type\" content=\"article\" \/>\n<meta property=\"og:title\" content=\"Domotek Volley, Ciaramita: &quot;Qui clima familiare&quot;\" \/>\n<meta property=\"og:description\" content=\"&quot;Non vedo l&#039;ora di vedere il PalaCalafiore pieno&quot;, dichiara il giovane centrale amaranto, dopo l&#039;amichevole contro l\u2019Avimecc Modica\" \/>\n<meta property=\"og:url\" content=\"https:\/\/progettotouring.it\/radiotouring104\/2025\/10\/07\/domotek-volley-ciaramita-qui-clima-familiare\/\" \/>\n<meta property=\"og:site_name\" content=\"Radio Touring 104\" \/>\n<meta property=\"article:published_time\" content=\"2025-10-07T09:14:57+00:00\" \/>\n<meta property=\"article:modified_time\" content=\"2025-10-07T10:34:42+00:00\" \/>\n<meta property=\"og:image\" content=\"https:\/\/progettotouring.it\/radiotouring104\/wp-content\/uploads\/sites\/6\/2025\/10\/Ceramita-Domotek-Volley.png\" \/>\n\t<meta property=\"og:image:width\" content=\"1160\" \/>\n\t<meta property=\"og:image:height\" content=\"652\" \/>\n\t<meta property=\"og:image:type\" content=\"image\/png\" \/>\n<meta name=\"author\" content=\"redazione\" \/>\n<meta name=\"twitter:card\" content=\"summary_large_image\" \/>\n<meta name=\"twitter:label1\" content=\"Scritto da\" \/>\n\t<meta name=\"twitter:data1\" content=\"redazione\" \/>\n\t<meta name=\"twitter:label2\" content=\"Tempo di lettura stimato\" \/>\n\t<meta name=\"twitter:data2\" content=\"2 minuti\" \/>\n<script type=\"application\/ld+json\" class=\"yoast-schema-graph\">{\"@context\":\"https:\/\/schema.org\",\"@graph\":[{\"@type\":\"Article\",\"@id\":\"https:\/\/progettotouring.it\/radiotouring104\/2025\/10\/07\/domotek-volley-ciaramita-qui-clima-familiare\/#article\",\"isPartOf\":{\"@id\":\"https:\/\/progettotouring.it\/radiotouring104\/2025\/10\/07\/domotek-volley-ciaramita-qui-clima-familiare\/\"},\"author\":{\"name\":\"redazione\",\"@id\":\"https:\/\/progettotouring.it\/radiotouring104\/#\/schema\/person\/1b3eb3c07c47136bc44c785c543e635f\"},\"headline\":\"Domotek Volley, Ciaramita: &#8220;Qui clima familiare&#8221;\",\"datePublished\":\"2025-10-07T09:14:57+00:00\",\"dateModified\":\"2025-10-07T10:34:42+00:00\",\"mainEntityOfPage\":{\"@id\":\"https:\/\/progettotouring.it\/radiotouring104\/2025\/10\/07\/domotek-volley-ciaramita-qui-clima-familiare\/\"},\"wordCount\":306,\"publisher\":{\"@id\":\"https:\/\/progettotouring.it\/radiotouring104\/#organization\"},\"image\":{\"@id\":\"https:\/\/progettotouring.it\/radiotouring104\/2025\/10\/07\/domotek-volley-ciaramita-qui-clima-familiare\/#primaryimage\"},\"thumbnailUrl\":\"https:\/\/progettotouring.it\/radiotouring104\/wp-content\/uploads\/sites\/6\/2025\/10\/Ceramita-Domotek-Volley.png\",\"keywords\":[\"amichevole contro l\u2019Avimecc Modica\",\"centrale Ceramita\",\"Domotek Volley\",\"Qui clima familiare\"],\"articleSection\":[\"News\",\"Reggio Calabria\",\"Sport\"],\"inLanguage\":\"it-IT\"},{\"@type\":\"WebPage\",\"@id\":\"https:\/\/progettotouring.it\/radiotouring104\/2025\/10\/07\/domotek-volley-ciaramita-qui-clima-familiare\/\",\"url\":\"https:\/\/progettotouring.it\/radiotouring104\/2025\/10\/07\/domotek-volley-ciaramita-qui-clima-familiare\/\",\"name\":\"Domotek Volley, Ciaramita: \\\"Qui clima familiare\\\"\",\"isPartOf\":{\"@id\":\"https:\/\/progettotouring.it\/radiotouring104\/#website\"},\"primaryImageOfPage\":{\"@id\":\"https:\/\/progettotouring.it\/radiotouring104\/2025\/10\/07\/domotek-volley-ciaramita-qui-clima-familiare\/#primaryimage\"},\"image\":{\"@id\":\"https:\/\/progettotouring.it\/radiotouring104\/2025\/10\/07\/domotek-volley-ciaramita-qui-clima-familiare\/#primaryimage\"},\"thumbnailUrl\":\"https:\/\/progettotouring.it\/radiotouring104\/wp-content\/uploads\/sites\/6\/2025\/10\/Ceramita-Domotek-Volley.png\",\"datePublished\":\"2025-10-07T09:14:57+00:00\",\"dateModified\":\"2025-10-07T10:34:42+00:00\",\"description\":\"\\\"Non vedo l'ora di vedere il PalaCalafiore pieno\\\", dichiara il giovane centrale amaranto, dopo l'amichevole contro l\u2019Avimecc Modica\",\"breadcrumb\":{\"@id\":\"https:\/\/progettotouring.it\/radiotouring104\/2025\/10\/07\/domotek-volley-ciaramita-qui-clima-familiare\/#breadcrumb\"},\"inLanguage\":\"it-IT\",\"potentialAction\":[{\"@type\":\"ReadAction\",\"target\":[\"https:\/\/progettotouring.it\/radiotouring104\/2025\/10\/07\/domotek-volley-ciaramita-qui-clima-familiare\/\"]}]},{\"@type\":\"ImageObject\",\"inLanguage\":\"it-IT\",\"@id\":\"https:\/\/progettotouring.it\/radiotouring104\/2025\/10\/07\/domotek-volley-ciaramita-qui-clima-familiare\/#primaryimage\",\"url\":\"https:\/\/progettotouring.it\/radiotouring104\/wp-content\/uploads\/sites\/6\/2025\/10\/Ceramita-Domotek-Volley.png\",\"contentUrl\":\"https:\/\/progettotouring.it\/radiotouring104\/wp-content\/uploads\/sites\/6\/2025\/10\/Ceramita-Domotek-Volley.png\",\"width\":1160,\"height\":652},{\"@type\":\"BreadcrumbList\",\"@id\":\"https:\/\/progettotouring.it\/radiotouring104\/2025\/10\/07\/domotek-volley-ciaramita-qui-clima-familiare\/#breadcrumb\",\"itemListElement\":[{\"@type\":\"ListItem\",\"position\":1,\"name\":\"Home\",\"item\":\"https:\/\/progettotouring.it\/radiotouring104\/\"},{\"@type\":\"ListItem\",\"position\":2,\"name\":\"Domotek Volley, Ciaramita: &#8220;Qui clima familiare&#8221;\"}]},{\"@type\":\"WebSite\",\"@id\":\"https:\/\/progettotouring.it\/radiotouring104\/#website\",\"url\":\"https:\/\/progettotouring.it\/radiotouring104\/\",\"name\":\"Radio Touring 104\",\"description\":\"La prima radio Reggina\",\"publisher\":{\"@id\":\"https:\/\/progettotouring.it\/radiotouring104\/#organization\"},\"potentialAction\":[{\"@type\":\"SearchAction\",\"target\":{\"@type\":\"EntryPoint\",\"urlTemplate\":\"https:\/\/progettotouring.it\/radiotouring104\/?s={search_term_string}\"},\"query-input\":{\"@type\":\"PropertyValueSpecification\",\"valueRequired\":true,\"valueName\":\"search_term_string\"}}],\"inLanguage\":\"it-IT\"},{\"@type\":\"Organization\",\"@id\":\"https:\/\/progettotouring.it\/radiotouring104\/#organization\",\"name\":\"Radio Touring 104\",\"url\":\"https:\/\/progettotouring.it\/radiotouring104\/\",\"logo\":{\"@type\":\"ImageObject\",\"inLanguage\":\"it-IT\",\"@id\":\"https:\/\/progettotouring.it\/radiotouring104\/#\/schema\/logo\/image\/\",\"url\":\"https:\/\/progettotouring.it\/radiotouring104\/wp-content\/uploads\/sites\/6\/2022\/02\/cropped-logo-radio-touring-104.png\",\"contentUrl\":\"https:\/\/progettotouring.it\/radiotouring104\/wp-content\/uploads\/sites\/6\/2022\/02\/cropped-logo-radio-touring-104.png\",\"width\":377,\"height\":182,\"caption\":\"Radio Touring 104\"},\"image\":{\"@id\":\"https:\/\/progettotouring.it\/radiotouring104\/#\/schema\/logo\/image\/\"}},{\"@type\":\"Person\",\"@id\":\"https:\/\/progettotouring.it\/radiotouring104\/#\/schema\/person\/1b3eb3c07c47136bc44c785c543e635f\",\"name\":\"redazione\",\"image\":{\"@type\":\"ImageObject\",\"inLanguage\":\"it-IT\",\"@id\":\"https:\/\/secure.gravatar.com\/avatar\/0b31605b49f100769e8b624b3e05de1b73e1692e9568a352f60f53fd072e6e11?s=96&d=mm&r=g\",\"url\":\"https:\/\/secure.gravatar.com\/avatar\/0b31605b49f100769e8b624b3e05de1b73e1692e9568a352f60f53fd072e6e11?s=96&d=mm&r=g\",\"contentUrl\":\"https:\/\/secure.gravatar.com\/avatar\/0b31605b49f100769e8b624b3e05de1b73e1692e9568a352f60f53fd072e6e11?s=96&d=mm&r=g\",\"caption\":\"redazione\"},\"url\":\"https:\/\/progettotouring.it\/radiotouring104\/author\/redazione\/\"}]}<\/script>\n<!-- \/ Yoast SEO plugin. -->","yoast_head_json":{"title":"Domotek Volley, Ciaramita: \"Qui clima familiare\"","description":"\"Non vedo l'ora di vedere il PalaCalafiore pieno\", dichiara il giovane centrale amaranto, dopo l'amichevole contro l\u2019Avimecc Modica","robots":{"index":"index","follow":"follow","max-snippet":"max-snippet:-1","max-image-preview":"max-image-preview:large","max-video-preview":"max-video-preview:-1"},"canonical":"https:\/\/progettotouring.it\/radiotouring104\/2025\/10\/07\/domotek-volley-ciaramita-qui-clima-familiare\/","og_locale":"it_IT","og_type":"article","og_title":"Domotek Volley, Ciaramita: \"Qui clima familiare\"","og_description":"\"Non vedo l'ora di vedere il PalaCalafiore pieno\", dichiara il giovane centrale amaranto, dopo l'amichevole contro l\u2019Avimecc Modica","og_url":"https:\/\/progettotouring.it\/radiotouring104\/2025\/10\/07\/domotek-volley-ciaramita-qui-clima-familiare\/","og_site_name":"Radio Touring 104","article_published_time":"2025-10-07T09:14:57+00:00","article_modified_time":"2025-10-07T10:34:42+00:00","og_image":[{"width":1160,"height":652,"url":"https:\/\/progettotouring.it\/radiotouring104\/wp-content\/uploads\/sites\/6\/2025\/10\/Ceramita-Domotek-Volley.png","type":"image\/png"}],"author":"redazione","twitter_card":"summary_large_image","twitter_misc":{"Scritto da":"redazione","Tempo di lettura stimato":"2 minuti"},"schema":{"@context":"https:\/\/schema.org","@graph":[{"@type":"Article","@id":"https:\/\/progettotouring.it\/radiotouring104\/2025\/10\/07\/domotek-volley-ciaramita-qui-clima-familiare\/#article","isPartOf":{"@id":"https:\/\/progettotouring.it\/radiotouring104\/2025\/10\/07\/domotek-volley-ciaramita-qui-clima-familiare\/"},"author":{"name":"redazione","@id":"https:\/\/progettotouring.it\/radiotouring104\/#\/schema\/person\/1b3eb3c07c47136bc44c785c543e635f"},"headline":"Domotek Volley, Ciaramita: &#8220;Qui clima familiare&#8221;","datePublished":"2025-10-07T09:14:57+00:00","dateModified":"2025-10-07T10:34:42+00:00","mainEntityOfPage":{"@id":"https:\/\/progettotouring.it\/radiotouring104\/2025\/10\/07\/domotek-volley-ciaramita-qui-clima-familiare\/"},"wordCount":306,"publisher":{"@id":"https:\/\/progettotouring.it\/radiotouring104\/#organization"},"image":{"@id":"https:\/\/progettotouring.it\/radiotouring104\/2025\/10\/07\/domotek-volley-ciaramita-qui-clima-familiare\/#primaryimage"},"thumbnailUrl":"https:\/\/progettotouring.it\/radiotouring104\/wp-content\/uploads\/sites\/6\/2025\/10\/Ceramita-Domotek-Volley.png","keywords":["amichevole contro l\u2019Avimecc Modica","centrale Ceramita","Domotek Volley","Qui clima familiare"],"articleSection":["News","Reggio Calabria","Sport"],"inLanguage":"it-IT"},{"@type":"WebPage","@id":"https:\/\/progettotouring.it\/radiotouring104\/2025\/10\/07\/domotek-volley-ciaramita-qui-clima-familiare\/","url":"https:\/\/progettotouring.it\/radiotouring104\/2025\/10\/07\/domotek-volley-ciaramita-qui-clima-familiare\/","name":"Domotek Volley, Ciaramita: \"Qui clima familiare\"","isPartOf":{"@id":"https:\/\/progettotouring.it\/radiotouring104\/#website"},"primaryImageOfPage":{"@id":"https:\/\/progettotouring.it\/radiotouring104\/2025\/10\/07\/domotek-volley-ciaramita-qui-clima-familiare\/#primaryimage"},"image":{"@id":"https:\/\/progettotouring.it\/radiotouring104\/2025\/10\/07\/domotek-volley-ciaramita-qui-clima-familiare\/#primaryimage"},"thumbnailUrl":"https:\/\/progettotouring.it\/radiotouring104\/wp-content\/uploads\/sites\/6\/2025\/10\/Ceramita-Domotek-Volley.png","datePublished":"2025-10-07T09:14:57+00:00","dateModified":"2025-10-07T10:34:42+00:00","description":"\"Non vedo l'ora di vedere il PalaCalafiore pieno\", dichiara il giovane centrale amaranto, dopo l'amichevole contro l\u2019Avimecc Modica","breadcrumb":{"@id":"https:\/\/progettotouring.it\/radiotouring104\/2025\/10\/07\/domotek-volley-ciaramita-qui-clima-familiare\/#breadcrumb"},"inLanguage":"it-IT","potentialAction":[{"@type":"ReadAction","target":["https:\/\/progettotouring.it\/radiotouring104\/2025\/10\/07\/domotek-volley-ciaramita-qui-clima-familiare\/"]}]},{"@type":"ImageObject","inLanguage":"it-IT","@id":"https:\/\/progettotouring.it\/radiotouring104\/2025\/10\/07\/domotek-volley-ciaramita-qui-clima-familiare\/#primaryimage","url":"https:\/\/progettotouring.it\/radiotouring104\/wp-content\/uploads\/sites\/6\/2025\/10\/Ceramita-Domotek-Volley.png","contentUrl":"https:\/\/progettotouring.it\/radiotouring104\/wp-content\/uploads\/sites\/6\/2025\/10\/Ceramita-Domotek-Volley.png","width":1160,"height":652},{"@type":"BreadcrumbList","@id":"https:\/\/progettotouring.it\/radiotouring104\/2025\/10\/07\/domotek-volley-ciaramita-qui-clima-familiare\/#breadcrumb","itemListElement":[{"@type":"ListItem","position":1,"name":"Home","item":"https:\/\/progettotouring.it\/radiotouring104\/"},{"@type":"ListItem","position":2,"name":"Domotek Volley, Ciaramita: &#8220;Qui clima familiare&#8221;"}]},{"@type":"WebSite","@id":"https:\/\/progettotouring.it\/radiotouring104\/#website","url":"https:\/\/progettotouring.it\/radiotouring104\/","name":"Radio Touring 104","description":"La prima radio Reggina","publisher":{"@id":"https:\/\/progettotouring.it\/radiotouring104\/#organization"},"potentialAction":[{"@type":"SearchAction","target":{"@type":"EntryPoint","urlTemplate":"https:\/\/progettotouring.it\/radiotouring104\/?s={search_term_string}"},"query-input":{"@type":"PropertyValueSpecification","valueRequired":true,"valueName":"search_term_string"}}],"inLanguage":"it-IT"},{"@type":"Organization","@id":"https:\/\/progettotouring.it\/radiotouring104\/#organization","name":"Radio Touring 104","url":"https:\/\/progettotouring.it\/radiotouring104\/","logo":{"@type":"ImageObject","inLanguage":"it-IT","@id":"https:\/\/progettotouring.it\/radiotouring104\/#\/schema\/logo\/image\/","url":"https:\/\/progettotouring.it\/radiotouring104\/wp-content\/uploads\/sites\/6\/2022\/02\/cropped-logo-radio-touring-104.png","contentUrl":"https:\/\/progettotouring.it\/radiotouring104\/wp-content\/uploads\/sites\/6\/2022\/02\/cropped-logo-radio-touring-104.png","width":377,"height":182,"caption":"Radio Touring 104"},"image":{"@id":"https:\/\/progettotouring.it\/radiotouring104\/#\/schema\/logo\/image\/"}},{"@type":"Person","@id":"https:\/\/progettotouring.it\/radiotouring104\/#\/schema\/person\/1b3eb3c07c47136bc44c785c543e635f","name":"redazione","image":{"@type":"ImageObject","inLanguage":"it-IT","@id":"https:\/\/secure.gravatar.com\/avatar\/0b31605b49f100769e8b624b3e05de1b73e1692e9568a352f60f53fd072e6e11?s=96&d=mm&r=g","url":"https:\/\/secure.gravatar.com\/avatar\/0b31605b49f100769e8b624b3e05de1b73e1692e9568a352f60f53fd072e6e11?s=96&d=mm&r=g","contentUrl":"https:\/\/secure.gravatar.com\/avatar\/0b31605b49f100769e8b624b3e05de1b73e1692e9568a352f60f53fd072e6e11?s=96&d=mm&r=g","caption":"redazione"},"url":"https:\/\/progettotouring.it\/radiotouring104\/author\/redazione\/"}]}},"jetpack_publicize_connections":[],"jetpack_featured_media_url":"https:\/\/progettotouring.it\/radiotouring104\/wp-content\/uploads\/sites\/6\/2025\/10\/Ceramita-Domotek-Volley.png","jetpack_sharing_enabled":true,"_links":{"self":[{"href":"https:\/\/progettotouring.it\/radiotouring104\/wp-json\/wp\/v2\/posts\/83449","targetHints":{"allow":["GET"]}}],"collection":[{"href":"https:\/\/progettotouring.it\/radiotouring104\/wp-json\/wp\/v2\/posts"}],"about":[{"href":"https:\/\/progettotouring.it\/radiotouring104\/wp-json\/wp\/v2\/types\/post"}],"author":[{"embeddable":true,"href":"https:\/\/progettotouring.it\/radiotouring104\/wp-json\/wp\/v2\/users\/5"}],"replies":[{"embeddable":true,"href":"https:\/\/progettotouring.it\/radiotouring104\/wp-json\/wp\/v2\/comments?post=83449"}],"version-history":[{"count":2,"href":"https:\/\/progettotouring.it\/radiotouring104\/wp-json\/wp\/v2\/posts\/83449\/revisions"}],"predecessor-version":[{"id":83453,"href":"https:\/\/progettotouring.it\/radiotouring104\/wp-json\/wp\/v2\/posts\/83449\/revisions\/83453"}],"wp:featuredmedia":[{"embeddable":true,"href":"https:\/\/progettotouring.it\/radiotouring104\/wp-json\/wp\/v2\/media\/83450"}],"wp:attachment":[{"href":"https:\/\/progettotouring.it\/radiotouring104\/wp-json\/wp\/v2\/media?parent=83449"}],"wp:term":[{"taxonomy":"category","embeddable":true,"href":"https:\/\/progettotouring.it\/radiotouring104\/wp-json\/wp\/v2\/categories?post=83449"},{"taxonomy":"post_tag","embeddable":true,"href":"https:\/\/progettotouring.it\/radiotouring104\/wp-json\/wp\/v2\/tags?post=83449"}],"curies":[{"name":"wp","href":"https:\/\/api.w.org\/{rel}","templated":true}]}}