{"id":83460,"date":"2025-10-07T11:39:02","date_gmt":"2025-10-07T09:39:02","guid":{"rendered":"https:\/\/progettotouring.it\/radiotouring104\/?p=83460"},"modified":"2025-10-07T12:34:33","modified_gmt":"2025-10-07T10:34:33","slug":"reggio-al-polo-tecnico-professionale-righi-boccioni-fermi-la-consegna-del-premio-fondazione-tripodi","status":"publish","type":"post","link":"https:\/\/progettotouring.it\/radiotouring104\/2025\/10\/07\/reggio-al-polo-tecnico-professionale-righi-boccioni-fermi-la-consegna-del-premio-fondazione-tripodi\/","title":{"rendered":"Reggio: al\u00a0Polo Tecnico Professionale &#8220;Righi &#8211; Boccioni &#8211; Fermi&#8221;\u00a0la consegna del Premio &#8220;Fondazione Tripodi&#8221;"},"content":{"rendered":"<p class=\"xmprfx_MsoNormal\">Continua l&#8217;attivit\u00e0 della Fondazione Girolamo Tripodi, con particolare riferimento alle giovani generazioni.<\/p>\n<p class=\"xmprfx_MsoNormal\">Gioved\u00ec 9 2025 ottobre si proceder\u00e0 con la consegna del Premio di Studio \u201cGirolamo Tripodi\u201d 2024\/2025 al\u00a0<b>POLO<u>\u00a0TECNICO PROFESSIONALE \u201cRIGHI \u2013 BOCCIONI &#8211; FERMI\u201d<\/u><\/b>\u00a0di Reggio Calabria<\/p>\n<p class=\"xmprfx_MsoNormal\">Prosegue, quindi, l&#8217;impegno della Fondazione Girolamo Tripodi con particolare riferimento alle giovani generazioni, mediante l\u2019istituzione di borse di studio e di premi a favore di giovani studenti, segnatamente di quelli meritevoli e bisognosi.<\/p>\n<p class=\"xmprfx_MsoNormal\">Tale iniziativa \u00e8 stata organizzata, cos\u00ec come le edizioni degli anni passati, in attuazione dell\u2019art. 3 dello Statuto della Fondazione che, tra le attivit\u00e0 della stessa, prevede \u201cl\u2019istituzione di borse di studio e di premi a favore di giovani studenti, segnatamente di quelli meritevoli e bisognosi\u201d.<\/p>\n<p class=\"xmprfx_MsoNormal\">La scelta di investire sui giovani calabresi rappresenta una linea strategica della Fondazione che vuole valorizzare l\u2019impegno dei giovani studenti che rappresentano una risorsa straordinaria e sono l\u2019unica speranza di futuro per la nostra terra<\/p>\n<p class=\"xmprfx_MsoNormal\">I premi sono indirizzati ad incoraggiare l\u2019impegno dei giovani destinati a divenire la classe dirigente di un territorio che il Senatore Girolamo Tripodi ha profondamente amato ed al quale ha dedicato l\u2019intera sua esistenza.<\/p>\n<p class=\"xmprfx_MsoNormal\">Sempre schierato accanto agli ultimi, \u00e8 stato protagonista di una lunga serie di battaglie al fianco dei \u201csenza voce\u201d, dei braccianti, delle gelsominaie, delle raccoglitrici di olive, ai quali ha conferito dignit\u00e0 e speranza per la costruzione di una societ\u00e0 improntata all\u2019emancipazione e alla giustizia sociale.<\/p>\n<p class=\"xmprfx_MsoNormal\">Con l\u2019organizzazione di questo Bando di Concorso e l\u2019istituzione dei Premi di Studio \u201cGirolamo Tripodi\u201d, destinati agli studenti calabresi, la Fondazione intende mantenere viva la memoria di una storia collettiva che non va dispersa e che ha rappresentato una delle pi\u00f9 importanti stagioni di riscatto delle classi umili e diseredate della Calabria e del Mezzogiorno.<\/p>\n<p class=\"xmprfx_MsoNormal\">Il calendario prevede la premiazione al\u00a0<b><u>POLO TECNICO PROFESSIONALE \u201cRIGHI \u2013 BOCCIONI &#8211; FERMI\u201d<\/u><\/b>\u00a0di Reggio Calabria, dove avverr\u00e0 la premiazione del pi\u00f9 meritevole e bisognoso diplomato dell\u2019anno scolastico 2024\/2025.<\/p>\n<p class=\"xmprfx_MsoNormal\">La premiazione, concordata in collaborazione con la Dirigente Scolastica Prof.ssa Anna Maria Cama, a cui la Fondazione rivolge un sentito ringraziamento, si svolger\u00e0\u00a0<b>GIOVEDI\u2019 9 OTTOBRE 2025<\/b>,<b>\u00a0<\/b>secondo il seguente programma:<\/p>\n<ul type=\"disc\">\n<li class=\"xmprfx_MsoListParagraph\"><b><u>POLO TECNICO PROFESSIONALE \u201cRIGHI \u2013 BOCCIONI &#8211; FERMI\u201d\u00a0<\/u><\/b><b>&#8211;\u00a0 Aula Magna dell\u2019Istituto Tecnico Righi,\u00a0 Via Trabocchetto II Tratto &#8211;\u00a0 Premiazione Gioved\u00ec 9 ottobre a cominciare dalle ore 10,00.<\/b><\/li>\n<\/ul>\n<p class=\"xmprfx_MsoNormal\"><b>Nel corso della cerimonia lo Storico prof. Pasquale Amato svolger\u00e0 una Lectio Magistralis sul tema\u201d Viaggio nelle radici della polis Reghion\u201d.<\/b><\/p>\n<p class=\"xmprfx_MsoNormal\"><b>\u00a0<\/b><\/p>\n<p class=\"xmprfx_MsoNormal\">Tenere viva la memoria costituisce una necessit\u00e0 fondamentale per costruire il presente e progettare il futuro.<\/p>\n<p class=\"xmprfx_MsoNormal\">Con questo spirito \u00e8 stata pensata e promossa questa iniziativa che, incarnando pienamente la tensione ideale e la concezione politica di Girolamo Tripodi, punta a dare un piccolo sostegno ai giovani studenti degli istituti scolastici reggini che rappresentano la nostra speranza per un futuro migliore.<\/p>\n<p class=\"xmprfx_MsoNormal\">\n","protected":false},"excerpt":{"rendered":"<p>Continua l&#8217;attivit\u00e0 della Fondazione Girolamo Tripodi, con particolare riferimento alle giovani generazioni. Gioved\u00ec 9 2025 ottobre si proceder\u00e0 con la consegna del Premio di Studio \u201cGirolamo Tripodi\u201d 2024\/2025 al\u00a0POLO\u00a0TECNICO PROFESSIONALE&hellip;<\/p>\n","protected":false},"author":5,"featured_media":16474,"comment_status":"closed","ping_status":"open","sticky":false,"template":"","format":"standard","meta":{"_jetpack_memberships_contains_paid_content":false,"footnotes":"","jetpack_publicize_message":"","jetpack_publicize_feature_enabled":true,"jetpack_social_post_already_shared":true,"jetpack_social_options":{"image_generator_settings":{"template":"highway","default_image_id":0,"font":"","enabled":false},"version":2}},"categories":[921,196,140],"tags":[35993,41328,48099,14222],"class_list":["post-83460","post","type-post","status-publish","format-standard","has-post-thumbnail","hentry","category-home","category-news","category-reggio-calabria","tag-cerimonia-di-premiazione","tag-polo-professionale-righi-boccioni-fermi","tag-premio-studi-fondazione-tripodi","tag-prof-ssa-anna-maria-cama"],"yoast_head":"<!-- This site is optimized with the Yoast SEO plugin v27.2 - https:\/\/yoast.com\/product\/yoast-seo-wordpress\/ -->\n<title>Reggio: domani la consegna del Premio studi &quot;G. Tripodi&quot;<\/title>\n<meta name=\"description\" content=\"La cerimonia di consegna del Premio studi della Fondazione &quot;G. Tripodi&quot; si svolger\u00e0 al Polo Professionale gioved\u00ec 9 ottobre\" \/>\n<meta name=\"robots\" content=\"index, follow, max-snippet:-1, max-image-preview:large, max-video-preview:-1\" \/>\n<link rel=\"canonical\" href=\"https:\/\/progettotouring.it\/radiotouring104\/2025\/10\/07\/reggio-al-polo-tecnico-professionale-righi-boccioni-fermi-la-consegna-del-premio-fondazione-tripodi\/\" \/>\n<meta property=\"og:locale\" content=\"it_IT\" \/>\n<meta property=\"og:type\" content=\"article\" \/>\n<meta property=\"og:title\" content=\"Reggio: domani la consegna del Premio studi &quot;G. Tripodi&quot;\" \/>\n<meta property=\"og:description\" content=\"La cerimonia di consegna del Premio studi della Fondazione &quot;G. Tripodi&quot; si svolger\u00e0 al Polo Professionale gioved\u00ec 9 ottobre\" \/>\n<meta property=\"og:url\" content=\"https:\/\/progettotouring.it\/radiotouring104\/2025\/10\/07\/reggio-al-polo-tecnico-professionale-righi-boccioni-fermi-la-consegna-del-premio-fondazione-tripodi\/\" \/>\n<meta property=\"og:site_name\" content=\"Radio Touring 104\" \/>\n<meta property=\"article:published_time\" content=\"2025-10-07T09:39:02+00:00\" \/>\n<meta property=\"article:modified_time\" content=\"2025-10-07T10:34:33+00:00\" \/>\n<meta property=\"og:image\" content=\"https:\/\/progettotouring.it\/radiotouring104\/wp-content\/uploads\/sites\/6\/2023\/01\/fondazione-G.-TRIPODI.png\" \/>\n\t<meta property=\"og:image:width\" content=\"546\" \/>\n\t<meta property=\"og:image:height\" content=\"356\" \/>\n\t<meta property=\"og:image:type\" content=\"image\/png\" \/>\n<meta name=\"author\" content=\"redazione\" \/>\n<meta name=\"twitter:card\" content=\"summary_large_image\" \/>\n<meta name=\"twitter:label1\" content=\"Scritto da\" \/>\n\t<meta name=\"twitter:data1\" content=\"redazione\" \/>\n\t<meta name=\"twitter:label2\" content=\"Tempo di lettura stimato\" \/>\n\t<meta name=\"twitter:data2\" content=\"2 minuti\" \/>\n<script type=\"application\/ld+json\" class=\"yoast-schema-graph\">{\"@context\":\"https:\/\/schema.org\",\"@graph\":[{\"@type\":\"Article\",\"@id\":\"https:\/\/progettotouring.it\/radiotouring104\/2025\/10\/07\/reggio-al-polo-tecnico-professionale-righi-boccioni-fermi-la-consegna-del-premio-fondazione-tripodi\/#article\",\"isPartOf\":{\"@id\":\"https:\/\/progettotouring.it\/radiotouring104\/2025\/10\/07\/reggio-al-polo-tecnico-professionale-righi-boccioni-fermi-la-consegna-del-premio-fondazione-tripodi\/\"},\"author\":{\"name\":\"redazione\",\"@id\":\"https:\/\/progettotouring.it\/radiotouring104\/#\/schema\/person\/1b3eb3c07c47136bc44c785c543e635f\"},\"headline\":\"Reggio: al\u00a0Polo Tecnico Professionale &#8220;Righi &#8211; Boccioni &#8211; Fermi&#8221;\u00a0la consegna del Premio &#8220;Fondazione Tripodi&#8221;\",\"datePublished\":\"2025-10-07T09:39:02+00:00\",\"dateModified\":\"2025-10-07T10:34:33+00:00\",\"mainEntityOfPage\":{\"@id\":\"https:\/\/progettotouring.it\/radiotouring104\/2025\/10\/07\/reggio-al-polo-tecnico-professionale-righi-boccioni-fermi-la-consegna-del-premio-fondazione-tripodi\/\"},\"wordCount\":474,\"publisher\":{\"@id\":\"https:\/\/progettotouring.it\/radiotouring104\/#organization\"},\"image\":{\"@id\":\"https:\/\/progettotouring.it\/radiotouring104\/2025\/10\/07\/reggio-al-polo-tecnico-professionale-righi-boccioni-fermi-la-consegna-del-premio-fondazione-tripodi\/#primaryimage\"},\"thumbnailUrl\":\"https:\/\/progettotouring.it\/radiotouring104\/wp-content\/uploads\/sites\/6\/2023\/01\/fondazione-G.-TRIPODI.png\",\"keywords\":[\"Cerimonia di premiazione\",\"polo professionale \\\"Righi - Boccioni-Fermi\\\"\",\"Premio studi \\\"Fondazione Tripodi\\\"\",\"prof.ssa Anna Maria Cama.\"],\"articleSection\":[\"Home\",\"News\",\"Reggio Calabria\"],\"inLanguage\":\"it-IT\"},{\"@type\":\"WebPage\",\"@id\":\"https:\/\/progettotouring.it\/radiotouring104\/2025\/10\/07\/reggio-al-polo-tecnico-professionale-righi-boccioni-fermi-la-consegna-del-premio-fondazione-tripodi\/\",\"url\":\"https:\/\/progettotouring.it\/radiotouring104\/2025\/10\/07\/reggio-al-polo-tecnico-professionale-righi-boccioni-fermi-la-consegna-del-premio-fondazione-tripodi\/\",\"name\":\"Reggio: domani la consegna del Premio studi \\\"G. Tripodi\\\"\",\"isPartOf\":{\"@id\":\"https:\/\/progettotouring.it\/radiotouring104\/#website\"},\"primaryImageOfPage\":{\"@id\":\"https:\/\/progettotouring.it\/radiotouring104\/2025\/10\/07\/reggio-al-polo-tecnico-professionale-righi-boccioni-fermi-la-consegna-del-premio-fondazione-tripodi\/#primaryimage\"},\"image\":{\"@id\":\"https:\/\/progettotouring.it\/radiotouring104\/2025\/10\/07\/reggio-al-polo-tecnico-professionale-righi-boccioni-fermi-la-consegna-del-premio-fondazione-tripodi\/#primaryimage\"},\"thumbnailUrl\":\"https:\/\/progettotouring.it\/radiotouring104\/wp-content\/uploads\/sites\/6\/2023\/01\/fondazione-G.-TRIPODI.png\",\"datePublished\":\"2025-10-07T09:39:02+00:00\",\"dateModified\":\"2025-10-07T10:34:33+00:00\",\"description\":\"La cerimonia di consegna del Premio studi della Fondazione \\\"G. Tripodi\\\" si svolger\u00e0 al Polo Professionale gioved\u00ec 9 ottobre\",\"breadcrumb\":{\"@id\":\"https:\/\/progettotouring.it\/radiotouring104\/2025\/10\/07\/reggio-al-polo-tecnico-professionale-righi-boccioni-fermi-la-consegna-del-premio-fondazione-tripodi\/#breadcrumb\"},\"inLanguage\":\"it-IT\",\"potentialAction\":[{\"@type\":\"ReadAction\",\"target\":[\"https:\/\/progettotouring.it\/radiotouring104\/2025\/10\/07\/reggio-al-polo-tecnico-professionale-righi-boccioni-fermi-la-consegna-del-premio-fondazione-tripodi\/\"]}]},{\"@type\":\"ImageObject\",\"inLanguage\":\"it-IT\",\"@id\":\"https:\/\/progettotouring.it\/radiotouring104\/2025\/10\/07\/reggio-al-polo-tecnico-professionale-righi-boccioni-fermi-la-consegna-del-premio-fondazione-tripodi\/#primaryimage\",\"url\":\"https:\/\/progettotouring.it\/radiotouring104\/wp-content\/uploads\/sites\/6\/2023\/01\/fondazione-G.-TRIPODI.png\",\"contentUrl\":\"https:\/\/progettotouring.it\/radiotouring104\/wp-content\/uploads\/sites\/6\/2023\/01\/fondazione-G.-TRIPODI.png\",\"width\":546,\"height\":356},{\"@type\":\"BreadcrumbList\",\"@id\":\"https:\/\/progettotouring.it\/radiotouring104\/2025\/10\/07\/reggio-al-polo-tecnico-professionale-righi-boccioni-fermi-la-consegna-del-premio-fondazione-tripodi\/#breadcrumb\",\"itemListElement\":[{\"@type\":\"ListItem\",\"position\":1,\"name\":\"Home\",\"item\":\"https:\/\/progettotouring.it\/radiotouring104\/\"},{\"@type\":\"ListItem\",\"position\":2,\"name\":\"Reggio: al\u00a0Polo Tecnico Professionale &#8220;Righi &#8211; Boccioni &#8211; Fermi&#8221;\u00a0la consegna del Premio &#8220;Fondazione Tripodi&#8221;\"}]},{\"@type\":\"WebSite\",\"@id\":\"https:\/\/progettotouring.it\/radiotouring104\/#website\",\"url\":\"https:\/\/progettotouring.it\/radiotouring104\/\",\"name\":\"Radio Touring 104\",\"description\":\"La prima radio Reggina\",\"publisher\":{\"@id\":\"https:\/\/progettotouring.it\/radiotouring104\/#organization\"},\"potentialAction\":[{\"@type\":\"SearchAction\",\"target\":{\"@type\":\"EntryPoint\",\"urlTemplate\":\"https:\/\/progettotouring.it\/radiotouring104\/?s={search_term_string}\"},\"query-input\":{\"@type\":\"PropertyValueSpecification\",\"valueRequired\":true,\"valueName\":\"search_term_string\"}}],\"inLanguage\":\"it-IT\"},{\"@type\":\"Organization\",\"@id\":\"https:\/\/progettotouring.it\/radiotouring104\/#organization\",\"name\":\"Radio Touring 104\",\"url\":\"https:\/\/progettotouring.it\/radiotouring104\/\",\"logo\":{\"@type\":\"ImageObject\",\"inLanguage\":\"it-IT\",\"@id\":\"https:\/\/progettotouring.it\/radiotouring104\/#\/schema\/logo\/image\/\",\"url\":\"https:\/\/progettotouring.it\/radiotouring104\/wp-content\/uploads\/sites\/6\/2022\/02\/cropped-logo-radio-touring-104.png\",\"contentUrl\":\"https:\/\/progettotouring.it\/radiotouring104\/wp-content\/uploads\/sites\/6\/2022\/02\/cropped-logo-radio-touring-104.png\",\"width\":377,\"height\":182,\"caption\":\"Radio Touring 104\"},\"image\":{\"@id\":\"https:\/\/progettotouring.it\/radiotouring104\/#\/schema\/logo\/image\/\"}},{\"@type\":\"Person\",\"@id\":\"https:\/\/progettotouring.it\/radiotouring104\/#\/schema\/person\/1b3eb3c07c47136bc44c785c543e635f\",\"name\":\"redazione\",\"image\":{\"@type\":\"ImageObject\",\"inLanguage\":\"it-IT\",\"@id\":\"https:\/\/secure.gravatar.com\/avatar\/0b31605b49f100769e8b624b3e05de1b73e1692e9568a352f60f53fd072e6e11?s=96&d=mm&r=g\",\"url\":\"https:\/\/secure.gravatar.com\/avatar\/0b31605b49f100769e8b624b3e05de1b73e1692e9568a352f60f53fd072e6e11?s=96&d=mm&r=g\",\"contentUrl\":\"https:\/\/secure.gravatar.com\/avatar\/0b31605b49f100769e8b624b3e05de1b73e1692e9568a352f60f53fd072e6e11?s=96&d=mm&r=g\",\"caption\":\"redazione\"},\"url\":\"https:\/\/progettotouring.it\/radiotouring104\/author\/redazione\/\"}]}<\/script>\n<!-- \/ Yoast SEO plugin. -->","yoast_head_json":{"title":"Reggio: domani la consegna del Premio studi \"G. Tripodi\"","description":"La cerimonia di consegna del Premio studi della Fondazione \"G. Tripodi\" si svolger\u00e0 al Polo Professionale gioved\u00ec 9 ottobre","robots":{"index":"index","follow":"follow","max-snippet":"max-snippet:-1","max-image-preview":"max-image-preview:large","max-video-preview":"max-video-preview:-1"},"canonical":"https:\/\/progettotouring.it\/radiotouring104\/2025\/10\/07\/reggio-al-polo-tecnico-professionale-righi-boccioni-fermi-la-consegna-del-premio-fondazione-tripodi\/","og_locale":"it_IT","og_type":"article","og_title":"Reggio: domani la consegna del Premio studi \"G. Tripodi\"","og_description":"La cerimonia di consegna del Premio studi della Fondazione \"G. Tripodi\" si svolger\u00e0 al Polo Professionale gioved\u00ec 9 ottobre","og_url":"https:\/\/progettotouring.it\/radiotouring104\/2025\/10\/07\/reggio-al-polo-tecnico-professionale-righi-boccioni-fermi-la-consegna-del-premio-fondazione-tripodi\/","og_site_name":"Radio Touring 104","article_published_time":"2025-10-07T09:39:02+00:00","article_modified_time":"2025-10-07T10:34:33+00:00","og_image":[{"width":546,"height":356,"url":"https:\/\/progettotouring.it\/radiotouring104\/wp-content\/uploads\/sites\/6\/2023\/01\/fondazione-G.-TRIPODI.png","type":"image\/png"}],"author":"redazione","twitter_card":"summary_large_image","twitter_misc":{"Scritto da":"redazione","Tempo di lettura stimato":"2 minuti"},"schema":{"@context":"https:\/\/schema.org","@graph":[{"@type":"Article","@id":"https:\/\/progettotouring.it\/radiotouring104\/2025\/10\/07\/reggio-al-polo-tecnico-professionale-righi-boccioni-fermi-la-consegna-del-premio-fondazione-tripodi\/#article","isPartOf":{"@id":"https:\/\/progettotouring.it\/radiotouring104\/2025\/10\/07\/reggio-al-polo-tecnico-professionale-righi-boccioni-fermi-la-consegna-del-premio-fondazione-tripodi\/"},"author":{"name":"redazione","@id":"https:\/\/progettotouring.it\/radiotouring104\/#\/schema\/person\/1b3eb3c07c47136bc44c785c543e635f"},"headline":"Reggio: al\u00a0Polo Tecnico Professionale &#8220;Righi &#8211; Boccioni &#8211; Fermi&#8221;\u00a0la consegna del Premio &#8220;Fondazione Tripodi&#8221;","datePublished":"2025-10-07T09:39:02+00:00","dateModified":"2025-10-07T10:34:33+00:00","mainEntityOfPage":{"@id":"https:\/\/progettotouring.it\/radiotouring104\/2025\/10\/07\/reggio-al-polo-tecnico-professionale-righi-boccioni-fermi-la-consegna-del-premio-fondazione-tripodi\/"},"wordCount":474,"publisher":{"@id":"https:\/\/progettotouring.it\/radiotouring104\/#organization"},"image":{"@id":"https:\/\/progettotouring.it\/radiotouring104\/2025\/10\/07\/reggio-al-polo-tecnico-professionale-righi-boccioni-fermi-la-consegna-del-premio-fondazione-tripodi\/#primaryimage"},"thumbnailUrl":"https:\/\/progettotouring.it\/radiotouring104\/wp-content\/uploads\/sites\/6\/2023\/01\/fondazione-G.-TRIPODI.png","keywords":["Cerimonia di premiazione","polo professionale \"Righi - Boccioni-Fermi\"","Premio studi \"Fondazione Tripodi\"","prof.ssa Anna Maria Cama."],"articleSection":["Home","News","Reggio Calabria"],"inLanguage":"it-IT"},{"@type":"WebPage","@id":"https:\/\/progettotouring.it\/radiotouring104\/2025\/10\/07\/reggio-al-polo-tecnico-professionale-righi-boccioni-fermi-la-consegna-del-premio-fondazione-tripodi\/","url":"https:\/\/progettotouring.it\/radiotouring104\/2025\/10\/07\/reggio-al-polo-tecnico-professionale-righi-boccioni-fermi-la-consegna-del-premio-fondazione-tripodi\/","name":"Reggio: domani la consegna del Premio studi \"G. Tripodi\"","isPartOf":{"@id":"https:\/\/progettotouring.it\/radiotouring104\/#website"},"primaryImageOfPage":{"@id":"https:\/\/progettotouring.it\/radiotouring104\/2025\/10\/07\/reggio-al-polo-tecnico-professionale-righi-boccioni-fermi-la-consegna-del-premio-fondazione-tripodi\/#primaryimage"},"image":{"@id":"https:\/\/progettotouring.it\/radiotouring104\/2025\/10\/07\/reggio-al-polo-tecnico-professionale-righi-boccioni-fermi-la-consegna-del-premio-fondazione-tripodi\/#primaryimage"},"thumbnailUrl":"https:\/\/progettotouring.it\/radiotouring104\/wp-content\/uploads\/sites\/6\/2023\/01\/fondazione-G.-TRIPODI.png","datePublished":"2025-10-07T09:39:02+00:00","dateModified":"2025-10-07T10:34:33+00:00","description":"La cerimonia di consegna del Premio studi della Fondazione \"G. Tripodi\" si svolger\u00e0 al Polo Professionale gioved\u00ec 9 ottobre","breadcrumb":{"@id":"https:\/\/progettotouring.it\/radiotouring104\/2025\/10\/07\/reggio-al-polo-tecnico-professionale-righi-boccioni-fermi-la-consegna-del-premio-fondazione-tripodi\/#breadcrumb"},"inLanguage":"it-IT","potentialAction":[{"@type":"ReadAction","target":["https:\/\/progettotouring.it\/radiotouring104\/2025\/10\/07\/reggio-al-polo-tecnico-professionale-righi-boccioni-fermi-la-consegna-del-premio-fondazione-tripodi\/"]}]},{"@type":"ImageObject","inLanguage":"it-IT","@id":"https:\/\/progettotouring.it\/radiotouring104\/2025\/10\/07\/reggio-al-polo-tecnico-professionale-righi-boccioni-fermi-la-consegna-del-premio-fondazione-tripodi\/#primaryimage","url":"https:\/\/progettotouring.it\/radiotouring104\/wp-content\/uploads\/sites\/6\/2023\/01\/fondazione-G.-TRIPODI.png","contentUrl":"https:\/\/progettotouring.it\/radiotouring104\/wp-content\/uploads\/sites\/6\/2023\/01\/fondazione-G.-TRIPODI.png","width":546,"height":356},{"@type":"BreadcrumbList","@id":"https:\/\/progettotouring.it\/radiotouring104\/2025\/10\/07\/reggio-al-polo-tecnico-professionale-righi-boccioni-fermi-la-consegna-del-premio-fondazione-tripodi\/#breadcrumb","itemListElement":[{"@type":"ListItem","position":1,"name":"Home","item":"https:\/\/progettotouring.it\/radiotouring104\/"},{"@type":"ListItem","position":2,"name":"Reggio: al\u00a0Polo Tecnico Professionale &#8220;Righi &#8211; Boccioni &#8211; Fermi&#8221;\u00a0la consegna del Premio &#8220;Fondazione Tripodi&#8221;"}]},{"@type":"WebSite","@id":"https:\/\/progettotouring.it\/radiotouring104\/#website","url":"https:\/\/progettotouring.it\/radiotouring104\/","name":"Radio Touring 104","description":"La prima radio Reggina","publisher":{"@id":"https:\/\/progettotouring.it\/radiotouring104\/#organization"},"potentialAction":[{"@type":"SearchAction","target":{"@type":"EntryPoint","urlTemplate":"https:\/\/progettotouring.it\/radiotouring104\/?s={search_term_string}"},"query-input":{"@type":"PropertyValueSpecification","valueRequired":true,"valueName":"search_term_string"}}],"inLanguage":"it-IT"},{"@type":"Organization","@id":"https:\/\/progettotouring.it\/radiotouring104\/#organization","name":"Radio Touring 104","url":"https:\/\/progettotouring.it\/radiotouring104\/","logo":{"@type":"ImageObject","inLanguage":"it-IT","@id":"https:\/\/progettotouring.it\/radiotouring104\/#\/schema\/logo\/image\/","url":"https:\/\/progettotouring.it\/radiotouring104\/wp-content\/uploads\/sites\/6\/2022\/02\/cropped-logo-radio-touring-104.png","contentUrl":"https:\/\/progettotouring.it\/radiotouring104\/wp-content\/uploads\/sites\/6\/2022\/02\/cropped-logo-radio-touring-104.png","width":377,"height":182,"caption":"Radio Touring 104"},"image":{"@id":"https:\/\/progettotouring.it\/radiotouring104\/#\/schema\/logo\/image\/"}},{"@type":"Person","@id":"https:\/\/progettotouring.it\/radiotouring104\/#\/schema\/person\/1b3eb3c07c47136bc44c785c543e635f","name":"redazione","image":{"@type":"ImageObject","inLanguage":"it-IT","@id":"https:\/\/secure.gravatar.com\/avatar\/0b31605b49f100769e8b624b3e05de1b73e1692e9568a352f60f53fd072e6e11?s=96&d=mm&r=g","url":"https:\/\/secure.gravatar.com\/avatar\/0b31605b49f100769e8b624b3e05de1b73e1692e9568a352f60f53fd072e6e11?s=96&d=mm&r=g","contentUrl":"https:\/\/secure.gravatar.com\/avatar\/0b31605b49f100769e8b624b3e05de1b73e1692e9568a352f60f53fd072e6e11?s=96&d=mm&r=g","caption":"redazione"},"url":"https:\/\/progettotouring.it\/radiotouring104\/author\/redazione\/"}]}},"jetpack_publicize_connections":[],"jetpack_featured_media_url":"https:\/\/progettotouring.it\/radiotouring104\/wp-content\/uploads\/sites\/6\/2023\/01\/fondazione-G.-TRIPODI.png","jetpack_sharing_enabled":true,"_links":{"self":[{"href":"https:\/\/progettotouring.it\/radiotouring104\/wp-json\/wp\/v2\/posts\/83460","targetHints":{"allow":["GET"]}}],"collection":[{"href":"https:\/\/progettotouring.it\/radiotouring104\/wp-json\/wp\/v2\/posts"}],"about":[{"href":"https:\/\/progettotouring.it\/radiotouring104\/wp-json\/wp\/v2\/types\/post"}],"author":[{"embeddable":true,"href":"https:\/\/progettotouring.it\/radiotouring104\/wp-json\/wp\/v2\/users\/5"}],"replies":[{"embeddable":true,"href":"https:\/\/progettotouring.it\/radiotouring104\/wp-json\/wp\/v2\/comments?post=83460"}],"version-history":[{"count":1,"href":"https:\/\/progettotouring.it\/radiotouring104\/wp-json\/wp\/v2\/posts\/83460\/revisions"}],"predecessor-version":[{"id":83462,"href":"https:\/\/progettotouring.it\/radiotouring104\/wp-json\/wp\/v2\/posts\/83460\/revisions\/83462"}],"wp:featuredmedia":[{"embeddable":true,"href":"https:\/\/progettotouring.it\/radiotouring104\/wp-json\/wp\/v2\/media\/16474"}],"wp:attachment":[{"href":"https:\/\/progettotouring.it\/radiotouring104\/wp-json\/wp\/v2\/media?parent=83460"}],"wp:term":[{"taxonomy":"category","embeddable":true,"href":"https:\/\/progettotouring.it\/radiotouring104\/wp-json\/wp\/v2\/categories?post=83460"},{"taxonomy":"post_tag","embeddable":true,"href":"https:\/\/progettotouring.it\/radiotouring104\/wp-json\/wp\/v2\/tags?post=83460"}],"curies":[{"name":"wp","href":"https:\/\/api.w.org\/{rel}","templated":true}]}}