{"id":83468,"date":"2025-10-07T11:53:06","date_gmt":"2025-10-07T09:53:06","guid":{"rendered":"https:\/\/progettotouring.it\/radiotouring104\/?p=83468"},"modified":"2025-10-07T12:34:13","modified_gmt":"2025-10-07T10:34:13","slug":"regionali-in-calabria-regione-si-conferma-roccaforte-di-forza-italia","status":"publish","type":"post","link":"https:\/\/progettotouring.it\/radiotouring104\/2025\/10\/07\/regionali-in-calabria-regione-si-conferma-roccaforte-di-forza-italia\/","title":{"rendered":"Regionali in Calabria: Regione si conferma roccaforte di Forza Italia"},"content":{"rendered":"<p>La Calabria \u00e8 da anni una roccaforte di Forza Italia, ma il dato delle elezioni regionali di domenica e luned\u00ec scorsi, probabilmente, \u00e8 andato oltre alle pi\u00f9 rosee aspettative dei dirigenti azzurri in una tornata elettorale che non vede il balzo in avanti ipotizzato per Fratelli d&#8217;Italia, che cresce rispetto a 4 anni fa ma cala sulle europee del 2024 e la Lega in leggera crescita rispetto, sia alle precedenti regionali sia alle europee e in calo considerando le politiche del 2022.<\/p>\n<p>Sul fronte opposto, il Pd si conferma primo partito &#8211; secondo assoluto in Calabria &#8211; mentre Avs non riesce a raggiungere il quorum del 4% e viene escluso dal prossimo Consiglio regionale e i 5 Stelle ottengono meno voti della lista del candidato presidente Pasquale Tridico.<\/p>\n<p>Forza Italia si conferma il primo partito con il 17,98%, 5 punti in pi\u00f9 di Fratelli d&#8217;Italia, ma se si sommano i voti della lista del presidente Occhiuto &#8211; 12,39%, pi\u00f9 di Fdi &#8211; il totale porta la pattuglia azzurra al 30,37%, quasi 3 punti in pi\u00f9 rispetto alla somma di tutti gli altri partiti della coalizione e in crescita rispetto alle precedenti regionali, politiche ed europee.<\/p>\n<p>Al secondo posto in regione si piazza il Pd che riceve il consenso del 13,59% degli elettori.<\/p>\n<p>Rsultato che arriva 18,82% considerando anche la lista Democratici e progressisti, emanazione dei dem. Terzo \u00e8 il partito della premier Giorgia Meloni che raccoglie l&#8217;11,64% dei consensi. Alle precedenti regionali aveva ottenuto l&#8217;8,7% ma alle politiche e alle Europee il 18,98 e il 20,57. Quindi la Lega con il 9,40%, l&#8217;1% in pi\u00f9 rispetto a 4 anni fa. Noi moderati, non presenti alla precedenti elezioni, supera di poco il quorum con il 4,03%.<\/p>\n<p>Nel campo progressista Avs \u00e8 stata votata dal 3,85%, 2 punti in meno rispetto alle Europee, mentre supera il quorum, con il 4,42% di consensi, la Lista Casa riformista Italia viva. I 5 Stelle restano stabili rispetto a 4 anni fa con il 6,43%, ma, come accade spesso, perdono rispetto alle elezioni nazionali, sia rispetto alla Camera del 2022 che alle Europee del 2024 (29,36% e 16,18%) e arrivano dietro alla lista di Tridico che raggiunge il 7,62%<\/p>\n","protected":false},"excerpt":{"rendered":"<p>La Calabria \u00e8 da anni una roccaforte di Forza Italia, ma il dato delle elezioni regionali di domenica e luned\u00ec scorsi, probabilmente, \u00e8 andato oltre alle pi\u00f9 rosee aspettative dei&hellip;<\/p>\n","protected":false},"author":5,"featured_media":80194,"comment_status":"closed","ping_status":"open","sticky":false,"template":"","format":"standard","meta":{"_jetpack_memberships_contains_paid_content":false,"footnotes":"","jetpack_publicize_message":"","jetpack_publicize_feature_enabled":true,"jetpack_social_post_already_shared":true,"jetpack_social_options":{"image_generator_settings":{"template":"highway","default_image_id":0,"font":"","enabled":false},"version":2}},"categories":[142,921,196],"tags":[48104,48102,48103,48105,48086,48101],"class_list":["post-83468","post","type-post","status-publish","format-standard","has-post-thumbnail","hentry","category-calabria","category-home","category-news","tag-lega-stabile","tag-lista-del-presidente-al-30","tag-non-decolla-fratelli-ditalia","tag-pd-si-conferma-secondo-partito","tag-regionali-in-calabria","tag-roccaforte-di-forza-italia"],"yoast_head":"<!-- This site is optimized with the Yoast SEO plugin v27.2 - https:\/\/yoast.com\/product\/yoast-seo-wordpress\/ -->\n<title>Regionali in Calabria: Regione si conferma roccaforte di Forza Italia<\/title>\n<meta name=\"description\" content=\"La lista del Presidente \u00e8 al 30%. Non decolla Fratelli d&#039;Italia Lega stabile. Il Pd si conferma seconda forza\" \/>\n<meta name=\"robots\" content=\"index, follow, max-snippet:-1, max-image-preview:large, max-video-preview:-1\" \/>\n<link rel=\"canonical\" href=\"https:\/\/progettotouring.it\/radiotouring104\/2025\/10\/07\/regionali-in-calabria-regione-si-conferma-roccaforte-di-forza-italia\/\" \/>\n<meta property=\"og:locale\" content=\"it_IT\" \/>\n<meta property=\"og:type\" content=\"article\" \/>\n<meta property=\"og:title\" content=\"Regionali in Calabria: Regione si conferma roccaforte di Forza Italia\" \/>\n<meta property=\"og:description\" content=\"La lista del Presidente \u00e8 al 30%. Non decolla Fratelli d&#039;Italia Lega stabile. Il Pd si conferma seconda forza\" \/>\n<meta property=\"og:url\" content=\"https:\/\/progettotouring.it\/radiotouring104\/2025\/10\/07\/regionali-in-calabria-regione-si-conferma-roccaforte-di-forza-italia\/\" \/>\n<meta property=\"og:site_name\" content=\"Radio Touring 104\" \/>\n<meta property=\"article:published_time\" content=\"2025-10-07T09:53:06+00:00\" \/>\n<meta property=\"article:modified_time\" content=\"2025-10-07T10:34:13+00:00\" \/>\n<meta property=\"og:image\" content=\"https:\/\/progettotouring.it\/radiotouring104\/wp-content\/uploads\/sites\/6\/2025\/08\/Elezioni-Regionali.png\" \/>\n\t<meta property=\"og:image:width\" content=\"882\" \/>\n\t<meta property=\"og:image:height\" content=\"396\" \/>\n\t<meta property=\"og:image:type\" content=\"image\/png\" \/>\n<meta name=\"author\" content=\"redazione\" \/>\n<meta name=\"twitter:card\" content=\"summary_large_image\" \/>\n<meta name=\"twitter:label1\" content=\"Scritto da\" \/>\n\t<meta name=\"twitter:data1\" content=\"redazione\" \/>\n\t<meta name=\"twitter:label2\" content=\"Tempo di lettura stimato\" \/>\n\t<meta name=\"twitter:data2\" content=\"2 minuti\" \/>\n<script type=\"application\/ld+json\" class=\"yoast-schema-graph\">{\"@context\":\"https:\/\/schema.org\",\"@graph\":[{\"@type\":\"Article\",\"@id\":\"https:\/\/progettotouring.it\/radiotouring104\/2025\/10\/07\/regionali-in-calabria-regione-si-conferma-roccaforte-di-forza-italia\/#article\",\"isPartOf\":{\"@id\":\"https:\/\/progettotouring.it\/radiotouring104\/2025\/10\/07\/regionali-in-calabria-regione-si-conferma-roccaforte-di-forza-italia\/\"},\"author\":{\"name\":\"redazione\",\"@id\":\"https:\/\/progettotouring.it\/radiotouring104\/#\/schema\/person\/1b3eb3c07c47136bc44c785c543e635f\"},\"headline\":\"Regionali in Calabria: Regione si conferma roccaforte di Forza Italia\",\"datePublished\":\"2025-10-07T09:53:06+00:00\",\"dateModified\":\"2025-10-07T10:34:13+00:00\",\"mainEntityOfPage\":{\"@id\":\"https:\/\/progettotouring.it\/radiotouring104\/2025\/10\/07\/regionali-in-calabria-regione-si-conferma-roccaforte-di-forza-italia\/\"},\"wordCount\":341,\"publisher\":{\"@id\":\"https:\/\/progettotouring.it\/radiotouring104\/#organization\"},\"image\":{\"@id\":\"https:\/\/progettotouring.it\/radiotouring104\/2025\/10\/07\/regionali-in-calabria-regione-si-conferma-roccaforte-di-forza-italia\/#primaryimage\"},\"thumbnailUrl\":\"https:\/\/progettotouring.it\/radiotouring104\/wp-content\/uploads\/sites\/6\/2025\/08\/Elezioni-Regionali.png\",\"keywords\":[\"Lega stabile\",\"lista del Presidente al 30%\",\"Non decolla Fratelli d'Italia\",\"Pd si conferma secondo partito\",\"Regionali in Calabria\",\"Roccaforte di Forza Italia\"],\"articleSection\":[\"Calabria\",\"Home\",\"News\"],\"inLanguage\":\"it-IT\"},{\"@type\":\"WebPage\",\"@id\":\"https:\/\/progettotouring.it\/radiotouring104\/2025\/10\/07\/regionali-in-calabria-regione-si-conferma-roccaforte-di-forza-italia\/\",\"url\":\"https:\/\/progettotouring.it\/radiotouring104\/2025\/10\/07\/regionali-in-calabria-regione-si-conferma-roccaforte-di-forza-italia\/\",\"name\":\"Regionali in Calabria: Regione si conferma roccaforte di Forza Italia\",\"isPartOf\":{\"@id\":\"https:\/\/progettotouring.it\/radiotouring104\/#website\"},\"primaryImageOfPage\":{\"@id\":\"https:\/\/progettotouring.it\/radiotouring104\/2025\/10\/07\/regionali-in-calabria-regione-si-conferma-roccaforte-di-forza-italia\/#primaryimage\"},\"image\":{\"@id\":\"https:\/\/progettotouring.it\/radiotouring104\/2025\/10\/07\/regionali-in-calabria-regione-si-conferma-roccaforte-di-forza-italia\/#primaryimage\"},\"thumbnailUrl\":\"https:\/\/progettotouring.it\/radiotouring104\/wp-content\/uploads\/sites\/6\/2025\/08\/Elezioni-Regionali.png\",\"datePublished\":\"2025-10-07T09:53:06+00:00\",\"dateModified\":\"2025-10-07T10:34:13+00:00\",\"description\":\"La lista del Presidente \u00e8 al 30%. Non decolla Fratelli d'Italia Lega stabile. Il Pd si conferma seconda forza\",\"breadcrumb\":{\"@id\":\"https:\/\/progettotouring.it\/radiotouring104\/2025\/10\/07\/regionali-in-calabria-regione-si-conferma-roccaforte-di-forza-italia\/#breadcrumb\"},\"inLanguage\":\"it-IT\",\"potentialAction\":[{\"@type\":\"ReadAction\",\"target\":[\"https:\/\/progettotouring.it\/radiotouring104\/2025\/10\/07\/regionali-in-calabria-regione-si-conferma-roccaforte-di-forza-italia\/\"]}]},{\"@type\":\"ImageObject\",\"inLanguage\":\"it-IT\",\"@id\":\"https:\/\/progettotouring.it\/radiotouring104\/2025\/10\/07\/regionali-in-calabria-regione-si-conferma-roccaforte-di-forza-italia\/#primaryimage\",\"url\":\"https:\/\/progettotouring.it\/radiotouring104\/wp-content\/uploads\/sites\/6\/2025\/08\/Elezioni-Regionali.png\",\"contentUrl\":\"https:\/\/progettotouring.it\/radiotouring104\/wp-content\/uploads\/sites\/6\/2025\/08\/Elezioni-Regionali.png\",\"width\":882,\"height\":396},{\"@type\":\"BreadcrumbList\",\"@id\":\"https:\/\/progettotouring.it\/radiotouring104\/2025\/10\/07\/regionali-in-calabria-regione-si-conferma-roccaforte-di-forza-italia\/#breadcrumb\",\"itemListElement\":[{\"@type\":\"ListItem\",\"position\":1,\"name\":\"Home\",\"item\":\"https:\/\/progettotouring.it\/radiotouring104\/\"},{\"@type\":\"ListItem\",\"position\":2,\"name\":\"Regionali in Calabria: Regione si conferma roccaforte di Forza Italia\"}]},{\"@type\":\"WebSite\",\"@id\":\"https:\/\/progettotouring.it\/radiotouring104\/#website\",\"url\":\"https:\/\/progettotouring.it\/radiotouring104\/\",\"name\":\"Radio Touring 104\",\"description\":\"La prima radio Reggina\",\"publisher\":{\"@id\":\"https:\/\/progettotouring.it\/radiotouring104\/#organization\"},\"potentialAction\":[{\"@type\":\"SearchAction\",\"target\":{\"@type\":\"EntryPoint\",\"urlTemplate\":\"https:\/\/progettotouring.it\/radiotouring104\/?s={search_term_string}\"},\"query-input\":{\"@type\":\"PropertyValueSpecification\",\"valueRequired\":true,\"valueName\":\"search_term_string\"}}],\"inLanguage\":\"it-IT\"},{\"@type\":\"Organization\",\"@id\":\"https:\/\/progettotouring.it\/radiotouring104\/#organization\",\"name\":\"Radio Touring 104\",\"url\":\"https:\/\/progettotouring.it\/radiotouring104\/\",\"logo\":{\"@type\":\"ImageObject\",\"inLanguage\":\"it-IT\",\"@id\":\"https:\/\/progettotouring.it\/radiotouring104\/#\/schema\/logo\/image\/\",\"url\":\"https:\/\/progettotouring.it\/radiotouring104\/wp-content\/uploads\/sites\/6\/2022\/02\/cropped-logo-radio-touring-104.png\",\"contentUrl\":\"https:\/\/progettotouring.it\/radiotouring104\/wp-content\/uploads\/sites\/6\/2022\/02\/cropped-logo-radio-touring-104.png\",\"width\":377,\"height\":182,\"caption\":\"Radio Touring 104\"},\"image\":{\"@id\":\"https:\/\/progettotouring.it\/radiotouring104\/#\/schema\/logo\/image\/\"}},{\"@type\":\"Person\",\"@id\":\"https:\/\/progettotouring.it\/radiotouring104\/#\/schema\/person\/1b3eb3c07c47136bc44c785c543e635f\",\"name\":\"redazione\",\"image\":{\"@type\":\"ImageObject\",\"inLanguage\":\"it-IT\",\"@id\":\"https:\/\/secure.gravatar.com\/avatar\/0b31605b49f100769e8b624b3e05de1b73e1692e9568a352f60f53fd072e6e11?s=96&d=mm&r=g\",\"url\":\"https:\/\/secure.gravatar.com\/avatar\/0b31605b49f100769e8b624b3e05de1b73e1692e9568a352f60f53fd072e6e11?s=96&d=mm&r=g\",\"contentUrl\":\"https:\/\/secure.gravatar.com\/avatar\/0b31605b49f100769e8b624b3e05de1b73e1692e9568a352f60f53fd072e6e11?s=96&d=mm&r=g\",\"caption\":\"redazione\"},\"url\":\"https:\/\/progettotouring.it\/radiotouring104\/author\/redazione\/\"}]}<\/script>\n<!-- \/ Yoast SEO plugin. -->","yoast_head_json":{"title":"Regionali in Calabria: Regione si conferma roccaforte di Forza Italia","description":"La lista del Presidente \u00e8 al 30%. Non decolla Fratelli d'Italia Lega stabile. Il Pd si conferma seconda forza","robots":{"index":"index","follow":"follow","max-snippet":"max-snippet:-1","max-image-preview":"max-image-preview:large","max-video-preview":"max-video-preview:-1"},"canonical":"https:\/\/progettotouring.it\/radiotouring104\/2025\/10\/07\/regionali-in-calabria-regione-si-conferma-roccaforte-di-forza-italia\/","og_locale":"it_IT","og_type":"article","og_title":"Regionali in Calabria: Regione si conferma roccaforte di Forza Italia","og_description":"La lista del Presidente \u00e8 al 30%. Non decolla Fratelli d'Italia Lega stabile. Il Pd si conferma seconda forza","og_url":"https:\/\/progettotouring.it\/radiotouring104\/2025\/10\/07\/regionali-in-calabria-regione-si-conferma-roccaforte-di-forza-italia\/","og_site_name":"Radio Touring 104","article_published_time":"2025-10-07T09:53:06+00:00","article_modified_time":"2025-10-07T10:34:13+00:00","og_image":[{"width":882,"height":396,"url":"https:\/\/progettotouring.it\/radiotouring104\/wp-content\/uploads\/sites\/6\/2025\/08\/Elezioni-Regionali.png","type":"image\/png"}],"author":"redazione","twitter_card":"summary_large_image","twitter_misc":{"Scritto da":"redazione","Tempo di lettura stimato":"2 minuti"},"schema":{"@context":"https:\/\/schema.org","@graph":[{"@type":"Article","@id":"https:\/\/progettotouring.it\/radiotouring104\/2025\/10\/07\/regionali-in-calabria-regione-si-conferma-roccaforte-di-forza-italia\/#article","isPartOf":{"@id":"https:\/\/progettotouring.it\/radiotouring104\/2025\/10\/07\/regionali-in-calabria-regione-si-conferma-roccaforte-di-forza-italia\/"},"author":{"name":"redazione","@id":"https:\/\/progettotouring.it\/radiotouring104\/#\/schema\/person\/1b3eb3c07c47136bc44c785c543e635f"},"headline":"Regionali in Calabria: Regione si conferma roccaforte di Forza Italia","datePublished":"2025-10-07T09:53:06+00:00","dateModified":"2025-10-07T10:34:13+00:00","mainEntityOfPage":{"@id":"https:\/\/progettotouring.it\/radiotouring104\/2025\/10\/07\/regionali-in-calabria-regione-si-conferma-roccaforte-di-forza-italia\/"},"wordCount":341,"publisher":{"@id":"https:\/\/progettotouring.it\/radiotouring104\/#organization"},"image":{"@id":"https:\/\/progettotouring.it\/radiotouring104\/2025\/10\/07\/regionali-in-calabria-regione-si-conferma-roccaforte-di-forza-italia\/#primaryimage"},"thumbnailUrl":"https:\/\/progettotouring.it\/radiotouring104\/wp-content\/uploads\/sites\/6\/2025\/08\/Elezioni-Regionali.png","keywords":["Lega stabile","lista del Presidente al 30%","Non decolla Fratelli d'Italia","Pd si conferma secondo partito","Regionali in Calabria","Roccaforte di Forza Italia"],"articleSection":["Calabria","Home","News"],"inLanguage":"it-IT"},{"@type":"WebPage","@id":"https:\/\/progettotouring.it\/radiotouring104\/2025\/10\/07\/regionali-in-calabria-regione-si-conferma-roccaforte-di-forza-italia\/","url":"https:\/\/progettotouring.it\/radiotouring104\/2025\/10\/07\/regionali-in-calabria-regione-si-conferma-roccaforte-di-forza-italia\/","name":"Regionali in Calabria: Regione si conferma roccaforte di Forza Italia","isPartOf":{"@id":"https:\/\/progettotouring.it\/radiotouring104\/#website"},"primaryImageOfPage":{"@id":"https:\/\/progettotouring.it\/radiotouring104\/2025\/10\/07\/regionali-in-calabria-regione-si-conferma-roccaforte-di-forza-italia\/#primaryimage"},"image":{"@id":"https:\/\/progettotouring.it\/radiotouring104\/2025\/10\/07\/regionali-in-calabria-regione-si-conferma-roccaforte-di-forza-italia\/#primaryimage"},"thumbnailUrl":"https:\/\/progettotouring.it\/radiotouring104\/wp-content\/uploads\/sites\/6\/2025\/08\/Elezioni-Regionali.png","datePublished":"2025-10-07T09:53:06+00:00","dateModified":"2025-10-07T10:34:13+00:00","description":"La lista del Presidente \u00e8 al 30%. Non decolla Fratelli d'Italia Lega stabile. Il Pd si conferma seconda forza","breadcrumb":{"@id":"https:\/\/progettotouring.it\/radiotouring104\/2025\/10\/07\/regionali-in-calabria-regione-si-conferma-roccaforte-di-forza-italia\/#breadcrumb"},"inLanguage":"it-IT","potentialAction":[{"@type":"ReadAction","target":["https:\/\/progettotouring.it\/radiotouring104\/2025\/10\/07\/regionali-in-calabria-regione-si-conferma-roccaforte-di-forza-italia\/"]}]},{"@type":"ImageObject","inLanguage":"it-IT","@id":"https:\/\/progettotouring.it\/radiotouring104\/2025\/10\/07\/regionali-in-calabria-regione-si-conferma-roccaforte-di-forza-italia\/#primaryimage","url":"https:\/\/progettotouring.it\/radiotouring104\/wp-content\/uploads\/sites\/6\/2025\/08\/Elezioni-Regionali.png","contentUrl":"https:\/\/progettotouring.it\/radiotouring104\/wp-content\/uploads\/sites\/6\/2025\/08\/Elezioni-Regionali.png","width":882,"height":396},{"@type":"BreadcrumbList","@id":"https:\/\/progettotouring.it\/radiotouring104\/2025\/10\/07\/regionali-in-calabria-regione-si-conferma-roccaforte-di-forza-italia\/#breadcrumb","itemListElement":[{"@type":"ListItem","position":1,"name":"Home","item":"https:\/\/progettotouring.it\/radiotouring104\/"},{"@type":"ListItem","position":2,"name":"Regionali in Calabria: Regione si conferma roccaforte di Forza Italia"}]},{"@type":"WebSite","@id":"https:\/\/progettotouring.it\/radiotouring104\/#website","url":"https:\/\/progettotouring.it\/radiotouring104\/","name":"Radio Touring 104","description":"La prima radio Reggina","publisher":{"@id":"https:\/\/progettotouring.it\/radiotouring104\/#organization"},"potentialAction":[{"@type":"SearchAction","target":{"@type":"EntryPoint","urlTemplate":"https:\/\/progettotouring.it\/radiotouring104\/?s={search_term_string}"},"query-input":{"@type":"PropertyValueSpecification","valueRequired":true,"valueName":"search_term_string"}}],"inLanguage":"it-IT"},{"@type":"Organization","@id":"https:\/\/progettotouring.it\/radiotouring104\/#organization","name":"Radio Touring 104","url":"https:\/\/progettotouring.it\/radiotouring104\/","logo":{"@type":"ImageObject","inLanguage":"it-IT","@id":"https:\/\/progettotouring.it\/radiotouring104\/#\/schema\/logo\/image\/","url":"https:\/\/progettotouring.it\/radiotouring104\/wp-content\/uploads\/sites\/6\/2022\/02\/cropped-logo-radio-touring-104.png","contentUrl":"https:\/\/progettotouring.it\/radiotouring104\/wp-content\/uploads\/sites\/6\/2022\/02\/cropped-logo-radio-touring-104.png","width":377,"height":182,"caption":"Radio Touring 104"},"image":{"@id":"https:\/\/progettotouring.it\/radiotouring104\/#\/schema\/logo\/image\/"}},{"@type":"Person","@id":"https:\/\/progettotouring.it\/radiotouring104\/#\/schema\/person\/1b3eb3c07c47136bc44c785c543e635f","name":"redazione","image":{"@type":"ImageObject","inLanguage":"it-IT","@id":"https:\/\/secure.gravatar.com\/avatar\/0b31605b49f100769e8b624b3e05de1b73e1692e9568a352f60f53fd072e6e11?s=96&d=mm&r=g","url":"https:\/\/secure.gravatar.com\/avatar\/0b31605b49f100769e8b624b3e05de1b73e1692e9568a352f60f53fd072e6e11?s=96&d=mm&r=g","contentUrl":"https:\/\/secure.gravatar.com\/avatar\/0b31605b49f100769e8b624b3e05de1b73e1692e9568a352f60f53fd072e6e11?s=96&d=mm&r=g","caption":"redazione"},"url":"https:\/\/progettotouring.it\/radiotouring104\/author\/redazione\/"}]}},"jetpack_publicize_connections":[],"jetpack_featured_media_url":"https:\/\/progettotouring.it\/radiotouring104\/wp-content\/uploads\/sites\/6\/2025\/08\/Elezioni-Regionali.png","jetpack_sharing_enabled":true,"_links":{"self":[{"href":"https:\/\/progettotouring.it\/radiotouring104\/wp-json\/wp\/v2\/posts\/83468","targetHints":{"allow":["GET"]}}],"collection":[{"href":"https:\/\/progettotouring.it\/radiotouring104\/wp-json\/wp\/v2\/posts"}],"about":[{"href":"https:\/\/progettotouring.it\/radiotouring104\/wp-json\/wp\/v2\/types\/post"}],"author":[{"embeddable":true,"href":"https:\/\/progettotouring.it\/radiotouring104\/wp-json\/wp\/v2\/users\/5"}],"replies":[{"embeddable":true,"href":"https:\/\/progettotouring.it\/radiotouring104\/wp-json\/wp\/v2\/comments?post=83468"}],"version-history":[{"count":1,"href":"https:\/\/progettotouring.it\/radiotouring104\/wp-json\/wp\/v2\/posts\/83468\/revisions"}],"predecessor-version":[{"id":83469,"href":"https:\/\/progettotouring.it\/radiotouring104\/wp-json\/wp\/v2\/posts\/83468\/revisions\/83469"}],"wp:featuredmedia":[{"embeddable":true,"href":"https:\/\/progettotouring.it\/radiotouring104\/wp-json\/wp\/v2\/media\/80194"}],"wp:attachment":[{"href":"https:\/\/progettotouring.it\/radiotouring104\/wp-json\/wp\/v2\/media?parent=83468"}],"wp:term":[{"taxonomy":"category","embeddable":true,"href":"https:\/\/progettotouring.it\/radiotouring104\/wp-json\/wp\/v2\/categories?post=83468"},{"taxonomy":"post_tag","embeddable":true,"href":"https:\/\/progettotouring.it\/radiotouring104\/wp-json\/wp\/v2\/tags?post=83468"}],"curies":[{"name":"wp","href":"https:\/\/api.w.org\/{rel}","templated":true}]}}