{"id":83482,"date":"2025-10-07T12:32:19","date_gmt":"2025-10-07T10:32:19","guid":{"rendered":"https:\/\/progettotouring.it\/radiotouring104\/?p=83482"},"modified":"2025-10-07T12:33:54","modified_gmt":"2025-10-07T10:33:54","slug":"rielezione-occhiuto-lon-gentile-vittoria-della-buona-politica","status":"publish","type":"post","link":"https:\/\/progettotouring.it\/radiotouring104\/2025\/10\/07\/rielezione-occhiuto-lon-gentile-vittoria-della-buona-politica\/","title":{"rendered":"Rielezione Occhiuto, l&#8217;On. Gentile: &#8220;Vittoria della buona politica&#8221;"},"content":{"rendered":"<p>Il deputato calabrese di Forza Italia esprime soddisfazione per l\u2019esito delle elezioni regionali e ringrazia gli elettori per la rinnovata fiducia nel presidente Roberto Occhiuto e nella squadra del centrodestra unito.<\/p>\n<p><i>Roma, 7 ottobre 2025<\/i>\u00a0\u2013 \u201cLa netta affermazione di Forza Italia e la riconferma del presidente Roberto Occhiuto rappresentano una vittoria della buona politica, quella fondata sul lavoro concreto, sulla responsabilit\u00e0 e sulla lealt\u00e0 verso i cittadini calabresi.\u201d<\/p>\n<p>Con queste parole l\u2019On. Andrea Gentile, deputato di Forza Italia e componente della I Commissione Affari Costituzionali, commenta l\u2019esito delle elezioni regionali in Calabria, che hanno sancito il successo del centrodestra guidato dal presidente Occhiuto e l\u2019ottima performance del partito azzurro.<br \/>\n\u201c\u00c8 un risultato \u2013 prosegue Gentile \u2013 che conferma quanto i calabresi abbiano saputo riconoscere l\u2019impegno serio, coerente e riformatore portato avanti in questi anni da Roberto Occhiuto, sostenuto da una squadra che ha saputo tradurre in fatti i valori di Forza Italia: moderazione, competenza e visione europea.<br \/>\nLa nostra regione ha voltato le spalle alla demagogia e ha premiato chi ha governato con responsabilit\u00e0, in sintonia con la linea del nostro segretario Antonio Tajani e con l\u2019azione di governo nazionale guidata da Giorgia Meloni.\u201d<br \/>\nL\u2019esponente forzista ha poi voluto rivolgere un pensiero di gratitudine agli elettori: \u201cA tutti coloro che hanno creduto nel progetto di Forza Italia e nel centrodestra, va il mio pi\u00f9 sincero ringraziamento. Questo successo \u00e8 anche loro: frutto della fiducia costruita giorno dopo giorno sui territori, nelle istituzioni e nel dialogo costante con i cittadini.\u201d<\/p>\n<p>Conclude Gentile: \u201cOggi la Calabria guarda al futuro con rinnovata speranza. Continueremo a lavorare per consolidare i risultati raggiunti, rafforzare i servizi essenziali, sostenere le imprese e creare nuove opportunit\u00e0 per i giovani. La vittoria di oggi \u00e8 il segno di una Calabria che cresce, che crede nelle proprie potenzialit\u00e0 e che vuole essere protagonista del cambiamento nel solco della stabilit\u00e0 e della buona amministrazione.\u201d<\/p>\n","protected":false},"excerpt":{"rendered":"<p>Il deputato calabrese di Forza Italia esprime soddisfazione per l\u2019esito delle elezioni regionali e ringrazia gli elettori per la rinnovata fiducia nel presidente Roberto Occhiuto e nella squadra del centrodestra&hellip;<\/p>\n","protected":false},"author":5,"featured_media":70660,"comment_status":"closed","ping_status":"open","sticky":false,"template":"","format":"standard","meta":{"_jetpack_memberships_contains_paid_content":false,"footnotes":"","jetpack_publicize_message":"","jetpack_publicize_feature_enabled":true,"jetpack_social_post_already_shared":true,"jetpack_social_options":{"image_generator_settings":{"template":"highway","default_image_id":0,"font":"","enabled":false},"version":2}},"categories":[142,921,196],"tags":[1431,48112,48086,48066,48111],"class_list":["post-83482","post","type-post","status-publish","format-standard","has-post-thumbnail","hentry","category-calabria","category-home","category-news","tag-andrea-gentile","tag-calabria-ha-scelto-stabilita","tag-regionali-in-calabria","tag-rielezione-occhiuto","tag-vittoria-della-buona-politica"],"yoast_head":"<!-- This site is optimized with the Yoast SEO plugin v27.2 - https:\/\/yoast.com\/product\/yoast-seo-wordpress\/ -->\n<title>Rielezione Occhiuto, l&#039;On. Gentile: &quot;Vittoria della buona politica&quot; - Radio Touring 104<\/title>\n<meta name=\"description\" content=\"&quot;La Calabria ha scelto stabilit\u00e0 e seriet\u00e0 di governo.\u201d, scrive in una nota il deputato calabrese di Forza Italia\" \/>\n<meta name=\"robots\" content=\"index, follow, max-snippet:-1, max-image-preview:large, max-video-preview:-1\" \/>\n<link rel=\"canonical\" href=\"https:\/\/progettotouring.it\/radiotouring104\/2025\/10\/07\/rielezione-occhiuto-lon-gentile-vittoria-della-buona-politica\/\" \/>\n<meta property=\"og:locale\" content=\"it_IT\" \/>\n<meta property=\"og:type\" content=\"article\" \/>\n<meta property=\"og:title\" content=\"Rielezione Occhiuto, l&#039;On. Gentile: &quot;Vittoria della buona politica&quot; - Radio Touring 104\" \/>\n<meta property=\"og:description\" content=\"&quot;La Calabria ha scelto stabilit\u00e0 e seriet\u00e0 di governo.\u201d, scrive in una nota il deputato calabrese di Forza Italia\" \/>\n<meta property=\"og:url\" content=\"https:\/\/progettotouring.it\/radiotouring104\/2025\/10\/07\/rielezione-occhiuto-lon-gentile-vittoria-della-buona-politica\/\" \/>\n<meta property=\"og:site_name\" content=\"Radio Touring 104\" \/>\n<meta property=\"article:published_time\" content=\"2025-10-07T10:32:19+00:00\" \/>\n<meta property=\"article:modified_time\" content=\"2025-10-07T10:33:54+00:00\" \/>\n<meta property=\"og:image\" content=\"https:\/\/progettotouring.it\/radiotouring104\/wp-content\/uploads\/sites\/6\/2025\/04\/On-Andrea-Gentile-Corte-Conti-Comitato-Nove.jpg\" \/>\n\t<meta property=\"og:image:width\" content=\"1026\" \/>\n\t<meta property=\"og:image:height\" content=\"676\" \/>\n\t<meta property=\"og:image:type\" content=\"image\/jpeg\" \/>\n<meta name=\"author\" content=\"redazione\" \/>\n<meta name=\"twitter:card\" content=\"summary_large_image\" \/>\n<meta name=\"twitter:label1\" content=\"Scritto da\" \/>\n\t<meta name=\"twitter:data1\" content=\"redazione\" \/>\n\t<meta name=\"twitter:label2\" content=\"Tempo di lettura stimato\" \/>\n\t<meta name=\"twitter:data2\" content=\"2 minuti\" \/>\n<script type=\"application\/ld+json\" class=\"yoast-schema-graph\">{\"@context\":\"https:\/\/schema.org\",\"@graph\":[{\"@type\":\"Article\",\"@id\":\"https:\/\/progettotouring.it\/radiotouring104\/2025\/10\/07\/rielezione-occhiuto-lon-gentile-vittoria-della-buona-politica\/#article\",\"isPartOf\":{\"@id\":\"https:\/\/progettotouring.it\/radiotouring104\/2025\/10\/07\/rielezione-occhiuto-lon-gentile-vittoria-della-buona-politica\/\"},\"author\":{\"name\":\"redazione\",\"@id\":\"https:\/\/progettotouring.it\/radiotouring104\/#\/schema\/person\/1b3eb3c07c47136bc44c785c543e635f\"},\"headline\":\"Rielezione Occhiuto, l&#8217;On. Gentile: &#8220;Vittoria della buona politica&#8221;\",\"datePublished\":\"2025-10-07T10:32:19+00:00\",\"dateModified\":\"2025-10-07T10:33:54+00:00\",\"mainEntityOfPage\":{\"@id\":\"https:\/\/progettotouring.it\/radiotouring104\/2025\/10\/07\/rielezione-occhiuto-lon-gentile-vittoria-della-buona-politica\/\"},\"wordCount\":322,\"publisher\":{\"@id\":\"https:\/\/progettotouring.it\/radiotouring104\/#organization\"},\"image\":{\"@id\":\"https:\/\/progettotouring.it\/radiotouring104\/2025\/10\/07\/rielezione-occhiuto-lon-gentile-vittoria-della-buona-politica\/#primaryimage\"},\"thumbnailUrl\":\"https:\/\/progettotouring.it\/radiotouring104\/wp-content\/uploads\/sites\/6\/2025\/04\/On-Andrea-Gentile-Corte-Conti-Comitato-Nove.jpg\",\"keywords\":[\"Andrea Gentile\",\"Calabria ha scelto stabilit\u00e0\",\"Regionali in Calabria\",\"rielezione Occhiuto\",\"Vittoria della buona politica\"],\"articleSection\":[\"Calabria\",\"Home\",\"News\"],\"inLanguage\":\"it-IT\"},{\"@type\":\"WebPage\",\"@id\":\"https:\/\/progettotouring.it\/radiotouring104\/2025\/10\/07\/rielezione-occhiuto-lon-gentile-vittoria-della-buona-politica\/\",\"url\":\"https:\/\/progettotouring.it\/radiotouring104\/2025\/10\/07\/rielezione-occhiuto-lon-gentile-vittoria-della-buona-politica\/\",\"name\":\"Rielezione Occhiuto, l'On. Gentile: \\\"Vittoria della buona politica\\\" - Radio Touring 104\",\"isPartOf\":{\"@id\":\"https:\/\/progettotouring.it\/radiotouring104\/#website\"},\"primaryImageOfPage\":{\"@id\":\"https:\/\/progettotouring.it\/radiotouring104\/2025\/10\/07\/rielezione-occhiuto-lon-gentile-vittoria-della-buona-politica\/#primaryimage\"},\"image\":{\"@id\":\"https:\/\/progettotouring.it\/radiotouring104\/2025\/10\/07\/rielezione-occhiuto-lon-gentile-vittoria-della-buona-politica\/#primaryimage\"},\"thumbnailUrl\":\"https:\/\/progettotouring.it\/radiotouring104\/wp-content\/uploads\/sites\/6\/2025\/04\/On-Andrea-Gentile-Corte-Conti-Comitato-Nove.jpg\",\"datePublished\":\"2025-10-07T10:32:19+00:00\",\"dateModified\":\"2025-10-07T10:33:54+00:00\",\"description\":\"\\\"La Calabria ha scelto stabilit\u00e0 e seriet\u00e0 di governo.\u201d, scrive in una nota il deputato calabrese di Forza Italia\",\"breadcrumb\":{\"@id\":\"https:\/\/progettotouring.it\/radiotouring104\/2025\/10\/07\/rielezione-occhiuto-lon-gentile-vittoria-della-buona-politica\/#breadcrumb\"},\"inLanguage\":\"it-IT\",\"potentialAction\":[{\"@type\":\"ReadAction\",\"target\":[\"https:\/\/progettotouring.it\/radiotouring104\/2025\/10\/07\/rielezione-occhiuto-lon-gentile-vittoria-della-buona-politica\/\"]}]},{\"@type\":\"ImageObject\",\"inLanguage\":\"it-IT\",\"@id\":\"https:\/\/progettotouring.it\/radiotouring104\/2025\/10\/07\/rielezione-occhiuto-lon-gentile-vittoria-della-buona-politica\/#primaryimage\",\"url\":\"https:\/\/progettotouring.it\/radiotouring104\/wp-content\/uploads\/sites\/6\/2025\/04\/On-Andrea-Gentile-Corte-Conti-Comitato-Nove.jpg\",\"contentUrl\":\"https:\/\/progettotouring.it\/radiotouring104\/wp-content\/uploads\/sites\/6\/2025\/04\/On-Andrea-Gentile-Corte-Conti-Comitato-Nove.jpg\",\"width\":1026,\"height\":676},{\"@type\":\"BreadcrumbList\",\"@id\":\"https:\/\/progettotouring.it\/radiotouring104\/2025\/10\/07\/rielezione-occhiuto-lon-gentile-vittoria-della-buona-politica\/#breadcrumb\",\"itemListElement\":[{\"@type\":\"ListItem\",\"position\":1,\"name\":\"Home\",\"item\":\"https:\/\/progettotouring.it\/radiotouring104\/\"},{\"@type\":\"ListItem\",\"position\":2,\"name\":\"Rielezione Occhiuto, l&#8217;On. Gentile: &#8220;Vittoria della buona politica&#8221;\"}]},{\"@type\":\"WebSite\",\"@id\":\"https:\/\/progettotouring.it\/radiotouring104\/#website\",\"url\":\"https:\/\/progettotouring.it\/radiotouring104\/\",\"name\":\"Radio Touring 104\",\"description\":\"La prima radio Reggina\",\"publisher\":{\"@id\":\"https:\/\/progettotouring.it\/radiotouring104\/#organization\"},\"potentialAction\":[{\"@type\":\"SearchAction\",\"target\":{\"@type\":\"EntryPoint\",\"urlTemplate\":\"https:\/\/progettotouring.it\/radiotouring104\/?s={search_term_string}\"},\"query-input\":{\"@type\":\"PropertyValueSpecification\",\"valueRequired\":true,\"valueName\":\"search_term_string\"}}],\"inLanguage\":\"it-IT\"},{\"@type\":\"Organization\",\"@id\":\"https:\/\/progettotouring.it\/radiotouring104\/#organization\",\"name\":\"Radio Touring 104\",\"url\":\"https:\/\/progettotouring.it\/radiotouring104\/\",\"logo\":{\"@type\":\"ImageObject\",\"inLanguage\":\"it-IT\",\"@id\":\"https:\/\/progettotouring.it\/radiotouring104\/#\/schema\/logo\/image\/\",\"url\":\"https:\/\/progettotouring.it\/radiotouring104\/wp-content\/uploads\/sites\/6\/2022\/02\/cropped-logo-radio-touring-104.png\",\"contentUrl\":\"https:\/\/progettotouring.it\/radiotouring104\/wp-content\/uploads\/sites\/6\/2022\/02\/cropped-logo-radio-touring-104.png\",\"width\":377,\"height\":182,\"caption\":\"Radio Touring 104\"},\"image\":{\"@id\":\"https:\/\/progettotouring.it\/radiotouring104\/#\/schema\/logo\/image\/\"}},{\"@type\":\"Person\",\"@id\":\"https:\/\/progettotouring.it\/radiotouring104\/#\/schema\/person\/1b3eb3c07c47136bc44c785c543e635f\",\"name\":\"redazione\",\"image\":{\"@type\":\"ImageObject\",\"inLanguage\":\"it-IT\",\"@id\":\"https:\/\/secure.gravatar.com\/avatar\/0b31605b49f100769e8b624b3e05de1b73e1692e9568a352f60f53fd072e6e11?s=96&d=mm&r=g\",\"url\":\"https:\/\/secure.gravatar.com\/avatar\/0b31605b49f100769e8b624b3e05de1b73e1692e9568a352f60f53fd072e6e11?s=96&d=mm&r=g\",\"contentUrl\":\"https:\/\/secure.gravatar.com\/avatar\/0b31605b49f100769e8b624b3e05de1b73e1692e9568a352f60f53fd072e6e11?s=96&d=mm&r=g\",\"caption\":\"redazione\"},\"url\":\"https:\/\/progettotouring.it\/radiotouring104\/author\/redazione\/\"}]}<\/script>\n<!-- \/ Yoast SEO plugin. -->","yoast_head_json":{"title":"Rielezione Occhiuto, l'On. Gentile: \"Vittoria della buona politica\" - Radio Touring 104","description":"\"La Calabria ha scelto stabilit\u00e0 e seriet\u00e0 di governo.\u201d, scrive in una nota il deputato calabrese di Forza Italia","robots":{"index":"index","follow":"follow","max-snippet":"max-snippet:-1","max-image-preview":"max-image-preview:large","max-video-preview":"max-video-preview:-1"},"canonical":"https:\/\/progettotouring.it\/radiotouring104\/2025\/10\/07\/rielezione-occhiuto-lon-gentile-vittoria-della-buona-politica\/","og_locale":"it_IT","og_type":"article","og_title":"Rielezione Occhiuto, l'On. Gentile: \"Vittoria della buona politica\" - Radio Touring 104","og_description":"\"La Calabria ha scelto stabilit\u00e0 e seriet\u00e0 di governo.\u201d, scrive in una nota il deputato calabrese di Forza Italia","og_url":"https:\/\/progettotouring.it\/radiotouring104\/2025\/10\/07\/rielezione-occhiuto-lon-gentile-vittoria-della-buona-politica\/","og_site_name":"Radio Touring 104","article_published_time":"2025-10-07T10:32:19+00:00","article_modified_time":"2025-10-07T10:33:54+00:00","og_image":[{"width":1026,"height":676,"url":"https:\/\/progettotouring.it\/radiotouring104\/wp-content\/uploads\/sites\/6\/2025\/04\/On-Andrea-Gentile-Corte-Conti-Comitato-Nove.jpg","type":"image\/jpeg"}],"author":"redazione","twitter_card":"summary_large_image","twitter_misc":{"Scritto da":"redazione","Tempo di lettura stimato":"2 minuti"},"schema":{"@context":"https:\/\/schema.org","@graph":[{"@type":"Article","@id":"https:\/\/progettotouring.it\/radiotouring104\/2025\/10\/07\/rielezione-occhiuto-lon-gentile-vittoria-della-buona-politica\/#article","isPartOf":{"@id":"https:\/\/progettotouring.it\/radiotouring104\/2025\/10\/07\/rielezione-occhiuto-lon-gentile-vittoria-della-buona-politica\/"},"author":{"name":"redazione","@id":"https:\/\/progettotouring.it\/radiotouring104\/#\/schema\/person\/1b3eb3c07c47136bc44c785c543e635f"},"headline":"Rielezione Occhiuto, l&#8217;On. Gentile: &#8220;Vittoria della buona politica&#8221;","datePublished":"2025-10-07T10:32:19+00:00","dateModified":"2025-10-07T10:33:54+00:00","mainEntityOfPage":{"@id":"https:\/\/progettotouring.it\/radiotouring104\/2025\/10\/07\/rielezione-occhiuto-lon-gentile-vittoria-della-buona-politica\/"},"wordCount":322,"publisher":{"@id":"https:\/\/progettotouring.it\/radiotouring104\/#organization"},"image":{"@id":"https:\/\/progettotouring.it\/radiotouring104\/2025\/10\/07\/rielezione-occhiuto-lon-gentile-vittoria-della-buona-politica\/#primaryimage"},"thumbnailUrl":"https:\/\/progettotouring.it\/radiotouring104\/wp-content\/uploads\/sites\/6\/2025\/04\/On-Andrea-Gentile-Corte-Conti-Comitato-Nove.jpg","keywords":["Andrea Gentile","Calabria ha scelto stabilit\u00e0","Regionali in Calabria","rielezione Occhiuto","Vittoria della buona politica"],"articleSection":["Calabria","Home","News"],"inLanguage":"it-IT"},{"@type":"WebPage","@id":"https:\/\/progettotouring.it\/radiotouring104\/2025\/10\/07\/rielezione-occhiuto-lon-gentile-vittoria-della-buona-politica\/","url":"https:\/\/progettotouring.it\/radiotouring104\/2025\/10\/07\/rielezione-occhiuto-lon-gentile-vittoria-della-buona-politica\/","name":"Rielezione Occhiuto, l'On. Gentile: \"Vittoria della buona politica\" - Radio Touring 104","isPartOf":{"@id":"https:\/\/progettotouring.it\/radiotouring104\/#website"},"primaryImageOfPage":{"@id":"https:\/\/progettotouring.it\/radiotouring104\/2025\/10\/07\/rielezione-occhiuto-lon-gentile-vittoria-della-buona-politica\/#primaryimage"},"image":{"@id":"https:\/\/progettotouring.it\/radiotouring104\/2025\/10\/07\/rielezione-occhiuto-lon-gentile-vittoria-della-buona-politica\/#primaryimage"},"thumbnailUrl":"https:\/\/progettotouring.it\/radiotouring104\/wp-content\/uploads\/sites\/6\/2025\/04\/On-Andrea-Gentile-Corte-Conti-Comitato-Nove.jpg","datePublished":"2025-10-07T10:32:19+00:00","dateModified":"2025-10-07T10:33:54+00:00","description":"\"La Calabria ha scelto stabilit\u00e0 e seriet\u00e0 di governo.\u201d, scrive in una nota il deputato calabrese di Forza Italia","breadcrumb":{"@id":"https:\/\/progettotouring.it\/radiotouring104\/2025\/10\/07\/rielezione-occhiuto-lon-gentile-vittoria-della-buona-politica\/#breadcrumb"},"inLanguage":"it-IT","potentialAction":[{"@type":"ReadAction","target":["https:\/\/progettotouring.it\/radiotouring104\/2025\/10\/07\/rielezione-occhiuto-lon-gentile-vittoria-della-buona-politica\/"]}]},{"@type":"ImageObject","inLanguage":"it-IT","@id":"https:\/\/progettotouring.it\/radiotouring104\/2025\/10\/07\/rielezione-occhiuto-lon-gentile-vittoria-della-buona-politica\/#primaryimage","url":"https:\/\/progettotouring.it\/radiotouring104\/wp-content\/uploads\/sites\/6\/2025\/04\/On-Andrea-Gentile-Corte-Conti-Comitato-Nove.jpg","contentUrl":"https:\/\/progettotouring.it\/radiotouring104\/wp-content\/uploads\/sites\/6\/2025\/04\/On-Andrea-Gentile-Corte-Conti-Comitato-Nove.jpg","width":1026,"height":676},{"@type":"BreadcrumbList","@id":"https:\/\/progettotouring.it\/radiotouring104\/2025\/10\/07\/rielezione-occhiuto-lon-gentile-vittoria-della-buona-politica\/#breadcrumb","itemListElement":[{"@type":"ListItem","position":1,"name":"Home","item":"https:\/\/progettotouring.it\/radiotouring104\/"},{"@type":"ListItem","position":2,"name":"Rielezione Occhiuto, l&#8217;On. Gentile: &#8220;Vittoria della buona politica&#8221;"}]},{"@type":"WebSite","@id":"https:\/\/progettotouring.it\/radiotouring104\/#website","url":"https:\/\/progettotouring.it\/radiotouring104\/","name":"Radio Touring 104","description":"La prima radio Reggina","publisher":{"@id":"https:\/\/progettotouring.it\/radiotouring104\/#organization"},"potentialAction":[{"@type":"SearchAction","target":{"@type":"EntryPoint","urlTemplate":"https:\/\/progettotouring.it\/radiotouring104\/?s={search_term_string}"},"query-input":{"@type":"PropertyValueSpecification","valueRequired":true,"valueName":"search_term_string"}}],"inLanguage":"it-IT"},{"@type":"Organization","@id":"https:\/\/progettotouring.it\/radiotouring104\/#organization","name":"Radio Touring 104","url":"https:\/\/progettotouring.it\/radiotouring104\/","logo":{"@type":"ImageObject","inLanguage":"it-IT","@id":"https:\/\/progettotouring.it\/radiotouring104\/#\/schema\/logo\/image\/","url":"https:\/\/progettotouring.it\/radiotouring104\/wp-content\/uploads\/sites\/6\/2022\/02\/cropped-logo-radio-touring-104.png","contentUrl":"https:\/\/progettotouring.it\/radiotouring104\/wp-content\/uploads\/sites\/6\/2022\/02\/cropped-logo-radio-touring-104.png","width":377,"height":182,"caption":"Radio Touring 104"},"image":{"@id":"https:\/\/progettotouring.it\/radiotouring104\/#\/schema\/logo\/image\/"}},{"@type":"Person","@id":"https:\/\/progettotouring.it\/radiotouring104\/#\/schema\/person\/1b3eb3c07c47136bc44c785c543e635f","name":"redazione","image":{"@type":"ImageObject","inLanguage":"it-IT","@id":"https:\/\/secure.gravatar.com\/avatar\/0b31605b49f100769e8b624b3e05de1b73e1692e9568a352f60f53fd072e6e11?s=96&d=mm&r=g","url":"https:\/\/secure.gravatar.com\/avatar\/0b31605b49f100769e8b624b3e05de1b73e1692e9568a352f60f53fd072e6e11?s=96&d=mm&r=g","contentUrl":"https:\/\/secure.gravatar.com\/avatar\/0b31605b49f100769e8b624b3e05de1b73e1692e9568a352f60f53fd072e6e11?s=96&d=mm&r=g","caption":"redazione"},"url":"https:\/\/progettotouring.it\/radiotouring104\/author\/redazione\/"}]}},"jetpack_publicize_connections":[],"jetpack_featured_media_url":"https:\/\/progettotouring.it\/radiotouring104\/wp-content\/uploads\/sites\/6\/2025\/04\/On-Andrea-Gentile-Corte-Conti-Comitato-Nove.jpg","jetpack_sharing_enabled":true,"_links":{"self":[{"href":"https:\/\/progettotouring.it\/radiotouring104\/wp-json\/wp\/v2\/posts\/83482","targetHints":{"allow":["GET"]}}],"collection":[{"href":"https:\/\/progettotouring.it\/radiotouring104\/wp-json\/wp\/v2\/posts"}],"about":[{"href":"https:\/\/progettotouring.it\/radiotouring104\/wp-json\/wp\/v2\/types\/post"}],"author":[{"embeddable":true,"href":"https:\/\/progettotouring.it\/radiotouring104\/wp-json\/wp\/v2\/users\/5"}],"replies":[{"embeddable":true,"href":"https:\/\/progettotouring.it\/radiotouring104\/wp-json\/wp\/v2\/comments?post=83482"}],"version-history":[{"count":1,"href":"https:\/\/progettotouring.it\/radiotouring104\/wp-json\/wp\/v2\/posts\/83482\/revisions"}],"predecessor-version":[{"id":83483,"href":"https:\/\/progettotouring.it\/radiotouring104\/wp-json\/wp\/v2\/posts\/83482\/revisions\/83483"}],"wp:featuredmedia":[{"embeddable":true,"href":"https:\/\/progettotouring.it\/radiotouring104\/wp-json\/wp\/v2\/media\/70660"}],"wp:attachment":[{"href":"https:\/\/progettotouring.it\/radiotouring104\/wp-json\/wp\/v2\/media?parent=83482"}],"wp:term":[{"taxonomy":"category","embeddable":true,"href":"https:\/\/progettotouring.it\/radiotouring104\/wp-json\/wp\/v2\/categories?post=83482"},{"taxonomy":"post_tag","embeddable":true,"href":"https:\/\/progettotouring.it\/radiotouring104\/wp-json\/wp\/v2\/tags?post=83482"}],"curies":[{"name":"wp","href":"https:\/\/api.w.org\/{rel}","templated":true}]}}