{"id":83494,"date":"2025-10-07T21:19:21","date_gmt":"2025-10-07T19:19:21","guid":{"rendered":"https:\/\/progettotouring.it\/radiotouring104\/?p=83494"},"modified":"2025-10-07T21:19:21","modified_gmt":"2025-10-07T19:19:21","slug":"la-pinacoteca-civica-di-reggio-aderisce-alla-giornata-nazionale-delle-famiglie-al-museo","status":"publish","type":"post","link":"https:\/\/progettotouring.it\/radiotouring104\/2025\/10\/07\/la-pinacoteca-civica-di-reggio-aderisce-alla-giornata-nazionale-delle-famiglie-al-museo\/","title":{"rendered":"La Pinacoteca Civica di Reggio aderisce alla Giornata Nazionale delle Famiglie al Museo"},"content":{"rendered":"<p align=\"JUSTIFY\">La Giornata Nazionale delle Famiglie al Museo, a cui ha aderito la Pinacoteca Civica di Reggio Calabria, mira alla conoscenza delle opere custodite al suo interno e alla realizzazione di percorsi tematici, al fine di avvicinare i pi\u00f9 piccoli al mondo dell\u2019arte, per imparare divertendosi.<\/p>\n<p align=\"JUSTIFY\">L\u2019obiettivo, quindi, \u00e8 trasformare i musei in luoghi vivaci e accoglienti per i pi\u00f9 piccoli, offrendo attivit\u00e0, laboratori e percorsi pensati appositamente per loro.<\/p>\n<p align=\"JUSTIFY\">L\u2019iniziativa della Pinacoteca Civica prevede una breve visita guidata alle collezioni presenti; successivamente, i piccoli fruitori, raggruppati per et\u00e0, saranno guidati dal personale museale a svolgere attivit\u00e0 didattiche, al fine di sviluppare in loro abilit\u00e0 manuali e artistiche.<\/p>\n<p align=\"JUSTIFY\">I bambini di et\u00e0 compresa tra i 10 e i 12 anni saranno impegnati nel\u00a0 percorso tematico: <i>\u201cL\u2019opera d\u2019arte racconta\u2026 il mito in pinacoteca\u201d<\/i><b>\u00a0<\/b>che prevede la conoscenza di alcune opere presenti all\u2019interno della Pinacoteca che raffigurano delle scene tratte dal mito. Il percorso tematico sar\u00e0 arricchito anche da un approfondimento dedicato alla leggenda della Fata Morgana che\u00a0<i>\u201cillude\u201d<\/i>\u00a0e\u00a0<i>\u201cincanta\u201d<\/i>\u00a0lo Stretto di Messina\u00a0<b>(<\/b>dalle ore 16:30 alle ore 17:30).<\/p>\n<p align=\"JUSTIFY\"><b>I <\/b>bambini di et\u00e0 compresa tra i 6 e i\u00a0 9 anni (accompagnati da un adulto) saranno impegnati a realizzare la seguente attivit\u00e0: <i>\u201c A caccia dell\u2019animale\u201d .\u00a0<\/i>Dopo aver individuato l\u2019animale presente all\u2019interno delle opere selezionate dal personale museale, i bambini svolgeranno un\u2019attivit\u00e0 di laboratorio inerente al tema del percorso.\u00a0(dalle ore 18:00 alle ore 19:30).<\/p>\n<p align=\"JUSTIFY\">La massima capienza gruppo per attivit\u00e0 didattica sar\u00e0 di 20 bambini<\/p>\n<p align=\"JUSTIFY\">E\u2019 previsto un ticket d\u2019ingresso di \u20ac 2.00.<\/p>\n<p align=\"JUSTIFY\">Prenotazione obbligatoria al seguente recapito telefonico\u00a0<b>0965\/324822<\/b>\u00a0(entro le ore 17.30 del giorno 9 ottobre, fino ad un max di 20 adesioni).<\/p>\n","protected":false},"excerpt":{"rendered":"<p>La Giornata Nazionale delle Famiglie al Museo, a cui ha aderito la Pinacoteca Civica di Reggio Calabria, mira alla conoscenza delle opere custodite al suo interno e alla realizzazione di&hellip;<\/p>\n","protected":false},"author":19,"featured_media":83495,"comment_status":"closed","ping_status":"open","sticky":false,"template":"","format":"standard","meta":{"_jetpack_memberships_contains_paid_content":false,"footnotes":"","jetpack_publicize_message":"","jetpack_publicize_feature_enabled":true,"jetpack_social_post_already_shared":true,"jetpack_social_options":{"image_generator_settings":{"template":"highway","default_image_id":0,"font":"","enabled":false},"version":2}},"categories":[921,196,140],"tags":[],"class_list":["post-83494","post","type-post","status-publish","format-standard","has-post-thumbnail","hentry","category-home","category-news","category-reggio-calabria"],"yoast_head":"<!-- This site is optimized with the Yoast SEO plugin v27.2 - https:\/\/yoast.com\/product\/yoast-seo-wordpress\/ -->\n<title>La Pinacoteca Civica di Reggio aderisce alla Giornata Nazionale delle Famiglie al Museo - Radio Touring 104<\/title>\n<meta name=\"description\" content=\"Domenica 12 ottobre 2025 in programma attivit\u00e0 per bambini e famiglie\" \/>\n<meta name=\"robots\" content=\"index, follow, max-snippet:-1, max-image-preview:large, max-video-preview:-1\" \/>\n<link rel=\"canonical\" href=\"https:\/\/progettotouring.it\/radiotouring104\/2025\/10\/07\/la-pinacoteca-civica-di-reggio-aderisce-alla-giornata-nazionale-delle-famiglie-al-museo\/\" \/>\n<meta property=\"og:locale\" content=\"it_IT\" \/>\n<meta property=\"og:type\" content=\"article\" \/>\n<meta property=\"og:title\" content=\"La Pinacoteca Civica di Reggio aderisce alla Giornata Nazionale delle Famiglie al Museo - Radio Touring 104\" \/>\n<meta property=\"og:description\" content=\"Domenica 12 ottobre 2025 in programma attivit\u00e0 per bambini e famiglie\" \/>\n<meta property=\"og:url\" content=\"https:\/\/progettotouring.it\/radiotouring104\/2025\/10\/07\/la-pinacoteca-civica-di-reggio-aderisce-alla-giornata-nazionale-delle-famiglie-al-museo\/\" \/>\n<meta property=\"og:site_name\" content=\"Radio Touring 104\" \/>\n<meta property=\"article:published_time\" content=\"2025-10-07T19:19:21+00:00\" \/>\n<meta property=\"og:image\" content=\"https:\/\/progettotouring.it\/radiotouring104\/wp-content\/uploads\/sites\/6\/2025\/10\/IMMAGINI-X-SITO-2025-10-07T211758.849.jpg\" \/>\n\t<meta property=\"og:image:width\" content=\"2000\" \/>\n\t<meta property=\"og:image:height\" content=\"1545\" \/>\n\t<meta property=\"og:image:type\" content=\"image\/jpeg\" \/>\n<meta name=\"author\" content=\"S L\" \/>\n<meta name=\"twitter:card\" content=\"summary_large_image\" \/>\n<meta name=\"twitter:label1\" content=\"Scritto da\" \/>\n\t<meta name=\"twitter:data1\" content=\"S L\" \/>\n\t<meta name=\"twitter:label2\" content=\"Tempo di lettura stimato\" \/>\n\t<meta name=\"twitter:data2\" content=\"1 minuto\" \/>\n<script type=\"application\/ld+json\" class=\"yoast-schema-graph\">{\"@context\":\"https:\/\/schema.org\",\"@graph\":[{\"@type\":\"Article\",\"@id\":\"https:\/\/progettotouring.it\/radiotouring104\/2025\/10\/07\/la-pinacoteca-civica-di-reggio-aderisce-alla-giornata-nazionale-delle-famiglie-al-museo\/#article\",\"isPartOf\":{\"@id\":\"https:\/\/progettotouring.it\/radiotouring104\/2025\/10\/07\/la-pinacoteca-civica-di-reggio-aderisce-alla-giornata-nazionale-delle-famiglie-al-museo\/\"},\"author\":{\"name\":\"S L\",\"@id\":\"https:\/\/progettotouring.it\/radiotouring104\/#\/schema\/person\/b9f9c3730b0a78814c9b9f3bfc52c619\"},\"headline\":\"La Pinacoteca Civica di Reggio aderisce alla Giornata Nazionale delle Famiglie al Museo\",\"datePublished\":\"2025-10-07T19:19:21+00:00\",\"mainEntityOfPage\":{\"@id\":\"https:\/\/progettotouring.it\/radiotouring104\/2025\/10\/07\/la-pinacoteca-civica-di-reggio-aderisce-alla-giornata-nazionale-delle-famiglie-al-museo\/\"},\"wordCount\":282,\"publisher\":{\"@id\":\"https:\/\/progettotouring.it\/radiotouring104\/#organization\"},\"image\":{\"@id\":\"https:\/\/progettotouring.it\/radiotouring104\/2025\/10\/07\/la-pinacoteca-civica-di-reggio-aderisce-alla-giornata-nazionale-delle-famiglie-al-museo\/#primaryimage\"},\"thumbnailUrl\":\"https:\/\/progettotouring.it\/radiotouring104\/wp-content\/uploads\/sites\/6\/2025\/10\/IMMAGINI-X-SITO-2025-10-07T211758.849.jpg\",\"articleSection\":[\"Home\",\"News\",\"Reggio Calabria\"],\"inLanguage\":\"it-IT\"},{\"@type\":\"WebPage\",\"@id\":\"https:\/\/progettotouring.it\/radiotouring104\/2025\/10\/07\/la-pinacoteca-civica-di-reggio-aderisce-alla-giornata-nazionale-delle-famiglie-al-museo\/\",\"url\":\"https:\/\/progettotouring.it\/radiotouring104\/2025\/10\/07\/la-pinacoteca-civica-di-reggio-aderisce-alla-giornata-nazionale-delle-famiglie-al-museo\/\",\"name\":\"La Pinacoteca Civica di Reggio aderisce alla Giornata Nazionale delle Famiglie al Museo - Radio Touring 104\",\"isPartOf\":{\"@id\":\"https:\/\/progettotouring.it\/radiotouring104\/#website\"},\"primaryImageOfPage\":{\"@id\":\"https:\/\/progettotouring.it\/radiotouring104\/2025\/10\/07\/la-pinacoteca-civica-di-reggio-aderisce-alla-giornata-nazionale-delle-famiglie-al-museo\/#primaryimage\"},\"image\":{\"@id\":\"https:\/\/progettotouring.it\/radiotouring104\/2025\/10\/07\/la-pinacoteca-civica-di-reggio-aderisce-alla-giornata-nazionale-delle-famiglie-al-museo\/#primaryimage\"},\"thumbnailUrl\":\"https:\/\/progettotouring.it\/radiotouring104\/wp-content\/uploads\/sites\/6\/2025\/10\/IMMAGINI-X-SITO-2025-10-07T211758.849.jpg\",\"datePublished\":\"2025-10-07T19:19:21+00:00\",\"description\":\"Domenica 12 ottobre 2025 in programma attivit\u00e0 per bambini e famiglie\",\"breadcrumb\":{\"@id\":\"https:\/\/progettotouring.it\/radiotouring104\/2025\/10\/07\/la-pinacoteca-civica-di-reggio-aderisce-alla-giornata-nazionale-delle-famiglie-al-museo\/#breadcrumb\"},\"inLanguage\":\"it-IT\",\"potentialAction\":[{\"@type\":\"ReadAction\",\"target\":[\"https:\/\/progettotouring.it\/radiotouring104\/2025\/10\/07\/la-pinacoteca-civica-di-reggio-aderisce-alla-giornata-nazionale-delle-famiglie-al-museo\/\"]}]},{\"@type\":\"ImageObject\",\"inLanguage\":\"it-IT\",\"@id\":\"https:\/\/progettotouring.it\/radiotouring104\/2025\/10\/07\/la-pinacoteca-civica-di-reggio-aderisce-alla-giornata-nazionale-delle-famiglie-al-museo\/#primaryimage\",\"url\":\"https:\/\/progettotouring.it\/radiotouring104\/wp-content\/uploads\/sites\/6\/2025\/10\/IMMAGINI-X-SITO-2025-10-07T211758.849.jpg\",\"contentUrl\":\"https:\/\/progettotouring.it\/radiotouring104\/wp-content\/uploads\/sites\/6\/2025\/10\/IMMAGINI-X-SITO-2025-10-07T211758.849.jpg\",\"width\":2000,\"height\":1545},{\"@type\":\"BreadcrumbList\",\"@id\":\"https:\/\/progettotouring.it\/radiotouring104\/2025\/10\/07\/la-pinacoteca-civica-di-reggio-aderisce-alla-giornata-nazionale-delle-famiglie-al-museo\/#breadcrumb\",\"itemListElement\":[{\"@type\":\"ListItem\",\"position\":1,\"name\":\"Home\",\"item\":\"https:\/\/progettotouring.it\/radiotouring104\/\"},{\"@type\":\"ListItem\",\"position\":2,\"name\":\"La Pinacoteca Civica di Reggio aderisce alla Giornata Nazionale delle Famiglie al Museo\"}]},{\"@type\":\"WebSite\",\"@id\":\"https:\/\/progettotouring.it\/radiotouring104\/#website\",\"url\":\"https:\/\/progettotouring.it\/radiotouring104\/\",\"name\":\"Radio Touring 104\",\"description\":\"La prima radio Reggina\",\"publisher\":{\"@id\":\"https:\/\/progettotouring.it\/radiotouring104\/#organization\"},\"potentialAction\":[{\"@type\":\"SearchAction\",\"target\":{\"@type\":\"EntryPoint\",\"urlTemplate\":\"https:\/\/progettotouring.it\/radiotouring104\/?s={search_term_string}\"},\"query-input\":{\"@type\":\"PropertyValueSpecification\",\"valueRequired\":true,\"valueName\":\"search_term_string\"}}],\"inLanguage\":\"it-IT\"},{\"@type\":\"Organization\",\"@id\":\"https:\/\/progettotouring.it\/radiotouring104\/#organization\",\"name\":\"Radio Touring 104\",\"url\":\"https:\/\/progettotouring.it\/radiotouring104\/\",\"logo\":{\"@type\":\"ImageObject\",\"inLanguage\":\"it-IT\",\"@id\":\"https:\/\/progettotouring.it\/radiotouring104\/#\/schema\/logo\/image\/\",\"url\":\"https:\/\/progettotouring.it\/radiotouring104\/wp-content\/uploads\/sites\/6\/2022\/02\/cropped-logo-radio-touring-104.png\",\"contentUrl\":\"https:\/\/progettotouring.it\/radiotouring104\/wp-content\/uploads\/sites\/6\/2022\/02\/cropped-logo-radio-touring-104.png\",\"width\":377,\"height\":182,\"caption\":\"Radio Touring 104\"},\"image\":{\"@id\":\"https:\/\/progettotouring.it\/radiotouring104\/#\/schema\/logo\/image\/\"}},{\"@type\":\"Person\",\"@id\":\"https:\/\/progettotouring.it\/radiotouring104\/#\/schema\/person\/b9f9c3730b0a78814c9b9f3bfc52c619\",\"name\":\"S L\",\"image\":{\"@type\":\"ImageObject\",\"inLanguage\":\"it-IT\",\"@id\":\"https:\/\/secure.gravatar.com\/avatar\/652c51789d7030aaed9ff828331360502a68204fe6fb0831bc280515210e16d2?s=96&d=mm&r=g\",\"url\":\"https:\/\/secure.gravatar.com\/avatar\/652c51789d7030aaed9ff828331360502a68204fe6fb0831bc280515210e16d2?s=96&d=mm&r=g\",\"contentUrl\":\"https:\/\/secure.gravatar.com\/avatar\/652c51789d7030aaed9ff828331360502a68204fe6fb0831bc280515210e16d2?s=96&d=mm&r=g\",\"caption\":\"S L\"},\"url\":\"https:\/\/progettotouring.it\/radiotouring104\/author\/slibri\/\"}]}<\/script>\n<!-- \/ Yoast SEO plugin. -->","yoast_head_json":{"title":"La Pinacoteca Civica di Reggio aderisce alla Giornata Nazionale delle Famiglie al Museo - Radio Touring 104","description":"Domenica 12 ottobre 2025 in programma attivit\u00e0 per bambini e famiglie","robots":{"index":"index","follow":"follow","max-snippet":"max-snippet:-1","max-image-preview":"max-image-preview:large","max-video-preview":"max-video-preview:-1"},"canonical":"https:\/\/progettotouring.it\/radiotouring104\/2025\/10\/07\/la-pinacoteca-civica-di-reggio-aderisce-alla-giornata-nazionale-delle-famiglie-al-museo\/","og_locale":"it_IT","og_type":"article","og_title":"La Pinacoteca Civica di Reggio aderisce alla Giornata Nazionale delle Famiglie al Museo - Radio Touring 104","og_description":"Domenica 12 ottobre 2025 in programma attivit\u00e0 per bambini e famiglie","og_url":"https:\/\/progettotouring.it\/radiotouring104\/2025\/10\/07\/la-pinacoteca-civica-di-reggio-aderisce-alla-giornata-nazionale-delle-famiglie-al-museo\/","og_site_name":"Radio Touring 104","article_published_time":"2025-10-07T19:19:21+00:00","og_image":[{"width":2000,"height":1545,"url":"https:\/\/progettotouring.it\/radiotouring104\/wp-content\/uploads\/sites\/6\/2025\/10\/IMMAGINI-X-SITO-2025-10-07T211758.849.jpg","type":"image\/jpeg"}],"author":"S L","twitter_card":"summary_large_image","twitter_misc":{"Scritto da":"S L","Tempo di lettura stimato":"1 minuto"},"schema":{"@context":"https:\/\/schema.org","@graph":[{"@type":"Article","@id":"https:\/\/progettotouring.it\/radiotouring104\/2025\/10\/07\/la-pinacoteca-civica-di-reggio-aderisce-alla-giornata-nazionale-delle-famiglie-al-museo\/#article","isPartOf":{"@id":"https:\/\/progettotouring.it\/radiotouring104\/2025\/10\/07\/la-pinacoteca-civica-di-reggio-aderisce-alla-giornata-nazionale-delle-famiglie-al-museo\/"},"author":{"name":"S L","@id":"https:\/\/progettotouring.it\/radiotouring104\/#\/schema\/person\/b9f9c3730b0a78814c9b9f3bfc52c619"},"headline":"La Pinacoteca Civica di Reggio aderisce alla Giornata Nazionale delle Famiglie al Museo","datePublished":"2025-10-07T19:19:21+00:00","mainEntityOfPage":{"@id":"https:\/\/progettotouring.it\/radiotouring104\/2025\/10\/07\/la-pinacoteca-civica-di-reggio-aderisce-alla-giornata-nazionale-delle-famiglie-al-museo\/"},"wordCount":282,"publisher":{"@id":"https:\/\/progettotouring.it\/radiotouring104\/#organization"},"image":{"@id":"https:\/\/progettotouring.it\/radiotouring104\/2025\/10\/07\/la-pinacoteca-civica-di-reggio-aderisce-alla-giornata-nazionale-delle-famiglie-al-museo\/#primaryimage"},"thumbnailUrl":"https:\/\/progettotouring.it\/radiotouring104\/wp-content\/uploads\/sites\/6\/2025\/10\/IMMAGINI-X-SITO-2025-10-07T211758.849.jpg","articleSection":["Home","News","Reggio Calabria"],"inLanguage":"it-IT"},{"@type":"WebPage","@id":"https:\/\/progettotouring.it\/radiotouring104\/2025\/10\/07\/la-pinacoteca-civica-di-reggio-aderisce-alla-giornata-nazionale-delle-famiglie-al-museo\/","url":"https:\/\/progettotouring.it\/radiotouring104\/2025\/10\/07\/la-pinacoteca-civica-di-reggio-aderisce-alla-giornata-nazionale-delle-famiglie-al-museo\/","name":"La Pinacoteca Civica di Reggio aderisce alla Giornata Nazionale delle Famiglie al Museo - Radio Touring 104","isPartOf":{"@id":"https:\/\/progettotouring.it\/radiotouring104\/#website"},"primaryImageOfPage":{"@id":"https:\/\/progettotouring.it\/radiotouring104\/2025\/10\/07\/la-pinacoteca-civica-di-reggio-aderisce-alla-giornata-nazionale-delle-famiglie-al-museo\/#primaryimage"},"image":{"@id":"https:\/\/progettotouring.it\/radiotouring104\/2025\/10\/07\/la-pinacoteca-civica-di-reggio-aderisce-alla-giornata-nazionale-delle-famiglie-al-museo\/#primaryimage"},"thumbnailUrl":"https:\/\/progettotouring.it\/radiotouring104\/wp-content\/uploads\/sites\/6\/2025\/10\/IMMAGINI-X-SITO-2025-10-07T211758.849.jpg","datePublished":"2025-10-07T19:19:21+00:00","description":"Domenica 12 ottobre 2025 in programma attivit\u00e0 per bambini e famiglie","breadcrumb":{"@id":"https:\/\/progettotouring.it\/radiotouring104\/2025\/10\/07\/la-pinacoteca-civica-di-reggio-aderisce-alla-giornata-nazionale-delle-famiglie-al-museo\/#breadcrumb"},"inLanguage":"it-IT","potentialAction":[{"@type":"ReadAction","target":["https:\/\/progettotouring.it\/radiotouring104\/2025\/10\/07\/la-pinacoteca-civica-di-reggio-aderisce-alla-giornata-nazionale-delle-famiglie-al-museo\/"]}]},{"@type":"ImageObject","inLanguage":"it-IT","@id":"https:\/\/progettotouring.it\/radiotouring104\/2025\/10\/07\/la-pinacoteca-civica-di-reggio-aderisce-alla-giornata-nazionale-delle-famiglie-al-museo\/#primaryimage","url":"https:\/\/progettotouring.it\/radiotouring104\/wp-content\/uploads\/sites\/6\/2025\/10\/IMMAGINI-X-SITO-2025-10-07T211758.849.jpg","contentUrl":"https:\/\/progettotouring.it\/radiotouring104\/wp-content\/uploads\/sites\/6\/2025\/10\/IMMAGINI-X-SITO-2025-10-07T211758.849.jpg","width":2000,"height":1545},{"@type":"BreadcrumbList","@id":"https:\/\/progettotouring.it\/radiotouring104\/2025\/10\/07\/la-pinacoteca-civica-di-reggio-aderisce-alla-giornata-nazionale-delle-famiglie-al-museo\/#breadcrumb","itemListElement":[{"@type":"ListItem","position":1,"name":"Home","item":"https:\/\/progettotouring.it\/radiotouring104\/"},{"@type":"ListItem","position":2,"name":"La Pinacoteca Civica di Reggio aderisce alla Giornata Nazionale delle Famiglie al Museo"}]},{"@type":"WebSite","@id":"https:\/\/progettotouring.it\/radiotouring104\/#website","url":"https:\/\/progettotouring.it\/radiotouring104\/","name":"Radio Touring 104","description":"La prima radio Reggina","publisher":{"@id":"https:\/\/progettotouring.it\/radiotouring104\/#organization"},"potentialAction":[{"@type":"SearchAction","target":{"@type":"EntryPoint","urlTemplate":"https:\/\/progettotouring.it\/radiotouring104\/?s={search_term_string}"},"query-input":{"@type":"PropertyValueSpecification","valueRequired":true,"valueName":"search_term_string"}}],"inLanguage":"it-IT"},{"@type":"Organization","@id":"https:\/\/progettotouring.it\/radiotouring104\/#organization","name":"Radio Touring 104","url":"https:\/\/progettotouring.it\/radiotouring104\/","logo":{"@type":"ImageObject","inLanguage":"it-IT","@id":"https:\/\/progettotouring.it\/radiotouring104\/#\/schema\/logo\/image\/","url":"https:\/\/progettotouring.it\/radiotouring104\/wp-content\/uploads\/sites\/6\/2022\/02\/cropped-logo-radio-touring-104.png","contentUrl":"https:\/\/progettotouring.it\/radiotouring104\/wp-content\/uploads\/sites\/6\/2022\/02\/cropped-logo-radio-touring-104.png","width":377,"height":182,"caption":"Radio Touring 104"},"image":{"@id":"https:\/\/progettotouring.it\/radiotouring104\/#\/schema\/logo\/image\/"}},{"@type":"Person","@id":"https:\/\/progettotouring.it\/radiotouring104\/#\/schema\/person\/b9f9c3730b0a78814c9b9f3bfc52c619","name":"S L","image":{"@type":"ImageObject","inLanguage":"it-IT","@id":"https:\/\/secure.gravatar.com\/avatar\/652c51789d7030aaed9ff828331360502a68204fe6fb0831bc280515210e16d2?s=96&d=mm&r=g","url":"https:\/\/secure.gravatar.com\/avatar\/652c51789d7030aaed9ff828331360502a68204fe6fb0831bc280515210e16d2?s=96&d=mm&r=g","contentUrl":"https:\/\/secure.gravatar.com\/avatar\/652c51789d7030aaed9ff828331360502a68204fe6fb0831bc280515210e16d2?s=96&d=mm&r=g","caption":"S L"},"url":"https:\/\/progettotouring.it\/radiotouring104\/author\/slibri\/"}]}},"jetpack_publicize_connections":[],"jetpack_featured_media_url":"https:\/\/progettotouring.it\/radiotouring104\/wp-content\/uploads\/sites\/6\/2025\/10\/IMMAGINI-X-SITO-2025-10-07T211758.849.jpg","jetpack_sharing_enabled":true,"_links":{"self":[{"href":"https:\/\/progettotouring.it\/radiotouring104\/wp-json\/wp\/v2\/posts\/83494","targetHints":{"allow":["GET"]}}],"collection":[{"href":"https:\/\/progettotouring.it\/radiotouring104\/wp-json\/wp\/v2\/posts"}],"about":[{"href":"https:\/\/progettotouring.it\/radiotouring104\/wp-json\/wp\/v2\/types\/post"}],"author":[{"embeddable":true,"href":"https:\/\/progettotouring.it\/radiotouring104\/wp-json\/wp\/v2\/users\/19"}],"replies":[{"embeddable":true,"href":"https:\/\/progettotouring.it\/radiotouring104\/wp-json\/wp\/v2\/comments?post=83494"}],"version-history":[{"count":1,"href":"https:\/\/progettotouring.it\/radiotouring104\/wp-json\/wp\/v2\/posts\/83494\/revisions"}],"predecessor-version":[{"id":83496,"href":"https:\/\/progettotouring.it\/radiotouring104\/wp-json\/wp\/v2\/posts\/83494\/revisions\/83496"}],"wp:featuredmedia":[{"embeddable":true,"href":"https:\/\/progettotouring.it\/radiotouring104\/wp-json\/wp\/v2\/media\/83495"}],"wp:attachment":[{"href":"https:\/\/progettotouring.it\/radiotouring104\/wp-json\/wp\/v2\/media?parent=83494"}],"wp:term":[{"taxonomy":"category","embeddable":true,"href":"https:\/\/progettotouring.it\/radiotouring104\/wp-json\/wp\/v2\/categories?post=83494"},{"taxonomy":"post_tag","embeddable":true,"href":"https:\/\/progettotouring.it\/radiotouring104\/wp-json\/wp\/v2\/tags?post=83494"}],"curies":[{"name":"wp","href":"https:\/\/api.w.org\/{rel}","templated":true}]}}