{"id":83523,"date":"2025-10-08T09:43:28","date_gmt":"2025-10-08T07:43:28","guid":{"rendered":"https:\/\/progettotouring.it\/radiotouring104\/?p=83523"},"modified":"2025-10-08T10:44:09","modified_gmt":"2025-10-08T08:44:09","slug":"a-reggio-la-xiii-assemblea-nazionale-di-igers-italia","status":"publish","type":"post","link":"https:\/\/progettotouring.it\/radiotouring104\/2025\/10\/08\/a-reggio-la-xiii-assemblea-nazionale-di-igers-italia\/","title":{"rendered":"A Reggio la XIII Assemblea Nazionale di Igers Italia"},"content":{"rendered":"<p dir=\"ltr\">Dal 17 al 19 ottobre 2025 la community di IgersItalia si ritrover\u00e0 a Reggio Calabria per la XIII Assemblea Nazionale, l\u2019appuntamento annuale che riunisce gli igers da tutta Italia.<\/p>\n<p>&nbsp;<\/p>\n<p dir=\"ltr\">L\u2019evento \u00e8 organizzato da IgersItalia, con il supporto delle community locali Igers Reggio Calabria e Igers Calabria, in collaborazione con la Citt\u00e0 Metropolitana di Reggio Calabria.<\/p>\n<p>&nbsp;<\/p>\n<p dir=\"ltr\">Pi\u00f9 che un momento associativo, l\u2019Assemblea \u00e8 un laboratorio diffuso di racconto e promozione del territorio: tre giorni dedicati alla produzione e condivisione di contenuti digitali per valorizzare le eccellenze culturali, storiche, artistiche, ambientali ed enogastronomiche dell\u2019area metropolitana reggina.<\/p>\n<p>&nbsp;<\/p>\n<p dir=\"ltr\">L\u2019Area Metropolitana di Reggio Calabria<\/p>\n<p>&nbsp;<\/p>\n<p dir=\"ltr\">La Citt\u00e0 Metropolitana di Reggio Calabria \u00e8 un territorio ampio e variegato che unisce mare e montagna, tradizione e innovazione, storia millenaria e vitalit\u00e0 contemporanea.<\/p>\n<ul>\n<li dir=\"ltr\">\n<p dir=\"ltr\" role=\"presentation\">Natura: dalle spiagge cristalline della Costa Viola e della Locride alle montagne dell\u2019Aspromonte, con boschi e borghi arroccati.<\/p>\n<\/li>\n<li dir=\"ltr\">\n<p dir=\"ltr\" role=\"presentation\">Cultura e storia: la Calabria greca, le tracce bizantine e normanne, fino alle testimonianze moderne, raccontano un passato ricchissimo che ancora plasma l\u2019identit\u00e0 locale.<\/p>\n<\/li>\n<li dir=\"ltr\">\n<p dir=\"ltr\" role=\"presentation\">Arte: nei musei e nei parchi archeologici (celebre il Museo Archeologico Nazionale con i Bronzi di Riace), nelle chiese medievali, nei palazzi storici e nei progetti contemporanei che reinterpretano la bellezza del territorio.<\/p>\n<\/li>\n<li dir=\"ltr\">\n<p dir=\"ltr\" role=\"presentation\">Enogastronomia: il Bergamotto di Reggio Calabria, i vini reggini, il primolio e\u00a0 i piatti della tradizione: sapori autentici che narrano storia e identit\u00e0.<\/p>\n<\/li>\n<\/ul>\n<p>&nbsp;<\/p>\n<p dir=\"ltr\">Programma istituzionale &#8211; Assemblea dei Soci a Palazzo Corrado Alvaro<\/p>\n<p>&nbsp;<\/p>\n<p dir=\"ltr\">Il cuore istituzionale dell\u2019evento sar\u00e0 la XIII Assemblea dei Soci di IgersItalia, ospitata venerd\u00ec 17 ottobre alle ore 17.00 nella Sala Perri di Palazzo Corrado Alvaro, sede della Citt\u00e0 Metropolitana.<\/p>\n<p dir=\"ltr\">Qui i soci discuteranno progetti, attivit\u00e0 e prospettive future dell\u2019associazione, in un contesto solenne e rappresentativo della Calabria istituzionale e culturale.<\/p>\n<p>&nbsp;<\/p>\n<p dir=\"ltr\">Casa IgersItalia &#8211; Altafiumara Resort<\/p>\n<p>&nbsp;<\/p>\n<p dir=\"ltr\">Per tre giorni, l\u2019Altafiumara Resort di Santa Trada diventer\u00e0 la \u201cCasa IgersItalia\u201d. Immerso nella macchia mediterranea della Costa Viola e affacciato sullo Stretto di Messina, sar\u00e0 il punto di ritrovo per networking, momenti conviviali e di progettazione sul digital storytelling made in IgersItalia.<\/p>\n<p dir=\"ltr\">La sera di venerd\u00ec 17 ottobre, gli igers saranno ospiti dell\u2019Enoteca Culturale all\u2019interno del Polo Culturale di Altafiumara per una speciale degustazione di vini reggini: un\u2019esperienza sensoriale tra vitigni autoctoni e produzioni d\u2019eccellenza che raccontano il legame tra la terra di Reggio Calabria, il mare dello Stretto e la passione dei produttori.<\/p>\n<p>&nbsp;<\/p>\n<p dir=\"ltr\">Sabato 18 ottobre &#8211; I tour tematici<\/p>\n<p>&nbsp;<\/p>\n<p dir=\"ltr\">Sabato dar\u00e0 il via all\u2019avventura con tour tematici dedicati a cultura, storia e paesaggi della Citt\u00e0 Metropolitana, con racconti e suggerimenti creativi per valorizzare il territorio attraverso immagini e social.<\/p>\n<p>&nbsp;<\/p>\n<p dir=\"ltr\">Tour 1 \u2014 La Costa Viola e il mito di Scilla<\/p>\n<p dir=\"ltr\">Percorso lungo la suggestiva Costa Viola, dove i tramonti assumono sfumature uniche.<\/p>\n<p dir=\"ltr\">Scilla: il borgo leggendario dell\u2019Odissea e la pittoresca Chianalea, con le sue case di pescatori sospese sull\u2019acqua.<\/p>\n<p dir=\"ltr\">Monte S\u2019Elia (Palmi): dalle Tre Croci lo sguardo abbraccia uno dei panorami pi\u00f9 suggestivi della Calabria, dallo Stretto di Messina alle Eolie, lungo la costa tirrenica.<\/p>\n<p>&nbsp;<\/p>\n<p dir=\"ltr\">Tour 2 \u2014 La Bovesia e la Mano del Diavolo<\/p>\n<p dir=\"ltr\">Immersione nel cuore della cultura grecanica.<\/p>\n<p dir=\"ltr\">Pentedattilo: il borgo \u201cfantasma\u201d sulla montagna a forma di mano, tra leggenda e mistero.<\/p>\n<p dir=\"ltr\">Bova: capitale culturale dell\u2019ellenofonia, luogo di identit\u00e0, spiritualit\u00e0 e accoglienza.<\/p>\n<p dir=\"ltr\">Calanchi di Palizzi: paesaggio surreale modellato da vento e tempo.<\/p>\n<p>&nbsp;<\/p>\n<p dir=\"ltr\">Tour 3 \u2014 La Locride: da Persefone a Ruggero<\/p>\n<p dir=\"ltr\">Itinerario tra mito, arte e memoria.<\/p>\n<p dir=\"ltr\">Museo e Parco Archeologico di Locri Epizefiri: tra i siti pi\u00f9 significativi della Magna Grecia, legato al culto di Persefone, dea della rinascita.<\/p>\n<p dir=\"ltr\">Gerace: tra i borghi medievali pi\u00f9 belli d\u2019Italia, con l\u2019imponente cattedrale normanna e vicoli in pietra che raccontano secoli di arte e spiritualit\u00e0.<\/p>\n<p>&nbsp;<\/p>\n<p dir=\"ltr\">Tour 4 \u2014 Il Drago di Kaulonia e la Morgezia<\/p>\n<p dir=\"ltr\">Storia magnogreca ed eccellenze rurali dell\u2019entroterra ionico e morgetico.<\/p>\n<p dir=\"ltr\">Museo e Parco Archeologico dell\u2019Antica Kaulonia: il celebre mosaico del drago marino testimonia potenza e raffinatezza della citt\u00e0 magnogreca.<\/p>\n<p dir=\"ltr\">Olearia San Giorgio: esperienza sulla nascita del primolio e degustazione guidata, simbolo di qualit\u00e0 e identit\u00e0 agricola calabrese.<\/p>\n<p dir=\"ltr\">San Giorgio Morgeto: passeggiata fino al castello medievale per un tramonto spettacolare sul Mar Tirreno.<\/p>\n<p>&nbsp;<\/p>\n<p dir=\"ltr\">Domenica 19 ottobre \u2014 Gli Igers a Reggio Calabria<\/p>\n<p>&nbsp;<\/p>\n<p dir=\"ltr\">Il Museo Archeologico Nazionale e i Bronzi di Riace<\/p>\n<p dir=\"ltr\">La giornata finale sar\u00e0 dedicata alla citt\u00e0 di Reggio Calabria. Visita al Museo Archeologico Nazionale, tra i pi\u00f9 importanti d\u2019Italia, scrigno dei Bronzi di Riace, dei Diademi aurei di Sant\u2019Eufemia, del Kouros di Reggio, del Cratere di Hipponion e di reperti provenienti da Locri e Medma.<\/p>\n<p>&nbsp;<\/p>\n<p dir=\"ltr\">Rhegion Igers Experience e il Bergamotto di Reggio Calabria<\/p>\n<p dir=\"ltr\">(evento gratuito aperto a tutti)<\/p>\n<p dir=\"ltr\">\nA seguire, Rhegion Igers Experience, tour urbano alla scoperta del lungomare, dei monumenti, delle piazze e dei palazzi storici. La mattinata proseguir\u00e0 con un focus sul Bergamotto di Reggio Calabria\u2014prodotto identitario che racchiude profumo e anima del territorio\u2014con dimostrazione dell\u2019estrazione dell\u2019essenza e degustazione di prodotti a base del \u201cprincipe mondiale degli agrumi\u201d, offerte dall\u2019azienda agricola Friberga.<\/p>\n<p>&nbsp;<\/p>\n<p dir=\"ltr\">Come partecipare<\/p>\n<p>&nbsp;<\/p>\n<p dir=\"ltr\">La XIII Assemblea Nazionale IgersItalia \u00e8 un\u2019occasione unica per vivere tre giorni di community, scoperta e racconto digitale. Soci e interessati sono invitati a partecipare all\u2019Assemblea a Palazzo Alvaro venerd\u00ec 17 ottobre per condividere idee, esperienze e progetti futuri.<\/p>\n<p dir=\"ltr\">Tutti possono unirsi alla Rhegion Igers Experience di domenica 19 ottobre per raccontare con IgersItalia e le sue community la destinazione \u201cCitt\u00e0 di Reggio Calabria\u201d.<\/p>\n<p>&nbsp;<\/p>\n<p dir=\"ltr\">Contatti<\/p>\n<p dir=\"ltr\">Instagram (messaggio privato):<a href=\"https:\/\/instagram.com\/igersitalia\" target=\"_blank\" rel=\"noopener noreferrer\"> @igersitalia<\/a> \u2022<a href=\"https:\/\/instagram.com\/borzac\" target=\"_blank\" rel=\"noopener noreferrer\"> @borzac<\/a><\/p>\n<p dir=\"ltr\">Email: <a target=\"_self\">contatti@igersitalia.it<\/a><\/p>\n<div><\/div>\n<p>&nbsp;<\/p>\n<p dir=\"ltr\">Fonte: IgersItalia &#8211; con il supporto di Igers Reggio Calabria e Igers Calabria &#8211; in collaborazione con la Citt\u00e0 Metropolitana di Reggio Calabria.<\/p>\n","protected":false},"excerpt":{"rendered":"<p>Dal 17 al 19 ottobre 2025 la community di IgersItalia si ritrover\u00e0 a Reggio Calabria per la XIII Assemblea Nazionale, l\u2019appuntamento annuale che riunisce gli igers da tutta Italia. &nbsp;&hellip;<\/p>\n","protected":false},"author":5,"featured_media":83524,"comment_status":"closed","ping_status":"open","sticky":false,"template":"","format":"standard","meta":{"_jetpack_memberships_contains_paid_content":false,"footnotes":"","jetpack_publicize_message":"","jetpack_publicize_feature_enabled":true,"jetpack_social_post_already_shared":true,"jetpack_social_options":{"image_generator_settings":{"template":"highway","default_image_id":0,"font":"","enabled":false},"version":2}},"categories":[921,196,140],"tags":[20006,6397,6160,48123,48124,236,6179,48125,46845],"class_list":["post-83523","post","type-post","status-publish","format-standard","has-post-thumbnail","hentry","category-home","category-news","category-reggio-calabria","tag-altafiumara-resort","tag-assemblea-nazionale","tag-igers-calabria","tag-igers-italia","tag-ommunity","tag-reggio-calabria","tag-salvatore-borzacchiello","tag-storytelling","tag-valorizzazione-territorio"],"yoast_head":"<!-- This site is optimized with the Yoast SEO plugin v27.2 - https:\/\/yoast.com\/product\/yoast-seo-wordpress\/ -->\n<title>A Reggio la XIII Assemblea Nazionale di Igers Italia<\/title>\n<meta name=\"description\" content=\"L&#039;appuntamento che riunisce tutti gli Igers d&#039;Italia, si terr\u00e0 dal 17 al 19 ottobre community, storytelling e valorizzazione territorio\" \/>\n<meta name=\"robots\" content=\"index, follow, max-snippet:-1, max-image-preview:large, max-video-preview:-1\" \/>\n<link rel=\"canonical\" href=\"https:\/\/progettotouring.it\/radiotouring104\/2025\/10\/08\/a-reggio-la-xiii-assemblea-nazionale-di-igers-italia\/\" \/>\n<meta property=\"og:locale\" content=\"it_IT\" \/>\n<meta property=\"og:type\" content=\"article\" \/>\n<meta property=\"og:title\" content=\"A Reggio la XIII Assemblea Nazionale di Igers Italia\" \/>\n<meta property=\"og:description\" content=\"L&#039;appuntamento che riunisce tutti gli Igers d&#039;Italia, si terr\u00e0 dal 17 al 19 ottobre community, storytelling e valorizzazione territorio\" \/>\n<meta property=\"og:url\" content=\"https:\/\/progettotouring.it\/radiotouring104\/2025\/10\/08\/a-reggio-la-xiii-assemblea-nazionale-di-igers-italia\/\" \/>\n<meta property=\"og:site_name\" content=\"Radio Touring 104\" \/>\n<meta property=\"article:published_time\" content=\"2025-10-08T07:43:28+00:00\" \/>\n<meta property=\"article:modified_time\" content=\"2025-10-08T08:44:09+00:00\" \/>\n<meta property=\"og:image\" content=\"https:\/\/progettotouring.it\/radiotouring104\/wp-content\/uploads\/sites\/6\/2025\/10\/Assemblea-Nazionale-IgersItalia-a-Reggio-Calabria-Orizzontale.jpg\" \/>\n\t<meta property=\"og:image:width\" content=\"1200\" \/>\n\t<meta property=\"og:image:height\" content=\"627\" \/>\n\t<meta property=\"og:image:type\" content=\"image\/jpeg\" \/>\n<meta name=\"author\" content=\"redazione\" \/>\n<meta name=\"twitter:card\" content=\"summary_large_image\" \/>\n<meta name=\"twitter:label1\" content=\"Scritto da\" \/>\n\t<meta name=\"twitter:data1\" content=\"redazione\" \/>\n\t<meta name=\"twitter:label2\" content=\"Tempo di lettura stimato\" \/>\n\t<meta name=\"twitter:data2\" content=\"5 minuti\" \/>\n<script type=\"application\/ld+json\" class=\"yoast-schema-graph\">{\"@context\":\"https:\/\/schema.org\",\"@graph\":[{\"@type\":\"Article\",\"@id\":\"https:\/\/progettotouring.it\/radiotouring104\/2025\/10\/08\/a-reggio-la-xiii-assemblea-nazionale-di-igers-italia\/#article\",\"isPartOf\":{\"@id\":\"https:\/\/progettotouring.it\/radiotouring104\/2025\/10\/08\/a-reggio-la-xiii-assemblea-nazionale-di-igers-italia\/\"},\"author\":{\"name\":\"redazione\",\"@id\":\"https:\/\/progettotouring.it\/radiotouring104\/#\/schema\/person\/1b3eb3c07c47136bc44c785c543e635f\"},\"headline\":\"A Reggio la XIII Assemblea Nazionale di Igers Italia\",\"datePublished\":\"2025-10-08T07:43:28+00:00\",\"dateModified\":\"2025-10-08T08:44:09+00:00\",\"mainEntityOfPage\":{\"@id\":\"https:\/\/progettotouring.it\/radiotouring104\/2025\/10\/08\/a-reggio-la-xiii-assemblea-nazionale-di-igers-italia\/\"},\"wordCount\":940,\"publisher\":{\"@id\":\"https:\/\/progettotouring.it\/radiotouring104\/#organization\"},\"image\":{\"@id\":\"https:\/\/progettotouring.it\/radiotouring104\/2025\/10\/08\/a-reggio-la-xiii-assemblea-nazionale-di-igers-italia\/#primaryimage\"},\"thumbnailUrl\":\"https:\/\/progettotouring.it\/radiotouring104\/wp-content\/uploads\/sites\/6\/2025\/10\/Assemblea-Nazionale-IgersItalia-a-Reggio-Calabria-Orizzontale.jpg\",\"keywords\":[\"Altafiumara Resort\",\"Assemblea Nazionale\",\"Igers Calabria\",\"Igers Italia\",\"ommunity\",\"reggio calabria\",\"Salvatore Borzacchiello\",\"storytelling\",\"valorizzazione territorio\"],\"articleSection\":[\"Home\",\"News\",\"Reggio Calabria\"],\"inLanguage\":\"it-IT\"},{\"@type\":\"WebPage\",\"@id\":\"https:\/\/progettotouring.it\/radiotouring104\/2025\/10\/08\/a-reggio-la-xiii-assemblea-nazionale-di-igers-italia\/\",\"url\":\"https:\/\/progettotouring.it\/radiotouring104\/2025\/10\/08\/a-reggio-la-xiii-assemblea-nazionale-di-igers-italia\/\",\"name\":\"A Reggio la XIII Assemblea Nazionale di Igers Italia\",\"isPartOf\":{\"@id\":\"https:\/\/progettotouring.it\/radiotouring104\/#website\"},\"primaryImageOfPage\":{\"@id\":\"https:\/\/progettotouring.it\/radiotouring104\/2025\/10\/08\/a-reggio-la-xiii-assemblea-nazionale-di-igers-italia\/#primaryimage\"},\"image\":{\"@id\":\"https:\/\/progettotouring.it\/radiotouring104\/2025\/10\/08\/a-reggio-la-xiii-assemblea-nazionale-di-igers-italia\/#primaryimage\"},\"thumbnailUrl\":\"https:\/\/progettotouring.it\/radiotouring104\/wp-content\/uploads\/sites\/6\/2025\/10\/Assemblea-Nazionale-IgersItalia-a-Reggio-Calabria-Orizzontale.jpg\",\"datePublished\":\"2025-10-08T07:43:28+00:00\",\"dateModified\":\"2025-10-08T08:44:09+00:00\",\"description\":\"L'appuntamento che riunisce tutti gli Igers d'Italia, si terr\u00e0 dal 17 al 19 ottobre community, storytelling e valorizzazione territorio\",\"breadcrumb\":{\"@id\":\"https:\/\/progettotouring.it\/radiotouring104\/2025\/10\/08\/a-reggio-la-xiii-assemblea-nazionale-di-igers-italia\/#breadcrumb\"},\"inLanguage\":\"it-IT\",\"potentialAction\":[{\"@type\":\"ReadAction\",\"target\":[\"https:\/\/progettotouring.it\/radiotouring104\/2025\/10\/08\/a-reggio-la-xiii-assemblea-nazionale-di-igers-italia\/\"]}]},{\"@type\":\"ImageObject\",\"inLanguage\":\"it-IT\",\"@id\":\"https:\/\/progettotouring.it\/radiotouring104\/2025\/10\/08\/a-reggio-la-xiii-assemblea-nazionale-di-igers-italia\/#primaryimage\",\"url\":\"https:\/\/progettotouring.it\/radiotouring104\/wp-content\/uploads\/sites\/6\/2025\/10\/Assemblea-Nazionale-IgersItalia-a-Reggio-Calabria-Orizzontale.jpg\",\"contentUrl\":\"https:\/\/progettotouring.it\/radiotouring104\/wp-content\/uploads\/sites\/6\/2025\/10\/Assemblea-Nazionale-IgersItalia-a-Reggio-Calabria-Orizzontale.jpg\",\"width\":1200,\"height\":627},{\"@type\":\"BreadcrumbList\",\"@id\":\"https:\/\/progettotouring.it\/radiotouring104\/2025\/10\/08\/a-reggio-la-xiii-assemblea-nazionale-di-igers-italia\/#breadcrumb\",\"itemListElement\":[{\"@type\":\"ListItem\",\"position\":1,\"name\":\"Home\",\"item\":\"https:\/\/progettotouring.it\/radiotouring104\/\"},{\"@type\":\"ListItem\",\"position\":2,\"name\":\"A Reggio la XIII Assemblea Nazionale di Igers Italia\"}]},{\"@type\":\"WebSite\",\"@id\":\"https:\/\/progettotouring.it\/radiotouring104\/#website\",\"url\":\"https:\/\/progettotouring.it\/radiotouring104\/\",\"name\":\"Radio Touring 104\",\"description\":\"La prima radio Reggina\",\"publisher\":{\"@id\":\"https:\/\/progettotouring.it\/radiotouring104\/#organization\"},\"potentialAction\":[{\"@type\":\"SearchAction\",\"target\":{\"@type\":\"EntryPoint\",\"urlTemplate\":\"https:\/\/progettotouring.it\/radiotouring104\/?s={search_term_string}\"},\"query-input\":{\"@type\":\"PropertyValueSpecification\",\"valueRequired\":true,\"valueName\":\"search_term_string\"}}],\"inLanguage\":\"it-IT\"},{\"@type\":\"Organization\",\"@id\":\"https:\/\/progettotouring.it\/radiotouring104\/#organization\",\"name\":\"Radio Touring 104\",\"url\":\"https:\/\/progettotouring.it\/radiotouring104\/\",\"logo\":{\"@type\":\"ImageObject\",\"inLanguage\":\"it-IT\",\"@id\":\"https:\/\/progettotouring.it\/radiotouring104\/#\/schema\/logo\/image\/\",\"url\":\"https:\/\/progettotouring.it\/radiotouring104\/wp-content\/uploads\/sites\/6\/2022\/02\/cropped-logo-radio-touring-104.png\",\"contentUrl\":\"https:\/\/progettotouring.it\/radiotouring104\/wp-content\/uploads\/sites\/6\/2022\/02\/cropped-logo-radio-touring-104.png\",\"width\":377,\"height\":182,\"caption\":\"Radio Touring 104\"},\"image\":{\"@id\":\"https:\/\/progettotouring.it\/radiotouring104\/#\/schema\/logo\/image\/\"}},{\"@type\":\"Person\",\"@id\":\"https:\/\/progettotouring.it\/radiotouring104\/#\/schema\/person\/1b3eb3c07c47136bc44c785c543e635f\",\"name\":\"redazione\",\"image\":{\"@type\":\"ImageObject\",\"inLanguage\":\"it-IT\",\"@id\":\"https:\/\/secure.gravatar.com\/avatar\/0b31605b49f100769e8b624b3e05de1b73e1692e9568a352f60f53fd072e6e11?s=96&d=mm&r=g\",\"url\":\"https:\/\/secure.gravatar.com\/avatar\/0b31605b49f100769e8b624b3e05de1b73e1692e9568a352f60f53fd072e6e11?s=96&d=mm&r=g\",\"contentUrl\":\"https:\/\/secure.gravatar.com\/avatar\/0b31605b49f100769e8b624b3e05de1b73e1692e9568a352f60f53fd072e6e11?s=96&d=mm&r=g\",\"caption\":\"redazione\"},\"url\":\"https:\/\/progettotouring.it\/radiotouring104\/author\/redazione\/\"}]}<\/script>\n<!-- \/ Yoast SEO plugin. -->","yoast_head_json":{"title":"A Reggio la XIII Assemblea Nazionale di Igers Italia","description":"L'appuntamento che riunisce tutti gli Igers d'Italia, si terr\u00e0 dal 17 al 19 ottobre community, storytelling e valorizzazione territorio","robots":{"index":"index","follow":"follow","max-snippet":"max-snippet:-1","max-image-preview":"max-image-preview:large","max-video-preview":"max-video-preview:-1"},"canonical":"https:\/\/progettotouring.it\/radiotouring104\/2025\/10\/08\/a-reggio-la-xiii-assemblea-nazionale-di-igers-italia\/","og_locale":"it_IT","og_type":"article","og_title":"A Reggio la XIII Assemblea Nazionale di Igers Italia","og_description":"L'appuntamento che riunisce tutti gli Igers d'Italia, si terr\u00e0 dal 17 al 19 ottobre community, storytelling e valorizzazione territorio","og_url":"https:\/\/progettotouring.it\/radiotouring104\/2025\/10\/08\/a-reggio-la-xiii-assemblea-nazionale-di-igers-italia\/","og_site_name":"Radio Touring 104","article_published_time":"2025-10-08T07:43:28+00:00","article_modified_time":"2025-10-08T08:44:09+00:00","og_image":[{"width":1200,"height":627,"url":"https:\/\/progettotouring.it\/radiotouring104\/wp-content\/uploads\/sites\/6\/2025\/10\/Assemblea-Nazionale-IgersItalia-a-Reggio-Calabria-Orizzontale.jpg","type":"image\/jpeg"}],"author":"redazione","twitter_card":"summary_large_image","twitter_misc":{"Scritto da":"redazione","Tempo di lettura stimato":"5 minuti"},"schema":{"@context":"https:\/\/schema.org","@graph":[{"@type":"Article","@id":"https:\/\/progettotouring.it\/radiotouring104\/2025\/10\/08\/a-reggio-la-xiii-assemblea-nazionale-di-igers-italia\/#article","isPartOf":{"@id":"https:\/\/progettotouring.it\/radiotouring104\/2025\/10\/08\/a-reggio-la-xiii-assemblea-nazionale-di-igers-italia\/"},"author":{"name":"redazione","@id":"https:\/\/progettotouring.it\/radiotouring104\/#\/schema\/person\/1b3eb3c07c47136bc44c785c543e635f"},"headline":"A Reggio la XIII Assemblea Nazionale di Igers Italia","datePublished":"2025-10-08T07:43:28+00:00","dateModified":"2025-10-08T08:44:09+00:00","mainEntityOfPage":{"@id":"https:\/\/progettotouring.it\/radiotouring104\/2025\/10\/08\/a-reggio-la-xiii-assemblea-nazionale-di-igers-italia\/"},"wordCount":940,"publisher":{"@id":"https:\/\/progettotouring.it\/radiotouring104\/#organization"},"image":{"@id":"https:\/\/progettotouring.it\/radiotouring104\/2025\/10\/08\/a-reggio-la-xiii-assemblea-nazionale-di-igers-italia\/#primaryimage"},"thumbnailUrl":"https:\/\/progettotouring.it\/radiotouring104\/wp-content\/uploads\/sites\/6\/2025\/10\/Assemblea-Nazionale-IgersItalia-a-Reggio-Calabria-Orizzontale.jpg","keywords":["Altafiumara Resort","Assemblea Nazionale","Igers Calabria","Igers Italia","ommunity","reggio calabria","Salvatore Borzacchiello","storytelling","valorizzazione territorio"],"articleSection":["Home","News","Reggio Calabria"],"inLanguage":"it-IT"},{"@type":"WebPage","@id":"https:\/\/progettotouring.it\/radiotouring104\/2025\/10\/08\/a-reggio-la-xiii-assemblea-nazionale-di-igers-italia\/","url":"https:\/\/progettotouring.it\/radiotouring104\/2025\/10\/08\/a-reggio-la-xiii-assemblea-nazionale-di-igers-italia\/","name":"A Reggio la XIII Assemblea Nazionale di Igers Italia","isPartOf":{"@id":"https:\/\/progettotouring.it\/radiotouring104\/#website"},"primaryImageOfPage":{"@id":"https:\/\/progettotouring.it\/radiotouring104\/2025\/10\/08\/a-reggio-la-xiii-assemblea-nazionale-di-igers-italia\/#primaryimage"},"image":{"@id":"https:\/\/progettotouring.it\/radiotouring104\/2025\/10\/08\/a-reggio-la-xiii-assemblea-nazionale-di-igers-italia\/#primaryimage"},"thumbnailUrl":"https:\/\/progettotouring.it\/radiotouring104\/wp-content\/uploads\/sites\/6\/2025\/10\/Assemblea-Nazionale-IgersItalia-a-Reggio-Calabria-Orizzontale.jpg","datePublished":"2025-10-08T07:43:28+00:00","dateModified":"2025-10-08T08:44:09+00:00","description":"L'appuntamento che riunisce tutti gli Igers d'Italia, si terr\u00e0 dal 17 al 19 ottobre community, storytelling e valorizzazione territorio","breadcrumb":{"@id":"https:\/\/progettotouring.it\/radiotouring104\/2025\/10\/08\/a-reggio-la-xiii-assemblea-nazionale-di-igers-italia\/#breadcrumb"},"inLanguage":"it-IT","potentialAction":[{"@type":"ReadAction","target":["https:\/\/progettotouring.it\/radiotouring104\/2025\/10\/08\/a-reggio-la-xiii-assemblea-nazionale-di-igers-italia\/"]}]},{"@type":"ImageObject","inLanguage":"it-IT","@id":"https:\/\/progettotouring.it\/radiotouring104\/2025\/10\/08\/a-reggio-la-xiii-assemblea-nazionale-di-igers-italia\/#primaryimage","url":"https:\/\/progettotouring.it\/radiotouring104\/wp-content\/uploads\/sites\/6\/2025\/10\/Assemblea-Nazionale-IgersItalia-a-Reggio-Calabria-Orizzontale.jpg","contentUrl":"https:\/\/progettotouring.it\/radiotouring104\/wp-content\/uploads\/sites\/6\/2025\/10\/Assemblea-Nazionale-IgersItalia-a-Reggio-Calabria-Orizzontale.jpg","width":1200,"height":627},{"@type":"BreadcrumbList","@id":"https:\/\/progettotouring.it\/radiotouring104\/2025\/10\/08\/a-reggio-la-xiii-assemblea-nazionale-di-igers-italia\/#breadcrumb","itemListElement":[{"@type":"ListItem","position":1,"name":"Home","item":"https:\/\/progettotouring.it\/radiotouring104\/"},{"@type":"ListItem","position":2,"name":"A Reggio la XIII Assemblea Nazionale di Igers Italia"}]},{"@type":"WebSite","@id":"https:\/\/progettotouring.it\/radiotouring104\/#website","url":"https:\/\/progettotouring.it\/radiotouring104\/","name":"Radio Touring 104","description":"La prima radio Reggina","publisher":{"@id":"https:\/\/progettotouring.it\/radiotouring104\/#organization"},"potentialAction":[{"@type":"SearchAction","target":{"@type":"EntryPoint","urlTemplate":"https:\/\/progettotouring.it\/radiotouring104\/?s={search_term_string}"},"query-input":{"@type":"PropertyValueSpecification","valueRequired":true,"valueName":"search_term_string"}}],"inLanguage":"it-IT"},{"@type":"Organization","@id":"https:\/\/progettotouring.it\/radiotouring104\/#organization","name":"Radio Touring 104","url":"https:\/\/progettotouring.it\/radiotouring104\/","logo":{"@type":"ImageObject","inLanguage":"it-IT","@id":"https:\/\/progettotouring.it\/radiotouring104\/#\/schema\/logo\/image\/","url":"https:\/\/progettotouring.it\/radiotouring104\/wp-content\/uploads\/sites\/6\/2022\/02\/cropped-logo-radio-touring-104.png","contentUrl":"https:\/\/progettotouring.it\/radiotouring104\/wp-content\/uploads\/sites\/6\/2022\/02\/cropped-logo-radio-touring-104.png","width":377,"height":182,"caption":"Radio Touring 104"},"image":{"@id":"https:\/\/progettotouring.it\/radiotouring104\/#\/schema\/logo\/image\/"}},{"@type":"Person","@id":"https:\/\/progettotouring.it\/radiotouring104\/#\/schema\/person\/1b3eb3c07c47136bc44c785c543e635f","name":"redazione","image":{"@type":"ImageObject","inLanguage":"it-IT","@id":"https:\/\/secure.gravatar.com\/avatar\/0b31605b49f100769e8b624b3e05de1b73e1692e9568a352f60f53fd072e6e11?s=96&d=mm&r=g","url":"https:\/\/secure.gravatar.com\/avatar\/0b31605b49f100769e8b624b3e05de1b73e1692e9568a352f60f53fd072e6e11?s=96&d=mm&r=g","contentUrl":"https:\/\/secure.gravatar.com\/avatar\/0b31605b49f100769e8b624b3e05de1b73e1692e9568a352f60f53fd072e6e11?s=96&d=mm&r=g","caption":"redazione"},"url":"https:\/\/progettotouring.it\/radiotouring104\/author\/redazione\/"}]}},"jetpack_publicize_connections":[],"jetpack_featured_media_url":"https:\/\/progettotouring.it\/radiotouring104\/wp-content\/uploads\/sites\/6\/2025\/10\/Assemblea-Nazionale-IgersItalia-a-Reggio-Calabria-Orizzontale.jpg","jetpack_sharing_enabled":true,"_links":{"self":[{"href":"https:\/\/progettotouring.it\/radiotouring104\/wp-json\/wp\/v2\/posts\/83523","targetHints":{"allow":["GET"]}}],"collection":[{"href":"https:\/\/progettotouring.it\/radiotouring104\/wp-json\/wp\/v2\/posts"}],"about":[{"href":"https:\/\/progettotouring.it\/radiotouring104\/wp-json\/wp\/v2\/types\/post"}],"author":[{"embeddable":true,"href":"https:\/\/progettotouring.it\/radiotouring104\/wp-json\/wp\/v2\/users\/5"}],"replies":[{"embeddable":true,"href":"https:\/\/progettotouring.it\/radiotouring104\/wp-json\/wp\/v2\/comments?post=83523"}],"version-history":[{"count":1,"href":"https:\/\/progettotouring.it\/radiotouring104\/wp-json\/wp\/v2\/posts\/83523\/revisions"}],"predecessor-version":[{"id":83525,"href":"https:\/\/progettotouring.it\/radiotouring104\/wp-json\/wp\/v2\/posts\/83523\/revisions\/83525"}],"wp:featuredmedia":[{"embeddable":true,"href":"https:\/\/progettotouring.it\/radiotouring104\/wp-json\/wp\/v2\/media\/83524"}],"wp:attachment":[{"href":"https:\/\/progettotouring.it\/radiotouring104\/wp-json\/wp\/v2\/media?parent=83523"}],"wp:term":[{"taxonomy":"category","embeddable":true,"href":"https:\/\/progettotouring.it\/radiotouring104\/wp-json\/wp\/v2\/categories?post=83523"},{"taxonomy":"post_tag","embeddable":true,"href":"https:\/\/progettotouring.it\/radiotouring104\/wp-json\/wp\/v2\/tags?post=83523"}],"curies":[{"name":"wp","href":"https:\/\/api.w.org\/{rel}","templated":true}]}}