{"id":83526,"date":"2025-10-08T09:54:21","date_gmt":"2025-10-08T07:54:21","guid":{"rendered":"https:\/\/progettotouring.it\/radiotouring104\/?p=83526"},"modified":"2025-10-08T10:44:19","modified_gmt":"2025-10-08T08:44:19","slug":"redel-viola-marini-risposta-importante-da-parte-del-gruppo","status":"publish","type":"post","link":"https:\/\/progettotouring.it\/radiotouring104\/2025\/10\/08\/redel-viola-marini-risposta-importante-da-parte-del-gruppo\/","title":{"rendered":"Redel Viola, Marini: \u201cRisposta importante da parte del Gruppo\u201d"},"content":{"rendered":"<p>Una vittoria sofferta, ma che vale doppio dopo una settimana complicata. Leonardo Marini, centro della Redel Reggio Calabria, commenta cos\u00ec la vittoria della sua squadra contro la Virtus Molfetta.<\/p>\n<p>\u201c\u00c8 stata una partita difficile da interpretare \u2013 esordisce Marini. \u2013 Arrivavamo da una settimana caratterizzata da vari infortuni. Ci siamo allenati in pochi, abbiamo avuto molte difficolt\u00e0 e arrivando da una sconfitta all\u2019esordio, dovevamo dare una risposta a noi stessi, allo staff ed anche ai tifosi\u201d.<\/p>\n<p>Il lungo prosegue.<\/p>\n<p>\u201cPossiamo fare di meglio, possiamo chiuderle prima, come quando abbiamo avuto la possibilit\u00e0 di andare sul +9. L\u00ec bisogna essere pi\u00f9 maturi per chiuderla con meno ansia. Comunque, toccava vincerla in un modo o nell\u2019altro\u2026\u201d.<\/p>\n<p>Un gruppo che non si tira indietro.<\/p>\n<p>\u201cSto vedendo un gruppo che d\u00e0 molta disponibilit\u00e0 a lavorare, che non si tira indietro. Lavoriamo sodo tutti i giorni con molta intensit\u00e0, ascoltiamo le direttive dello staff e ci confrontiamo con loro. Ci sono \u2018chiocce\u2019 che guidano il gruppo \u2013 io, Vanni Laquintana, e anche Edo Maresca cerca di dare l\u2019esempio \u2013 cerchiamo di portarci dietro tutti quanti\u201d.<\/p>\n<p>Sull\u2019avversaria, la Virtus Molfetta.<\/p>\n<p>\u201cUna squadra tosta, lunga, con una buona panchina. Abbiamo avuto molte difficolt\u00e0 quando hanno giocato i due cinque insieme. Daunys \u00e8 un cinque prestato perch\u00e9 \u00e8 un quattro atipico molto bravo, e Pieri \u00e8 un tre con un tiro da due metri con braccia infinite \u2013 mi ha fatto un tiro sopra la testa che penso fosse 50 cm sopra di me. Una bella squadra che dar\u00e0 del filo da torcere a tanti\u201d.<\/p>\n<p>Infine, una menzione al pubblico del PalaCalafiore.<\/p>\n<p>\u201cQualche fischio ci poteva stare, avevamo fatto una palla persa molto banale in chiusura di primo tempo. Siamo professionisti, prendiamo oltre agli applausi anche i fischi. Poi quando la partita si \u00e8 accesa nel terzo e quarto periodo, sono \u2018entrati in campo\u2019 anche i tifosi e ci hanno dato una grossa mano per raggiungere la vittoria\u201d.<\/p>\n<p>La Redel ora guarda gi\u00e0 alla prossima trasferta: \u201cSi va a Barcellona col coltello tra i denti\u201d, conclude Marini, pronta per le prossime battaglie in un campionato che non\u00a0concede\u00a0sconti.<\/p>\n","protected":false},"excerpt":{"rendered":"<p>Una vittoria sofferta, ma che vale doppio dopo una settimana complicata. Leonardo Marini, centro della Redel Reggio Calabria, commenta cos\u00ec la vittoria della sua squadra contro la Virtus Molfetta. \u201c\u00c8&hellip;<\/p>\n","protected":false},"author":5,"featured_media":83527,"comment_status":"closed","ping_status":"open","sticky":false,"template":"","format":"standard","meta":{"_jetpack_memberships_contains_paid_content":false,"footnotes":"","jetpack_publicize_message":"","jetpack_publicize_feature_enabled":true,"jetpack_social_post_already_shared":true,"jetpack_social_options":{"image_generator_settings":{"template":"highway","default_image_id":0,"font":"","enabled":false},"version":2}},"categories":[196,140,144],"tags":[46735,34365,48126,29323],"class_list":["post-83526","post","type-post","status-publish","format-standard","has-post-thumbnail","hentry","category-news","category-reggio-calabria","category-sport","tag-leonardo-marini","tag-redel-viola","tag-risposta-importante-da-parte-del-gruppo","tag-virtus-molfetta"],"yoast_head":"<!-- This site is optimized with the Yoast SEO plugin v27.2 - https:\/\/yoast.com\/product\/yoast-seo-wordpress\/ -->\n<title>Redel Viola, Marini: \u201cRisposta importante da parte del Gruppo\u201d<\/title>\n<meta name=\"description\" content=\"Ecco le dichiarazioni del centro neroarancio dopo la sofferta vittoria del suo roster contro la Virtus Molfetta\" \/>\n<meta name=\"robots\" content=\"index, follow, max-snippet:-1, max-image-preview:large, max-video-preview:-1\" \/>\n<link rel=\"canonical\" href=\"https:\/\/progettotouring.it\/radiotouring104\/2025\/10\/08\/redel-viola-marini-risposta-importante-da-parte-del-gruppo\/\" \/>\n<meta property=\"og:locale\" content=\"it_IT\" \/>\n<meta property=\"og:type\" content=\"article\" \/>\n<meta property=\"og:title\" content=\"Redel Viola, Marini: \u201cRisposta importante da parte del Gruppo\u201d\" \/>\n<meta property=\"og:description\" content=\"Ecco le dichiarazioni del centro neroarancio dopo la sofferta vittoria del suo roster contro la Virtus Molfetta\" \/>\n<meta property=\"og:url\" content=\"https:\/\/progettotouring.it\/radiotouring104\/2025\/10\/08\/redel-viola-marini-risposta-importante-da-parte-del-gruppo\/\" \/>\n<meta property=\"og:site_name\" content=\"Radio Touring 104\" \/>\n<meta property=\"article:published_time\" content=\"2025-10-08T07:54:21+00:00\" \/>\n<meta property=\"article:modified_time\" content=\"2025-10-08T08:44:19+00:00\" \/>\n<meta property=\"og:image\" content=\"https:\/\/progettotouring.it\/radiotouring104\/wp-content\/uploads\/sites\/6\/2025\/10\/Leonardo-Marini-Redel-Viola.jpg\" \/>\n\t<meta property=\"og:image:width\" content=\"1200\" \/>\n\t<meta property=\"og:image:height\" content=\"782\" \/>\n\t<meta property=\"og:image:type\" content=\"image\/jpeg\" \/>\n<meta name=\"author\" content=\"redazione\" \/>\n<meta name=\"twitter:card\" content=\"summary_large_image\" \/>\n<meta name=\"twitter:label1\" content=\"Scritto da\" \/>\n\t<meta name=\"twitter:data1\" content=\"redazione\" \/>\n\t<meta name=\"twitter:label2\" content=\"Tempo di lettura stimato\" \/>\n\t<meta name=\"twitter:data2\" content=\"2 minuti\" \/>\n<script type=\"application\/ld+json\" class=\"yoast-schema-graph\">{\"@context\":\"https:\/\/schema.org\",\"@graph\":[{\"@type\":\"Article\",\"@id\":\"https:\/\/progettotouring.it\/radiotouring104\/2025\/10\/08\/redel-viola-marini-risposta-importante-da-parte-del-gruppo\/#article\",\"isPartOf\":{\"@id\":\"https:\/\/progettotouring.it\/radiotouring104\/2025\/10\/08\/redel-viola-marini-risposta-importante-da-parte-del-gruppo\/\"},\"author\":{\"name\":\"redazione\",\"@id\":\"https:\/\/progettotouring.it\/radiotouring104\/#\/schema\/person\/1b3eb3c07c47136bc44c785c543e635f\"},\"headline\":\"Redel Viola, Marini: \u201cRisposta importante da parte del Gruppo\u201d\",\"datePublished\":\"2025-10-08T07:54:21+00:00\",\"dateModified\":\"2025-10-08T08:44:19+00:00\",\"mainEntityOfPage\":{\"@id\":\"https:\/\/progettotouring.it\/radiotouring104\/2025\/10\/08\/redel-viola-marini-risposta-importante-da-parte-del-gruppo\/\"},\"wordCount\":352,\"publisher\":{\"@id\":\"https:\/\/progettotouring.it\/radiotouring104\/#organization\"},\"image\":{\"@id\":\"https:\/\/progettotouring.it\/radiotouring104\/2025\/10\/08\/redel-viola-marini-risposta-importante-da-parte-del-gruppo\/#primaryimage\"},\"thumbnailUrl\":\"https:\/\/progettotouring.it\/radiotouring104\/wp-content\/uploads\/sites\/6\/2025\/10\/Leonardo-Marini-Redel-Viola.jpg\",\"keywords\":[\"Leonardo Marini\",\"Redel Viola\",\"Risposta importante da parte del Gruppo\",\"Virtus Molfetta\"],\"articleSection\":[\"News\",\"Reggio Calabria\",\"Sport\"],\"inLanguage\":\"it-IT\"},{\"@type\":\"WebPage\",\"@id\":\"https:\/\/progettotouring.it\/radiotouring104\/2025\/10\/08\/redel-viola-marini-risposta-importante-da-parte-del-gruppo\/\",\"url\":\"https:\/\/progettotouring.it\/radiotouring104\/2025\/10\/08\/redel-viola-marini-risposta-importante-da-parte-del-gruppo\/\",\"name\":\"Redel Viola, Marini: \u201cRisposta importante da parte del Gruppo\u201d\",\"isPartOf\":{\"@id\":\"https:\/\/progettotouring.it\/radiotouring104\/#website\"},\"primaryImageOfPage\":{\"@id\":\"https:\/\/progettotouring.it\/radiotouring104\/2025\/10\/08\/redel-viola-marini-risposta-importante-da-parte-del-gruppo\/#primaryimage\"},\"image\":{\"@id\":\"https:\/\/progettotouring.it\/radiotouring104\/2025\/10\/08\/redel-viola-marini-risposta-importante-da-parte-del-gruppo\/#primaryimage\"},\"thumbnailUrl\":\"https:\/\/progettotouring.it\/radiotouring104\/wp-content\/uploads\/sites\/6\/2025\/10\/Leonardo-Marini-Redel-Viola.jpg\",\"datePublished\":\"2025-10-08T07:54:21+00:00\",\"dateModified\":\"2025-10-08T08:44:19+00:00\",\"description\":\"Ecco le dichiarazioni del centro neroarancio dopo la sofferta vittoria del suo roster contro la Virtus Molfetta\",\"breadcrumb\":{\"@id\":\"https:\/\/progettotouring.it\/radiotouring104\/2025\/10\/08\/redel-viola-marini-risposta-importante-da-parte-del-gruppo\/#breadcrumb\"},\"inLanguage\":\"it-IT\",\"potentialAction\":[{\"@type\":\"ReadAction\",\"target\":[\"https:\/\/progettotouring.it\/radiotouring104\/2025\/10\/08\/redel-viola-marini-risposta-importante-da-parte-del-gruppo\/\"]}]},{\"@type\":\"ImageObject\",\"inLanguage\":\"it-IT\",\"@id\":\"https:\/\/progettotouring.it\/radiotouring104\/2025\/10\/08\/redel-viola-marini-risposta-importante-da-parte-del-gruppo\/#primaryimage\",\"url\":\"https:\/\/progettotouring.it\/radiotouring104\/wp-content\/uploads\/sites\/6\/2025\/10\/Leonardo-Marini-Redel-Viola.jpg\",\"contentUrl\":\"https:\/\/progettotouring.it\/radiotouring104\/wp-content\/uploads\/sites\/6\/2025\/10\/Leonardo-Marini-Redel-Viola.jpg\",\"width\":1200,\"height\":782},{\"@type\":\"BreadcrumbList\",\"@id\":\"https:\/\/progettotouring.it\/radiotouring104\/2025\/10\/08\/redel-viola-marini-risposta-importante-da-parte-del-gruppo\/#breadcrumb\",\"itemListElement\":[{\"@type\":\"ListItem\",\"position\":1,\"name\":\"Home\",\"item\":\"https:\/\/progettotouring.it\/radiotouring104\/\"},{\"@type\":\"ListItem\",\"position\":2,\"name\":\"Redel Viola, Marini: \u201cRisposta importante da parte del Gruppo\u201d\"}]},{\"@type\":\"WebSite\",\"@id\":\"https:\/\/progettotouring.it\/radiotouring104\/#website\",\"url\":\"https:\/\/progettotouring.it\/radiotouring104\/\",\"name\":\"Radio Touring 104\",\"description\":\"La prima radio Reggina\",\"publisher\":{\"@id\":\"https:\/\/progettotouring.it\/radiotouring104\/#organization\"},\"potentialAction\":[{\"@type\":\"SearchAction\",\"target\":{\"@type\":\"EntryPoint\",\"urlTemplate\":\"https:\/\/progettotouring.it\/radiotouring104\/?s={search_term_string}\"},\"query-input\":{\"@type\":\"PropertyValueSpecification\",\"valueRequired\":true,\"valueName\":\"search_term_string\"}}],\"inLanguage\":\"it-IT\"},{\"@type\":\"Organization\",\"@id\":\"https:\/\/progettotouring.it\/radiotouring104\/#organization\",\"name\":\"Radio Touring 104\",\"url\":\"https:\/\/progettotouring.it\/radiotouring104\/\",\"logo\":{\"@type\":\"ImageObject\",\"inLanguage\":\"it-IT\",\"@id\":\"https:\/\/progettotouring.it\/radiotouring104\/#\/schema\/logo\/image\/\",\"url\":\"https:\/\/progettotouring.it\/radiotouring104\/wp-content\/uploads\/sites\/6\/2022\/02\/cropped-logo-radio-touring-104.png\",\"contentUrl\":\"https:\/\/progettotouring.it\/radiotouring104\/wp-content\/uploads\/sites\/6\/2022\/02\/cropped-logo-radio-touring-104.png\",\"width\":377,\"height\":182,\"caption\":\"Radio Touring 104\"},\"image\":{\"@id\":\"https:\/\/progettotouring.it\/radiotouring104\/#\/schema\/logo\/image\/\"}},{\"@type\":\"Person\",\"@id\":\"https:\/\/progettotouring.it\/radiotouring104\/#\/schema\/person\/1b3eb3c07c47136bc44c785c543e635f\",\"name\":\"redazione\",\"image\":{\"@type\":\"ImageObject\",\"inLanguage\":\"it-IT\",\"@id\":\"https:\/\/secure.gravatar.com\/avatar\/0b31605b49f100769e8b624b3e05de1b73e1692e9568a352f60f53fd072e6e11?s=96&d=mm&r=g\",\"url\":\"https:\/\/secure.gravatar.com\/avatar\/0b31605b49f100769e8b624b3e05de1b73e1692e9568a352f60f53fd072e6e11?s=96&d=mm&r=g\",\"contentUrl\":\"https:\/\/secure.gravatar.com\/avatar\/0b31605b49f100769e8b624b3e05de1b73e1692e9568a352f60f53fd072e6e11?s=96&d=mm&r=g\",\"caption\":\"redazione\"},\"url\":\"https:\/\/progettotouring.it\/radiotouring104\/author\/redazione\/\"}]}<\/script>\n<!-- \/ Yoast SEO plugin. -->","yoast_head_json":{"title":"Redel Viola, Marini: \u201cRisposta importante da parte del Gruppo\u201d","description":"Ecco le dichiarazioni del centro neroarancio dopo la sofferta vittoria del suo roster contro la Virtus Molfetta","robots":{"index":"index","follow":"follow","max-snippet":"max-snippet:-1","max-image-preview":"max-image-preview:large","max-video-preview":"max-video-preview:-1"},"canonical":"https:\/\/progettotouring.it\/radiotouring104\/2025\/10\/08\/redel-viola-marini-risposta-importante-da-parte-del-gruppo\/","og_locale":"it_IT","og_type":"article","og_title":"Redel Viola, Marini: \u201cRisposta importante da parte del Gruppo\u201d","og_description":"Ecco le dichiarazioni del centro neroarancio dopo la sofferta vittoria del suo roster contro la Virtus Molfetta","og_url":"https:\/\/progettotouring.it\/radiotouring104\/2025\/10\/08\/redel-viola-marini-risposta-importante-da-parte-del-gruppo\/","og_site_name":"Radio Touring 104","article_published_time":"2025-10-08T07:54:21+00:00","article_modified_time":"2025-10-08T08:44:19+00:00","og_image":[{"width":1200,"height":782,"url":"https:\/\/progettotouring.it\/radiotouring104\/wp-content\/uploads\/sites\/6\/2025\/10\/Leonardo-Marini-Redel-Viola.jpg","type":"image\/jpeg"}],"author":"redazione","twitter_card":"summary_large_image","twitter_misc":{"Scritto da":"redazione","Tempo di lettura stimato":"2 minuti"},"schema":{"@context":"https:\/\/schema.org","@graph":[{"@type":"Article","@id":"https:\/\/progettotouring.it\/radiotouring104\/2025\/10\/08\/redel-viola-marini-risposta-importante-da-parte-del-gruppo\/#article","isPartOf":{"@id":"https:\/\/progettotouring.it\/radiotouring104\/2025\/10\/08\/redel-viola-marini-risposta-importante-da-parte-del-gruppo\/"},"author":{"name":"redazione","@id":"https:\/\/progettotouring.it\/radiotouring104\/#\/schema\/person\/1b3eb3c07c47136bc44c785c543e635f"},"headline":"Redel Viola, Marini: \u201cRisposta importante da parte del Gruppo\u201d","datePublished":"2025-10-08T07:54:21+00:00","dateModified":"2025-10-08T08:44:19+00:00","mainEntityOfPage":{"@id":"https:\/\/progettotouring.it\/radiotouring104\/2025\/10\/08\/redel-viola-marini-risposta-importante-da-parte-del-gruppo\/"},"wordCount":352,"publisher":{"@id":"https:\/\/progettotouring.it\/radiotouring104\/#organization"},"image":{"@id":"https:\/\/progettotouring.it\/radiotouring104\/2025\/10\/08\/redel-viola-marini-risposta-importante-da-parte-del-gruppo\/#primaryimage"},"thumbnailUrl":"https:\/\/progettotouring.it\/radiotouring104\/wp-content\/uploads\/sites\/6\/2025\/10\/Leonardo-Marini-Redel-Viola.jpg","keywords":["Leonardo Marini","Redel Viola","Risposta importante da parte del Gruppo","Virtus Molfetta"],"articleSection":["News","Reggio Calabria","Sport"],"inLanguage":"it-IT"},{"@type":"WebPage","@id":"https:\/\/progettotouring.it\/radiotouring104\/2025\/10\/08\/redel-viola-marini-risposta-importante-da-parte-del-gruppo\/","url":"https:\/\/progettotouring.it\/radiotouring104\/2025\/10\/08\/redel-viola-marini-risposta-importante-da-parte-del-gruppo\/","name":"Redel Viola, Marini: \u201cRisposta importante da parte del Gruppo\u201d","isPartOf":{"@id":"https:\/\/progettotouring.it\/radiotouring104\/#website"},"primaryImageOfPage":{"@id":"https:\/\/progettotouring.it\/radiotouring104\/2025\/10\/08\/redel-viola-marini-risposta-importante-da-parte-del-gruppo\/#primaryimage"},"image":{"@id":"https:\/\/progettotouring.it\/radiotouring104\/2025\/10\/08\/redel-viola-marini-risposta-importante-da-parte-del-gruppo\/#primaryimage"},"thumbnailUrl":"https:\/\/progettotouring.it\/radiotouring104\/wp-content\/uploads\/sites\/6\/2025\/10\/Leonardo-Marini-Redel-Viola.jpg","datePublished":"2025-10-08T07:54:21+00:00","dateModified":"2025-10-08T08:44:19+00:00","description":"Ecco le dichiarazioni del centro neroarancio dopo la sofferta vittoria del suo roster contro la Virtus Molfetta","breadcrumb":{"@id":"https:\/\/progettotouring.it\/radiotouring104\/2025\/10\/08\/redel-viola-marini-risposta-importante-da-parte-del-gruppo\/#breadcrumb"},"inLanguage":"it-IT","potentialAction":[{"@type":"ReadAction","target":["https:\/\/progettotouring.it\/radiotouring104\/2025\/10\/08\/redel-viola-marini-risposta-importante-da-parte-del-gruppo\/"]}]},{"@type":"ImageObject","inLanguage":"it-IT","@id":"https:\/\/progettotouring.it\/radiotouring104\/2025\/10\/08\/redel-viola-marini-risposta-importante-da-parte-del-gruppo\/#primaryimage","url":"https:\/\/progettotouring.it\/radiotouring104\/wp-content\/uploads\/sites\/6\/2025\/10\/Leonardo-Marini-Redel-Viola.jpg","contentUrl":"https:\/\/progettotouring.it\/radiotouring104\/wp-content\/uploads\/sites\/6\/2025\/10\/Leonardo-Marini-Redel-Viola.jpg","width":1200,"height":782},{"@type":"BreadcrumbList","@id":"https:\/\/progettotouring.it\/radiotouring104\/2025\/10\/08\/redel-viola-marini-risposta-importante-da-parte-del-gruppo\/#breadcrumb","itemListElement":[{"@type":"ListItem","position":1,"name":"Home","item":"https:\/\/progettotouring.it\/radiotouring104\/"},{"@type":"ListItem","position":2,"name":"Redel Viola, Marini: \u201cRisposta importante da parte del Gruppo\u201d"}]},{"@type":"WebSite","@id":"https:\/\/progettotouring.it\/radiotouring104\/#website","url":"https:\/\/progettotouring.it\/radiotouring104\/","name":"Radio Touring 104","description":"La prima radio Reggina","publisher":{"@id":"https:\/\/progettotouring.it\/radiotouring104\/#organization"},"potentialAction":[{"@type":"SearchAction","target":{"@type":"EntryPoint","urlTemplate":"https:\/\/progettotouring.it\/radiotouring104\/?s={search_term_string}"},"query-input":{"@type":"PropertyValueSpecification","valueRequired":true,"valueName":"search_term_string"}}],"inLanguage":"it-IT"},{"@type":"Organization","@id":"https:\/\/progettotouring.it\/radiotouring104\/#organization","name":"Radio Touring 104","url":"https:\/\/progettotouring.it\/radiotouring104\/","logo":{"@type":"ImageObject","inLanguage":"it-IT","@id":"https:\/\/progettotouring.it\/radiotouring104\/#\/schema\/logo\/image\/","url":"https:\/\/progettotouring.it\/radiotouring104\/wp-content\/uploads\/sites\/6\/2022\/02\/cropped-logo-radio-touring-104.png","contentUrl":"https:\/\/progettotouring.it\/radiotouring104\/wp-content\/uploads\/sites\/6\/2022\/02\/cropped-logo-radio-touring-104.png","width":377,"height":182,"caption":"Radio Touring 104"},"image":{"@id":"https:\/\/progettotouring.it\/radiotouring104\/#\/schema\/logo\/image\/"}},{"@type":"Person","@id":"https:\/\/progettotouring.it\/radiotouring104\/#\/schema\/person\/1b3eb3c07c47136bc44c785c543e635f","name":"redazione","image":{"@type":"ImageObject","inLanguage":"it-IT","@id":"https:\/\/secure.gravatar.com\/avatar\/0b31605b49f100769e8b624b3e05de1b73e1692e9568a352f60f53fd072e6e11?s=96&d=mm&r=g","url":"https:\/\/secure.gravatar.com\/avatar\/0b31605b49f100769e8b624b3e05de1b73e1692e9568a352f60f53fd072e6e11?s=96&d=mm&r=g","contentUrl":"https:\/\/secure.gravatar.com\/avatar\/0b31605b49f100769e8b624b3e05de1b73e1692e9568a352f60f53fd072e6e11?s=96&d=mm&r=g","caption":"redazione"},"url":"https:\/\/progettotouring.it\/radiotouring104\/author\/redazione\/"}]}},"jetpack_publicize_connections":[],"jetpack_featured_media_url":"https:\/\/progettotouring.it\/radiotouring104\/wp-content\/uploads\/sites\/6\/2025\/10\/Leonardo-Marini-Redel-Viola.jpg","jetpack_sharing_enabled":true,"_links":{"self":[{"href":"https:\/\/progettotouring.it\/radiotouring104\/wp-json\/wp\/v2\/posts\/83526","targetHints":{"allow":["GET"]}}],"collection":[{"href":"https:\/\/progettotouring.it\/radiotouring104\/wp-json\/wp\/v2\/posts"}],"about":[{"href":"https:\/\/progettotouring.it\/radiotouring104\/wp-json\/wp\/v2\/types\/post"}],"author":[{"embeddable":true,"href":"https:\/\/progettotouring.it\/radiotouring104\/wp-json\/wp\/v2\/users\/5"}],"replies":[{"embeddable":true,"href":"https:\/\/progettotouring.it\/radiotouring104\/wp-json\/wp\/v2\/comments?post=83526"}],"version-history":[{"count":1,"href":"https:\/\/progettotouring.it\/radiotouring104\/wp-json\/wp\/v2\/posts\/83526\/revisions"}],"predecessor-version":[{"id":83528,"href":"https:\/\/progettotouring.it\/radiotouring104\/wp-json\/wp\/v2\/posts\/83526\/revisions\/83528"}],"wp:featuredmedia":[{"embeddable":true,"href":"https:\/\/progettotouring.it\/radiotouring104\/wp-json\/wp\/v2\/media\/83527"}],"wp:attachment":[{"href":"https:\/\/progettotouring.it\/radiotouring104\/wp-json\/wp\/v2\/media?parent=83526"}],"wp:term":[{"taxonomy":"category","embeddable":true,"href":"https:\/\/progettotouring.it\/radiotouring104\/wp-json\/wp\/v2\/categories?post=83526"},{"taxonomy":"post_tag","embeddable":true,"href":"https:\/\/progettotouring.it\/radiotouring104\/wp-json\/wp\/v2\/tags?post=83526"}],"curies":[{"name":"wp","href":"https:\/\/api.w.org\/{rel}","templated":true}]}}