{"id":83529,"date":"2025-10-08T10:04:04","date_gmt":"2025-10-08T08:04:04","guid":{"rendered":"https:\/\/progettotouring.it\/radiotouring104\/?p=83529"},"modified":"2025-10-08T10:44:24","modified_gmt":"2025-10-08T08:44:24","slug":"regionali-mazzaferro-esulta-per-il-risultato-di-forza-italia-e-guarda-alle-prossime-comunali","status":"publish","type":"post","link":"https:\/\/progettotouring.it\/radiotouring104\/2025\/10\/08\/regionali-mazzaferro-esulta-per-il-risultato-di-forza-italia-e-guarda-alle-prossime-comunali\/","title":{"rendered":"Regionali: Mazzaferro esulta per il risultato di Forza Italia e guarda alle prossime comunali"},"content":{"rendered":"<p>La tornata elettorale regionale ha restituito a Gioiosa Ionica un segnale politico di forte chiarezza e crescita. A prendere la parola \u00e8 il Capogruppo comunale di Gioiosa Ionica, Segretario di Forza Italia e dirigente provinciale del Partito guidato dal Vicepremier Antonio Tajani, Vincenzo Mazzaferro, che commenta con grande soddisfazione i risultati ottenuti dalla formazione azzurra.<\/p>\n<p>\u00abCome Forza Italia \u2013 sottolinea Mazzaferro &#8211; siamo estremamente orgogliosi di aver raggiunto un risultato che supera ogni aspettativa nella nostra citt\u00e0, attestandoci al 18,68% dei voti, con ben 551 preferenze totali. Questo successo \u00e8 la diretta conseguenza di un ottimo lavoro di squadra svolto dalla segreteria locale, che ho l&#8217;onore di coordinare insieme ai Consiglieri comunali Marcella Agrippo e Fabio Mesiti, in prima linea per promuovere il partito e il suo programma sul territorio. Il nostro impegno non si \u00e8 limitato alla campagna elettorale, ma \u00e8 un&#8217;azione costante e capillare, volta ad ascoltare e dare risposte concrete alla nostra comunit\u00e0\u00bb.<\/p>\n<p>Mazzaferro sottolinea inoltre l&#8217;importante risultato della coalizione a sostegno del Presidente: \u00abIl Centrodestra a Gioiosa Ionica si attesta in modo netto a favore di Roberto Occhiuto con un 57,30% dei consensi. Si tratta di un dato politico fondamentale e non casuale che, in ottica prossime elezioni comunali, ci fornisce la rotta da seguire. Un Centrodestra che sappia rimanere compatto e unito ha tutte le carte in regola per ambire tranquillamente a un risultato positivo, con un progetto amministrativo forte e strutturato proprio intorno alla figura chiara e autorevole di Roberto Occhiuto, riferimento ormai indiscusso di buon governo in Calabria.\u00a0\u00a0 E\u2019 evidente anche il dato che evidenzia le 400 preferenze al Dott. Domenico Giannetta, candidato noto per le sue competenze\u00bb.<\/p>\n<p>\u00abIl mio ringraziamento pi\u00f9 sincero &#8211; conclude Mazzaferro, dirigente provinciale di Forza Italia &#8211; va al Segretario Regionale Francesco Cannizzaro, sempre presente sul territorio. Grazie ai colleghi amministratori, a tutti i cittadini e ai simpatizzanti che con il loro voto e il loro contributo attivo hanno reso possibile questo traguardo straordinario. Il risultato non solo supera le nostre aspettative, ma pone chiaramente le basi per costruire il futuro di Gioiosa Ionica, un futuro in cui Forza Italia sar\u00e0 sicuramente parte integrante con le sue proposte, i suoi valori liberali e la sua grande energia propositiva\u00bb.<\/p>\n","protected":false},"excerpt":{"rendered":"<p>La tornata elettorale regionale ha restituito a Gioiosa Ionica un segnale politico di forte chiarezza e crescita. A prendere la parola \u00e8 il Capogruppo comunale di Gioiosa Ionica, Segretario di&hellip;<\/p>\n","protected":false},"author":5,"featured_media":83530,"comment_status":"closed","ping_status":"open","sticky":false,"template":"","format":"standard","meta":{"_jetpack_memberships_contains_paid_content":false,"footnotes":"","jetpack_publicize_message":"","jetpack_publicize_feature_enabled":true,"jetpack_social_post_already_shared":true,"jetpack_social_options":{"image_generator_settings":{"template":"highway","default_image_id":0,"font":"","enabled":false},"version":2}},"categories":[921,196,140],"tags":[48128,37292,1514,48127,3464,48129],"class_list":["post-83529","post","type-post","status-publish","format-standard","has-post-thumbnail","hentry","category-home","category-news","category-reggio-calabria","tag-48128","tag-consisgliere-mazzaferro","tag-forza-italia","tag-forza-italia-al-18","tag-gioiosa-jonica","tag-risultato-che-pone-le-basi-per-le-prossime-comunali"],"yoast_head":"<!-- This site is optimized with the Yoast SEO plugin v27.2 - https:\/\/yoast.com\/product\/yoast-seo-wordpress\/ -->\n<title>Regionali: Mazzaferro esulta per il risultato di FI<\/title>\n<meta name=\"description\" content=\"&quot;Forza Italia al 18,68%. Un risultato che pone le basi per le prossime Comunali&quot;, dichiara il coordinatore di Forza Italia di Gioiosa Jonica\" \/>\n<meta name=\"robots\" content=\"index, follow, max-snippet:-1, max-image-preview:large, max-video-preview:-1\" \/>\n<link rel=\"canonical\" href=\"https:\/\/progettotouring.it\/radiotouring104\/2025\/10\/08\/regionali-mazzaferro-esulta-per-il-risultato-di-forza-italia-e-guarda-alle-prossime-comunali\/\" \/>\n<meta property=\"og:locale\" content=\"it_IT\" \/>\n<meta property=\"og:type\" content=\"article\" \/>\n<meta property=\"og:title\" content=\"Regionali: Mazzaferro esulta per il risultato di FI\" \/>\n<meta property=\"og:description\" content=\"&quot;Forza Italia al 18,68%. Un risultato che pone le basi per le prossime Comunali&quot;, dichiara il coordinatore di Forza Italia di Gioiosa Jonica\" \/>\n<meta property=\"og:url\" content=\"https:\/\/progettotouring.it\/radiotouring104\/2025\/10\/08\/regionali-mazzaferro-esulta-per-il-risultato-di-forza-italia-e-guarda-alle-prossime-comunali\/\" \/>\n<meta property=\"og:site_name\" content=\"Radio Touring 104\" \/>\n<meta property=\"article:published_time\" content=\"2025-10-08T08:04:04+00:00\" \/>\n<meta property=\"article:modified_time\" content=\"2025-10-08T08:44:24+00:00\" \/>\n<meta property=\"og:image\" content=\"https:\/\/progettotouring.it\/radiotouring104\/wp-content\/uploads\/sites\/6\/2025\/10\/Vincenzo-Mazzaferro-Forza-Italia-.jpeg\" \/>\n\t<meta property=\"og:image:width\" content=\"900\" \/>\n\t<meta property=\"og:image:height\" content=\"1014\" \/>\n\t<meta property=\"og:image:type\" content=\"image\/jpeg\" \/>\n<meta name=\"author\" content=\"redazione\" \/>\n<meta name=\"twitter:card\" content=\"summary_large_image\" \/>\n<meta name=\"twitter:label1\" content=\"Scritto da\" \/>\n\t<meta name=\"twitter:data1\" content=\"redazione\" \/>\n\t<meta name=\"twitter:label2\" content=\"Tempo di lettura stimato\" \/>\n\t<meta name=\"twitter:data2\" content=\"2 minuti\" \/>\n<script type=\"application\/ld+json\" class=\"yoast-schema-graph\">{\"@context\":\"https:\/\/schema.org\",\"@graph\":[{\"@type\":\"Article\",\"@id\":\"https:\/\/progettotouring.it\/radiotouring104\/2025\/10\/08\/regionali-mazzaferro-esulta-per-il-risultato-di-forza-italia-e-guarda-alle-prossime-comunali\/#article\",\"isPartOf\":{\"@id\":\"https:\/\/progettotouring.it\/radiotouring104\/2025\/10\/08\/regionali-mazzaferro-esulta-per-il-risultato-di-forza-italia-e-guarda-alle-prossime-comunali\/\"},\"author\":{\"name\":\"redazione\",\"@id\":\"https:\/\/progettotouring.it\/radiotouring104\/#\/schema\/person\/1b3eb3c07c47136bc44c785c543e635f\"},\"headline\":\"Regionali: Mazzaferro esulta per il risultato di Forza Italia e guarda alle prossime comunali\",\"datePublished\":\"2025-10-08T08:04:04+00:00\",\"dateModified\":\"2025-10-08T08:44:24+00:00\",\"mainEntityOfPage\":{\"@id\":\"https:\/\/progettotouring.it\/radiotouring104\/2025\/10\/08\/regionali-mazzaferro-esulta-per-il-risultato-di-forza-italia-e-guarda-alle-prossime-comunali\/\"},\"wordCount\":375,\"publisher\":{\"@id\":\"https:\/\/progettotouring.it\/radiotouring104\/#organization\"},\"image\":{\"@id\":\"https:\/\/progettotouring.it\/radiotouring104\/2025\/10\/08\/regionali-mazzaferro-esulta-per-il-risultato-di-forza-italia-e-guarda-alle-prossime-comunali\/#primaryimage\"},\"thumbnailUrl\":\"https:\/\/progettotouring.it\/radiotouring104\/wp-content\/uploads\/sites\/6\/2025\/10\/Vincenzo-Mazzaferro-Forza-Italia-.jpeg\",\"keywords\":[\"68%\",\"Consisgliere Mazzaferro\",\"forza italia\",\"Forza Italia al 18\",\"gioiosa jonica\",\"risultato che pone le basi per le prossime Comunali\"],\"articleSection\":[\"Home\",\"News\",\"Reggio Calabria\"],\"inLanguage\":\"it-IT\"},{\"@type\":\"WebPage\",\"@id\":\"https:\/\/progettotouring.it\/radiotouring104\/2025\/10\/08\/regionali-mazzaferro-esulta-per-il-risultato-di-forza-italia-e-guarda-alle-prossime-comunali\/\",\"url\":\"https:\/\/progettotouring.it\/radiotouring104\/2025\/10\/08\/regionali-mazzaferro-esulta-per-il-risultato-di-forza-italia-e-guarda-alle-prossime-comunali\/\",\"name\":\"Regionali: Mazzaferro esulta per il risultato di FI\",\"isPartOf\":{\"@id\":\"https:\/\/progettotouring.it\/radiotouring104\/#website\"},\"primaryImageOfPage\":{\"@id\":\"https:\/\/progettotouring.it\/radiotouring104\/2025\/10\/08\/regionali-mazzaferro-esulta-per-il-risultato-di-forza-italia-e-guarda-alle-prossime-comunali\/#primaryimage\"},\"image\":{\"@id\":\"https:\/\/progettotouring.it\/radiotouring104\/2025\/10\/08\/regionali-mazzaferro-esulta-per-il-risultato-di-forza-italia-e-guarda-alle-prossime-comunali\/#primaryimage\"},\"thumbnailUrl\":\"https:\/\/progettotouring.it\/radiotouring104\/wp-content\/uploads\/sites\/6\/2025\/10\/Vincenzo-Mazzaferro-Forza-Italia-.jpeg\",\"datePublished\":\"2025-10-08T08:04:04+00:00\",\"dateModified\":\"2025-10-08T08:44:24+00:00\",\"description\":\"\\\"Forza Italia al 18,68%. Un risultato che pone le basi per le prossime Comunali\\\", dichiara il coordinatore di Forza Italia di Gioiosa Jonica\",\"breadcrumb\":{\"@id\":\"https:\/\/progettotouring.it\/radiotouring104\/2025\/10\/08\/regionali-mazzaferro-esulta-per-il-risultato-di-forza-italia-e-guarda-alle-prossime-comunali\/#breadcrumb\"},\"inLanguage\":\"it-IT\",\"potentialAction\":[{\"@type\":\"ReadAction\",\"target\":[\"https:\/\/progettotouring.it\/radiotouring104\/2025\/10\/08\/regionali-mazzaferro-esulta-per-il-risultato-di-forza-italia-e-guarda-alle-prossime-comunali\/\"]}]},{\"@type\":\"ImageObject\",\"inLanguage\":\"it-IT\",\"@id\":\"https:\/\/progettotouring.it\/radiotouring104\/2025\/10\/08\/regionali-mazzaferro-esulta-per-il-risultato-di-forza-italia-e-guarda-alle-prossime-comunali\/#primaryimage\",\"url\":\"https:\/\/progettotouring.it\/radiotouring104\/wp-content\/uploads\/sites\/6\/2025\/10\/Vincenzo-Mazzaferro-Forza-Italia-.jpeg\",\"contentUrl\":\"https:\/\/progettotouring.it\/radiotouring104\/wp-content\/uploads\/sites\/6\/2025\/10\/Vincenzo-Mazzaferro-Forza-Italia-.jpeg\",\"width\":900,\"height\":1014},{\"@type\":\"BreadcrumbList\",\"@id\":\"https:\/\/progettotouring.it\/radiotouring104\/2025\/10\/08\/regionali-mazzaferro-esulta-per-il-risultato-di-forza-italia-e-guarda-alle-prossime-comunali\/#breadcrumb\",\"itemListElement\":[{\"@type\":\"ListItem\",\"position\":1,\"name\":\"Home\",\"item\":\"https:\/\/progettotouring.it\/radiotouring104\/\"},{\"@type\":\"ListItem\",\"position\":2,\"name\":\"Regionali: Mazzaferro esulta per il risultato di Forza Italia e guarda alle prossime comunali\"}]},{\"@type\":\"WebSite\",\"@id\":\"https:\/\/progettotouring.it\/radiotouring104\/#website\",\"url\":\"https:\/\/progettotouring.it\/radiotouring104\/\",\"name\":\"Radio Touring 104\",\"description\":\"La prima radio Reggina\",\"publisher\":{\"@id\":\"https:\/\/progettotouring.it\/radiotouring104\/#organization\"},\"potentialAction\":[{\"@type\":\"SearchAction\",\"target\":{\"@type\":\"EntryPoint\",\"urlTemplate\":\"https:\/\/progettotouring.it\/radiotouring104\/?s={search_term_string}\"},\"query-input\":{\"@type\":\"PropertyValueSpecification\",\"valueRequired\":true,\"valueName\":\"search_term_string\"}}],\"inLanguage\":\"it-IT\"},{\"@type\":\"Organization\",\"@id\":\"https:\/\/progettotouring.it\/radiotouring104\/#organization\",\"name\":\"Radio Touring 104\",\"url\":\"https:\/\/progettotouring.it\/radiotouring104\/\",\"logo\":{\"@type\":\"ImageObject\",\"inLanguage\":\"it-IT\",\"@id\":\"https:\/\/progettotouring.it\/radiotouring104\/#\/schema\/logo\/image\/\",\"url\":\"https:\/\/progettotouring.it\/radiotouring104\/wp-content\/uploads\/sites\/6\/2022\/02\/cropped-logo-radio-touring-104.png\",\"contentUrl\":\"https:\/\/progettotouring.it\/radiotouring104\/wp-content\/uploads\/sites\/6\/2022\/02\/cropped-logo-radio-touring-104.png\",\"width\":377,\"height\":182,\"caption\":\"Radio Touring 104\"},\"image\":{\"@id\":\"https:\/\/progettotouring.it\/radiotouring104\/#\/schema\/logo\/image\/\"}},{\"@type\":\"Person\",\"@id\":\"https:\/\/progettotouring.it\/radiotouring104\/#\/schema\/person\/1b3eb3c07c47136bc44c785c543e635f\",\"name\":\"redazione\",\"image\":{\"@type\":\"ImageObject\",\"inLanguage\":\"it-IT\",\"@id\":\"https:\/\/secure.gravatar.com\/avatar\/0b31605b49f100769e8b624b3e05de1b73e1692e9568a352f60f53fd072e6e11?s=96&d=mm&r=g\",\"url\":\"https:\/\/secure.gravatar.com\/avatar\/0b31605b49f100769e8b624b3e05de1b73e1692e9568a352f60f53fd072e6e11?s=96&d=mm&r=g\",\"contentUrl\":\"https:\/\/secure.gravatar.com\/avatar\/0b31605b49f100769e8b624b3e05de1b73e1692e9568a352f60f53fd072e6e11?s=96&d=mm&r=g\",\"caption\":\"redazione\"},\"url\":\"https:\/\/progettotouring.it\/radiotouring104\/author\/redazione\/\"}]}<\/script>\n<!-- \/ Yoast SEO plugin. -->","yoast_head_json":{"title":"Regionali: Mazzaferro esulta per il risultato di FI","description":"\"Forza Italia al 18,68%. Un risultato che pone le basi per le prossime Comunali\", dichiara il coordinatore di Forza Italia di Gioiosa Jonica","robots":{"index":"index","follow":"follow","max-snippet":"max-snippet:-1","max-image-preview":"max-image-preview:large","max-video-preview":"max-video-preview:-1"},"canonical":"https:\/\/progettotouring.it\/radiotouring104\/2025\/10\/08\/regionali-mazzaferro-esulta-per-il-risultato-di-forza-italia-e-guarda-alle-prossime-comunali\/","og_locale":"it_IT","og_type":"article","og_title":"Regionali: Mazzaferro esulta per il risultato di FI","og_description":"\"Forza Italia al 18,68%. Un risultato che pone le basi per le prossime Comunali\", dichiara il coordinatore di Forza Italia di Gioiosa Jonica","og_url":"https:\/\/progettotouring.it\/radiotouring104\/2025\/10\/08\/regionali-mazzaferro-esulta-per-il-risultato-di-forza-italia-e-guarda-alle-prossime-comunali\/","og_site_name":"Radio Touring 104","article_published_time":"2025-10-08T08:04:04+00:00","article_modified_time":"2025-10-08T08:44:24+00:00","og_image":[{"width":900,"height":1014,"url":"https:\/\/progettotouring.it\/radiotouring104\/wp-content\/uploads\/sites\/6\/2025\/10\/Vincenzo-Mazzaferro-Forza-Italia-.jpeg","type":"image\/jpeg"}],"author":"redazione","twitter_card":"summary_large_image","twitter_misc":{"Scritto da":"redazione","Tempo di lettura stimato":"2 minuti"},"schema":{"@context":"https:\/\/schema.org","@graph":[{"@type":"Article","@id":"https:\/\/progettotouring.it\/radiotouring104\/2025\/10\/08\/regionali-mazzaferro-esulta-per-il-risultato-di-forza-italia-e-guarda-alle-prossime-comunali\/#article","isPartOf":{"@id":"https:\/\/progettotouring.it\/radiotouring104\/2025\/10\/08\/regionali-mazzaferro-esulta-per-il-risultato-di-forza-italia-e-guarda-alle-prossime-comunali\/"},"author":{"name":"redazione","@id":"https:\/\/progettotouring.it\/radiotouring104\/#\/schema\/person\/1b3eb3c07c47136bc44c785c543e635f"},"headline":"Regionali: Mazzaferro esulta per il risultato di Forza Italia e guarda alle prossime comunali","datePublished":"2025-10-08T08:04:04+00:00","dateModified":"2025-10-08T08:44:24+00:00","mainEntityOfPage":{"@id":"https:\/\/progettotouring.it\/radiotouring104\/2025\/10\/08\/regionali-mazzaferro-esulta-per-il-risultato-di-forza-italia-e-guarda-alle-prossime-comunali\/"},"wordCount":375,"publisher":{"@id":"https:\/\/progettotouring.it\/radiotouring104\/#organization"},"image":{"@id":"https:\/\/progettotouring.it\/radiotouring104\/2025\/10\/08\/regionali-mazzaferro-esulta-per-il-risultato-di-forza-italia-e-guarda-alle-prossime-comunali\/#primaryimage"},"thumbnailUrl":"https:\/\/progettotouring.it\/radiotouring104\/wp-content\/uploads\/sites\/6\/2025\/10\/Vincenzo-Mazzaferro-Forza-Italia-.jpeg","keywords":["68%","Consisgliere Mazzaferro","forza italia","Forza Italia al 18","gioiosa jonica","risultato che pone le basi per le prossime Comunali"],"articleSection":["Home","News","Reggio Calabria"],"inLanguage":"it-IT"},{"@type":"WebPage","@id":"https:\/\/progettotouring.it\/radiotouring104\/2025\/10\/08\/regionali-mazzaferro-esulta-per-il-risultato-di-forza-italia-e-guarda-alle-prossime-comunali\/","url":"https:\/\/progettotouring.it\/radiotouring104\/2025\/10\/08\/regionali-mazzaferro-esulta-per-il-risultato-di-forza-italia-e-guarda-alle-prossime-comunali\/","name":"Regionali: Mazzaferro esulta per il risultato di FI","isPartOf":{"@id":"https:\/\/progettotouring.it\/radiotouring104\/#website"},"primaryImageOfPage":{"@id":"https:\/\/progettotouring.it\/radiotouring104\/2025\/10\/08\/regionali-mazzaferro-esulta-per-il-risultato-di-forza-italia-e-guarda-alle-prossime-comunali\/#primaryimage"},"image":{"@id":"https:\/\/progettotouring.it\/radiotouring104\/2025\/10\/08\/regionali-mazzaferro-esulta-per-il-risultato-di-forza-italia-e-guarda-alle-prossime-comunali\/#primaryimage"},"thumbnailUrl":"https:\/\/progettotouring.it\/radiotouring104\/wp-content\/uploads\/sites\/6\/2025\/10\/Vincenzo-Mazzaferro-Forza-Italia-.jpeg","datePublished":"2025-10-08T08:04:04+00:00","dateModified":"2025-10-08T08:44:24+00:00","description":"\"Forza Italia al 18,68%. Un risultato che pone le basi per le prossime Comunali\", dichiara il coordinatore di Forza Italia di Gioiosa Jonica","breadcrumb":{"@id":"https:\/\/progettotouring.it\/radiotouring104\/2025\/10\/08\/regionali-mazzaferro-esulta-per-il-risultato-di-forza-italia-e-guarda-alle-prossime-comunali\/#breadcrumb"},"inLanguage":"it-IT","potentialAction":[{"@type":"ReadAction","target":["https:\/\/progettotouring.it\/radiotouring104\/2025\/10\/08\/regionali-mazzaferro-esulta-per-il-risultato-di-forza-italia-e-guarda-alle-prossime-comunali\/"]}]},{"@type":"ImageObject","inLanguage":"it-IT","@id":"https:\/\/progettotouring.it\/radiotouring104\/2025\/10\/08\/regionali-mazzaferro-esulta-per-il-risultato-di-forza-italia-e-guarda-alle-prossime-comunali\/#primaryimage","url":"https:\/\/progettotouring.it\/radiotouring104\/wp-content\/uploads\/sites\/6\/2025\/10\/Vincenzo-Mazzaferro-Forza-Italia-.jpeg","contentUrl":"https:\/\/progettotouring.it\/radiotouring104\/wp-content\/uploads\/sites\/6\/2025\/10\/Vincenzo-Mazzaferro-Forza-Italia-.jpeg","width":900,"height":1014},{"@type":"BreadcrumbList","@id":"https:\/\/progettotouring.it\/radiotouring104\/2025\/10\/08\/regionali-mazzaferro-esulta-per-il-risultato-di-forza-italia-e-guarda-alle-prossime-comunali\/#breadcrumb","itemListElement":[{"@type":"ListItem","position":1,"name":"Home","item":"https:\/\/progettotouring.it\/radiotouring104\/"},{"@type":"ListItem","position":2,"name":"Regionali: Mazzaferro esulta per il risultato di Forza Italia e guarda alle prossime comunali"}]},{"@type":"WebSite","@id":"https:\/\/progettotouring.it\/radiotouring104\/#website","url":"https:\/\/progettotouring.it\/radiotouring104\/","name":"Radio Touring 104","description":"La prima radio Reggina","publisher":{"@id":"https:\/\/progettotouring.it\/radiotouring104\/#organization"},"potentialAction":[{"@type":"SearchAction","target":{"@type":"EntryPoint","urlTemplate":"https:\/\/progettotouring.it\/radiotouring104\/?s={search_term_string}"},"query-input":{"@type":"PropertyValueSpecification","valueRequired":true,"valueName":"search_term_string"}}],"inLanguage":"it-IT"},{"@type":"Organization","@id":"https:\/\/progettotouring.it\/radiotouring104\/#organization","name":"Radio Touring 104","url":"https:\/\/progettotouring.it\/radiotouring104\/","logo":{"@type":"ImageObject","inLanguage":"it-IT","@id":"https:\/\/progettotouring.it\/radiotouring104\/#\/schema\/logo\/image\/","url":"https:\/\/progettotouring.it\/radiotouring104\/wp-content\/uploads\/sites\/6\/2022\/02\/cropped-logo-radio-touring-104.png","contentUrl":"https:\/\/progettotouring.it\/radiotouring104\/wp-content\/uploads\/sites\/6\/2022\/02\/cropped-logo-radio-touring-104.png","width":377,"height":182,"caption":"Radio Touring 104"},"image":{"@id":"https:\/\/progettotouring.it\/radiotouring104\/#\/schema\/logo\/image\/"}},{"@type":"Person","@id":"https:\/\/progettotouring.it\/radiotouring104\/#\/schema\/person\/1b3eb3c07c47136bc44c785c543e635f","name":"redazione","image":{"@type":"ImageObject","inLanguage":"it-IT","@id":"https:\/\/secure.gravatar.com\/avatar\/0b31605b49f100769e8b624b3e05de1b73e1692e9568a352f60f53fd072e6e11?s=96&d=mm&r=g","url":"https:\/\/secure.gravatar.com\/avatar\/0b31605b49f100769e8b624b3e05de1b73e1692e9568a352f60f53fd072e6e11?s=96&d=mm&r=g","contentUrl":"https:\/\/secure.gravatar.com\/avatar\/0b31605b49f100769e8b624b3e05de1b73e1692e9568a352f60f53fd072e6e11?s=96&d=mm&r=g","caption":"redazione"},"url":"https:\/\/progettotouring.it\/radiotouring104\/author\/redazione\/"}]}},"jetpack_publicize_connections":[],"jetpack_featured_media_url":"https:\/\/progettotouring.it\/radiotouring104\/wp-content\/uploads\/sites\/6\/2025\/10\/Vincenzo-Mazzaferro-Forza-Italia-.jpeg","jetpack_sharing_enabled":true,"_links":{"self":[{"href":"https:\/\/progettotouring.it\/radiotouring104\/wp-json\/wp\/v2\/posts\/83529","targetHints":{"allow":["GET"]}}],"collection":[{"href":"https:\/\/progettotouring.it\/radiotouring104\/wp-json\/wp\/v2\/posts"}],"about":[{"href":"https:\/\/progettotouring.it\/radiotouring104\/wp-json\/wp\/v2\/types\/post"}],"author":[{"embeddable":true,"href":"https:\/\/progettotouring.it\/radiotouring104\/wp-json\/wp\/v2\/users\/5"}],"replies":[{"embeddable":true,"href":"https:\/\/progettotouring.it\/radiotouring104\/wp-json\/wp\/v2\/comments?post=83529"}],"version-history":[{"count":1,"href":"https:\/\/progettotouring.it\/radiotouring104\/wp-json\/wp\/v2\/posts\/83529\/revisions"}],"predecessor-version":[{"id":83531,"href":"https:\/\/progettotouring.it\/radiotouring104\/wp-json\/wp\/v2\/posts\/83529\/revisions\/83531"}],"wp:featuredmedia":[{"embeddable":true,"href":"https:\/\/progettotouring.it\/radiotouring104\/wp-json\/wp\/v2\/media\/83530"}],"wp:attachment":[{"href":"https:\/\/progettotouring.it\/radiotouring104\/wp-json\/wp\/v2\/media?parent=83529"}],"wp:term":[{"taxonomy":"category","embeddable":true,"href":"https:\/\/progettotouring.it\/radiotouring104\/wp-json\/wp\/v2\/categories?post=83529"},{"taxonomy":"post_tag","embeddable":true,"href":"https:\/\/progettotouring.it\/radiotouring104\/wp-json\/wp\/v2\/tags?post=83529"}],"curies":[{"name":"wp","href":"https:\/\/api.w.org\/{rel}","templated":true}]}}