{"id":83548,"date":"2025-10-08T10:53:43","date_gmt":"2025-10-08T08:53:43","guid":{"rendered":"https:\/\/progettotouring.it\/radiotouring104\/?p=83548"},"modified":"2025-10-08T12:29:44","modified_gmt":"2025-10-08T10:29:44","slug":"elezioni-regionali-grande-soddisfazione-di-vizzari-per-il-risultato-di-forza-italia","status":"publish","type":"post","link":"https:\/\/progettotouring.it\/radiotouring104\/2025\/10\/08\/elezioni-regionali-grande-soddisfazione-di-vizzari-per-il-risultato-di-forza-italia\/","title":{"rendered":"Elezioni Regionali: grande soddisfazione di Vizzari per il risultato di Forza Italia"},"content":{"rendered":"<p>Tramite un comunicato stampa, il coordinatore dell\u2019Area dello Stretto di Forza Italia, Roberto Vizzari, commenta con grande soddisfazione gli esiti delle ultime consultazioni regionali.<\/p>\n<p>\u00abIl risultato ottenuto da Forza Italia in tutta l\u2019Area dello Stretto \u00e8 motivo di profondo orgoglio e soddisfazione. Siamo il primo partito in tutti i Comuni \u2014 Bagnara, Scilla, San Roberto, Campo Calabro, Villa San Giovanni, Fiumara, Sant\u2019Alessio, Santo Stefano,Laganadi, Motta, Cardeto, Calanna \u00a0\u2014 e anche nella citt\u00e0 di Reggio Calabria. \u00c8 un risultato straordinario, che premia il lavoro di squadra, l\u2019impegno costante dei nostri dirigenti e militanti, e la fiducia che i cittadini hanno voluto accordarci\u00bb.<\/p>\n<p>Lo dichiara Roberto Vizzari, coordinatore dell\u2019Area dello Stretto di Forza Italia, commentando gli esiti delle ultime consultazioni.<\/p>\n<p>\u00abQuesti numeri \u2014 prosegue Vizzari \u2014 dimostrano che Forza Italia \u00e8 un partito vivo, radicato, capace di interpretare le esigenze del territorio e di offrire risposte concrete. Abbiamo costruito un modello di presenza politica basato sull\u2019ascolto, sulla competenza e sulla seriet\u00e0. Il nostro successo \u00e8 il frutto di un percorso condiviso, che parte dalle comunit\u00e0 locali e guarda con fiducia al futuro\u00bb.<\/p>\n<p>Un ringraziamento particolare va al coordinatore regionale Francesco Cannizzaro, il cui instancabile lavoro, la visione politica e la capacit\u00e0 di unire hanno permesso a Forza Italia di crescere in tutto il territorio calabrese. La sua guida rappresenta un punto di riferimento solido e determinante per il nostro movimento.<\/p>\n<p>Parole di stima anche per il presidente della Regione Calabria, Roberto Occhiuto, a cui va un sincero augurio di buon lavoro e la rinnovata fiducia per la prosecuzione del suo mandato. La sua azione amministrativa, concreta ed efficace, continua a dare lustro alla Calabria e a rafforzare la credibilit\u00e0 delle istituzioni regionali.<\/p>\n<p>\u00abRingrazio di cuore \u2014 conclude Vizzari \u2014 tutti coloro che hanno creduto in noi: amministratori, giovani, simpatizzanti e cittadini. Continueremo a lavorare con ancora pi\u00f9 determinazione per rappresentare e valorizzare le istanze dell\u2019Area dello Stretto all\u2019interno di Forza Italia e nelle istituzioni\u00bb.<\/p>\n","protected":false},"excerpt":{"rendered":"<p>Tramite un comunicato stampa, il coordinatore dell\u2019Area dello Stretto di Forza Italia, Roberto Vizzari, commenta con grande soddisfazione gli esiti delle ultime consultazioni regionali. \u00abIl risultato ottenuto da Forza Italia&hellip;<\/p>\n","protected":false},"author":12,"featured_media":73643,"comment_status":"closed","ping_status":"open","sticky":false,"template":"","format":"standard","meta":{"_jetpack_memberships_contains_paid_content":false,"footnotes":"","jetpack_publicize_message":"","jetpack_publicize_feature_enabled":true,"jetpack_social_post_already_shared":true,"jetpack_social_options":{"image_generator_settings":{"template":"highway","default_image_id":0,"font":"","enabled":false},"version":2}},"categories":[921,150,196,140],"tags":[48136,46972,48137,3234],"class_list":["post-83548","post","type-post","status-publish","format-standard","has-post-thumbnail","hentry","category-home","category-in-primo-piano","category-news","category-reggio-calabria","tag-area-dello-stretto-di-forza-italia","tag-elezioni-regionali-calabria","tag-grande-soddisfazione","tag-roberto-vizzari"],"yoast_head":"<!-- This site is optimized with the Yoast SEO plugin v27.2 - https:\/\/yoast.com\/product\/yoast-seo-wordpress\/ -->\n<title>Regionali: Vizzari soddisfatto per il risultato di Forza Italia<\/title>\n<meta name=\"description\" content=\"Il coordinatore dell\u2019Area dello Stretto di Forza Italia commenta con grande soddisfazione le ultime consultazioni regionali\" \/>\n<meta name=\"robots\" content=\"index, follow, max-snippet:-1, max-image-preview:large, max-video-preview:-1\" \/>\n<link rel=\"canonical\" href=\"https:\/\/progettotouring.it\/radiotouring104\/2025\/10\/08\/elezioni-regionali-grande-soddisfazione-di-vizzari-per-il-risultato-di-forza-italia\/\" \/>\n<meta property=\"og:locale\" content=\"it_IT\" \/>\n<meta property=\"og:type\" content=\"article\" \/>\n<meta property=\"og:title\" content=\"Regionali: Vizzari soddisfatto per il risultato di Forza Italia\" \/>\n<meta property=\"og:description\" content=\"Il coordinatore dell\u2019Area dello Stretto di Forza Italia commenta con grande soddisfazione le ultime consultazioni regionali\" \/>\n<meta property=\"og:url\" content=\"https:\/\/progettotouring.it\/radiotouring104\/2025\/10\/08\/elezioni-regionali-grande-soddisfazione-di-vizzari-per-il-risultato-di-forza-italia\/\" \/>\n<meta property=\"og:site_name\" content=\"Radio Touring 104\" \/>\n<meta property=\"article:published_time\" content=\"2025-10-08T08:53:43+00:00\" \/>\n<meta property=\"article:modified_time\" content=\"2025-10-08T10:29:44+00:00\" \/>\n<meta property=\"og:image\" content=\"https:\/\/progettotouring.it\/radiotouring104\/wp-content\/uploads\/sites\/6\/2025\/05\/IMG_3442.jpg\" \/>\n\t<meta property=\"og:image:width\" content=\"960\" \/>\n\t<meta property=\"og:image:height\" content=\"681\" \/>\n\t<meta property=\"og:image:type\" content=\"image\/jpeg\" \/>\n<meta name=\"author\" content=\"Sebastiano Plutino\" \/>\n<meta name=\"twitter:card\" content=\"summary_large_image\" \/>\n<meta name=\"twitter:label1\" content=\"Scritto da\" \/>\n\t<meta name=\"twitter:data1\" content=\"Sebastiano Plutino\" \/>\n\t<meta name=\"twitter:label2\" content=\"Tempo di lettura stimato\" \/>\n\t<meta name=\"twitter:data2\" content=\"2 minuti\" \/>\n<script type=\"application\/ld+json\" class=\"yoast-schema-graph\">{\"@context\":\"https:\/\/schema.org\",\"@graph\":[{\"@type\":\"Article\",\"@id\":\"https:\/\/progettotouring.it\/radiotouring104\/2025\/10\/08\/elezioni-regionali-grande-soddisfazione-di-vizzari-per-il-risultato-di-forza-italia\/#article\",\"isPartOf\":{\"@id\":\"https:\/\/progettotouring.it\/radiotouring104\/2025\/10\/08\/elezioni-regionali-grande-soddisfazione-di-vizzari-per-il-risultato-di-forza-italia\/\"},\"author\":{\"name\":\"Sebastiano Plutino\",\"@id\":\"https:\/\/progettotouring.it\/radiotouring104\/#\/schema\/person\/78613917f1851f041f7483f5af1d422e\"},\"headline\":\"Elezioni Regionali: grande soddisfazione di Vizzari per il risultato di Forza Italia\",\"datePublished\":\"2025-10-08T08:53:43+00:00\",\"dateModified\":\"2025-10-08T10:29:44+00:00\",\"mainEntityOfPage\":{\"@id\":\"https:\/\/progettotouring.it\/radiotouring104\/2025\/10\/08\/elezioni-regionali-grande-soddisfazione-di-vizzari-per-il-risultato-di-forza-italia\/\"},\"wordCount\":333,\"publisher\":{\"@id\":\"https:\/\/progettotouring.it\/radiotouring104\/#organization\"},\"image\":{\"@id\":\"https:\/\/progettotouring.it\/radiotouring104\/2025\/10\/08\/elezioni-regionali-grande-soddisfazione-di-vizzari-per-il-risultato-di-forza-italia\/#primaryimage\"},\"thumbnailUrl\":\"https:\/\/progettotouring.it\/radiotouring104\/wp-content\/uploads\/sites\/6\/2025\/05\/IMG_3442.jpg\",\"keywords\":[\"Area dello Stretto di Forza Italia\",\"elezioni regionali calabria\",\"grande soddisfazione\",\"Roberto Vizzari\"],\"articleSection\":[\"Home\",\"In primo piano\",\"News\",\"Reggio Calabria\"],\"inLanguage\":\"it-IT\"},{\"@type\":\"WebPage\",\"@id\":\"https:\/\/progettotouring.it\/radiotouring104\/2025\/10\/08\/elezioni-regionali-grande-soddisfazione-di-vizzari-per-il-risultato-di-forza-italia\/\",\"url\":\"https:\/\/progettotouring.it\/radiotouring104\/2025\/10\/08\/elezioni-regionali-grande-soddisfazione-di-vizzari-per-il-risultato-di-forza-italia\/\",\"name\":\"Regionali: Vizzari soddisfatto per il risultato di Forza Italia\",\"isPartOf\":{\"@id\":\"https:\/\/progettotouring.it\/radiotouring104\/#website\"},\"primaryImageOfPage\":{\"@id\":\"https:\/\/progettotouring.it\/radiotouring104\/2025\/10\/08\/elezioni-regionali-grande-soddisfazione-di-vizzari-per-il-risultato-di-forza-italia\/#primaryimage\"},\"image\":{\"@id\":\"https:\/\/progettotouring.it\/radiotouring104\/2025\/10\/08\/elezioni-regionali-grande-soddisfazione-di-vizzari-per-il-risultato-di-forza-italia\/#primaryimage\"},\"thumbnailUrl\":\"https:\/\/progettotouring.it\/radiotouring104\/wp-content\/uploads\/sites\/6\/2025\/05\/IMG_3442.jpg\",\"datePublished\":\"2025-10-08T08:53:43+00:00\",\"dateModified\":\"2025-10-08T10:29:44+00:00\",\"description\":\"Il coordinatore dell\u2019Area dello Stretto di Forza Italia commenta con grande soddisfazione le ultime consultazioni regionali\",\"breadcrumb\":{\"@id\":\"https:\/\/progettotouring.it\/radiotouring104\/2025\/10\/08\/elezioni-regionali-grande-soddisfazione-di-vizzari-per-il-risultato-di-forza-italia\/#breadcrumb\"},\"inLanguage\":\"it-IT\",\"potentialAction\":[{\"@type\":\"ReadAction\",\"target\":[\"https:\/\/progettotouring.it\/radiotouring104\/2025\/10\/08\/elezioni-regionali-grande-soddisfazione-di-vizzari-per-il-risultato-di-forza-italia\/\"]}]},{\"@type\":\"ImageObject\",\"inLanguage\":\"it-IT\",\"@id\":\"https:\/\/progettotouring.it\/radiotouring104\/2025\/10\/08\/elezioni-regionali-grande-soddisfazione-di-vizzari-per-il-risultato-di-forza-italia\/#primaryimage\",\"url\":\"https:\/\/progettotouring.it\/radiotouring104\/wp-content\/uploads\/sites\/6\/2025\/05\/IMG_3442.jpg\",\"contentUrl\":\"https:\/\/progettotouring.it\/radiotouring104\/wp-content\/uploads\/sites\/6\/2025\/05\/IMG_3442.jpg\",\"width\":960,\"height\":681,\"caption\":\"Roberto Vizzari\"},{\"@type\":\"BreadcrumbList\",\"@id\":\"https:\/\/progettotouring.it\/radiotouring104\/2025\/10\/08\/elezioni-regionali-grande-soddisfazione-di-vizzari-per-il-risultato-di-forza-italia\/#breadcrumb\",\"itemListElement\":[{\"@type\":\"ListItem\",\"position\":1,\"name\":\"Home\",\"item\":\"https:\/\/progettotouring.it\/radiotouring104\/\"},{\"@type\":\"ListItem\",\"position\":2,\"name\":\"Elezioni Regionali: grande soddisfazione di Vizzari per il risultato di Forza Italia\"}]},{\"@type\":\"WebSite\",\"@id\":\"https:\/\/progettotouring.it\/radiotouring104\/#website\",\"url\":\"https:\/\/progettotouring.it\/radiotouring104\/\",\"name\":\"Radio Touring 104\",\"description\":\"La prima radio Reggina\",\"publisher\":{\"@id\":\"https:\/\/progettotouring.it\/radiotouring104\/#organization\"},\"potentialAction\":[{\"@type\":\"SearchAction\",\"target\":{\"@type\":\"EntryPoint\",\"urlTemplate\":\"https:\/\/progettotouring.it\/radiotouring104\/?s={search_term_string}\"},\"query-input\":{\"@type\":\"PropertyValueSpecification\",\"valueRequired\":true,\"valueName\":\"search_term_string\"}}],\"inLanguage\":\"it-IT\"},{\"@type\":\"Organization\",\"@id\":\"https:\/\/progettotouring.it\/radiotouring104\/#organization\",\"name\":\"Radio Touring 104\",\"url\":\"https:\/\/progettotouring.it\/radiotouring104\/\",\"logo\":{\"@type\":\"ImageObject\",\"inLanguage\":\"it-IT\",\"@id\":\"https:\/\/progettotouring.it\/radiotouring104\/#\/schema\/logo\/image\/\",\"url\":\"https:\/\/progettotouring.it\/radiotouring104\/wp-content\/uploads\/sites\/6\/2022\/02\/cropped-logo-radio-touring-104.png\",\"contentUrl\":\"https:\/\/progettotouring.it\/radiotouring104\/wp-content\/uploads\/sites\/6\/2022\/02\/cropped-logo-radio-touring-104.png\",\"width\":377,\"height\":182,\"caption\":\"Radio Touring 104\"},\"image\":{\"@id\":\"https:\/\/progettotouring.it\/radiotouring104\/#\/schema\/logo\/image\/\"}},{\"@type\":\"Person\",\"@id\":\"https:\/\/progettotouring.it\/radiotouring104\/#\/schema\/person\/78613917f1851f041f7483f5af1d422e\",\"name\":\"Sebastiano Plutino\",\"image\":{\"@type\":\"ImageObject\",\"inLanguage\":\"it-IT\",\"@id\":\"https:\/\/secure.gravatar.com\/avatar\/0546ffaa9b79224faf9f2a156b67a529ae861d3287c66c1d8ccfdf909bcba78d?s=96&d=mm&r=g\",\"url\":\"https:\/\/secure.gravatar.com\/avatar\/0546ffaa9b79224faf9f2a156b67a529ae861d3287c66c1d8ccfdf909bcba78d?s=96&d=mm&r=g\",\"contentUrl\":\"https:\/\/secure.gravatar.com\/avatar\/0546ffaa9b79224faf9f2a156b67a529ae861d3287c66c1d8ccfdf909bcba78d?s=96&d=mm&r=g\",\"caption\":\"Sebastiano Plutino\"},\"url\":\"https:\/\/progettotouring.it\/radiotouring104\/author\/sebastiano\/\"}]}<\/script>\n<!-- \/ Yoast SEO plugin. -->","yoast_head_json":{"title":"Regionali: Vizzari soddisfatto per il risultato di Forza Italia","description":"Il coordinatore dell\u2019Area dello Stretto di Forza Italia commenta con grande soddisfazione le ultime consultazioni regionali","robots":{"index":"index","follow":"follow","max-snippet":"max-snippet:-1","max-image-preview":"max-image-preview:large","max-video-preview":"max-video-preview:-1"},"canonical":"https:\/\/progettotouring.it\/radiotouring104\/2025\/10\/08\/elezioni-regionali-grande-soddisfazione-di-vizzari-per-il-risultato-di-forza-italia\/","og_locale":"it_IT","og_type":"article","og_title":"Regionali: Vizzari soddisfatto per il risultato di Forza Italia","og_description":"Il coordinatore dell\u2019Area dello Stretto di Forza Italia commenta con grande soddisfazione le ultime consultazioni regionali","og_url":"https:\/\/progettotouring.it\/radiotouring104\/2025\/10\/08\/elezioni-regionali-grande-soddisfazione-di-vizzari-per-il-risultato-di-forza-italia\/","og_site_name":"Radio Touring 104","article_published_time":"2025-10-08T08:53:43+00:00","article_modified_time":"2025-10-08T10:29:44+00:00","og_image":[{"width":960,"height":681,"url":"https:\/\/progettotouring.it\/radiotouring104\/wp-content\/uploads\/sites\/6\/2025\/05\/IMG_3442.jpg","type":"image\/jpeg"}],"author":"Sebastiano Plutino","twitter_card":"summary_large_image","twitter_misc":{"Scritto da":"Sebastiano Plutino","Tempo di lettura stimato":"2 minuti"},"schema":{"@context":"https:\/\/schema.org","@graph":[{"@type":"Article","@id":"https:\/\/progettotouring.it\/radiotouring104\/2025\/10\/08\/elezioni-regionali-grande-soddisfazione-di-vizzari-per-il-risultato-di-forza-italia\/#article","isPartOf":{"@id":"https:\/\/progettotouring.it\/radiotouring104\/2025\/10\/08\/elezioni-regionali-grande-soddisfazione-di-vizzari-per-il-risultato-di-forza-italia\/"},"author":{"name":"Sebastiano Plutino","@id":"https:\/\/progettotouring.it\/radiotouring104\/#\/schema\/person\/78613917f1851f041f7483f5af1d422e"},"headline":"Elezioni Regionali: grande soddisfazione di Vizzari per il risultato di Forza Italia","datePublished":"2025-10-08T08:53:43+00:00","dateModified":"2025-10-08T10:29:44+00:00","mainEntityOfPage":{"@id":"https:\/\/progettotouring.it\/radiotouring104\/2025\/10\/08\/elezioni-regionali-grande-soddisfazione-di-vizzari-per-il-risultato-di-forza-italia\/"},"wordCount":333,"publisher":{"@id":"https:\/\/progettotouring.it\/radiotouring104\/#organization"},"image":{"@id":"https:\/\/progettotouring.it\/radiotouring104\/2025\/10\/08\/elezioni-regionali-grande-soddisfazione-di-vizzari-per-il-risultato-di-forza-italia\/#primaryimage"},"thumbnailUrl":"https:\/\/progettotouring.it\/radiotouring104\/wp-content\/uploads\/sites\/6\/2025\/05\/IMG_3442.jpg","keywords":["Area dello Stretto di Forza Italia","elezioni regionali calabria","grande soddisfazione","Roberto Vizzari"],"articleSection":["Home","In primo piano","News","Reggio Calabria"],"inLanguage":"it-IT"},{"@type":"WebPage","@id":"https:\/\/progettotouring.it\/radiotouring104\/2025\/10\/08\/elezioni-regionali-grande-soddisfazione-di-vizzari-per-il-risultato-di-forza-italia\/","url":"https:\/\/progettotouring.it\/radiotouring104\/2025\/10\/08\/elezioni-regionali-grande-soddisfazione-di-vizzari-per-il-risultato-di-forza-italia\/","name":"Regionali: Vizzari soddisfatto per il risultato di Forza Italia","isPartOf":{"@id":"https:\/\/progettotouring.it\/radiotouring104\/#website"},"primaryImageOfPage":{"@id":"https:\/\/progettotouring.it\/radiotouring104\/2025\/10\/08\/elezioni-regionali-grande-soddisfazione-di-vizzari-per-il-risultato-di-forza-italia\/#primaryimage"},"image":{"@id":"https:\/\/progettotouring.it\/radiotouring104\/2025\/10\/08\/elezioni-regionali-grande-soddisfazione-di-vizzari-per-il-risultato-di-forza-italia\/#primaryimage"},"thumbnailUrl":"https:\/\/progettotouring.it\/radiotouring104\/wp-content\/uploads\/sites\/6\/2025\/05\/IMG_3442.jpg","datePublished":"2025-10-08T08:53:43+00:00","dateModified":"2025-10-08T10:29:44+00:00","description":"Il coordinatore dell\u2019Area dello Stretto di Forza Italia commenta con grande soddisfazione le ultime consultazioni regionali","breadcrumb":{"@id":"https:\/\/progettotouring.it\/radiotouring104\/2025\/10\/08\/elezioni-regionali-grande-soddisfazione-di-vizzari-per-il-risultato-di-forza-italia\/#breadcrumb"},"inLanguage":"it-IT","potentialAction":[{"@type":"ReadAction","target":["https:\/\/progettotouring.it\/radiotouring104\/2025\/10\/08\/elezioni-regionali-grande-soddisfazione-di-vizzari-per-il-risultato-di-forza-italia\/"]}]},{"@type":"ImageObject","inLanguage":"it-IT","@id":"https:\/\/progettotouring.it\/radiotouring104\/2025\/10\/08\/elezioni-regionali-grande-soddisfazione-di-vizzari-per-il-risultato-di-forza-italia\/#primaryimage","url":"https:\/\/progettotouring.it\/radiotouring104\/wp-content\/uploads\/sites\/6\/2025\/05\/IMG_3442.jpg","contentUrl":"https:\/\/progettotouring.it\/radiotouring104\/wp-content\/uploads\/sites\/6\/2025\/05\/IMG_3442.jpg","width":960,"height":681,"caption":"Roberto Vizzari"},{"@type":"BreadcrumbList","@id":"https:\/\/progettotouring.it\/radiotouring104\/2025\/10\/08\/elezioni-regionali-grande-soddisfazione-di-vizzari-per-il-risultato-di-forza-italia\/#breadcrumb","itemListElement":[{"@type":"ListItem","position":1,"name":"Home","item":"https:\/\/progettotouring.it\/radiotouring104\/"},{"@type":"ListItem","position":2,"name":"Elezioni Regionali: grande soddisfazione di Vizzari per il risultato di Forza Italia"}]},{"@type":"WebSite","@id":"https:\/\/progettotouring.it\/radiotouring104\/#website","url":"https:\/\/progettotouring.it\/radiotouring104\/","name":"Radio Touring 104","description":"La prima radio Reggina","publisher":{"@id":"https:\/\/progettotouring.it\/radiotouring104\/#organization"},"potentialAction":[{"@type":"SearchAction","target":{"@type":"EntryPoint","urlTemplate":"https:\/\/progettotouring.it\/radiotouring104\/?s={search_term_string}"},"query-input":{"@type":"PropertyValueSpecification","valueRequired":true,"valueName":"search_term_string"}}],"inLanguage":"it-IT"},{"@type":"Organization","@id":"https:\/\/progettotouring.it\/radiotouring104\/#organization","name":"Radio Touring 104","url":"https:\/\/progettotouring.it\/radiotouring104\/","logo":{"@type":"ImageObject","inLanguage":"it-IT","@id":"https:\/\/progettotouring.it\/radiotouring104\/#\/schema\/logo\/image\/","url":"https:\/\/progettotouring.it\/radiotouring104\/wp-content\/uploads\/sites\/6\/2022\/02\/cropped-logo-radio-touring-104.png","contentUrl":"https:\/\/progettotouring.it\/radiotouring104\/wp-content\/uploads\/sites\/6\/2022\/02\/cropped-logo-radio-touring-104.png","width":377,"height":182,"caption":"Radio Touring 104"},"image":{"@id":"https:\/\/progettotouring.it\/radiotouring104\/#\/schema\/logo\/image\/"}},{"@type":"Person","@id":"https:\/\/progettotouring.it\/radiotouring104\/#\/schema\/person\/78613917f1851f041f7483f5af1d422e","name":"Sebastiano Plutino","image":{"@type":"ImageObject","inLanguage":"it-IT","@id":"https:\/\/secure.gravatar.com\/avatar\/0546ffaa9b79224faf9f2a156b67a529ae861d3287c66c1d8ccfdf909bcba78d?s=96&d=mm&r=g","url":"https:\/\/secure.gravatar.com\/avatar\/0546ffaa9b79224faf9f2a156b67a529ae861d3287c66c1d8ccfdf909bcba78d?s=96&d=mm&r=g","contentUrl":"https:\/\/secure.gravatar.com\/avatar\/0546ffaa9b79224faf9f2a156b67a529ae861d3287c66c1d8ccfdf909bcba78d?s=96&d=mm&r=g","caption":"Sebastiano Plutino"},"url":"https:\/\/progettotouring.it\/radiotouring104\/author\/sebastiano\/"}]}},"jetpack_publicize_connections":[],"jetpack_featured_media_url":"https:\/\/progettotouring.it\/radiotouring104\/wp-content\/uploads\/sites\/6\/2025\/05\/IMG_3442.jpg","jetpack_sharing_enabled":true,"_links":{"self":[{"href":"https:\/\/progettotouring.it\/radiotouring104\/wp-json\/wp\/v2\/posts\/83548","targetHints":{"allow":["GET"]}}],"collection":[{"href":"https:\/\/progettotouring.it\/radiotouring104\/wp-json\/wp\/v2\/posts"}],"about":[{"href":"https:\/\/progettotouring.it\/radiotouring104\/wp-json\/wp\/v2\/types\/post"}],"author":[{"embeddable":true,"href":"https:\/\/progettotouring.it\/radiotouring104\/wp-json\/wp\/v2\/users\/12"}],"replies":[{"embeddable":true,"href":"https:\/\/progettotouring.it\/radiotouring104\/wp-json\/wp\/v2\/comments?post=83548"}],"version-history":[{"count":3,"href":"https:\/\/progettotouring.it\/radiotouring104\/wp-json\/wp\/v2\/posts\/83548\/revisions"}],"predecessor-version":[{"id":83555,"href":"https:\/\/progettotouring.it\/radiotouring104\/wp-json\/wp\/v2\/posts\/83548\/revisions\/83555"}],"wp:featuredmedia":[{"embeddable":true,"href":"https:\/\/progettotouring.it\/radiotouring104\/wp-json\/wp\/v2\/media\/73643"}],"wp:attachment":[{"href":"https:\/\/progettotouring.it\/radiotouring104\/wp-json\/wp\/v2\/media?parent=83548"}],"wp:term":[{"taxonomy":"category","embeddable":true,"href":"https:\/\/progettotouring.it\/radiotouring104\/wp-json\/wp\/v2\/categories?post=83548"},{"taxonomy":"post_tag","embeddable":true,"href":"https:\/\/progettotouring.it\/radiotouring104\/wp-json\/wp\/v2\/tags?post=83548"}],"curies":[{"name":"wp","href":"https:\/\/api.w.org\/{rel}","templated":true}]}}