{"id":83558,"date":"2025-10-08T12:07:46","date_gmt":"2025-10-08T10:07:46","guid":{"rendered":"https:\/\/progettotouring.it\/radiotouring104\/?p=83558"},"modified":"2025-10-08T12:07:46","modified_gmt":"2025-10-08T10:07:46","slug":"a-siderno-levento-dell-uici-di-reggio-la-disabilita-visiva-oltre-le-barriere-verso-nuove-possibilita","status":"publish","type":"post","link":"https:\/\/progettotouring.it\/radiotouring104\/2025\/10\/08\/a-siderno-levento-dell-uici-di-reggio-la-disabilita-visiva-oltre-le-barriere-verso-nuove-possibilita\/","title":{"rendered":"A Siderno l&#8217;evento dell&#8217; UICI di Reggio \u201cLa disabilit\u00e0 visiva: oltre le barriere, verso nuove possibilit\u00e0\u201d"},"content":{"rendered":"<p style=\"font-weight: 400\">A Siderno, nella Sala Consiliare, una mattinata di prevenzione e inclusione, in occasione del nuovo evento, realizzato con il contributo della Citt\u00e0 Metropolitana di Reggio Calabria, Settore 7 \u201cIstruzione &#8211; Sport &#8211; Politiche Sociali\u201d, in attuazione del protocollo d\u2019intesa sottoscritto con l\u2019Unione Italiana dei Ciechi e degli Ipovedenti, Sezione di Reggio Calabria.<\/p>\n<p style=\"font-weight: 400\"><em>\u201cAbbiamo scelto Siderno, &#8211;\u00a0<\/em>ha sottolineato\u00a0<strong>FRANCESCA MARINO<\/strong>, Presidente UICI Reggio Calabria<em>\u00a0&#8211; come tappa per proseguire con i nostri incontri, in quanto qui abbiamo la rappresentanza zonale dell\u2019Unione Ciechi, con un gruppo di volontari, che su delega del consiglio, si presta quotidianamente al disbrigo di pratiche burocratiche, e soprattutto, vigila sulla gestione del servizio civile. A tal proposito vorrei approfittare per ringraziarli, ma, in particolare, ci tengo a ricordare alla cittadinanza di Siderno, che esiste il servizio civile nei confronti delle persone disabili. I bandi escono ogni anno nel mese di gennaio, invito, pertanto, tutti i ragazzi a prestarvi attenzione, perch\u00e9 c&#8217;\u00e8 tanto bisogno, il volontario \u00e8 un&#8217;ottima risorsa che permette al disabile, in questo caso, al disabile visivo di ottenere una maggiore integrazione e lo aiuta in tante difficolt\u00e0 quotidiane. Concludo facendo appello alla solidariet\u00e0 e alla sensibilit\u00e0 di tutti i cittadini, perch\u00e9 il servizio civile \u00e8 un atto d\u2019amore e di rispetto verso la persona umana, al di l\u00e0 dell\u2019handicap\u201d.<\/em><\/p>\n<p style=\"font-weight: 400\">L\u2019iniziativa, intitolata \u201cLa disabilit\u00e0 visiva: oltre le barriere, verso nuove possibilit\u00e0\u201d, \u00e8 stata moderata da\u00a0<strong>FRANCESCA BARRANCA<\/strong>, vicepresidente dell\u2019U.I.C.I. Reggio Calabria, che si \u00e8 soffermata sul ruolo dell&#8217;unione Ciechi, associazione di grande valore, presente sin dal 1920 a sostegno delle persone non vedenti, ma anche sulla necessit\u00e0 di promuovere questi convegni sul territorio, con l\u2019obiettivo di informare, prevenire e ricordare che il non vedente pu\u00f2 avere una piena integrazione con gli strumenti giusti.<\/p>\n<p style=\"font-weight: 400\">Tanti e vari i temi toccati dai relatori presenti. L\u2019oculista\u00a0<strong>ANNAMARIA ROSATO,\u00a0<\/strong>ha\u00a0parlato della carta della salute dell&#8217;occhio, concentrando l\u2019attenzione sul glaucoma, una neuropatia degenerativa, puntando molto, quindi, sulla prevenzione, fondamentale, perch\u00e9 una volta che il danno si \u00e8 creato diventa irreversibile. Proprio per questo durante l\u2019evento, i cittadini hanno avuto la possibilit\u00e0 di sottoporsi a visite oculistiche gratuite, effettuate da medici specialisti.<\/p>\n<p style=\"font-weight: 400\">\u00c8 stata poi la volta di\u00a0<strong>EMMA SERAFINO<\/strong>, referente U.I.C.I. e garante della persona disabile del comune di Siderno, che ha offerto uno sguardo diverso sul mondo, una nuova prospettiva che, ovviamente, non guarda con gli occhi ma guarda con gli altri sensi, che diventano incredibilmente acuti, e consentono al non vedente di affrontare le sfide quotidiane, evitando l\u2019isolamento.\u00a0<strong>ANNUNZIATO DENISI<\/strong>, consulente legale\u00a0UICI Calabria, ha portato il dibattito sui diritti e doveri del rapporto di lavoro del disabile visivo; la psicologa\u00a0<strong>ALESSANDRA TEMPLORINI<\/strong>, ha affrontato il tema dei bisogni:\u00a0<em>\u201cqueste persone spesso vivono delle difficolt\u00e0 che appaiono invisibili alla nostra societ\u00e0, e questo pu\u00f2 andare a gravare sulle relazioni interpersonali. Da questa giornata spero che possa emergere una nuova sensibilit\u00e0 verso il prossimo, perch\u00e9 ognuno di noi nel suo piccolo pu\u00f2 contribuire al loro benessere psicologico, emotivo e relazionale\u201d<\/em>. Infine Sabrina Stuppino, del C.C.T. di Reggio Calabria, che ha relazionato sul tema dal titolo \u201cdalla scuola all\u2019autonomia, un percorso di vita\u201d, in quanto alla base del processo di crescita c\u2019\u00e8 la scuola, che rappresenta, appunto, la base per raggiungere questa tanto ricercata e fondamentale autonomia.<\/p>\n<p style=\"font-weight: 400\">A fare gli onori di casa\u00a0<strong>MARIATERESA FLOCCARI<\/strong>, assessore ai lavori pubblici del comune di Siderno.<\/p>\n<p style=\"font-weight: 400\">\n<p style=\"font-weight: 400\">\n","protected":false},"excerpt":{"rendered":"<p>A Siderno, nella Sala Consiliare, una mattinata di prevenzione e inclusione, in occasione del nuovo evento, realizzato con il contributo della Citt\u00e0 Metropolitana di Reggio Calabria, Settore 7 \u201cIstruzione &#8211;&hellip;<\/p>\n","protected":false},"author":12,"featured_media":83559,"comment_status":"closed","ping_status":"open","sticky":false,"template":"","format":"standard","meta":{"_jetpack_memberships_contains_paid_content":false,"footnotes":"","jetpack_publicize_message":"","jetpack_publicize_feature_enabled":true,"jetpack_social_post_already_shared":true,"jetpack_social_options":{"image_generator_settings":{"template":"highway","default_image_id":0,"font":"","enabled":false},"version":2}},"categories":[921,196,140],"tags":[48145,35813,48144,48143],"class_list":["post-83558","post","type-post","status-publish","format-standard","has-post-thumbnail","hentry","category-home","category-news","category-reggio-calabria","tag-la-disabilita-visiva-oltre-le-barriere-verso-nuove-possibilita","tag-francesca-marino","tag-sala-consisliare-di-siderno","tag-uici-reggio"],"yoast_head":"<!-- This site is optimized with the Yoast SEO plugin v27.2 - https:\/\/yoast.com\/product\/yoast-seo-wordpress\/ -->\n<title>A Siderno nuovo evento dell&#039;UICI di Reggio<\/title>\n<meta name=\"description\" content=\"L&#039;iniziativa dell&#039;UICI di Reggio, svolta nella sala Consiliare di Siderno, \u00e8 stata moderata dalla vicepresidente Francesca Marino\" \/>\n<meta name=\"robots\" content=\"index, follow, max-snippet:-1, max-image-preview:large, max-video-preview:-1\" \/>\n<link rel=\"canonical\" href=\"https:\/\/progettotouring.it\/radiotouring104\/2025\/10\/08\/a-siderno-levento-dell-uici-di-reggio-la-disabilita-visiva-oltre-le-barriere-verso-nuove-possibilita\/\" \/>\n<meta property=\"og:locale\" content=\"it_IT\" \/>\n<meta property=\"og:type\" content=\"article\" \/>\n<meta property=\"og:title\" content=\"A Siderno nuovo evento dell&#039;UICI di Reggio\" \/>\n<meta property=\"og:description\" content=\"L&#039;iniziativa dell&#039;UICI di Reggio, svolta nella sala Consiliare di Siderno, \u00e8 stata moderata dalla vicepresidente Francesca Marino\" \/>\n<meta property=\"og:url\" content=\"https:\/\/progettotouring.it\/radiotouring104\/2025\/10\/08\/a-siderno-levento-dell-uici-di-reggio-la-disabilita-visiva-oltre-le-barriere-verso-nuove-possibilita\/\" \/>\n<meta property=\"og:site_name\" content=\"Radio Touring 104\" \/>\n<meta property=\"article:published_time\" content=\"2025-10-08T10:07:46+00:00\" \/>\n<meta property=\"og:image\" content=\"https:\/\/progettotouring.it\/radiotouring104\/wp-content\/uploads\/sites\/6\/2025\/10\/UICI-REGGIO-CALABRIA-COMUNE-DI-SIDERNO.jpg\" \/>\n\t<meta property=\"og:image:width\" content=\"1600\" \/>\n\t<meta property=\"og:image:height\" content=\"1200\" \/>\n\t<meta property=\"og:image:type\" content=\"image\/jpeg\" \/>\n<meta name=\"author\" content=\"Sebastiano Plutino\" \/>\n<meta name=\"twitter:card\" content=\"summary_large_image\" \/>\n<meta name=\"twitter:label1\" content=\"Scritto da\" \/>\n\t<meta name=\"twitter:data1\" content=\"Sebastiano Plutino\" \/>\n\t<meta name=\"twitter:label2\" content=\"Tempo di lettura stimato\" \/>\n\t<meta name=\"twitter:data2\" content=\"3 minuti\" \/>\n<script type=\"application\/ld+json\" class=\"yoast-schema-graph\">{\"@context\":\"https:\/\/schema.org\",\"@graph\":[{\"@type\":\"Article\",\"@id\":\"https:\/\/progettotouring.it\/radiotouring104\/2025\/10\/08\/a-siderno-levento-dell-uici-di-reggio-la-disabilita-visiva-oltre-le-barriere-verso-nuove-possibilita\/#article\",\"isPartOf\":{\"@id\":\"https:\/\/progettotouring.it\/radiotouring104\/2025\/10\/08\/a-siderno-levento-dell-uici-di-reggio-la-disabilita-visiva-oltre-le-barriere-verso-nuove-possibilita\/\"},\"author\":{\"name\":\"Sebastiano Plutino\",\"@id\":\"https:\/\/progettotouring.it\/radiotouring104\/#\/schema\/person\/78613917f1851f041f7483f5af1d422e\"},\"headline\":\"A Siderno l&#8217;evento dell&#8217; UICI di Reggio \u201cLa disabilit\u00e0 visiva: oltre le barriere, verso nuove possibilit\u00e0\u201d\",\"datePublished\":\"2025-10-08T10:07:46+00:00\",\"mainEntityOfPage\":{\"@id\":\"https:\/\/progettotouring.it\/radiotouring104\/2025\/10\/08\/a-siderno-levento-dell-uici-di-reggio-la-disabilita-visiva-oltre-le-barriere-verso-nuove-possibilita\/\"},\"wordCount\":583,\"publisher\":{\"@id\":\"https:\/\/progettotouring.it\/radiotouring104\/#organization\"},\"image\":{\"@id\":\"https:\/\/progettotouring.it\/radiotouring104\/2025\/10\/08\/a-siderno-levento-dell-uici-di-reggio-la-disabilita-visiva-oltre-le-barriere-verso-nuove-possibilita\/#primaryimage\"},\"thumbnailUrl\":\"https:\/\/progettotouring.it\/radiotouring104\/wp-content\/uploads\/sites\/6\/2025\/10\/UICI-REGGIO-CALABRIA-COMUNE-DI-SIDERNO.jpg\",\"keywords\":[\"\u201cLa disabilit\u00e0 visiva oltre le barriere verso nuove possibilit\u00e0\u201d\",\"Francesca Marino\",\"Sala Consisliare di Siderno\",\"UICI Reggio\"],\"articleSection\":[\"Home\",\"News\",\"Reggio Calabria\"],\"inLanguage\":\"it-IT\"},{\"@type\":\"WebPage\",\"@id\":\"https:\/\/progettotouring.it\/radiotouring104\/2025\/10\/08\/a-siderno-levento-dell-uici-di-reggio-la-disabilita-visiva-oltre-le-barriere-verso-nuove-possibilita\/\",\"url\":\"https:\/\/progettotouring.it\/radiotouring104\/2025\/10\/08\/a-siderno-levento-dell-uici-di-reggio-la-disabilita-visiva-oltre-le-barriere-verso-nuove-possibilita\/\",\"name\":\"A Siderno nuovo evento dell'UICI di Reggio\",\"isPartOf\":{\"@id\":\"https:\/\/progettotouring.it\/radiotouring104\/#website\"},\"primaryImageOfPage\":{\"@id\":\"https:\/\/progettotouring.it\/radiotouring104\/2025\/10\/08\/a-siderno-levento-dell-uici-di-reggio-la-disabilita-visiva-oltre-le-barriere-verso-nuove-possibilita\/#primaryimage\"},\"image\":{\"@id\":\"https:\/\/progettotouring.it\/radiotouring104\/2025\/10\/08\/a-siderno-levento-dell-uici-di-reggio-la-disabilita-visiva-oltre-le-barriere-verso-nuove-possibilita\/#primaryimage\"},\"thumbnailUrl\":\"https:\/\/progettotouring.it\/radiotouring104\/wp-content\/uploads\/sites\/6\/2025\/10\/UICI-REGGIO-CALABRIA-COMUNE-DI-SIDERNO.jpg\",\"datePublished\":\"2025-10-08T10:07:46+00:00\",\"description\":\"L'iniziativa dell'UICI di Reggio, svolta nella sala Consiliare di Siderno, \u00e8 stata moderata dalla vicepresidente Francesca Marino\",\"breadcrumb\":{\"@id\":\"https:\/\/progettotouring.it\/radiotouring104\/2025\/10\/08\/a-siderno-levento-dell-uici-di-reggio-la-disabilita-visiva-oltre-le-barriere-verso-nuove-possibilita\/#breadcrumb\"},\"inLanguage\":\"it-IT\",\"potentialAction\":[{\"@type\":\"ReadAction\",\"target\":[\"https:\/\/progettotouring.it\/radiotouring104\/2025\/10\/08\/a-siderno-levento-dell-uici-di-reggio-la-disabilita-visiva-oltre-le-barriere-verso-nuove-possibilita\/\"]}]},{\"@type\":\"ImageObject\",\"inLanguage\":\"it-IT\",\"@id\":\"https:\/\/progettotouring.it\/radiotouring104\/2025\/10\/08\/a-siderno-levento-dell-uici-di-reggio-la-disabilita-visiva-oltre-le-barriere-verso-nuove-possibilita\/#primaryimage\",\"url\":\"https:\/\/progettotouring.it\/radiotouring104\/wp-content\/uploads\/sites\/6\/2025\/10\/UICI-REGGIO-CALABRIA-COMUNE-DI-SIDERNO.jpg\",\"contentUrl\":\"https:\/\/progettotouring.it\/radiotouring104\/wp-content\/uploads\/sites\/6\/2025\/10\/UICI-REGGIO-CALABRIA-COMUNE-DI-SIDERNO.jpg\",\"width\":1600,\"height\":1200},{\"@type\":\"BreadcrumbList\",\"@id\":\"https:\/\/progettotouring.it\/radiotouring104\/2025\/10\/08\/a-siderno-levento-dell-uici-di-reggio-la-disabilita-visiva-oltre-le-barriere-verso-nuove-possibilita\/#breadcrumb\",\"itemListElement\":[{\"@type\":\"ListItem\",\"position\":1,\"name\":\"Home\",\"item\":\"https:\/\/progettotouring.it\/radiotouring104\/\"},{\"@type\":\"ListItem\",\"position\":2,\"name\":\"A Siderno l&#8217;evento dell&#8217; UICI di Reggio \u201cLa disabilit\u00e0 visiva: oltre le barriere, verso nuove possibilit\u00e0\u201d\"}]},{\"@type\":\"WebSite\",\"@id\":\"https:\/\/progettotouring.it\/radiotouring104\/#website\",\"url\":\"https:\/\/progettotouring.it\/radiotouring104\/\",\"name\":\"Radio Touring 104\",\"description\":\"La prima radio Reggina\",\"publisher\":{\"@id\":\"https:\/\/progettotouring.it\/radiotouring104\/#organization\"},\"potentialAction\":[{\"@type\":\"SearchAction\",\"target\":{\"@type\":\"EntryPoint\",\"urlTemplate\":\"https:\/\/progettotouring.it\/radiotouring104\/?s={search_term_string}\"},\"query-input\":{\"@type\":\"PropertyValueSpecification\",\"valueRequired\":true,\"valueName\":\"search_term_string\"}}],\"inLanguage\":\"it-IT\"},{\"@type\":\"Organization\",\"@id\":\"https:\/\/progettotouring.it\/radiotouring104\/#organization\",\"name\":\"Radio Touring 104\",\"url\":\"https:\/\/progettotouring.it\/radiotouring104\/\",\"logo\":{\"@type\":\"ImageObject\",\"inLanguage\":\"it-IT\",\"@id\":\"https:\/\/progettotouring.it\/radiotouring104\/#\/schema\/logo\/image\/\",\"url\":\"https:\/\/progettotouring.it\/radiotouring104\/wp-content\/uploads\/sites\/6\/2022\/02\/cropped-logo-radio-touring-104.png\",\"contentUrl\":\"https:\/\/progettotouring.it\/radiotouring104\/wp-content\/uploads\/sites\/6\/2022\/02\/cropped-logo-radio-touring-104.png\",\"width\":377,\"height\":182,\"caption\":\"Radio Touring 104\"},\"image\":{\"@id\":\"https:\/\/progettotouring.it\/radiotouring104\/#\/schema\/logo\/image\/\"}},{\"@type\":\"Person\",\"@id\":\"https:\/\/progettotouring.it\/radiotouring104\/#\/schema\/person\/78613917f1851f041f7483f5af1d422e\",\"name\":\"Sebastiano Plutino\",\"image\":{\"@type\":\"ImageObject\",\"inLanguage\":\"it-IT\",\"@id\":\"https:\/\/secure.gravatar.com\/avatar\/0546ffaa9b79224faf9f2a156b67a529ae861d3287c66c1d8ccfdf909bcba78d?s=96&d=mm&r=g\",\"url\":\"https:\/\/secure.gravatar.com\/avatar\/0546ffaa9b79224faf9f2a156b67a529ae861d3287c66c1d8ccfdf909bcba78d?s=96&d=mm&r=g\",\"contentUrl\":\"https:\/\/secure.gravatar.com\/avatar\/0546ffaa9b79224faf9f2a156b67a529ae861d3287c66c1d8ccfdf909bcba78d?s=96&d=mm&r=g\",\"caption\":\"Sebastiano Plutino\"},\"url\":\"https:\/\/progettotouring.it\/radiotouring104\/author\/sebastiano\/\"}]}<\/script>\n<!-- \/ Yoast SEO plugin. -->","yoast_head_json":{"title":"A Siderno nuovo evento dell'UICI di Reggio","description":"L'iniziativa dell'UICI di Reggio, svolta nella sala Consiliare di Siderno, \u00e8 stata moderata dalla vicepresidente Francesca Marino","robots":{"index":"index","follow":"follow","max-snippet":"max-snippet:-1","max-image-preview":"max-image-preview:large","max-video-preview":"max-video-preview:-1"},"canonical":"https:\/\/progettotouring.it\/radiotouring104\/2025\/10\/08\/a-siderno-levento-dell-uici-di-reggio-la-disabilita-visiva-oltre-le-barriere-verso-nuove-possibilita\/","og_locale":"it_IT","og_type":"article","og_title":"A Siderno nuovo evento dell'UICI di Reggio","og_description":"L'iniziativa dell'UICI di Reggio, svolta nella sala Consiliare di Siderno, \u00e8 stata moderata dalla vicepresidente Francesca Marino","og_url":"https:\/\/progettotouring.it\/radiotouring104\/2025\/10\/08\/a-siderno-levento-dell-uici-di-reggio-la-disabilita-visiva-oltre-le-barriere-verso-nuove-possibilita\/","og_site_name":"Radio Touring 104","article_published_time":"2025-10-08T10:07:46+00:00","og_image":[{"width":1600,"height":1200,"url":"https:\/\/progettotouring.it\/radiotouring104\/wp-content\/uploads\/sites\/6\/2025\/10\/UICI-REGGIO-CALABRIA-COMUNE-DI-SIDERNO.jpg","type":"image\/jpeg"}],"author":"Sebastiano Plutino","twitter_card":"summary_large_image","twitter_misc":{"Scritto da":"Sebastiano Plutino","Tempo di lettura stimato":"3 minuti"},"schema":{"@context":"https:\/\/schema.org","@graph":[{"@type":"Article","@id":"https:\/\/progettotouring.it\/radiotouring104\/2025\/10\/08\/a-siderno-levento-dell-uici-di-reggio-la-disabilita-visiva-oltre-le-barriere-verso-nuove-possibilita\/#article","isPartOf":{"@id":"https:\/\/progettotouring.it\/radiotouring104\/2025\/10\/08\/a-siderno-levento-dell-uici-di-reggio-la-disabilita-visiva-oltre-le-barriere-verso-nuove-possibilita\/"},"author":{"name":"Sebastiano Plutino","@id":"https:\/\/progettotouring.it\/radiotouring104\/#\/schema\/person\/78613917f1851f041f7483f5af1d422e"},"headline":"A Siderno l&#8217;evento dell&#8217; UICI di Reggio \u201cLa disabilit\u00e0 visiva: oltre le barriere, verso nuove possibilit\u00e0\u201d","datePublished":"2025-10-08T10:07:46+00:00","mainEntityOfPage":{"@id":"https:\/\/progettotouring.it\/radiotouring104\/2025\/10\/08\/a-siderno-levento-dell-uici-di-reggio-la-disabilita-visiva-oltre-le-barriere-verso-nuove-possibilita\/"},"wordCount":583,"publisher":{"@id":"https:\/\/progettotouring.it\/radiotouring104\/#organization"},"image":{"@id":"https:\/\/progettotouring.it\/radiotouring104\/2025\/10\/08\/a-siderno-levento-dell-uici-di-reggio-la-disabilita-visiva-oltre-le-barriere-verso-nuove-possibilita\/#primaryimage"},"thumbnailUrl":"https:\/\/progettotouring.it\/radiotouring104\/wp-content\/uploads\/sites\/6\/2025\/10\/UICI-REGGIO-CALABRIA-COMUNE-DI-SIDERNO.jpg","keywords":["\u201cLa disabilit\u00e0 visiva oltre le barriere verso nuove possibilit\u00e0\u201d","Francesca Marino","Sala Consisliare di Siderno","UICI Reggio"],"articleSection":["Home","News","Reggio Calabria"],"inLanguage":"it-IT"},{"@type":"WebPage","@id":"https:\/\/progettotouring.it\/radiotouring104\/2025\/10\/08\/a-siderno-levento-dell-uici-di-reggio-la-disabilita-visiva-oltre-le-barriere-verso-nuove-possibilita\/","url":"https:\/\/progettotouring.it\/radiotouring104\/2025\/10\/08\/a-siderno-levento-dell-uici-di-reggio-la-disabilita-visiva-oltre-le-barriere-verso-nuove-possibilita\/","name":"A Siderno nuovo evento dell'UICI di Reggio","isPartOf":{"@id":"https:\/\/progettotouring.it\/radiotouring104\/#website"},"primaryImageOfPage":{"@id":"https:\/\/progettotouring.it\/radiotouring104\/2025\/10\/08\/a-siderno-levento-dell-uici-di-reggio-la-disabilita-visiva-oltre-le-barriere-verso-nuove-possibilita\/#primaryimage"},"image":{"@id":"https:\/\/progettotouring.it\/radiotouring104\/2025\/10\/08\/a-siderno-levento-dell-uici-di-reggio-la-disabilita-visiva-oltre-le-barriere-verso-nuove-possibilita\/#primaryimage"},"thumbnailUrl":"https:\/\/progettotouring.it\/radiotouring104\/wp-content\/uploads\/sites\/6\/2025\/10\/UICI-REGGIO-CALABRIA-COMUNE-DI-SIDERNO.jpg","datePublished":"2025-10-08T10:07:46+00:00","description":"L'iniziativa dell'UICI di Reggio, svolta nella sala Consiliare di Siderno, \u00e8 stata moderata dalla vicepresidente Francesca Marino","breadcrumb":{"@id":"https:\/\/progettotouring.it\/radiotouring104\/2025\/10\/08\/a-siderno-levento-dell-uici-di-reggio-la-disabilita-visiva-oltre-le-barriere-verso-nuove-possibilita\/#breadcrumb"},"inLanguage":"it-IT","potentialAction":[{"@type":"ReadAction","target":["https:\/\/progettotouring.it\/radiotouring104\/2025\/10\/08\/a-siderno-levento-dell-uici-di-reggio-la-disabilita-visiva-oltre-le-barriere-verso-nuove-possibilita\/"]}]},{"@type":"ImageObject","inLanguage":"it-IT","@id":"https:\/\/progettotouring.it\/radiotouring104\/2025\/10\/08\/a-siderno-levento-dell-uici-di-reggio-la-disabilita-visiva-oltre-le-barriere-verso-nuove-possibilita\/#primaryimage","url":"https:\/\/progettotouring.it\/radiotouring104\/wp-content\/uploads\/sites\/6\/2025\/10\/UICI-REGGIO-CALABRIA-COMUNE-DI-SIDERNO.jpg","contentUrl":"https:\/\/progettotouring.it\/radiotouring104\/wp-content\/uploads\/sites\/6\/2025\/10\/UICI-REGGIO-CALABRIA-COMUNE-DI-SIDERNO.jpg","width":1600,"height":1200},{"@type":"BreadcrumbList","@id":"https:\/\/progettotouring.it\/radiotouring104\/2025\/10\/08\/a-siderno-levento-dell-uici-di-reggio-la-disabilita-visiva-oltre-le-barriere-verso-nuove-possibilita\/#breadcrumb","itemListElement":[{"@type":"ListItem","position":1,"name":"Home","item":"https:\/\/progettotouring.it\/radiotouring104\/"},{"@type":"ListItem","position":2,"name":"A Siderno l&#8217;evento dell&#8217; UICI di Reggio \u201cLa disabilit\u00e0 visiva: oltre le barriere, verso nuove possibilit\u00e0\u201d"}]},{"@type":"WebSite","@id":"https:\/\/progettotouring.it\/radiotouring104\/#website","url":"https:\/\/progettotouring.it\/radiotouring104\/","name":"Radio Touring 104","description":"La prima radio Reggina","publisher":{"@id":"https:\/\/progettotouring.it\/radiotouring104\/#organization"},"potentialAction":[{"@type":"SearchAction","target":{"@type":"EntryPoint","urlTemplate":"https:\/\/progettotouring.it\/radiotouring104\/?s={search_term_string}"},"query-input":{"@type":"PropertyValueSpecification","valueRequired":true,"valueName":"search_term_string"}}],"inLanguage":"it-IT"},{"@type":"Organization","@id":"https:\/\/progettotouring.it\/radiotouring104\/#organization","name":"Radio Touring 104","url":"https:\/\/progettotouring.it\/radiotouring104\/","logo":{"@type":"ImageObject","inLanguage":"it-IT","@id":"https:\/\/progettotouring.it\/radiotouring104\/#\/schema\/logo\/image\/","url":"https:\/\/progettotouring.it\/radiotouring104\/wp-content\/uploads\/sites\/6\/2022\/02\/cropped-logo-radio-touring-104.png","contentUrl":"https:\/\/progettotouring.it\/radiotouring104\/wp-content\/uploads\/sites\/6\/2022\/02\/cropped-logo-radio-touring-104.png","width":377,"height":182,"caption":"Radio Touring 104"},"image":{"@id":"https:\/\/progettotouring.it\/radiotouring104\/#\/schema\/logo\/image\/"}},{"@type":"Person","@id":"https:\/\/progettotouring.it\/radiotouring104\/#\/schema\/person\/78613917f1851f041f7483f5af1d422e","name":"Sebastiano Plutino","image":{"@type":"ImageObject","inLanguage":"it-IT","@id":"https:\/\/secure.gravatar.com\/avatar\/0546ffaa9b79224faf9f2a156b67a529ae861d3287c66c1d8ccfdf909bcba78d?s=96&d=mm&r=g","url":"https:\/\/secure.gravatar.com\/avatar\/0546ffaa9b79224faf9f2a156b67a529ae861d3287c66c1d8ccfdf909bcba78d?s=96&d=mm&r=g","contentUrl":"https:\/\/secure.gravatar.com\/avatar\/0546ffaa9b79224faf9f2a156b67a529ae861d3287c66c1d8ccfdf909bcba78d?s=96&d=mm&r=g","caption":"Sebastiano Plutino"},"url":"https:\/\/progettotouring.it\/radiotouring104\/author\/sebastiano\/"}]}},"jetpack_publicize_connections":[],"jetpack_featured_media_url":"https:\/\/progettotouring.it\/radiotouring104\/wp-content\/uploads\/sites\/6\/2025\/10\/UICI-REGGIO-CALABRIA-COMUNE-DI-SIDERNO.jpg","jetpack_sharing_enabled":true,"_links":{"self":[{"href":"https:\/\/progettotouring.it\/radiotouring104\/wp-json\/wp\/v2\/posts\/83558","targetHints":{"allow":["GET"]}}],"collection":[{"href":"https:\/\/progettotouring.it\/radiotouring104\/wp-json\/wp\/v2\/posts"}],"about":[{"href":"https:\/\/progettotouring.it\/radiotouring104\/wp-json\/wp\/v2\/types\/post"}],"author":[{"embeddable":true,"href":"https:\/\/progettotouring.it\/radiotouring104\/wp-json\/wp\/v2\/users\/12"}],"replies":[{"embeddable":true,"href":"https:\/\/progettotouring.it\/radiotouring104\/wp-json\/wp\/v2\/comments?post=83558"}],"version-history":[{"count":1,"href":"https:\/\/progettotouring.it\/radiotouring104\/wp-json\/wp\/v2\/posts\/83558\/revisions"}],"predecessor-version":[{"id":83560,"href":"https:\/\/progettotouring.it\/radiotouring104\/wp-json\/wp\/v2\/posts\/83558\/revisions\/83560"}],"wp:featuredmedia":[{"embeddable":true,"href":"https:\/\/progettotouring.it\/radiotouring104\/wp-json\/wp\/v2\/media\/83559"}],"wp:attachment":[{"href":"https:\/\/progettotouring.it\/radiotouring104\/wp-json\/wp\/v2\/media?parent=83558"}],"wp:term":[{"taxonomy":"category","embeddable":true,"href":"https:\/\/progettotouring.it\/radiotouring104\/wp-json\/wp\/v2\/categories?post=83558"},{"taxonomy":"post_tag","embeddable":true,"href":"https:\/\/progettotouring.it\/radiotouring104\/wp-json\/wp\/v2\/tags?post=83558"}],"curies":[{"name":"wp","href":"https:\/\/api.w.org\/{rel}","templated":true}]}}