{"id":83562,"date":"2025-10-08T12:15:43","date_gmt":"2025-10-08T10:15:43","guid":{"rendered":"https:\/\/progettotouring.it\/radiotouring104\/?p=83562"},"modified":"2025-10-08T12:15:43","modified_gmt":"2025-10-08T10:15:43","slug":"ponte-sullo-stretto-ciucci-obiettivo-primi-cantieri-entro-fine-anno","status":"publish","type":"post","link":"https:\/\/progettotouring.it\/radiotouring104\/2025\/10\/08\/ponte-sullo-stretto-ciucci-obiettivo-primi-cantieri-entro-fine-anno\/","title":{"rendered":"Ponte sullo Stretto, Ciucci: &#8220;Obiettivo primi cantieri entro fine anno&#8221;"},"content":{"rendered":"<p>&#8220;L&#8217; obiettivo \u00e8 di avviare le prime attivit\u00e0 per il ponte sullo Stretto entro fine anno. Non vogliamo dare scadenze alla Corte dei Conti che deve completare le sue attivit\u00e0 sulla base delle procedure&#8221;, ha dichiarato\u00a0l&#8217;amministratore delegato della Stretto di Messina, Pietro Ciucci, a margine della mostra di Webuild &#8220;Evolutio&#8221;, rispondendo a una domanda sui tempi per l&#8217;avvio dei cantieri.<\/p>\n<p>&#8220;Stiamo terminando i contributi da dare al Cipess che poi li trasmetter\u00e0 alla Corte. Non c&#8217;\u00e8 nessuna bocciatura, nessuna violazione di norme, ma una richiesta di approfondimenti e chiarimenti. \u00c8 una normale fase di analisi da parte della Corte&#8221;, ha spiegato.<\/p>\n<p>&#8220;La scadenza \u00e8 teoricamente il 13 ma prima di quella data siamo in grado di rispondere&#8221;, ha aggiunto Ciucci.<\/p>\n","protected":false},"excerpt":{"rendered":"<p>&#8220;L&#8217; obiettivo \u00e8 di avviare le prime attivit\u00e0 per il ponte sullo Stretto entro fine anno. Non vogliamo dare scadenze alla Corte dei Conti che deve completare le sue attivit\u00e0&hellip;<\/p>\n","protected":false},"author":12,"featured_media":22931,"comment_status":"closed","ping_status":"open","sticky":false,"template":"","format":"standard","meta":{"_jetpack_memberships_contains_paid_content":false,"footnotes":"","jetpack_publicize_message":"","jetpack_publicize_feature_enabled":true,"jetpack_social_post_already_shared":true,"jetpack_social_options":{"image_generator_settings":{"template":"highway","default_image_id":0,"font":"","enabled":false},"version":2}},"categories":[921,150,196,140],"tags":[16552,217,48146,4355],"class_list":["post-83562","post","type-post","status-publish","format-standard","has-post-thumbnail","hentry","category-home","category-in-primo-piano","category-news","category-reggio-calabria","tag-ad-pietro-ciucci","tag-corte-dei-conti","tag-obiettivo-primi-cantieri-entro-fine-anno","tag-ponte-sullo-stretto"],"yoast_head":"<!-- This site is optimized with the Yoast SEO plugin v27.2 - https:\/\/yoast.com\/product\/yoast-seo-wordpress\/ -->\n<title>Ponte Stretto, Ciucci: &quot;Obiettivo primi cantieri entro fine anno&quot;<\/title>\n<meta name=\"description\" content=\"&quot;Non vogliamo dare scadenze alla Corte dei Conti che deve completare le sue attivit\u00e0 sulla base delle procedure&quot;, ha dichiarato Ciucci\" \/>\n<meta name=\"robots\" content=\"index, follow, max-snippet:-1, max-image-preview:large, max-video-preview:-1\" \/>\n<link rel=\"canonical\" href=\"https:\/\/progettotouring.it\/radiotouring104\/2025\/10\/08\/ponte-sullo-stretto-ciucci-obiettivo-primi-cantieri-entro-fine-anno\/\" \/>\n<meta property=\"og:locale\" content=\"it_IT\" \/>\n<meta property=\"og:type\" content=\"article\" \/>\n<meta property=\"og:title\" content=\"Ponte Stretto, Ciucci: &quot;Obiettivo primi cantieri entro fine anno&quot;\" \/>\n<meta property=\"og:description\" content=\"&quot;Non vogliamo dare scadenze alla Corte dei Conti che deve completare le sue attivit\u00e0 sulla base delle procedure&quot;, ha dichiarato Ciucci\" \/>\n<meta property=\"og:url\" content=\"https:\/\/progettotouring.it\/radiotouring104\/2025\/10\/08\/ponte-sullo-stretto-ciucci-obiettivo-primi-cantieri-entro-fine-anno\/\" \/>\n<meta property=\"og:site_name\" content=\"Radio Touring 104\" \/>\n<meta property=\"article:published_time\" content=\"2025-10-08T10:15:43+00:00\" \/>\n<meta property=\"og:image\" content=\"https:\/\/progettotouring.it\/radiotouring104\/wp-content\/uploads\/sites\/6\/2023\/04\/PontesulloStretto.jpg\" \/>\n\t<meta property=\"og:image:width\" content=\"665\" \/>\n\t<meta property=\"og:image:height\" content=\"293\" \/>\n\t<meta property=\"og:image:type\" content=\"image\/jpeg\" \/>\n<meta name=\"author\" content=\"Sebastiano Plutino\" \/>\n<meta name=\"twitter:card\" content=\"summary_large_image\" \/>\n<meta name=\"twitter:label1\" content=\"Scritto da\" \/>\n\t<meta name=\"twitter:data1\" content=\"Sebastiano Plutino\" \/>\n\t<meta name=\"twitter:label2\" content=\"Tempo di lettura stimato\" \/>\n\t<meta name=\"twitter:data2\" content=\"1 minuto\" \/>\n<script type=\"application\/ld+json\" class=\"yoast-schema-graph\">{\"@context\":\"https:\/\/schema.org\",\"@graph\":[{\"@type\":\"Article\",\"@id\":\"https:\/\/progettotouring.it\/radiotouring104\/2025\/10\/08\/ponte-sullo-stretto-ciucci-obiettivo-primi-cantieri-entro-fine-anno\/#article\",\"isPartOf\":{\"@id\":\"https:\/\/progettotouring.it\/radiotouring104\/2025\/10\/08\/ponte-sullo-stretto-ciucci-obiettivo-primi-cantieri-entro-fine-anno\/\"},\"author\":{\"name\":\"Sebastiano Plutino\",\"@id\":\"https:\/\/progettotouring.it\/radiotouring104\/#\/schema\/person\/78613917f1851f041f7483f5af1d422e\"},\"headline\":\"Ponte sullo Stretto, Ciucci: &#8220;Obiettivo primi cantieri entro fine anno&#8221;\",\"datePublished\":\"2025-10-08T10:15:43+00:00\",\"mainEntityOfPage\":{\"@id\":\"https:\/\/progettotouring.it\/radiotouring104\/2025\/10\/08\/ponte-sullo-stretto-ciucci-obiettivo-primi-cantieri-entro-fine-anno\/\"},\"wordCount\":127,\"publisher\":{\"@id\":\"https:\/\/progettotouring.it\/radiotouring104\/#organization\"},\"image\":{\"@id\":\"https:\/\/progettotouring.it\/radiotouring104\/2025\/10\/08\/ponte-sullo-stretto-ciucci-obiettivo-primi-cantieri-entro-fine-anno\/#primaryimage\"},\"thumbnailUrl\":\"https:\/\/progettotouring.it\/radiotouring104\/wp-content\/uploads\/sites\/6\/2023\/04\/PontesulloStretto.jpg\",\"keywords\":[\"ad Pietro Ciucci\",\"Corte dei conti\",\"Obiettivo primi cantieri entro fine anno\",\"Ponte sullo stretto\"],\"articleSection\":[\"Home\",\"In primo piano\",\"News\",\"Reggio Calabria\"],\"inLanguage\":\"it-IT\"},{\"@type\":\"WebPage\",\"@id\":\"https:\/\/progettotouring.it\/radiotouring104\/2025\/10\/08\/ponte-sullo-stretto-ciucci-obiettivo-primi-cantieri-entro-fine-anno\/\",\"url\":\"https:\/\/progettotouring.it\/radiotouring104\/2025\/10\/08\/ponte-sullo-stretto-ciucci-obiettivo-primi-cantieri-entro-fine-anno\/\",\"name\":\"Ponte Stretto, Ciucci: \\\"Obiettivo primi cantieri entro fine anno\\\"\",\"isPartOf\":{\"@id\":\"https:\/\/progettotouring.it\/radiotouring104\/#website\"},\"primaryImageOfPage\":{\"@id\":\"https:\/\/progettotouring.it\/radiotouring104\/2025\/10\/08\/ponte-sullo-stretto-ciucci-obiettivo-primi-cantieri-entro-fine-anno\/#primaryimage\"},\"image\":{\"@id\":\"https:\/\/progettotouring.it\/radiotouring104\/2025\/10\/08\/ponte-sullo-stretto-ciucci-obiettivo-primi-cantieri-entro-fine-anno\/#primaryimage\"},\"thumbnailUrl\":\"https:\/\/progettotouring.it\/radiotouring104\/wp-content\/uploads\/sites\/6\/2023\/04\/PontesulloStretto.jpg\",\"datePublished\":\"2025-10-08T10:15:43+00:00\",\"description\":\"\\\"Non vogliamo dare scadenze alla Corte dei Conti che deve completare le sue attivit\u00e0 sulla base delle procedure\\\", ha dichiarato Ciucci\",\"breadcrumb\":{\"@id\":\"https:\/\/progettotouring.it\/radiotouring104\/2025\/10\/08\/ponte-sullo-stretto-ciucci-obiettivo-primi-cantieri-entro-fine-anno\/#breadcrumb\"},\"inLanguage\":\"it-IT\",\"potentialAction\":[{\"@type\":\"ReadAction\",\"target\":[\"https:\/\/progettotouring.it\/radiotouring104\/2025\/10\/08\/ponte-sullo-stretto-ciucci-obiettivo-primi-cantieri-entro-fine-anno\/\"]}]},{\"@type\":\"ImageObject\",\"inLanguage\":\"it-IT\",\"@id\":\"https:\/\/progettotouring.it\/radiotouring104\/2025\/10\/08\/ponte-sullo-stretto-ciucci-obiettivo-primi-cantieri-entro-fine-anno\/#primaryimage\",\"url\":\"https:\/\/progettotouring.it\/radiotouring104\/wp-content\/uploads\/sites\/6\/2023\/04\/PontesulloStretto.jpg\",\"contentUrl\":\"https:\/\/progettotouring.it\/radiotouring104\/wp-content\/uploads\/sites\/6\/2023\/04\/PontesulloStretto.jpg\",\"width\":665,\"height\":293},{\"@type\":\"BreadcrumbList\",\"@id\":\"https:\/\/progettotouring.it\/radiotouring104\/2025\/10\/08\/ponte-sullo-stretto-ciucci-obiettivo-primi-cantieri-entro-fine-anno\/#breadcrumb\",\"itemListElement\":[{\"@type\":\"ListItem\",\"position\":1,\"name\":\"Home\",\"item\":\"https:\/\/progettotouring.it\/radiotouring104\/\"},{\"@type\":\"ListItem\",\"position\":2,\"name\":\"Ponte sullo Stretto, Ciucci: &#8220;Obiettivo primi cantieri entro fine anno&#8221;\"}]},{\"@type\":\"WebSite\",\"@id\":\"https:\/\/progettotouring.it\/radiotouring104\/#website\",\"url\":\"https:\/\/progettotouring.it\/radiotouring104\/\",\"name\":\"Radio Touring 104\",\"description\":\"La prima radio Reggina\",\"publisher\":{\"@id\":\"https:\/\/progettotouring.it\/radiotouring104\/#organization\"},\"potentialAction\":[{\"@type\":\"SearchAction\",\"target\":{\"@type\":\"EntryPoint\",\"urlTemplate\":\"https:\/\/progettotouring.it\/radiotouring104\/?s={search_term_string}\"},\"query-input\":{\"@type\":\"PropertyValueSpecification\",\"valueRequired\":true,\"valueName\":\"search_term_string\"}}],\"inLanguage\":\"it-IT\"},{\"@type\":\"Organization\",\"@id\":\"https:\/\/progettotouring.it\/radiotouring104\/#organization\",\"name\":\"Radio Touring 104\",\"url\":\"https:\/\/progettotouring.it\/radiotouring104\/\",\"logo\":{\"@type\":\"ImageObject\",\"inLanguage\":\"it-IT\",\"@id\":\"https:\/\/progettotouring.it\/radiotouring104\/#\/schema\/logo\/image\/\",\"url\":\"https:\/\/progettotouring.it\/radiotouring104\/wp-content\/uploads\/sites\/6\/2022\/02\/cropped-logo-radio-touring-104.png\",\"contentUrl\":\"https:\/\/progettotouring.it\/radiotouring104\/wp-content\/uploads\/sites\/6\/2022\/02\/cropped-logo-radio-touring-104.png\",\"width\":377,\"height\":182,\"caption\":\"Radio Touring 104\"},\"image\":{\"@id\":\"https:\/\/progettotouring.it\/radiotouring104\/#\/schema\/logo\/image\/\"}},{\"@type\":\"Person\",\"@id\":\"https:\/\/progettotouring.it\/radiotouring104\/#\/schema\/person\/78613917f1851f041f7483f5af1d422e\",\"name\":\"Sebastiano Plutino\",\"image\":{\"@type\":\"ImageObject\",\"inLanguage\":\"it-IT\",\"@id\":\"https:\/\/secure.gravatar.com\/avatar\/0546ffaa9b79224faf9f2a156b67a529ae861d3287c66c1d8ccfdf909bcba78d?s=96&d=mm&r=g\",\"url\":\"https:\/\/secure.gravatar.com\/avatar\/0546ffaa9b79224faf9f2a156b67a529ae861d3287c66c1d8ccfdf909bcba78d?s=96&d=mm&r=g\",\"contentUrl\":\"https:\/\/secure.gravatar.com\/avatar\/0546ffaa9b79224faf9f2a156b67a529ae861d3287c66c1d8ccfdf909bcba78d?s=96&d=mm&r=g\",\"caption\":\"Sebastiano Plutino\"},\"url\":\"https:\/\/progettotouring.it\/radiotouring104\/author\/sebastiano\/\"}]}<\/script>\n<!-- \/ Yoast SEO plugin. -->","yoast_head_json":{"title":"Ponte Stretto, Ciucci: \"Obiettivo primi cantieri entro fine anno\"","description":"\"Non vogliamo dare scadenze alla Corte dei Conti che deve completare le sue attivit\u00e0 sulla base delle procedure\", ha dichiarato Ciucci","robots":{"index":"index","follow":"follow","max-snippet":"max-snippet:-1","max-image-preview":"max-image-preview:large","max-video-preview":"max-video-preview:-1"},"canonical":"https:\/\/progettotouring.it\/radiotouring104\/2025\/10\/08\/ponte-sullo-stretto-ciucci-obiettivo-primi-cantieri-entro-fine-anno\/","og_locale":"it_IT","og_type":"article","og_title":"Ponte Stretto, Ciucci: \"Obiettivo primi cantieri entro fine anno\"","og_description":"\"Non vogliamo dare scadenze alla Corte dei Conti che deve completare le sue attivit\u00e0 sulla base delle procedure\", ha dichiarato Ciucci","og_url":"https:\/\/progettotouring.it\/radiotouring104\/2025\/10\/08\/ponte-sullo-stretto-ciucci-obiettivo-primi-cantieri-entro-fine-anno\/","og_site_name":"Radio Touring 104","article_published_time":"2025-10-08T10:15:43+00:00","og_image":[{"width":665,"height":293,"url":"https:\/\/progettotouring.it\/radiotouring104\/wp-content\/uploads\/sites\/6\/2023\/04\/PontesulloStretto.jpg","type":"image\/jpeg"}],"author":"Sebastiano Plutino","twitter_card":"summary_large_image","twitter_misc":{"Scritto da":"Sebastiano Plutino","Tempo di lettura stimato":"1 minuto"},"schema":{"@context":"https:\/\/schema.org","@graph":[{"@type":"Article","@id":"https:\/\/progettotouring.it\/radiotouring104\/2025\/10\/08\/ponte-sullo-stretto-ciucci-obiettivo-primi-cantieri-entro-fine-anno\/#article","isPartOf":{"@id":"https:\/\/progettotouring.it\/radiotouring104\/2025\/10\/08\/ponte-sullo-stretto-ciucci-obiettivo-primi-cantieri-entro-fine-anno\/"},"author":{"name":"Sebastiano Plutino","@id":"https:\/\/progettotouring.it\/radiotouring104\/#\/schema\/person\/78613917f1851f041f7483f5af1d422e"},"headline":"Ponte sullo Stretto, Ciucci: &#8220;Obiettivo primi cantieri entro fine anno&#8221;","datePublished":"2025-10-08T10:15:43+00:00","mainEntityOfPage":{"@id":"https:\/\/progettotouring.it\/radiotouring104\/2025\/10\/08\/ponte-sullo-stretto-ciucci-obiettivo-primi-cantieri-entro-fine-anno\/"},"wordCount":127,"publisher":{"@id":"https:\/\/progettotouring.it\/radiotouring104\/#organization"},"image":{"@id":"https:\/\/progettotouring.it\/radiotouring104\/2025\/10\/08\/ponte-sullo-stretto-ciucci-obiettivo-primi-cantieri-entro-fine-anno\/#primaryimage"},"thumbnailUrl":"https:\/\/progettotouring.it\/radiotouring104\/wp-content\/uploads\/sites\/6\/2023\/04\/PontesulloStretto.jpg","keywords":["ad Pietro Ciucci","Corte dei conti","Obiettivo primi cantieri entro fine anno","Ponte sullo stretto"],"articleSection":["Home","In primo piano","News","Reggio Calabria"],"inLanguage":"it-IT"},{"@type":"WebPage","@id":"https:\/\/progettotouring.it\/radiotouring104\/2025\/10\/08\/ponte-sullo-stretto-ciucci-obiettivo-primi-cantieri-entro-fine-anno\/","url":"https:\/\/progettotouring.it\/radiotouring104\/2025\/10\/08\/ponte-sullo-stretto-ciucci-obiettivo-primi-cantieri-entro-fine-anno\/","name":"Ponte Stretto, Ciucci: \"Obiettivo primi cantieri entro fine anno\"","isPartOf":{"@id":"https:\/\/progettotouring.it\/radiotouring104\/#website"},"primaryImageOfPage":{"@id":"https:\/\/progettotouring.it\/radiotouring104\/2025\/10\/08\/ponte-sullo-stretto-ciucci-obiettivo-primi-cantieri-entro-fine-anno\/#primaryimage"},"image":{"@id":"https:\/\/progettotouring.it\/radiotouring104\/2025\/10\/08\/ponte-sullo-stretto-ciucci-obiettivo-primi-cantieri-entro-fine-anno\/#primaryimage"},"thumbnailUrl":"https:\/\/progettotouring.it\/radiotouring104\/wp-content\/uploads\/sites\/6\/2023\/04\/PontesulloStretto.jpg","datePublished":"2025-10-08T10:15:43+00:00","description":"\"Non vogliamo dare scadenze alla Corte dei Conti che deve completare le sue attivit\u00e0 sulla base delle procedure\", ha dichiarato Ciucci","breadcrumb":{"@id":"https:\/\/progettotouring.it\/radiotouring104\/2025\/10\/08\/ponte-sullo-stretto-ciucci-obiettivo-primi-cantieri-entro-fine-anno\/#breadcrumb"},"inLanguage":"it-IT","potentialAction":[{"@type":"ReadAction","target":["https:\/\/progettotouring.it\/radiotouring104\/2025\/10\/08\/ponte-sullo-stretto-ciucci-obiettivo-primi-cantieri-entro-fine-anno\/"]}]},{"@type":"ImageObject","inLanguage":"it-IT","@id":"https:\/\/progettotouring.it\/radiotouring104\/2025\/10\/08\/ponte-sullo-stretto-ciucci-obiettivo-primi-cantieri-entro-fine-anno\/#primaryimage","url":"https:\/\/progettotouring.it\/radiotouring104\/wp-content\/uploads\/sites\/6\/2023\/04\/PontesulloStretto.jpg","contentUrl":"https:\/\/progettotouring.it\/radiotouring104\/wp-content\/uploads\/sites\/6\/2023\/04\/PontesulloStretto.jpg","width":665,"height":293},{"@type":"BreadcrumbList","@id":"https:\/\/progettotouring.it\/radiotouring104\/2025\/10\/08\/ponte-sullo-stretto-ciucci-obiettivo-primi-cantieri-entro-fine-anno\/#breadcrumb","itemListElement":[{"@type":"ListItem","position":1,"name":"Home","item":"https:\/\/progettotouring.it\/radiotouring104\/"},{"@type":"ListItem","position":2,"name":"Ponte sullo Stretto, Ciucci: &#8220;Obiettivo primi cantieri entro fine anno&#8221;"}]},{"@type":"WebSite","@id":"https:\/\/progettotouring.it\/radiotouring104\/#website","url":"https:\/\/progettotouring.it\/radiotouring104\/","name":"Radio Touring 104","description":"La prima radio Reggina","publisher":{"@id":"https:\/\/progettotouring.it\/radiotouring104\/#organization"},"potentialAction":[{"@type":"SearchAction","target":{"@type":"EntryPoint","urlTemplate":"https:\/\/progettotouring.it\/radiotouring104\/?s={search_term_string}"},"query-input":{"@type":"PropertyValueSpecification","valueRequired":true,"valueName":"search_term_string"}}],"inLanguage":"it-IT"},{"@type":"Organization","@id":"https:\/\/progettotouring.it\/radiotouring104\/#organization","name":"Radio Touring 104","url":"https:\/\/progettotouring.it\/radiotouring104\/","logo":{"@type":"ImageObject","inLanguage":"it-IT","@id":"https:\/\/progettotouring.it\/radiotouring104\/#\/schema\/logo\/image\/","url":"https:\/\/progettotouring.it\/radiotouring104\/wp-content\/uploads\/sites\/6\/2022\/02\/cropped-logo-radio-touring-104.png","contentUrl":"https:\/\/progettotouring.it\/radiotouring104\/wp-content\/uploads\/sites\/6\/2022\/02\/cropped-logo-radio-touring-104.png","width":377,"height":182,"caption":"Radio Touring 104"},"image":{"@id":"https:\/\/progettotouring.it\/radiotouring104\/#\/schema\/logo\/image\/"}},{"@type":"Person","@id":"https:\/\/progettotouring.it\/radiotouring104\/#\/schema\/person\/78613917f1851f041f7483f5af1d422e","name":"Sebastiano Plutino","image":{"@type":"ImageObject","inLanguage":"it-IT","@id":"https:\/\/secure.gravatar.com\/avatar\/0546ffaa9b79224faf9f2a156b67a529ae861d3287c66c1d8ccfdf909bcba78d?s=96&d=mm&r=g","url":"https:\/\/secure.gravatar.com\/avatar\/0546ffaa9b79224faf9f2a156b67a529ae861d3287c66c1d8ccfdf909bcba78d?s=96&d=mm&r=g","contentUrl":"https:\/\/secure.gravatar.com\/avatar\/0546ffaa9b79224faf9f2a156b67a529ae861d3287c66c1d8ccfdf909bcba78d?s=96&d=mm&r=g","caption":"Sebastiano Plutino"},"url":"https:\/\/progettotouring.it\/radiotouring104\/author\/sebastiano\/"}]}},"jetpack_publicize_connections":[],"jetpack_featured_media_url":"https:\/\/progettotouring.it\/radiotouring104\/wp-content\/uploads\/sites\/6\/2023\/04\/PontesulloStretto.jpg","jetpack_sharing_enabled":true,"_links":{"self":[{"href":"https:\/\/progettotouring.it\/radiotouring104\/wp-json\/wp\/v2\/posts\/83562","targetHints":{"allow":["GET"]}}],"collection":[{"href":"https:\/\/progettotouring.it\/radiotouring104\/wp-json\/wp\/v2\/posts"}],"about":[{"href":"https:\/\/progettotouring.it\/radiotouring104\/wp-json\/wp\/v2\/types\/post"}],"author":[{"embeddable":true,"href":"https:\/\/progettotouring.it\/radiotouring104\/wp-json\/wp\/v2\/users\/12"}],"replies":[{"embeddable":true,"href":"https:\/\/progettotouring.it\/radiotouring104\/wp-json\/wp\/v2\/comments?post=83562"}],"version-history":[{"count":1,"href":"https:\/\/progettotouring.it\/radiotouring104\/wp-json\/wp\/v2\/posts\/83562\/revisions"}],"predecessor-version":[{"id":83563,"href":"https:\/\/progettotouring.it\/radiotouring104\/wp-json\/wp\/v2\/posts\/83562\/revisions\/83563"}],"wp:featuredmedia":[{"embeddable":true,"href":"https:\/\/progettotouring.it\/radiotouring104\/wp-json\/wp\/v2\/media\/22931"}],"wp:attachment":[{"href":"https:\/\/progettotouring.it\/radiotouring104\/wp-json\/wp\/v2\/media?parent=83562"}],"wp:term":[{"taxonomy":"category","embeddable":true,"href":"https:\/\/progettotouring.it\/radiotouring104\/wp-json\/wp\/v2\/categories?post=83562"},{"taxonomy":"post_tag","embeddable":true,"href":"https:\/\/progettotouring.it\/radiotouring104\/wp-json\/wp\/v2\/tags?post=83562"}],"curies":[{"name":"wp","href":"https:\/\/api.w.org\/{rel}","templated":true}]}}