{"id":83564,"date":"2025-10-08T12:23:41","date_gmt":"2025-10-08T10:23:41","guid":{"rendered":"https:\/\/progettotouring.it\/radiotouring104\/?p=83564"},"modified":"2025-10-08T12:23:41","modified_gmt":"2025-10-08T10:23:41","slug":"ponte-sullo-stretto-la-cigl-scrive-a-sejourne-ritirare-il-progetto","status":"publish","type":"post","link":"https:\/\/progettotouring.it\/radiotouring104\/2025\/10\/08\/ponte-sullo-stretto-la-cigl-scrive-a-sejourne-ritirare-il-progetto\/","title":{"rendered":"Ponte sullo Stretto, la Cigl scrive a S\u00e9journ\u00e9: &#8220;Ritirare il Progetto&#8221;"},"content":{"rendered":"<p>&#8220;Ribadiamo che il governo dovrebbe ritirare il progetto del ponte sullo Stretto di Messina dopo i sostanziali rilievi della Corte dei Conti sugli iter di approvazione perseguiti con la massima fretta per l&#8217;avvio dei cantieri. Per questo abbiamo scritto al vicepresidente della Commissione europea, St\u00e9phane S\u00e9journ\u00e9, chiedendogli un incontro e, poich\u00e9 \u00e8 stato riattivato un appalto di oltre vent&#8217;anni fa che ha subito un incremento di prezzo di oltre il 300%, la verifica del pieno rispetto della Direttiva sugli appalti pubblici&#8221;, cos\u00ec il segretario confederale della Cgil Pino Gesmundo.<\/p>\n<p>Il dirigente sindacale precisa che: &#8220;Questa verifica preventiva era stata gi\u00e0 suggerita al governo dall&#8217;Anac qualche mese fa. Riteniamo davvero irresponsabile, in particolare in questa fase di difficolt\u00e0 industriale e sociale, che l&#8217;esecutivo scelga di esporre il Paese al concreto rischio di sprecare ingenti risorse e di ricadere in infrazioni ed irregolarit\u00e0 che possono portare a penali e a danni rilevanti negli anni futuri&#8221;.<\/p>\n<p>&#8220;\u00c8 inoltre irresponsabile &#8211; aggiunge Gesmundo &#8211; bloccare 13,5 miliardi di euro in questo progetto mentre servono urgentemente risorse per le infrastrutture necessarie al Mezzogiorno, per completare i progetti in corso e far lavorare con continuit\u00e0 le imprese del settore delle costruzioni&#8221;.<\/p>\n<p>Il segretario confederale della Cgil sottolinea che &#8220;basta leggere il recente rapporto sulle opere strategiche infrastrutturali della Camera dei Deputati (Silos) per vedere che per quelle di Calabria e Sicilia programmate e in corso di realizzazione ad oggi mancano risorse per un ammontare di 18 miliardi, di cui oltre 8 per le opere ferroviarie e 10 per strade e autostrade. Allo stesso tempo &#8211; conclude &#8211; occorre un forte impegno politico e tecnico per realizzare le tante opere in corso, molte delle quali registrano rallentamenti preoccupanti, mentre le imprese denunciano difficolt\u00e0 a reperire manodopera specializzata&#8221;<\/p>\n","protected":false},"excerpt":{"rendered":"<p>&#8220;Ribadiamo che il governo dovrebbe ritirare il progetto del ponte sullo Stretto di Messina dopo i sostanziali rilievi della Corte dei Conti sugli iter di approvazione perseguiti con la massima&hellip;<\/p>\n","protected":false},"author":12,"featured_media":16974,"comment_status":"closed","ping_status":"open","sticky":false,"template":"","format":"standard","meta":{"_jetpack_memberships_contains_paid_content":false,"footnotes":"","jetpack_publicize_message":"","jetpack_publicize_feature_enabled":true,"jetpack_social_post_already_shared":true,"jetpack_social_options":{"image_generator_settings":{"template":"highway","default_image_id":0,"font":"","enabled":false},"version":2}},"categories":[921,196,140],"tags":[217,4355,48149,48147,48148],"class_list":["post-83564","post","type-post","status-publish","format-standard","has-post-thumbnail","hentry","category-home","category-news","category-reggio-calabria","tag-corte-dei-conti","tag-ponte-sullo-stretto","tag-ritirare-il-progetto","tag-segretario-confederale-della-cgil-pino-gesmundo","tag-stephane-sejourne"],"yoast_head":"<!-- This site is optimized with the Yoast SEO plugin v27.2 - https:\/\/yoast.com\/product\/yoast-seo-wordpress\/ -->\n<title>Ponte sullo Stretto, la Cigl scrive a S\u00e9journ\u00e9: &quot;Ritirare il Progetto&quot;<\/title>\n<meta name=\"description\" content=\"Il Segretario Gesmundo scrive al vicepresidente della Commissione UE chiedendo al Governo di ritirare il progetto, dopo i rilievi della Corte\" \/>\n<meta name=\"robots\" content=\"index, follow, max-snippet:-1, max-image-preview:large, max-video-preview:-1\" \/>\n<link rel=\"canonical\" href=\"https:\/\/progettotouring.it\/radiotouring104\/2025\/10\/08\/ponte-sullo-stretto-la-cigl-scrive-a-sejourne-ritirare-il-progetto\/\" \/>\n<meta property=\"og:locale\" content=\"it_IT\" \/>\n<meta property=\"og:type\" content=\"article\" \/>\n<meta property=\"og:title\" content=\"Ponte sullo Stretto, la Cigl scrive a S\u00e9journ\u00e9: &quot;Ritirare il Progetto&quot;\" \/>\n<meta property=\"og:description\" content=\"Il Segretario Gesmundo scrive al vicepresidente della Commissione UE chiedendo al Governo di ritirare il progetto, dopo i rilievi della Corte\" \/>\n<meta property=\"og:url\" content=\"https:\/\/progettotouring.it\/radiotouring104\/2025\/10\/08\/ponte-sullo-stretto-la-cigl-scrive-a-sejourne-ritirare-il-progetto\/\" \/>\n<meta property=\"og:site_name\" content=\"Radio Touring 104\" \/>\n<meta property=\"article:published_time\" content=\"2025-10-08T10:23:41+00:00\" \/>\n<meta property=\"og:image\" content=\"https:\/\/progettotouring.it\/radiotouring104\/wp-content\/uploads\/sites\/6\/2023\/01\/ponte-sullo-stretto.jpg\" \/>\n\t<meta property=\"og:image:width\" content=\"656\" \/>\n\t<meta property=\"og:image:height\" content=\"492\" \/>\n\t<meta property=\"og:image:type\" content=\"image\/jpeg\" \/>\n<meta name=\"author\" content=\"Sebastiano Plutino\" \/>\n<meta name=\"twitter:card\" content=\"summary_large_image\" \/>\n<meta name=\"twitter:label1\" content=\"Scritto da\" \/>\n\t<meta name=\"twitter:data1\" content=\"Sebastiano Plutino\" \/>\n\t<meta name=\"twitter:label2\" content=\"Tempo di lettura stimato\" \/>\n\t<meta name=\"twitter:data2\" content=\"1 minuto\" \/>\n<script type=\"application\/ld+json\" class=\"yoast-schema-graph\">{\"@context\":\"https:\/\/schema.org\",\"@graph\":[{\"@type\":\"Article\",\"@id\":\"https:\/\/progettotouring.it\/radiotouring104\/2025\/10\/08\/ponte-sullo-stretto-la-cigl-scrive-a-sejourne-ritirare-il-progetto\/#article\",\"isPartOf\":{\"@id\":\"https:\/\/progettotouring.it\/radiotouring104\/2025\/10\/08\/ponte-sullo-stretto-la-cigl-scrive-a-sejourne-ritirare-il-progetto\/\"},\"author\":{\"name\":\"Sebastiano Plutino\",\"@id\":\"https:\/\/progettotouring.it\/radiotouring104\/#\/schema\/person\/78613917f1851f041f7483f5af1d422e\"},\"headline\":\"Ponte sullo Stretto, la Cigl scrive a S\u00e9journ\u00e9: &#8220;Ritirare il Progetto&#8221;\",\"datePublished\":\"2025-10-08T10:23:41+00:00\",\"mainEntityOfPage\":{\"@id\":\"https:\/\/progettotouring.it\/radiotouring104\/2025\/10\/08\/ponte-sullo-stretto-la-cigl-scrive-a-sejourne-ritirare-il-progetto\/\"},\"wordCount\":297,\"publisher\":{\"@id\":\"https:\/\/progettotouring.it\/radiotouring104\/#organization\"},\"image\":{\"@id\":\"https:\/\/progettotouring.it\/radiotouring104\/2025\/10\/08\/ponte-sullo-stretto-la-cigl-scrive-a-sejourne-ritirare-il-progetto\/#primaryimage\"},\"thumbnailUrl\":\"https:\/\/progettotouring.it\/radiotouring104\/wp-content\/uploads\/sites\/6\/2023\/01\/ponte-sullo-stretto.jpg\",\"keywords\":[\"Corte dei conti\",\"Ponte sullo stretto\",\"Ritirare il Progetto\",\"segretario confederale della Cgil Pino Gesmundo.\",\"St\u00e9phane S\u00e9journ\u00e9\"],\"articleSection\":[\"Home\",\"News\",\"Reggio Calabria\"],\"inLanguage\":\"it-IT\"},{\"@type\":\"WebPage\",\"@id\":\"https:\/\/progettotouring.it\/radiotouring104\/2025\/10\/08\/ponte-sullo-stretto-la-cigl-scrive-a-sejourne-ritirare-il-progetto\/\",\"url\":\"https:\/\/progettotouring.it\/radiotouring104\/2025\/10\/08\/ponte-sullo-stretto-la-cigl-scrive-a-sejourne-ritirare-il-progetto\/\",\"name\":\"Ponte sullo Stretto, la Cigl scrive a S\u00e9journ\u00e9: \\\"Ritirare il Progetto\\\"\",\"isPartOf\":{\"@id\":\"https:\/\/progettotouring.it\/radiotouring104\/#website\"},\"primaryImageOfPage\":{\"@id\":\"https:\/\/progettotouring.it\/radiotouring104\/2025\/10\/08\/ponte-sullo-stretto-la-cigl-scrive-a-sejourne-ritirare-il-progetto\/#primaryimage\"},\"image\":{\"@id\":\"https:\/\/progettotouring.it\/radiotouring104\/2025\/10\/08\/ponte-sullo-stretto-la-cigl-scrive-a-sejourne-ritirare-il-progetto\/#primaryimage\"},\"thumbnailUrl\":\"https:\/\/progettotouring.it\/radiotouring104\/wp-content\/uploads\/sites\/6\/2023\/01\/ponte-sullo-stretto.jpg\",\"datePublished\":\"2025-10-08T10:23:41+00:00\",\"description\":\"Il Segretario Gesmundo scrive al vicepresidente della Commissione UE chiedendo al Governo di ritirare il progetto, dopo i rilievi della Corte\",\"breadcrumb\":{\"@id\":\"https:\/\/progettotouring.it\/radiotouring104\/2025\/10\/08\/ponte-sullo-stretto-la-cigl-scrive-a-sejourne-ritirare-il-progetto\/#breadcrumb\"},\"inLanguage\":\"it-IT\",\"potentialAction\":[{\"@type\":\"ReadAction\",\"target\":[\"https:\/\/progettotouring.it\/radiotouring104\/2025\/10\/08\/ponte-sullo-stretto-la-cigl-scrive-a-sejourne-ritirare-il-progetto\/\"]}]},{\"@type\":\"ImageObject\",\"inLanguage\":\"it-IT\",\"@id\":\"https:\/\/progettotouring.it\/radiotouring104\/2025\/10\/08\/ponte-sullo-stretto-la-cigl-scrive-a-sejourne-ritirare-il-progetto\/#primaryimage\",\"url\":\"https:\/\/progettotouring.it\/radiotouring104\/wp-content\/uploads\/sites\/6\/2023\/01\/ponte-sullo-stretto.jpg\",\"contentUrl\":\"https:\/\/progettotouring.it\/radiotouring104\/wp-content\/uploads\/sites\/6\/2023\/01\/ponte-sullo-stretto.jpg\",\"width\":656,\"height\":492},{\"@type\":\"BreadcrumbList\",\"@id\":\"https:\/\/progettotouring.it\/radiotouring104\/2025\/10\/08\/ponte-sullo-stretto-la-cigl-scrive-a-sejourne-ritirare-il-progetto\/#breadcrumb\",\"itemListElement\":[{\"@type\":\"ListItem\",\"position\":1,\"name\":\"Home\",\"item\":\"https:\/\/progettotouring.it\/radiotouring104\/\"},{\"@type\":\"ListItem\",\"position\":2,\"name\":\"Ponte sullo Stretto, la Cigl scrive a S\u00e9journ\u00e9: &#8220;Ritirare il Progetto&#8221;\"}]},{\"@type\":\"WebSite\",\"@id\":\"https:\/\/progettotouring.it\/radiotouring104\/#website\",\"url\":\"https:\/\/progettotouring.it\/radiotouring104\/\",\"name\":\"Radio Touring 104\",\"description\":\"La prima radio Reggina\",\"publisher\":{\"@id\":\"https:\/\/progettotouring.it\/radiotouring104\/#organization\"},\"potentialAction\":[{\"@type\":\"SearchAction\",\"target\":{\"@type\":\"EntryPoint\",\"urlTemplate\":\"https:\/\/progettotouring.it\/radiotouring104\/?s={search_term_string}\"},\"query-input\":{\"@type\":\"PropertyValueSpecification\",\"valueRequired\":true,\"valueName\":\"search_term_string\"}}],\"inLanguage\":\"it-IT\"},{\"@type\":\"Organization\",\"@id\":\"https:\/\/progettotouring.it\/radiotouring104\/#organization\",\"name\":\"Radio Touring 104\",\"url\":\"https:\/\/progettotouring.it\/radiotouring104\/\",\"logo\":{\"@type\":\"ImageObject\",\"inLanguage\":\"it-IT\",\"@id\":\"https:\/\/progettotouring.it\/radiotouring104\/#\/schema\/logo\/image\/\",\"url\":\"https:\/\/progettotouring.it\/radiotouring104\/wp-content\/uploads\/sites\/6\/2022\/02\/cropped-logo-radio-touring-104.png\",\"contentUrl\":\"https:\/\/progettotouring.it\/radiotouring104\/wp-content\/uploads\/sites\/6\/2022\/02\/cropped-logo-radio-touring-104.png\",\"width\":377,\"height\":182,\"caption\":\"Radio Touring 104\"},\"image\":{\"@id\":\"https:\/\/progettotouring.it\/radiotouring104\/#\/schema\/logo\/image\/\"}},{\"@type\":\"Person\",\"@id\":\"https:\/\/progettotouring.it\/radiotouring104\/#\/schema\/person\/78613917f1851f041f7483f5af1d422e\",\"name\":\"Sebastiano Plutino\",\"image\":{\"@type\":\"ImageObject\",\"inLanguage\":\"it-IT\",\"@id\":\"https:\/\/secure.gravatar.com\/avatar\/0546ffaa9b79224faf9f2a156b67a529ae861d3287c66c1d8ccfdf909bcba78d?s=96&d=mm&r=g\",\"url\":\"https:\/\/secure.gravatar.com\/avatar\/0546ffaa9b79224faf9f2a156b67a529ae861d3287c66c1d8ccfdf909bcba78d?s=96&d=mm&r=g\",\"contentUrl\":\"https:\/\/secure.gravatar.com\/avatar\/0546ffaa9b79224faf9f2a156b67a529ae861d3287c66c1d8ccfdf909bcba78d?s=96&d=mm&r=g\",\"caption\":\"Sebastiano Plutino\"},\"url\":\"https:\/\/progettotouring.it\/radiotouring104\/author\/sebastiano\/\"}]}<\/script>\n<!-- \/ Yoast SEO plugin. -->","yoast_head_json":{"title":"Ponte sullo Stretto, la Cigl scrive a S\u00e9journ\u00e9: \"Ritirare il Progetto\"","description":"Il Segretario Gesmundo scrive al vicepresidente della Commissione UE chiedendo al Governo di ritirare il progetto, dopo i rilievi della Corte","robots":{"index":"index","follow":"follow","max-snippet":"max-snippet:-1","max-image-preview":"max-image-preview:large","max-video-preview":"max-video-preview:-1"},"canonical":"https:\/\/progettotouring.it\/radiotouring104\/2025\/10\/08\/ponte-sullo-stretto-la-cigl-scrive-a-sejourne-ritirare-il-progetto\/","og_locale":"it_IT","og_type":"article","og_title":"Ponte sullo Stretto, la Cigl scrive a S\u00e9journ\u00e9: \"Ritirare il Progetto\"","og_description":"Il Segretario Gesmundo scrive al vicepresidente della Commissione UE chiedendo al Governo di ritirare il progetto, dopo i rilievi della Corte","og_url":"https:\/\/progettotouring.it\/radiotouring104\/2025\/10\/08\/ponte-sullo-stretto-la-cigl-scrive-a-sejourne-ritirare-il-progetto\/","og_site_name":"Radio Touring 104","article_published_time":"2025-10-08T10:23:41+00:00","og_image":[{"width":656,"height":492,"url":"https:\/\/progettotouring.it\/radiotouring104\/wp-content\/uploads\/sites\/6\/2023\/01\/ponte-sullo-stretto.jpg","type":"image\/jpeg"}],"author":"Sebastiano Plutino","twitter_card":"summary_large_image","twitter_misc":{"Scritto da":"Sebastiano Plutino","Tempo di lettura stimato":"1 minuto"},"schema":{"@context":"https:\/\/schema.org","@graph":[{"@type":"Article","@id":"https:\/\/progettotouring.it\/radiotouring104\/2025\/10\/08\/ponte-sullo-stretto-la-cigl-scrive-a-sejourne-ritirare-il-progetto\/#article","isPartOf":{"@id":"https:\/\/progettotouring.it\/radiotouring104\/2025\/10\/08\/ponte-sullo-stretto-la-cigl-scrive-a-sejourne-ritirare-il-progetto\/"},"author":{"name":"Sebastiano Plutino","@id":"https:\/\/progettotouring.it\/radiotouring104\/#\/schema\/person\/78613917f1851f041f7483f5af1d422e"},"headline":"Ponte sullo Stretto, la Cigl scrive a S\u00e9journ\u00e9: &#8220;Ritirare il Progetto&#8221;","datePublished":"2025-10-08T10:23:41+00:00","mainEntityOfPage":{"@id":"https:\/\/progettotouring.it\/radiotouring104\/2025\/10\/08\/ponte-sullo-stretto-la-cigl-scrive-a-sejourne-ritirare-il-progetto\/"},"wordCount":297,"publisher":{"@id":"https:\/\/progettotouring.it\/radiotouring104\/#organization"},"image":{"@id":"https:\/\/progettotouring.it\/radiotouring104\/2025\/10\/08\/ponte-sullo-stretto-la-cigl-scrive-a-sejourne-ritirare-il-progetto\/#primaryimage"},"thumbnailUrl":"https:\/\/progettotouring.it\/radiotouring104\/wp-content\/uploads\/sites\/6\/2023\/01\/ponte-sullo-stretto.jpg","keywords":["Corte dei conti","Ponte sullo stretto","Ritirare il Progetto","segretario confederale della Cgil Pino Gesmundo.","St\u00e9phane S\u00e9journ\u00e9"],"articleSection":["Home","News","Reggio Calabria"],"inLanguage":"it-IT"},{"@type":"WebPage","@id":"https:\/\/progettotouring.it\/radiotouring104\/2025\/10\/08\/ponte-sullo-stretto-la-cigl-scrive-a-sejourne-ritirare-il-progetto\/","url":"https:\/\/progettotouring.it\/radiotouring104\/2025\/10\/08\/ponte-sullo-stretto-la-cigl-scrive-a-sejourne-ritirare-il-progetto\/","name":"Ponte sullo Stretto, la Cigl scrive a S\u00e9journ\u00e9: \"Ritirare il Progetto\"","isPartOf":{"@id":"https:\/\/progettotouring.it\/radiotouring104\/#website"},"primaryImageOfPage":{"@id":"https:\/\/progettotouring.it\/radiotouring104\/2025\/10\/08\/ponte-sullo-stretto-la-cigl-scrive-a-sejourne-ritirare-il-progetto\/#primaryimage"},"image":{"@id":"https:\/\/progettotouring.it\/radiotouring104\/2025\/10\/08\/ponte-sullo-stretto-la-cigl-scrive-a-sejourne-ritirare-il-progetto\/#primaryimage"},"thumbnailUrl":"https:\/\/progettotouring.it\/radiotouring104\/wp-content\/uploads\/sites\/6\/2023\/01\/ponte-sullo-stretto.jpg","datePublished":"2025-10-08T10:23:41+00:00","description":"Il Segretario Gesmundo scrive al vicepresidente della Commissione UE chiedendo al Governo di ritirare il progetto, dopo i rilievi della Corte","breadcrumb":{"@id":"https:\/\/progettotouring.it\/radiotouring104\/2025\/10\/08\/ponte-sullo-stretto-la-cigl-scrive-a-sejourne-ritirare-il-progetto\/#breadcrumb"},"inLanguage":"it-IT","potentialAction":[{"@type":"ReadAction","target":["https:\/\/progettotouring.it\/radiotouring104\/2025\/10\/08\/ponte-sullo-stretto-la-cigl-scrive-a-sejourne-ritirare-il-progetto\/"]}]},{"@type":"ImageObject","inLanguage":"it-IT","@id":"https:\/\/progettotouring.it\/radiotouring104\/2025\/10\/08\/ponte-sullo-stretto-la-cigl-scrive-a-sejourne-ritirare-il-progetto\/#primaryimage","url":"https:\/\/progettotouring.it\/radiotouring104\/wp-content\/uploads\/sites\/6\/2023\/01\/ponte-sullo-stretto.jpg","contentUrl":"https:\/\/progettotouring.it\/radiotouring104\/wp-content\/uploads\/sites\/6\/2023\/01\/ponte-sullo-stretto.jpg","width":656,"height":492},{"@type":"BreadcrumbList","@id":"https:\/\/progettotouring.it\/radiotouring104\/2025\/10\/08\/ponte-sullo-stretto-la-cigl-scrive-a-sejourne-ritirare-il-progetto\/#breadcrumb","itemListElement":[{"@type":"ListItem","position":1,"name":"Home","item":"https:\/\/progettotouring.it\/radiotouring104\/"},{"@type":"ListItem","position":2,"name":"Ponte sullo Stretto, la Cigl scrive a S\u00e9journ\u00e9: &#8220;Ritirare il Progetto&#8221;"}]},{"@type":"WebSite","@id":"https:\/\/progettotouring.it\/radiotouring104\/#website","url":"https:\/\/progettotouring.it\/radiotouring104\/","name":"Radio Touring 104","description":"La prima radio Reggina","publisher":{"@id":"https:\/\/progettotouring.it\/radiotouring104\/#organization"},"potentialAction":[{"@type":"SearchAction","target":{"@type":"EntryPoint","urlTemplate":"https:\/\/progettotouring.it\/radiotouring104\/?s={search_term_string}"},"query-input":{"@type":"PropertyValueSpecification","valueRequired":true,"valueName":"search_term_string"}}],"inLanguage":"it-IT"},{"@type":"Organization","@id":"https:\/\/progettotouring.it\/radiotouring104\/#organization","name":"Radio Touring 104","url":"https:\/\/progettotouring.it\/radiotouring104\/","logo":{"@type":"ImageObject","inLanguage":"it-IT","@id":"https:\/\/progettotouring.it\/radiotouring104\/#\/schema\/logo\/image\/","url":"https:\/\/progettotouring.it\/radiotouring104\/wp-content\/uploads\/sites\/6\/2022\/02\/cropped-logo-radio-touring-104.png","contentUrl":"https:\/\/progettotouring.it\/radiotouring104\/wp-content\/uploads\/sites\/6\/2022\/02\/cropped-logo-radio-touring-104.png","width":377,"height":182,"caption":"Radio Touring 104"},"image":{"@id":"https:\/\/progettotouring.it\/radiotouring104\/#\/schema\/logo\/image\/"}},{"@type":"Person","@id":"https:\/\/progettotouring.it\/radiotouring104\/#\/schema\/person\/78613917f1851f041f7483f5af1d422e","name":"Sebastiano Plutino","image":{"@type":"ImageObject","inLanguage":"it-IT","@id":"https:\/\/secure.gravatar.com\/avatar\/0546ffaa9b79224faf9f2a156b67a529ae861d3287c66c1d8ccfdf909bcba78d?s=96&d=mm&r=g","url":"https:\/\/secure.gravatar.com\/avatar\/0546ffaa9b79224faf9f2a156b67a529ae861d3287c66c1d8ccfdf909bcba78d?s=96&d=mm&r=g","contentUrl":"https:\/\/secure.gravatar.com\/avatar\/0546ffaa9b79224faf9f2a156b67a529ae861d3287c66c1d8ccfdf909bcba78d?s=96&d=mm&r=g","caption":"Sebastiano Plutino"},"url":"https:\/\/progettotouring.it\/radiotouring104\/author\/sebastiano\/"}]}},"jetpack_publicize_connections":[],"jetpack_featured_media_url":"https:\/\/progettotouring.it\/radiotouring104\/wp-content\/uploads\/sites\/6\/2023\/01\/ponte-sullo-stretto.jpg","jetpack_sharing_enabled":true,"_links":{"self":[{"href":"https:\/\/progettotouring.it\/radiotouring104\/wp-json\/wp\/v2\/posts\/83564","targetHints":{"allow":["GET"]}}],"collection":[{"href":"https:\/\/progettotouring.it\/radiotouring104\/wp-json\/wp\/v2\/posts"}],"about":[{"href":"https:\/\/progettotouring.it\/radiotouring104\/wp-json\/wp\/v2\/types\/post"}],"author":[{"embeddable":true,"href":"https:\/\/progettotouring.it\/radiotouring104\/wp-json\/wp\/v2\/users\/12"}],"replies":[{"embeddable":true,"href":"https:\/\/progettotouring.it\/radiotouring104\/wp-json\/wp\/v2\/comments?post=83564"}],"version-history":[{"count":1,"href":"https:\/\/progettotouring.it\/radiotouring104\/wp-json\/wp\/v2\/posts\/83564\/revisions"}],"predecessor-version":[{"id":83565,"href":"https:\/\/progettotouring.it\/radiotouring104\/wp-json\/wp\/v2\/posts\/83564\/revisions\/83565"}],"wp:featuredmedia":[{"embeddable":true,"href":"https:\/\/progettotouring.it\/radiotouring104\/wp-json\/wp\/v2\/media\/16974"}],"wp:attachment":[{"href":"https:\/\/progettotouring.it\/radiotouring104\/wp-json\/wp\/v2\/media?parent=83564"}],"wp:term":[{"taxonomy":"category","embeddable":true,"href":"https:\/\/progettotouring.it\/radiotouring104\/wp-json\/wp\/v2\/categories?post=83564"},{"taxonomy":"post_tag","embeddable":true,"href":"https:\/\/progettotouring.it\/radiotouring104\/wp-json\/wp\/v2\/tags?post=83564"}],"curies":[{"name":"wp","href":"https:\/\/api.w.org\/{rel}","templated":true}]}}