{"id":83603,"date":"2025-10-09T09:31:37","date_gmt":"2025-10-09T07:31:37","guid":{"rendered":"https:\/\/progettotouring.it\/radiotouring104\/?p=83603"},"modified":"2025-10-09T12:42:26","modified_gmt":"2025-10-09T10:42:26","slug":"arriva-a-reggio-il-camper-dascolto","status":"publish","type":"post","link":"https:\/\/progettotouring.it\/radiotouring104\/2025\/10\/09\/arriva-a-reggio-il-camper-dascolto\/","title":{"rendered":"Arriva a Reggio il &#8220;Camper d&#8217;Ascolto&#8221;"},"content":{"rendered":"<p>Prendersi cura delle persone significa anche saper ascoltare. Con questa\u00a0iniziativa,\u00a0in\u00a0concomitanza con la Giornata Mondiale della Salute Mentale, il 10 ottobre 2025,\u00a0l\u2019Associazione FARE X BENE e Oltre,\u00a0brand di moda femminile appartenente al Gruppo Miroglio,\u00a0lanciano \u201cIl Camper dell\u2019Ascolto\u201d, un progetto innovativo di consulenza psicologica itinerante completamente gratuita, che\u00a0da\u00a0ottobre\u00a0a\u00a0dicembre prester\u00e0 servizio in alcune piazze della citt\u00e0 di Reggio Calabria.<\/p>\n<p>FARE X BENE e Oltre, convinti che la salute mentale sia un diritto inalienabile di tutti,\u00a0essendo vitale non solo per la crescita personale, ma anche per lo sviluppo di ogni\u00a0comunit\u00e0, hanno deciso di avviare questo progetto gratuito\u00a0ai cittadini e alle cittadine di Reggio Calabria.<\/p>\n<p>Il Camper, dopo il successo annuale del suo operato nella citt\u00e0 di Milano (lanciato durante la Giornata Mondiale della salute Mentale 2024, il camper ha accolto oltre 500 persone nelle vie della citt\u00e0 di Milano)\u00a0percorrer\u00e0 le strade e le piazze della citt\u00e0 per diventare un luogo sicuro, accogliente e inclusivo, dove chiunque ne senta il bisogno potr\u00e0 trovare ascolto, sostegno e orientamento psicologico gratuito, grazie alla presenza di psicologhe e psicologi professionisti pronti a offrire un aiuto concreto.<\/p>\n<p>\u201cCrediamo che il benessere mentale sia un diritto fondamentale \u2013 spiegano i promotori del progetto \u2013 e che l\u2019ascolto possa rappresentare il primo passo verso un percorso di consapevolezza e di cura. Per questo portiamo il supporto psicologico direttamente nei luoghi della vita quotidiana, per renderlo accessibile a tutte e a tutti.\u201d<\/p>\n<p>Il <strong>Camper dell\u2019Ascolto sar\u00e0 attivo dal 10 ottobre a 16 dicembre 2025 e offrir\u00e0 consulenze gratuite dalle ore 10:00 alle ore 13:00, previa prenotazione, via e-mail all\u2019indirizzo:<\/strong>\u00a0<a target=\"_self\">onlusfarexbene@gmail.com<\/a>.<\/p>\n<p><strong>Calendario degli appuntamenti:<\/strong><\/p>\n<div>\u2022\u00a010 ottobre\u00a0\u2013 Lungomare Italo Falcomat\u00e0<\/div>\n<div>\u2022\u00a016 ottobre\u00a0\u2013 Piazza De Nava<\/div>\n<div>\u2022\u00a022 ottobre\u00a0\u2013 Piazza Duomo<\/div>\n<div>\u2022\u00a031 ottobre\u00a0\u2013\u00a0Viale Messina 15<\/div>\n<div>\u2022\u00a07 novembre\u00a0\u2013\u00a0Viale Messina 15<\/div>\n<div>\u2022\u00a014 novembre\u00a0\u2013 Piazza De Nava<\/div>\n<div>\u2022\u00a021 novembre\u00a0\u2013 Piazza Duomo<\/div>\n<div>\u2022\u00a028 novembre\u00a0\u2013\u00a0Viale Messina 15<\/div>\n<div>\u2022\u00a05 dicembre\u00a0\u2013\u00a0Viale Messina 15<\/div>\n<div>\u2022\u00a09 dicembre\u00a0\u2013 Piazza De Nava<\/div>\n<div>\u2022\u00a016 dicembre\u00a0\u2013 Piazza Duomo<\/div>\n<p>Il progetto nasce con l\u2019obiettivo di\u00a0rompere il tab\u00f9 sulla salute mentale\u00a0e di\u00a0portare il supporto psicologico nei contesti quotidiani, vicino alle persone e alle loro storie. Un\u2019iniziativa che mette al centro l\u2019essere umano e il suo benessere, confermando ancora una volta l\u2019impegno congiunto di OLTRE e FARE X BENE nel costruire\u00a0una comunit\u00e0 pi\u00f9 attenta, solidale e consapevole.<\/p>\n<p>&nbsp;<\/p>\n<p>Il servizio fornito sul camper dagli psicologi e psicoterapeuti di FARE X BENE, riguarda l\u2019ambito\u00a0di prima accoglienza psicologica e valutazione di ogni singolo caso, con possibilit\u00e0 di tornare per\u00a0un ciclo di 3 incontri su prenotazione (inviando una mail all\u2019indirizzo presente sui siti\u00a0<a href=\"http:\/\/oltre.com\/\" target=\"_blank\" rel=\"noopener noreferrer\">oltre.com<\/a>\u00a0e\u00a0<a href=\"http:\/\/farexbene.it\/\" target=\"_blank\" rel=\"noopener noreferrer\">farexbene.it<\/a>), e\/o di essere indirizzati a servizi e professionisti specializzati sul territorio di\u00a0competenza, garantendo informazioni, supporto e intercettazione del bisogno a partire da zoneperiferiche e spesso emarginate dai servizi a rapido accesso e fruibilit\u00e0 psicologica.<\/p>\n<p>&nbsp;<\/p>\n<p>Per tutte le\u00a0date previste, il camper sar\u00e0 guidato\u00a0dal dott.\u00a0Nino Spezzano, proprietario del camper messo, che aiuter\u00e0 a garantire, insieme alla psicologa responsabile progetto, dott.ssa\u00a0Fabiana Cristiano, di FARE X BENE,\u00a0un\u00a0servizio il pi\u00f9 possibile integrato e professionale, presidiando alcune delle zone\u00a0principali di Reggio Calabria.<\/p>\n<p>&nbsp;<\/p>\n<p>&nbsp;<\/p>\n<p><strong>IL PROGETTO<\/strong><\/p>\n<p>Il Camper dell\u2019Ascolto intercetta e accoglie concretamente i suoi beneficiari, attraverso la\u00a0competenza professionale\u00a0del team\u00a0di psicologi, di FARE X BENE, certi che \u201cNon c\u2019\u00e8 salute senza\u00a0salute mentale\u201d, un pilastro imprescindibile per la salute generale e il benessere di ogni individuo.<\/p>\n<p>Il servizio \u00e8 gratuito, prenotabile attraverso il sito ufficiale\u00a0<a href=\"http:\/\/oltre.com\/\" target=\"_blank\" rel=\"noopener noreferrer\">oltre.com<\/a>\u00a0e\u00a0<a href=\"http:\/\/farexbene.it\/\" target=\"_blank\" rel=\"noopener noreferrer\">farexbene.it<\/a>\u00a0e offre:<\/p>\n<p>\u2022 colloqui individuali gestiti da un\/una psicologo, all\u2019interno di uno spazio protetto, dove\u00a0trovare ascolto, sostegno, informazioni e confronto;<\/p>\n<p>\u2022 accoglienza e ascolto, con possibilit\u00e0\u0300 di far intraprendere, con il consenso della persona,\u00a0un percorso di supporto e indirizzandola ai vari servizi della Citt\u00e0 Metropolitana\u00a0di Reggio Calabria\u00a0(Servizisociali e sanitari,\u00a0ecc);<\/p>\n<p>&nbsp;<\/p>\n<p>&nbsp;<\/p>\n<p>Il camper opera nel rispetto del diritto all\u2019anonimato e della persona e degli eventuali testimoni, e\u00a0della riservatezza dei dati e delle informazioni acquisite. L&#8217;approccio e i percorsi sono\u00a0personalizzati per evitare la standardizzazione degli interventi proposti dal momento che ogni\u00a0situazione \u00e8 individuale e personale.<\/p>\n<p>&nbsp;<\/p>\n","protected":false},"excerpt":{"rendered":"<p>Prendersi cura delle persone significa anche saper ascoltare. Con questa\u00a0iniziativa,\u00a0in\u00a0concomitanza con la Giornata Mondiale della Salute Mentale, il 10 ottobre 2025,\u00a0l\u2019Associazione FARE X BENE e Oltre,\u00a0brand di moda femminile appartenente&hellip;<\/p>\n","protected":false},"author":5,"featured_media":83604,"comment_status":"closed","ping_status":"open","sticky":false,"template":"","format":"standard","meta":{"_jetpack_memberships_contains_paid_content":false,"footnotes":"","jetpack_publicize_message":"","jetpack_publicize_feature_enabled":true,"jetpack_social_post_already_shared":true,"jetpack_social_options":{"image_generator_settings":{"template":"highway","default_image_id":0,"font":"","enabled":false},"version":2}},"categories":[921,196,140],"tags":[48161,48162,48160,19538,48163,48164],"class_list":["post-83603","post","type-post","status-publish","format-standard","has-post-thumbnail","hentry","category-home","category-news","category-reggio-calabria","tag-camper-dascolto","tag-fare-per-bene","tag-giornata-salute-mentale","tag-mario-cardia","tag-oltre","tag-piazze-reggio"],"yoast_head":"<!-- This site is optimized with the Yoast SEO plugin v27.2 - https:\/\/yoast.com\/product\/yoast-seo-wordpress\/ -->\n<title>Arriva a Reggio il &quot;Camper d&#039;Ascolto&quot;<\/title>\n<meta name=\"description\" content=\"Il Camper delle Associazioni &quot;FARE PER BENE&quot; ed &quot;Oltre&quot;\u00a0ottobre\u00a0a\u00a0dicembre prester\u00e0 servizio in alcune piazze a Reggio\" \/>\n<meta name=\"robots\" content=\"index, follow, max-snippet:-1, max-image-preview:large, max-video-preview:-1\" \/>\n<link rel=\"canonical\" href=\"https:\/\/progettotouring.it\/radiotouring104\/2025\/10\/09\/arriva-a-reggio-il-camper-dascolto\/\" \/>\n<meta property=\"og:locale\" content=\"it_IT\" \/>\n<meta property=\"og:type\" content=\"article\" \/>\n<meta property=\"og:title\" content=\"Arriva a Reggio il &quot;Camper d&#039;Ascolto&quot;\" \/>\n<meta property=\"og:description\" content=\"Il Camper delle Associazioni &quot;FARE PER BENE&quot; ed &quot;Oltre&quot;\u00a0ottobre\u00a0a\u00a0dicembre prester\u00e0 servizio in alcune piazze a Reggio\" \/>\n<meta property=\"og:url\" content=\"https:\/\/progettotouring.it\/radiotouring104\/2025\/10\/09\/arriva-a-reggio-il-camper-dascolto\/\" \/>\n<meta property=\"og:site_name\" content=\"Radio Touring 104\" \/>\n<meta property=\"article:published_time\" content=\"2025-10-09T07:31:37+00:00\" \/>\n<meta property=\"article:modified_time\" content=\"2025-10-09T10:42:26+00:00\" \/>\n<meta property=\"og:image\" content=\"https:\/\/progettotouring.it\/radiotouring104\/wp-content\/uploads\/sites\/6\/2025\/10\/Camper-Ascolto-Fare-per-bene.jpeg\" \/>\n\t<meta property=\"og:image:width\" content=\"1600\" \/>\n\t<meta property=\"og:image:height\" content=\"1054\" \/>\n\t<meta property=\"og:image:type\" content=\"image\/jpeg\" \/>\n<meta name=\"author\" content=\"redazione\" \/>\n<meta name=\"twitter:card\" content=\"summary_large_image\" \/>\n<meta name=\"twitter:label1\" content=\"Scritto da\" \/>\n\t<meta name=\"twitter:data1\" content=\"redazione\" \/>\n\t<meta name=\"twitter:label2\" content=\"Tempo di lettura stimato\" \/>\n\t<meta name=\"twitter:data2\" content=\"3 minuti\" \/>\n<script type=\"application\/ld+json\" class=\"yoast-schema-graph\">{\"@context\":\"https:\/\/schema.org\",\"@graph\":[{\"@type\":\"Article\",\"@id\":\"https:\/\/progettotouring.it\/radiotouring104\/2025\/10\/09\/arriva-a-reggio-il-camper-dascolto\/#article\",\"isPartOf\":{\"@id\":\"https:\/\/progettotouring.it\/radiotouring104\/2025\/10\/09\/arriva-a-reggio-il-camper-dascolto\/\"},\"author\":{\"name\":\"redazione\",\"@id\":\"https:\/\/progettotouring.it\/radiotouring104\/#\/schema\/person\/1b3eb3c07c47136bc44c785c543e635f\"},\"headline\":\"Arriva a Reggio il &#8220;Camper d&#8217;Ascolto&#8221;\",\"datePublished\":\"2025-10-09T07:31:37+00:00\",\"dateModified\":\"2025-10-09T10:42:26+00:00\",\"mainEntityOfPage\":{\"@id\":\"https:\/\/progettotouring.it\/radiotouring104\/2025\/10\/09\/arriva-a-reggio-il-camper-dascolto\/\"},\"wordCount\":680,\"publisher\":{\"@id\":\"https:\/\/progettotouring.it\/radiotouring104\/#organization\"},\"image\":{\"@id\":\"https:\/\/progettotouring.it\/radiotouring104\/2025\/10\/09\/arriva-a-reggio-il-camper-dascolto\/#primaryimage\"},\"thumbnailUrl\":\"https:\/\/progettotouring.it\/radiotouring104\/wp-content\/uploads\/sites\/6\/2025\/10\/Camper-Ascolto-Fare-per-bene.jpeg\",\"keywords\":[\"Camper d'ascolto\",\"Fare per bene\",\"Giornata Salute Mentale\",\"Mario Cardia\",\"Oltre\",\"piazze Reggio\"],\"articleSection\":[\"Home\",\"News\",\"Reggio Calabria\"],\"inLanguage\":\"it-IT\"},{\"@type\":\"WebPage\",\"@id\":\"https:\/\/progettotouring.it\/radiotouring104\/2025\/10\/09\/arriva-a-reggio-il-camper-dascolto\/\",\"url\":\"https:\/\/progettotouring.it\/radiotouring104\/2025\/10\/09\/arriva-a-reggio-il-camper-dascolto\/\",\"name\":\"Arriva a Reggio il \\\"Camper d'Ascolto\\\"\",\"isPartOf\":{\"@id\":\"https:\/\/progettotouring.it\/radiotouring104\/#website\"},\"primaryImageOfPage\":{\"@id\":\"https:\/\/progettotouring.it\/radiotouring104\/2025\/10\/09\/arriva-a-reggio-il-camper-dascolto\/#primaryimage\"},\"image\":{\"@id\":\"https:\/\/progettotouring.it\/radiotouring104\/2025\/10\/09\/arriva-a-reggio-il-camper-dascolto\/#primaryimage\"},\"thumbnailUrl\":\"https:\/\/progettotouring.it\/radiotouring104\/wp-content\/uploads\/sites\/6\/2025\/10\/Camper-Ascolto-Fare-per-bene.jpeg\",\"datePublished\":\"2025-10-09T07:31:37+00:00\",\"dateModified\":\"2025-10-09T10:42:26+00:00\",\"description\":\"Il Camper delle Associazioni \\\"FARE PER BENE\\\" ed \\\"Oltre\\\"\u00a0ottobre\u00a0a\u00a0dicembre prester\u00e0 servizio in alcune piazze a Reggio\",\"breadcrumb\":{\"@id\":\"https:\/\/progettotouring.it\/radiotouring104\/2025\/10\/09\/arriva-a-reggio-il-camper-dascolto\/#breadcrumb\"},\"inLanguage\":\"it-IT\",\"potentialAction\":[{\"@type\":\"ReadAction\",\"target\":[\"https:\/\/progettotouring.it\/radiotouring104\/2025\/10\/09\/arriva-a-reggio-il-camper-dascolto\/\"]}]},{\"@type\":\"ImageObject\",\"inLanguage\":\"it-IT\",\"@id\":\"https:\/\/progettotouring.it\/radiotouring104\/2025\/10\/09\/arriva-a-reggio-il-camper-dascolto\/#primaryimage\",\"url\":\"https:\/\/progettotouring.it\/radiotouring104\/wp-content\/uploads\/sites\/6\/2025\/10\/Camper-Ascolto-Fare-per-bene.jpeg\",\"contentUrl\":\"https:\/\/progettotouring.it\/radiotouring104\/wp-content\/uploads\/sites\/6\/2025\/10\/Camper-Ascolto-Fare-per-bene.jpeg\",\"width\":1600,\"height\":1054},{\"@type\":\"BreadcrumbList\",\"@id\":\"https:\/\/progettotouring.it\/radiotouring104\/2025\/10\/09\/arriva-a-reggio-il-camper-dascolto\/#breadcrumb\",\"itemListElement\":[{\"@type\":\"ListItem\",\"position\":1,\"name\":\"Home\",\"item\":\"https:\/\/progettotouring.it\/radiotouring104\/\"},{\"@type\":\"ListItem\",\"position\":2,\"name\":\"Arriva a Reggio il &#8220;Camper d&#8217;Ascolto&#8221;\"}]},{\"@type\":\"WebSite\",\"@id\":\"https:\/\/progettotouring.it\/radiotouring104\/#website\",\"url\":\"https:\/\/progettotouring.it\/radiotouring104\/\",\"name\":\"Radio Touring 104\",\"description\":\"La prima radio Reggina\",\"publisher\":{\"@id\":\"https:\/\/progettotouring.it\/radiotouring104\/#organization\"},\"potentialAction\":[{\"@type\":\"SearchAction\",\"target\":{\"@type\":\"EntryPoint\",\"urlTemplate\":\"https:\/\/progettotouring.it\/radiotouring104\/?s={search_term_string}\"},\"query-input\":{\"@type\":\"PropertyValueSpecification\",\"valueRequired\":true,\"valueName\":\"search_term_string\"}}],\"inLanguage\":\"it-IT\"},{\"@type\":\"Organization\",\"@id\":\"https:\/\/progettotouring.it\/radiotouring104\/#organization\",\"name\":\"Radio Touring 104\",\"url\":\"https:\/\/progettotouring.it\/radiotouring104\/\",\"logo\":{\"@type\":\"ImageObject\",\"inLanguage\":\"it-IT\",\"@id\":\"https:\/\/progettotouring.it\/radiotouring104\/#\/schema\/logo\/image\/\",\"url\":\"https:\/\/progettotouring.it\/radiotouring104\/wp-content\/uploads\/sites\/6\/2022\/02\/cropped-logo-radio-touring-104.png\",\"contentUrl\":\"https:\/\/progettotouring.it\/radiotouring104\/wp-content\/uploads\/sites\/6\/2022\/02\/cropped-logo-radio-touring-104.png\",\"width\":377,\"height\":182,\"caption\":\"Radio Touring 104\"},\"image\":{\"@id\":\"https:\/\/progettotouring.it\/radiotouring104\/#\/schema\/logo\/image\/\"}},{\"@type\":\"Person\",\"@id\":\"https:\/\/progettotouring.it\/radiotouring104\/#\/schema\/person\/1b3eb3c07c47136bc44c785c543e635f\",\"name\":\"redazione\",\"image\":{\"@type\":\"ImageObject\",\"inLanguage\":\"it-IT\",\"@id\":\"https:\/\/secure.gravatar.com\/avatar\/0b31605b49f100769e8b624b3e05de1b73e1692e9568a352f60f53fd072e6e11?s=96&d=mm&r=g\",\"url\":\"https:\/\/secure.gravatar.com\/avatar\/0b31605b49f100769e8b624b3e05de1b73e1692e9568a352f60f53fd072e6e11?s=96&d=mm&r=g\",\"contentUrl\":\"https:\/\/secure.gravatar.com\/avatar\/0b31605b49f100769e8b624b3e05de1b73e1692e9568a352f60f53fd072e6e11?s=96&d=mm&r=g\",\"caption\":\"redazione\"},\"url\":\"https:\/\/progettotouring.it\/radiotouring104\/author\/redazione\/\"}]}<\/script>\n<!-- \/ Yoast SEO plugin. -->","yoast_head_json":{"title":"Arriva a Reggio il \"Camper d'Ascolto\"","description":"Il Camper delle Associazioni \"FARE PER BENE\" ed \"Oltre\"\u00a0ottobre\u00a0a\u00a0dicembre prester\u00e0 servizio in alcune piazze a Reggio","robots":{"index":"index","follow":"follow","max-snippet":"max-snippet:-1","max-image-preview":"max-image-preview:large","max-video-preview":"max-video-preview:-1"},"canonical":"https:\/\/progettotouring.it\/radiotouring104\/2025\/10\/09\/arriva-a-reggio-il-camper-dascolto\/","og_locale":"it_IT","og_type":"article","og_title":"Arriva a Reggio il \"Camper d'Ascolto\"","og_description":"Il Camper delle Associazioni \"FARE PER BENE\" ed \"Oltre\"\u00a0ottobre\u00a0a\u00a0dicembre prester\u00e0 servizio in alcune piazze a Reggio","og_url":"https:\/\/progettotouring.it\/radiotouring104\/2025\/10\/09\/arriva-a-reggio-il-camper-dascolto\/","og_site_name":"Radio Touring 104","article_published_time":"2025-10-09T07:31:37+00:00","article_modified_time":"2025-10-09T10:42:26+00:00","og_image":[{"width":1600,"height":1054,"url":"https:\/\/progettotouring.it\/radiotouring104\/wp-content\/uploads\/sites\/6\/2025\/10\/Camper-Ascolto-Fare-per-bene.jpeg","type":"image\/jpeg"}],"author":"redazione","twitter_card":"summary_large_image","twitter_misc":{"Scritto da":"redazione","Tempo di lettura stimato":"3 minuti"},"schema":{"@context":"https:\/\/schema.org","@graph":[{"@type":"Article","@id":"https:\/\/progettotouring.it\/radiotouring104\/2025\/10\/09\/arriva-a-reggio-il-camper-dascolto\/#article","isPartOf":{"@id":"https:\/\/progettotouring.it\/radiotouring104\/2025\/10\/09\/arriva-a-reggio-il-camper-dascolto\/"},"author":{"name":"redazione","@id":"https:\/\/progettotouring.it\/radiotouring104\/#\/schema\/person\/1b3eb3c07c47136bc44c785c543e635f"},"headline":"Arriva a Reggio il &#8220;Camper d&#8217;Ascolto&#8221;","datePublished":"2025-10-09T07:31:37+00:00","dateModified":"2025-10-09T10:42:26+00:00","mainEntityOfPage":{"@id":"https:\/\/progettotouring.it\/radiotouring104\/2025\/10\/09\/arriva-a-reggio-il-camper-dascolto\/"},"wordCount":680,"publisher":{"@id":"https:\/\/progettotouring.it\/radiotouring104\/#organization"},"image":{"@id":"https:\/\/progettotouring.it\/radiotouring104\/2025\/10\/09\/arriva-a-reggio-il-camper-dascolto\/#primaryimage"},"thumbnailUrl":"https:\/\/progettotouring.it\/radiotouring104\/wp-content\/uploads\/sites\/6\/2025\/10\/Camper-Ascolto-Fare-per-bene.jpeg","keywords":["Camper d'ascolto","Fare per bene","Giornata Salute Mentale","Mario Cardia","Oltre","piazze Reggio"],"articleSection":["Home","News","Reggio Calabria"],"inLanguage":"it-IT"},{"@type":"WebPage","@id":"https:\/\/progettotouring.it\/radiotouring104\/2025\/10\/09\/arriva-a-reggio-il-camper-dascolto\/","url":"https:\/\/progettotouring.it\/radiotouring104\/2025\/10\/09\/arriva-a-reggio-il-camper-dascolto\/","name":"Arriva a Reggio il \"Camper d'Ascolto\"","isPartOf":{"@id":"https:\/\/progettotouring.it\/radiotouring104\/#website"},"primaryImageOfPage":{"@id":"https:\/\/progettotouring.it\/radiotouring104\/2025\/10\/09\/arriva-a-reggio-il-camper-dascolto\/#primaryimage"},"image":{"@id":"https:\/\/progettotouring.it\/radiotouring104\/2025\/10\/09\/arriva-a-reggio-il-camper-dascolto\/#primaryimage"},"thumbnailUrl":"https:\/\/progettotouring.it\/radiotouring104\/wp-content\/uploads\/sites\/6\/2025\/10\/Camper-Ascolto-Fare-per-bene.jpeg","datePublished":"2025-10-09T07:31:37+00:00","dateModified":"2025-10-09T10:42:26+00:00","description":"Il Camper delle Associazioni \"FARE PER BENE\" ed \"Oltre\"\u00a0ottobre\u00a0a\u00a0dicembre prester\u00e0 servizio in alcune piazze a Reggio","breadcrumb":{"@id":"https:\/\/progettotouring.it\/radiotouring104\/2025\/10\/09\/arriva-a-reggio-il-camper-dascolto\/#breadcrumb"},"inLanguage":"it-IT","potentialAction":[{"@type":"ReadAction","target":["https:\/\/progettotouring.it\/radiotouring104\/2025\/10\/09\/arriva-a-reggio-il-camper-dascolto\/"]}]},{"@type":"ImageObject","inLanguage":"it-IT","@id":"https:\/\/progettotouring.it\/radiotouring104\/2025\/10\/09\/arriva-a-reggio-il-camper-dascolto\/#primaryimage","url":"https:\/\/progettotouring.it\/radiotouring104\/wp-content\/uploads\/sites\/6\/2025\/10\/Camper-Ascolto-Fare-per-bene.jpeg","contentUrl":"https:\/\/progettotouring.it\/radiotouring104\/wp-content\/uploads\/sites\/6\/2025\/10\/Camper-Ascolto-Fare-per-bene.jpeg","width":1600,"height":1054},{"@type":"BreadcrumbList","@id":"https:\/\/progettotouring.it\/radiotouring104\/2025\/10\/09\/arriva-a-reggio-il-camper-dascolto\/#breadcrumb","itemListElement":[{"@type":"ListItem","position":1,"name":"Home","item":"https:\/\/progettotouring.it\/radiotouring104\/"},{"@type":"ListItem","position":2,"name":"Arriva a Reggio il &#8220;Camper d&#8217;Ascolto&#8221;"}]},{"@type":"WebSite","@id":"https:\/\/progettotouring.it\/radiotouring104\/#website","url":"https:\/\/progettotouring.it\/radiotouring104\/","name":"Radio Touring 104","description":"La prima radio Reggina","publisher":{"@id":"https:\/\/progettotouring.it\/radiotouring104\/#organization"},"potentialAction":[{"@type":"SearchAction","target":{"@type":"EntryPoint","urlTemplate":"https:\/\/progettotouring.it\/radiotouring104\/?s={search_term_string}"},"query-input":{"@type":"PropertyValueSpecification","valueRequired":true,"valueName":"search_term_string"}}],"inLanguage":"it-IT"},{"@type":"Organization","@id":"https:\/\/progettotouring.it\/radiotouring104\/#organization","name":"Radio Touring 104","url":"https:\/\/progettotouring.it\/radiotouring104\/","logo":{"@type":"ImageObject","inLanguage":"it-IT","@id":"https:\/\/progettotouring.it\/radiotouring104\/#\/schema\/logo\/image\/","url":"https:\/\/progettotouring.it\/radiotouring104\/wp-content\/uploads\/sites\/6\/2022\/02\/cropped-logo-radio-touring-104.png","contentUrl":"https:\/\/progettotouring.it\/radiotouring104\/wp-content\/uploads\/sites\/6\/2022\/02\/cropped-logo-radio-touring-104.png","width":377,"height":182,"caption":"Radio Touring 104"},"image":{"@id":"https:\/\/progettotouring.it\/radiotouring104\/#\/schema\/logo\/image\/"}},{"@type":"Person","@id":"https:\/\/progettotouring.it\/radiotouring104\/#\/schema\/person\/1b3eb3c07c47136bc44c785c543e635f","name":"redazione","image":{"@type":"ImageObject","inLanguage":"it-IT","@id":"https:\/\/secure.gravatar.com\/avatar\/0b31605b49f100769e8b624b3e05de1b73e1692e9568a352f60f53fd072e6e11?s=96&d=mm&r=g","url":"https:\/\/secure.gravatar.com\/avatar\/0b31605b49f100769e8b624b3e05de1b73e1692e9568a352f60f53fd072e6e11?s=96&d=mm&r=g","contentUrl":"https:\/\/secure.gravatar.com\/avatar\/0b31605b49f100769e8b624b3e05de1b73e1692e9568a352f60f53fd072e6e11?s=96&d=mm&r=g","caption":"redazione"},"url":"https:\/\/progettotouring.it\/radiotouring104\/author\/redazione\/"}]}},"jetpack_publicize_connections":[],"jetpack_featured_media_url":"https:\/\/progettotouring.it\/radiotouring104\/wp-content\/uploads\/sites\/6\/2025\/10\/Camper-Ascolto-Fare-per-bene.jpeg","jetpack_sharing_enabled":true,"_links":{"self":[{"href":"https:\/\/progettotouring.it\/radiotouring104\/wp-json\/wp\/v2\/posts\/83603","targetHints":{"allow":["GET"]}}],"collection":[{"href":"https:\/\/progettotouring.it\/radiotouring104\/wp-json\/wp\/v2\/posts"}],"about":[{"href":"https:\/\/progettotouring.it\/radiotouring104\/wp-json\/wp\/v2\/types\/post"}],"author":[{"embeddable":true,"href":"https:\/\/progettotouring.it\/radiotouring104\/wp-json\/wp\/v2\/users\/5"}],"replies":[{"embeddable":true,"href":"https:\/\/progettotouring.it\/radiotouring104\/wp-json\/wp\/v2\/comments?post=83603"}],"version-history":[{"count":1,"href":"https:\/\/progettotouring.it\/radiotouring104\/wp-json\/wp\/v2\/posts\/83603\/revisions"}],"predecessor-version":[{"id":83605,"href":"https:\/\/progettotouring.it\/radiotouring104\/wp-json\/wp\/v2\/posts\/83603\/revisions\/83605"}],"wp:featuredmedia":[{"embeddable":true,"href":"https:\/\/progettotouring.it\/radiotouring104\/wp-json\/wp\/v2\/media\/83604"}],"wp:attachment":[{"href":"https:\/\/progettotouring.it\/radiotouring104\/wp-json\/wp\/v2\/media?parent=83603"}],"wp:term":[{"taxonomy":"category","embeddable":true,"href":"https:\/\/progettotouring.it\/radiotouring104\/wp-json\/wp\/v2\/categories?post=83603"},{"taxonomy":"post_tag","embeddable":true,"href":"https:\/\/progettotouring.it\/radiotouring104\/wp-json\/wp\/v2\/tags?post=83603"}],"curies":[{"name":"wp","href":"https:\/\/api.w.org\/{rel}","templated":true}]}}