{"id":83627,"date":"2025-10-09T11:05:57","date_gmt":"2025-10-09T09:05:57","guid":{"rendered":"https:\/\/progettotouring.it\/radiotouring104\/?p=83627"},"modified":"2025-10-09T12:41:59","modified_gmt":"2025-10-09T10:41:59","slug":"regionali-nucera-soddisfatto-del-risultato-alle-urne-punta-alle-comunali","status":"publish","type":"post","link":"https:\/\/progettotouring.it\/radiotouring104\/2025\/10\/09\/regionali-nucera-soddisfatto-del-risultato-alle-urne-punta-alle-comunali\/","title":{"rendered":"Regionali: Nucera soddisfatto del risultato alle urne, punta alle Comunali"},"content":{"rendered":"<p>\u201cLa campagna elettorale si \u00e8 svolta in tempi molto ristretti, nelle ultime settimane abbiamo messo in campo tutte le nostre forze. Il risultato ottenuto a livello personale ovviamente non mi soddisfa, consapevole del fatto che la lista Forza Azzurri non rappresentava certamente il punto di forza della coalizione di centrodestra\u201d, queste le parole di Giuseppe Nucera, candidato con la lista Forza Azzurri alle recenti elezioni regionali in Calabria nel Collegio Sud.<\/p>\n<p>\u201cLe proposte avanzate dal sottoscritto in questa campagna elettorale per le elezioni regionali rimangono lo zoccolo duro del nostro progetto, che sar\u00e0 ancora e in modo convinto al fianco del presidente rieletto Roberto Occhiuto. Viene ribadito, dal chiaro esito delle urne, come Occhiuto sia nel cuore dei reggini e dei calabresi e goda della piena fiducia degli elettori. A lui riconosciamo capacit\u00e0 politiche fuori dalla media e che rappresentano il punto di partenza, assieme al lavoro di tutta la squadra al governo regionale, in vista del prossimo quinquennio. Il governo regionale in questi 4 anni ha dimostrato visione e concretezza, valori fondamentali dell\u2019agire politico e che troppo spesso non si palesano alle nostre latitudini. Per la prima volta nella sua storia, la Calabra rielegge un presidente uscente, basta questo dato a rappresentare la bont\u00e0 del lavoro svolto dal presidente Occhiuto e che certamente dar\u00e0 frutti ancora pi\u00f9 importanti nel secondo mandato\u201d.<\/p>\n<p>\u201cAdesso -aggiunge l\u2019ex presidente di Confindustria Rc- l\u2019attenzione si sposta sulle elezioni comunali reggine in programma nella primavera del 2026. Questa sfida, ancor di pi\u00f9 rispetto alle elezioni regionali appena andate in archivio, \u00e8 il motivo principale per il quale siamo scesi in campo.<\/p>\n<p>Reggio Calabria merita una classe politica di livello ben diverso rispetto alla pessima amministrazione che governa la citt\u00e0 da oltre 10 anni, e anche i risultati delle ultime elezioni (europee e regionali) hanno testimoniato plasticamente come i cittadini hanno voglia di voltare pagina. Siamo al lavoro gi\u00e0 da oggi -conclude Nucera- per rendere realt\u00e0 questo obiettivo, e che siamo certi porter\u00e0 in primo luogo alla netta vittoria del centrodestra in citt\u00e0 e subito dopo a importanti risultati per Reggio Calabria, grazie anche alla stretta sinergia istituzionale con il governo regionale ben guidato da Roberto Occhiuto\u201d.<\/p>\n","protected":false},"excerpt":{"rendered":"<p>\u201cLa campagna elettorale si \u00e8 svolta in tempi molto ristretti, nelle ultime settimane abbiamo messo in campo tutte le nostre forze. Il risultato ottenuto a livello personale ovviamente non mi&hellip;<\/p>\n","protected":false},"author":5,"featured_media":83628,"comment_status":"closed","ping_status":"open","sticky":false,"template":"","format":"standard","meta":{"_jetpack_memberships_contains_paid_content":false,"footnotes":"","jetpack_publicize_message":"","jetpack_publicize_feature_enabled":true,"jetpack_social_post_already_shared":true,"jetpack_social_options":{"image_generator_settings":{"template":"highway","default_image_id":0,"font":"","enabled":false},"version":2}},"categories":[921,196,140],"tags":[48184,26345,48182,48183],"class_list":["post-83627","post","type-post","status-publish","format-standard","has-post-thumbnail","hentry","category-home","category-news","category-reggio-calabria","tag-occhiuto-cdx-hanno-stravinto-meritatamente","tag-elezioni-regionali","tag-forza-azzutti","tag-puntare-alle-comunali"],"yoast_head":"<!-- This site is optimized with the Yoast SEO plugin v27.2 - https:\/\/yoast.com\/product\/yoast-seo-wordpress\/ -->\n<title>Regionali: Nucera soddisfatto del risultato alle urne, punta alle Comunali - Radio Touring 104<\/title>\n<meta name=\"description\" content=\"\u2018Occhiuto e il cdx hanno stravinto meritatamente. Ora vincere le comunali a Reggio\u2019, dichiara Giuseppe Nucera, candidato con Forza Azzurri\" \/>\n<meta name=\"robots\" content=\"index, follow, max-snippet:-1, max-image-preview:large, max-video-preview:-1\" \/>\n<link rel=\"canonical\" href=\"https:\/\/progettotouring.it\/radiotouring104\/2025\/10\/09\/regionali-nucera-soddisfatto-del-risultato-alle-urne-punta-alle-comunali\/\" \/>\n<meta property=\"og:locale\" content=\"it_IT\" \/>\n<meta property=\"og:type\" content=\"article\" \/>\n<meta property=\"og:title\" content=\"Regionali: Nucera soddisfatto del risultato alle urne, punta alle Comunali - Radio Touring 104\" \/>\n<meta property=\"og:description\" content=\"\u2018Occhiuto e il cdx hanno stravinto meritatamente. Ora vincere le comunali a Reggio\u2019, dichiara Giuseppe Nucera, candidato con Forza Azzurri\" \/>\n<meta property=\"og:url\" content=\"https:\/\/progettotouring.it\/radiotouring104\/2025\/10\/09\/regionali-nucera-soddisfatto-del-risultato-alle-urne-punta-alle-comunali\/\" \/>\n<meta property=\"og:site_name\" content=\"Radio Touring 104\" \/>\n<meta property=\"article:published_time\" content=\"2025-10-09T09:05:57+00:00\" \/>\n<meta property=\"article:modified_time\" content=\"2025-10-09T10:41:59+00:00\" \/>\n<meta property=\"og:image\" content=\"https:\/\/progettotouring.it\/radiotouring104\/wp-content\/uploads\/sites\/6\/2025\/10\/nucera-occhiuto-forza-azzurri.jpg\" \/>\n\t<meta property=\"og:image:width\" content=\"1162\" \/>\n\t<meta property=\"og:image:height\" content=\"827\" \/>\n\t<meta property=\"og:image:type\" content=\"image\/jpeg\" \/>\n<meta name=\"author\" content=\"redazione\" \/>\n<meta name=\"twitter:card\" content=\"summary_large_image\" \/>\n<meta name=\"twitter:label1\" content=\"Scritto da\" \/>\n\t<meta name=\"twitter:data1\" content=\"redazione\" \/>\n\t<meta name=\"twitter:label2\" content=\"Tempo di lettura stimato\" \/>\n\t<meta name=\"twitter:data2\" content=\"2 minuti\" \/>\n<script type=\"application\/ld+json\" class=\"yoast-schema-graph\">{\"@context\":\"https:\/\/schema.org\",\"@graph\":[{\"@type\":\"Article\",\"@id\":\"https:\/\/progettotouring.it\/radiotouring104\/2025\/10\/09\/regionali-nucera-soddisfatto-del-risultato-alle-urne-punta-alle-comunali\/#article\",\"isPartOf\":{\"@id\":\"https:\/\/progettotouring.it\/radiotouring104\/2025\/10\/09\/regionali-nucera-soddisfatto-del-risultato-alle-urne-punta-alle-comunali\/\"},\"author\":{\"name\":\"redazione\",\"@id\":\"https:\/\/progettotouring.it\/radiotouring104\/#\/schema\/person\/1b3eb3c07c47136bc44c785c543e635f\"},\"headline\":\"Regionali: Nucera soddisfatto del risultato alle urne, punta alle Comunali\",\"datePublished\":\"2025-10-09T09:05:57+00:00\",\"dateModified\":\"2025-10-09T10:41:59+00:00\",\"mainEntityOfPage\":{\"@id\":\"https:\/\/progettotouring.it\/radiotouring104\/2025\/10\/09\/regionali-nucera-soddisfatto-del-risultato-alle-urne-punta-alle-comunali\/\"},\"wordCount\":369,\"publisher\":{\"@id\":\"https:\/\/progettotouring.it\/radiotouring104\/#organization\"},\"image\":{\"@id\":\"https:\/\/progettotouring.it\/radiotouring104\/2025\/10\/09\/regionali-nucera-soddisfatto-del-risultato-alle-urne-punta-alle-comunali\/#primaryimage\"},\"thumbnailUrl\":\"https:\/\/progettotouring.it\/radiotouring104\/wp-content\/uploads\/sites\/6\/2025\/10\/nucera-occhiuto-forza-azzurri.jpg\",\"keywords\":[\"\u2018Occhiuto cdx hanno stravinto meritatamente.\",\"Elezioni Regionali\",\"Forza Azzutti\",\"puntare alle comunali\"],\"articleSection\":[\"Home\",\"News\",\"Reggio Calabria\"],\"inLanguage\":\"it-IT\"},{\"@type\":\"WebPage\",\"@id\":\"https:\/\/progettotouring.it\/radiotouring104\/2025\/10\/09\/regionali-nucera-soddisfatto-del-risultato-alle-urne-punta-alle-comunali\/\",\"url\":\"https:\/\/progettotouring.it\/radiotouring104\/2025\/10\/09\/regionali-nucera-soddisfatto-del-risultato-alle-urne-punta-alle-comunali\/\",\"name\":\"Regionali: Nucera soddisfatto del risultato alle urne, punta alle Comunali - Radio Touring 104\",\"isPartOf\":{\"@id\":\"https:\/\/progettotouring.it\/radiotouring104\/#website\"},\"primaryImageOfPage\":{\"@id\":\"https:\/\/progettotouring.it\/radiotouring104\/2025\/10\/09\/regionali-nucera-soddisfatto-del-risultato-alle-urne-punta-alle-comunali\/#primaryimage\"},\"image\":{\"@id\":\"https:\/\/progettotouring.it\/radiotouring104\/2025\/10\/09\/regionali-nucera-soddisfatto-del-risultato-alle-urne-punta-alle-comunali\/#primaryimage\"},\"thumbnailUrl\":\"https:\/\/progettotouring.it\/radiotouring104\/wp-content\/uploads\/sites\/6\/2025\/10\/nucera-occhiuto-forza-azzurri.jpg\",\"datePublished\":\"2025-10-09T09:05:57+00:00\",\"dateModified\":\"2025-10-09T10:41:59+00:00\",\"description\":\"\u2018Occhiuto e il cdx hanno stravinto meritatamente. Ora vincere le comunali a Reggio\u2019, dichiara Giuseppe Nucera, candidato con Forza Azzurri\",\"breadcrumb\":{\"@id\":\"https:\/\/progettotouring.it\/radiotouring104\/2025\/10\/09\/regionali-nucera-soddisfatto-del-risultato-alle-urne-punta-alle-comunali\/#breadcrumb\"},\"inLanguage\":\"it-IT\",\"potentialAction\":[{\"@type\":\"ReadAction\",\"target\":[\"https:\/\/progettotouring.it\/radiotouring104\/2025\/10\/09\/regionali-nucera-soddisfatto-del-risultato-alle-urne-punta-alle-comunali\/\"]}]},{\"@type\":\"ImageObject\",\"inLanguage\":\"it-IT\",\"@id\":\"https:\/\/progettotouring.it\/radiotouring104\/2025\/10\/09\/regionali-nucera-soddisfatto-del-risultato-alle-urne-punta-alle-comunali\/#primaryimage\",\"url\":\"https:\/\/progettotouring.it\/radiotouring104\/wp-content\/uploads\/sites\/6\/2025\/10\/nucera-occhiuto-forza-azzurri.jpg\",\"contentUrl\":\"https:\/\/progettotouring.it\/radiotouring104\/wp-content\/uploads\/sites\/6\/2025\/10\/nucera-occhiuto-forza-azzurri.jpg\",\"width\":1162,\"height\":827},{\"@type\":\"BreadcrumbList\",\"@id\":\"https:\/\/progettotouring.it\/radiotouring104\/2025\/10\/09\/regionali-nucera-soddisfatto-del-risultato-alle-urne-punta-alle-comunali\/#breadcrumb\",\"itemListElement\":[{\"@type\":\"ListItem\",\"position\":1,\"name\":\"Home\",\"item\":\"https:\/\/progettotouring.it\/radiotouring104\/\"},{\"@type\":\"ListItem\",\"position\":2,\"name\":\"Regionali: Nucera soddisfatto del risultato alle urne, punta alle Comunali\"}]},{\"@type\":\"WebSite\",\"@id\":\"https:\/\/progettotouring.it\/radiotouring104\/#website\",\"url\":\"https:\/\/progettotouring.it\/radiotouring104\/\",\"name\":\"Radio Touring 104\",\"description\":\"La prima radio Reggina\",\"publisher\":{\"@id\":\"https:\/\/progettotouring.it\/radiotouring104\/#organization\"},\"potentialAction\":[{\"@type\":\"SearchAction\",\"target\":{\"@type\":\"EntryPoint\",\"urlTemplate\":\"https:\/\/progettotouring.it\/radiotouring104\/?s={search_term_string}\"},\"query-input\":{\"@type\":\"PropertyValueSpecification\",\"valueRequired\":true,\"valueName\":\"search_term_string\"}}],\"inLanguage\":\"it-IT\"},{\"@type\":\"Organization\",\"@id\":\"https:\/\/progettotouring.it\/radiotouring104\/#organization\",\"name\":\"Radio Touring 104\",\"url\":\"https:\/\/progettotouring.it\/radiotouring104\/\",\"logo\":{\"@type\":\"ImageObject\",\"inLanguage\":\"it-IT\",\"@id\":\"https:\/\/progettotouring.it\/radiotouring104\/#\/schema\/logo\/image\/\",\"url\":\"https:\/\/progettotouring.it\/radiotouring104\/wp-content\/uploads\/sites\/6\/2022\/02\/cropped-logo-radio-touring-104.png\",\"contentUrl\":\"https:\/\/progettotouring.it\/radiotouring104\/wp-content\/uploads\/sites\/6\/2022\/02\/cropped-logo-radio-touring-104.png\",\"width\":377,\"height\":182,\"caption\":\"Radio Touring 104\"},\"image\":{\"@id\":\"https:\/\/progettotouring.it\/radiotouring104\/#\/schema\/logo\/image\/\"}},{\"@type\":\"Person\",\"@id\":\"https:\/\/progettotouring.it\/radiotouring104\/#\/schema\/person\/1b3eb3c07c47136bc44c785c543e635f\",\"name\":\"redazione\",\"image\":{\"@type\":\"ImageObject\",\"inLanguage\":\"it-IT\",\"@id\":\"https:\/\/secure.gravatar.com\/avatar\/0b31605b49f100769e8b624b3e05de1b73e1692e9568a352f60f53fd072e6e11?s=96&d=mm&r=g\",\"url\":\"https:\/\/secure.gravatar.com\/avatar\/0b31605b49f100769e8b624b3e05de1b73e1692e9568a352f60f53fd072e6e11?s=96&d=mm&r=g\",\"contentUrl\":\"https:\/\/secure.gravatar.com\/avatar\/0b31605b49f100769e8b624b3e05de1b73e1692e9568a352f60f53fd072e6e11?s=96&d=mm&r=g\",\"caption\":\"redazione\"},\"url\":\"https:\/\/progettotouring.it\/radiotouring104\/author\/redazione\/\"}]}<\/script>\n<!-- \/ Yoast SEO plugin. -->","yoast_head_json":{"title":"Regionali: Nucera soddisfatto del risultato alle urne, punta alle Comunali - Radio Touring 104","description":"\u2018Occhiuto e il cdx hanno stravinto meritatamente. Ora vincere le comunali a Reggio\u2019, dichiara Giuseppe Nucera, candidato con Forza Azzurri","robots":{"index":"index","follow":"follow","max-snippet":"max-snippet:-1","max-image-preview":"max-image-preview:large","max-video-preview":"max-video-preview:-1"},"canonical":"https:\/\/progettotouring.it\/radiotouring104\/2025\/10\/09\/regionali-nucera-soddisfatto-del-risultato-alle-urne-punta-alle-comunali\/","og_locale":"it_IT","og_type":"article","og_title":"Regionali: Nucera soddisfatto del risultato alle urne, punta alle Comunali - Radio Touring 104","og_description":"\u2018Occhiuto e il cdx hanno stravinto meritatamente. Ora vincere le comunali a Reggio\u2019, dichiara Giuseppe Nucera, candidato con Forza Azzurri","og_url":"https:\/\/progettotouring.it\/radiotouring104\/2025\/10\/09\/regionali-nucera-soddisfatto-del-risultato-alle-urne-punta-alle-comunali\/","og_site_name":"Radio Touring 104","article_published_time":"2025-10-09T09:05:57+00:00","article_modified_time":"2025-10-09T10:41:59+00:00","og_image":[{"width":1162,"height":827,"url":"https:\/\/progettotouring.it\/radiotouring104\/wp-content\/uploads\/sites\/6\/2025\/10\/nucera-occhiuto-forza-azzurri.jpg","type":"image\/jpeg"}],"author":"redazione","twitter_card":"summary_large_image","twitter_misc":{"Scritto da":"redazione","Tempo di lettura stimato":"2 minuti"},"schema":{"@context":"https:\/\/schema.org","@graph":[{"@type":"Article","@id":"https:\/\/progettotouring.it\/radiotouring104\/2025\/10\/09\/regionali-nucera-soddisfatto-del-risultato-alle-urne-punta-alle-comunali\/#article","isPartOf":{"@id":"https:\/\/progettotouring.it\/radiotouring104\/2025\/10\/09\/regionali-nucera-soddisfatto-del-risultato-alle-urne-punta-alle-comunali\/"},"author":{"name":"redazione","@id":"https:\/\/progettotouring.it\/radiotouring104\/#\/schema\/person\/1b3eb3c07c47136bc44c785c543e635f"},"headline":"Regionali: Nucera soddisfatto del risultato alle urne, punta alle Comunali","datePublished":"2025-10-09T09:05:57+00:00","dateModified":"2025-10-09T10:41:59+00:00","mainEntityOfPage":{"@id":"https:\/\/progettotouring.it\/radiotouring104\/2025\/10\/09\/regionali-nucera-soddisfatto-del-risultato-alle-urne-punta-alle-comunali\/"},"wordCount":369,"publisher":{"@id":"https:\/\/progettotouring.it\/radiotouring104\/#organization"},"image":{"@id":"https:\/\/progettotouring.it\/radiotouring104\/2025\/10\/09\/regionali-nucera-soddisfatto-del-risultato-alle-urne-punta-alle-comunali\/#primaryimage"},"thumbnailUrl":"https:\/\/progettotouring.it\/radiotouring104\/wp-content\/uploads\/sites\/6\/2025\/10\/nucera-occhiuto-forza-azzurri.jpg","keywords":["\u2018Occhiuto cdx hanno stravinto meritatamente.","Elezioni Regionali","Forza Azzutti","puntare alle comunali"],"articleSection":["Home","News","Reggio Calabria"],"inLanguage":"it-IT"},{"@type":"WebPage","@id":"https:\/\/progettotouring.it\/radiotouring104\/2025\/10\/09\/regionali-nucera-soddisfatto-del-risultato-alle-urne-punta-alle-comunali\/","url":"https:\/\/progettotouring.it\/radiotouring104\/2025\/10\/09\/regionali-nucera-soddisfatto-del-risultato-alle-urne-punta-alle-comunali\/","name":"Regionali: Nucera soddisfatto del risultato alle urne, punta alle Comunali - Radio Touring 104","isPartOf":{"@id":"https:\/\/progettotouring.it\/radiotouring104\/#website"},"primaryImageOfPage":{"@id":"https:\/\/progettotouring.it\/radiotouring104\/2025\/10\/09\/regionali-nucera-soddisfatto-del-risultato-alle-urne-punta-alle-comunali\/#primaryimage"},"image":{"@id":"https:\/\/progettotouring.it\/radiotouring104\/2025\/10\/09\/regionali-nucera-soddisfatto-del-risultato-alle-urne-punta-alle-comunali\/#primaryimage"},"thumbnailUrl":"https:\/\/progettotouring.it\/radiotouring104\/wp-content\/uploads\/sites\/6\/2025\/10\/nucera-occhiuto-forza-azzurri.jpg","datePublished":"2025-10-09T09:05:57+00:00","dateModified":"2025-10-09T10:41:59+00:00","description":"\u2018Occhiuto e il cdx hanno stravinto meritatamente. Ora vincere le comunali a Reggio\u2019, dichiara Giuseppe Nucera, candidato con Forza Azzurri","breadcrumb":{"@id":"https:\/\/progettotouring.it\/radiotouring104\/2025\/10\/09\/regionali-nucera-soddisfatto-del-risultato-alle-urne-punta-alle-comunali\/#breadcrumb"},"inLanguage":"it-IT","potentialAction":[{"@type":"ReadAction","target":["https:\/\/progettotouring.it\/radiotouring104\/2025\/10\/09\/regionali-nucera-soddisfatto-del-risultato-alle-urne-punta-alle-comunali\/"]}]},{"@type":"ImageObject","inLanguage":"it-IT","@id":"https:\/\/progettotouring.it\/radiotouring104\/2025\/10\/09\/regionali-nucera-soddisfatto-del-risultato-alle-urne-punta-alle-comunali\/#primaryimage","url":"https:\/\/progettotouring.it\/radiotouring104\/wp-content\/uploads\/sites\/6\/2025\/10\/nucera-occhiuto-forza-azzurri.jpg","contentUrl":"https:\/\/progettotouring.it\/radiotouring104\/wp-content\/uploads\/sites\/6\/2025\/10\/nucera-occhiuto-forza-azzurri.jpg","width":1162,"height":827},{"@type":"BreadcrumbList","@id":"https:\/\/progettotouring.it\/radiotouring104\/2025\/10\/09\/regionali-nucera-soddisfatto-del-risultato-alle-urne-punta-alle-comunali\/#breadcrumb","itemListElement":[{"@type":"ListItem","position":1,"name":"Home","item":"https:\/\/progettotouring.it\/radiotouring104\/"},{"@type":"ListItem","position":2,"name":"Regionali: Nucera soddisfatto del risultato alle urne, punta alle Comunali"}]},{"@type":"WebSite","@id":"https:\/\/progettotouring.it\/radiotouring104\/#website","url":"https:\/\/progettotouring.it\/radiotouring104\/","name":"Radio Touring 104","description":"La prima radio Reggina","publisher":{"@id":"https:\/\/progettotouring.it\/radiotouring104\/#organization"},"potentialAction":[{"@type":"SearchAction","target":{"@type":"EntryPoint","urlTemplate":"https:\/\/progettotouring.it\/radiotouring104\/?s={search_term_string}"},"query-input":{"@type":"PropertyValueSpecification","valueRequired":true,"valueName":"search_term_string"}}],"inLanguage":"it-IT"},{"@type":"Organization","@id":"https:\/\/progettotouring.it\/radiotouring104\/#organization","name":"Radio Touring 104","url":"https:\/\/progettotouring.it\/radiotouring104\/","logo":{"@type":"ImageObject","inLanguage":"it-IT","@id":"https:\/\/progettotouring.it\/radiotouring104\/#\/schema\/logo\/image\/","url":"https:\/\/progettotouring.it\/radiotouring104\/wp-content\/uploads\/sites\/6\/2022\/02\/cropped-logo-radio-touring-104.png","contentUrl":"https:\/\/progettotouring.it\/radiotouring104\/wp-content\/uploads\/sites\/6\/2022\/02\/cropped-logo-radio-touring-104.png","width":377,"height":182,"caption":"Radio Touring 104"},"image":{"@id":"https:\/\/progettotouring.it\/radiotouring104\/#\/schema\/logo\/image\/"}},{"@type":"Person","@id":"https:\/\/progettotouring.it\/radiotouring104\/#\/schema\/person\/1b3eb3c07c47136bc44c785c543e635f","name":"redazione","image":{"@type":"ImageObject","inLanguage":"it-IT","@id":"https:\/\/secure.gravatar.com\/avatar\/0b31605b49f100769e8b624b3e05de1b73e1692e9568a352f60f53fd072e6e11?s=96&d=mm&r=g","url":"https:\/\/secure.gravatar.com\/avatar\/0b31605b49f100769e8b624b3e05de1b73e1692e9568a352f60f53fd072e6e11?s=96&d=mm&r=g","contentUrl":"https:\/\/secure.gravatar.com\/avatar\/0b31605b49f100769e8b624b3e05de1b73e1692e9568a352f60f53fd072e6e11?s=96&d=mm&r=g","caption":"redazione"},"url":"https:\/\/progettotouring.it\/radiotouring104\/author\/redazione\/"}]}},"jetpack_publicize_connections":[],"jetpack_featured_media_url":"https:\/\/progettotouring.it\/radiotouring104\/wp-content\/uploads\/sites\/6\/2025\/10\/nucera-occhiuto-forza-azzurri.jpg","jetpack_sharing_enabled":true,"_links":{"self":[{"href":"https:\/\/progettotouring.it\/radiotouring104\/wp-json\/wp\/v2\/posts\/83627","targetHints":{"allow":["GET"]}}],"collection":[{"href":"https:\/\/progettotouring.it\/radiotouring104\/wp-json\/wp\/v2\/posts"}],"about":[{"href":"https:\/\/progettotouring.it\/radiotouring104\/wp-json\/wp\/v2\/types\/post"}],"author":[{"embeddable":true,"href":"https:\/\/progettotouring.it\/radiotouring104\/wp-json\/wp\/v2\/users\/5"}],"replies":[{"embeddable":true,"href":"https:\/\/progettotouring.it\/radiotouring104\/wp-json\/wp\/v2\/comments?post=83627"}],"version-history":[{"count":1,"href":"https:\/\/progettotouring.it\/radiotouring104\/wp-json\/wp\/v2\/posts\/83627\/revisions"}],"predecessor-version":[{"id":83629,"href":"https:\/\/progettotouring.it\/radiotouring104\/wp-json\/wp\/v2\/posts\/83627\/revisions\/83629"}],"wp:featuredmedia":[{"embeddable":true,"href":"https:\/\/progettotouring.it\/radiotouring104\/wp-json\/wp\/v2\/media\/83628"}],"wp:attachment":[{"href":"https:\/\/progettotouring.it\/radiotouring104\/wp-json\/wp\/v2\/media?parent=83627"}],"wp:term":[{"taxonomy":"category","embeddable":true,"href":"https:\/\/progettotouring.it\/radiotouring104\/wp-json\/wp\/v2\/categories?post=83627"},{"taxonomy":"post_tag","embeddable":true,"href":"https:\/\/progettotouring.it\/radiotouring104\/wp-json\/wp\/v2\/tags?post=83627"}],"curies":[{"name":"wp","href":"https:\/\/api.w.org\/{rel}","templated":true}]}}