{"id":8363,"date":"2022-07-23T22:31:59","date_gmt":"2022-07-23T20:31:59","guid":{"rendered":"https:\/\/progettotouring.it\/radiotouring104\/?p=8363"},"modified":"2022-07-25T17:35:43","modified_gmt":"2022-07-25T15:35:43","slug":"patto-per-reggio-la-strada-con-saverio-pazzano-toni-trionfalistici-ma-non-un-centesimo-andra-in-servizi-alla-cittadinanza","status":"publish","type":"post","link":"https:\/\/progettotouring.it\/radiotouring104\/2022\/07\/23\/patto-per-reggio-la-strada-con-saverio-pazzano-toni-trionfalistici-ma-non-un-centesimo-andra-in-servizi-alla-cittadinanza\/","title":{"rendered":"Patto per Reggio, La Strada con Saverio Pazzano: \u201cToni trionfalistici ma non un centesimo andr\u00e0 in servizi alla cittadinanza\u201d"},"content":{"rendered":"<p style=\"text-align: justify;\">Le diverse audizioni per il bilancio previsionale confermano ci\u00f2 che diciamo da tre anni: il debito del Comune di Reggio NON \u00e8 estinto; il debito del Comune di Reggio NON \u00e8 ritenuto illegittimo da questa amministrazione, visto che lo sta facendo pagare centesimo per centesimo alla cittadinanza; non un euro di quelli arrivati negli ultimi due anni dal Governo andr\u00e0 in servizi essenziali, non un euro andr\u00e0 ai bisogni della cittadinanza.<\/p>\n<p style=\"text-align: justify;\">In ogni audizione, ogni qual volta si discute sulla necessit\u00e0 di avere pi\u00f9 somme sui servizi essenziali, si alzano le mani: non possiamo, dobbiamo aspettare di uscire da questa fase. Quando ne usciremo, magari, ci telefoneranno, ci faranno sapere. La stessa questione debito \u00e8 sempre difficile da cogliere nelle cifre. Nel frattempo viviamo tempi sempre trionfalistici in una citt\u00e0 invivibile: gi\u00e0 nell\u2019agosto del 2020 \u2013 quando per una purissima coincidenza si andava chiudendo la campagna elettorale \u2013 arrivarono le dichiarazioni che finalmente il debito illegittimo era estinto. Il cosiddetto \u201cdecreto Agosto\u201d. Gi\u00e0 allora dichiarammo quello che, a distanza di due anni, confermiamo: che i soldi da Roma sarebbero arrivati, e, dopo quelli, ne sarebbero arrivati probabilmente altri (infatti arrivano), ma che il debito era stato considerato legittimo e giusto dall\u2019Amministrazione Comunale \u2013 e, dunque, del tutto esigibile \u2013, e di questo la cittadinanza non avrebbe colto alcun beneficio. Ad oggi \u00e8 cos\u00ec: tributi locali altissimi, servizi zero. La proposta di Audit Pubblico sul Debito che abbiamo ripetutamente fatto \u2013 e che davvero avrebbe potuto tirare una riga sul passato \u2013 \u00e8 rimasta inascoltata.<\/p>\n<p style=\"text-align: justify;\">Il cosiddetto \u201cPatto per Reggio\u201d si inscrive perfettamente in questo percorso, \u00e8 la prosecuzione della stessa linea. Siamo stati gli unici a sottolinearlo in Consiglio Comunale con Saverio Pazzano lo scorso 20 aprile: \u201cAlle persone va detto chiaramente che non un centesimo andr\u00e0 in servizi alla cittadinanza\u201d.\u00a0 Nei criteri di garanzia per definire il Patto, il Comune ha scelto di lasciare bianca la casella corrispondente a \u201cincremento ai servizi alla cittadinanza\u201d e di impegnarsi invece nella valorizzazione dei beni, comprese le alienazioni, e nel potenziamento della capacit\u00e0 di riscossione. Ma il mandato del 2014 non era iniziato alla luce del: non venderemo i gioielli di famiglia?<\/p>\n<p style=\"text-align: justify;\">E ancora: piuttosto che rigenerare i beni o utilizzarli per fini utili alla collettivit\u00e0, abbiamo assistito al processo opposto, e, dunque, continueremo a vivere in una citt\u00e0 senza spazi pubblici e gratuiti per la cultura, per lo sport, per la socialit\u00e0.<\/p>\n<p style=\"text-align: justify;\">Sul miglioramento della capacit\u00e0 di riscossione siamo davanti a una battaglia che portiamo avanti dall\u2019inizio del nostro ingresso in questo consiglio. Ecco perch\u00e9 possiamo permetterci di dire che ad oggi non abbiamo avuto alcun chiarimento circostanziato, ma solo le consuete argomentazioni retoriche. Siamo davanti a una capacit\u00e0 di riscossione \u2013 della Tari, ad esempio \u2013 che arriva quasi al 50%, con una capacit\u00e0 di rapporto tra l\u2019accertato di evasione e il riscosso (residuo al 31\/12\/2021) dello 0,43%. Avete letto bene: 0,43%. Come si intenda rimediare a questo non \u00e8 chiaro se non nelle intenzioni. Nessun piano abbiamo potuto leggere e studiare sul quale confrontarci.<\/p>\n<p style=\"text-align: justify;\">\u00c8 chiaro finora che a tenere in piedi le casse non \u00e8 il miglioramento della capacit\u00e0 di riscossione, n\u00e9 un aumento della capacit\u00e0 attrattiva della citt\u00e0 per degli investitori pubblici o privati, ma la congiuntura positiva con il governo nazionale. Fino ad ora.<\/p>\n<p style=\"text-align: justify;\">Leggiamo che il Patto per Reggio \u00e8 l\u2019ennesima vittoria di Falcomat\u00e0 e che i conti sono risanati. Ma non erano risanati dall\u2019agosto 2020?<\/p>\n<p style=\"text-align: justify;\">Nell\u2019attesa che la conclusione del bilancio previsionale riveli ancora che l\u2019\u201code al conto risanato\u201d \u00e8 bassa letteratura, ci auguriamo che arrivi prima o poi una vittoria per la cittadinanza. Perch\u00e9 qui \u00e8 \u201cpianto e stridor di denti\u201d.<\/p>\n","protected":false},"excerpt":{"rendered":"<p>Le diverse audizioni per il bilancio previsionale confermano ci\u00f2 che diciamo da tre anni: il debito del Comune di Reggio NON \u00e8 estinto; il debito del Comune di Reggio NON&hellip;<\/p>\n","protected":false},"author":5,"featured_media":4784,"comment_status":"open","ping_status":"open","sticky":false,"template":"","format":"standard","meta":{"_jetpack_memberships_contains_paid_content":false,"footnotes":"","jetpack_publicize_message":"","jetpack_publicize_feature_enabled":true,"jetpack_social_post_already_shared":false,"jetpack_social_options":{"image_generator_settings":{"template":"highway","default_image_id":0,"font":"","enabled":false},"version":2}},"categories":[921,196,140],"tags":[812,1035,3765,1037],"class_list":["post-8363","post","type-post","status-publish","format-standard","has-post-thumbnail","hentry","category-home","category-news","category-reggio-calabria","tag-giuseppe-falcomata","tag-la-strada","tag-patto-per-reggio","tag-saverio-pazzano"],"yoast_head":"<!-- This site is optimized with the Yoast SEO plugin v27.2 - https:\/\/yoast.com\/product\/yoast-seo-wordpress\/ -->\n<title>Patto per Reggio, Pazzano: &quot;Toni trionfalistici e nulla a cittadinanza&quot;<\/title>\n<meta name=\"description\" content=\"Patto per Reggio, La Strada con Saverio Pazzano: \u201cToni trionfalistici ma non un centesimo andr\u00e0 in servizi alla cittadinanza\u201d\" \/>\n<meta name=\"robots\" content=\"index, follow, max-snippet:-1, max-image-preview:large, max-video-preview:-1\" \/>\n<link rel=\"canonical\" href=\"https:\/\/progettotouring.it\/radiotouring104\/2022\/07\/23\/patto-per-reggio-la-strada-con-saverio-pazzano-toni-trionfalistici-ma-non-un-centesimo-andra-in-servizi-alla-cittadinanza\/\" \/>\n<meta property=\"og:locale\" content=\"it_IT\" \/>\n<meta property=\"og:type\" content=\"article\" \/>\n<meta property=\"og:title\" content=\"Patto per Reggio, Pazzano: &quot;Toni trionfalistici e nulla a cittadinanza&quot;\" \/>\n<meta property=\"og:description\" content=\"Patto per Reggio, La Strada con Saverio Pazzano: \u201cToni trionfalistici ma non un centesimo andr\u00e0 in servizi alla cittadinanza\u201d\" \/>\n<meta property=\"og:url\" content=\"https:\/\/progettotouring.it\/radiotouring104\/2022\/07\/23\/patto-per-reggio-la-strada-con-saverio-pazzano-toni-trionfalistici-ma-non-un-centesimo-andra-in-servizi-alla-cittadinanza\/\" \/>\n<meta property=\"og:site_name\" content=\"Radio Touring 104\" \/>\n<meta property=\"article:published_time\" content=\"2022-07-23T20:31:59+00:00\" \/>\n<meta property=\"article:modified_time\" content=\"2022-07-25T15:35:43+00:00\" \/>\n<meta property=\"og:image\" content=\"https:\/\/progettotouring.it\/radiotouring104\/wp-content\/uploads\/sites\/6\/2022\/05\/UniRC_la-citta.jpg\" \/>\n\t<meta property=\"og:image:width\" content=\"1152\" \/>\n\t<meta property=\"og:image:height\" content=\"768\" \/>\n\t<meta property=\"og:image:type\" content=\"image\/jpeg\" \/>\n<meta name=\"author\" content=\"redazione\" \/>\n<meta name=\"twitter:card\" content=\"summary_large_image\" \/>\n<meta name=\"twitter:label1\" content=\"Scritto da\" \/>\n\t<meta name=\"twitter:data1\" content=\"redazione\" \/>\n\t<meta name=\"twitter:label2\" content=\"Tempo di lettura stimato\" \/>\n\t<meta name=\"twitter:data2\" content=\"3 minuti\" \/>\n<script type=\"application\/ld+json\" class=\"yoast-schema-graph\">{\"@context\":\"https:\/\/schema.org\",\"@graph\":[{\"@type\":\"Article\",\"@id\":\"https:\/\/progettotouring.it\/radiotouring104\/2022\/07\/23\/patto-per-reggio-la-strada-con-saverio-pazzano-toni-trionfalistici-ma-non-un-centesimo-andra-in-servizi-alla-cittadinanza\/#article\",\"isPartOf\":{\"@id\":\"https:\/\/progettotouring.it\/radiotouring104\/2022\/07\/23\/patto-per-reggio-la-strada-con-saverio-pazzano-toni-trionfalistici-ma-non-un-centesimo-andra-in-servizi-alla-cittadinanza\/\"},\"author\":{\"name\":\"redazione\",\"@id\":\"https:\/\/progettotouring.it\/radiotouring104\/#\/schema\/person\/1b3eb3c07c47136bc44c785c543e635f\"},\"headline\":\"Patto per Reggio, La Strada con Saverio Pazzano: \u201cToni trionfalistici ma non un centesimo andr\u00e0 in servizi alla cittadinanza\u201d\",\"datePublished\":\"2022-07-23T20:31:59+00:00\",\"dateModified\":\"2022-07-25T15:35:43+00:00\",\"mainEntityOfPage\":{\"@id\":\"https:\/\/progettotouring.it\/radiotouring104\/2022\/07\/23\/patto-per-reggio-la-strada-con-saverio-pazzano-toni-trionfalistici-ma-non-un-centesimo-andra-in-servizi-alla-cittadinanza\/\"},\"wordCount\":607,\"commentCount\":0,\"publisher\":{\"@id\":\"https:\/\/progettotouring.it\/radiotouring104\/#organization\"},\"image\":{\"@id\":\"https:\/\/progettotouring.it\/radiotouring104\/2022\/07\/23\/patto-per-reggio-la-strada-con-saverio-pazzano-toni-trionfalistici-ma-non-un-centesimo-andra-in-servizi-alla-cittadinanza\/#primaryimage\"},\"thumbnailUrl\":\"https:\/\/progettotouring.it\/radiotouring104\/wp-content\/uploads\/sites\/6\/2022\/05\/UniRC_la-citta.jpg\",\"keywords\":[\"Giuseppe Falcomat\u00e0\",\"la strada\",\"patto per Reggio\",\"saverio pazzano\"],\"articleSection\":[\"Home\",\"News\",\"Reggio Calabria\"],\"inLanguage\":\"it-IT\",\"potentialAction\":[{\"@type\":\"CommentAction\",\"name\":\"Comment\",\"target\":[\"https:\/\/progettotouring.it\/radiotouring104\/2022\/07\/23\/patto-per-reggio-la-strada-con-saverio-pazzano-toni-trionfalistici-ma-non-un-centesimo-andra-in-servizi-alla-cittadinanza\/#respond\"]}]},{\"@type\":\"WebPage\",\"@id\":\"https:\/\/progettotouring.it\/radiotouring104\/2022\/07\/23\/patto-per-reggio-la-strada-con-saverio-pazzano-toni-trionfalistici-ma-non-un-centesimo-andra-in-servizi-alla-cittadinanza\/\",\"url\":\"https:\/\/progettotouring.it\/radiotouring104\/2022\/07\/23\/patto-per-reggio-la-strada-con-saverio-pazzano-toni-trionfalistici-ma-non-un-centesimo-andra-in-servizi-alla-cittadinanza\/\",\"name\":\"Patto per Reggio, Pazzano: \\\"Toni trionfalistici e nulla a cittadinanza\\\"\",\"isPartOf\":{\"@id\":\"https:\/\/progettotouring.it\/radiotouring104\/#website\"},\"primaryImageOfPage\":{\"@id\":\"https:\/\/progettotouring.it\/radiotouring104\/2022\/07\/23\/patto-per-reggio-la-strada-con-saverio-pazzano-toni-trionfalistici-ma-non-un-centesimo-andra-in-servizi-alla-cittadinanza\/#primaryimage\"},\"image\":{\"@id\":\"https:\/\/progettotouring.it\/radiotouring104\/2022\/07\/23\/patto-per-reggio-la-strada-con-saverio-pazzano-toni-trionfalistici-ma-non-un-centesimo-andra-in-servizi-alla-cittadinanza\/#primaryimage\"},\"thumbnailUrl\":\"https:\/\/progettotouring.it\/radiotouring104\/wp-content\/uploads\/sites\/6\/2022\/05\/UniRC_la-citta.jpg\",\"datePublished\":\"2022-07-23T20:31:59+00:00\",\"dateModified\":\"2022-07-25T15:35:43+00:00\",\"description\":\"Patto per Reggio, La Strada con Saverio Pazzano: \u201cToni trionfalistici ma non un centesimo andr\u00e0 in servizi alla cittadinanza\u201d\",\"breadcrumb\":{\"@id\":\"https:\/\/progettotouring.it\/radiotouring104\/2022\/07\/23\/patto-per-reggio-la-strada-con-saverio-pazzano-toni-trionfalistici-ma-non-un-centesimo-andra-in-servizi-alla-cittadinanza\/#breadcrumb\"},\"inLanguage\":\"it-IT\",\"potentialAction\":[{\"@type\":\"ReadAction\",\"target\":[\"https:\/\/progettotouring.it\/radiotouring104\/2022\/07\/23\/patto-per-reggio-la-strada-con-saverio-pazzano-toni-trionfalistici-ma-non-un-centesimo-andra-in-servizi-alla-cittadinanza\/\"]}]},{\"@type\":\"ImageObject\",\"inLanguage\":\"it-IT\",\"@id\":\"https:\/\/progettotouring.it\/radiotouring104\/2022\/07\/23\/patto-per-reggio-la-strada-con-saverio-pazzano-toni-trionfalistici-ma-non-un-centesimo-andra-in-servizi-alla-cittadinanza\/#primaryimage\",\"url\":\"https:\/\/progettotouring.it\/radiotouring104\/wp-content\/uploads\/sites\/6\/2022\/05\/UniRC_la-citta.jpg\",\"contentUrl\":\"https:\/\/progettotouring.it\/radiotouring104\/wp-content\/uploads\/sites\/6\/2022\/05\/UniRC_la-citta.jpg\",\"width\":1152,\"height\":768,\"caption\":\"universit\u00e0 mediterranea reggio\"},{\"@type\":\"BreadcrumbList\",\"@id\":\"https:\/\/progettotouring.it\/radiotouring104\/2022\/07\/23\/patto-per-reggio-la-strada-con-saverio-pazzano-toni-trionfalistici-ma-non-un-centesimo-andra-in-servizi-alla-cittadinanza\/#breadcrumb\",\"itemListElement\":[{\"@type\":\"ListItem\",\"position\":1,\"name\":\"Home\",\"item\":\"https:\/\/progettotouring.it\/radiotouring104\/\"},{\"@type\":\"ListItem\",\"position\":2,\"name\":\"Patto per Reggio, La Strada con Saverio Pazzano: \u201cToni trionfalistici ma non un centesimo andr\u00e0 in servizi alla cittadinanza\u201d\"}]},{\"@type\":\"WebSite\",\"@id\":\"https:\/\/progettotouring.it\/radiotouring104\/#website\",\"url\":\"https:\/\/progettotouring.it\/radiotouring104\/\",\"name\":\"Radio Touring 104\",\"description\":\"La prima radio Reggina\",\"publisher\":{\"@id\":\"https:\/\/progettotouring.it\/radiotouring104\/#organization\"},\"potentialAction\":[{\"@type\":\"SearchAction\",\"target\":{\"@type\":\"EntryPoint\",\"urlTemplate\":\"https:\/\/progettotouring.it\/radiotouring104\/?s={search_term_string}\"},\"query-input\":{\"@type\":\"PropertyValueSpecification\",\"valueRequired\":true,\"valueName\":\"search_term_string\"}}],\"inLanguage\":\"it-IT\"},{\"@type\":\"Organization\",\"@id\":\"https:\/\/progettotouring.it\/radiotouring104\/#organization\",\"name\":\"Radio Touring 104\",\"url\":\"https:\/\/progettotouring.it\/radiotouring104\/\",\"logo\":{\"@type\":\"ImageObject\",\"inLanguage\":\"it-IT\",\"@id\":\"https:\/\/progettotouring.it\/radiotouring104\/#\/schema\/logo\/image\/\",\"url\":\"https:\/\/progettotouring.it\/radiotouring104\/wp-content\/uploads\/sites\/6\/2022\/02\/cropped-logo-radio-touring-104.png\",\"contentUrl\":\"https:\/\/progettotouring.it\/radiotouring104\/wp-content\/uploads\/sites\/6\/2022\/02\/cropped-logo-radio-touring-104.png\",\"width\":377,\"height\":182,\"caption\":\"Radio Touring 104\"},\"image\":{\"@id\":\"https:\/\/progettotouring.it\/radiotouring104\/#\/schema\/logo\/image\/\"}},{\"@type\":\"Person\",\"@id\":\"https:\/\/progettotouring.it\/radiotouring104\/#\/schema\/person\/1b3eb3c07c47136bc44c785c543e635f\",\"name\":\"redazione\",\"image\":{\"@type\":\"ImageObject\",\"inLanguage\":\"it-IT\",\"@id\":\"https:\/\/secure.gravatar.com\/avatar\/0b31605b49f100769e8b624b3e05de1b73e1692e9568a352f60f53fd072e6e11?s=96&d=mm&r=g\",\"url\":\"https:\/\/secure.gravatar.com\/avatar\/0b31605b49f100769e8b624b3e05de1b73e1692e9568a352f60f53fd072e6e11?s=96&d=mm&r=g\",\"contentUrl\":\"https:\/\/secure.gravatar.com\/avatar\/0b31605b49f100769e8b624b3e05de1b73e1692e9568a352f60f53fd072e6e11?s=96&d=mm&r=g\",\"caption\":\"redazione\"},\"url\":\"https:\/\/progettotouring.it\/radiotouring104\/author\/redazione\/\"}]}<\/script>\n<!-- \/ Yoast SEO plugin. -->","yoast_head_json":{"title":"Patto per Reggio, Pazzano: \"Toni trionfalistici e nulla a cittadinanza\"","description":"Patto per Reggio, La Strada con Saverio Pazzano: \u201cToni trionfalistici ma non un centesimo andr\u00e0 in servizi alla cittadinanza\u201d","robots":{"index":"index","follow":"follow","max-snippet":"max-snippet:-1","max-image-preview":"max-image-preview:large","max-video-preview":"max-video-preview:-1"},"canonical":"https:\/\/progettotouring.it\/radiotouring104\/2022\/07\/23\/patto-per-reggio-la-strada-con-saverio-pazzano-toni-trionfalistici-ma-non-un-centesimo-andra-in-servizi-alla-cittadinanza\/","og_locale":"it_IT","og_type":"article","og_title":"Patto per Reggio, Pazzano: \"Toni trionfalistici e nulla a cittadinanza\"","og_description":"Patto per Reggio, La Strada con Saverio Pazzano: \u201cToni trionfalistici ma non un centesimo andr\u00e0 in servizi alla cittadinanza\u201d","og_url":"https:\/\/progettotouring.it\/radiotouring104\/2022\/07\/23\/patto-per-reggio-la-strada-con-saverio-pazzano-toni-trionfalistici-ma-non-un-centesimo-andra-in-servizi-alla-cittadinanza\/","og_site_name":"Radio Touring 104","article_published_time":"2022-07-23T20:31:59+00:00","article_modified_time":"2022-07-25T15:35:43+00:00","og_image":[{"width":1152,"height":768,"url":"https:\/\/progettotouring.it\/radiotouring104\/wp-content\/uploads\/sites\/6\/2022\/05\/UniRC_la-citta.jpg","type":"image\/jpeg"}],"author":"redazione","twitter_card":"summary_large_image","twitter_misc":{"Scritto da":"redazione","Tempo di lettura stimato":"3 minuti"},"schema":{"@context":"https:\/\/schema.org","@graph":[{"@type":"Article","@id":"https:\/\/progettotouring.it\/radiotouring104\/2022\/07\/23\/patto-per-reggio-la-strada-con-saverio-pazzano-toni-trionfalistici-ma-non-un-centesimo-andra-in-servizi-alla-cittadinanza\/#article","isPartOf":{"@id":"https:\/\/progettotouring.it\/radiotouring104\/2022\/07\/23\/patto-per-reggio-la-strada-con-saverio-pazzano-toni-trionfalistici-ma-non-un-centesimo-andra-in-servizi-alla-cittadinanza\/"},"author":{"name":"redazione","@id":"https:\/\/progettotouring.it\/radiotouring104\/#\/schema\/person\/1b3eb3c07c47136bc44c785c543e635f"},"headline":"Patto per Reggio, La Strada con Saverio Pazzano: \u201cToni trionfalistici ma non un centesimo andr\u00e0 in servizi alla cittadinanza\u201d","datePublished":"2022-07-23T20:31:59+00:00","dateModified":"2022-07-25T15:35:43+00:00","mainEntityOfPage":{"@id":"https:\/\/progettotouring.it\/radiotouring104\/2022\/07\/23\/patto-per-reggio-la-strada-con-saverio-pazzano-toni-trionfalistici-ma-non-un-centesimo-andra-in-servizi-alla-cittadinanza\/"},"wordCount":607,"commentCount":0,"publisher":{"@id":"https:\/\/progettotouring.it\/radiotouring104\/#organization"},"image":{"@id":"https:\/\/progettotouring.it\/radiotouring104\/2022\/07\/23\/patto-per-reggio-la-strada-con-saverio-pazzano-toni-trionfalistici-ma-non-un-centesimo-andra-in-servizi-alla-cittadinanza\/#primaryimage"},"thumbnailUrl":"https:\/\/progettotouring.it\/radiotouring104\/wp-content\/uploads\/sites\/6\/2022\/05\/UniRC_la-citta.jpg","keywords":["Giuseppe Falcomat\u00e0","la strada","patto per Reggio","saverio pazzano"],"articleSection":["Home","News","Reggio Calabria"],"inLanguage":"it-IT","potentialAction":[{"@type":"CommentAction","name":"Comment","target":["https:\/\/progettotouring.it\/radiotouring104\/2022\/07\/23\/patto-per-reggio-la-strada-con-saverio-pazzano-toni-trionfalistici-ma-non-un-centesimo-andra-in-servizi-alla-cittadinanza\/#respond"]}]},{"@type":"WebPage","@id":"https:\/\/progettotouring.it\/radiotouring104\/2022\/07\/23\/patto-per-reggio-la-strada-con-saverio-pazzano-toni-trionfalistici-ma-non-un-centesimo-andra-in-servizi-alla-cittadinanza\/","url":"https:\/\/progettotouring.it\/radiotouring104\/2022\/07\/23\/patto-per-reggio-la-strada-con-saverio-pazzano-toni-trionfalistici-ma-non-un-centesimo-andra-in-servizi-alla-cittadinanza\/","name":"Patto per Reggio, Pazzano: \"Toni trionfalistici e nulla a cittadinanza\"","isPartOf":{"@id":"https:\/\/progettotouring.it\/radiotouring104\/#website"},"primaryImageOfPage":{"@id":"https:\/\/progettotouring.it\/radiotouring104\/2022\/07\/23\/patto-per-reggio-la-strada-con-saverio-pazzano-toni-trionfalistici-ma-non-un-centesimo-andra-in-servizi-alla-cittadinanza\/#primaryimage"},"image":{"@id":"https:\/\/progettotouring.it\/radiotouring104\/2022\/07\/23\/patto-per-reggio-la-strada-con-saverio-pazzano-toni-trionfalistici-ma-non-un-centesimo-andra-in-servizi-alla-cittadinanza\/#primaryimage"},"thumbnailUrl":"https:\/\/progettotouring.it\/radiotouring104\/wp-content\/uploads\/sites\/6\/2022\/05\/UniRC_la-citta.jpg","datePublished":"2022-07-23T20:31:59+00:00","dateModified":"2022-07-25T15:35:43+00:00","description":"Patto per Reggio, La Strada con Saverio Pazzano: \u201cToni trionfalistici ma non un centesimo andr\u00e0 in servizi alla cittadinanza\u201d","breadcrumb":{"@id":"https:\/\/progettotouring.it\/radiotouring104\/2022\/07\/23\/patto-per-reggio-la-strada-con-saverio-pazzano-toni-trionfalistici-ma-non-un-centesimo-andra-in-servizi-alla-cittadinanza\/#breadcrumb"},"inLanguage":"it-IT","potentialAction":[{"@type":"ReadAction","target":["https:\/\/progettotouring.it\/radiotouring104\/2022\/07\/23\/patto-per-reggio-la-strada-con-saverio-pazzano-toni-trionfalistici-ma-non-un-centesimo-andra-in-servizi-alla-cittadinanza\/"]}]},{"@type":"ImageObject","inLanguage":"it-IT","@id":"https:\/\/progettotouring.it\/radiotouring104\/2022\/07\/23\/patto-per-reggio-la-strada-con-saverio-pazzano-toni-trionfalistici-ma-non-un-centesimo-andra-in-servizi-alla-cittadinanza\/#primaryimage","url":"https:\/\/progettotouring.it\/radiotouring104\/wp-content\/uploads\/sites\/6\/2022\/05\/UniRC_la-citta.jpg","contentUrl":"https:\/\/progettotouring.it\/radiotouring104\/wp-content\/uploads\/sites\/6\/2022\/05\/UniRC_la-citta.jpg","width":1152,"height":768,"caption":"universit\u00e0 mediterranea reggio"},{"@type":"BreadcrumbList","@id":"https:\/\/progettotouring.it\/radiotouring104\/2022\/07\/23\/patto-per-reggio-la-strada-con-saverio-pazzano-toni-trionfalistici-ma-non-un-centesimo-andra-in-servizi-alla-cittadinanza\/#breadcrumb","itemListElement":[{"@type":"ListItem","position":1,"name":"Home","item":"https:\/\/progettotouring.it\/radiotouring104\/"},{"@type":"ListItem","position":2,"name":"Patto per Reggio, La Strada con Saverio Pazzano: \u201cToni trionfalistici ma non un centesimo andr\u00e0 in servizi alla cittadinanza\u201d"}]},{"@type":"WebSite","@id":"https:\/\/progettotouring.it\/radiotouring104\/#website","url":"https:\/\/progettotouring.it\/radiotouring104\/","name":"Radio Touring 104","description":"La prima radio Reggina","publisher":{"@id":"https:\/\/progettotouring.it\/radiotouring104\/#organization"},"potentialAction":[{"@type":"SearchAction","target":{"@type":"EntryPoint","urlTemplate":"https:\/\/progettotouring.it\/radiotouring104\/?s={search_term_string}"},"query-input":{"@type":"PropertyValueSpecification","valueRequired":true,"valueName":"search_term_string"}}],"inLanguage":"it-IT"},{"@type":"Organization","@id":"https:\/\/progettotouring.it\/radiotouring104\/#organization","name":"Radio Touring 104","url":"https:\/\/progettotouring.it\/radiotouring104\/","logo":{"@type":"ImageObject","inLanguage":"it-IT","@id":"https:\/\/progettotouring.it\/radiotouring104\/#\/schema\/logo\/image\/","url":"https:\/\/progettotouring.it\/radiotouring104\/wp-content\/uploads\/sites\/6\/2022\/02\/cropped-logo-radio-touring-104.png","contentUrl":"https:\/\/progettotouring.it\/radiotouring104\/wp-content\/uploads\/sites\/6\/2022\/02\/cropped-logo-radio-touring-104.png","width":377,"height":182,"caption":"Radio Touring 104"},"image":{"@id":"https:\/\/progettotouring.it\/radiotouring104\/#\/schema\/logo\/image\/"}},{"@type":"Person","@id":"https:\/\/progettotouring.it\/radiotouring104\/#\/schema\/person\/1b3eb3c07c47136bc44c785c543e635f","name":"redazione","image":{"@type":"ImageObject","inLanguage":"it-IT","@id":"https:\/\/secure.gravatar.com\/avatar\/0b31605b49f100769e8b624b3e05de1b73e1692e9568a352f60f53fd072e6e11?s=96&d=mm&r=g","url":"https:\/\/secure.gravatar.com\/avatar\/0b31605b49f100769e8b624b3e05de1b73e1692e9568a352f60f53fd072e6e11?s=96&d=mm&r=g","contentUrl":"https:\/\/secure.gravatar.com\/avatar\/0b31605b49f100769e8b624b3e05de1b73e1692e9568a352f60f53fd072e6e11?s=96&d=mm&r=g","caption":"redazione"},"url":"https:\/\/progettotouring.it\/radiotouring104\/author\/redazione\/"}]}},"jetpack_publicize_connections":[],"jetpack_featured_media_url":"https:\/\/progettotouring.it\/radiotouring104\/wp-content\/uploads\/sites\/6\/2022\/05\/UniRC_la-citta.jpg","jetpack_sharing_enabled":true,"_links":{"self":[{"href":"https:\/\/progettotouring.it\/radiotouring104\/wp-json\/wp\/v2\/posts\/8363","targetHints":{"allow":["GET"]}}],"collection":[{"href":"https:\/\/progettotouring.it\/radiotouring104\/wp-json\/wp\/v2\/posts"}],"about":[{"href":"https:\/\/progettotouring.it\/radiotouring104\/wp-json\/wp\/v2\/types\/post"}],"author":[{"embeddable":true,"href":"https:\/\/progettotouring.it\/radiotouring104\/wp-json\/wp\/v2\/users\/5"}],"replies":[{"embeddable":true,"href":"https:\/\/progettotouring.it\/radiotouring104\/wp-json\/wp\/v2\/comments?post=8363"}],"version-history":[{"count":1,"href":"https:\/\/progettotouring.it\/radiotouring104\/wp-json\/wp\/v2\/posts\/8363\/revisions"}],"predecessor-version":[{"id":8364,"href":"https:\/\/progettotouring.it\/radiotouring104\/wp-json\/wp\/v2\/posts\/8363\/revisions\/8364"}],"wp:featuredmedia":[{"embeddable":true,"href":"https:\/\/progettotouring.it\/radiotouring104\/wp-json\/wp\/v2\/media\/4784"}],"wp:attachment":[{"href":"https:\/\/progettotouring.it\/radiotouring104\/wp-json\/wp\/v2\/media?parent=8363"}],"wp:term":[{"taxonomy":"category","embeddable":true,"href":"https:\/\/progettotouring.it\/radiotouring104\/wp-json\/wp\/v2\/categories?post=8363"},{"taxonomy":"post_tag","embeddable":true,"href":"https:\/\/progettotouring.it\/radiotouring104\/wp-json\/wp\/v2\/tags?post=8363"}],"curies":[{"name":"wp","href":"https:\/\/api.w.org\/{rel}","templated":true}]}}