{"id":83686,"date":"2025-10-10T11:08:37","date_gmt":"2025-10-10T09:08:37","guid":{"rendered":"https:\/\/progettotouring.it\/radiotouring104\/?p=83686"},"modified":"2025-10-10T12:50:10","modified_gmt":"2025-10-10T10:50:10","slug":"il-professor-francesco-pira-confermato-country-coordinator-per-litalia-della-conferenza-internazionale-medcom-2026","status":"publish","type":"post","link":"https:\/\/progettotouring.it\/radiotouring104\/2025\/10\/10\/il-professor-francesco-pira-confermato-country-coordinator-per-litalia-della-conferenza-internazionale-medcom-2026\/","title":{"rendered":"Il professor Francesco Pira confermato Country Coordinator per l\u2019Italia della conferenza internazionale MEDCOM 2026"},"content":{"rendered":"<p>Francesco Pira, professore associato di sociologia dell\u2019Universit\u00e0 di Messina \u00a0\u00e8 stato confermato per il terzo anno di consecutivo \u00a0<strong>Country Coordinator <\/strong>per l\u2019Italia della conferenza internazionale MEDCOM 2026 che si terr\u00e0 il 23 e 24 marzo a Bali in Indonesia (piattaforma ibrida sia in presenza che on line).<\/p>\n<p>La nomina \u00e8 stata recapitata al Professor Pira \u00a0nelle ultime ore. Sar\u00e0 referente per la terza volta referente per l\u2019Italia della Conferenza Internazionale, oltre a far parte del Comitato Scientifico e prenderne parte come relatore. Ma gli organizzatori di questo evento mondiale nella missiva in cui confermano l\u2019incarico di Conutry Coordinator, vista l\u2019esperienza nel settore e le relazioni costruite insieme, hanno rilanciato chiedendo al sociologo siciliano di assumere anche l\u2019incarico di \u00a0<strong>Global Outreach Advisor per MEDCOM 2026<\/strong>, supportando questa importante conferenza mondiale per aprire nuovi rapporti anche con le Istituzioni e le Imprese Italiane.<\/p>\n<p><strong>L\u201911a Conferenza Mondiale sui Media e la Comunicazione di Massa (MEDCOM 2026),<\/strong>\u00a0sar\u00e0 sul tema\u00a0<em>&#8220;Ripensare il futuro dei media: sostenibilit\u00e0, resistenza e giustizia della comunicazione&#8221;.<\/em><\/p>\n<p><em>\u201cSono molto contento di questa conferma \u2013 <\/em>ha commentato il prof Pira \u2013 <em>\u00e8 un evento internazionale importante per il presente e il futuro della comunicazione in un momento di vera rivoluzione sancita dalla presenza incisiva dell\u2019Intelligenza Artificiale. I temi di questo evento mondiale sono di grandissima attualit\u00e0. Leggere il futuro della communicazione affrontando anche gli argomenti pi\u00f9 caldi come quello della sostenibilit\u00e0, della resistenza e della giustizia. E\u2019 un momento in cui in tutto il mondo c\u2019\u00e8 bisogno di verit\u00e0, contro ogni forma di disinformazione, in un momento in cui guerre e violenze stanno alterando le nostre vite. Cos\u00ec come al centro del dibattitto mondiale c\u2019\u00e8 l\u2019uso consapevole delle nuove tecnologie e dell\u2019Intelligenza Artificiale\u201d.<\/em><\/p>\n<p>La Conferenza Mondiale sui Media e la Comunicazione di Massa (MEDCOM) \u00e8 un meeting accademico riconosciuto a livello globale che funge da piattaforma principale per studiosi, comunicatori istituzionali e politici, \u00a0professionisti dei media per impegnarsi in un discorso significativo intorno al panorama in evoluzione dei media e della comunicazione. MEDCOM si \u00e8 tenuta ogni anno in vari paesi fin dalla sua nascita, celebrando un decennio di scambio di conoscenze ed eccellenza accademica. La conferenza si concentra sulle tendenze emergenti, sui dibattiti critici e sulla ricerca innovativa negli studi sui media, nel giornalismo, nella comunicazione digitale, nella comunicazione di massa, nell&#8217;alfabetizzazione mediatica e in altri campi di intersezione.<\/p>\n<p>Francesco Pira\u00a0 \u00e8 Professore Associato di Sociologia dei processi culturali e comunicativi e insegna Teorie e Tecniche del giornalismo digitale, Social Media e Comunicazione d\u2019Impresa, Giornalismo Sportivo nel Corso di Laurea Triennale e Giornalismo Digitale nel Corso di Laurea Magistrale presso il Dipartimento di Civilt\u00e0 Antiche e Moderne, e Tecniche Comunicative in Sanit\u00e0 Pubblica nel Corso di Laurea in Tecniche della Riabilitazione Psichiatrica presso il Dipartimento \u00a0Dipartimento di Scienze Biomediche, Odontoiatriche e delle Immagini Morfologiche e Funzionali, BIOMORF \u00a0dell\u2019Universit\u00e0 degli Studi di Messina.\u00a0 E\u2019 stato nominato nel 2025 componente del Comitato Scientifico dell\u2019Intergruppo Parlamentare sul Digitale presieduto dall\u2019on. Naike Gruppioni. Sempre nel 2025 \u00e8 entrato a far parte di un gruppo per un importante progetto di ricerca sulla Famiglia Digitale del Centro de Investigation Social Applicada dell\u2019Universit\u00e0 di Malaga (Spagna). A marzo 2024 \u00e8 stato nominato Presidente della branch Comunicazione Media e Informazione dii Confassociazioni, di cui era stato Vice Presidente e dal giugno 2020 \u00e8 Presidente anche dell\u2019Osservatorio Nazionale sulle Fake News. Insegna in Master universitari e in corsi destinati a docenti e dipendenti pubblici. E\u2018 componente del Collegio dei Docenti del Dottorato in Scienze Politiche dell\u2018omonimo Dipartimento\u00a0 dell\u2019Universit\u00e0 di Messina.. E\u2019 Visiting professor presso l\u2019Universit\u00e0 Re Juan Carlos di Madrid in Spagna e Docente Erasmus presso l\u2019Universit\u00e0 Marie Curie di Lublino in Polonia. Membro del Comitato Accademico del Observatorio Euromediterr\u00e1neo de Democracia y Espacio P\u00fablico de la Universidad Rey Juan Carlos (Madrid). E\u2019 stato Coordinatore e Responsabile Scientifico per l\u2019Italia, fino al giugno 2023,\u00a0 del Progetto OIR, sulla didattica inclusiva \u2013 Erasmus + (Open Innovative Resources) finanziato dall\u2019Unione Europea che vede insieme le Universit\u00e0 di Lublino (Polonia), Oviedo (Spagna) e Messina. Visiting Marie Curie Staff Member presso il Center for Social Science, Tiblisi (Georgia), nell&#8217;ambito del Progetto SHADOW (MSCA-RISE call H2020-MSCA-RISE-2017. E\u2018 stato Direttore del Master in Esperto della Comunicazione Digitale nelle PA e nell\u2019Impresa.\u00a0 Saggista \u00e8 autore di oltre 80 tra\u00a0 monografie,\u00a0 contributi in volumi e\u00a0 articoli scientifici (in italiano, inglese e spagnolo). . \u00c8 condirettore della rivista Addiction &amp; Social Media Communication e fa parte del comitato scientifico di riviste scientifiche e convegni, in Italia e all&#8217;estero. E\u2019 stato relatore in convegni internazionali e conferenze in India, Thailandia, Grecia, Danimarca, Francia, Croazia, Slovenia, Spagna Portogallo, Polonia, Armenia, Georgia e Belgio. Nel giugno 2008 per l\u2019attivit\u00e0 di ricerca e saggistica \u00e8 stato insignito dal Capo dello Stato, on. Giorgio Napolitano, dell\u2019onorificenza di Cavaliere dell\u2019Ordine al Merito della Repubblica Italiana. Nel corso della sua carriera gli sono stati conferiti numerosi riconoscimenti.\u00a0 Ha intrapreso una battaglia personale con il bullismo, il cyberbullismo, il sexting, le fake news e la violenza sulle donne. Su questi temi ha svolto ricerche e tenuto seminari in Italia e all\u2019Estero per studenti, docenti e genitori. Il quotidiano Avvenire l\u2019ha definito uno dei maggiori analisti italiani del fenomeno Fake News.<\/p>\n<p>&nbsp;<\/p>\n","protected":false},"excerpt":{"rendered":"<p>Francesco Pira, professore associato di sociologia dell\u2019Universit\u00e0 di Messina \u00a0\u00e8 stato confermato per il terzo anno di consecutivo \u00a0Country Coordinator per l\u2019Italia della conferenza internazionale MEDCOM 2026 che si terr\u00e0&hellip;<\/p>\n","protected":false},"author":5,"featured_media":73253,"comment_status":"closed","ping_status":"open","sticky":false,"template":"","format":"standard","meta":{"_jetpack_memberships_contains_paid_content":false,"footnotes":"","jetpack_publicize_message":"","jetpack_publicize_feature_enabled":true,"jetpack_social_post_already_shared":true,"jetpack_social_options":{"image_generator_settings":{"template":"highway","default_image_id":0,"font":"","enabled":false},"version":2}},"categories":[921,196,143],"tags":[48224,48225,48223,20531],"class_list":["post-83686","post","type-post","status-publish","format-standard","has-post-thumbnail","hentry","category-home","category-news","category-sicilia","tag-confermato-country-coordinator-per-litalia","tag-docente-di-sociologia-dellunime","tag-onferenza-internazionale-medcom-2026","tag-prof-francesco-pira"],"yoast_head":"<!-- This site is optimized with the Yoast SEO plugin v27.2 - https:\/\/yoast.com\/product\/yoast-seo-wordpress\/ -->\n<title>Il professor Francesco Pira confermato Country Coordinator per l\u2019Italia della conferenza internazionale MEDCOM 2026 - Radio Touring 104<\/title>\n<meta name=\"description\" content=\"Il Docente di Sociologia dell\u2019UNIME sar\u00e0 per la 3\u00b0 volta referente italiano componente del Comitato Scientifico\" \/>\n<meta name=\"robots\" content=\"index, follow, max-snippet:-1, max-image-preview:large, max-video-preview:-1\" \/>\n<link rel=\"canonical\" href=\"https:\/\/progettotouring.it\/radiotouring104\/2025\/10\/10\/il-professor-francesco-pira-confermato-country-coordinator-per-litalia-della-conferenza-internazionale-medcom-2026\/\" \/>\n<meta property=\"og:locale\" content=\"it_IT\" \/>\n<meta property=\"og:type\" content=\"article\" \/>\n<meta property=\"og:title\" content=\"Il professor Francesco Pira confermato Country Coordinator per l\u2019Italia della conferenza internazionale MEDCOM 2026 - Radio Touring 104\" \/>\n<meta property=\"og:description\" content=\"Il Docente di Sociologia dell\u2019UNIME sar\u00e0 per la 3\u00b0 volta referente italiano componente del Comitato Scientifico\" \/>\n<meta property=\"og:url\" content=\"https:\/\/progettotouring.it\/radiotouring104\/2025\/10\/10\/il-professor-francesco-pira-confermato-country-coordinator-per-litalia-della-conferenza-internazionale-medcom-2026\/\" \/>\n<meta property=\"og:site_name\" content=\"Radio Touring 104\" \/>\n<meta property=\"article:published_time\" content=\"2025-10-10T09:08:37+00:00\" \/>\n<meta property=\"article:modified_time\" content=\"2025-10-10T10:50:10+00:00\" \/>\n<meta property=\"og:image\" content=\"https:\/\/progettotouring.it\/radiotouring104\/wp-content\/uploads\/sites\/6\/2025\/05\/Francesco-Pira-.jpg\" \/>\n\t<meta property=\"og:image:width\" content=\"1920\" \/>\n\t<meta property=\"og:image:height\" content=\"1080\" \/>\n\t<meta property=\"og:image:type\" content=\"image\/jpeg\" \/>\n<meta name=\"author\" content=\"redazione\" \/>\n<meta name=\"twitter:card\" content=\"summary_large_image\" \/>\n<meta name=\"twitter:label1\" content=\"Scritto da\" \/>\n\t<meta name=\"twitter:data1\" content=\"redazione\" \/>\n\t<meta name=\"twitter:label2\" content=\"Tempo di lettura stimato\" \/>\n\t<meta name=\"twitter:data2\" content=\"4 minuti\" \/>\n<script type=\"application\/ld+json\" class=\"yoast-schema-graph\">{\"@context\":\"https:\/\/schema.org\",\"@graph\":[{\"@type\":\"Article\",\"@id\":\"https:\/\/progettotouring.it\/radiotouring104\/2025\/10\/10\/il-professor-francesco-pira-confermato-country-coordinator-per-litalia-della-conferenza-internazionale-medcom-2026\/#article\",\"isPartOf\":{\"@id\":\"https:\/\/progettotouring.it\/radiotouring104\/2025\/10\/10\/il-professor-francesco-pira-confermato-country-coordinator-per-litalia-della-conferenza-internazionale-medcom-2026\/\"},\"author\":{\"name\":\"redazione\",\"@id\":\"https:\/\/progettotouring.it\/radiotouring104\/#\/schema\/person\/1b3eb3c07c47136bc44c785c543e635f\"},\"headline\":\"Il professor Francesco Pira confermato Country Coordinator per l\u2019Italia della conferenza internazionale MEDCOM 2026\",\"datePublished\":\"2025-10-10T09:08:37+00:00\",\"dateModified\":\"2025-10-10T10:50:10+00:00\",\"mainEntityOfPage\":{\"@id\":\"https:\/\/progettotouring.it\/radiotouring104\/2025\/10\/10\/il-professor-francesco-pira-confermato-country-coordinator-per-litalia-della-conferenza-internazionale-medcom-2026\/\"},\"wordCount\":871,\"publisher\":{\"@id\":\"https:\/\/progettotouring.it\/radiotouring104\/#organization\"},\"image\":{\"@id\":\"https:\/\/progettotouring.it\/radiotouring104\/2025\/10\/10\/il-professor-francesco-pira-confermato-country-coordinator-per-litalia-della-conferenza-internazionale-medcom-2026\/#primaryimage\"},\"thumbnailUrl\":\"https:\/\/progettotouring.it\/radiotouring104\/wp-content\/uploads\/sites\/6\/2025\/05\/Francesco-Pira-.jpg\",\"keywords\":[\"confermato Country Coordinator per l\u2019Italia\",\"Docente di Sociologia dell\u2019UNIME\",\"onferenza internazionale MEDCOM 2026\",\"prof Francesco Pira\"],\"articleSection\":[\"Home\",\"News\",\"Sicilia\"],\"inLanguage\":\"it-IT\"},{\"@type\":\"WebPage\",\"@id\":\"https:\/\/progettotouring.it\/radiotouring104\/2025\/10\/10\/il-professor-francesco-pira-confermato-country-coordinator-per-litalia-della-conferenza-internazionale-medcom-2026\/\",\"url\":\"https:\/\/progettotouring.it\/radiotouring104\/2025\/10\/10\/il-professor-francesco-pira-confermato-country-coordinator-per-litalia-della-conferenza-internazionale-medcom-2026\/\",\"name\":\"Il professor Francesco Pira confermato Country Coordinator per l\u2019Italia della conferenza internazionale MEDCOM 2026 - Radio Touring 104\",\"isPartOf\":{\"@id\":\"https:\/\/progettotouring.it\/radiotouring104\/#website\"},\"primaryImageOfPage\":{\"@id\":\"https:\/\/progettotouring.it\/radiotouring104\/2025\/10\/10\/il-professor-francesco-pira-confermato-country-coordinator-per-litalia-della-conferenza-internazionale-medcom-2026\/#primaryimage\"},\"image\":{\"@id\":\"https:\/\/progettotouring.it\/radiotouring104\/2025\/10\/10\/il-professor-francesco-pira-confermato-country-coordinator-per-litalia-della-conferenza-internazionale-medcom-2026\/#primaryimage\"},\"thumbnailUrl\":\"https:\/\/progettotouring.it\/radiotouring104\/wp-content\/uploads\/sites\/6\/2025\/05\/Francesco-Pira-.jpg\",\"datePublished\":\"2025-10-10T09:08:37+00:00\",\"dateModified\":\"2025-10-10T10:50:10+00:00\",\"description\":\"Il Docente di Sociologia dell\u2019UNIME sar\u00e0 per la 3\u00b0 volta referente italiano componente del Comitato Scientifico\",\"breadcrumb\":{\"@id\":\"https:\/\/progettotouring.it\/radiotouring104\/2025\/10\/10\/il-professor-francesco-pira-confermato-country-coordinator-per-litalia-della-conferenza-internazionale-medcom-2026\/#breadcrumb\"},\"inLanguage\":\"it-IT\",\"potentialAction\":[{\"@type\":\"ReadAction\",\"target\":[\"https:\/\/progettotouring.it\/radiotouring104\/2025\/10\/10\/il-professor-francesco-pira-confermato-country-coordinator-per-litalia-della-conferenza-internazionale-medcom-2026\/\"]}]},{\"@type\":\"ImageObject\",\"inLanguage\":\"it-IT\",\"@id\":\"https:\/\/progettotouring.it\/radiotouring104\/2025\/10\/10\/il-professor-francesco-pira-confermato-country-coordinator-per-litalia-della-conferenza-internazionale-medcom-2026\/#primaryimage\",\"url\":\"https:\/\/progettotouring.it\/radiotouring104\/wp-content\/uploads\/sites\/6\/2025\/05\/Francesco-Pira-.jpg\",\"contentUrl\":\"https:\/\/progettotouring.it\/radiotouring104\/wp-content\/uploads\/sites\/6\/2025\/05\/Francesco-Pira-.jpg\",\"width\":1920,\"height\":1080},{\"@type\":\"BreadcrumbList\",\"@id\":\"https:\/\/progettotouring.it\/radiotouring104\/2025\/10\/10\/il-professor-francesco-pira-confermato-country-coordinator-per-litalia-della-conferenza-internazionale-medcom-2026\/#breadcrumb\",\"itemListElement\":[{\"@type\":\"ListItem\",\"position\":1,\"name\":\"Home\",\"item\":\"https:\/\/progettotouring.it\/radiotouring104\/\"},{\"@type\":\"ListItem\",\"position\":2,\"name\":\"Il professor Francesco Pira confermato Country Coordinator per l\u2019Italia della conferenza internazionale MEDCOM 2026\"}]},{\"@type\":\"WebSite\",\"@id\":\"https:\/\/progettotouring.it\/radiotouring104\/#website\",\"url\":\"https:\/\/progettotouring.it\/radiotouring104\/\",\"name\":\"Radio Touring 104\",\"description\":\"La prima radio Reggina\",\"publisher\":{\"@id\":\"https:\/\/progettotouring.it\/radiotouring104\/#organization\"},\"potentialAction\":[{\"@type\":\"SearchAction\",\"target\":{\"@type\":\"EntryPoint\",\"urlTemplate\":\"https:\/\/progettotouring.it\/radiotouring104\/?s={search_term_string}\"},\"query-input\":{\"@type\":\"PropertyValueSpecification\",\"valueRequired\":true,\"valueName\":\"search_term_string\"}}],\"inLanguage\":\"it-IT\"},{\"@type\":\"Organization\",\"@id\":\"https:\/\/progettotouring.it\/radiotouring104\/#organization\",\"name\":\"Radio Touring 104\",\"url\":\"https:\/\/progettotouring.it\/radiotouring104\/\",\"logo\":{\"@type\":\"ImageObject\",\"inLanguage\":\"it-IT\",\"@id\":\"https:\/\/progettotouring.it\/radiotouring104\/#\/schema\/logo\/image\/\",\"url\":\"https:\/\/progettotouring.it\/radiotouring104\/wp-content\/uploads\/sites\/6\/2022\/02\/cropped-logo-radio-touring-104.png\",\"contentUrl\":\"https:\/\/progettotouring.it\/radiotouring104\/wp-content\/uploads\/sites\/6\/2022\/02\/cropped-logo-radio-touring-104.png\",\"width\":377,\"height\":182,\"caption\":\"Radio Touring 104\"},\"image\":{\"@id\":\"https:\/\/progettotouring.it\/radiotouring104\/#\/schema\/logo\/image\/\"}},{\"@type\":\"Person\",\"@id\":\"https:\/\/progettotouring.it\/radiotouring104\/#\/schema\/person\/1b3eb3c07c47136bc44c785c543e635f\",\"name\":\"redazione\",\"image\":{\"@type\":\"ImageObject\",\"inLanguage\":\"it-IT\",\"@id\":\"https:\/\/secure.gravatar.com\/avatar\/0b31605b49f100769e8b624b3e05de1b73e1692e9568a352f60f53fd072e6e11?s=96&d=mm&r=g\",\"url\":\"https:\/\/secure.gravatar.com\/avatar\/0b31605b49f100769e8b624b3e05de1b73e1692e9568a352f60f53fd072e6e11?s=96&d=mm&r=g\",\"contentUrl\":\"https:\/\/secure.gravatar.com\/avatar\/0b31605b49f100769e8b624b3e05de1b73e1692e9568a352f60f53fd072e6e11?s=96&d=mm&r=g\",\"caption\":\"redazione\"},\"url\":\"https:\/\/progettotouring.it\/radiotouring104\/author\/redazione\/\"}]}<\/script>\n<!-- \/ Yoast SEO plugin. -->","yoast_head_json":{"title":"Il professor Francesco Pira confermato Country Coordinator per l\u2019Italia della conferenza internazionale MEDCOM 2026 - Radio Touring 104","description":"Il Docente di Sociologia dell\u2019UNIME sar\u00e0 per la 3\u00b0 volta referente italiano componente del Comitato Scientifico","robots":{"index":"index","follow":"follow","max-snippet":"max-snippet:-1","max-image-preview":"max-image-preview:large","max-video-preview":"max-video-preview:-1"},"canonical":"https:\/\/progettotouring.it\/radiotouring104\/2025\/10\/10\/il-professor-francesco-pira-confermato-country-coordinator-per-litalia-della-conferenza-internazionale-medcom-2026\/","og_locale":"it_IT","og_type":"article","og_title":"Il professor Francesco Pira confermato Country Coordinator per l\u2019Italia della conferenza internazionale MEDCOM 2026 - Radio Touring 104","og_description":"Il Docente di Sociologia dell\u2019UNIME sar\u00e0 per la 3\u00b0 volta referente italiano componente del Comitato Scientifico","og_url":"https:\/\/progettotouring.it\/radiotouring104\/2025\/10\/10\/il-professor-francesco-pira-confermato-country-coordinator-per-litalia-della-conferenza-internazionale-medcom-2026\/","og_site_name":"Radio Touring 104","article_published_time":"2025-10-10T09:08:37+00:00","article_modified_time":"2025-10-10T10:50:10+00:00","og_image":[{"width":1920,"height":1080,"url":"https:\/\/progettotouring.it\/radiotouring104\/wp-content\/uploads\/sites\/6\/2025\/05\/Francesco-Pira-.jpg","type":"image\/jpeg"}],"author":"redazione","twitter_card":"summary_large_image","twitter_misc":{"Scritto da":"redazione","Tempo di lettura stimato":"4 minuti"},"schema":{"@context":"https:\/\/schema.org","@graph":[{"@type":"Article","@id":"https:\/\/progettotouring.it\/radiotouring104\/2025\/10\/10\/il-professor-francesco-pira-confermato-country-coordinator-per-litalia-della-conferenza-internazionale-medcom-2026\/#article","isPartOf":{"@id":"https:\/\/progettotouring.it\/radiotouring104\/2025\/10\/10\/il-professor-francesco-pira-confermato-country-coordinator-per-litalia-della-conferenza-internazionale-medcom-2026\/"},"author":{"name":"redazione","@id":"https:\/\/progettotouring.it\/radiotouring104\/#\/schema\/person\/1b3eb3c07c47136bc44c785c543e635f"},"headline":"Il professor Francesco Pira confermato Country Coordinator per l\u2019Italia della conferenza internazionale MEDCOM 2026","datePublished":"2025-10-10T09:08:37+00:00","dateModified":"2025-10-10T10:50:10+00:00","mainEntityOfPage":{"@id":"https:\/\/progettotouring.it\/radiotouring104\/2025\/10\/10\/il-professor-francesco-pira-confermato-country-coordinator-per-litalia-della-conferenza-internazionale-medcom-2026\/"},"wordCount":871,"publisher":{"@id":"https:\/\/progettotouring.it\/radiotouring104\/#organization"},"image":{"@id":"https:\/\/progettotouring.it\/radiotouring104\/2025\/10\/10\/il-professor-francesco-pira-confermato-country-coordinator-per-litalia-della-conferenza-internazionale-medcom-2026\/#primaryimage"},"thumbnailUrl":"https:\/\/progettotouring.it\/radiotouring104\/wp-content\/uploads\/sites\/6\/2025\/05\/Francesco-Pira-.jpg","keywords":["confermato Country Coordinator per l\u2019Italia","Docente di Sociologia dell\u2019UNIME","onferenza internazionale MEDCOM 2026","prof Francesco Pira"],"articleSection":["Home","News","Sicilia"],"inLanguage":"it-IT"},{"@type":"WebPage","@id":"https:\/\/progettotouring.it\/radiotouring104\/2025\/10\/10\/il-professor-francesco-pira-confermato-country-coordinator-per-litalia-della-conferenza-internazionale-medcom-2026\/","url":"https:\/\/progettotouring.it\/radiotouring104\/2025\/10\/10\/il-professor-francesco-pira-confermato-country-coordinator-per-litalia-della-conferenza-internazionale-medcom-2026\/","name":"Il professor Francesco Pira confermato Country Coordinator per l\u2019Italia della conferenza internazionale MEDCOM 2026 - Radio Touring 104","isPartOf":{"@id":"https:\/\/progettotouring.it\/radiotouring104\/#website"},"primaryImageOfPage":{"@id":"https:\/\/progettotouring.it\/radiotouring104\/2025\/10\/10\/il-professor-francesco-pira-confermato-country-coordinator-per-litalia-della-conferenza-internazionale-medcom-2026\/#primaryimage"},"image":{"@id":"https:\/\/progettotouring.it\/radiotouring104\/2025\/10\/10\/il-professor-francesco-pira-confermato-country-coordinator-per-litalia-della-conferenza-internazionale-medcom-2026\/#primaryimage"},"thumbnailUrl":"https:\/\/progettotouring.it\/radiotouring104\/wp-content\/uploads\/sites\/6\/2025\/05\/Francesco-Pira-.jpg","datePublished":"2025-10-10T09:08:37+00:00","dateModified":"2025-10-10T10:50:10+00:00","description":"Il Docente di Sociologia dell\u2019UNIME sar\u00e0 per la 3\u00b0 volta referente italiano componente del Comitato Scientifico","breadcrumb":{"@id":"https:\/\/progettotouring.it\/radiotouring104\/2025\/10\/10\/il-professor-francesco-pira-confermato-country-coordinator-per-litalia-della-conferenza-internazionale-medcom-2026\/#breadcrumb"},"inLanguage":"it-IT","potentialAction":[{"@type":"ReadAction","target":["https:\/\/progettotouring.it\/radiotouring104\/2025\/10\/10\/il-professor-francesco-pira-confermato-country-coordinator-per-litalia-della-conferenza-internazionale-medcom-2026\/"]}]},{"@type":"ImageObject","inLanguage":"it-IT","@id":"https:\/\/progettotouring.it\/radiotouring104\/2025\/10\/10\/il-professor-francesco-pira-confermato-country-coordinator-per-litalia-della-conferenza-internazionale-medcom-2026\/#primaryimage","url":"https:\/\/progettotouring.it\/radiotouring104\/wp-content\/uploads\/sites\/6\/2025\/05\/Francesco-Pira-.jpg","contentUrl":"https:\/\/progettotouring.it\/radiotouring104\/wp-content\/uploads\/sites\/6\/2025\/05\/Francesco-Pira-.jpg","width":1920,"height":1080},{"@type":"BreadcrumbList","@id":"https:\/\/progettotouring.it\/radiotouring104\/2025\/10\/10\/il-professor-francesco-pira-confermato-country-coordinator-per-litalia-della-conferenza-internazionale-medcom-2026\/#breadcrumb","itemListElement":[{"@type":"ListItem","position":1,"name":"Home","item":"https:\/\/progettotouring.it\/radiotouring104\/"},{"@type":"ListItem","position":2,"name":"Il professor Francesco Pira confermato Country Coordinator per l\u2019Italia della conferenza internazionale MEDCOM 2026"}]},{"@type":"WebSite","@id":"https:\/\/progettotouring.it\/radiotouring104\/#website","url":"https:\/\/progettotouring.it\/radiotouring104\/","name":"Radio Touring 104","description":"La prima radio Reggina","publisher":{"@id":"https:\/\/progettotouring.it\/radiotouring104\/#organization"},"potentialAction":[{"@type":"SearchAction","target":{"@type":"EntryPoint","urlTemplate":"https:\/\/progettotouring.it\/radiotouring104\/?s={search_term_string}"},"query-input":{"@type":"PropertyValueSpecification","valueRequired":true,"valueName":"search_term_string"}}],"inLanguage":"it-IT"},{"@type":"Organization","@id":"https:\/\/progettotouring.it\/radiotouring104\/#organization","name":"Radio Touring 104","url":"https:\/\/progettotouring.it\/radiotouring104\/","logo":{"@type":"ImageObject","inLanguage":"it-IT","@id":"https:\/\/progettotouring.it\/radiotouring104\/#\/schema\/logo\/image\/","url":"https:\/\/progettotouring.it\/radiotouring104\/wp-content\/uploads\/sites\/6\/2022\/02\/cropped-logo-radio-touring-104.png","contentUrl":"https:\/\/progettotouring.it\/radiotouring104\/wp-content\/uploads\/sites\/6\/2022\/02\/cropped-logo-radio-touring-104.png","width":377,"height":182,"caption":"Radio Touring 104"},"image":{"@id":"https:\/\/progettotouring.it\/radiotouring104\/#\/schema\/logo\/image\/"}},{"@type":"Person","@id":"https:\/\/progettotouring.it\/radiotouring104\/#\/schema\/person\/1b3eb3c07c47136bc44c785c543e635f","name":"redazione","image":{"@type":"ImageObject","inLanguage":"it-IT","@id":"https:\/\/secure.gravatar.com\/avatar\/0b31605b49f100769e8b624b3e05de1b73e1692e9568a352f60f53fd072e6e11?s=96&d=mm&r=g","url":"https:\/\/secure.gravatar.com\/avatar\/0b31605b49f100769e8b624b3e05de1b73e1692e9568a352f60f53fd072e6e11?s=96&d=mm&r=g","contentUrl":"https:\/\/secure.gravatar.com\/avatar\/0b31605b49f100769e8b624b3e05de1b73e1692e9568a352f60f53fd072e6e11?s=96&d=mm&r=g","caption":"redazione"},"url":"https:\/\/progettotouring.it\/radiotouring104\/author\/redazione\/"}]}},"jetpack_publicize_connections":[],"jetpack_featured_media_url":"https:\/\/progettotouring.it\/radiotouring104\/wp-content\/uploads\/sites\/6\/2025\/05\/Francesco-Pira-.jpg","jetpack_sharing_enabled":true,"_links":{"self":[{"href":"https:\/\/progettotouring.it\/radiotouring104\/wp-json\/wp\/v2\/posts\/83686","targetHints":{"allow":["GET"]}}],"collection":[{"href":"https:\/\/progettotouring.it\/radiotouring104\/wp-json\/wp\/v2\/posts"}],"about":[{"href":"https:\/\/progettotouring.it\/radiotouring104\/wp-json\/wp\/v2\/types\/post"}],"author":[{"embeddable":true,"href":"https:\/\/progettotouring.it\/radiotouring104\/wp-json\/wp\/v2\/users\/5"}],"replies":[{"embeddable":true,"href":"https:\/\/progettotouring.it\/radiotouring104\/wp-json\/wp\/v2\/comments?post=83686"}],"version-history":[{"count":1,"href":"https:\/\/progettotouring.it\/radiotouring104\/wp-json\/wp\/v2\/posts\/83686\/revisions"}],"predecessor-version":[{"id":83687,"href":"https:\/\/progettotouring.it\/radiotouring104\/wp-json\/wp\/v2\/posts\/83686\/revisions\/83687"}],"wp:featuredmedia":[{"embeddable":true,"href":"https:\/\/progettotouring.it\/radiotouring104\/wp-json\/wp\/v2\/media\/73253"}],"wp:attachment":[{"href":"https:\/\/progettotouring.it\/radiotouring104\/wp-json\/wp\/v2\/media?parent=83686"}],"wp:term":[{"taxonomy":"category","embeddable":true,"href":"https:\/\/progettotouring.it\/radiotouring104\/wp-json\/wp\/v2\/categories?post=83686"},{"taxonomy":"post_tag","embeddable":true,"href":"https:\/\/progettotouring.it\/radiotouring104\/wp-json\/wp\/v2\/tags?post=83686"}],"curies":[{"name":"wp","href":"https:\/\/api.w.org\/{rel}","templated":true}]}}